{"id":340,"date":"2025-11-27T21:40:16","date_gmt":"2025-11-27T20:40:16","guid":{"rendered":"https:\/\/souverainete-suisse.ch\/?p=340"},"modified":"2025-12-02T17:38:53","modified_gmt":"2025-12-02T16:38:53","slug":"tassare-il-patrimonio-e-rubare-ai-morti-per-ridurre-in-schiavitu-i-vivi","status":"publish","type":"post","link":"https:\/\/souverainete-suisse.ch\/it\/2025\/11\/tassare-il-patrimonio-e-rubare-ai-morti-per-ridurre-in-schiavitu-i-vivi\/","title":{"rendered":"Tassare l'eredit\u00e0 significa derubare i morti per schiavizzare i vivi"},"content":{"rendered":"<p class=\"p1\"><em>Sostengono di voler tassare i morti per aiutare i vivi. In realt\u00e0, si preparano a far pagare le famiglie, le PMI e gli agricoltori per finanziare uno Stato sempre pi\u00f9 vorace. Il 30 novembre 2025, con il pretesto della giustizia sociale, l'iniziativa dei Giovani Socialisti sull'eredit\u00e0 prender\u00e0 di mira un pilastro fondamentale della libert\u00e0 economica: il diritto di trasmettere ci\u00f2 che abbiamo costruito. Questo voto non \u00e8 un dettaglio fiscale. \u00c8 un cambiamento della societ\u00e0.<\/em><b><\/b><\/p>\n<p class=\"p1\"><span class=\"s1\">\ud83c\udde8\ud83c\udded<\/span><b> Tassare l'eredit\u00e0 significa derubare i morti per schiavizzare i vivi<\/b><b><\/b><\/p>\n<p class=\"p1\"><b>Il 30 novembre 2025 la Svizzera sar\u00e0 chiamata a votare sull'iniziativa dei Giovani Socialisti per l'introduzione di un'imposta federale sulle successioni. Dietro una parvenza di \u201cgiustizia sociale\u201d si nasconde in realt\u00e0 uno dei pi\u00f9 gravi attacchi alla propriet\u00e0 privata, all'eredit\u00e0 familiare e all'indipendenza economica dei cittadini. Souverainet\u00e9 Suisse chiede un NO categorico.<\/b><b><\/b><\/p>\n<p class=\"p1\">L'imposta di successione si basa su un'impostura morale: far credere che un bene ereditato sia un \u201caffitto ingiusto\u201d, mentre in realt\u00e0 \u00e8 il frutto di una vita di lavoro, rischi, rinunce, risparmi e investimenti. Ogni franco trasmesso \u00e8 gi\u00e0 stato tassato pi\u00f9 volte: alla fonte, sul reddito, sul consumo, sul patrimonio, sul guadagno. L'imposta di successione non \u00e8 altro che una <b>doppia - o addirittura tripla - tassazione<\/b>, travestito da virt\u00f9 sociale.<\/p>\n<p class=\"p1\">In realt\u00e0, questa iniziativa non \u00e8 rivolta alle grandi fortune globalizzate, alle strutture offshore o ai trust internazionali. Colpir\u00e0 <b>PMI a conduzione familiare<\/b>, In molti casi, l'erede dovr\u00e0 vendere l'azienda, effettuare licenziamenti o cedere attivit\u00e0 semplicemente per pagare l'imposta. In migliaia di casi, l'erede dovr\u00e0 vendere l'azienda, effettuare licenziamenti o cedere attivit\u00e0 semplicemente per pagare l'imposta. Si tratta di una <b>bomba ad orologeria economica<\/b>.<\/p>\n<p class=\"p1\">Ma la questione va ancora pi\u00f9 a fondo. L'eredit\u00e0 non \u00e8 solo un trasferimento di denaro: \u00e8 una <b>un atto di responsabilit\u00e0 intergenerazionale<\/b>, \u00c8 il legame concreto tra passato, presente e futuro. Tassandolo, lo Stato invia un messaggio chiaro: <i>non si \u00e8 mai veramente padroni di ci\u00f2 che si costruisce<\/i>. Siete solo usufruttuari temporanei al servizio della macchina fiscale. \u00c8 un cambiamento di civilt\u00e0.<\/p>\n<p class=\"p1\">I sostenitori dell'iniziativa invocano l'uguaglianza. In realt\u00e0, promuovono l'uguaglianza attraverso l'impoverimento. La storia \u00e8 chiara: <b>nessun paese ha creato una prosperit\u00e0 duratura punendo il trasferimento di capitali<\/b>. Quando l'imposta di successione \u00e8 elevata, i capitali fuggono, i centri decisionali abbandonano il Paese e lo Stato, privato di entrate produttive, esercita una pressione ancora maggiore sulle classi medie.<\/p>\n<p class=\"p1\">Bisogna dirlo senza mezzi termini: questa iniziativa si inserisce in una logica ideologica di <b>il declino, la gelosia fiscale e la socializzazione strisciante della ricchezza privata<\/b>. Il suo obiettivo non \u00e8 quello di \u201ccorreggere\u201d il sistema, bens\u00ec di <b>sbilanciare deliberatamente<\/b> indebolendo le basi stesse della responsabilit\u00e0 individuale.<\/p>\n<p class=\"p1\">La Svizzera \u00e8 stata costruita sul risparmio, sulla stabilit\u00e0, sull'eredit\u00e0, sulle radici locali, sulle imprese familiari, sulla previdenza privata e sulla certezza del diritto. Rompere l'eredit\u00e0 significa <b>tagliare le radici economiche del paese<\/b>. Significa sostituire la libert\u00e0 di trasmissione con la dipendenza permanente dallo Stato redistributore.<\/p>\n<p class=\"p1\">Infine, c'\u00e8 una verit\u00e0 che i promotori dell'iniziativa nascondono accuratamente: l'imposta di successione non fornisce mai finanziamenti sostenibili per le promesse sociali. Alimenta la crescita dello Stato, delle sue amministrazioni e delle sue spese strutturali... e richiede sempre nuove tasse per colmare i vuoti che crea.<\/p>\n<p class=\"p1\"><b>Conclusione<\/b><b><\/b><\/p>\n<p class=\"p1\"><b>Tassare le eredit\u00e0 non significa far pagare i ricchi: significa distruggere la classe produttiva, rendere le famiglie pi\u00f9 deboli, indebolire le PMI e sottoporre i cittadini a uno Stato sempre pi\u00f9 vorace. Il 30 novembre 2025 non si tratta di un voto tecnico, ma di una scelta per la societ\u00e0.<\/b><b><\/b><\/p>\n<p class=\"p1\">\u2b95 <b>NO alla tassa di successione.<\/b><\/p>\n<p class=\"p1\"><b>NO alla spoliazione post mortem.<\/b><\/p>\n<p class=\"p1\"><b>NO all'amministrazione fiduciaria del patrimonio svizzero.<\/b><\/p>\n<p class=\"p1\"><b>S\u00cc alla libert\u00e0 di trasmissione. S\u00cc alla sovranit\u00e0 economica.<\/b><b><\/b><\/p>\n<p class=\"p1\"><b>Souverainet\u00e9 Suisse raccomanda un NO categorico.<\/b><\/p>\n<p>&nbsp;<\/p>\n<p><strong>\ud83c\udde8\ud83c\udded Senza finanziamenti, non ci pu\u00f2 essere resistenza. Sostenete ora la Sovranit\u00e0 Svizzera:<\/strong><\/p>\n<p><a href=\"https:\/\/souverainete-suisse.ch\/it\/fare-una-donazione\/\"><strong>https:\/\/souverainete-suisse.ch\/faire-un-don\/<\/strong><\/a><\/p>","protected":false},"excerpt":{"rendered":"<p>Ils pr\u00e9tendent taxer les morts pour aider les vivants. En r\u00e9alit\u00e9, ils s\u2019appr\u00eatent surtout \u00e0 faire payer les familles, les PME et les agriculteurs pour financer un \u00c9tat toujours plus vorace. Le 30 novembre 2025, sous couvert de justice sociale, l\u2019initiative des Jeunes socialistes sur les successions vise un pilier fondamental de la libert\u00e9 \u00e9conomique [&hellip;]<\/p>\n","protected":false},"author":2,"featured_media":343,"comment_status":"closed","ping_status":"closed","sticky":false,"template":"","format":"standard","meta":{"footnotes":""},"categories":[8],"tags":[],"class_list":["post-340","post","type-post","status-publish","format-standard","has-post-thumbnail","hentry","category-politique-interieure"],"yoast_head":"<!-- This site is optimized with the Yoast SEO plugin v26.9 - https:\/\/yoast.com\/product\/yoast-seo-wordpress\/ -->\n<title>Taxer l\u2019h\u00e9ritage, c\u2019est voler les morts pour asservir les vivants - Mouvement Souverainet\u00e9 Suisse<\/title>\n<meta name=\"description\" content=\"Ils veulent taxer les morts, mais c\u2019est la classe moyenne, les PME et les familles suisses qui paieront. Le 30 novembre 2025, l\u2019initiative des Jeunes socialistes menace la propri\u00e9t\u00e9 priv\u00e9e et le droit de transmettre. Souverainet\u00e9 Suisse appelle \u00e0 un NON clair et ferme.\" \/>\n<meta name=\"robots\" content=\"index, follow, max-snippet:-1, max-image-preview:large, max-video-preview:-1\" \/>\n<link rel=\"canonical\" href=\"https:\/\/souverainete-suisse.ch\/it\/2025\/11\/tassare-il-patrimonio-e-rubare-ai-morti-per-ridurre-in-schiavitu-i-vivi\/\" \/>\n<meta property=\"og:locale\" content=\"it_IT\" \/>\n<meta property=\"og:type\" content=\"article\" \/>\n<meta property=\"og:title\" content=\"Taxer l\u2019h\u00e9ritage, c\u2019est voler les morts pour asservir les vivants - Mouvement Souverainet\u00e9 Suisse\" \/>\n<meta property=\"og:description\" content=\"Ils veulent taxer les morts, mais c\u2019est la classe moyenne, les PME et les familles suisses qui paieront. Le 30 novembre 2025, l\u2019initiative des Jeunes socialistes menace la propri\u00e9t\u00e9 priv\u00e9e et le droit de transmettre. Souverainet\u00e9 Suisse appelle \u00e0 un NON clair et ferme.\" \/>\n<meta property=\"og:url\" content=\"https:\/\/souverainete-suisse.ch\/it\/2025\/11\/tassare-il-patrimonio-e-rubare-ai-morti-per-ridurre-in-schiavitu-i-vivi\/\" \/>\n<meta property=\"og:site_name\" content=\"Mouvement Souverainet\u00e9 Suisse\" \/>\n<meta property=\"article:published_time\" content=\"2025-11-27T20:40:16+00:00\" \/>\n<meta property=\"article:modified_time\" content=\"2025-12-02T16:38:53+00:00\" \/>\n<meta property=\"og:image\" content=\"https:\/\/souverainete-suisse.ch\/wp-content\/uploads\/2025\/11\/Avenir.jpg\" \/>\n\t<meta property=\"og:image:width\" content=\"1280\" \/>\n\t<meta property=\"og:image:height\" content=\"720\" \/>\n\t<meta property=\"og:image:type\" content=\"image\/jpeg\" \/>\n<meta name=\"author\" content=\"ludom\" \/>\n<meta name=\"twitter:card\" content=\"summary_large_image\" \/>\n<meta name=\"twitter:label1\" content=\"Scritto da\" \/>\n\t<meta name=\"twitter:data1\" content=\"ludom\" \/>\n\t<meta name=\"twitter:label2\" content=\"Tempo di lettura stimato\" \/>\n\t<meta name=\"twitter:data2\" content=\"4 minuti\" \/>\n<script type=\"application\/ld+json\" class=\"yoast-schema-graph\">{\"@context\":\"https:\/\/schema.org\",\"@graph\":[{\"@type\":\"Article\",\"@id\":\"https:\/\/souverainete-suisse.ch\/2025\/11\/taxer-lheritage-cest-voler-les-morts-pour-asservir-les-vivants\/#article\",\"isPartOf\":{\"@id\":\"https:\/\/souverainete-suisse.ch\/2025\/11\/taxer-lheritage-cest-voler-les-morts-pour-asservir-les-vivants\/\"},\"author\":{\"name\":\"ludom\",\"@id\":\"https:\/\/souverainete-suisse.ch\/#\/schema\/person\/b25acb547faec24a94d7215216d68cbf\"},\"headline\":\"Taxer l\u2019h\u00e9ritage, c\u2019est voler les morts pour asservir les vivants\",\"datePublished\":\"2025-11-27T20:40:16+00:00\",\"dateModified\":\"2025-12-02T16:38:53+00:00\",\"mainEntityOfPage\":{\"@id\":\"https:\/\/souverainete-suisse.ch\/2025\/11\/taxer-lheritage-cest-voler-les-morts-pour-asservir-les-vivants\/\"},\"wordCount\":769,\"publisher\":{\"@id\":\"https:\/\/souverainete-suisse.ch\/#organization\"},\"image\":{\"@id\":\"https:\/\/souverainete-suisse.ch\/2025\/11\/taxer-lheritage-cest-voler-les-morts-pour-asservir-les-vivants\/#primaryimage\"},\"thumbnailUrl\":\"https:\/\/souverainete-suisse.ch\/wp-content\/uploads\/2025\/11\/Avenir.jpg\",\"articleSection\":[\"Politique int\u00e9rieure\"],\"inLanguage\":\"it-IT\"},{\"@type\":\"WebPage\",\"@id\":\"https:\/\/souverainete-suisse.ch\/2025\/11\/taxer-lheritage-cest-voler-les-morts-pour-asservir-les-vivants\/\",\"url\":\"https:\/\/souverainete-suisse.ch\/2025\/11\/taxer-lheritage-cest-voler-les-morts-pour-asservir-les-vivants\/\",\"name\":\"Taxer l\u2019h\u00e9ritage, c\u2019est voler les morts pour asservir les vivants - Mouvement Souverainet\u00e9 Suisse\",\"isPartOf\":{\"@id\":\"https:\/\/souverainete-suisse.ch\/#website\"},\"primaryImageOfPage\":{\"@id\":\"https:\/\/souverainete-suisse.ch\/2025\/11\/taxer-lheritage-cest-voler-les-morts-pour-asservir-les-vivants\/#primaryimage\"},\"image\":{\"@id\":\"https:\/\/souverainete-suisse.ch\/2025\/11\/taxer-lheritage-cest-voler-les-morts-pour-asservir-les-vivants\/#primaryimage\"},\"thumbnailUrl\":\"https:\/\/souverainete-suisse.ch\/wp-content\/uploads\/2025\/11\/Avenir.jpg\",\"datePublished\":\"2025-11-27T20:40:16+00:00\",\"dateModified\":\"2025-12-02T16:38:53+00:00\",\"description\":\"Ils veulent taxer les morts, mais c\u2019est la classe moyenne, les PME et les familles suisses qui paieront. Le 30 novembre 2025, l\u2019initiative des Jeunes socialistes menace la propri\u00e9t\u00e9 priv\u00e9e et le droit de transmettre. Souverainet\u00e9 Suisse appelle \u00e0 un NON clair et ferme.\",\"breadcrumb\":{\"@id\":\"https:\/\/souverainete-suisse.ch\/2025\/11\/taxer-lheritage-cest-voler-les-morts-pour-asservir-les-vivants\/#breadcrumb\"},\"inLanguage\":\"it-IT\",\"potentialAction\":[{\"@type\":\"ReadAction\",\"target\":[\"https:\/\/souverainete-suisse.ch\/2025\/11\/taxer-lheritage-cest-voler-les-morts-pour-asservir-les-vivants\/\"]}]},{\"@type\":\"ImageObject\",\"inLanguage\":\"it-IT\",\"@id\":\"https:\/\/souverainete-suisse.ch\/2025\/11\/taxer-lheritage-cest-voler-les-morts-pour-asservir-les-vivants\/#primaryimage\",\"url\":\"https:\/\/souverainete-suisse.ch\/wp-content\/uploads\/2025\/11\/Avenir.jpg\",\"contentUrl\":\"https:\/\/souverainete-suisse.ch\/wp-content\/uploads\/2025\/11\/Avenir.jpg\",\"width\":1280,\"height\":720},{\"@type\":\"BreadcrumbList\",\"@id\":\"https:\/\/souverainete-suisse.ch\/2025\/11\/taxer-lheritage-cest-voler-les-morts-pour-asservir-les-vivants\/#breadcrumb\",\"itemListElement\":[{\"@type\":\"ListItem\",\"position\":1,\"name\":\"Accueil\",\"item\":\"https:\/\/souverainete-suisse.ch\/\"},{\"@type\":\"ListItem\",\"position\":2,\"name\":\"Taxer l\u2019h\u00e9ritage, c\u2019est voler les morts pour asservir les vivants\"}]},{\"@type\":\"WebSite\",\"@id\":\"https:\/\/souverainete-suisse.ch\/#website\",\"url\":\"https:\/\/souverainete-suisse.ch\/\",\"name\":\"Mouvement Souverainet\u00e9 Suisse\",\"description\":\"\",\"publisher\":{\"@id\":\"https:\/\/souverainete-suisse.ch\/#organization\"},\"potentialAction\":[{\"@type\":\"SearchAction\",\"target\":{\"@type\":\"EntryPoint\",\"urlTemplate\":\"https:\/\/souverainete-suisse.ch\/?s={search_term_string}\"},\"query-input\":{\"@type\":\"PropertyValueSpecification\",\"valueRequired\":true,\"valueName\":\"search_term_string\"}}],\"inLanguage\":\"it-IT\"},{\"@type\":\"Organization\",\"@id\":\"https:\/\/souverainete-suisse.ch\/#organization\",\"name\":\"Mouvement Souverainet\u00e9 Suisse\",\"url\":\"https:\/\/souverainete-suisse.ch\/\",\"logo\":{\"@type\":\"ImageObject\",\"inLanguage\":\"it-IT\",\"@id\":\"https:\/\/souverainete-suisse.ch\/#\/schema\/logo\/image\/\",\"url\":\"https:\/\/souverainete-suisse.ch\/wp-content\/uploads\/2025\/11\/logo.png\",\"contentUrl\":\"https:\/\/souverainete-suisse.ch\/wp-content\/uploads\/2025\/11\/logo.png\",\"width\":2053,\"height\":1461,\"caption\":\"Mouvement Souverainet\u00e9 Suisse\"},\"image\":{\"@id\":\"https:\/\/souverainete-suisse.ch\/#\/schema\/logo\/image\/\"}},{\"@type\":\"Person\",\"@id\":\"https:\/\/souverainete-suisse.ch\/#\/schema\/person\/b25acb547faec24a94d7215216d68cbf\",\"name\":\"ludom\",\"image\":{\"@type\":\"ImageObject\",\"inLanguage\":\"it-IT\",\"@id\":\"https:\/\/souverainete-suisse.ch\/#\/schema\/person\/image\/\",\"url\":\"https:\/\/secure.gravatar.com\/avatar\/77b40fd8e49e537abcea7487b290688ce92143c3443b1d3f419149c67282ffb4?s=96&d=mm&r=g\",\"contentUrl\":\"https:\/\/secure.gravatar.com\/avatar\/77b40fd8e49e537abcea7487b290688ce92143c3443b1d3f419149c67282ffb4?s=96&d=mm&r=g\",\"caption\":\"ludom\"},\"url\":\"https:\/\/souverainete-suisse.ch\/it\/author\/ludom\/\"}]}<\/script>\n<!-- \/ Yoast SEO plugin. -->","yoast_head_json":{"title":"Tassare l'eredit\u00e0 significa derubare i morti per schiavizzare i vivi - Mouvement Souverainet\u00e9 Suisse","description":"Vogliono tassare i morti, ma a pagare saranno il ceto medio, le PMI e le famiglie svizzere. Il 30 novembre 2025, l'iniziativa dei Giovani Socialisti minaccia la propriet\u00e0 privata e il diritto di trasmettere la ricchezza. Souverainet\u00e9 Suisse chiede un NO chiaro e deciso.","robots":{"index":"index","follow":"follow","max-snippet":"max-snippet:-1","max-image-preview":"max-image-preview:large","max-video-preview":"max-video-preview:-1"},"canonical":"https:\/\/souverainete-suisse.ch\/it\/2025\/11\/tassare-il-patrimonio-e-rubare-ai-morti-per-ridurre-in-schiavitu-i-vivi\/","og_locale":"it_IT","og_type":"article","og_title":"Taxer l\u2019h\u00e9ritage, c\u2019est voler les morts pour asservir les vivants - Mouvement Souverainet\u00e9 Suisse","og_description":"Ils veulent taxer les morts, mais c\u2019est la classe moyenne, les PME et les familles suisses qui paieront. Le 30 novembre 2025, l\u2019initiative des Jeunes socialistes menace la propri\u00e9t\u00e9 priv\u00e9e et le droit de transmettre. Souverainet\u00e9 Suisse appelle \u00e0 un NON clair et ferme.","og_url":"https:\/\/souverainete-suisse.ch\/it\/2025\/11\/tassare-il-patrimonio-e-rubare-ai-morti-per-ridurre-in-schiavitu-i-vivi\/","og_site_name":"Mouvement Souverainet\u00e9 Suisse","article_published_time":"2025-11-27T20:40:16+00:00","article_modified_time":"2025-12-02T16:38:53+00:00","og_image":[{"width":1280,"height":720,"url":"https:\/\/souverainete-suisse.ch\/wp-content\/uploads\/2025\/11\/Avenir.jpg","type":"image\/jpeg"}],"author":"ludom","twitter_card":"summary_large_image","twitter_misc":{"Scritto da":"ludom","Tempo di lettura stimato":"4 minuti"},"schema":{"@context":"https:\/\/schema.org","@graph":[{"@type":"Article","@id":"https:\/\/souverainete-suisse.ch\/2025\/11\/taxer-lheritage-cest-voler-les-morts-pour-asservir-les-vivants\/#article","isPartOf":{"@id":"https:\/\/souverainete-suisse.ch\/2025\/11\/taxer-lheritage-cest-voler-les-morts-pour-asservir-les-vivants\/"},"author":{"name":"ludom","@id":"https:\/\/souverainete-suisse.ch\/#\/schema\/person\/b25acb547faec24a94d7215216d68cbf"},"headline":"Taxer l\u2019h\u00e9ritage, c\u2019est voler les morts pour asservir les vivants","datePublished":"2025-11-27T20:40:16+00:00","dateModified":"2025-12-02T16:38:53+00:00","mainEntityOfPage":{"@id":"https:\/\/souverainete-suisse.ch\/2025\/11\/taxer-lheritage-cest-voler-les-morts-pour-asservir-les-vivants\/"},"wordCount":769,"publisher":{"@id":"https:\/\/souverainete-suisse.ch\/#organization"},"image":{"@id":"https:\/\/souverainete-suisse.ch\/2025\/11\/taxer-lheritage-cest-voler-les-morts-pour-asservir-les-vivants\/#primaryimage"},"thumbnailUrl":"https:\/\/souverainete-suisse.ch\/wp-content\/uploads\/2025\/11\/Avenir.jpg","articleSection":["Politique int\u00e9rieure"],"inLanguage":"it-IT"},{"@type":"WebPage","@id":"https:\/\/souverainete-suisse.ch\/2025\/11\/taxer-lheritage-cest-voler-les-morts-pour-asservir-les-vivants\/","url":"https:\/\/souverainete-suisse.ch\/2025\/11\/taxer-lheritage-cest-voler-les-morts-pour-asservir-les-vivants\/","name":"Tassare l'eredit\u00e0 significa derubare i morti per schiavizzare i vivi - Mouvement Souverainet\u00e9 Suisse","isPartOf":{"@id":"https:\/\/souverainete-suisse.ch\/#website"},"primaryImageOfPage":{"@id":"https:\/\/souverainete-suisse.ch\/2025\/11\/taxer-lheritage-cest-voler-les-morts-pour-asservir-les-vivants\/#primaryimage"},"image":{"@id":"https:\/\/souverainete-suisse.ch\/2025\/11\/taxer-lheritage-cest-voler-les-morts-pour-asservir-les-vivants\/#primaryimage"},"thumbnailUrl":"https:\/\/souverainete-suisse.ch\/wp-content\/uploads\/2025\/11\/Avenir.jpg","datePublished":"2025-11-27T20:40:16+00:00","dateModified":"2025-12-02T16:38:53+00:00","description":"Vogliono tassare i morti, ma a pagare saranno il ceto medio, le PMI e le famiglie svizzere. Il 30 novembre 2025, l'iniziativa dei Giovani Socialisti minaccia la propriet\u00e0 privata e il diritto di trasmettere la ricchezza. Souverainet\u00e9 Suisse chiede un NO chiaro e deciso.","breadcrumb":{"@id":"https:\/\/souverainete-suisse.ch\/2025\/11\/taxer-lheritage-cest-voler-les-morts-pour-asservir-les-vivants\/#breadcrumb"},"inLanguage":"it-IT","potentialAction":[{"@type":"ReadAction","target":["https:\/\/souverainete-suisse.ch\/2025\/11\/taxer-lheritage-cest-voler-les-morts-pour-asservir-les-vivants\/"]}]},{"@type":"ImageObject","inLanguage":"it-IT","@id":"https:\/\/souverainete-suisse.ch\/2025\/11\/taxer-lheritage-cest-voler-les-morts-pour-asservir-les-vivants\/#primaryimage","url":"https:\/\/souverainete-suisse.ch\/wp-content\/uploads\/2025\/11\/Avenir.jpg","contentUrl":"https:\/\/souverainete-suisse.ch\/wp-content\/uploads\/2025\/11\/Avenir.jpg","width":1280,"height":720},{"@type":"BreadcrumbList","@id":"https:\/\/souverainete-suisse.ch\/2025\/11\/taxer-lheritage-cest-voler-les-morts-pour-asservir-les-vivants\/#breadcrumb","itemListElement":[{"@type":"ListItem","position":1,"name":"Accueil","item":"https:\/\/souverainete-suisse.ch\/"},{"@type":"ListItem","position":2,"name":"Taxer l\u2019h\u00e9ritage, c\u2019est voler les morts pour asservir les vivants"}]},{"@type":"WebSite","@id":"https:\/\/souverainete-suisse.ch\/#website","url":"https:\/\/souverainete-suisse.ch\/","name":"Movimento per la sovranit\u00e0 della Svizzera","description":"","publisher":{"@id":"https:\/\/souverainete-suisse.ch\/#organization"},"potentialAction":[{"@type":"SearchAction","target":{"@type":"EntryPoint","urlTemplate":"https:\/\/souverainete-suisse.ch\/?s={search_term_string}"},"query-input":{"@type":"PropertyValueSpecification","valueRequired":true,"valueName":"search_term_string"}}],"inLanguage":"it-IT"},{"@type":"Organization","@id":"https:\/\/souverainete-suisse.ch\/#organization","name":"Movimento per la sovranit\u00e0 della Svizzera","url":"https:\/\/souverainete-suisse.ch\/","logo":{"@type":"ImageObject","inLanguage":"it-IT","@id":"https:\/\/souverainete-suisse.ch\/#\/schema\/logo\/image\/","url":"https:\/\/souverainete-suisse.ch\/wp-content\/uploads\/2025\/11\/logo.png","contentUrl":"https:\/\/souverainete-suisse.ch\/wp-content\/uploads\/2025\/11\/logo.png","width":2053,"height":1461,"caption":"Mouvement Souverainet\u00e9 Suisse"},"image":{"@id":"https:\/\/souverainete-suisse.ch\/#\/schema\/logo\/image\/"}},{"@type":"Person","@id":"https:\/\/souverainete-suisse.ch\/#\/schema\/person\/b25acb547faec24a94d7215216d68cbf","name":"ludom","image":{"@type":"ImageObject","inLanguage":"it-IT","@id":"https:\/\/souverainete-suisse.ch\/#\/schema\/person\/image\/","url":"https:\/\/secure.gravatar.com\/avatar\/77b40fd8e49e537abcea7487b290688ce92143c3443b1d3f419149c67282ffb4?s=96&d=mm&r=g","contentUrl":"https:\/\/secure.gravatar.com\/avatar\/77b40fd8e49e537abcea7487b290688ce92143c3443b1d3f419149c67282ffb4?s=96&d=mm&r=g","caption":"ludom"},"url":"https:\/\/souverainete-suisse.ch\/it\/author\/ludom\/"}]}},"_links":{"self":[{"href":"https:\/\/souverainete-suisse.ch\/it\/wp-json\/wp\/v2\/posts\/340","targetHints":{"allow":["GET"]}}],"collection":[{"href":"https:\/\/souverainete-suisse.ch\/it\/wp-json\/wp\/v2\/posts"}],"about":[{"href":"https:\/\/souverainete-suisse.ch\/it\/wp-json\/wp\/v2\/types\/post"}],"author":[{"embeddable":true,"href":"https:\/\/souverainete-suisse.ch\/it\/wp-json\/wp\/v2\/users\/2"}],"replies":[{"embeddable":true,"href":"https:\/\/souverainete-suisse.ch\/it\/wp-json\/wp\/v2\/comments?post=340"}],"version-history":[{"count":2,"href":"https:\/\/souverainete-suisse.ch\/it\/wp-json\/wp\/v2\/posts\/340\/revisions"}],"predecessor-version":[{"id":345,"href":"https:\/\/souverainete-suisse.ch\/it\/wp-json\/wp\/v2\/posts\/340\/revisions\/345"}],"wp:featuredmedia":[{"embeddable":true,"href":"https:\/\/souverainete-suisse.ch\/it\/wp-json\/wp\/v2\/media\/343"}],"wp:attachment":[{"href":"https:\/\/souverainete-suisse.ch\/it\/wp-json\/wp\/v2\/media?parent=340"}],"wp:term":[{"taxonomy":"category","embeddable":true,"href":"https:\/\/souverainete-suisse.ch\/it\/wp-json\/wp\/v2\/categories?post=340"},{"taxonomy":"post_tag","embeddable":true,"href":"https:\/\/souverainete-suisse.ch\/it\/wp-json\/wp\/v2\/tags?post=340"}],"curies":[{"name":"wp","href":"https:\/\/api.w.org\/{rel}","templated":true}]}}