{"id":313,"date":"2025-11-27T08:47:44","date_gmt":"2025-11-27T07:47:44","guid":{"rendered":"https:\/\/souverainete-suisse.ch\/?p=313"},"modified":"2025-11-28T14:46:20","modified_gmt":"2025-11-28T13:46:20","slug":"la-vera-bussola-strategica-della-svizzera","status":"publish","type":"post","link":"https:\/\/souverainete-suisse.ch\/it\/2025\/11\/la-vera-bussola-strategica-della-svizzera\/","title":{"rendered":"Oro: la vera bussola strategica della Svizzera"},"content":{"rendered":"<p><em>Da <strong>Ludovic Malot<\/strong> - imprenditore ed economista<\/em><\/p>\n<p class=\"p1\"><em>C'\u00e8 una verit\u00e0 che nessuno in questo Paese osa dire: la Svizzera non \u00e8 stata costruita sulle sue PMI, ma su <b>la valuta pi\u00f9 forte dell'Occidente<\/b>, sostenuta da oro fisico. Finch\u00e9 il nostro franco era sostenuto da un bene reale, eravamo sovrani, rispettati e inattaccabili. Da quando abbiamo scambiato 1.300 tonnellate d'oro con montagne di debito statunitense, stiamo camminando alla cieca verso un precipizio. Un crollo della valuta globale non sarebbe una cattiva notizia per la Svizzera, ma la sua Hiroshima economica. Ecco perch\u00e9 ogni cittadino svizzero dovrebbe continuare a leggere: per capire perch\u00e9 l'oro \u00e8 l'unica bussola strategica in grado di salvaguardare la nostra libert\u00e0, la nostra prosperit\u00e0 e il nostro futuro.<\/em><\/p>\n<p class=\"p1\"><span class=\"s1\">\ud83c\udde8\ud83c\udded<\/span><b> Oro: la vera bussola strategica della Svizzera<\/b><b><\/b><\/p>\n<p class=\"p1\">C'\u00e8 una cecit\u00e0 collettiva che oggi minaccia la prosperit\u00e0 e la libert\u00e0 del popolo svizzero.<\/p>\n<p class=\"p1\">Ci viene ripetutamente detto che il nostro successo \u00e8 dovuto al genio delle PMI, alla stabilit\u00e0 politica e al pragmatismo svizzero. Tutto vero, ma secondario. La forza motrice radicata, quasi dimenticata, che ha reso la Svizzera il Paese pi\u00f9 stabile del mondo dal 1848 \u00e8 <b>la sua base monetaria<\/b>. Storicamente, questa fondazione \u00e8 stata chiamata <b>oro fisico<\/b>.<\/p>\n<p class=\"p1\">Per oltre un secolo, l'oro \u00e8 stato il baluardo silenzioso che ha protetto la nostra sovranit\u00e0, i nostri risparmi, la nostra industria, i nostri salari e persino la nostra neutralit\u00e0.<\/p>\n<p class=\"p1\">Oggi l'abbiamo sacrificata sull'altare di un'illusione: quella di un sistema finanziario globalizzato, basato su debiti a cascata, valute fiat non ancorate e una crescente dipendenza dagli Stati Uniti.<\/p>\n<p class=\"p1\">\u00c8 arrivato il momento di dire la verit\u00e0, con chiarezza: <b>La Svizzera deve ristabilire la sua bussola strategica - l'oro - prima che sia troppo tardi.<\/b><b><\/b><\/p>\n<p class=\"p1\"><b>1. Un ricordo storico: un Paese fondato sul metallo, non sul debito<\/b><b><\/b><\/p>\n<p class=\"p1\">Nel 1848, i fondatori dello Stato federale stabilirono una semplice regola:<\/p>\n<p class=\"p1\"><b>Una moneta solida, sostenuta da beni reali, \u00e8 un prerequisito per la libert\u00e0.<\/b><b><\/b><\/p>\n<p class=\"p1\">Questa intuizione avrebbe segnato 150 anni di prosperit\u00e0.<\/p>\n<p class=\"p1\">Al suo apice, la Svizzera ospitava <b>2.600 tonnellate di oro<\/b>, il pi\u00f9 grande stock pro capite del mondo. Non si trattava di un feticcio: era una strategia nazionale. L'oro garantiva la solidit\u00e0 del franco, la disciplina finanziaria e la fiducia duratura nella nostra economia.<\/p>\n<p class=\"p1\">La Svizzera era ricca perch\u00e9 la sua moneta era forte, non viceversa.<\/p>\n<p class=\"p1\"><b>2. Vendite \u00abstrategiche\u00bb negli anni '90: un saccheggio orchestrato<\/b><b><\/b><\/p>\n<p class=\"p1\">Negli anni Novanta e nei primi anni Duemila, in un periodo in cui i prezzi dell'oro erano ai minimi storici, la BNS - sotto pressione politica e internazionale - vendette i suoi asset aurei al governo svizzero. <b>pi\u00f9 della met\u00e0<\/b> delle riserve svizzere.<\/p>\n<p class=\"p1\">Ferdinand Lips, ex banchiere e rinomato esperto di oro, ha denunciato questa situazione all'epoca:<\/p>\n<p class=\"p1\">\u00abL'oro svizzero non \u00e8 stato venduto per motivi economici, ma per motivi geopolitici.\u00bb<\/p>\n<p class=\"p1\">I fatti gli hanno dato ragione.<\/p>\n<p class=\"p1\">Le pressioni provenivano dal FMI, dalle grandi banche di Wall Street e dalle autorit\u00e0 statunitensi, che avevano tutto l'interesse a indebolire il ruolo monetario dell'oro. L'obiettivo era chiaro: <b>neutralizzare uno degli ultimi pilastri indipendenti del sistema finanziario mondiale<\/b>.<\/p>\n<p class=\"p1\">\u00c8 stato uno dei pi\u00f9 grandi errori strategici della storia moderna della Svizzera.<\/p>\n<p class=\"p1\"><b>3. Una BNS esposta ai mercati statunitensi - e i relativi rischi sistemici<\/b><b><\/b><\/p>\n<p class=\"p1\">Oggi la BNS detiene pi\u00f9 di <b>360 miliardi di dollari<\/b> Titoli statunitensi - attivit\u00e0 prive di valore tangibile.<\/p>\n<p class=\"p1\">Obbligazioni emesse da un governo il cui debito \u00e8 andato fuori controllo.<\/p>\n<p class=\"p1\">Una moneta fiat che non si basa pi\u00f9 su nulla.<\/p>\n<p class=\"p1\">Abbiamo scambiato un bene millenario, indistruttibile, fuori dalla portata delle crisi...<\/p>\n<p class=\"p1\">... per la carta.<\/p>\n<p class=\"p1\">Peggio ancora, le revisioni contabili della BNS sono spesso affidate a societ\u00e0 anglosassoni con legami con Wall Street.<\/p>\n<p class=\"p1\">La tutela della nostra sovranit\u00e0 monetaria \u00e8 apprezzata da coloro che beneficiano della nostra dipendenza.<\/p>\n<p class=\"p1\">Si tratta di un'aberrazione strategica.<\/p>\n<p class=\"p1\"><b>4. Il rischio ultimo: un crollo valutario globale che spazza via i nostri fondi pensione<\/b><b><\/b><\/p>\n<p class=\"p1\">Una grave crisi finanziaria, come quella prevista da un numero crescente di economisti, farebbe evaporare il valore di questi titoli statunitensi nel giro di poche ore.<\/p>\n<p class=\"p1\">E con loro :<\/p>\n<p class=\"p1\">-il patrimonio della BNS,<\/p>\n<p class=\"p1\">-Le riserve del Paese,<\/p>\n<p class=\"p1\">-Fondi pensione svizzeri investiti negli Stati Uniti,<\/p>\n<p class=\"p1\">-e un'enorme fetta dei risparmi delle persone.<\/p>\n<p class=\"p1\">Senza la protezione dell'oro, la Svizzera si troverebbe <b>nudo<\/b> di fronte a uno tsunami monetario globale.<\/p>\n<p class=\"p1\">\u00c8 un rischio esistenziale.<\/p>\n<p class=\"p1\"><b>5. Cosa deve fare ora la Svizzera<\/b><b><\/b><\/p>\n<p class=\"p1\"><b>1. Una revisione contabile completamente indipendente della BNS<\/b><b><\/b><\/p>\n<p class=\"p1\">Non da parte di aziende americane.<\/p>\n<p class=\"p1\">Non da attori legati ai mercati finanziari.<\/p>\n<p class=\"p1\">Da un gruppo di esperti svizzeri e internazionali neutrali e senza conflitti di interesse.<\/p>\n<p class=\"p1\"><b>2. Ridurre massicciamente l'esposizione ai titoli azionari statunitensi<\/b><b><\/b><\/p>\n<p class=\"p1\">Una moneta sana non si basa sul debito estero.<\/p>\n<p class=\"p1\"><i>\u00abL'oro \u00e8 il sovrano dei sovrani\u00bb. Antoine de Rivarol.<\/i><i><\/i><\/p>\n<p class=\"p1\"><b>3. Ricostituire le riserve auree<\/b><b><\/b><\/p>\n<p class=\"p1\">Obiettivo minimo : <b>si avvicinano alla soglia storica di 4.600 tonnellate<\/b>.<\/p>\n<p class=\"p1\">L'oro \u00e8 l'unico bene che protegge veramente :<\/p>\n<p class=\"p1\">-contro l'inflazione,<\/p>\n<p class=\"p1\">-contro il rischio politico,<\/p>\n<p class=\"p1\">-contro la perdita di fiducia,<\/p>\n<p class=\"p1\">-contro il collasso del sistema.<\/p>\n<p class=\"p1\"><b>4. Ricordare che il denaro \u00e8 uno strumento politico, non un prodotto finanziario.<\/b><b><\/b><\/p>\n<p class=\"p1\">Una nazione che non controlla la forza della propria moneta prima o poi perde il controllo del proprio destino.<\/p>\n<p class=\"p1\"><b>Conclusione - La Svizzera non sopravviver\u00e0 in un mondo instabile senza l'oro<\/b><b><\/b><\/p>\n<p class=\"p1\">La Svizzera non \u00e8 mai stata una grande potenza militare.<\/p>\n<p class=\"p1\">\u00c8 diventata una grande potenza economica perch\u00e9 aveva un'arma unica:<\/p>\n<p class=\"p1\"><b>la solidit\u00e0 del suo franco, garante della libert\u00e0 e della sovranit\u00e0.<\/b><b><\/b><\/p>\n<p class=\"p1\">Oggi questa solidit\u00e0 si basa sulla carta americana.<\/p>\n<p class=\"p1\">Stiamo giocando alla roulette con l'eredit\u00e0 del 1848.<\/p>\n<p class=\"p1\">Il Paese deve svegliarsi.<\/p>\n<p class=\"p1\">I parlamentari devono occuparsi immediatamente della questione.<\/p>\n<p class=\"p1\">Un audit della BNS e un piano nazionale per ricostruire le riserve auree sono essenziali, ma non domani, <b>ora<\/b>.<\/p>\n<p class=\"p1\">Senza una moneta solida, non ci saranno n\u00e9 prosperit\u00e0, n\u00e9 indipendenza, n\u00e9 democrazia diretta.<\/p>\n<p class=\"p1\">L'oro non \u00e8 il passato.<\/p>\n<p class=\"p1\"><b>\u00c8 il futuro della sovranit\u00e0 svizzera.<\/b><\/p>\n<p>&nbsp;<\/p>\n<p><strong>\ud83c\udde8\ud83c\udded Senza finanziamenti, non ci pu\u00f2 essere resistenza. Sostenete ora la Sovranit\u00e0 Svizzera: <\/strong><\/p>\n<p><a href=\"https:\/\/souverainete-suisse.ch\/it\/fare-una-donazione\/\"><strong>https:\/\/souverainete-suisse.ch\/faire-un-don\/<\/strong><\/a><\/p>","protected":false},"excerpt":{"rendered":"<p>Par Ludovic Malot \u2013 entrepreneur &amp; \u00e9conomiste Il y a une v\u00e9rit\u00e9 que personne n\u2019ose prononcer dans ce pays : la Suisse ne s\u2019est pas construite sur ses PME, mais sur la monnaie la plus solide d\u2019Occident, adoss\u00e9e \u00e0 l\u2019or physique. Tant que notre franc reposait sur un actif r\u00e9el, nous \u00e9tions souverains, respect\u00e9s, inattaquables. [&hellip;]<\/p>\n","protected":false},"author":2,"featured_media":314,"comment_status":"closed","ping_status":"closed","sticky":false,"template":"","format":"standard","meta":{"footnotes":""},"categories":[7],"tags":[],"class_list":["post-313","post","type-post","status-publish","format-standard","has-post-thumbnail","hentry","category-monnaie"],"yoast_head":"<!-- This site is optimized with the Yoast SEO plugin v26.9 - https:\/\/yoast.com\/product\/yoast-seo-wordpress\/ -->\n<title>L\u2019or : la v\u00e9ritable boussole strat\u00e9gique de la Suisse - Mouvement Souverainet\u00e9 Suisse<\/title>\n<meta name=\"robots\" content=\"index, follow, max-snippet:-1, max-image-preview:large, max-video-preview:-1\" \/>\n<link rel=\"canonical\" href=\"https:\/\/souverainete-suisse.ch\/it\/2025\/11\/la-vera-bussola-strategica-della-svizzera\/\" \/>\n<meta property=\"og:locale\" content=\"it_IT\" \/>\n<meta property=\"og:type\" content=\"article\" \/>\n<meta property=\"og:title\" content=\"L\u2019or : la v\u00e9ritable boussole strat\u00e9gique de la Suisse - Mouvement Souverainet\u00e9 Suisse\" \/>\n<meta property=\"og:description\" content=\"Par Ludovic Malot \u2013 entrepreneur &amp; \u00e9conomiste Il y a une v\u00e9rit\u00e9 que personne n\u2019ose prononcer dans ce pays : la Suisse ne s\u2019est pas construite sur ses PME, mais sur la monnaie la plus solide d\u2019Occident, adoss\u00e9e \u00e0 l\u2019or physique. Tant que notre franc reposait sur un actif r\u00e9el, nous \u00e9tions souverains, respect\u00e9s, inattaquables. [&hellip;]\" \/>\n<meta property=\"og:url\" content=\"https:\/\/souverainete-suisse.ch\/it\/2025\/11\/la-vera-bussola-strategica-della-svizzera\/\" \/>\n<meta property=\"og:site_name\" content=\"Mouvement Souverainet\u00e9 Suisse\" \/>\n<meta property=\"article:published_time\" content=\"2025-11-27T07:47:44+00:00\" \/>\n<meta property=\"article:modified_time\" content=\"2025-11-28T13:46:20+00:00\" \/>\n<meta property=\"og:image\" content=\"https:\/\/souverainete-suisse.ch\/wp-content\/uploads\/2025\/11\/or-1.jpeg\" \/>\n\t<meta property=\"og:image:width\" content=\"1536\" \/>\n\t<meta property=\"og:image:height\" content=\"1024\" \/>\n\t<meta property=\"og:image:type\" content=\"image\/jpeg\" \/>\n<meta name=\"author\" content=\"ludom\" \/>\n<meta name=\"twitter:card\" content=\"summary_large_image\" \/>\n<meta name=\"twitter:label1\" content=\"Scritto da\" \/>\n\t<meta name=\"twitter:data1\" content=\"ludom\" \/>\n\t<meta name=\"twitter:label2\" content=\"Tempo di lettura stimato\" \/>\n\t<meta name=\"twitter:data2\" content=\"6 minuti\" \/>\n<script type=\"application\/ld+json\" class=\"yoast-schema-graph\">{\"@context\":\"https:\/\/schema.org\",\"@graph\":[{\"@type\":\"Article\",\"@id\":\"https:\/\/souverainete-suisse.ch\/2025\/11\/lor-la-veritable-boussole-strategique-de-la-suisse\/#article\",\"isPartOf\":{\"@id\":\"https:\/\/souverainete-suisse.ch\/2025\/11\/lor-la-veritable-boussole-strategique-de-la-suisse\/\"},\"author\":{\"name\":\"ludom\",\"@id\":\"https:\/\/souverainete-suisse.ch\/#\/schema\/person\/b25acb547faec24a94d7215216d68cbf\"},\"headline\":\"L\u2019or : la v\u00e9ritable boussole strat\u00e9gique de la Suisse\",\"datePublished\":\"2025-11-27T07:47:44+00:00\",\"dateModified\":\"2025-11-28T13:46:20+00:00\",\"mainEntityOfPage\":{\"@id\":\"https:\/\/souverainete-suisse.ch\/2025\/11\/lor-la-veritable-boussole-strategique-de-la-suisse\/\"},\"wordCount\":1114,\"publisher\":{\"@id\":\"https:\/\/souverainete-suisse.ch\/#organization\"},\"image\":{\"@id\":\"https:\/\/souverainete-suisse.ch\/2025\/11\/lor-la-veritable-boussole-strategique-de-la-suisse\/#primaryimage\"},\"thumbnailUrl\":\"https:\/\/souverainete-suisse.ch\/wp-content\/uploads\/2025\/11\/or-1.jpeg\",\"articleSection\":[\"Monnaie\"],\"inLanguage\":\"it-IT\"},{\"@type\":\"WebPage\",\"@id\":\"https:\/\/souverainete-suisse.ch\/2025\/11\/lor-la-veritable-boussole-strategique-de-la-suisse\/\",\"url\":\"https:\/\/souverainete-suisse.ch\/2025\/11\/lor-la-veritable-boussole-strategique-de-la-suisse\/\",\"name\":\"L\u2019or : la v\u00e9ritable boussole strat\u00e9gique de la Suisse - Mouvement Souverainet\u00e9 Suisse\",\"isPartOf\":{\"@id\":\"https:\/\/souverainete-suisse.ch\/#website\"},\"primaryImageOfPage\":{\"@id\":\"https:\/\/souverainete-suisse.ch\/2025\/11\/lor-la-veritable-boussole-strategique-de-la-suisse\/#primaryimage\"},\"image\":{\"@id\":\"https:\/\/souverainete-suisse.ch\/2025\/11\/lor-la-veritable-boussole-strategique-de-la-suisse\/#primaryimage\"},\"thumbnailUrl\":\"https:\/\/souverainete-suisse.ch\/wp-content\/uploads\/2025\/11\/or-1.jpeg\",\"datePublished\":\"2025-11-27T07:47:44+00:00\",\"dateModified\":\"2025-11-28T13:46:20+00:00\",\"breadcrumb\":{\"@id\":\"https:\/\/souverainete-suisse.ch\/2025\/11\/lor-la-veritable-boussole-strategique-de-la-suisse\/#breadcrumb\"},\"inLanguage\":\"it-IT\",\"potentialAction\":[{\"@type\":\"ReadAction\",\"target\":[\"https:\/\/souverainete-suisse.ch\/2025\/11\/lor-la-veritable-boussole-strategique-de-la-suisse\/\"]}]},{\"@type\":\"ImageObject\",\"inLanguage\":\"it-IT\",\"@id\":\"https:\/\/souverainete-suisse.ch\/2025\/11\/lor-la-veritable-boussole-strategique-de-la-suisse\/#primaryimage\",\"url\":\"https:\/\/souverainete-suisse.ch\/wp-content\/uploads\/2025\/11\/or-1.jpeg\",\"contentUrl\":\"https:\/\/souverainete-suisse.ch\/wp-content\/uploads\/2025\/11\/or-1.jpeg\",\"width\":1536,\"height\":1024},{\"@type\":\"BreadcrumbList\",\"@id\":\"https:\/\/souverainete-suisse.ch\/2025\/11\/lor-la-veritable-boussole-strategique-de-la-suisse\/#breadcrumb\",\"itemListElement\":[{\"@type\":\"ListItem\",\"position\":1,\"name\":\"Accueil\",\"item\":\"https:\/\/souverainete-suisse.ch\/\"},{\"@type\":\"ListItem\",\"position\":2,\"name\":\"L\u2019or : la v\u00e9ritable boussole strat\u00e9gique de la Suisse\"}]},{\"@type\":\"WebSite\",\"@id\":\"https:\/\/souverainete-suisse.ch\/#website\",\"url\":\"https:\/\/souverainete-suisse.ch\/\",\"name\":\"Mouvement Souverainet\u00e9 Suisse\",\"description\":\"\",\"publisher\":{\"@id\":\"https:\/\/souverainete-suisse.ch\/#organization\"},\"potentialAction\":[{\"@type\":\"SearchAction\",\"target\":{\"@type\":\"EntryPoint\",\"urlTemplate\":\"https:\/\/souverainete-suisse.ch\/?s={search_term_string}\"},\"query-input\":{\"@type\":\"PropertyValueSpecification\",\"valueRequired\":true,\"valueName\":\"search_term_string\"}}],\"inLanguage\":\"it-IT\"},{\"@type\":\"Organization\",\"@id\":\"https:\/\/souverainete-suisse.ch\/#organization\",\"name\":\"Mouvement Souverainet\u00e9 Suisse\",\"url\":\"https:\/\/souverainete-suisse.ch\/\",\"logo\":{\"@type\":\"ImageObject\",\"inLanguage\":\"it-IT\",\"@id\":\"https:\/\/souverainete-suisse.ch\/#\/schema\/logo\/image\/\",\"url\":\"https:\/\/souverainete-suisse.ch\/wp-content\/uploads\/2025\/11\/logo.png\",\"contentUrl\":\"https:\/\/souverainete-suisse.ch\/wp-content\/uploads\/2025\/11\/logo.png\",\"width\":2053,\"height\":1461,\"caption\":\"Mouvement Souverainet\u00e9 Suisse\"},\"image\":{\"@id\":\"https:\/\/souverainete-suisse.ch\/#\/schema\/logo\/image\/\"}},{\"@type\":\"Person\",\"@id\":\"https:\/\/souverainete-suisse.ch\/#\/schema\/person\/b25acb547faec24a94d7215216d68cbf\",\"name\":\"ludom\",\"image\":{\"@type\":\"ImageObject\",\"inLanguage\":\"it-IT\",\"@id\":\"https:\/\/souverainete-suisse.ch\/#\/schema\/person\/image\/\",\"url\":\"https:\/\/secure.gravatar.com\/avatar\/77b40fd8e49e537abcea7487b290688ce92143c3443b1d3f419149c67282ffb4?s=96&d=mm&r=g\",\"contentUrl\":\"https:\/\/secure.gravatar.com\/avatar\/77b40fd8e49e537abcea7487b290688ce92143c3443b1d3f419149c67282ffb4?s=96&d=mm&r=g\",\"caption\":\"ludom\"},\"url\":\"https:\/\/souverainete-suisse.ch\/it\/author\/ludom\/\"}]}<\/script>\n<!-- \/ Yoast SEO plugin. -->","yoast_head_json":{"title":"Oro: la vera bussola strategica della Svizzera - Mouvement Souverainet\u00e9 Suisse","robots":{"index":"index","follow":"follow","max-snippet":"max-snippet:-1","max-image-preview":"max-image-preview:large","max-video-preview":"max-video-preview:-1"},"canonical":"https:\/\/souverainete-suisse.ch\/it\/2025\/11\/la-vera-bussola-strategica-della-svizzera\/","og_locale":"it_IT","og_type":"article","og_title":"L\u2019or : la v\u00e9ritable boussole strat\u00e9gique de la Suisse - Mouvement Souverainet\u00e9 Suisse","og_description":"Par Ludovic Malot \u2013 entrepreneur &amp; \u00e9conomiste Il y a une v\u00e9rit\u00e9 que personne n\u2019ose prononcer dans ce pays : la Suisse ne s\u2019est pas construite sur ses PME, mais sur la monnaie la plus solide d\u2019Occident, adoss\u00e9e \u00e0 l\u2019or physique. Tant que notre franc reposait sur un actif r\u00e9el, nous \u00e9tions souverains, respect\u00e9s, inattaquables. [&hellip;]","og_url":"https:\/\/souverainete-suisse.ch\/it\/2025\/11\/la-vera-bussola-strategica-della-svizzera\/","og_site_name":"Mouvement Souverainet\u00e9 Suisse","article_published_time":"2025-11-27T07:47:44+00:00","article_modified_time":"2025-11-28T13:46:20+00:00","og_image":[{"width":1536,"height":1024,"url":"https:\/\/souverainete-suisse.ch\/wp-content\/uploads\/2025\/11\/or-1.jpeg","type":"image\/jpeg"}],"author":"ludom","twitter_card":"summary_large_image","twitter_misc":{"Scritto da":"ludom","Tempo di lettura stimato":"6 minuti"},"schema":{"@context":"https:\/\/schema.org","@graph":[{"@type":"Article","@id":"https:\/\/souverainete-suisse.ch\/2025\/11\/lor-la-veritable-boussole-strategique-de-la-suisse\/#article","isPartOf":{"@id":"https:\/\/souverainete-suisse.ch\/2025\/11\/lor-la-veritable-boussole-strategique-de-la-suisse\/"},"author":{"name":"ludom","@id":"https:\/\/souverainete-suisse.ch\/#\/schema\/person\/b25acb547faec24a94d7215216d68cbf"},"headline":"L\u2019or : la v\u00e9ritable boussole strat\u00e9gique de la Suisse","datePublished":"2025-11-27T07:47:44+00:00","dateModified":"2025-11-28T13:46:20+00:00","mainEntityOfPage":{"@id":"https:\/\/souverainete-suisse.ch\/2025\/11\/lor-la-veritable-boussole-strategique-de-la-suisse\/"},"wordCount":1114,"publisher":{"@id":"https:\/\/souverainete-suisse.ch\/#organization"},"image":{"@id":"https:\/\/souverainete-suisse.ch\/2025\/11\/lor-la-veritable-boussole-strategique-de-la-suisse\/#primaryimage"},"thumbnailUrl":"https:\/\/souverainete-suisse.ch\/wp-content\/uploads\/2025\/11\/or-1.jpeg","articleSection":["Monnaie"],"inLanguage":"it-IT"},{"@type":"WebPage","@id":"https:\/\/souverainete-suisse.ch\/2025\/11\/lor-la-veritable-boussole-strategique-de-la-suisse\/","url":"https:\/\/souverainete-suisse.ch\/2025\/11\/lor-la-veritable-boussole-strategique-de-la-suisse\/","name":"Oro: la vera bussola strategica della Svizzera - Mouvement Souverainet\u00e9 Suisse","isPartOf":{"@id":"https:\/\/souverainete-suisse.ch\/#website"},"primaryImageOfPage":{"@id":"https:\/\/souverainete-suisse.ch\/2025\/11\/lor-la-veritable-boussole-strategique-de-la-suisse\/#primaryimage"},"image":{"@id":"https:\/\/souverainete-suisse.ch\/2025\/11\/lor-la-veritable-boussole-strategique-de-la-suisse\/#primaryimage"},"thumbnailUrl":"https:\/\/souverainete-suisse.ch\/wp-content\/uploads\/2025\/11\/or-1.jpeg","datePublished":"2025-11-27T07:47:44+00:00","dateModified":"2025-11-28T13:46:20+00:00","breadcrumb":{"@id":"https:\/\/souverainete-suisse.ch\/2025\/11\/lor-la-veritable-boussole-strategique-de-la-suisse\/#breadcrumb"},"inLanguage":"it-IT","potentialAction":[{"@type":"ReadAction","target":["https:\/\/souverainete-suisse.ch\/2025\/11\/lor-la-veritable-boussole-strategique-de-la-suisse\/"]}]},{"@type":"ImageObject","inLanguage":"it-IT","@id":"https:\/\/souverainete-suisse.ch\/2025\/11\/lor-la-veritable-boussole-strategique-de-la-suisse\/#primaryimage","url":"https:\/\/souverainete-suisse.ch\/wp-content\/uploads\/2025\/11\/or-1.jpeg","contentUrl":"https:\/\/souverainete-suisse.ch\/wp-content\/uploads\/2025\/11\/or-1.jpeg","width":1536,"height":1024},{"@type":"BreadcrumbList","@id":"https:\/\/souverainete-suisse.ch\/2025\/11\/lor-la-veritable-boussole-strategique-de-la-suisse\/#breadcrumb","itemListElement":[{"@type":"ListItem","position":1,"name":"Accueil","item":"https:\/\/souverainete-suisse.ch\/"},{"@type":"ListItem","position":2,"name":"L\u2019or : la v\u00e9ritable boussole strat\u00e9gique de la Suisse"}]},{"@type":"WebSite","@id":"https:\/\/souverainete-suisse.ch\/#website","url":"https:\/\/souverainete-suisse.ch\/","name":"Movimento per la sovranit\u00e0 della Svizzera","description":"","publisher":{"@id":"https:\/\/souverainete-suisse.ch\/#organization"},"potentialAction":[{"@type":"SearchAction","target":{"@type":"EntryPoint","urlTemplate":"https:\/\/souverainete-suisse.ch\/?s={search_term_string}"},"query-input":{"@type":"PropertyValueSpecification","valueRequired":true,"valueName":"search_term_string"}}],"inLanguage":"it-IT"},{"@type":"Organization","@id":"https:\/\/souverainete-suisse.ch\/#organization","name":"Movimento per la sovranit\u00e0 della Svizzera","url":"https:\/\/souverainete-suisse.ch\/","logo":{"@type":"ImageObject","inLanguage":"it-IT","@id":"https:\/\/souverainete-suisse.ch\/#\/schema\/logo\/image\/","url":"https:\/\/souverainete-suisse.ch\/wp-content\/uploads\/2025\/11\/logo.png","contentUrl":"https:\/\/souverainete-suisse.ch\/wp-content\/uploads\/2025\/11\/logo.png","width":2053,"height":1461,"caption":"Mouvement Souverainet\u00e9 Suisse"},"image":{"@id":"https:\/\/souverainete-suisse.ch\/#\/schema\/logo\/image\/"}},{"@type":"Person","@id":"https:\/\/souverainete-suisse.ch\/#\/schema\/person\/b25acb547faec24a94d7215216d68cbf","name":"ludom","image":{"@type":"ImageObject","inLanguage":"it-IT","@id":"https:\/\/souverainete-suisse.ch\/#\/schema\/person\/image\/","url":"https:\/\/secure.gravatar.com\/avatar\/77b40fd8e49e537abcea7487b290688ce92143c3443b1d3f419149c67282ffb4?s=96&d=mm&r=g","contentUrl":"https:\/\/secure.gravatar.com\/avatar\/77b40fd8e49e537abcea7487b290688ce92143c3443b1d3f419149c67282ffb4?s=96&d=mm&r=g","caption":"ludom"},"url":"https:\/\/souverainete-suisse.ch\/it\/author\/ludom\/"}]}},"_links":{"self":[{"href":"https:\/\/souverainete-suisse.ch\/it\/wp-json\/wp\/v2\/posts\/313","targetHints":{"allow":["GET"]}}],"collection":[{"href":"https:\/\/souverainete-suisse.ch\/it\/wp-json\/wp\/v2\/posts"}],"about":[{"href":"https:\/\/souverainete-suisse.ch\/it\/wp-json\/wp\/v2\/types\/post"}],"author":[{"embeddable":true,"href":"https:\/\/souverainete-suisse.ch\/it\/wp-json\/wp\/v2\/users\/2"}],"replies":[{"embeddable":true,"href":"https:\/\/souverainete-suisse.ch\/it\/wp-json\/wp\/v2\/comments?post=313"}],"version-history":[{"count":4,"href":"https:\/\/souverainete-suisse.ch\/it\/wp-json\/wp\/v2\/posts\/313\/revisions"}],"predecessor-version":[{"id":367,"href":"https:\/\/souverainete-suisse.ch\/it\/wp-json\/wp\/v2\/posts\/313\/revisions\/367"}],"wp:featuredmedia":[{"embeddable":true,"href":"https:\/\/souverainete-suisse.ch\/it\/wp-json\/wp\/v2\/media\/314"}],"wp:attachment":[{"href":"https:\/\/souverainete-suisse.ch\/it\/wp-json\/wp\/v2\/media?parent=313"}],"wp:term":[{"taxonomy":"category","embeddable":true,"href":"https:\/\/souverainete-suisse.ch\/it\/wp-json\/wp\/v2\/categories?post=313"},{"taxonomy":"post_tag","embeddable":true,"href":"https:\/\/souverainete-suisse.ch\/it\/wp-json\/wp\/v2\/tags?post=313"}],"curies":[{"name":"wp","href":"https:\/\/api.w.org\/{rel}","templated":true}]}}