{"id":340,"date":"2025-11-27T21:40:16","date_gmt":"2025-11-27T20:40:16","guid":{"rendered":"https:\/\/souverainete-suisse.ch\/?p=340"},"modified":"2025-12-02T17:38:53","modified_gmt":"2025-12-02T16:38:53","slug":"taxing-heritage-is-stealing-from-the-dead-to-enslave-the-living","status":"publish","type":"post","link":"https:\/\/souverainete-suisse.ch\/en\/2025\/11\/taxing-heritage-is-stealing-from-the-dead-to-enslave-the-living\/","title":{"rendered":"Taxing inheritance means robbing the dead to enslave the living"},"content":{"rendered":"<p class=\"p1\"><em>They claim to tax the dead to help the living. In reality, they are preparing to make families, SMEs and farmers pay to finance an ever more voracious state. On 30 November 2025, under the guise of social justice, the Young Socialists' initiative on inheritance will target a fundamental pillar of economic freedom: the right to pass on what we have built. This vote is not a tax detail. It is a societal shift.<\/em><b><\/b><\/p>\n<p class=\"p1\"><span class=\"s1\">\ud83c\udde8\ud83c\udded<\/span><b> Taxing inheritance means robbing the dead to enslave the living<\/b><b><\/b><\/p>\n<p class=\"p1\"><b>On 30 November 2025, Switzerland will be asked to vote on the Young Socialists\u201c initiative to introduce a federal inheritance tax. Behind a veneer of \u201dsocial justice\" lies in reality one of the most serious attacks ever made on private property, family inheritance and the economic independence of citizens. Souverainet\u00e9 Suisse calls for a categorical NO.<\/b><b><\/b><\/p>\n<p class=\"p1\">Inheritance tax is based on a moral imposture: making people believe that an inherited asset is an \u201cunfair rent\u201d, when in fact it is the fruit of a lifetime of work, risks, renunciations, savings and investments. Every franc passed on has already been taxed several times: at source, on income, on consumption, on wealth, on earnings. Inheritance tax is nothing more than a <b>double - or even triple - taxation<\/b>, disguised as a social virtue.<\/p>\n<p class=\"p1\">In reality, this initiative is not aimed at the great globalised fortunes, offshore structures or international trusts. It will hit <b>Family SMEs<\/b>, In many cases, the heir will have to sell the business, make redundancies or sell off assets simply to pay the tax. In thousands of cases, the heir will have to sell the business, make redundancies or sell off assets simply to pay the tax. This is a <b>economic time bomb<\/b>.<\/p>\n<p class=\"p1\">But the issue goes even deeper. Inheritance is not just a transfer of money: it is a <b>an act of intergenerational responsibility<\/b>, It is the concrete link between the past, the present and the future. By taxing it, the State is sending a clear message: <i>you never really own what you build<\/i>. You are merely temporary usufructuaries in the service of the tax machine. It's a civilisational shift.<\/p>\n<p class=\"p1\">The supporters of the initiative invoke equality. In reality, they are promoting equality through impoverishment. History is clear: <b>no country has created lasting prosperity by punishing the transfer of capital<\/b>. Where inheritance tax is high, capital flees, decision-making centres leave the country, and the State, deprived of productive revenue, puts even more pressure on the middle classes.<\/p>\n<p class=\"p1\">It has to be said bluntly: this initiative is part of an ideological logic of <b>decline, fiscal jealousy and the creeping socialisation of private wealth<\/b>. Its aim is not to \u201ccorrect\u201d the system, but to <b>deliberately unbalance<\/b> by weakening the very foundations of individual responsibility.<\/p>\n<p class=\"p1\">Switzerland was built on savings, stability, inheritance, local roots, family businesses, private pension provision and legal certainty. Breaking the legacy means <b>cutting the country's economic roots<\/b>. It means replacing the freedom to transmit with permanent dependence on the redistributive State.<\/p>\n<p class=\"p1\">Finally, there is a truth that the initiative's promoters carefully conceal: inheritance tax never provides sustainable funding for social promises. It feeds the growth of the State, its administrations and its structural spending... and always calls for new taxes to fill the gaps it creates.<\/p>\n<p class=\"p1\"><b>Conclusion<\/b><b><\/b><\/p>\n<p class=\"p1\"><b>Taxing inheritances is not about making the rich pay: it is about destroying the productive class, making families weaker, weakening SMEs and subjecting citizens to an ever more voracious state. On 30 November 2025, this is not a technical vote, but a choice for society.<\/b><b><\/b><\/p>\n<p class=\"p1\">\u2b95 <b>NO to inheritance tax.<\/b><\/p>\n<p class=\"p1\"><b>NO to post-mortem spoliation.<\/b><\/p>\n<p class=\"p1\"><b>NO to the trusteeship of Switzerland's heritage.<\/b><\/p>\n<p class=\"p1\"><b>YES to the freedom to transmit. YES to economic sovereignty.<\/b><b><\/b><\/p>\n<p class=\"p1\"><b>Souverainet\u00e9 Suisse recommends a categorical NO.<\/b><\/p>\n<p>&nbsp;<\/p>\n<p><strong>\ud83c\udde8\ud83c\udded Without funding, there can be no resistance. Support Swiss Sovereignty now:<\/strong><\/p>\n<p><a href=\"https:\/\/souverainete-suisse.ch\/en\/make-a-donation\/\"><strong>https:\/\/souverainete-suisse.ch\/faire-un-don\/<\/strong><\/a><\/p>","protected":false},"excerpt":{"rendered":"<p>Ils pr\u00e9tendent taxer les morts pour aider les vivants. En r\u00e9alit\u00e9, ils s\u2019appr\u00eatent surtout \u00e0 faire payer les familles, les PME et les agriculteurs pour financer un \u00c9tat toujours plus vorace. Le 30 novembre 2025, sous couvert de justice sociale, l\u2019initiative des Jeunes socialistes sur les successions vise un pilier fondamental de la libert\u00e9 \u00e9conomique [&hellip;]<\/p>\n","protected":false},"author":2,"featured_media":343,"comment_status":"closed","ping_status":"closed","sticky":false,"template":"","format":"standard","meta":{"footnotes":""},"categories":[8],"tags":[],"class_list":["post-340","post","type-post","status-publish","format-standard","has-post-thumbnail","hentry","category-politique-interieure"],"yoast_head":"<!-- This site is optimized with the Yoast SEO plugin v26.9 - https:\/\/yoast.com\/product\/yoast-seo-wordpress\/ -->\n<title>Taxer l\u2019h\u00e9ritage, c\u2019est voler les morts pour asservir les vivants - Mouvement Souverainet\u00e9 Suisse<\/title>\n<meta name=\"description\" content=\"Ils veulent taxer les morts, mais c\u2019est la classe moyenne, les PME et les familles suisses qui paieront. Le 30 novembre 2025, l\u2019initiative des Jeunes socialistes menace la propri\u00e9t\u00e9 priv\u00e9e et le droit de transmettre. Souverainet\u00e9 Suisse appelle \u00e0 un NON clair et ferme.\" \/>\n<meta name=\"robots\" content=\"index, follow, max-snippet:-1, max-image-preview:large, max-video-preview:-1\" \/>\n<link rel=\"canonical\" href=\"https:\/\/souverainete-suisse.ch\/en\/2025\/11\/taxing-heritage-is-stealing-from-the-dead-to-enslave-the-living\/\" \/>\n<meta property=\"og:locale\" content=\"en_GB\" \/>\n<meta property=\"og:type\" content=\"article\" \/>\n<meta property=\"og:title\" content=\"Taxer l\u2019h\u00e9ritage, c\u2019est voler les morts pour asservir les vivants - Mouvement Souverainet\u00e9 Suisse\" \/>\n<meta property=\"og:description\" content=\"Ils veulent taxer les morts, mais c\u2019est la classe moyenne, les PME et les familles suisses qui paieront. Le 30 novembre 2025, l\u2019initiative des Jeunes socialistes menace la propri\u00e9t\u00e9 priv\u00e9e et le droit de transmettre. Souverainet\u00e9 Suisse appelle \u00e0 un NON clair et ferme.\" \/>\n<meta property=\"og:url\" content=\"https:\/\/souverainete-suisse.ch\/en\/2025\/11\/taxing-heritage-is-stealing-from-the-dead-to-enslave-the-living\/\" \/>\n<meta property=\"og:site_name\" content=\"Mouvement Souverainet\u00e9 Suisse\" \/>\n<meta property=\"article:published_time\" content=\"2025-11-27T20:40:16+00:00\" \/>\n<meta property=\"article:modified_time\" content=\"2025-12-02T16:38:53+00:00\" \/>\n<meta property=\"og:image\" content=\"https:\/\/souverainete-suisse.ch\/wp-content\/uploads\/2025\/11\/Avenir.jpg\" \/>\n\t<meta property=\"og:image:width\" content=\"1280\" \/>\n\t<meta property=\"og:image:height\" content=\"720\" \/>\n\t<meta property=\"og:image:type\" content=\"image\/jpeg\" \/>\n<meta name=\"author\" content=\"ludom\" \/>\n<meta name=\"twitter:card\" content=\"summary_large_image\" \/>\n<meta name=\"twitter:label1\" content=\"Written by\" \/>\n\t<meta name=\"twitter:data1\" content=\"ludom\" \/>\n\t<meta name=\"twitter:label2\" content=\"Estimated reading time\" \/>\n\t<meta name=\"twitter:data2\" content=\"4 minutes\" \/>\n<script type=\"application\/ld+json\" class=\"yoast-schema-graph\">{\"@context\":\"https:\/\/schema.org\",\"@graph\":[{\"@type\":\"Article\",\"@id\":\"https:\/\/souverainete-suisse.ch\/2025\/11\/taxer-lheritage-cest-voler-les-morts-pour-asservir-les-vivants\/#article\",\"isPartOf\":{\"@id\":\"https:\/\/souverainete-suisse.ch\/2025\/11\/taxer-lheritage-cest-voler-les-morts-pour-asservir-les-vivants\/\"},\"author\":{\"name\":\"ludom\",\"@id\":\"https:\/\/souverainete-suisse.ch\/#\/schema\/person\/b25acb547faec24a94d7215216d68cbf\"},\"headline\":\"Taxer l\u2019h\u00e9ritage, c\u2019est voler les morts pour asservir les vivants\",\"datePublished\":\"2025-11-27T20:40:16+00:00\",\"dateModified\":\"2025-12-02T16:38:53+00:00\",\"mainEntityOfPage\":{\"@id\":\"https:\/\/souverainete-suisse.ch\/2025\/11\/taxer-lheritage-cest-voler-les-morts-pour-asservir-les-vivants\/\"},\"wordCount\":769,\"publisher\":{\"@id\":\"https:\/\/souverainete-suisse.ch\/#organization\"},\"image\":{\"@id\":\"https:\/\/souverainete-suisse.ch\/2025\/11\/taxer-lheritage-cest-voler-les-morts-pour-asservir-les-vivants\/#primaryimage\"},\"thumbnailUrl\":\"https:\/\/souverainete-suisse.ch\/wp-content\/uploads\/2025\/11\/Avenir.jpg\",\"articleSection\":[\"Politique int\u00e9rieure\"],\"inLanguage\":\"en-GB\"},{\"@type\":\"WebPage\",\"@id\":\"https:\/\/souverainete-suisse.ch\/2025\/11\/taxer-lheritage-cest-voler-les-morts-pour-asservir-les-vivants\/\",\"url\":\"https:\/\/souverainete-suisse.ch\/2025\/11\/taxer-lheritage-cest-voler-les-morts-pour-asservir-les-vivants\/\",\"name\":\"Taxer l\u2019h\u00e9ritage, c\u2019est voler les morts pour asservir les vivants - Mouvement Souverainet\u00e9 Suisse\",\"isPartOf\":{\"@id\":\"https:\/\/souverainete-suisse.ch\/#website\"},\"primaryImageOfPage\":{\"@id\":\"https:\/\/souverainete-suisse.ch\/2025\/11\/taxer-lheritage-cest-voler-les-morts-pour-asservir-les-vivants\/#primaryimage\"},\"image\":{\"@id\":\"https:\/\/souverainete-suisse.ch\/2025\/11\/taxer-lheritage-cest-voler-les-morts-pour-asservir-les-vivants\/#primaryimage\"},\"thumbnailUrl\":\"https:\/\/souverainete-suisse.ch\/wp-content\/uploads\/2025\/11\/Avenir.jpg\",\"datePublished\":\"2025-11-27T20:40:16+00:00\",\"dateModified\":\"2025-12-02T16:38:53+00:00\",\"description\":\"Ils veulent taxer les morts, mais c\u2019est la classe moyenne, les PME et les familles suisses qui paieront. Le 30 novembre 2025, l\u2019initiative des Jeunes socialistes menace la propri\u00e9t\u00e9 priv\u00e9e et le droit de transmettre. Souverainet\u00e9 Suisse appelle \u00e0 un NON clair et ferme.\",\"breadcrumb\":{\"@id\":\"https:\/\/souverainete-suisse.ch\/2025\/11\/taxer-lheritage-cest-voler-les-morts-pour-asservir-les-vivants\/#breadcrumb\"},\"inLanguage\":\"en-GB\",\"potentialAction\":[{\"@type\":\"ReadAction\",\"target\":[\"https:\/\/souverainete-suisse.ch\/2025\/11\/taxer-lheritage-cest-voler-les-morts-pour-asservir-les-vivants\/\"]}]},{\"@type\":\"ImageObject\",\"inLanguage\":\"en-GB\",\"@id\":\"https:\/\/souverainete-suisse.ch\/2025\/11\/taxer-lheritage-cest-voler-les-morts-pour-asservir-les-vivants\/#primaryimage\",\"url\":\"https:\/\/souverainete-suisse.ch\/wp-content\/uploads\/2025\/11\/Avenir.jpg\",\"contentUrl\":\"https:\/\/souverainete-suisse.ch\/wp-content\/uploads\/2025\/11\/Avenir.jpg\",\"width\":1280,\"height\":720},{\"@type\":\"BreadcrumbList\",\"@id\":\"https:\/\/souverainete-suisse.ch\/2025\/11\/taxer-lheritage-cest-voler-les-morts-pour-asservir-les-vivants\/#breadcrumb\",\"itemListElement\":[{\"@type\":\"ListItem\",\"position\":1,\"name\":\"Accueil\",\"item\":\"https:\/\/souverainete-suisse.ch\/\"},{\"@type\":\"ListItem\",\"position\":2,\"name\":\"Taxer l\u2019h\u00e9ritage, c\u2019est voler les morts pour asservir les vivants\"}]},{\"@type\":\"WebSite\",\"@id\":\"https:\/\/souverainete-suisse.ch\/#website\",\"url\":\"https:\/\/souverainete-suisse.ch\/\",\"name\":\"Mouvement Souverainet\u00e9 Suisse\",\"description\":\"\",\"publisher\":{\"@id\":\"https:\/\/souverainete-suisse.ch\/#organization\"},\"potentialAction\":[{\"@type\":\"SearchAction\",\"target\":{\"@type\":\"EntryPoint\",\"urlTemplate\":\"https:\/\/souverainete-suisse.ch\/?s={search_term_string}\"},\"query-input\":{\"@type\":\"PropertyValueSpecification\",\"valueRequired\":true,\"valueName\":\"search_term_string\"}}],\"inLanguage\":\"en-GB\"},{\"@type\":\"Organization\",\"@id\":\"https:\/\/souverainete-suisse.ch\/#organization\",\"name\":\"Mouvement Souverainet\u00e9 Suisse\",\"url\":\"https:\/\/souverainete-suisse.ch\/\",\"logo\":{\"@type\":\"ImageObject\",\"inLanguage\":\"en-GB\",\"@id\":\"https:\/\/souverainete-suisse.ch\/#\/schema\/logo\/image\/\",\"url\":\"https:\/\/souverainete-suisse.ch\/wp-content\/uploads\/2025\/11\/logo.png\",\"contentUrl\":\"https:\/\/souverainete-suisse.ch\/wp-content\/uploads\/2025\/11\/logo.png\",\"width\":2053,\"height\":1461,\"caption\":\"Mouvement Souverainet\u00e9 Suisse\"},\"image\":{\"@id\":\"https:\/\/souverainete-suisse.ch\/#\/schema\/logo\/image\/\"}},{\"@type\":\"Person\",\"@id\":\"https:\/\/souverainete-suisse.ch\/#\/schema\/person\/b25acb547faec24a94d7215216d68cbf\",\"name\":\"ludom\",\"image\":{\"@type\":\"ImageObject\",\"inLanguage\":\"en-GB\",\"@id\":\"https:\/\/souverainete-suisse.ch\/#\/schema\/person\/image\/\",\"url\":\"https:\/\/secure.gravatar.com\/avatar\/77b40fd8e49e537abcea7487b290688ce92143c3443b1d3f419149c67282ffb4?s=96&d=mm&r=g\",\"contentUrl\":\"https:\/\/secure.gravatar.com\/avatar\/77b40fd8e49e537abcea7487b290688ce92143c3443b1d3f419149c67282ffb4?s=96&d=mm&r=g\",\"caption\":\"ludom\"},\"url\":\"https:\/\/souverainete-suisse.ch\/en\/author\/ludom\/\"}]}<\/script>\n<!-- \/ Yoast SEO plugin. -->","yoast_head_json":{"title":"Taxing inheritance means robbing the dead to enslave the living - Mouvement Souverainet\u00e9 Suisse","description":"They want to tax the dead, but it is the middle class, SMEs and Swiss families who will pay. On 30 November 2025, the Young Socialists' initiative threatens private property and the right to pass on wealth. Souverainet\u00e9 Suisse calls for a clear and firm NO.","robots":{"index":"index","follow":"follow","max-snippet":"max-snippet:-1","max-image-preview":"max-image-preview:large","max-video-preview":"max-video-preview:-1"},"canonical":"https:\/\/souverainete-suisse.ch\/en\/2025\/11\/taxing-heritage-is-stealing-from-the-dead-to-enslave-the-living\/","og_locale":"en_GB","og_type":"article","og_title":"Taxer l\u2019h\u00e9ritage, c\u2019est voler les morts pour asservir les vivants - Mouvement Souverainet\u00e9 Suisse","og_description":"Ils veulent taxer les morts, mais c\u2019est la classe moyenne, les PME et les familles suisses qui paieront. Le 30 novembre 2025, l\u2019initiative des Jeunes socialistes menace la propri\u00e9t\u00e9 priv\u00e9e et le droit de transmettre. Souverainet\u00e9 Suisse appelle \u00e0 un NON clair et ferme.","og_url":"https:\/\/souverainete-suisse.ch\/en\/2025\/11\/taxing-heritage-is-stealing-from-the-dead-to-enslave-the-living\/","og_site_name":"Mouvement Souverainet\u00e9 Suisse","article_published_time":"2025-11-27T20:40:16+00:00","article_modified_time":"2025-12-02T16:38:53+00:00","og_image":[{"width":1280,"height":720,"url":"https:\/\/souverainete-suisse.ch\/wp-content\/uploads\/2025\/11\/Avenir.jpg","type":"image\/jpeg"}],"author":"ludom","twitter_card":"summary_large_image","twitter_misc":{"Written by":"ludom","Estimated reading time":"4 minutes"},"schema":{"@context":"https:\/\/schema.org","@graph":[{"@type":"Article","@id":"https:\/\/souverainete-suisse.ch\/2025\/11\/taxer-lheritage-cest-voler-les-morts-pour-asservir-les-vivants\/#article","isPartOf":{"@id":"https:\/\/souverainete-suisse.ch\/2025\/11\/taxer-lheritage-cest-voler-les-morts-pour-asservir-les-vivants\/"},"author":{"name":"ludom","@id":"https:\/\/souverainete-suisse.ch\/#\/schema\/person\/b25acb547faec24a94d7215216d68cbf"},"headline":"Taxer l\u2019h\u00e9ritage, c\u2019est voler les morts pour asservir les vivants","datePublished":"2025-11-27T20:40:16+00:00","dateModified":"2025-12-02T16:38:53+00:00","mainEntityOfPage":{"@id":"https:\/\/souverainete-suisse.ch\/2025\/11\/taxer-lheritage-cest-voler-les-morts-pour-asservir-les-vivants\/"},"wordCount":769,"publisher":{"@id":"https:\/\/souverainete-suisse.ch\/#organization"},"image":{"@id":"https:\/\/souverainete-suisse.ch\/2025\/11\/taxer-lheritage-cest-voler-les-morts-pour-asservir-les-vivants\/#primaryimage"},"thumbnailUrl":"https:\/\/souverainete-suisse.ch\/wp-content\/uploads\/2025\/11\/Avenir.jpg","articleSection":["Politique int\u00e9rieure"],"inLanguage":"en-GB"},{"@type":"WebPage","@id":"https:\/\/souverainete-suisse.ch\/2025\/11\/taxer-lheritage-cest-voler-les-morts-pour-asservir-les-vivants\/","url":"https:\/\/souverainete-suisse.ch\/2025\/11\/taxer-lheritage-cest-voler-les-morts-pour-asservir-les-vivants\/","name":"Taxing inheritance means robbing the dead to enslave the living - Mouvement Souverainet\u00e9 Suisse","isPartOf":{"@id":"https:\/\/souverainete-suisse.ch\/#website"},"primaryImageOfPage":{"@id":"https:\/\/souverainete-suisse.ch\/2025\/11\/taxer-lheritage-cest-voler-les-morts-pour-asservir-les-vivants\/#primaryimage"},"image":{"@id":"https:\/\/souverainete-suisse.ch\/2025\/11\/taxer-lheritage-cest-voler-les-morts-pour-asservir-les-vivants\/#primaryimage"},"thumbnailUrl":"https:\/\/souverainete-suisse.ch\/wp-content\/uploads\/2025\/11\/Avenir.jpg","datePublished":"2025-11-27T20:40:16+00:00","dateModified":"2025-12-02T16:38:53+00:00","description":"They want to tax the dead, but it is the middle class, SMEs and Swiss families who will pay. On 30 November 2025, the Young Socialists' initiative threatens private property and the right to pass on wealth. Souverainet\u00e9 Suisse calls for a clear and firm NO.","breadcrumb":{"@id":"https:\/\/souverainete-suisse.ch\/2025\/11\/taxer-lheritage-cest-voler-les-morts-pour-asservir-les-vivants\/#breadcrumb"},"inLanguage":"en-GB","potentialAction":[{"@type":"ReadAction","target":["https:\/\/souverainete-suisse.ch\/2025\/11\/taxer-lheritage-cest-voler-les-morts-pour-asservir-les-vivants\/"]}]},{"@type":"ImageObject","inLanguage":"en-GB","@id":"https:\/\/souverainete-suisse.ch\/2025\/11\/taxer-lheritage-cest-voler-les-morts-pour-asservir-les-vivants\/#primaryimage","url":"https:\/\/souverainete-suisse.ch\/wp-content\/uploads\/2025\/11\/Avenir.jpg","contentUrl":"https:\/\/souverainete-suisse.ch\/wp-content\/uploads\/2025\/11\/Avenir.jpg","width":1280,"height":720},{"@type":"BreadcrumbList","@id":"https:\/\/souverainete-suisse.ch\/2025\/11\/taxer-lheritage-cest-voler-les-morts-pour-asservir-les-vivants\/#breadcrumb","itemListElement":[{"@type":"ListItem","position":1,"name":"Accueil","item":"https:\/\/souverainete-suisse.ch\/"},{"@type":"ListItem","position":2,"name":"Taxer l\u2019h\u00e9ritage, c\u2019est voler les morts pour asservir les vivants"}]},{"@type":"WebSite","@id":"https:\/\/souverainete-suisse.ch\/#website","url":"https:\/\/souverainete-suisse.ch\/","name":"Swiss Sovereignty Movement","description":"","publisher":{"@id":"https:\/\/souverainete-suisse.ch\/#organization"},"potentialAction":[{"@type":"SearchAction","target":{"@type":"EntryPoint","urlTemplate":"https:\/\/souverainete-suisse.ch\/?s={search_term_string}"},"query-input":{"@type":"PropertyValueSpecification","valueRequired":true,"valueName":"search_term_string"}}],"inLanguage":"en-GB"},{"@type":"Organization","@id":"https:\/\/souverainete-suisse.ch\/#organization","name":"Swiss Sovereignty Movement","url":"https:\/\/souverainete-suisse.ch\/","logo":{"@type":"ImageObject","inLanguage":"en-GB","@id":"https:\/\/souverainete-suisse.ch\/#\/schema\/logo\/image\/","url":"https:\/\/souverainete-suisse.ch\/wp-content\/uploads\/2025\/11\/logo.png","contentUrl":"https:\/\/souverainete-suisse.ch\/wp-content\/uploads\/2025\/11\/logo.png","width":2053,"height":1461,"caption":"Mouvement Souverainet\u00e9 Suisse"},"image":{"@id":"https:\/\/souverainete-suisse.ch\/#\/schema\/logo\/image\/"}},{"@type":"Person","@id":"https:\/\/souverainete-suisse.ch\/#\/schema\/person\/b25acb547faec24a94d7215216d68cbf","name":"ludom","image":{"@type":"ImageObject","inLanguage":"en-GB","@id":"https:\/\/souverainete-suisse.ch\/#\/schema\/person\/image\/","url":"https:\/\/secure.gravatar.com\/avatar\/77b40fd8e49e537abcea7487b290688ce92143c3443b1d3f419149c67282ffb4?s=96&d=mm&r=g","contentUrl":"https:\/\/secure.gravatar.com\/avatar\/77b40fd8e49e537abcea7487b290688ce92143c3443b1d3f419149c67282ffb4?s=96&d=mm&r=g","caption":"ludom"},"url":"https:\/\/souverainete-suisse.ch\/en\/author\/ludom\/"}]}},"_links":{"self":[{"href":"https:\/\/souverainete-suisse.ch\/en\/wp-json\/wp\/v2\/posts\/340","targetHints":{"allow":["GET"]}}],"collection":[{"href":"https:\/\/souverainete-suisse.ch\/en\/wp-json\/wp\/v2\/posts"}],"about":[{"href":"https:\/\/souverainete-suisse.ch\/en\/wp-json\/wp\/v2\/types\/post"}],"author":[{"embeddable":true,"href":"https:\/\/souverainete-suisse.ch\/en\/wp-json\/wp\/v2\/users\/2"}],"replies":[{"embeddable":true,"href":"https:\/\/souverainete-suisse.ch\/en\/wp-json\/wp\/v2\/comments?post=340"}],"version-history":[{"count":2,"href":"https:\/\/souverainete-suisse.ch\/en\/wp-json\/wp\/v2\/posts\/340\/revisions"}],"predecessor-version":[{"id":345,"href":"https:\/\/souverainete-suisse.ch\/en\/wp-json\/wp\/v2\/posts\/340\/revisions\/345"}],"wp:featuredmedia":[{"embeddable":true,"href":"https:\/\/souverainete-suisse.ch\/en\/wp-json\/wp\/v2\/media\/343"}],"wp:attachment":[{"href":"https:\/\/souverainete-suisse.ch\/en\/wp-json\/wp\/v2\/media?parent=340"}],"wp:term":[{"taxonomy":"category","embeddable":true,"href":"https:\/\/souverainete-suisse.ch\/en\/wp-json\/wp\/v2\/categories?post=340"},{"taxonomy":"post_tag","embeddable":true,"href":"https:\/\/souverainete-suisse.ch\/en\/wp-json\/wp\/v2\/tags?post=340"}],"curies":[{"name":"wp","href":"https:\/\/api.w.org\/{rel}","templated":true}]}}