{"id":340,"date":"2025-11-27T21:40:16","date_gmt":"2025-11-27T20:40:16","guid":{"rendered":"https:\/\/souverainete-suisse.ch\/?p=340"},"modified":"2025-12-02T17:38:53","modified_gmt":"2025-12-02T16:38:53","slug":"erbschaftssteuer-ist-diebstahl-an-den-toten-um-die-lebenden-zu-versklaven","status":"publish","type":"post","link":"https:\/\/souverainete-suisse.ch\/de\/2025\/11\/erbschaftssteuer-ist-diebstahl-an-den-toten-um-die-lebenden-zu-versklaven\/","title":{"rendered":"Erbschaftssteuer bedeutet, die Toten zu bestehlen, um die Lebenden zu versklaven"},"content":{"rendered":"<p class=\"p1\"><em>Sie geben vor, die Toten zu besteuern, um den Lebenden zu helfen. In Wirklichkeit bereiten sie sich vor allem darauf vor, Familien, KMU und Landwirte zur Kasse zu bitten, um einen immer gefr\u00e4\u00dfigeren Staat zu finanzieren. Am 30. November 2025 zielt die Erbschaftssteuerinitiative der Jungsozialisten unter dem Deckmantel der sozialen Gerechtigkeit auf einen Grundpfeiler der wirtschaftlichen Freiheit ab: das Recht, das weiterzugeben, was man aufgebaut hat. Bei dieser Abstimmung geht es nicht um ein steuerliches Detail. Es geht um einen gesellschaftlichen Umschwung.<\/em><b><\/b><\/p>\n<p class=\"p1\"><span class=\"s1\">\ud83c\udde8\ud83c\udded<\/span><b> Erbschaftssteuer bedeutet, die Toten zu bestehlen, um die Lebenden zu versklaven<\/b><b><\/b><\/p>\n<p class=\"p1\"><b>Am 30. November 2025 ist die Schweiz aufgerufen, \u00fcber die Initiative der Jungsozialisten zur Einf\u00fchrung einer eidgen\u00f6ssischen Erbschaftssteuer abzustimmen. Hinter einem Anstrich von \u201csozialer Gerechtigkeit\u201d verbirgt sich in Wirklichkeit einer der schwersten Angriffe, die je auf das Privateigentum, die Familien\u00fcbergabe und die wirtschaftliche Unabh\u00e4ngigkeit der B\u00fcrgerinnen und B\u00fcrger ver\u00fcbt wurden. Souver\u00e4ne Schweiz ruft zu einem klaren NEIN auf.<\/b><b><\/b><\/p>\n<p class=\"p1\">Die Erbschaftssteuer beruht auf einem moralischen Betrug: Sie soll glauben machen, dass ein \u00fcbertragenes Verm\u00f6gen eine \u201cungerechte Rente\u201d sei, obwohl es das Ergebnis eines ganzen Lebens voller Arbeit, Risiken, Verzicht, Sparen und Investitionen ist. Jeder \u00fcbertragene Franken wurde bereits mehrfach besteuert: an der Quelle, auf Einkommen, auf Konsum, auf Verm\u00f6gen, auf Gewinne. Die Erbschaftssteuer ist nichts anderes als eine <b>doppelte - oder sogar dreifache - Besteuerung<\/b>, Die meisten von ihnen waren in der Lage, sich in der Gesellschaft zu behaupten.<\/p>\n<p class=\"p1\">In Wirklichkeit richtet sich diese Initiative weder gegen die gro\u00dfen, globalisierten Verm\u00f6gen noch gegen Offshore-Strukturen oder internationale Trusts. Sie trifft mit voller Wucht die <b>Familiengef\u00fchrte KMU<\/b>, Die meisten Steuerpflichtigen, die ihr Verm\u00f6gen Stein f\u00fcr Stein aufgebaut haben, werden von der Steuer betroffen sein. In Tausenden von F\u00e4llen wird der Erbe das Unternehmen verkaufen, Mitarbeiter entlassen oder Verm\u00f6genswerte verscherbeln m\u00fcssen, nur um die Steuer zu zahlen. Das ist eine <b>wirtschaftliche Zeitbombe<\/b>.<\/p>\n<p class=\"p1\">Aber es geht um noch mehr. Erben ist nicht nur eine Geld\u00fcbergabe: Es ist ein <b>Akt der generationen\u00fcbergreifenden Verantwortung<\/b>, Die Steuer ist die konkrete Verbindung zwischen der Vergangenheit, der Gegenwart und der Zukunft. Indem der Staat ihn besteuert, sendet er eine klare Botschaft aus: <i>Sie nie wirklich Eigent\u00fcmer dessen sind, was Sie bauen<\/i>. Sie sind nur vor\u00fcbergehende Nutznie\u00dfer im Dienste der Steuermaschinerie. Das ist ein zivilisatorischer Umschwung.<\/p>\n<p class=\"p1\">Die Bef\u00fcrworter der Initiative berufen sich auf die Gleichheit. In Wirklichkeit f\u00f6rdern sie Gleichheit durch Verarmung. Die Geschichte ist eindeutig: <b>kein Land dauerhaften Wohlstand geschaffen hat, indem es die Weitergabe von Kapital bestraft hat<\/b>. Wo die Erbschaftssteuer hoch ist, flie\u00dft das Kapital ab, die Entscheidungszentren verlassen das Land und der Staat, dem produktive Einnahmen fehlen, erh\u00f6ht den Druck auf die Mittelschicht noch weiter.<\/p>\n<p class=\"p1\">Man muss es ganz offen sagen: Diese Initiative ist Teil einer ideologischen Logik von <b>Degrowth, Steuerneid und einer schleichenden Sozialisierung des Privatverm\u00f6gens<\/b>. Sie zielt nicht darauf ab, das System zu \u201ckorrigieren\u201d, sondern es <b>absichtlich aus dem Gleichgewicht bringen<\/b> indem sie die eigentliche Grundlage der individuellen Verantwortung schw\u00e4chen.<\/p>\n<p class=\"p1\">Die Schweiz wurde auf Ersparnissen, Stabilit\u00e4t, Weitergabe, lokaler Verwurzelung, Familienunternehmen, privater Vorsorge und Rechtssicherheit aufgebaut. Das Erbe zu brechen bedeutet <b>die wirtschaftlichen Wurzeln des Landes kappen<\/b>. Es bedeutet, die Freiheit der Weitergabe durch eine st\u00e4ndige Abh\u00e4ngigkeit vom umverteilenden Staat zu ersetzen.<\/p>\n<p class=\"p1\">Schlie\u00dflich gibt es eine Wahrheit, die die Bef\u00fcrworter der Initiative sorgf\u00e4ltig verschweigen: Die Erbschaftssteuer finanziert niemals nachhaltig soziale Versprechungen. Sie n\u00e4hrt das Wachstum des Staates, seiner Verwaltungen, seiner strukturellen Ausgaben ... und ruft immer nach neuen Steuern, um die L\u00f6cher zu stopfen, die sie selbst verursacht.<\/p>\n<p class=\"p1\"><b>Schlussfolgerung<\/b><b><\/b><\/p>\n<p class=\"p1\"><b>Erbschaften zu besteuern bedeutet nicht, die Reichen zur Kasse zu bitten: Es bedeutet, die Produktionsklasse zu zerst\u00f6ren, Familien zu schw\u00e4chen, KMU zu schw\u00e4chen und die B\u00fcrger einem immer gefr\u00e4\u00dfigeren Staat zu unterwerfen. Am 30. November 2025 geht es nicht um eine technische Abstimmung, sondern um eine gesellschaftliche Entscheidung.<\/b><b><\/b><\/p>\n<p class=\"p1\">\u2b95 <b>NEIN zur Erbschaftssteuer.<\/b><\/p>\n<p class=\"p1\"><b>NEIN zu postmortalen Enteignungen.<\/b><\/p>\n<p class=\"p1\"><b>NEIN zur Bevormundung des Schweizer Kulturerbes.<\/b><\/p>\n<p class=\"p1\"><b>JA zur Freiheit zu senden. JA zu wirtschaftlicher Souver\u00e4nit\u00e4t.<\/b><b><\/b><\/p>\n<p class=\"p1\"><b>Souver\u00e4ne Schweiz empfiehlt ein klares NEIN.<\/b><\/p>\n<p>&nbsp;<\/p>\n<p><strong>\ud83c\udde8\ud83c\udded Ohne Finanzierung gibt es keinen Widerstand. Unterst\u00fctzen Sie Schweizer Souver\u00e4nit\u00e4t jetzt :<\/strong><\/p>\n<p><a href=\"https:\/\/souverainete-suisse.ch\/de\/eine-spende-machen\/\"><strong>https:\/\/souverainete-suisse.ch\/faire-un-don\/<\/strong><\/a><\/p>","protected":false},"excerpt":{"rendered":"<p>Ils pr\u00e9tendent taxer les morts pour aider les vivants. En r\u00e9alit\u00e9, ils s\u2019appr\u00eatent surtout \u00e0 faire payer les familles, les PME et les agriculteurs pour financer un \u00c9tat toujours plus vorace. Le 30 novembre 2025, sous couvert de justice sociale, l\u2019initiative des Jeunes socialistes sur les successions vise un pilier fondamental de la libert\u00e9 \u00e9conomique [&hellip;]<\/p>\n","protected":false},"author":2,"featured_media":343,"comment_status":"closed","ping_status":"closed","sticky":false,"template":"","format":"standard","meta":{"footnotes":""},"categories":[8],"tags":[],"class_list":["post-340","post","type-post","status-publish","format-standard","has-post-thumbnail","hentry","category-politique-interieure"],"yoast_head":"<!-- This site is optimized with the Yoast SEO plugin v26.9 - https:\/\/yoast.com\/product\/yoast-seo-wordpress\/ -->\n<title>Taxer l\u2019h\u00e9ritage, c\u2019est voler les morts pour asservir les vivants - Mouvement Souverainet\u00e9 Suisse<\/title>\n<meta name=\"description\" content=\"Ils veulent taxer les morts, mais c\u2019est la classe moyenne, les PME et les familles suisses qui paieront. Le 30 novembre 2025, l\u2019initiative des Jeunes socialistes menace la propri\u00e9t\u00e9 priv\u00e9e et le droit de transmettre. Souverainet\u00e9 Suisse appelle \u00e0 un NON clair et ferme.\" \/>\n<meta name=\"robots\" content=\"index, follow, max-snippet:-1, max-image-preview:large, max-video-preview:-1\" \/>\n<link rel=\"canonical\" href=\"https:\/\/souverainete-suisse.ch\/de\/2025\/11\/erbschaftssteuer-ist-diebstahl-an-den-toten-um-die-lebenden-zu-versklaven\/\" \/>\n<meta property=\"og:locale\" content=\"de_DE\" \/>\n<meta property=\"og:type\" content=\"article\" \/>\n<meta property=\"og:title\" content=\"Taxer l\u2019h\u00e9ritage, c\u2019est voler les morts pour asservir les vivants - Mouvement Souverainet\u00e9 Suisse\" \/>\n<meta property=\"og:description\" content=\"Ils veulent taxer les morts, mais c\u2019est la classe moyenne, les PME et les familles suisses qui paieront. Le 30 novembre 2025, l\u2019initiative des Jeunes socialistes menace la propri\u00e9t\u00e9 priv\u00e9e et le droit de transmettre. Souverainet\u00e9 Suisse appelle \u00e0 un NON clair et ferme.\" \/>\n<meta property=\"og:url\" content=\"https:\/\/souverainete-suisse.ch\/de\/2025\/11\/erbschaftssteuer-ist-diebstahl-an-den-toten-um-die-lebenden-zu-versklaven\/\" \/>\n<meta property=\"og:site_name\" content=\"Mouvement Souverainet\u00e9 Suisse\" \/>\n<meta property=\"article:published_time\" content=\"2025-11-27T20:40:16+00:00\" \/>\n<meta property=\"article:modified_time\" content=\"2025-12-02T16:38:53+00:00\" \/>\n<meta property=\"og:image\" content=\"https:\/\/souverainete-suisse.ch\/wp-content\/uploads\/2025\/11\/Avenir.jpg\" \/>\n\t<meta property=\"og:image:width\" content=\"1280\" \/>\n\t<meta property=\"og:image:height\" content=\"720\" \/>\n\t<meta property=\"og:image:type\" content=\"image\/jpeg\" \/>\n<meta name=\"author\" content=\"ludom\" \/>\n<meta name=\"twitter:card\" content=\"summary_large_image\" \/>\n<meta name=\"twitter:label1\" content=\"Verfasst von\" \/>\n\t<meta name=\"twitter:data1\" content=\"ludom\" \/>\n\t<meta name=\"twitter:label2\" content=\"Gesch\u00e4tzte Lesezeit\" \/>\n\t<meta name=\"twitter:data2\" content=\"4\u00a0Minuten\" \/>\n<script type=\"application\/ld+json\" class=\"yoast-schema-graph\">{\"@context\":\"https:\/\/schema.org\",\"@graph\":[{\"@type\":\"Article\",\"@id\":\"https:\/\/souverainete-suisse.ch\/2025\/11\/taxer-lheritage-cest-voler-les-morts-pour-asservir-les-vivants\/#article\",\"isPartOf\":{\"@id\":\"https:\/\/souverainete-suisse.ch\/2025\/11\/taxer-lheritage-cest-voler-les-morts-pour-asservir-les-vivants\/\"},\"author\":{\"name\":\"ludom\",\"@id\":\"https:\/\/souverainete-suisse.ch\/#\/schema\/person\/b25acb547faec24a94d7215216d68cbf\"},\"headline\":\"Taxer l\u2019h\u00e9ritage, c\u2019est voler les morts pour asservir les vivants\",\"datePublished\":\"2025-11-27T20:40:16+00:00\",\"dateModified\":\"2025-12-02T16:38:53+00:00\",\"mainEntityOfPage\":{\"@id\":\"https:\/\/souverainete-suisse.ch\/2025\/11\/taxer-lheritage-cest-voler-les-morts-pour-asservir-les-vivants\/\"},\"wordCount\":769,\"publisher\":{\"@id\":\"https:\/\/souverainete-suisse.ch\/#organization\"},\"image\":{\"@id\":\"https:\/\/souverainete-suisse.ch\/2025\/11\/taxer-lheritage-cest-voler-les-morts-pour-asservir-les-vivants\/#primaryimage\"},\"thumbnailUrl\":\"https:\/\/souverainete-suisse.ch\/wp-content\/uploads\/2025\/11\/Avenir.jpg\",\"articleSection\":[\"Politique int\u00e9rieure\"],\"inLanguage\":\"de\"},{\"@type\":\"WebPage\",\"@id\":\"https:\/\/souverainete-suisse.ch\/2025\/11\/taxer-lheritage-cest-voler-les-morts-pour-asservir-les-vivants\/\",\"url\":\"https:\/\/souverainete-suisse.ch\/2025\/11\/taxer-lheritage-cest-voler-les-morts-pour-asservir-les-vivants\/\",\"name\":\"Taxer l\u2019h\u00e9ritage, c\u2019est voler les morts pour asservir les vivants - Mouvement Souverainet\u00e9 Suisse\",\"isPartOf\":{\"@id\":\"https:\/\/souverainete-suisse.ch\/#website\"},\"primaryImageOfPage\":{\"@id\":\"https:\/\/souverainete-suisse.ch\/2025\/11\/taxer-lheritage-cest-voler-les-morts-pour-asservir-les-vivants\/#primaryimage\"},\"image\":{\"@id\":\"https:\/\/souverainete-suisse.ch\/2025\/11\/taxer-lheritage-cest-voler-les-morts-pour-asservir-les-vivants\/#primaryimage\"},\"thumbnailUrl\":\"https:\/\/souverainete-suisse.ch\/wp-content\/uploads\/2025\/11\/Avenir.jpg\",\"datePublished\":\"2025-11-27T20:40:16+00:00\",\"dateModified\":\"2025-12-02T16:38:53+00:00\",\"description\":\"Ils veulent taxer les morts, mais c\u2019est la classe moyenne, les PME et les familles suisses qui paieront. Le 30 novembre 2025, l\u2019initiative des Jeunes socialistes menace la propri\u00e9t\u00e9 priv\u00e9e et le droit de transmettre. Souverainet\u00e9 Suisse appelle \u00e0 un NON clair et ferme.\",\"breadcrumb\":{\"@id\":\"https:\/\/souverainete-suisse.ch\/2025\/11\/taxer-lheritage-cest-voler-les-morts-pour-asservir-les-vivants\/#breadcrumb\"},\"inLanguage\":\"de\",\"potentialAction\":[{\"@type\":\"ReadAction\",\"target\":[\"https:\/\/souverainete-suisse.ch\/2025\/11\/taxer-lheritage-cest-voler-les-morts-pour-asservir-les-vivants\/\"]}]},{\"@type\":\"ImageObject\",\"inLanguage\":\"de\",\"@id\":\"https:\/\/souverainete-suisse.ch\/2025\/11\/taxer-lheritage-cest-voler-les-morts-pour-asservir-les-vivants\/#primaryimage\",\"url\":\"https:\/\/souverainete-suisse.ch\/wp-content\/uploads\/2025\/11\/Avenir.jpg\",\"contentUrl\":\"https:\/\/souverainete-suisse.ch\/wp-content\/uploads\/2025\/11\/Avenir.jpg\",\"width\":1280,\"height\":720},{\"@type\":\"BreadcrumbList\",\"@id\":\"https:\/\/souverainete-suisse.ch\/2025\/11\/taxer-lheritage-cest-voler-les-morts-pour-asservir-les-vivants\/#breadcrumb\",\"itemListElement\":[{\"@type\":\"ListItem\",\"position\":1,\"name\":\"Accueil\",\"item\":\"https:\/\/souverainete-suisse.ch\/\"},{\"@type\":\"ListItem\",\"position\":2,\"name\":\"Taxer l\u2019h\u00e9ritage, c\u2019est voler les morts pour asservir les vivants\"}]},{\"@type\":\"WebSite\",\"@id\":\"https:\/\/souverainete-suisse.ch\/#website\",\"url\":\"https:\/\/souverainete-suisse.ch\/\",\"name\":\"Mouvement Souverainet\u00e9 Suisse\",\"description\":\"\",\"publisher\":{\"@id\":\"https:\/\/souverainete-suisse.ch\/#organization\"},\"potentialAction\":[{\"@type\":\"SearchAction\",\"target\":{\"@type\":\"EntryPoint\",\"urlTemplate\":\"https:\/\/souverainete-suisse.ch\/?s={search_term_string}\"},\"query-input\":{\"@type\":\"PropertyValueSpecification\",\"valueRequired\":true,\"valueName\":\"search_term_string\"}}],\"inLanguage\":\"de\"},{\"@type\":\"Organization\",\"@id\":\"https:\/\/souverainete-suisse.ch\/#organization\",\"name\":\"Mouvement Souverainet\u00e9 Suisse\",\"url\":\"https:\/\/souverainete-suisse.ch\/\",\"logo\":{\"@type\":\"ImageObject\",\"inLanguage\":\"de\",\"@id\":\"https:\/\/souverainete-suisse.ch\/#\/schema\/logo\/image\/\",\"url\":\"https:\/\/souverainete-suisse.ch\/wp-content\/uploads\/2025\/11\/logo.png\",\"contentUrl\":\"https:\/\/souverainete-suisse.ch\/wp-content\/uploads\/2025\/11\/logo.png\",\"width\":2053,\"height\":1461,\"caption\":\"Mouvement Souverainet\u00e9 Suisse\"},\"image\":{\"@id\":\"https:\/\/souverainete-suisse.ch\/#\/schema\/logo\/image\/\"}},{\"@type\":\"Person\",\"@id\":\"https:\/\/souverainete-suisse.ch\/#\/schema\/person\/b25acb547faec24a94d7215216d68cbf\",\"name\":\"ludom\",\"image\":{\"@type\":\"ImageObject\",\"inLanguage\":\"de\",\"@id\":\"https:\/\/souverainete-suisse.ch\/#\/schema\/person\/image\/\",\"url\":\"https:\/\/secure.gravatar.com\/avatar\/77b40fd8e49e537abcea7487b290688ce92143c3443b1d3f419149c67282ffb4?s=96&d=mm&r=g\",\"contentUrl\":\"https:\/\/secure.gravatar.com\/avatar\/77b40fd8e49e537abcea7487b290688ce92143c3443b1d3f419149c67282ffb4?s=96&d=mm&r=g\",\"caption\":\"ludom\"},\"url\":\"https:\/\/souverainete-suisse.ch\/de\/author\/ludom\/\"}]}<\/script>\n<!-- \/ Yoast SEO plugin. -->","yoast_head_json":{"title":"Erbschaftssteuer ist Diebstahl an den Toten, um die Lebenden zu versklaven - Bewegung Souver\u00e4ne Schweiz","description":"Sie wollen die Toten besteuern, aber bezahlen werden die Mittelschicht, die KMU und die Schweizer Familien. Am 30. November 2025 bedroht die Initiative der Jungsozialisten das Privateigentum und das Recht zu vererben. Souver\u00e4ne Schweiz ruft zu einem klaren und entschlossenen NEIN auf.","robots":{"index":"index","follow":"follow","max-snippet":"max-snippet:-1","max-image-preview":"max-image-preview:large","max-video-preview":"max-video-preview:-1"},"canonical":"https:\/\/souverainete-suisse.ch\/de\/2025\/11\/erbschaftssteuer-ist-diebstahl-an-den-toten-um-die-lebenden-zu-versklaven\/","og_locale":"de_DE","og_type":"article","og_title":"Taxer l\u2019h\u00e9ritage, c\u2019est voler les morts pour asservir les vivants - Mouvement Souverainet\u00e9 Suisse","og_description":"Ils veulent taxer les morts, mais c\u2019est la classe moyenne, les PME et les familles suisses qui paieront. Le 30 novembre 2025, l\u2019initiative des Jeunes socialistes menace la propri\u00e9t\u00e9 priv\u00e9e et le droit de transmettre. Souverainet\u00e9 Suisse appelle \u00e0 un NON clair et ferme.","og_url":"https:\/\/souverainete-suisse.ch\/de\/2025\/11\/erbschaftssteuer-ist-diebstahl-an-den-toten-um-die-lebenden-zu-versklaven\/","og_site_name":"Mouvement Souverainet\u00e9 Suisse","article_published_time":"2025-11-27T20:40:16+00:00","article_modified_time":"2025-12-02T16:38:53+00:00","og_image":[{"width":1280,"height":720,"url":"https:\/\/souverainete-suisse.ch\/wp-content\/uploads\/2025\/11\/Avenir.jpg","type":"image\/jpeg"}],"author":"ludom","twitter_card":"summary_large_image","twitter_misc":{"Verfasst von":"ludom","Gesch\u00e4tzte Lesezeit":"4\u00a0Minuten"},"schema":{"@context":"https:\/\/schema.org","@graph":[{"@type":"Article","@id":"https:\/\/souverainete-suisse.ch\/2025\/11\/taxer-lheritage-cest-voler-les-morts-pour-asservir-les-vivants\/#article","isPartOf":{"@id":"https:\/\/souverainete-suisse.ch\/2025\/11\/taxer-lheritage-cest-voler-les-morts-pour-asservir-les-vivants\/"},"author":{"name":"ludom","@id":"https:\/\/souverainete-suisse.ch\/#\/schema\/person\/b25acb547faec24a94d7215216d68cbf"},"headline":"Taxer l\u2019h\u00e9ritage, c\u2019est voler les morts pour asservir les vivants","datePublished":"2025-11-27T20:40:16+00:00","dateModified":"2025-12-02T16:38:53+00:00","mainEntityOfPage":{"@id":"https:\/\/souverainete-suisse.ch\/2025\/11\/taxer-lheritage-cest-voler-les-morts-pour-asservir-les-vivants\/"},"wordCount":769,"publisher":{"@id":"https:\/\/souverainete-suisse.ch\/#organization"},"image":{"@id":"https:\/\/souverainete-suisse.ch\/2025\/11\/taxer-lheritage-cest-voler-les-morts-pour-asservir-les-vivants\/#primaryimage"},"thumbnailUrl":"https:\/\/souverainete-suisse.ch\/wp-content\/uploads\/2025\/11\/Avenir.jpg","articleSection":["Politique int\u00e9rieure"],"inLanguage":"de"},{"@type":"WebPage","@id":"https:\/\/souverainete-suisse.ch\/2025\/11\/taxer-lheritage-cest-voler-les-morts-pour-asservir-les-vivants\/","url":"https:\/\/souverainete-suisse.ch\/2025\/11\/taxer-lheritage-cest-voler-les-morts-pour-asservir-les-vivants\/","name":"Erbschaftssteuer ist Diebstahl an den Toten, um die Lebenden zu versklaven - Bewegung Souver\u00e4ne Schweiz","isPartOf":{"@id":"https:\/\/souverainete-suisse.ch\/#website"},"primaryImageOfPage":{"@id":"https:\/\/souverainete-suisse.ch\/2025\/11\/taxer-lheritage-cest-voler-les-morts-pour-asservir-les-vivants\/#primaryimage"},"image":{"@id":"https:\/\/souverainete-suisse.ch\/2025\/11\/taxer-lheritage-cest-voler-les-morts-pour-asservir-les-vivants\/#primaryimage"},"thumbnailUrl":"https:\/\/souverainete-suisse.ch\/wp-content\/uploads\/2025\/11\/Avenir.jpg","datePublished":"2025-11-27T20:40:16+00:00","dateModified":"2025-12-02T16:38:53+00:00","description":"Sie wollen die Toten besteuern, aber bezahlen werden die Mittelschicht, die KMU und die Schweizer Familien. Am 30. November 2025 bedroht die Initiative der Jungsozialisten das Privateigentum und das Recht zu vererben. Souver\u00e4ne Schweiz ruft zu einem klaren und entschlossenen NEIN auf.","breadcrumb":{"@id":"https:\/\/souverainete-suisse.ch\/2025\/11\/taxer-lheritage-cest-voler-les-morts-pour-asservir-les-vivants\/#breadcrumb"},"inLanguage":"de","potentialAction":[{"@type":"ReadAction","target":["https:\/\/souverainete-suisse.ch\/2025\/11\/taxer-lheritage-cest-voler-les-morts-pour-asservir-les-vivants\/"]}]},{"@type":"ImageObject","inLanguage":"de","@id":"https:\/\/souverainete-suisse.ch\/2025\/11\/taxer-lheritage-cest-voler-les-morts-pour-asservir-les-vivants\/#primaryimage","url":"https:\/\/souverainete-suisse.ch\/wp-content\/uploads\/2025\/11\/Avenir.jpg","contentUrl":"https:\/\/souverainete-suisse.ch\/wp-content\/uploads\/2025\/11\/Avenir.jpg","width":1280,"height":720},{"@type":"BreadcrumbList","@id":"https:\/\/souverainete-suisse.ch\/2025\/11\/taxer-lheritage-cest-voler-les-morts-pour-asservir-les-vivants\/#breadcrumb","itemListElement":[{"@type":"ListItem","position":1,"name":"Accueil","item":"https:\/\/souverainete-suisse.ch\/"},{"@type":"ListItem","position":2,"name":"Taxer l\u2019h\u00e9ritage, c\u2019est voler les morts pour asservir les vivants"}]},{"@type":"WebSite","@id":"https:\/\/souverainete-suisse.ch\/#website","url":"https:\/\/souverainete-suisse.ch\/","name":"Bewegung Souver\u00e4ne Schweiz","description":"","publisher":{"@id":"https:\/\/souverainete-suisse.ch\/#organization"},"potentialAction":[{"@type":"SearchAction","target":{"@type":"EntryPoint","urlTemplate":"https:\/\/souverainete-suisse.ch\/?s={search_term_string}"},"query-input":{"@type":"PropertyValueSpecification","valueRequired":true,"valueName":"search_term_string"}}],"inLanguage":"de"},{"@type":"Organization","@id":"https:\/\/souverainete-suisse.ch\/#organization","name":"Bewegung Souver\u00e4ne Schweiz","url":"https:\/\/souverainete-suisse.ch\/","logo":{"@type":"ImageObject","inLanguage":"de","@id":"https:\/\/souverainete-suisse.ch\/#\/schema\/logo\/image\/","url":"https:\/\/souverainete-suisse.ch\/wp-content\/uploads\/2025\/11\/logo.png","contentUrl":"https:\/\/souverainete-suisse.ch\/wp-content\/uploads\/2025\/11\/logo.png","width":2053,"height":1461,"caption":"Mouvement Souverainet\u00e9 Suisse"},"image":{"@id":"https:\/\/souverainete-suisse.ch\/#\/schema\/logo\/image\/"}},{"@type":"Person","@id":"https:\/\/souverainete-suisse.ch\/#\/schema\/person\/b25acb547faec24a94d7215216d68cbf","name":"ludom","image":{"@type":"ImageObject","inLanguage":"de","@id":"https:\/\/souverainete-suisse.ch\/#\/schema\/person\/image\/","url":"https:\/\/secure.gravatar.com\/avatar\/77b40fd8e49e537abcea7487b290688ce92143c3443b1d3f419149c67282ffb4?s=96&d=mm&r=g","contentUrl":"https:\/\/secure.gravatar.com\/avatar\/77b40fd8e49e537abcea7487b290688ce92143c3443b1d3f419149c67282ffb4?s=96&d=mm&r=g","caption":"ludom"},"url":"https:\/\/souverainete-suisse.ch\/de\/author\/ludom\/"}]}},"_links":{"self":[{"href":"https:\/\/souverainete-suisse.ch\/de\/wp-json\/wp\/v2\/posts\/340","targetHints":{"allow":["GET"]}}],"collection":[{"href":"https:\/\/souverainete-suisse.ch\/de\/wp-json\/wp\/v2\/posts"}],"about":[{"href":"https:\/\/souverainete-suisse.ch\/de\/wp-json\/wp\/v2\/types\/post"}],"author":[{"embeddable":true,"href":"https:\/\/souverainete-suisse.ch\/de\/wp-json\/wp\/v2\/users\/2"}],"replies":[{"embeddable":true,"href":"https:\/\/souverainete-suisse.ch\/de\/wp-json\/wp\/v2\/comments?post=340"}],"version-history":[{"count":2,"href":"https:\/\/souverainete-suisse.ch\/de\/wp-json\/wp\/v2\/posts\/340\/revisions"}],"predecessor-version":[{"id":345,"href":"https:\/\/souverainete-suisse.ch\/de\/wp-json\/wp\/v2\/posts\/340\/revisions\/345"}],"wp:featuredmedia":[{"embeddable":true,"href":"https:\/\/souverainete-suisse.ch\/de\/wp-json\/wp\/v2\/media\/343"}],"wp:attachment":[{"href":"https:\/\/souverainete-suisse.ch\/de\/wp-json\/wp\/v2\/media?parent=340"}],"wp:term":[{"taxonomy":"category","embeddable":true,"href":"https:\/\/souverainete-suisse.ch\/de\/wp-json\/wp\/v2\/categories?post=340"},{"taxonomy":"post_tag","embeddable":true,"href":"https:\/\/souverainete-suisse.ch\/de\/wp-json\/wp\/v2\/tags?post=340"}],"curies":[{"name":"wp","href":"https:\/\/api.w.org\/{rel}","templated":true}]}}