{"id":313,"date":"2025-11-27T08:47:44","date_gmt":"2025-11-27T07:47:44","guid":{"rendered":"https:\/\/souverainete-suisse.ch\/?p=313"},"modified":"2025-11-28T14:46:20","modified_gmt":"2025-11-28T13:46:20","slug":"lor-der-wahre-strategische-kompass-der-schweiz","status":"publish","type":"post","link":"https:\/\/souverainete-suisse.ch\/de\/2025\/11\/lor-der-wahre-strategische-kompass-der-schweiz\/","title":{"rendered":"Gold: der wahre strategische Kompass der Schweiz"},"content":{"rendered":"<p><em>Durch <strong>Ludovic Malot<\/strong> - Unternehmer &amp; Wirtschaftswissenschaftler<\/em><\/p>\n<p class=\"p1\"><em>Es gibt eine Wahrheit, die in diesem Land niemand auszusprechen wagt: Die Schweiz wurde nicht auf ihren KMU aufgebaut, sondern auf <b>die st\u00e4rkste W\u00e4hrung des Westens<\/b>, der an physisches Gold gebunden war. Solange unser Franken auf einem realen Verm\u00f6genswert beruhte, waren wir souver\u00e4n, geachtet und unangreifbar. Seitdem wir 1300 Tonnen Gold gegen Berge von US-Schulden eingetauscht haben, bewegen wir uns mit geschlossenen Augen auf einen Abgrund zu. Ein weltweiter W\u00e4hrungscrash w\u00e4re keine schlechte Nachricht f\u00fcr die Schweiz - es w\u00e4re ihr wirtschaftlicher Hiroshima. Deshalb sollte jeder B\u00fcrger hier weiterlesen: Verstehen Sie, warum Gold der einzige strategische Kompass ist, der unsere Freiheit, unseren Wohlstand und unsere Zukunft bewahren kann.<\/em><\/p>\n<p class=\"p1\"><span class=\"s1\">\ud83c\udde8\ud83c\udded<\/span><b> Gold: der wahre strategische Kompass der Schweiz<\/b><b><\/b><\/p>\n<p class=\"p1\">Es gibt eine kollektive Blindheit, die heute den Wohlstand und die Freiheit der Schweizerinnen und Schweizer bedroht.<\/p>\n<p class=\"p1\">Man sagt uns immer wieder, dass unser Erfolg auf dem Genie der KMU, der politischen Stabilit\u00e4t und dem helvetischen Pragmatismus beruht. All das ist wahr - aber zweitrangig. Die tiefe, fast vergessene Triebfeder, die die Schweiz seit 1848 zum stabilsten Land der Welt gemacht hat, ist <b>seine monet\u00e4re Grundlage<\/b>. Und dieser Sockel hie\u00df historisch gesehen <b>physisches Gold<\/b>.<\/p>\n<p class=\"p1\">\u00dcber ein Jahrhundert lang war Gold das stille Bollwerk, das unsere Souver\u00e4nit\u00e4t, unsere Ersparnisse, unsere Industrie, unsere L\u00f6hne und sogar unsere Neutralit\u00e4t sch\u00fctzte.<\/p>\n<p class=\"p1\">Heute haben wir ihn auf dem Altar einer Illusion geopfert: der Illusion eines globalisierten Finanzsystems, das auf Schuldenkaskaden, Fiat-W\u00e4hrungen ohne Anker und einer wachsenden Abh\u00e4ngigkeit von den USA beruht.<\/p>\n<p class=\"p1\">Es ist an der Zeit, die Wahrheit klar und deutlich auszusprechen: <b>muss die Schweiz ihren strategischen Kompass - das Gold - wieder einf\u00fchren, bevor es zu sp\u00e4t ist.<\/b><b><\/b><\/p>\n<p class=\"p1\"><b>1. Ein historischer R\u00fcckblick: Ein Land, das auf Metall, nicht auf Schulden gegr\u00fcndet ist<\/b><b><\/b><\/p>\n<p class=\"p1\">Im Jahr 1848 stellten die Gr\u00fcnder des Bundesstaates eine einfache Regel auf:<\/p>\n<p class=\"p1\"><b>eine gesunde, durch reale Verm\u00f6genswerte unterlegte W\u00e4hrung ist die Voraussetzung f\u00fcr Freiheit.<\/b><b><\/b><\/p>\n<p class=\"p1\">Diese Einsicht sollte 150 Jahre lang den Wohlstand pr\u00e4gen.<\/p>\n<p class=\"p1\">Zu ihrer Bl\u00fctezeit z\u00e4hlte die Schweiz <b>2.600 Tonnen Gold<\/b>, der gr\u00f6\u00dfte Pro-Kopf-Bestand der Welt. Das war kein Fetischismus: Es war eine nationale Strategie. Das Gold garantierte die St\u00e4rke des Franc, die Finanzdisziplin und das dauerhafte Vertrauen in unsere Wirtschaft.<\/p>\n<p class=\"p1\">Die Schweiz war reich, weil ihre W\u00e4hrung solide war - und nicht umgekehrt.<\/p>\n<p class=\"p1\"><b>2. Die \u00abstrategischen\u00bb Verk\u00e4ufe der 1990er Jahre: eine orchestrierte Pl\u00fcnderung<\/b><b><\/b><\/p>\n<p class=\"p1\">In den 1990er Jahren und Anfang 2000, als der Goldpreis historische Tiefstst\u00e4nde erreichte, verkaufte die SNB - unter politischem und internationalem Druck - <b>mehr als die H\u00e4lfte<\/b> der Schweizer Reserven.<\/p>\n<p class=\"p1\">Ferdinand Lips, ein ehemaliger Bankier und anerkannter Goldexperte, hatte dies schon damals angeprangert:<\/p>\n<p class=\"p1\">\u00abDas Schweizer Gold wurde nicht aus wirtschaftlichen Gr\u00fcnden verkauft, sondern aus geopolitischen Gr\u00fcnden\u00bb.\u00bb<\/p>\n<p class=\"p1\">Die Tatsachen gaben ihm Recht.<\/p>\n<p class=\"p1\">Der Druck kam vom IWF, den gro\u00dfen Wall-Street-Banken und den US-Beh\u00f6rden, die ein Interesse daran hatten, die monet\u00e4re Rolle des Goldes zu schw\u00e4chen. Das Ziel war klar: <b>eine der letzten unabh\u00e4ngigen S\u00e4ulen des globalen Finanzsystems neutralisieren<\/b>.<\/p>\n<p class=\"p1\">Dies war einer der gr\u00f6\u00dften strategischen Fehler in der modernen Schweizer Geschichte.<\/p>\n<p class=\"p1\"><b>3. Eine SNB, die den US-M\u00e4rkten - und ihren systemischen Risiken - ausgesetzt ist<\/b><b><\/b><\/p>\n<p class=\"p1\">Heute h\u00e4lt die SNB mehr als <b>360 Milliarden Dollar<\/b> von US-amerikanischen Wertpapieren - Verm\u00f6genswerte ohne jeglichen greifbaren Wert.<\/p>\n<p class=\"p1\">Anleihen, die von einem Staat ausgegeben werden, dessen Schulden au\u00dfer Kontrolle geraten sind.<\/p>\n<p class=\"p1\">Eine Fiat-W\u00e4hrung, die auf nichts mehr beruht.<\/p>\n<p class=\"p1\">Wir haben einen jahrtausendealten, unzerst\u00f6rbaren, von Krisen unber\u00fchrten Verm\u00f6genswert ausgetauscht...<\/p>\n<p class=\"p1\">... gegen Papier.<\/p>\n<p class=\"p1\">Schlimmer noch: Die Pr\u00fcfungen der SNB werden h\u00e4ufig an angels\u00e4chsische Firmen mit Verbindungen zur Wall Street vergeben.<\/p>\n<p class=\"p1\">Die H\u00fcterin unserer W\u00e4hrungssouver\u00e4nit\u00e4t wird von denjenigen bewertet, die von unserer Abh\u00e4ngigkeit profitieren.<\/p>\n<p class=\"p1\">Das ist ein strategischer Irrweg.<\/p>\n<p class=\"p1\"><b>4. Das ultimative Risiko: ein globaler W\u00e4hrungscrash, der unsere Pensionsfonds hinwegfegt<\/b><b><\/b><\/p>\n<p class=\"p1\">Eine gro\u00dfe Finanzkrise - wie sie von immer mehr \u00d6konomen vorhergesagt wird - w\u00fcrde den Wert dieser amerikanischen Wertpapiere innerhalb weniger Stunden verdampfen lassen.<\/p>\n<p class=\"p1\">Und mit ihnen:<\/p>\n<p class=\"p1\">-Verm\u00f6gen der SNB,<\/p>\n<p class=\"p1\">-Reserven des Landes,<\/p>\n<p class=\"p1\">-Pensionsfonds der Schweiz, die in den USA investiert sind,<\/p>\n<p class=\"p1\">-Emissionen und einen immensen Teil der Ersparnisse der B\u00fcrger.<\/p>\n<p class=\"p1\">Ohne Goldschutz w\u00fcrde die Schweiz <b>nackt<\/b> vor einem globalen W\u00e4hrungs-Tsunami stehen.<\/p>\n<p class=\"p1\">Es ist ein existenzielles Risiko.<\/p>\n<p class=\"p1\"><b>5. Was die Schweiz jetzt tun muss<\/b><b><\/b><\/p>\n<p class=\"p1\"><b>1. Die SNB v\u00f6llig unabh\u00e4ngig pr\u00fcfen<\/b><b><\/b><\/p>\n<p class=\"p1\">Nicht von US-amerikanischen Anwaltskanzleien.<\/p>\n<p class=\"p1\">Nicht von Akteuren, die mit den Finanzm\u00e4rkten verbunden sind.<\/p>\n<p class=\"p1\">Durch ein Kollegium aus neutralen schweizerischen und internationalen Experten ohne Interessenkonflikte.<\/p>\n<p class=\"p1\"><b>2. Massive Reduzierung des Engagements in US-amerikanischen Wertpapieren<\/b><b><\/b><\/p>\n<p class=\"p1\">Eine gesunde W\u00e4hrung beruht nicht auf Auslandsschulden.<\/p>\n<p class=\"p1\"><i>\u00abDas Gold ist der Souver\u00e4n der Souver\u00e4ne\u00bb. Antoine de Rivarol.<\/i><i><\/i><\/p>\n<p class=\"p1\"><b>3. Wiederauff\u00fcllung der Goldreserven<\/b><b><\/b><\/p>\n<p class=\"p1\">Minimalziel : <b>sich der historischen Schwelle von 4 600 Tonnen ann\u00e4hern<\/b>.<\/p>\n<p class=\"p1\">Gold ist der einzige Verm\u00f6genswert, der wirklich sch\u00fctzt:<\/p>\n<p class=\"p1\">-Gegen die Inflation,<\/p>\n<p class=\"p1\">-Gegen das politische Risiko,<\/p>\n<p class=\"p1\">-Gegen den Verlust von Vertrauen,<\/p>\n<p class=\"p1\">-Gegen den systemischen Zusammenbruch.<\/p>\n<p class=\"p1\"><b>4. Erinnern Sie daran, dass Geld ein politisches Instrument - kein Finanzprodukt - ist.<\/b><b><\/b><\/p>\n<p class=\"p1\">Eine Nation, die die St\u00e4rke ihrer W\u00e4hrung nicht kontrolliert, verliert fr\u00fcher oder sp\u00e4ter die Kontrolle \u00fcber ihr Schicksal.<\/p>\n<p class=\"p1\"><b>Schlussfolgerung - Die Schweiz wird in einer instabilen Welt ohne Gold nicht \u00fcberleben<\/b><b><\/b><\/p>\n<p class=\"p1\">Die Schweiz war nie eine milit\u00e4rische Gro\u00dfmacht.<\/p>\n<p class=\"p1\">Sie wurde zu einer gro\u00dfen Wirtschaftsmacht, weil sie eine einzigartige Waffe hatte:<\/p>\n<p class=\"p1\"><b>die St\u00e4rke seines Franken als Garant f\u00fcr Freiheit und Souver\u00e4nit\u00e4t.<\/b><b><\/b><\/p>\n<p class=\"p1\">Heute beruht diese Solidit\u00e4t auf amerikanischem Papier.<\/p>\n<p class=\"p1\">Wir spielen Roulette mit dem Erbe von 1848.<\/p>\n<p class=\"p1\">Das Land muss aufwachen.<\/p>\n<p class=\"p1\">Die Parlamentarier m\u00fcssen die Angelegenheit sofort an sich ziehen.<\/p>\n<p class=\"p1\">Eine Pr\u00fcfung der SNB und ein nationaler Plan zur Wiederauff\u00fcllung der Goldreserven sind unerl\u00e4sslich - nicht morgen, <b>jetzt<\/b>.<\/p>\n<p class=\"p1\">Ohne eine gesunde W\u00e4hrung wird es keinen Wohlstand, keine Unabh\u00e4ngigkeit und keine direkte Demokratie geben.<\/p>\n<p class=\"p1\">Gold ist nicht die Vergangenheit.<\/p>\n<p class=\"p1\"><b>Er ist die Zukunft der Schweizer Souver\u00e4nit\u00e4t.<\/b><\/p>\n<p>&nbsp;<\/p>\n<p><strong>\ud83c\udde8\ud83c\udded Ohne Finanzierung gibt es keinen Widerstand. Unterst\u00fctzen Sie Schweizer Souver\u00e4nit\u00e4t jetzt : <\/strong><\/p>\n<p><a href=\"https:\/\/souverainete-suisse.ch\/de\/eine-spende-machen\/\"><strong>https:\/\/souverainete-suisse.ch\/faire-un-don\/<\/strong><\/a><\/p>","protected":false},"excerpt":{"rendered":"<p>Par Ludovic Malot \u2013 entrepreneur &amp; \u00e9conomiste Il y a une v\u00e9rit\u00e9 que personne n\u2019ose prononcer dans ce pays : la Suisse ne s\u2019est pas construite sur ses PME, mais sur la monnaie la plus solide d\u2019Occident, adoss\u00e9e \u00e0 l\u2019or physique. Tant que notre franc reposait sur un actif r\u00e9el, nous \u00e9tions souverains, respect\u00e9s, inattaquables. [&hellip;]<\/p>\n","protected":false},"author":2,"featured_media":314,"comment_status":"closed","ping_status":"closed","sticky":false,"template":"","format":"standard","meta":{"footnotes":""},"categories":[7],"tags":[],"class_list":["post-313","post","type-post","status-publish","format-standard","has-post-thumbnail","hentry","category-monnaie"],"yoast_head":"<!-- This site is optimized with the Yoast SEO plugin v26.9 - https:\/\/yoast.com\/product\/yoast-seo-wordpress\/ -->\n<title>L\u2019or : la v\u00e9ritable boussole strat\u00e9gique de la Suisse - Mouvement Souverainet\u00e9 Suisse<\/title>\n<meta name=\"robots\" content=\"index, follow, max-snippet:-1, max-image-preview:large, max-video-preview:-1\" \/>\n<link rel=\"canonical\" href=\"https:\/\/souverainete-suisse.ch\/de\/2025\/11\/lor-der-wahre-strategische-kompass-der-schweiz\/\" \/>\n<meta property=\"og:locale\" content=\"de_DE\" \/>\n<meta property=\"og:type\" content=\"article\" \/>\n<meta property=\"og:title\" content=\"L\u2019or : la v\u00e9ritable boussole strat\u00e9gique de la Suisse - Mouvement Souverainet\u00e9 Suisse\" \/>\n<meta property=\"og:description\" content=\"Par Ludovic Malot \u2013 entrepreneur &amp; \u00e9conomiste Il y a une v\u00e9rit\u00e9 que personne n\u2019ose prononcer dans ce pays : la Suisse ne s\u2019est pas construite sur ses PME, mais sur la monnaie la plus solide d\u2019Occident, adoss\u00e9e \u00e0 l\u2019or physique. Tant que notre franc reposait sur un actif r\u00e9el, nous \u00e9tions souverains, respect\u00e9s, inattaquables. [&hellip;]\" \/>\n<meta property=\"og:url\" content=\"https:\/\/souverainete-suisse.ch\/de\/2025\/11\/lor-der-wahre-strategische-kompass-der-schweiz\/\" \/>\n<meta property=\"og:site_name\" content=\"Mouvement Souverainet\u00e9 Suisse\" \/>\n<meta property=\"article:published_time\" content=\"2025-11-27T07:47:44+00:00\" \/>\n<meta property=\"article:modified_time\" content=\"2025-11-28T13:46:20+00:00\" \/>\n<meta property=\"og:image\" content=\"https:\/\/souverainete-suisse.ch\/wp-content\/uploads\/2025\/11\/or-1.jpeg\" \/>\n\t<meta property=\"og:image:width\" content=\"1536\" \/>\n\t<meta property=\"og:image:height\" content=\"1024\" \/>\n\t<meta property=\"og:image:type\" content=\"image\/jpeg\" \/>\n<meta name=\"author\" content=\"ludom\" \/>\n<meta name=\"twitter:card\" content=\"summary_large_image\" \/>\n<meta name=\"twitter:label1\" content=\"Verfasst von\" \/>\n\t<meta name=\"twitter:data1\" content=\"ludom\" \/>\n\t<meta name=\"twitter:label2\" content=\"Gesch\u00e4tzte Lesezeit\" \/>\n\t<meta name=\"twitter:data2\" content=\"6\u00a0Minuten\" \/>\n<script type=\"application\/ld+json\" class=\"yoast-schema-graph\">{\"@context\":\"https:\/\/schema.org\",\"@graph\":[{\"@type\":\"Article\",\"@id\":\"https:\/\/souverainete-suisse.ch\/2025\/11\/lor-la-veritable-boussole-strategique-de-la-suisse\/#article\",\"isPartOf\":{\"@id\":\"https:\/\/souverainete-suisse.ch\/2025\/11\/lor-la-veritable-boussole-strategique-de-la-suisse\/\"},\"author\":{\"name\":\"ludom\",\"@id\":\"https:\/\/souverainete-suisse.ch\/#\/schema\/person\/b25acb547faec24a94d7215216d68cbf\"},\"headline\":\"L\u2019or : la v\u00e9ritable boussole strat\u00e9gique de la Suisse\",\"datePublished\":\"2025-11-27T07:47:44+00:00\",\"dateModified\":\"2025-11-28T13:46:20+00:00\",\"mainEntityOfPage\":{\"@id\":\"https:\/\/souverainete-suisse.ch\/2025\/11\/lor-la-veritable-boussole-strategique-de-la-suisse\/\"},\"wordCount\":1114,\"publisher\":{\"@id\":\"https:\/\/souverainete-suisse.ch\/#organization\"},\"image\":{\"@id\":\"https:\/\/souverainete-suisse.ch\/2025\/11\/lor-la-veritable-boussole-strategique-de-la-suisse\/#primaryimage\"},\"thumbnailUrl\":\"https:\/\/souverainete-suisse.ch\/wp-content\/uploads\/2025\/11\/or-1.jpeg\",\"articleSection\":[\"Monnaie\"],\"inLanguage\":\"de\"},{\"@type\":\"WebPage\",\"@id\":\"https:\/\/souverainete-suisse.ch\/2025\/11\/lor-la-veritable-boussole-strategique-de-la-suisse\/\",\"url\":\"https:\/\/souverainete-suisse.ch\/2025\/11\/lor-la-veritable-boussole-strategique-de-la-suisse\/\",\"name\":\"L\u2019or : la v\u00e9ritable boussole strat\u00e9gique de la Suisse - Mouvement Souverainet\u00e9 Suisse\",\"isPartOf\":{\"@id\":\"https:\/\/souverainete-suisse.ch\/#website\"},\"primaryImageOfPage\":{\"@id\":\"https:\/\/souverainete-suisse.ch\/2025\/11\/lor-la-veritable-boussole-strategique-de-la-suisse\/#primaryimage\"},\"image\":{\"@id\":\"https:\/\/souverainete-suisse.ch\/2025\/11\/lor-la-veritable-boussole-strategique-de-la-suisse\/#primaryimage\"},\"thumbnailUrl\":\"https:\/\/souverainete-suisse.ch\/wp-content\/uploads\/2025\/11\/or-1.jpeg\",\"datePublished\":\"2025-11-27T07:47:44+00:00\",\"dateModified\":\"2025-11-28T13:46:20+00:00\",\"breadcrumb\":{\"@id\":\"https:\/\/souverainete-suisse.ch\/2025\/11\/lor-la-veritable-boussole-strategique-de-la-suisse\/#breadcrumb\"},\"inLanguage\":\"de\",\"potentialAction\":[{\"@type\":\"ReadAction\",\"target\":[\"https:\/\/souverainete-suisse.ch\/2025\/11\/lor-la-veritable-boussole-strategique-de-la-suisse\/\"]}]},{\"@type\":\"ImageObject\",\"inLanguage\":\"de\",\"@id\":\"https:\/\/souverainete-suisse.ch\/2025\/11\/lor-la-veritable-boussole-strategique-de-la-suisse\/#primaryimage\",\"url\":\"https:\/\/souverainete-suisse.ch\/wp-content\/uploads\/2025\/11\/or-1.jpeg\",\"contentUrl\":\"https:\/\/souverainete-suisse.ch\/wp-content\/uploads\/2025\/11\/or-1.jpeg\",\"width\":1536,\"height\":1024},{\"@type\":\"BreadcrumbList\",\"@id\":\"https:\/\/souverainete-suisse.ch\/2025\/11\/lor-la-veritable-boussole-strategique-de-la-suisse\/#breadcrumb\",\"itemListElement\":[{\"@type\":\"ListItem\",\"position\":1,\"name\":\"Accueil\",\"item\":\"https:\/\/souverainete-suisse.ch\/\"},{\"@type\":\"ListItem\",\"position\":2,\"name\":\"L\u2019or : la v\u00e9ritable boussole strat\u00e9gique de la Suisse\"}]},{\"@type\":\"WebSite\",\"@id\":\"https:\/\/souverainete-suisse.ch\/#website\",\"url\":\"https:\/\/souverainete-suisse.ch\/\",\"name\":\"Mouvement Souverainet\u00e9 Suisse\",\"description\":\"\",\"publisher\":{\"@id\":\"https:\/\/souverainete-suisse.ch\/#organization\"},\"potentialAction\":[{\"@type\":\"SearchAction\",\"target\":{\"@type\":\"EntryPoint\",\"urlTemplate\":\"https:\/\/souverainete-suisse.ch\/?s={search_term_string}\"},\"query-input\":{\"@type\":\"PropertyValueSpecification\",\"valueRequired\":true,\"valueName\":\"search_term_string\"}}],\"inLanguage\":\"de\"},{\"@type\":\"Organization\",\"@id\":\"https:\/\/souverainete-suisse.ch\/#organization\",\"name\":\"Mouvement Souverainet\u00e9 Suisse\",\"url\":\"https:\/\/souverainete-suisse.ch\/\",\"logo\":{\"@type\":\"ImageObject\",\"inLanguage\":\"de\",\"@id\":\"https:\/\/souverainete-suisse.ch\/#\/schema\/logo\/image\/\",\"url\":\"https:\/\/souverainete-suisse.ch\/wp-content\/uploads\/2025\/11\/logo.png\",\"contentUrl\":\"https:\/\/souverainete-suisse.ch\/wp-content\/uploads\/2025\/11\/logo.png\",\"width\":2053,\"height\":1461,\"caption\":\"Mouvement Souverainet\u00e9 Suisse\"},\"image\":{\"@id\":\"https:\/\/souverainete-suisse.ch\/#\/schema\/logo\/image\/\"}},{\"@type\":\"Person\",\"@id\":\"https:\/\/souverainete-suisse.ch\/#\/schema\/person\/b25acb547faec24a94d7215216d68cbf\",\"name\":\"ludom\",\"image\":{\"@type\":\"ImageObject\",\"inLanguage\":\"de\",\"@id\":\"https:\/\/souverainete-suisse.ch\/#\/schema\/person\/image\/\",\"url\":\"https:\/\/secure.gravatar.com\/avatar\/77b40fd8e49e537abcea7487b290688ce92143c3443b1d3f419149c67282ffb4?s=96&d=mm&r=g\",\"contentUrl\":\"https:\/\/secure.gravatar.com\/avatar\/77b40fd8e49e537abcea7487b290688ce92143c3443b1d3f419149c67282ffb4?s=96&d=mm&r=g\",\"caption\":\"ludom\"},\"url\":\"https:\/\/souverainete-suisse.ch\/de\/author\/ludom\/\"}]}<\/script>\n<!-- \/ Yoast SEO plugin. -->","yoast_head_json":{"title":"Gold: Der wahre strategische Kompass der Schweiz - Bewegung Souver\u00e4ne Schweiz","robots":{"index":"index","follow":"follow","max-snippet":"max-snippet:-1","max-image-preview":"max-image-preview:large","max-video-preview":"max-video-preview:-1"},"canonical":"https:\/\/souverainete-suisse.ch\/de\/2025\/11\/lor-der-wahre-strategische-kompass-der-schweiz\/","og_locale":"de_DE","og_type":"article","og_title":"L\u2019or : la v\u00e9ritable boussole strat\u00e9gique de la Suisse - Mouvement Souverainet\u00e9 Suisse","og_description":"Par Ludovic Malot \u2013 entrepreneur &amp; \u00e9conomiste Il y a une v\u00e9rit\u00e9 que personne n\u2019ose prononcer dans ce pays : la Suisse ne s\u2019est pas construite sur ses PME, mais sur la monnaie la plus solide d\u2019Occident, adoss\u00e9e \u00e0 l\u2019or physique. Tant que notre franc reposait sur un actif r\u00e9el, nous \u00e9tions souverains, respect\u00e9s, inattaquables. [&hellip;]","og_url":"https:\/\/souverainete-suisse.ch\/de\/2025\/11\/lor-der-wahre-strategische-kompass-der-schweiz\/","og_site_name":"Mouvement Souverainet\u00e9 Suisse","article_published_time":"2025-11-27T07:47:44+00:00","article_modified_time":"2025-11-28T13:46:20+00:00","og_image":[{"width":1536,"height":1024,"url":"https:\/\/souverainete-suisse.ch\/wp-content\/uploads\/2025\/11\/or-1.jpeg","type":"image\/jpeg"}],"author":"ludom","twitter_card":"summary_large_image","twitter_misc":{"Verfasst von":"ludom","Gesch\u00e4tzte Lesezeit":"6\u00a0Minuten"},"schema":{"@context":"https:\/\/schema.org","@graph":[{"@type":"Article","@id":"https:\/\/souverainete-suisse.ch\/2025\/11\/lor-la-veritable-boussole-strategique-de-la-suisse\/#article","isPartOf":{"@id":"https:\/\/souverainete-suisse.ch\/2025\/11\/lor-la-veritable-boussole-strategique-de-la-suisse\/"},"author":{"name":"ludom","@id":"https:\/\/souverainete-suisse.ch\/#\/schema\/person\/b25acb547faec24a94d7215216d68cbf"},"headline":"L\u2019or : la v\u00e9ritable boussole strat\u00e9gique de la Suisse","datePublished":"2025-11-27T07:47:44+00:00","dateModified":"2025-11-28T13:46:20+00:00","mainEntityOfPage":{"@id":"https:\/\/souverainete-suisse.ch\/2025\/11\/lor-la-veritable-boussole-strategique-de-la-suisse\/"},"wordCount":1114,"publisher":{"@id":"https:\/\/souverainete-suisse.ch\/#organization"},"image":{"@id":"https:\/\/souverainete-suisse.ch\/2025\/11\/lor-la-veritable-boussole-strategique-de-la-suisse\/#primaryimage"},"thumbnailUrl":"https:\/\/souverainete-suisse.ch\/wp-content\/uploads\/2025\/11\/or-1.jpeg","articleSection":["Monnaie"],"inLanguage":"de"},{"@type":"WebPage","@id":"https:\/\/souverainete-suisse.ch\/2025\/11\/lor-la-veritable-boussole-strategique-de-la-suisse\/","url":"https:\/\/souverainete-suisse.ch\/2025\/11\/lor-la-veritable-boussole-strategique-de-la-suisse\/","name":"Gold: Der wahre strategische Kompass der Schweiz - Bewegung Souver\u00e4ne Schweiz","isPartOf":{"@id":"https:\/\/souverainete-suisse.ch\/#website"},"primaryImageOfPage":{"@id":"https:\/\/souverainete-suisse.ch\/2025\/11\/lor-la-veritable-boussole-strategique-de-la-suisse\/#primaryimage"},"image":{"@id":"https:\/\/souverainete-suisse.ch\/2025\/11\/lor-la-veritable-boussole-strategique-de-la-suisse\/#primaryimage"},"thumbnailUrl":"https:\/\/souverainete-suisse.ch\/wp-content\/uploads\/2025\/11\/or-1.jpeg","datePublished":"2025-11-27T07:47:44+00:00","dateModified":"2025-11-28T13:46:20+00:00","breadcrumb":{"@id":"https:\/\/souverainete-suisse.ch\/2025\/11\/lor-la-veritable-boussole-strategique-de-la-suisse\/#breadcrumb"},"inLanguage":"de","potentialAction":[{"@type":"ReadAction","target":["https:\/\/souverainete-suisse.ch\/2025\/11\/lor-la-veritable-boussole-strategique-de-la-suisse\/"]}]},{"@type":"ImageObject","inLanguage":"de","@id":"https:\/\/souverainete-suisse.ch\/2025\/11\/lor-la-veritable-boussole-strategique-de-la-suisse\/#primaryimage","url":"https:\/\/souverainete-suisse.ch\/wp-content\/uploads\/2025\/11\/or-1.jpeg","contentUrl":"https:\/\/souverainete-suisse.ch\/wp-content\/uploads\/2025\/11\/or-1.jpeg","width":1536,"height":1024},{"@type":"BreadcrumbList","@id":"https:\/\/souverainete-suisse.ch\/2025\/11\/lor-la-veritable-boussole-strategique-de-la-suisse\/#breadcrumb","itemListElement":[{"@type":"ListItem","position":1,"name":"Accueil","item":"https:\/\/souverainete-suisse.ch\/"},{"@type":"ListItem","position":2,"name":"L\u2019or : la v\u00e9ritable boussole strat\u00e9gique de la Suisse"}]},{"@type":"WebSite","@id":"https:\/\/souverainete-suisse.ch\/#website","url":"https:\/\/souverainete-suisse.ch\/","name":"Bewegung Souver\u00e4ne Schweiz","description":"","publisher":{"@id":"https:\/\/souverainete-suisse.ch\/#organization"},"potentialAction":[{"@type":"SearchAction","target":{"@type":"EntryPoint","urlTemplate":"https:\/\/souverainete-suisse.ch\/?s={search_term_string}"},"query-input":{"@type":"PropertyValueSpecification","valueRequired":true,"valueName":"search_term_string"}}],"inLanguage":"de"},{"@type":"Organization","@id":"https:\/\/souverainete-suisse.ch\/#organization","name":"Bewegung Souver\u00e4ne Schweiz","url":"https:\/\/souverainete-suisse.ch\/","logo":{"@type":"ImageObject","inLanguage":"de","@id":"https:\/\/souverainete-suisse.ch\/#\/schema\/logo\/image\/","url":"https:\/\/souverainete-suisse.ch\/wp-content\/uploads\/2025\/11\/logo.png","contentUrl":"https:\/\/souverainete-suisse.ch\/wp-content\/uploads\/2025\/11\/logo.png","width":2053,"height":1461,"caption":"Mouvement Souverainet\u00e9 Suisse"},"image":{"@id":"https:\/\/souverainete-suisse.ch\/#\/schema\/logo\/image\/"}},{"@type":"Person","@id":"https:\/\/souverainete-suisse.ch\/#\/schema\/person\/b25acb547faec24a94d7215216d68cbf","name":"ludom","image":{"@type":"ImageObject","inLanguage":"de","@id":"https:\/\/souverainete-suisse.ch\/#\/schema\/person\/image\/","url":"https:\/\/secure.gravatar.com\/avatar\/77b40fd8e49e537abcea7487b290688ce92143c3443b1d3f419149c67282ffb4?s=96&d=mm&r=g","contentUrl":"https:\/\/secure.gravatar.com\/avatar\/77b40fd8e49e537abcea7487b290688ce92143c3443b1d3f419149c67282ffb4?s=96&d=mm&r=g","caption":"ludom"},"url":"https:\/\/souverainete-suisse.ch\/de\/author\/ludom\/"}]}},"_links":{"self":[{"href":"https:\/\/souverainete-suisse.ch\/de\/wp-json\/wp\/v2\/posts\/313","targetHints":{"allow":["GET"]}}],"collection":[{"href":"https:\/\/souverainete-suisse.ch\/de\/wp-json\/wp\/v2\/posts"}],"about":[{"href":"https:\/\/souverainete-suisse.ch\/de\/wp-json\/wp\/v2\/types\/post"}],"author":[{"embeddable":true,"href":"https:\/\/souverainete-suisse.ch\/de\/wp-json\/wp\/v2\/users\/2"}],"replies":[{"embeddable":true,"href":"https:\/\/souverainete-suisse.ch\/de\/wp-json\/wp\/v2\/comments?post=313"}],"version-history":[{"count":4,"href":"https:\/\/souverainete-suisse.ch\/de\/wp-json\/wp\/v2\/posts\/313\/revisions"}],"predecessor-version":[{"id":367,"href":"https:\/\/souverainete-suisse.ch\/de\/wp-json\/wp\/v2\/posts\/313\/revisions\/367"}],"wp:featuredmedia":[{"embeddable":true,"href":"https:\/\/souverainete-suisse.ch\/de\/wp-json\/wp\/v2\/media\/314"}],"wp:attachment":[{"href":"https:\/\/souverainete-suisse.ch\/de\/wp-json\/wp\/v2\/media?parent=313"}],"wp:term":[{"taxonomy":"category","embeddable":true,"href":"https:\/\/souverainete-suisse.ch\/de\/wp-json\/wp\/v2\/categories?post=313"},{"taxonomy":"post_tag","embeddable":true,"href":"https:\/\/souverainete-suisse.ch\/de\/wp-json\/wp\/v2\/tags?post=313"}],"curies":[{"name":"wp","href":"https:\/\/api.w.org\/{rel}","templated":true}]}}