{"id":902,"date":"2026-02-19T09:58:47","date_gmt":"2026-02-19T08:58:47","guid":{"rendered":"https:\/\/souverainete-suisse.ch\/?p=902"},"modified":"2026-02-19T13:48:38","modified_gmt":"2026-02-19T12:48:38","slug":"svizzera-ue-il-modello-partecipativo-svizzero-ha-il-tempo-contato","status":"publish","type":"post","link":"http:\/\/souverainete-suisse.ch\/it\/2026\/02\/svizzera-ue-il-modello-partecipativo-svizzero-ha-il-tempo-contato\/","title":{"rendered":"Svizzera-UE: il modello partecipativo svizzero ha i giorni contati?"},"content":{"rendered":"<p><em>In un momento in cui si intensifica il dibattito sugli accordi di integrazione Svizzera-UE, una voce proveniente dal pi\u00f9 alto livello industriale europeo disturba il consenso prevalente. In un'intervista rilasciata a Die Weltwoche (15 febbraio 2026), Wolfgang Reitzle - un dirigente esperto con una conoscenza approfondita delle strutture economiche e giuridiche dell'UE - mette in guardia da uno sviluppo che andrebbe ben oltre la semplice cooperazione commerciale.<\/em><\/p>\n<p><em>Il punto non \u00e8 l'accesso al mercato, ma qualcosa di pi\u00f9 fondamentale: la compatibilit\u00e0 tra il sistema giuridico dell'UE e il modello istituzionale svizzero basato sulla democrazia diretta.<\/em><\/p>\n<p>&nbsp;<\/p>\n<p id=\"ember1157\" class=\"ember-view reader-text-block__paragraph\"><strong>Fonte :<\/strong> Die Weltwoche, 15 febbraio 2026<\/p>\n<p id=\"ember1158\" class=\"ember-view reader-text-block__paragraph\">(Traduzione di un'intervista con Wolfgang Reitzle)<\/p>\n<p id=\"ember1159\" class=\"ember-view reader-text-block__paragraph\">Un importante dirigente tedesco con sede in Svizzera lancia l'allarme.<\/p>\n<p id=\"ember1160\" class=\"ember-view reader-text-block__paragraph\">E queste non sono le parole di un oppositore marginale o di un attivista politico.<\/p>\n<p id=\"ember1161\" class=\"ember-view reader-text-block__paragraph\">Wolfgang Reitzle - ex Presidente del Consiglio di Amministrazione di LafargeHolcim, membro del Consiglio di Sorveglianza di Deutsche Telekom e attuale Presidente del Consiglio di Sorveglianza di Continental AG - conosce a fondo il funzionamento industriale e istituzionale dell'Europa.<\/p>\n<p id=\"ember1162\" class=\"ember-view reader-text-block__paragraph\">La sua valutazione degli accordi di integrazione del 2024 tra la Svizzera e l'UE \u00e8 chiarissima:<\/p>\n<p id=\"ember1163\" class=\"ember-view reader-text-block__paragraph\">il rischio non \u00e8 commerciale. \u00c8 sistemico.<\/p>\n<h3 id=\"ember1164\" class=\"ember-view reader-text-block__heading-3\">1. Un falso dibattito commerciale<\/h3>\n<p id=\"ember1165\" class=\"ember-view reader-text-block__paragraph\">A suo avviso, la Svizzera potrebbe benissimo concludere <strong>accordi settoriali mirati<\/strong> con l'Unione Europea.<\/p>\n<p id=\"ember1166\" class=\"ember-view reader-text-block__paragraph\">La vera domanda \u00e8 altrove:<\/p>\n<blockquote id=\"ember1167\" class=\"ember-view reader-text-block__blockquote\"><p>Perch\u00e9 l'intera popolazione svizzera dovrebbe essere soggetta al sistema giuridico dell'UE?<\/p><\/blockquote>\n<p id=\"ember1168\" class=\"ember-view reader-text-block__paragraph\">La Svizzera non fa parte dell'UE.<\/p>\n<p id=\"ember1169\" class=\"ember-view reader-text-block__paragraph\">Non elegge la Commissione, il Parlamento europeo o i giudici della Corte di giustizia.<\/p>\n<p id=\"ember1170\" class=\"ember-view reader-text-block__paragraph\">I nuovi meccanismi prevedono un allineamento dinamico del diritto, con un ruolo centrale della Corte di giustizia dell'Unione europea in caso di controversia.<\/p>\n<p id=\"ember1171\" class=\"ember-view reader-text-block__paragraph\">Non si tratta pi\u00f9 di accesso al mercato.<\/p>\n<p id=\"ember1172\" class=\"ember-view reader-text-block__paragraph\">Stiamo parlando di una gerarchia normativa.<\/p>\n<h3 id=\"ember1173\" class=\"ember-view reader-text-block__heading-3\">2. La questione istituzionale: democrazia diretta vs. primato esterno<\/h3>\n<p id=\"ember1174\" class=\"ember-view reader-text-block__paragraph\">La critica di Reitzle ha conseguenze di vasta portata:<\/p>\n<blockquote id=\"ember1175\" class=\"ember-view reader-text-block__blockquote\"><p>La Corte di giustizia non si limita a pronunciarsi sul diritto, ma agisce anche come organo di esecuzione della Commissione.<\/p><\/blockquote>\n<p id=\"ember1176\" class=\"ember-view reader-text-block__paragraph\">Indipendentemente dal fatto che si sia d'accordo o meno con questa valutazione, un fatto spicca:<\/p>\n<ul>\n<li>In Svizzera, la sovranit\u00e0 popolare consente iniziative e referendum.<\/li>\n<li>Nell'UE, la legge ha la precedenza sulle costituzioni nazionali.<\/li>\n<li>Le decisioni della CGUE sono vincolanti e definitive.<\/li>\n<\/ul>\n<p id=\"ember1178\" class=\"ember-view reader-text-block__paragraph\">La tensione \u00e8 evidente.<\/p>\n<p id=\"ember1179\" class=\"ember-view reader-text-block__paragraph\">Possiamo mantenere un modello partecipativo basato sulla democrazia diretta se, in caso di conflitto, l'arbitrato finale \u00e8 fuori dalle mani delle istituzioni svizzere?<\/p>\n<h3 id=\"ember1180\" class=\"ember-view reader-text-block__heading-3\">3. Burocrazia e competitivit\u00e0: un dibattito poco studiato<\/h3>\n<p id=\"ember1181\" class=\"ember-view reader-text-block__paragraph\">L'altra critica mossa riguarda la burocratizzazione.<\/p>\n<p id=\"ember1182\" class=\"ember-view reader-text-block__paragraph\">Alcune cifre utili per contestualizzare le cose:<\/p>\n<ul>\n<li>Nel 2025, la Commissione europea ha introdotto pi\u00f9 di 1.400 atti legislativi (il maggior numero dal 2010).<\/li>\n<li>Le aziende tedesche denunciano un crescente sovraccarico normativo.<\/li>\n<li>La percentuale di PMI nell'economia svizzera (oltre il 99 % delle aziende) rende il Paese particolarmente sensibile all'inflazione standard.<\/li>\n<\/ul>\n<p id=\"ember1184\" class=\"ember-view reader-text-block__paragraph\">La competitivit\u00e0 della Svizzera si basa su :<\/p>\n<ul>\n<li>certezza del diritto,<\/li>\n<li>rapido processo decisionale,<\/li>\n<li>stabilit\u00e0 fiscale,<\/li>\n<li>e una somministrazione relativamente leggera.<\/li>\n<\/ul>\n<p id=\"ember1186\" class=\"ember-view reader-text-block__paragraph\">Qualsiasi importazione automatica di leggi straniere solleva automaticamente la questione dei costi di conformit\u00e0.<\/p>\n<h3 id=\"ember1187\" class=\"ember-view reader-text-block__heading-3\">4. Il cuore della questione: l'indipendenza decisionale<\/h3>\n<p id=\"ember1188\" class=\"ember-view reader-text-block__paragraph\">Il dibattito non \u00e8 emotivo. \u00c8 istituzionale.<\/p>\n<p id=\"ember1189\" class=\"ember-view reader-text-block__paragraph\">La Svizzera \u00e8 :<\/p>\n<ul>\n<li>uno Stato federale,<\/li>\n<li>democrazia semidiretta,<\/li>\n<li>un sistema basato sulla sussidiariet\u00e0 e sul compromesso interno.<\/li>\n<\/ul>\n<p id=\"ember1191\" class=\"ember-view reader-text-block__paragraph\">L'UE \u00e8 :<\/p>\n<ul>\n<li>una costruzione sovranazionale,<\/li>\n<li>basato sul primato del diritto europeo,<\/li>\n<li>strutturato attorno a un potente esecutivo (Commissione).<\/li>\n<\/ul>\n<p id=\"ember1193\" class=\"ember-view reader-text-block__paragraph\">Questi due approcci possono funzionare insieme.<\/p>\n<p id=\"ember1194\" class=\"ember-view reader-text-block__paragraph\">Ma possono fondersi senza alterare uno dei due?<\/p>\n<p id=\"ember1195\" class=\"ember-view reader-text-block__paragraph\">Reitzle parla di un \u00absistema di eccessiva burocratizzazione\u00bb che potrebbe, a lungo termine, indebolire l'indipendenza svizzera.<\/p>\n<p id=\"ember1196\" class=\"ember-view reader-text-block__paragraph\">Possiamo discutere del tono.<\/p>\n<p id=\"ember1197\" class=\"ember-view reader-text-block__paragraph\">Ma la domanda deve essere posta seriamente.<\/p>\n<h3 id=\"ember1198\" class=\"ember-view reader-text-block__heading-3\">Che cosa dovrebbe essere oggetto del dibattito<\/h3>\n<p id=\"ember1199\" class=\"ember-view reader-text-block__paragraph\">\u2714\ufe0f Quali settori richiedono davvero un allineamento dinamico?<\/p>\n<p id=\"ember1200\" class=\"ember-view reader-text-block__paragraph\">\u2714\ufe0f Esistono alternative puramente commerciali?<\/p>\n<p id=\"ember1201\" class=\"ember-view reader-text-block__paragraph\">\u2714\ufe0f Che impatto avrebbe sulle future iniziative popolari?<\/p>\n<p id=\"ember1202\" class=\"ember-view reader-text-block__paragraph\">\u2714\ufe0f Quali garanzie istituzionali sono davvero vincolanti?<\/p>\n<p id=\"ember1203\" class=\"ember-view reader-text-block__paragraph\">\u2714\ufe0f Il rapporto costi\/benefici \u00e8 stato oggettivamente quantificato?<\/p>\n<h3 id=\"ember1205\" class=\"ember-view reader-text-block__heading-3\">Conclusione: scegliere un modello di civilt\u00e0<\/h3>\n<p id=\"ember1206\" class=\"ember-view reader-text-block__paragraph\">In fin dei conti, non si tratta solo di economia.<\/p>\n<p id=\"ember1207\" class=\"ember-view reader-text-block__paragraph\">\u00c8 il modello svizzero stesso:<\/p>\n<p id=\"ember1208\" class=\"ember-view reader-text-block__paragraph\">Un Paese in cui i cittadini possano correggere le \u00e9lite politiche.<\/p>\n<p id=\"ember1209\" class=\"ember-view reader-text-block__paragraph\">Un Paese in cui la legittimit\u00e0 deriva dal voto popolare.<\/p>\n<p id=\"ember1210\" class=\"ember-view reader-text-block__paragraph\">Un Paese che non ha mai delegato il suo arbitro ultimo a una giurisdizione esterna.<\/p>\n<p id=\"ember1211\" class=\"ember-view reader-text-block__paragraph\">La domanda non \u00e8 :<\/p>\n<p id=\"ember1212\" class=\"ember-view reader-text-block__paragraph\">\u00abEssere a favore o contro l'Europa.\u00bb<\/p>\n<p id=\"ember1213\" class=\"ember-view reader-text-block__paragraph\">La domanda \u00e8:<\/p>\n<p id=\"ember1214\" class=\"ember-view reader-text-block__paragraph\"><strong>La Svizzera vuole rimanere l'artefice delle proprie regole o diventare l'amministratore locale di un ordine giuridico esterno?<\/strong><\/p>\n<p id=\"ember1215\" class=\"ember-view reader-text-block__paragraph\">Il dibattito \u00e8 aperto.<\/p>\n<p id=\"ember1216\" class=\"ember-view reader-text-block__paragraph\">Ma alla fine deve essere condotta senza tab\u00f9.<\/p>\n<p id=\"ember1218\" class=\"ember-view reader-text-block__paragraph\"><strong>\ud83c\udde8\ud83c\uddedCe che i media tacciono, noi analizziamo. Quello che Berna negozia, noi lo analizziamo. Unitevi ora al nostro HQ su Telegram: <\/strong><a class=\"KXeSskFxPcHcYGqDNljHNerDvqxGdzBnZf\" tabindex=\"0\" href=\"https:\/\/t.me\/sovranitasvizzera\" target=\"_self\" data-test-app-aware-link=\"\"><strong>https:\/\/t.me\/sovranitasvizzera<\/strong><\/a><\/p>","protected":false},"excerpt":{"rendered":"<p>Alors que le d\u00e9bat sur les accords d\u2019int\u00e9gration Suisse\u2013UE s\u2019intensifie, une voix issue du plus haut niveau industriel europ\u00e9en vient troubler le consensus ambiant. Dans un entretien accord\u00e9 \u00e0 Die Weltwoche (15 f\u00e9vrier 2026), Wolfgang Reitzle \u2014 dirigeant exp\u00e9riment\u00e9, fin connaisseur des structures \u00e9conomiques et juridiques de l\u2019Union \u2014 met en garde contre une \u00e9volution [&hellip;]<\/p>\n","protected":false},"author":2,"featured_media":903,"comment_status":"closed","ping_status":"closed","sticky":false,"template":"","format":"standard","meta":{"footnotes":""},"categories":[8,11],"tags":[],"class_list":["post-902","post","type-post","status-publish","format-standard","has-post-thumbnail","hentry","category-politique-interieure","category-ue"],"yoast_head":"<!-- This site is optimized with the Yoast SEO plugin v26.9 - https:\/\/yoast.com\/product\/yoast-seo-wordpress\/ -->\n<title>Suisse\u2013UE : le mod\u00e8le participatif helv\u00e9tique en sursis? - Mouvement Souverainet\u00e9 Suisse<\/title>\n<meta name=\"description\" content=\"Accords Suisse-UE 2024 : Wolfgang Reitzle (Die Weltwoche, 15.02.2026) alerte sur un risque syst\u00e9mique. Alignement dynamique du droit, r\u00f4le de la CJUE, primaut\u00e9 normative, bureaucratie et impact sur la d\u00e9mocratie directe et les PME. Analyse institutionnelle et enjeux pour la souverainet\u00e9 suisse\" \/>\n<meta name=\"robots\" content=\"index, follow, max-snippet:-1, max-image-preview:large, max-video-preview:-1\" \/>\n<link rel=\"canonical\" href=\"https:\/\/souverainete-suisse.ch\/it\/2026\/02\/svizzera-ue-il-modello-partecipativo-svizzero-ha-il-tempo-contato\/\" \/>\n<meta property=\"og:locale\" content=\"it_IT\" \/>\n<meta property=\"og:type\" content=\"article\" \/>\n<meta property=\"og:title\" content=\"Suisse\u2013UE : le mod\u00e8le participatif helv\u00e9tique en sursis? - Mouvement Souverainet\u00e9 Suisse\" \/>\n<meta property=\"og:description\" content=\"Accords Suisse-UE 2024 : Wolfgang Reitzle (Die Weltwoche, 15.02.2026) alerte sur un risque syst\u00e9mique. Alignement dynamique du droit, r\u00f4le de la CJUE, primaut\u00e9 normative, bureaucratie et impact sur la d\u00e9mocratie directe et les PME. Analyse institutionnelle et enjeux pour la souverainet\u00e9 suisse\" \/>\n<meta property=\"og:url\" content=\"https:\/\/souverainete-suisse.ch\/it\/2026\/02\/svizzera-ue-il-modello-partecipativo-svizzero-ha-il-tempo-contato\/\" \/>\n<meta property=\"og:site_name\" content=\"Mouvement Souverainet\u00e9 Suisse\" \/>\n<meta property=\"article:published_time\" content=\"2026-02-19T08:58:47+00:00\" \/>\n<meta property=\"article:modified_time\" content=\"2026-02-19T12:48:38+00:00\" \/>\n<meta property=\"og:image\" content=\"https:\/\/souverainete-suisse.ch\/wp-content\/uploads\/2026\/02\/wolfgang.jpg\" \/>\n\t<meta property=\"og:image:width\" content=\"900\" \/>\n\t<meta property=\"og:image:height\" content=\"600\" \/>\n\t<meta property=\"og:image:type\" content=\"image\/jpeg\" \/>\n<meta name=\"author\" content=\"ludom\" \/>\n<meta name=\"twitter:card\" content=\"summary_large_image\" \/>\n<meta name=\"twitter:label1\" content=\"Scritto da\" \/>\n\t<meta name=\"twitter:data1\" content=\"ludom\" \/>\n\t<meta name=\"twitter:label2\" content=\"Tempo di lettura stimato\" \/>\n\t<meta name=\"twitter:data2\" content=\"4 minuti\" \/>\n<script type=\"application\/ld+json\" class=\"yoast-schema-graph\">{\"@context\":\"https:\/\/schema.org\",\"@graph\":[{\"@type\":\"Article\",\"@id\":\"https:\/\/souverainete-suisse.ch\/2026\/02\/suisse-ue-le-modele-participatif-helvetique-en-sursis\/#article\",\"isPartOf\":{\"@id\":\"https:\/\/souverainete-suisse.ch\/2026\/02\/suisse-ue-le-modele-participatif-helvetique-en-sursis\/\"},\"author\":{\"name\":\"ludom\",\"@id\":\"https:\/\/souverainete-suisse.ch\/#\/schema\/person\/b25acb547faec24a94d7215216d68cbf\"},\"headline\":\"Suisse\u2013UE : le mod\u00e8le participatif helv\u00e9tique en sursis?\",\"datePublished\":\"2026-02-19T08:58:47+00:00\",\"dateModified\":\"2026-02-19T12:48:38+00:00\",\"mainEntityOfPage\":{\"@id\":\"https:\/\/souverainete-suisse.ch\/2026\/02\/suisse-ue-le-modele-participatif-helvetique-en-sursis\/\"},\"wordCount\":876,\"publisher\":{\"@id\":\"https:\/\/souverainete-suisse.ch\/#organization\"},\"image\":{\"@id\":\"https:\/\/souverainete-suisse.ch\/2026\/02\/suisse-ue-le-modele-participatif-helvetique-en-sursis\/#primaryimage\"},\"thumbnailUrl\":\"https:\/\/souverainete-suisse.ch\/wp-content\/uploads\/2026\/02\/wolfgang.jpg\",\"articleSection\":[\"Politique int\u00e9rieure\",\"UE\"],\"inLanguage\":\"it-IT\"},{\"@type\":\"WebPage\",\"@id\":\"https:\/\/souverainete-suisse.ch\/2026\/02\/suisse-ue-le-modele-participatif-helvetique-en-sursis\/\",\"url\":\"https:\/\/souverainete-suisse.ch\/2026\/02\/suisse-ue-le-modele-participatif-helvetique-en-sursis\/\",\"name\":\"Suisse\u2013UE : le mod\u00e8le participatif helv\u00e9tique en sursis? - Mouvement Souverainet\u00e9 Suisse\",\"isPartOf\":{\"@id\":\"https:\/\/souverainete-suisse.ch\/#website\"},\"primaryImageOfPage\":{\"@id\":\"https:\/\/souverainete-suisse.ch\/2026\/02\/suisse-ue-le-modele-participatif-helvetique-en-sursis\/#primaryimage\"},\"image\":{\"@id\":\"https:\/\/souverainete-suisse.ch\/2026\/02\/suisse-ue-le-modele-participatif-helvetique-en-sursis\/#primaryimage\"},\"thumbnailUrl\":\"https:\/\/souverainete-suisse.ch\/wp-content\/uploads\/2026\/02\/wolfgang.jpg\",\"datePublished\":\"2026-02-19T08:58:47+00:00\",\"dateModified\":\"2026-02-19T12:48:38+00:00\",\"description\":\"Accords Suisse-UE 2024 : Wolfgang Reitzle (Die Weltwoche, 15.02.2026) alerte sur un risque syst\u00e9mique. Alignement dynamique du droit, r\u00f4le de la CJUE, primaut\u00e9 normative, bureaucratie et impact sur la d\u00e9mocratie directe et les PME. Analyse institutionnelle et enjeux pour la souverainet\u00e9 suisse\",\"breadcrumb\":{\"@id\":\"https:\/\/souverainete-suisse.ch\/2026\/02\/suisse-ue-le-modele-participatif-helvetique-en-sursis\/#breadcrumb\"},\"inLanguage\":\"it-IT\",\"potentialAction\":[{\"@type\":\"ReadAction\",\"target\":[\"https:\/\/souverainete-suisse.ch\/2026\/02\/suisse-ue-le-modele-participatif-helvetique-en-sursis\/\"]}]},{\"@type\":\"ImageObject\",\"inLanguage\":\"it-IT\",\"@id\":\"https:\/\/souverainete-suisse.ch\/2026\/02\/suisse-ue-le-modele-participatif-helvetique-en-sursis\/#primaryimage\",\"url\":\"https:\/\/souverainete-suisse.ch\/wp-content\/uploads\/2026\/02\/wolfgang.jpg\",\"contentUrl\":\"https:\/\/souverainete-suisse.ch\/wp-content\/uploads\/2026\/02\/wolfgang.jpg\",\"width\":900,\"height\":600},{\"@type\":\"BreadcrumbList\",\"@id\":\"https:\/\/souverainete-suisse.ch\/2026\/02\/suisse-ue-le-modele-participatif-helvetique-en-sursis\/#breadcrumb\",\"itemListElement\":[{\"@type\":\"ListItem\",\"position\":1,\"name\":\"Accueil\",\"item\":\"https:\/\/souverainete-suisse.ch\/\"},{\"@type\":\"ListItem\",\"position\":2,\"name\":\"Suisse\u2013UE : le mod\u00e8le participatif helv\u00e9tique en sursis?\"}]},{\"@type\":\"WebSite\",\"@id\":\"https:\/\/souverainete-suisse.ch\/#website\",\"url\":\"https:\/\/souverainete-suisse.ch\/\",\"name\":\"Mouvement Souverainet\u00e9 Suisse\",\"description\":\"\",\"publisher\":{\"@id\":\"https:\/\/souverainete-suisse.ch\/#organization\"},\"potentialAction\":[{\"@type\":\"SearchAction\",\"target\":{\"@type\":\"EntryPoint\",\"urlTemplate\":\"https:\/\/souverainete-suisse.ch\/?s={search_term_string}\"},\"query-input\":{\"@type\":\"PropertyValueSpecification\",\"valueRequired\":true,\"valueName\":\"search_term_string\"}}],\"inLanguage\":\"it-IT\"},{\"@type\":\"Organization\",\"@id\":\"https:\/\/souverainete-suisse.ch\/#organization\",\"name\":\"Mouvement Souverainet\u00e9 Suisse\",\"url\":\"https:\/\/souverainete-suisse.ch\/\",\"logo\":{\"@type\":\"ImageObject\",\"inLanguage\":\"it-IT\",\"@id\":\"https:\/\/souverainete-suisse.ch\/#\/schema\/logo\/image\/\",\"url\":\"https:\/\/souverainete-suisse.ch\/wp-content\/uploads\/2025\/11\/logo.png\",\"contentUrl\":\"https:\/\/souverainete-suisse.ch\/wp-content\/uploads\/2025\/11\/logo.png\",\"width\":2053,\"height\":1461,\"caption\":\"Mouvement Souverainet\u00e9 Suisse\"},\"image\":{\"@id\":\"https:\/\/souverainete-suisse.ch\/#\/schema\/logo\/image\/\"}},{\"@type\":\"Person\",\"@id\":\"https:\/\/souverainete-suisse.ch\/#\/schema\/person\/b25acb547faec24a94d7215216d68cbf\",\"name\":\"ludom\",\"image\":{\"@type\":\"ImageObject\",\"inLanguage\":\"it-IT\",\"@id\":\"https:\/\/souverainete-suisse.ch\/#\/schema\/person\/image\/\",\"url\":\"https:\/\/secure.gravatar.com\/avatar\/77b40fd8e49e537abcea7487b290688ce92143c3443b1d3f419149c67282ffb4?s=96&d=mm&r=g\",\"contentUrl\":\"https:\/\/secure.gravatar.com\/avatar\/77b40fd8e49e537abcea7487b290688ce92143c3443b1d3f419149c67282ffb4?s=96&d=mm&r=g\",\"caption\":\"ludom\"},\"url\":\"http:\/\/souverainete-suisse.ch\/it\/author\/ludom\/\"}]}<\/script>\n<!-- \/ Yoast SEO plugin. -->","yoast_head_json":{"title":"Svizzera-UE: il modello partecipativo svizzero ha i giorni contati? - Movimento per la sovranit\u00e0 della Svizzera","description":"Accordi Svizzera-UE 2024: Wolfgang Reitzle (Die Weltwoche, 15.02.2026) avverte di un rischio sistemico. Allineamento dinamico del diritto, ruolo della CGUE, primato normativo, burocrazia e impatto sulla democrazia diretta e sulle PMI. Analisi istituzionale e problemi per la sovranit\u00e0 svizzera","robots":{"index":"index","follow":"follow","max-snippet":"max-snippet:-1","max-image-preview":"max-image-preview:large","max-video-preview":"max-video-preview:-1"},"canonical":"https:\/\/souverainete-suisse.ch\/it\/2026\/02\/svizzera-ue-il-modello-partecipativo-svizzero-ha-il-tempo-contato\/","og_locale":"it_IT","og_type":"article","og_title":"Suisse\u2013UE : le mod\u00e8le participatif helv\u00e9tique en sursis? - Mouvement Souverainet\u00e9 Suisse","og_description":"Accords Suisse-UE 2024 : Wolfgang Reitzle (Die Weltwoche, 15.02.2026) alerte sur un risque syst\u00e9mique. Alignement dynamique du droit, r\u00f4le de la CJUE, primaut\u00e9 normative, bureaucratie et impact sur la d\u00e9mocratie directe et les PME. Analyse institutionnelle et enjeux pour la souverainet\u00e9 suisse","og_url":"https:\/\/souverainete-suisse.ch\/it\/2026\/02\/svizzera-ue-il-modello-partecipativo-svizzero-ha-il-tempo-contato\/","og_site_name":"Mouvement Souverainet\u00e9 Suisse","article_published_time":"2026-02-19T08:58:47+00:00","article_modified_time":"2026-02-19T12:48:38+00:00","og_image":[{"width":900,"height":600,"url":"https:\/\/souverainete-suisse.ch\/wp-content\/uploads\/2026\/02\/wolfgang.jpg","type":"image\/jpeg"}],"author":"ludom","twitter_card":"summary_large_image","twitter_misc":{"Scritto da":"ludom","Tempo di lettura stimato":"4 minuti"},"schema":{"@context":"https:\/\/schema.org","@graph":[{"@type":"Article","@id":"https:\/\/souverainete-suisse.ch\/2026\/02\/suisse-ue-le-modele-participatif-helvetique-en-sursis\/#article","isPartOf":{"@id":"https:\/\/souverainete-suisse.ch\/2026\/02\/suisse-ue-le-modele-participatif-helvetique-en-sursis\/"},"author":{"name":"ludom","@id":"https:\/\/souverainete-suisse.ch\/#\/schema\/person\/b25acb547faec24a94d7215216d68cbf"},"headline":"Suisse\u2013UE : le mod\u00e8le participatif helv\u00e9tique en sursis?","datePublished":"2026-02-19T08:58:47+00:00","dateModified":"2026-02-19T12:48:38+00:00","mainEntityOfPage":{"@id":"https:\/\/souverainete-suisse.ch\/2026\/02\/suisse-ue-le-modele-participatif-helvetique-en-sursis\/"},"wordCount":876,"publisher":{"@id":"https:\/\/souverainete-suisse.ch\/#organization"},"image":{"@id":"https:\/\/souverainete-suisse.ch\/2026\/02\/suisse-ue-le-modele-participatif-helvetique-en-sursis\/#primaryimage"},"thumbnailUrl":"https:\/\/souverainete-suisse.ch\/wp-content\/uploads\/2026\/02\/wolfgang.jpg","articleSection":["Politique int\u00e9rieure","UE"],"inLanguage":"it-IT"},{"@type":"WebPage","@id":"https:\/\/souverainete-suisse.ch\/2026\/02\/suisse-ue-le-modele-participatif-helvetique-en-sursis\/","url":"https:\/\/souverainete-suisse.ch\/2026\/02\/suisse-ue-le-modele-participatif-helvetique-en-sursis\/","name":"Svizzera-UE: il modello partecipativo svizzero ha i giorni contati? - Movimento per la sovranit\u00e0 della Svizzera","isPartOf":{"@id":"https:\/\/souverainete-suisse.ch\/#website"},"primaryImageOfPage":{"@id":"https:\/\/souverainete-suisse.ch\/2026\/02\/suisse-ue-le-modele-participatif-helvetique-en-sursis\/#primaryimage"},"image":{"@id":"https:\/\/souverainete-suisse.ch\/2026\/02\/suisse-ue-le-modele-participatif-helvetique-en-sursis\/#primaryimage"},"thumbnailUrl":"https:\/\/souverainete-suisse.ch\/wp-content\/uploads\/2026\/02\/wolfgang.jpg","datePublished":"2026-02-19T08:58:47+00:00","dateModified":"2026-02-19T12:48:38+00:00","description":"Accordi Svizzera-UE 2024: Wolfgang Reitzle (Die Weltwoche, 15.02.2026) avverte di un rischio sistemico. Allineamento dinamico del diritto, ruolo della CGUE, primato normativo, burocrazia e impatto sulla democrazia diretta e sulle PMI. Analisi istituzionale e problemi per la sovranit\u00e0 svizzera","breadcrumb":{"@id":"https:\/\/souverainete-suisse.ch\/2026\/02\/suisse-ue-le-modele-participatif-helvetique-en-sursis\/#breadcrumb"},"inLanguage":"it-IT","potentialAction":[{"@type":"ReadAction","target":["https:\/\/souverainete-suisse.ch\/2026\/02\/suisse-ue-le-modele-participatif-helvetique-en-sursis\/"]}]},{"@type":"ImageObject","inLanguage":"it-IT","@id":"https:\/\/souverainete-suisse.ch\/2026\/02\/suisse-ue-le-modele-participatif-helvetique-en-sursis\/#primaryimage","url":"https:\/\/souverainete-suisse.ch\/wp-content\/uploads\/2026\/02\/wolfgang.jpg","contentUrl":"https:\/\/souverainete-suisse.ch\/wp-content\/uploads\/2026\/02\/wolfgang.jpg","width":900,"height":600},{"@type":"BreadcrumbList","@id":"https:\/\/souverainete-suisse.ch\/2026\/02\/suisse-ue-le-modele-participatif-helvetique-en-sursis\/#breadcrumb","itemListElement":[{"@type":"ListItem","position":1,"name":"Accueil","item":"https:\/\/souverainete-suisse.ch\/"},{"@type":"ListItem","position":2,"name":"Suisse\u2013UE : le mod\u00e8le participatif helv\u00e9tique en sursis?"}]},{"@type":"WebSite","@id":"https:\/\/souverainete-suisse.ch\/#website","url":"https:\/\/souverainete-suisse.ch\/","name":"Movimento per la sovranit\u00e0 della Svizzera","description":"","publisher":{"@id":"https:\/\/souverainete-suisse.ch\/#organization"},"potentialAction":[{"@type":"SearchAction","target":{"@type":"EntryPoint","urlTemplate":"https:\/\/souverainete-suisse.ch\/?s={search_term_string}"},"query-input":{"@type":"PropertyValueSpecification","valueRequired":true,"valueName":"search_term_string"}}],"inLanguage":"it-IT"},{"@type":"Organization","@id":"https:\/\/souverainete-suisse.ch\/#organization","name":"Movimento per la sovranit\u00e0 della Svizzera","url":"https:\/\/souverainete-suisse.ch\/","logo":{"@type":"ImageObject","inLanguage":"it-IT","@id":"https:\/\/souverainete-suisse.ch\/#\/schema\/logo\/image\/","url":"https:\/\/souverainete-suisse.ch\/wp-content\/uploads\/2025\/11\/logo.png","contentUrl":"https:\/\/souverainete-suisse.ch\/wp-content\/uploads\/2025\/11\/logo.png","width":2053,"height":1461,"caption":"Mouvement Souverainet\u00e9 Suisse"},"image":{"@id":"https:\/\/souverainete-suisse.ch\/#\/schema\/logo\/image\/"}},{"@type":"Person","@id":"https:\/\/souverainete-suisse.ch\/#\/schema\/person\/b25acb547faec24a94d7215216d68cbf","name":"ludom","image":{"@type":"ImageObject","inLanguage":"it-IT","@id":"https:\/\/souverainete-suisse.ch\/#\/schema\/person\/image\/","url":"https:\/\/secure.gravatar.com\/avatar\/77b40fd8e49e537abcea7487b290688ce92143c3443b1d3f419149c67282ffb4?s=96&d=mm&r=g","contentUrl":"https:\/\/secure.gravatar.com\/avatar\/77b40fd8e49e537abcea7487b290688ce92143c3443b1d3f419149c67282ffb4?s=96&d=mm&r=g","caption":"ludom"},"url":"http:\/\/souverainete-suisse.ch\/it\/author\/ludom\/"}]}},"_links":{"self":[{"href":"http:\/\/souverainete-suisse.ch\/it\/wp-json\/wp\/v2\/posts\/902","targetHints":{"allow":["GET"]}}],"collection":[{"href":"http:\/\/souverainete-suisse.ch\/it\/wp-json\/wp\/v2\/posts"}],"about":[{"href":"http:\/\/souverainete-suisse.ch\/it\/wp-json\/wp\/v2\/types\/post"}],"author":[{"embeddable":true,"href":"http:\/\/souverainete-suisse.ch\/it\/wp-json\/wp\/v2\/users\/2"}],"replies":[{"embeddable":true,"href":"http:\/\/souverainete-suisse.ch\/it\/wp-json\/wp\/v2\/comments?post=902"}],"version-history":[{"count":3,"href":"http:\/\/souverainete-suisse.ch\/it\/wp-json\/wp\/v2\/posts\/902\/revisions"}],"predecessor-version":[{"id":906,"href":"http:\/\/souverainete-suisse.ch\/it\/wp-json\/wp\/v2\/posts\/902\/revisions\/906"}],"wp:featuredmedia":[{"embeddable":true,"href":"http:\/\/souverainete-suisse.ch\/it\/wp-json\/wp\/v2\/media\/903"}],"wp:attachment":[{"href":"http:\/\/souverainete-suisse.ch\/it\/wp-json\/wp\/v2\/media?parent=902"}],"wp:term":[{"taxonomy":"category","embeddable":true,"href":"http:\/\/souverainete-suisse.ch\/it\/wp-json\/wp\/v2\/categories?post=902"},{"taxonomy":"post_tag","embeddable":true,"href":"http:\/\/souverainete-suisse.ch\/it\/wp-json\/wp\/v2\/tags?post=902"}],"curies":[{"name":"wp","href":"https:\/\/api.w.org\/{rel}","templated":true}]}}