{"id":895,"date":"2026-02-18T16:24:51","date_gmt":"2026-02-18T15:24:51","guid":{"rendered":"https:\/\/souverainete-suisse.ch\/?p=895"},"modified":"2026-02-18T16:24:51","modified_gmt":"2026-02-18T15:24:51","slug":"accordo-quadro-ue-svizzera-capitolazione-economica-mascherata-da-pragmatismo","status":"publish","type":"post","link":"http:\/\/souverainete-suisse.ch\/it\/2026\/02\/accordo-quadro-ue-svizzera-capitolazione-economica-mascherata-da-pragmatismo\/","title":{"rendered":"Accordo quadro UE-Svizzera: capitolazione economica mascherata da pragmatismo"},"content":{"rendered":"<p><em>Ci viene chiesto di rinunciare alla nostra sovranit\u00e0 giuridica per... un guadagno economico inesistente.<\/em><br \/>\n<em>Sotto la rassicurante etichetta di \u2019accordi bilaterali\u00ab, l'UE propone alla Svizzera di allinearsi unilateralmente ai suoi standard, anche se abbiamo un deficit commerciale annuale di 25 miliardi con Bruxelles. In altre parole: siamo clienti, eppure ci viene chiesto di sottometterci. Peggio ancora, anche i sostenitori dell'accordo ammettono che l'impatto economico sarebbe marginale, quasi inesistente. Quindi la domanda \u00e8: perch\u00e9 rinunciare a cos\u00ec tanto per cos\u00ec poco?<\/em><\/p>\n<p id=\"ember5688\" class=\"ember-view reader-text-block__paragraph\">Si continua a chiamare \u00abaccordi bilaterali\u00bb.<\/p>\n<p id=\"ember5689\" class=\"ember-view reader-text-block__paragraph\">\u00c8 una menzogna politica.<\/p>\n<p id=\"ember5690\" class=\"ember-view reader-text-block__paragraph\">L'accordo quadro UE-Svizzera non \u00e8 n\u00e9 bilaterale, n\u00e9 equilibrato, n\u00e9 reciprocamente vantaggioso.<\/p>\n<p id=\"ember5691\" class=\"ember-view reader-text-block__paragraph\">Si tratta di un <strong>accordo di adesione agli standard<\/strong>, Una progressiva sottomissione giuridica, mascherata da cooperazione tecnica per meglio disarmare il dibattito democratico.<\/p>\n<p id=\"ember5692\" class=\"ember-view reader-text-block__paragraph\">Dietro le parole rassicuranti - <em>stabilit\u00e0<\/em>, <em>certezza del diritto<\/em>, <em>accesso al mercato<\/em> - nasconde una fredda realt\u00e0: <strong>La Svizzera d\u00e0 molto e non riceve nulla<\/strong>.<\/p>\n<h3 id=\"ember5693\" class=\"ember-view reader-text-block__heading-3\">1. Una verit\u00e0 che nessuno vuole guardare: la Svizzera \u00e8 un cliente dell'UE<\/h3>\n<p id=\"ember5694\" class=\"ember-view reader-text-block__paragraph\">Le cifre sono indiscutibili.<\/p>\n<p id=\"ember5695\" class=\"ember-view reader-text-block__paragraph\">\u2b95 <strong>Deficit commerciale annuale con l'UE: ~CHF 25 miliardi<\/strong><\/p>\n<p id=\"ember5696\" class=\"ember-view reader-text-block__paragraph\">\u2b95 <strong>In dieci anni: ~250 miliardi di franchi trasferiti a Bruxelles<\/strong><\/p>\n<p id=\"ember5697\" class=\"ember-view reader-text-block__paragraph\">Questo significa una cosa semplice: <strong>l'Unione Europea ha un interesse vitale a vendere alla Svizzera<\/strong>.<\/p>\n<p id=\"ember5698\" class=\"ember-view reader-text-block__paragraph\">Siamo un mercato solvibile, stabile e aperto, non il contrario.<\/p>\n<p id=\"ember5699\" class=\"ember-view reader-text-block__paragraph\">In qualsiasi negoziazione razionale, <strong>il cliente ha un'influenza<\/strong>.<\/p>\n<p id=\"ember5700\" class=\"ember-view reader-text-block__paragraph\">In questo caso, la Svizzera si comporta come un Paese mendicante, pronto a cedere la propria autonomia giuridica per mantenere l'accesso... per il quale sta gi\u00e0 pagando a caro prezzo.<\/p>\n<h3 id=\"ember5701\" class=\"ember-view reader-text-block__heading-3\">2. Il miraggio dell'export: anche i sostenitori ammettono l'insignificanza<\/h3>\n<p id=\"ember5702\" class=\"ember-view reader-text-block__paragraph\">Anche i sostenitori dell'accordo riconoscono la debolezza dell'argomento economico.<\/p>\n<p id=\"ember5703\" class=\"ember-view reader-text-block__paragraph\">Secondo <strong>risparmio<\/strong>, L'accordo quadro aumenterebbe le esportazioni svizzere verso l'UE di :<\/p>\n<p id=\"ember5704\" class=\"ember-view reader-text-block__paragraph\">\u2b95 <strong>500 milioni di franchi all'anno<\/strong><\/p>\n<p id=\"ember5705\" class=\"ember-view reader-text-block__paragraph\">In relazione alle nostre attuali esportazioni verso l'UE, questo rappresenta :<\/p>\n<p id=\"ember5706\" class=\"ember-view reader-text-block__paragraph\">\u2b95 <strong>circa +0,3%<\/strong><\/p>\n<p id=\"ember5707\" class=\"ember-view reader-text-block__paragraph\">In altre parole: <strong>statisticamente trascurabile<\/strong>.<\/p>\n<p id=\"ember5708\" class=\"ember-view reader-text-block__paragraph\">Un rumore di fondo macroeconomico, usato come pretesto per giustificare una grande trasformazione strutturale del nostro sistema giuridico.<\/p>\n<p id=\"ember5709\" class=\"ember-view reader-text-block__paragraph\">Cedere la sovranit\u00e0 della legge a <strong>0,3% di esportazioni ipotetiche<\/strong> non \u00e8 pragmatismo.<\/p>\n<p id=\"ember5710\" class=\"ember-view reader-text-block__paragraph\">Si tratta di un fallimento della governance.<\/p>\n<h3 id=\"ember5711\" class=\"ember-view reader-text-block__heading-3\">3. Nulla di bilaterale: uno si allinea, l'altro decide<\/h3>\n<p id=\"ember5712\" class=\"ember-view reader-text-block__paragraph\">L'accordo quadro stabilisce :<\/p>\n<ul>\n<li>l\u2019<strong>allineamento dinamico<\/strong> sul diritto europeo<\/li>\n<li>l\u2019<strong>l'interpretazione finale affidata alla Corte di Giustizia dell'UE<\/strong><\/li>\n<li>da <strong>sanzioni automatiche<\/strong> in caso di discrepanza con la Svizzera<\/li>\n<\/ul>\n<p id=\"ember5714\" class=\"ember-view reader-text-block__paragraph\">L'UE mantiene il suo diritto sovrano di legiferare.<\/p>\n<p id=\"ember5715\" class=\"ember-view reader-text-block__paragraph\">La Svizzera sta diventando <strong>standard-taker<\/strong>, senza il diritto di codecisione.<\/p>\n<p id=\"ember5716\" class=\"ember-view reader-text-block__paragraph\">Chiamarlo \u00abbilaterale\u00bb \u00e8 una manipolazione semantica.<\/p>\n<blockquote id=\"ember5717\" class=\"ember-view reader-text-block__blockquote\"><p>\u00abQuando solo una parte scrive le regole, non \u00e8 una partnership. \u00c8 subordinazione\u00bb.\u00bb<\/p><\/blockquote>\n<h3 id=\"ember5718\" class=\"ember-view reader-text-block__heading-3\">4. Nessun beneficio economico, ma un costo politico enorme<\/h3>\n<p id=\"ember5719\" class=\"ember-view reader-text-block__paragraph\">Cosa prevede l'accordo quadro <strong>non<\/strong> :<\/p>\n<ul>\n<li>nessun nuovo accesso significativo al mercato<\/li>\n<li>nessun boom delle esportazioni<\/li>\n<li>nessuna protezione per le PMI<\/li>\n<li>nessuna sicurezza economica misurabile<\/li>\n<\/ul>\n<p id=\"ember5721\" class=\"ember-view reader-text-block__paragraph\">Che cosa <strong>impone<\/strong> :<\/p>\n<ul>\n<li>un trasferimento di sovranit\u00e0 duraturo<\/li>\n<li>insicurezza democratica (la legge non \u00e8 pi\u00f9 decisa nel nostro paese)<\/li>\n<li>dipendenza strutturale irreversibile<\/li>\n<\/ul>\n<p id=\"ember5723\" class=\"ember-view reader-text-block__paragraph\">Economicamente inutile.<\/p>\n<p id=\"ember5724\" class=\"ember-view reader-text-block__paragraph\">Politicamente pericoloso.<\/p>\n<h3 id=\"ember5725\" class=\"ember-view reader-text-block__heading-3\">Conclusione: non si tratta di un accordo, ma di una rinuncia.<\/h3>\n<p id=\"ember5726\" class=\"ember-view reader-text-block__paragraph\">Un paese con <strong>250 miliardi di deficit commerciale in dieci anni<\/strong> non ha motivo di inginocchiarsi.<\/p>\n<p id=\"ember5727\" class=\"ember-view reader-text-block__paragraph\">Un Paese prospero non scambia la propria autonomia giuridica con <strong>0,3% di esportazioni di fantasia<\/strong>.<\/p>\n<p id=\"ember5728\" class=\"ember-view reader-text-block__paragraph\">Un Paese sovrano non delega i propri diritti per comprare la pace normativa.<\/p>\n<p id=\"ember5729\" class=\"ember-view reader-text-block__paragraph\">L'accordo quadro UE-Svizzera non \u00e8 una necessit\u00e0 economica.<\/p>\n<p id=\"ember5730\" class=\"ember-view reader-text-block__paragraph\">Si tratta di un <strong>scelta ideologica<\/strong>, contrari agli interessi materiali del Paese.<\/p>\n<p id=\"ember5731\" class=\"ember-view reader-text-block__paragraph\">La Svizzera non ha bisogno di allinearsi.<\/p>\n<p id=\"ember5732\" class=\"ember-view reader-text-block__paragraph\">Ha bisogno di <strong>rispettarsi a vicenda<\/strong>.<\/p>\n<p id=\"ember5733\" class=\"ember-view reader-text-block__paragraph\"><strong>\ud83c\udde8\ud83c\udded Senza finanziamenti, non ci pu\u00f2 essere resistenza. Sostenete ora la Sovranit\u00e0 Svizzera: <\/strong><a class=\"dvaKskWXEZwsWlxeXUiKkOExWeTVfOhyT\" tabindex=\"0\" href=\"https:\/\/souverainete-suisse.ch\/it\/fare-una-donazione\/\" target=\"_self\" data-test-app-aware-link=\"\"><strong>https:\/\/souverainete-suisse.ch\/faire-un-don\/<\/strong><\/a><\/p>\n<p id=\"ember5734\" class=\"ember-view reader-text-block__paragraph\"><strong>Analizziamo ci\u00f2 che i media tacciono. Quello che Berna negozia, noi lo analizziamo. Unisciti ora al nostro HQ su Telegram:<\/strong> <a class=\"dvaKskWXEZwsWlxeXUiKkOExWeTVfOhyT\" tabindex=\"0\" href=\"https:\/\/t.me\/sovranitasvizzera\" target=\"_self\" data-test-app-aware-link=\"\"><strong>https:\/\/t.me\/sovranitasvizzera<\/strong><\/a><\/p>\n<p>&nbsp;<\/p>","protected":false},"excerpt":{"rendered":"<p>On nous demande d\u2019abandonner notre souverainet\u00e9 juridique pour un gain \u00e9conomique\u2026 inexistant. Sous l\u2019\u00e9tiquette rassurante d\u2019\u00ab accords bilat\u00e9raux \u00bb, l\u2019UE propose \u00e0 la Suisse un alignement unilat\u00e9ral sur ses normes, alors m\u00eame que nous accusons 25 milliards de d\u00e9ficit commercial par an avec Bruxelles. Autrement dit : nous sommes clients \u2014 et pourtant somm\u00e9s de [&hellip;]<\/p>\n","protected":false},"author":2,"featured_media":897,"comment_status":"closed","ping_status":"closed","sticky":false,"template":"","format":"standard","meta":{"footnotes":""},"categories":[8,11],"tags":[],"class_list":["post-895","post","type-post","status-publish","format-standard","has-post-thumbnail","hentry","category-politique-interieure","category-ue"],"yoast_head":"<!-- This site is optimized with the Yoast SEO plugin v26.9 - https:\/\/yoast.com\/product\/yoast-seo-wordpress\/ -->\n<title>Accord cadre UE\u2013Suisse : une capitulation \u00e9conomique d\u00e9guis\u00e9e en pragmatisme - Mouvement Souverainet\u00e9 Suisse<\/title>\n<meta name=\"description\" content=\"Accord UE\u2013Suisse : derri\u00e8re le mot \u00ab bilat\u00e9ral \u00bb se cache un alignement juridique unilat\u00e9ral. D\u00e9ficit commercial de 25 milliards CHF\/an, gain estim\u00e9 \u00e0 +0,3% d\u2019exportations : un co\u00fbt politique majeur pour un b\u00e9n\u00e9fice \u00e9conomique marginal. Analyse souverainiste et enjeux d\u00e9mocratiques\" \/>\n<meta name=\"robots\" content=\"index, follow, max-snippet:-1, max-image-preview:large, max-video-preview:-1\" \/>\n<link rel=\"canonical\" href=\"https:\/\/souverainete-suisse.ch\/it\/2026\/02\/accordo-quadro-ue-svizzera-capitolazione-economica-mascherata-da-pragmatismo\/\" \/>\n<meta property=\"og:locale\" content=\"it_IT\" \/>\n<meta property=\"og:type\" content=\"article\" \/>\n<meta property=\"og:title\" content=\"Accord cadre UE\u2013Suisse : une capitulation \u00e9conomique d\u00e9guis\u00e9e en pragmatisme - Mouvement Souverainet\u00e9 Suisse\" \/>\n<meta property=\"og:description\" content=\"Accord UE\u2013Suisse : derri\u00e8re le mot \u00ab bilat\u00e9ral \u00bb se cache un alignement juridique unilat\u00e9ral. D\u00e9ficit commercial de 25 milliards CHF\/an, gain estim\u00e9 \u00e0 +0,3% d\u2019exportations : un co\u00fbt politique majeur pour un b\u00e9n\u00e9fice \u00e9conomique marginal. Analyse souverainiste et enjeux d\u00e9mocratiques\" \/>\n<meta property=\"og:url\" content=\"https:\/\/souverainete-suisse.ch\/it\/2026\/02\/accordo-quadro-ue-svizzera-capitolazione-economica-mascherata-da-pragmatismo\/\" \/>\n<meta property=\"og:site_name\" content=\"Mouvement Souverainet\u00e9 Suisse\" \/>\n<meta property=\"article:published_time\" content=\"2026-02-18T15:24:51+00:00\" \/>\n<meta property=\"og:image\" content=\"https:\/\/souverainete-suisse.ch\/wp-content\/uploads\/2026\/02\/UE.jpeg\" \/>\n\t<meta property=\"og:image:width\" content=\"1280\" \/>\n\t<meta property=\"og:image:height\" content=\"720\" \/>\n\t<meta property=\"og:image:type\" content=\"image\/jpeg\" \/>\n<meta name=\"author\" content=\"ludom\" \/>\n<meta name=\"twitter:card\" content=\"summary_large_image\" \/>\n<meta name=\"twitter:label1\" content=\"Scritto da\" \/>\n\t<meta name=\"twitter:data1\" content=\"ludom\" \/>\n\t<meta name=\"twitter:label2\" content=\"Tempo di lettura stimato\" \/>\n\t<meta name=\"twitter:data2\" content=\"4 minuti\" \/>\n<script type=\"application\/ld+json\" class=\"yoast-schema-graph\">{\"@context\":\"https:\/\/schema.org\",\"@graph\":[{\"@type\":\"Article\",\"@id\":\"https:\/\/souverainete-suisse.ch\/2026\/02\/accord-cadre-ue-suisse-une-capitulation-economique-deguisee-en-pragmatisme\/#article\",\"isPartOf\":{\"@id\":\"https:\/\/souverainete-suisse.ch\/2026\/02\/accord-cadre-ue-suisse-une-capitulation-economique-deguisee-en-pragmatisme\/\"},\"author\":{\"name\":\"ludom\",\"@id\":\"https:\/\/souverainete-suisse.ch\/#\/schema\/person\/b25acb547faec24a94d7215216d68cbf\"},\"headline\":\"Accord cadre UE\u2013Suisse : une capitulation \u00e9conomique d\u00e9guis\u00e9e en pragmatisme\",\"datePublished\":\"2026-02-18T15:24:51+00:00\",\"mainEntityOfPage\":{\"@id\":\"https:\/\/souverainete-suisse.ch\/2026\/02\/accord-cadre-ue-suisse-une-capitulation-economique-deguisee-en-pragmatisme\/\"},\"wordCount\":714,\"publisher\":{\"@id\":\"https:\/\/souverainete-suisse.ch\/#organization\"},\"image\":{\"@id\":\"https:\/\/souverainete-suisse.ch\/2026\/02\/accord-cadre-ue-suisse-une-capitulation-economique-deguisee-en-pragmatisme\/#primaryimage\"},\"thumbnailUrl\":\"https:\/\/souverainete-suisse.ch\/wp-content\/uploads\/2026\/02\/UE.jpeg\",\"articleSection\":[\"Politique int\u00e9rieure\",\"UE\"],\"inLanguage\":\"it-IT\"},{\"@type\":\"WebPage\",\"@id\":\"https:\/\/souverainete-suisse.ch\/2026\/02\/accord-cadre-ue-suisse-une-capitulation-economique-deguisee-en-pragmatisme\/\",\"url\":\"https:\/\/souverainete-suisse.ch\/2026\/02\/accord-cadre-ue-suisse-une-capitulation-economique-deguisee-en-pragmatisme\/\",\"name\":\"Accord cadre UE\u2013Suisse : une capitulation \u00e9conomique d\u00e9guis\u00e9e en pragmatisme - Mouvement Souverainet\u00e9 Suisse\",\"isPartOf\":{\"@id\":\"https:\/\/souverainete-suisse.ch\/#website\"},\"primaryImageOfPage\":{\"@id\":\"https:\/\/souverainete-suisse.ch\/2026\/02\/accord-cadre-ue-suisse-une-capitulation-economique-deguisee-en-pragmatisme\/#primaryimage\"},\"image\":{\"@id\":\"https:\/\/souverainete-suisse.ch\/2026\/02\/accord-cadre-ue-suisse-une-capitulation-economique-deguisee-en-pragmatisme\/#primaryimage\"},\"thumbnailUrl\":\"https:\/\/souverainete-suisse.ch\/wp-content\/uploads\/2026\/02\/UE.jpeg\",\"datePublished\":\"2026-02-18T15:24:51+00:00\",\"description\":\"Accord UE\u2013Suisse : derri\u00e8re le mot \u00ab bilat\u00e9ral \u00bb se cache un alignement juridique unilat\u00e9ral. D\u00e9ficit commercial de 25 milliards CHF\/an, gain estim\u00e9 \u00e0 +0,3% d\u2019exportations : un co\u00fbt politique majeur pour un b\u00e9n\u00e9fice \u00e9conomique marginal. Analyse souverainiste et enjeux d\u00e9mocratiques\",\"breadcrumb\":{\"@id\":\"https:\/\/souverainete-suisse.ch\/2026\/02\/accord-cadre-ue-suisse-une-capitulation-economique-deguisee-en-pragmatisme\/#breadcrumb\"},\"inLanguage\":\"it-IT\",\"potentialAction\":[{\"@type\":\"ReadAction\",\"target\":[\"https:\/\/souverainete-suisse.ch\/2026\/02\/accord-cadre-ue-suisse-une-capitulation-economique-deguisee-en-pragmatisme\/\"]}]},{\"@type\":\"ImageObject\",\"inLanguage\":\"it-IT\",\"@id\":\"https:\/\/souverainete-suisse.ch\/2026\/02\/accord-cadre-ue-suisse-une-capitulation-economique-deguisee-en-pragmatisme\/#primaryimage\",\"url\":\"https:\/\/souverainete-suisse.ch\/wp-content\/uploads\/2026\/02\/UE.jpeg\",\"contentUrl\":\"https:\/\/souverainete-suisse.ch\/wp-content\/uploads\/2026\/02\/UE.jpeg\",\"width\":1280,\"height\":720},{\"@type\":\"BreadcrumbList\",\"@id\":\"https:\/\/souverainete-suisse.ch\/2026\/02\/accord-cadre-ue-suisse-une-capitulation-economique-deguisee-en-pragmatisme\/#breadcrumb\",\"itemListElement\":[{\"@type\":\"ListItem\",\"position\":1,\"name\":\"Accueil\",\"item\":\"https:\/\/souverainete-suisse.ch\/\"},{\"@type\":\"ListItem\",\"position\":2,\"name\":\"Accord cadre UE\u2013Suisse : une capitulation \u00e9conomique d\u00e9guis\u00e9e en pragmatisme\"}]},{\"@type\":\"WebSite\",\"@id\":\"https:\/\/souverainete-suisse.ch\/#website\",\"url\":\"https:\/\/souverainete-suisse.ch\/\",\"name\":\"Mouvement Souverainet\u00e9 Suisse\",\"description\":\"\",\"publisher\":{\"@id\":\"https:\/\/souverainete-suisse.ch\/#organization\"},\"potentialAction\":[{\"@type\":\"SearchAction\",\"target\":{\"@type\":\"EntryPoint\",\"urlTemplate\":\"https:\/\/souverainete-suisse.ch\/?s={search_term_string}\"},\"query-input\":{\"@type\":\"PropertyValueSpecification\",\"valueRequired\":true,\"valueName\":\"search_term_string\"}}],\"inLanguage\":\"it-IT\"},{\"@type\":\"Organization\",\"@id\":\"https:\/\/souverainete-suisse.ch\/#organization\",\"name\":\"Mouvement Souverainet\u00e9 Suisse\",\"url\":\"https:\/\/souverainete-suisse.ch\/\",\"logo\":{\"@type\":\"ImageObject\",\"inLanguage\":\"it-IT\",\"@id\":\"https:\/\/souverainete-suisse.ch\/#\/schema\/logo\/image\/\",\"url\":\"https:\/\/souverainete-suisse.ch\/wp-content\/uploads\/2025\/11\/logo.png\",\"contentUrl\":\"https:\/\/souverainete-suisse.ch\/wp-content\/uploads\/2025\/11\/logo.png\",\"width\":2053,\"height\":1461,\"caption\":\"Mouvement Souverainet\u00e9 Suisse\"},\"image\":{\"@id\":\"https:\/\/souverainete-suisse.ch\/#\/schema\/logo\/image\/\"}},{\"@type\":\"Person\",\"@id\":\"https:\/\/souverainete-suisse.ch\/#\/schema\/person\/b25acb547faec24a94d7215216d68cbf\",\"name\":\"ludom\",\"image\":{\"@type\":\"ImageObject\",\"inLanguage\":\"it-IT\",\"@id\":\"https:\/\/souverainete-suisse.ch\/#\/schema\/person\/image\/\",\"url\":\"https:\/\/secure.gravatar.com\/avatar\/77b40fd8e49e537abcea7487b290688ce92143c3443b1d3f419149c67282ffb4?s=96&d=mm&r=g\",\"contentUrl\":\"https:\/\/secure.gravatar.com\/avatar\/77b40fd8e49e537abcea7487b290688ce92143c3443b1d3f419149c67282ffb4?s=96&d=mm&r=g\",\"caption\":\"ludom\"},\"url\":\"http:\/\/souverainete-suisse.ch\/it\/author\/ludom\/\"}]}<\/script>\n<!-- \/ Yoast SEO plugin. -->","yoast_head_json":{"title":"Accordo quadro UE-Svizzera: capitolazione economica mascherata da pragmatismo - Mouvement Souverainet\u00e9 Suisse","description":"Accordo UE-Svizzera: dietro la parola \u00abbilaterale\u00bb si nasconde un allineamento giuridico unilaterale. Deficit commerciale di 25 miliardi di franchi all'anno, guadagno stimato di +0,3% nelle esportazioni: un costo politico importante per un beneficio economico marginale. Analisi sovranista e questioni democratiche","robots":{"index":"index","follow":"follow","max-snippet":"max-snippet:-1","max-image-preview":"max-image-preview:large","max-video-preview":"max-video-preview:-1"},"canonical":"https:\/\/souverainete-suisse.ch\/it\/2026\/02\/accordo-quadro-ue-svizzera-capitolazione-economica-mascherata-da-pragmatismo\/","og_locale":"it_IT","og_type":"article","og_title":"Accord cadre UE\u2013Suisse : une capitulation \u00e9conomique d\u00e9guis\u00e9e en pragmatisme - Mouvement Souverainet\u00e9 Suisse","og_description":"Accord UE\u2013Suisse : derri\u00e8re le mot \u00ab bilat\u00e9ral \u00bb se cache un alignement juridique unilat\u00e9ral. D\u00e9ficit commercial de 25 milliards CHF\/an, gain estim\u00e9 \u00e0 +0,3% d\u2019exportations : un co\u00fbt politique majeur pour un b\u00e9n\u00e9fice \u00e9conomique marginal. Analyse souverainiste et enjeux d\u00e9mocratiques","og_url":"https:\/\/souverainete-suisse.ch\/it\/2026\/02\/accordo-quadro-ue-svizzera-capitolazione-economica-mascherata-da-pragmatismo\/","og_site_name":"Mouvement Souverainet\u00e9 Suisse","article_published_time":"2026-02-18T15:24:51+00:00","og_image":[{"width":1280,"height":720,"url":"https:\/\/souverainete-suisse.ch\/wp-content\/uploads\/2026\/02\/UE.jpeg","type":"image\/jpeg"}],"author":"ludom","twitter_card":"summary_large_image","twitter_misc":{"Scritto da":"ludom","Tempo di lettura stimato":"4 minuti"},"schema":{"@context":"https:\/\/schema.org","@graph":[{"@type":"Article","@id":"https:\/\/souverainete-suisse.ch\/2026\/02\/accord-cadre-ue-suisse-une-capitulation-economique-deguisee-en-pragmatisme\/#article","isPartOf":{"@id":"https:\/\/souverainete-suisse.ch\/2026\/02\/accord-cadre-ue-suisse-une-capitulation-economique-deguisee-en-pragmatisme\/"},"author":{"name":"ludom","@id":"https:\/\/souverainete-suisse.ch\/#\/schema\/person\/b25acb547faec24a94d7215216d68cbf"},"headline":"Accord cadre UE\u2013Suisse : une capitulation \u00e9conomique d\u00e9guis\u00e9e en pragmatisme","datePublished":"2026-02-18T15:24:51+00:00","mainEntityOfPage":{"@id":"https:\/\/souverainete-suisse.ch\/2026\/02\/accord-cadre-ue-suisse-une-capitulation-economique-deguisee-en-pragmatisme\/"},"wordCount":714,"publisher":{"@id":"https:\/\/souverainete-suisse.ch\/#organization"},"image":{"@id":"https:\/\/souverainete-suisse.ch\/2026\/02\/accord-cadre-ue-suisse-une-capitulation-economique-deguisee-en-pragmatisme\/#primaryimage"},"thumbnailUrl":"https:\/\/souverainete-suisse.ch\/wp-content\/uploads\/2026\/02\/UE.jpeg","articleSection":["Politique int\u00e9rieure","UE"],"inLanguage":"it-IT"},{"@type":"WebPage","@id":"https:\/\/souverainete-suisse.ch\/2026\/02\/accord-cadre-ue-suisse-une-capitulation-economique-deguisee-en-pragmatisme\/","url":"https:\/\/souverainete-suisse.ch\/2026\/02\/accord-cadre-ue-suisse-une-capitulation-economique-deguisee-en-pragmatisme\/","name":"Accordo quadro UE-Svizzera: capitolazione economica mascherata da pragmatismo - Mouvement Souverainet\u00e9 Suisse","isPartOf":{"@id":"https:\/\/souverainete-suisse.ch\/#website"},"primaryImageOfPage":{"@id":"https:\/\/souverainete-suisse.ch\/2026\/02\/accord-cadre-ue-suisse-une-capitulation-economique-deguisee-en-pragmatisme\/#primaryimage"},"image":{"@id":"https:\/\/souverainete-suisse.ch\/2026\/02\/accord-cadre-ue-suisse-une-capitulation-economique-deguisee-en-pragmatisme\/#primaryimage"},"thumbnailUrl":"https:\/\/souverainete-suisse.ch\/wp-content\/uploads\/2026\/02\/UE.jpeg","datePublished":"2026-02-18T15:24:51+00:00","description":"Accordo UE-Svizzera: dietro la parola \u00abbilaterale\u00bb si nasconde un allineamento giuridico unilaterale. Deficit commerciale di 25 miliardi di franchi all'anno, guadagno stimato di +0,3% nelle esportazioni: un costo politico importante per un beneficio economico marginale. Analisi sovranista e questioni democratiche","breadcrumb":{"@id":"https:\/\/souverainete-suisse.ch\/2026\/02\/accord-cadre-ue-suisse-une-capitulation-economique-deguisee-en-pragmatisme\/#breadcrumb"},"inLanguage":"it-IT","potentialAction":[{"@type":"ReadAction","target":["https:\/\/souverainete-suisse.ch\/2026\/02\/accord-cadre-ue-suisse-une-capitulation-economique-deguisee-en-pragmatisme\/"]}]},{"@type":"ImageObject","inLanguage":"it-IT","@id":"https:\/\/souverainete-suisse.ch\/2026\/02\/accord-cadre-ue-suisse-une-capitulation-economique-deguisee-en-pragmatisme\/#primaryimage","url":"https:\/\/souverainete-suisse.ch\/wp-content\/uploads\/2026\/02\/UE.jpeg","contentUrl":"https:\/\/souverainete-suisse.ch\/wp-content\/uploads\/2026\/02\/UE.jpeg","width":1280,"height":720},{"@type":"BreadcrumbList","@id":"https:\/\/souverainete-suisse.ch\/2026\/02\/accord-cadre-ue-suisse-une-capitulation-economique-deguisee-en-pragmatisme\/#breadcrumb","itemListElement":[{"@type":"ListItem","position":1,"name":"Accueil","item":"https:\/\/souverainete-suisse.ch\/"},{"@type":"ListItem","position":2,"name":"Accord cadre UE\u2013Suisse : une capitulation \u00e9conomique d\u00e9guis\u00e9e en pragmatisme"}]},{"@type":"WebSite","@id":"https:\/\/souverainete-suisse.ch\/#website","url":"https:\/\/souverainete-suisse.ch\/","name":"Movimento per la sovranit\u00e0 della Svizzera","description":"","publisher":{"@id":"https:\/\/souverainete-suisse.ch\/#organization"},"potentialAction":[{"@type":"SearchAction","target":{"@type":"EntryPoint","urlTemplate":"https:\/\/souverainete-suisse.ch\/?s={search_term_string}"},"query-input":{"@type":"PropertyValueSpecification","valueRequired":true,"valueName":"search_term_string"}}],"inLanguage":"it-IT"},{"@type":"Organization","@id":"https:\/\/souverainete-suisse.ch\/#organization","name":"Movimento per la sovranit\u00e0 della Svizzera","url":"https:\/\/souverainete-suisse.ch\/","logo":{"@type":"ImageObject","inLanguage":"it-IT","@id":"https:\/\/souverainete-suisse.ch\/#\/schema\/logo\/image\/","url":"https:\/\/souverainete-suisse.ch\/wp-content\/uploads\/2025\/11\/logo.png","contentUrl":"https:\/\/souverainete-suisse.ch\/wp-content\/uploads\/2025\/11\/logo.png","width":2053,"height":1461,"caption":"Mouvement Souverainet\u00e9 Suisse"},"image":{"@id":"https:\/\/souverainete-suisse.ch\/#\/schema\/logo\/image\/"}},{"@type":"Person","@id":"https:\/\/souverainete-suisse.ch\/#\/schema\/person\/b25acb547faec24a94d7215216d68cbf","name":"ludom","image":{"@type":"ImageObject","inLanguage":"it-IT","@id":"https:\/\/souverainete-suisse.ch\/#\/schema\/person\/image\/","url":"https:\/\/secure.gravatar.com\/avatar\/77b40fd8e49e537abcea7487b290688ce92143c3443b1d3f419149c67282ffb4?s=96&d=mm&r=g","contentUrl":"https:\/\/secure.gravatar.com\/avatar\/77b40fd8e49e537abcea7487b290688ce92143c3443b1d3f419149c67282ffb4?s=96&d=mm&r=g","caption":"ludom"},"url":"http:\/\/souverainete-suisse.ch\/it\/author\/ludom\/"}]}},"_links":{"self":[{"href":"http:\/\/souverainete-suisse.ch\/it\/wp-json\/wp\/v2\/posts\/895","targetHints":{"allow":["GET"]}}],"collection":[{"href":"http:\/\/souverainete-suisse.ch\/it\/wp-json\/wp\/v2\/posts"}],"about":[{"href":"http:\/\/souverainete-suisse.ch\/it\/wp-json\/wp\/v2\/types\/post"}],"author":[{"embeddable":true,"href":"http:\/\/souverainete-suisse.ch\/it\/wp-json\/wp\/v2\/users\/2"}],"replies":[{"embeddable":true,"href":"http:\/\/souverainete-suisse.ch\/it\/wp-json\/wp\/v2\/comments?post=895"}],"version-history":[{"count":1,"href":"http:\/\/souverainete-suisse.ch\/it\/wp-json\/wp\/v2\/posts\/895\/revisions"}],"predecessor-version":[{"id":898,"href":"http:\/\/souverainete-suisse.ch\/it\/wp-json\/wp\/v2\/posts\/895\/revisions\/898"}],"wp:featuredmedia":[{"embeddable":true,"href":"http:\/\/souverainete-suisse.ch\/it\/wp-json\/wp\/v2\/media\/897"}],"wp:attachment":[{"href":"http:\/\/souverainete-suisse.ch\/it\/wp-json\/wp\/v2\/media?parent=895"}],"wp:term":[{"taxonomy":"category","embeddable":true,"href":"http:\/\/souverainete-suisse.ch\/it\/wp-json\/wp\/v2\/categories?post=895"},{"taxonomy":"post_tag","embeddable":true,"href":"http:\/\/souverainete-suisse.ch\/it\/wp-json\/wp\/v2\/tags?post=895"}],"curies":[{"name":"wp","href":"https:\/\/api.w.org\/{rel}","templated":true}]}}