{"id":880,"date":"2026-02-15T23:01:29","date_gmt":"2026-02-15T22:01:29","guid":{"rendered":"https:\/\/souverainete-suisse.ch\/?p=880"},"modified":"2026-02-15T23:01:29","modified_gmt":"2026-02-15T22:01:29","slug":"abbiamo-vietato-il-trasferimento-dei-mestieri-abbiamo-isolato-artigiani-e-professionisti","status":"publish","type":"post","link":"http:\/\/souverainete-suisse.ch\/it\/2026\/02\/abbiamo-vietato-il-trasferimento-dei-mestieri-abbiamo-isolato-artigiani-e-professionisti\/","title":{"rendered":"\u00c8 stato vietato il trasferimento dei mestieri. Artigiani e professionisti sono stati isolati"},"content":{"rendered":"<p><em>Stiamo parlando di prestazioni, adattamento e modernit\u00e0.<\/em><br \/>\n<em>Tuttavia, sul campo, qualcosa \u00e8 andato profondamente storto sul lavoro.<\/em><br \/>\n<em>Questo malessere non \u00e8 individuale. \u00c8 strutturale. E merita la nostra attenzione.<\/em><\/p>\n<p id=\"ember3605\" class=\"ember-view reader-text-block__paragraph\">Si parla molto di prestazioni, crescita e adattamento.<\/p>\n<p id=\"ember3606\" class=\"ember-view reader-text-block__paragraph\">Tuttavia, sul campo, un'osservazione si ripete ovunque: tra gli artigiani, i lavoratori autonomi e i dipendenti qualificati:<\/p>\n<p id=\"ember3607\" class=\"ember-view reader-text-block__paragraph\">\u2b95 <strong>il lavoro si esaurisce, si frammenta e si isola.<\/strong><\/p>\n<p id=\"ember3608\" class=\"ember-view reader-text-block__paragraph\">Niente pi\u00f9 standard.<\/p>\n<p id=\"ember3609\" class=\"ember-view reader-text-block__paragraph\">Niente pi\u00f9 amministrazione.<\/p>\n<p id=\"ember3610\" class=\"ember-view reader-text-block__paragraph\">Niente pi\u00f9 intermediari.<\/p>\n<p id=\"ember3611\" class=\"ember-view reader-text-block__paragraph\">Meno tempo per il lavoro.<\/p>\n<p id=\"ember3612\" class=\"ember-view reader-text-block__paragraph\">Meno trasmissione.<\/p>\n<p id=\"ember3613\" class=\"ember-view reader-text-block__paragraph\">Meno senso.<\/p>\n<p id=\"ember3614\" class=\"ember-view reader-text-block__paragraph\">E questo malessere non \u00e8 marginale. \u00c8 strutturale.<\/p>\n<h3 id=\"ember3615\" class=\"ember-view reader-text-block__heading-3\">Ci\u00f2 che \u00e8 scomparso senza che ce ne accorgessimo<\/h3>\n<p id=\"ember3616\" class=\"ember-view reader-text-block__paragraph\">Per molto tempo, le professioni non si sono basate solo su contratti o status, ma anche su una serie di <strong>vere e proprie comunit\u00e0 professionali<\/strong>.<\/p>\n<p id=\"ember3617\" class=\"ember-view reader-text-block__paragraph\">Strutture che :<\/p>\n<ul>\n<li>formare nuovi operatori e apprendisti<\/li>\n<li>accesso regolamentato alla professione,<\/li>\n<li>ha protetto la qualit\u00e0 del lavoro,<\/li>\n<li>limitare la concorrenza sleale,<\/li>\n<li>organizzato la trasmissione su pi\u00f9 generazioni.<\/li>\n<\/ul>\n<p id=\"ember3619\" class=\"ember-view reader-text-block__paragraph\">Non era perfetto.<\/p>\n<p id=\"ember3620\" class=\"ember-view reader-text-block__paragraph\">Ma questo ha offerto un <strong>stabilit\u00e0<\/strong>, a <strong>coerenza<\/strong>, e un <strong>dignit\u00e0<\/strong> che molte persone cercano oggi... senza trovarlo.<\/p>\n<h3 id=\"ember3621\" class=\"ember-view reader-text-block__heading-3\">Il paradosso attuale<\/h3>\n<p id=\"ember3622\" class=\"ember-view reader-text-block__paragraph\">Non abbiamo mai avuto tanta \u201clibert\u00e0\u201d individuale sulla carta.<\/p>\n<p id=\"ember3623\" class=\"ember-view reader-text-block__paragraph\">Eppure :<\/p>\n<ul>\n<li>Ognuno \u00e8 libero di scegliere quando si tratta di mercato,<\/li>\n<li>tutti operano in perdita,<\/li>\n<li>tutti sono soggetti a regole che non hanno scritto.<\/li>\n<\/ul>\n<p id=\"ember3625\" class=\"ember-view reader-text-block__paragraph\">Risultato:<\/p>\n<p id=\"ember3626\" class=\"ember-view reader-text-block__paragraph\">professioni frammentate,<\/p>\n<p id=\"ember3627\" class=\"ember-view reader-text-block__paragraph\">professionisti intercambiabili,<\/p>\n<p id=\"ember3628\" class=\"ember-view reader-text-block__paragraph\">e di una qualit\u00e0 che si sta sgretolando.<\/p>\n<h3 id=\"ember3629\" class=\"ember-view reader-text-block__heading-3\">Una domanda che non pu\u00f2 essere ignorata<\/h3>\n<p id=\"ember3630\" class=\"ember-view reader-text-block__paragraph\">E se il problema non fosse il lavoro in s\u00e9...<\/p>\n<p id=\"ember3631\" class=\"ember-view reader-text-block__paragraph\">ma la graduale scomparsa delle professioni organizzate?<\/p>\n<p id=\"ember3632\" class=\"ember-view reader-text-block__paragraph\">Se il futuro \u00e8 in <strong>le moderne forme di autoregolamentazione professionale<\/strong>,<\/p>\n<p id=\"ember3633\" class=\"ember-view reader-text-block__paragraph\">da <strong>comunit\u00e0 di professioni capaci di formare, tutelare e trasmettere<\/strong>,<\/p>\n<p id=\"ember3634\" class=\"ember-view reader-text-block__paragraph\">piuttosto che attraverso una costante competizione?<\/p>\n<h3 id=\"ember3635\" class=\"ember-view reader-text-block__heading-3\">Questo modello \u00e8 esistito, in altre forme, in altri tempi.<\/h3>\n<p id=\"ember3636\" class=\"ember-view reader-text-block__paragraph\">\u00c8 stato liquidato in nome della \u00abmodernit\u00e0\u00bb.<\/p>\n<p id=\"ember3637\" class=\"ember-view reader-text-block__paragraph\">Era conosciuto come il <strong>corporativismo<\/strong>.<\/p>\n<h3 id=\"ember3638\" class=\"ember-view reader-text-block__heading-3\">Dibattito aperto, senza caricature<\/h3>\n<p id=\"ember3639\" class=\"ember-view reader-text-block__paragraph\">Non si tratta di nostalgia o di astinenza.<\/p>\n<p id=\"ember3640\" class=\"ember-view reader-text-block__paragraph\">Ma una domanda semplice e di grande attualit\u00e0:<\/p>\n<p id=\"ember3641\" class=\"ember-view reader-text-block__paragraph\">\u2b95 <strong>Come possiamo restituire al lavoro significato, qualit\u00e0 e dignit\u00e0?<\/strong><\/p>\n<p id=\"ember3642\" class=\"ember-view reader-text-block__paragraph\">Il dibattito merita di essere affrontato con calma e seriet\u00e0.<\/p>\n<p id=\"ember3643\" class=\"ember-view reader-text-block__paragraph\">Perch\u00e9 il malessere sul posto di lavoro non \u00e8 una moda.<\/p>\n<p id=\"ember3644\" class=\"ember-view reader-text-block__paragraph\">\u00c8 un segnale.<\/p>\n<p id=\"ember3645\" class=\"ember-view reader-text-block__paragraph\"><strong>Cosa ne pensate?<\/strong><\/p>\n<p id=\"ember3647\" class=\"ember-view reader-text-block__paragraph\"><strong>Riflessioni sviluppate nell'ambito del lavoro di \ud83c\udde8\ud83c\udded Souverainet\u00e9 Suisse.<\/strong><\/p>\n<p id=\"ember3648\" class=\"ember-view reader-text-block__paragraph\"><em>Unire gli svizzeri. Per difendere le nostre libert\u00e0. Per rivendicare la nostra sovranit\u00e0.<\/em><\/p>\n<p>&nbsp;<\/p>","protected":false},"excerpt":{"rendered":"<p>On parle de performance, d\u2019adaptation et de modernit\u00e9. Pourtant, sur le terrain, quelque chose s\u2019est profond\u00e9ment d\u00e9r\u00e9gl\u00e9 dans le travail. Ce malaise n\u2019est pas individuel. Il est structurel. Et il m\u00e9rite qu\u2019on s\u2019y arr\u00eate. On parle beaucoup de performance, de croissance, d\u2019adaptation. Pourtant, sur le terrain, un constat revient partout \u2014 chez les artisans, les [&hellip;]<\/p>\n","protected":false},"author":2,"featured_media":881,"comment_status":"closed","ping_status":"closed","sticky":false,"template":"","format":"standard","meta":{"footnotes":""},"categories":[8],"tags":[],"class_list":["post-880","post","type-post","status-publish","format-standard","has-post-thumbnail","hentry","category-politique-interieure"],"yoast_head":"<!-- This site is optimized with the Yoast SEO plugin v26.9 - https:\/\/yoast.com\/product\/yoast-seo-wordpress\/ -->\n<title>On a interdit la transmission des m\u00e9tiers. On a isol\u00e9 les artisans et professionnels - Mouvement Souverainet\u00e9 Suisse<\/title>\n<meta name=\"description\" content=\"Malaise du travail en Suisse : surcharge administrative, isolement des professionnels, perte de sens et affaiblissement de la transmission. Et si la disparition des communaut\u00e9s de m\u00e9tiers expliquait l\u2019\u00e9puisement actuel ? R\u00e9flexion sur auto-r\u00e9gulation, dignit\u00e9 professionnelle et souverainet\u00e9 \u00e9conomique\" \/>\n<meta name=\"robots\" content=\"index, follow, max-snippet:-1, max-image-preview:large, max-video-preview:-1\" \/>\n<link rel=\"canonical\" href=\"https:\/\/souverainete-suisse.ch\/it\/2026\/02\/abbiamo-vietato-il-trasferimento-dei-mestieri-abbiamo-isolato-artigiani-e-professionisti\/\" \/>\n<meta property=\"og:locale\" content=\"it_IT\" \/>\n<meta property=\"og:type\" content=\"article\" \/>\n<meta property=\"og:title\" content=\"On a interdit la transmission des m\u00e9tiers. On a isol\u00e9 les artisans et professionnels - Mouvement Souverainet\u00e9 Suisse\" \/>\n<meta property=\"og:description\" content=\"Malaise du travail en Suisse : surcharge administrative, isolement des professionnels, perte de sens et affaiblissement de la transmission. Et si la disparition des communaut\u00e9s de m\u00e9tiers expliquait l\u2019\u00e9puisement actuel ? R\u00e9flexion sur auto-r\u00e9gulation, dignit\u00e9 professionnelle et souverainet\u00e9 \u00e9conomique\" \/>\n<meta property=\"og:url\" content=\"https:\/\/souverainete-suisse.ch\/it\/2026\/02\/abbiamo-vietato-il-trasferimento-dei-mestieri-abbiamo-isolato-artigiani-e-professionisti\/\" \/>\n<meta property=\"og:site_name\" content=\"Mouvement Souverainet\u00e9 Suisse\" \/>\n<meta property=\"article:published_time\" content=\"2026-02-15T22:01:29+00:00\" \/>\n<meta property=\"og:image\" content=\"https:\/\/souverainete-suisse.ch\/wp-content\/uploads\/2026\/02\/charpentier.jpg\" \/>\n\t<meta property=\"og:image:width\" content=\"899\" \/>\n\t<meta property=\"og:image:height\" content=\"600\" \/>\n\t<meta property=\"og:image:type\" content=\"image\/jpeg\" \/>\n<meta name=\"author\" content=\"ludom\" \/>\n<meta name=\"twitter:card\" content=\"summary_large_image\" \/>\n<meta name=\"twitter:label1\" content=\"Scritto da\" \/>\n\t<meta name=\"twitter:data1\" content=\"ludom\" \/>\n\t<meta name=\"twitter:label2\" content=\"Tempo di lettura stimato\" \/>\n\t<meta name=\"twitter:data2\" content=\"3 minuti\" \/>\n<script type=\"application\/ld+json\" class=\"yoast-schema-graph\">{\"@context\":\"https:\/\/schema.org\",\"@graph\":[{\"@type\":\"Article\",\"@id\":\"https:\/\/souverainete-suisse.ch\/2026\/02\/on-a-interdit-la-transmission-des-metiers-on-a-isole-les-artisans-et-professionnels\/#article\",\"isPartOf\":{\"@id\":\"https:\/\/souverainete-suisse.ch\/2026\/02\/on-a-interdit-la-transmission-des-metiers-on-a-isole-les-artisans-et-professionnels\/\"},\"author\":{\"name\":\"ludom\",\"@id\":\"https:\/\/souverainete-suisse.ch\/#\/schema\/person\/b25acb547faec24a94d7215216d68cbf\"},\"headline\":\"On a interdit la transmission des m\u00e9tiers. On a isol\u00e9 les artisans et professionnels\",\"datePublished\":\"2026-02-15T22:01:29+00:00\",\"mainEntityOfPage\":{\"@id\":\"https:\/\/souverainete-suisse.ch\/2026\/02\/on-a-interdit-la-transmission-des-metiers-on-a-isole-les-artisans-et-professionnels\/\"},\"wordCount\":452,\"publisher\":{\"@id\":\"https:\/\/souverainete-suisse.ch\/#organization\"},\"image\":{\"@id\":\"https:\/\/souverainete-suisse.ch\/2026\/02\/on-a-interdit-la-transmission-des-metiers-on-a-isole-les-artisans-et-professionnels\/#primaryimage\"},\"thumbnailUrl\":\"https:\/\/souverainete-suisse.ch\/wp-content\/uploads\/2026\/02\/charpentier.jpg\",\"articleSection\":[\"Politique int\u00e9rieure\"],\"inLanguage\":\"it-IT\"},{\"@type\":\"WebPage\",\"@id\":\"https:\/\/souverainete-suisse.ch\/2026\/02\/on-a-interdit-la-transmission-des-metiers-on-a-isole-les-artisans-et-professionnels\/\",\"url\":\"https:\/\/souverainete-suisse.ch\/2026\/02\/on-a-interdit-la-transmission-des-metiers-on-a-isole-les-artisans-et-professionnels\/\",\"name\":\"On a interdit la transmission des m\u00e9tiers. On a isol\u00e9 les artisans et professionnels - Mouvement Souverainet\u00e9 Suisse\",\"isPartOf\":{\"@id\":\"https:\/\/souverainete-suisse.ch\/#website\"},\"primaryImageOfPage\":{\"@id\":\"https:\/\/souverainete-suisse.ch\/2026\/02\/on-a-interdit-la-transmission-des-metiers-on-a-isole-les-artisans-et-professionnels\/#primaryimage\"},\"image\":{\"@id\":\"https:\/\/souverainete-suisse.ch\/2026\/02\/on-a-interdit-la-transmission-des-metiers-on-a-isole-les-artisans-et-professionnels\/#primaryimage\"},\"thumbnailUrl\":\"https:\/\/souverainete-suisse.ch\/wp-content\/uploads\/2026\/02\/charpentier.jpg\",\"datePublished\":\"2026-02-15T22:01:29+00:00\",\"description\":\"Malaise du travail en Suisse : surcharge administrative, isolement des professionnels, perte de sens et affaiblissement de la transmission. Et si la disparition des communaut\u00e9s de m\u00e9tiers expliquait l\u2019\u00e9puisement actuel ? R\u00e9flexion sur auto-r\u00e9gulation, dignit\u00e9 professionnelle et souverainet\u00e9 \u00e9conomique\",\"breadcrumb\":{\"@id\":\"https:\/\/souverainete-suisse.ch\/2026\/02\/on-a-interdit-la-transmission-des-metiers-on-a-isole-les-artisans-et-professionnels\/#breadcrumb\"},\"inLanguage\":\"it-IT\",\"potentialAction\":[{\"@type\":\"ReadAction\",\"target\":[\"https:\/\/souverainete-suisse.ch\/2026\/02\/on-a-interdit-la-transmission-des-metiers-on-a-isole-les-artisans-et-professionnels\/\"]}]},{\"@type\":\"ImageObject\",\"inLanguage\":\"it-IT\",\"@id\":\"https:\/\/souverainete-suisse.ch\/2026\/02\/on-a-interdit-la-transmission-des-metiers-on-a-isole-les-artisans-et-professionnels\/#primaryimage\",\"url\":\"https:\/\/souverainete-suisse.ch\/wp-content\/uploads\/2026\/02\/charpentier.jpg\",\"contentUrl\":\"https:\/\/souverainete-suisse.ch\/wp-content\/uploads\/2026\/02\/charpentier.jpg\",\"width\":899,\"height\":600},{\"@type\":\"BreadcrumbList\",\"@id\":\"https:\/\/souverainete-suisse.ch\/2026\/02\/on-a-interdit-la-transmission-des-metiers-on-a-isole-les-artisans-et-professionnels\/#breadcrumb\",\"itemListElement\":[{\"@type\":\"ListItem\",\"position\":1,\"name\":\"Accueil\",\"item\":\"https:\/\/souverainete-suisse.ch\/\"},{\"@type\":\"ListItem\",\"position\":2,\"name\":\"On a interdit la transmission des m\u00e9tiers. On a isol\u00e9 les artisans et professionnels\"}]},{\"@type\":\"WebSite\",\"@id\":\"https:\/\/souverainete-suisse.ch\/#website\",\"url\":\"https:\/\/souverainete-suisse.ch\/\",\"name\":\"Mouvement Souverainet\u00e9 Suisse\",\"description\":\"\",\"publisher\":{\"@id\":\"https:\/\/souverainete-suisse.ch\/#organization\"},\"potentialAction\":[{\"@type\":\"SearchAction\",\"target\":{\"@type\":\"EntryPoint\",\"urlTemplate\":\"https:\/\/souverainete-suisse.ch\/?s={search_term_string}\"},\"query-input\":{\"@type\":\"PropertyValueSpecification\",\"valueRequired\":true,\"valueName\":\"search_term_string\"}}],\"inLanguage\":\"it-IT\"},{\"@type\":\"Organization\",\"@id\":\"https:\/\/souverainete-suisse.ch\/#organization\",\"name\":\"Mouvement Souverainet\u00e9 Suisse\",\"url\":\"https:\/\/souverainete-suisse.ch\/\",\"logo\":{\"@type\":\"ImageObject\",\"inLanguage\":\"it-IT\",\"@id\":\"https:\/\/souverainete-suisse.ch\/#\/schema\/logo\/image\/\",\"url\":\"https:\/\/souverainete-suisse.ch\/wp-content\/uploads\/2025\/11\/logo.png\",\"contentUrl\":\"https:\/\/souverainete-suisse.ch\/wp-content\/uploads\/2025\/11\/logo.png\",\"width\":2053,\"height\":1461,\"caption\":\"Mouvement Souverainet\u00e9 Suisse\"},\"image\":{\"@id\":\"https:\/\/souverainete-suisse.ch\/#\/schema\/logo\/image\/\"}},{\"@type\":\"Person\",\"@id\":\"https:\/\/souverainete-suisse.ch\/#\/schema\/person\/b25acb547faec24a94d7215216d68cbf\",\"name\":\"ludom\",\"image\":{\"@type\":\"ImageObject\",\"inLanguage\":\"it-IT\",\"@id\":\"https:\/\/souverainete-suisse.ch\/#\/schema\/person\/image\/\",\"url\":\"https:\/\/secure.gravatar.com\/avatar\/77b40fd8e49e537abcea7487b290688ce92143c3443b1d3f419149c67282ffb4?s=96&d=mm&r=g\",\"contentUrl\":\"https:\/\/secure.gravatar.com\/avatar\/77b40fd8e49e537abcea7487b290688ce92143c3443b1d3f419149c67282ffb4?s=96&d=mm&r=g\",\"caption\":\"ludom\"},\"url\":\"http:\/\/souverainete-suisse.ch\/it\/author\/ludom\/\"}]}<\/script>\n<!-- \/ Yoast SEO plugin. -->","yoast_head_json":{"title":"Il trasferimento dei mestieri \u00e8 stato vietato. Gli artigiani e i professionisti sono stati isolati - Mouvement Souverainet\u00e9 Suisse","description":"Disagio lavorativo in Svizzera: sovraccarico amministrativo, isolamento dei professionisti, perdita di significato e indebolimento della trasmissione. E se la scomparsa delle comunit\u00e0 professionali spiegasse l'attuale burnout? Riflessioni su autoregolamentazione, dignit\u00e0 professionale e sovranit\u00e0 economica","robots":{"index":"index","follow":"follow","max-snippet":"max-snippet:-1","max-image-preview":"max-image-preview:large","max-video-preview":"max-video-preview:-1"},"canonical":"https:\/\/souverainete-suisse.ch\/it\/2026\/02\/abbiamo-vietato-il-trasferimento-dei-mestieri-abbiamo-isolato-artigiani-e-professionisti\/","og_locale":"it_IT","og_type":"article","og_title":"On a interdit la transmission des m\u00e9tiers. On a isol\u00e9 les artisans et professionnels - Mouvement Souverainet\u00e9 Suisse","og_description":"Malaise du travail en Suisse : surcharge administrative, isolement des professionnels, perte de sens et affaiblissement de la transmission. Et si la disparition des communaut\u00e9s de m\u00e9tiers expliquait l\u2019\u00e9puisement actuel ? R\u00e9flexion sur auto-r\u00e9gulation, dignit\u00e9 professionnelle et souverainet\u00e9 \u00e9conomique","og_url":"https:\/\/souverainete-suisse.ch\/it\/2026\/02\/abbiamo-vietato-il-trasferimento-dei-mestieri-abbiamo-isolato-artigiani-e-professionisti\/","og_site_name":"Mouvement Souverainet\u00e9 Suisse","article_published_time":"2026-02-15T22:01:29+00:00","og_image":[{"width":899,"height":600,"url":"https:\/\/souverainete-suisse.ch\/wp-content\/uploads\/2026\/02\/charpentier.jpg","type":"image\/jpeg"}],"author":"ludom","twitter_card":"summary_large_image","twitter_misc":{"Scritto da":"ludom","Tempo di lettura stimato":"3 minuti"},"schema":{"@context":"https:\/\/schema.org","@graph":[{"@type":"Article","@id":"https:\/\/souverainete-suisse.ch\/2026\/02\/on-a-interdit-la-transmission-des-metiers-on-a-isole-les-artisans-et-professionnels\/#article","isPartOf":{"@id":"https:\/\/souverainete-suisse.ch\/2026\/02\/on-a-interdit-la-transmission-des-metiers-on-a-isole-les-artisans-et-professionnels\/"},"author":{"name":"ludom","@id":"https:\/\/souverainete-suisse.ch\/#\/schema\/person\/b25acb547faec24a94d7215216d68cbf"},"headline":"On a interdit la transmission des m\u00e9tiers. On a isol\u00e9 les artisans et professionnels","datePublished":"2026-02-15T22:01:29+00:00","mainEntityOfPage":{"@id":"https:\/\/souverainete-suisse.ch\/2026\/02\/on-a-interdit-la-transmission-des-metiers-on-a-isole-les-artisans-et-professionnels\/"},"wordCount":452,"publisher":{"@id":"https:\/\/souverainete-suisse.ch\/#organization"},"image":{"@id":"https:\/\/souverainete-suisse.ch\/2026\/02\/on-a-interdit-la-transmission-des-metiers-on-a-isole-les-artisans-et-professionnels\/#primaryimage"},"thumbnailUrl":"https:\/\/souverainete-suisse.ch\/wp-content\/uploads\/2026\/02\/charpentier.jpg","articleSection":["Politique int\u00e9rieure"],"inLanguage":"it-IT"},{"@type":"WebPage","@id":"https:\/\/souverainete-suisse.ch\/2026\/02\/on-a-interdit-la-transmission-des-metiers-on-a-isole-les-artisans-et-professionnels\/","url":"https:\/\/souverainete-suisse.ch\/2026\/02\/on-a-interdit-la-transmission-des-metiers-on-a-isole-les-artisans-et-professionnels\/","name":"Il trasferimento dei mestieri \u00e8 stato vietato. Gli artigiani e i professionisti sono stati isolati - Mouvement Souverainet\u00e9 Suisse","isPartOf":{"@id":"https:\/\/souverainete-suisse.ch\/#website"},"primaryImageOfPage":{"@id":"https:\/\/souverainete-suisse.ch\/2026\/02\/on-a-interdit-la-transmission-des-metiers-on-a-isole-les-artisans-et-professionnels\/#primaryimage"},"image":{"@id":"https:\/\/souverainete-suisse.ch\/2026\/02\/on-a-interdit-la-transmission-des-metiers-on-a-isole-les-artisans-et-professionnels\/#primaryimage"},"thumbnailUrl":"https:\/\/souverainete-suisse.ch\/wp-content\/uploads\/2026\/02\/charpentier.jpg","datePublished":"2026-02-15T22:01:29+00:00","description":"Disagio lavorativo in Svizzera: sovraccarico amministrativo, isolamento dei professionisti, perdita di significato e indebolimento della trasmissione. E se la scomparsa delle comunit\u00e0 professionali spiegasse l'attuale burnout? Riflessioni su autoregolamentazione, dignit\u00e0 professionale e sovranit\u00e0 economica","breadcrumb":{"@id":"https:\/\/souverainete-suisse.ch\/2026\/02\/on-a-interdit-la-transmission-des-metiers-on-a-isole-les-artisans-et-professionnels\/#breadcrumb"},"inLanguage":"it-IT","potentialAction":[{"@type":"ReadAction","target":["https:\/\/souverainete-suisse.ch\/2026\/02\/on-a-interdit-la-transmission-des-metiers-on-a-isole-les-artisans-et-professionnels\/"]}]},{"@type":"ImageObject","inLanguage":"it-IT","@id":"https:\/\/souverainete-suisse.ch\/2026\/02\/on-a-interdit-la-transmission-des-metiers-on-a-isole-les-artisans-et-professionnels\/#primaryimage","url":"https:\/\/souverainete-suisse.ch\/wp-content\/uploads\/2026\/02\/charpentier.jpg","contentUrl":"https:\/\/souverainete-suisse.ch\/wp-content\/uploads\/2026\/02\/charpentier.jpg","width":899,"height":600},{"@type":"BreadcrumbList","@id":"https:\/\/souverainete-suisse.ch\/2026\/02\/on-a-interdit-la-transmission-des-metiers-on-a-isole-les-artisans-et-professionnels\/#breadcrumb","itemListElement":[{"@type":"ListItem","position":1,"name":"Accueil","item":"https:\/\/souverainete-suisse.ch\/"},{"@type":"ListItem","position":2,"name":"On a interdit la transmission des m\u00e9tiers. On a isol\u00e9 les artisans et professionnels"}]},{"@type":"WebSite","@id":"https:\/\/souverainete-suisse.ch\/#website","url":"https:\/\/souverainete-suisse.ch\/","name":"Movimento per la sovranit\u00e0 della Svizzera","description":"","publisher":{"@id":"https:\/\/souverainete-suisse.ch\/#organization"},"potentialAction":[{"@type":"SearchAction","target":{"@type":"EntryPoint","urlTemplate":"https:\/\/souverainete-suisse.ch\/?s={search_term_string}"},"query-input":{"@type":"PropertyValueSpecification","valueRequired":true,"valueName":"search_term_string"}}],"inLanguage":"it-IT"},{"@type":"Organization","@id":"https:\/\/souverainete-suisse.ch\/#organization","name":"Movimento per la sovranit\u00e0 della Svizzera","url":"https:\/\/souverainete-suisse.ch\/","logo":{"@type":"ImageObject","inLanguage":"it-IT","@id":"https:\/\/souverainete-suisse.ch\/#\/schema\/logo\/image\/","url":"https:\/\/souverainete-suisse.ch\/wp-content\/uploads\/2025\/11\/logo.png","contentUrl":"https:\/\/souverainete-suisse.ch\/wp-content\/uploads\/2025\/11\/logo.png","width":2053,"height":1461,"caption":"Mouvement Souverainet\u00e9 Suisse"},"image":{"@id":"https:\/\/souverainete-suisse.ch\/#\/schema\/logo\/image\/"}},{"@type":"Person","@id":"https:\/\/souverainete-suisse.ch\/#\/schema\/person\/b25acb547faec24a94d7215216d68cbf","name":"ludom","image":{"@type":"ImageObject","inLanguage":"it-IT","@id":"https:\/\/souverainete-suisse.ch\/#\/schema\/person\/image\/","url":"https:\/\/secure.gravatar.com\/avatar\/77b40fd8e49e537abcea7487b290688ce92143c3443b1d3f419149c67282ffb4?s=96&d=mm&r=g","contentUrl":"https:\/\/secure.gravatar.com\/avatar\/77b40fd8e49e537abcea7487b290688ce92143c3443b1d3f419149c67282ffb4?s=96&d=mm&r=g","caption":"ludom"},"url":"http:\/\/souverainete-suisse.ch\/it\/author\/ludom\/"}]}},"_links":{"self":[{"href":"http:\/\/souverainete-suisse.ch\/it\/wp-json\/wp\/v2\/posts\/880","targetHints":{"allow":["GET"]}}],"collection":[{"href":"http:\/\/souverainete-suisse.ch\/it\/wp-json\/wp\/v2\/posts"}],"about":[{"href":"http:\/\/souverainete-suisse.ch\/it\/wp-json\/wp\/v2\/types\/post"}],"author":[{"embeddable":true,"href":"http:\/\/souverainete-suisse.ch\/it\/wp-json\/wp\/v2\/users\/2"}],"replies":[{"embeddable":true,"href":"http:\/\/souverainete-suisse.ch\/it\/wp-json\/wp\/v2\/comments?post=880"}],"version-history":[{"count":1,"href":"http:\/\/souverainete-suisse.ch\/it\/wp-json\/wp\/v2\/posts\/880\/revisions"}],"predecessor-version":[{"id":882,"href":"http:\/\/souverainete-suisse.ch\/it\/wp-json\/wp\/v2\/posts\/880\/revisions\/882"}],"wp:featuredmedia":[{"embeddable":true,"href":"http:\/\/souverainete-suisse.ch\/it\/wp-json\/wp\/v2\/media\/881"}],"wp:attachment":[{"href":"http:\/\/souverainete-suisse.ch\/it\/wp-json\/wp\/v2\/media?parent=880"}],"wp:term":[{"taxonomy":"category","embeddable":true,"href":"http:\/\/souverainete-suisse.ch\/it\/wp-json\/wp\/v2\/categories?post=880"},{"taxonomy":"post_tag","embeddable":true,"href":"http:\/\/souverainete-suisse.ch\/it\/wp-json\/wp\/v2\/tags?post=880"}],"curies":[{"name":"wp","href":"https:\/\/api.w.org\/{rel}","templated":true}]}}