{"id":877,"date":"2026-02-15T22:55:04","date_gmt":"2026-02-15T21:55:04","guid":{"rendered":"https:\/\/souverainete-suisse.ch\/?p=877"},"modified":"2026-02-15T22:55:04","modified_gmt":"2026-02-15T21:55:04","slug":"quando-la-svizzera-inizia-a-copiare-chi-e-in-declino","status":"publish","type":"post","link":"http:\/\/souverainete-suisse.ch\/it\/2026\/02\/quando-la-svizzera-inizia-a-copiare-chi-e-in-declino\/","title":{"rendered":"Quando la Svizzera inizia a copiare i paesi in declino"},"content":{"rendered":"<p><em>La Svizzera non \u00e8 mai stata ricca per caso. \u00c8 diventata ricca perch\u00e9 ha saputo mantenere un raro equilibrio tra apertura e controllo, flessibilit\u00e0 e sicurezza. Oggi, con il pretesto della \u00abprotezione dei salari\u00bb, \u00e8 proprio questa base che viene minata. Dietro una misura tecnica sui licenziamenti si nasconde una trasformazione molto pi\u00f9 profonda del nostro modello. Se non guardiamo con chiarezza a ci\u00f2 che sta accadendo, potremmo scoprire troppo tardi che ci\u00f2 che ci rendeva forti \u00e8 stato lentamente diluito.<\/em><\/p>\n<p>&nbsp;<\/p>\n<p id=\"ember2036\" class=\"ember-view reader-text-block__paragraph\">Il Consiglio federale ha appena adottato una nuova misura per rendere pi\u00f9 difficili alcuni licenziamenti nell'ambito del pacchetto Svizzera-UE. Presentata come \u00abindispensabile\u00bb, accolta con favore dall'USS di Pierre-Yves Maillard e contestata dall'Unione svizzera dei datori di lavoro, questa decisione non \u00e8 di poco conto. Rivela una trasformazione silenziosa del modello svizzero.<\/p>\n<p id=\"ember2037\" class=\"ember-view reader-text-block__paragraph\">La Svizzera non ha mai costruito il suo successo sulla rigidit\u00e0. Lo ha costruito su tre pilastri: flessibilit\u00e0 del mercato del lavoro, certezza del diritto e controllo politico dei flussi.<\/p>\n<p id=\"ember2038\" class=\"ember-view reader-text-block__paragraph\">Ma questi equilibri sono ormai fragili.<\/p>\n<h3 id=\"ember2039\" class=\"ember-view reader-text-block__heading-3\">1. L'immigrazione di massa: la variabile che nessuno osa nominare<\/h3>\n<p id=\"ember2040\" class=\"ember-view reader-text-block__paragraph\">Dalla firma degli Accordi bilaterali I e II, la popolazione svizzera \u00e8 cresciuta da circa 7,2 milioni (2002) agli attuali oltre 9 milioni. Oltre l'80% della crescita demografica deriva dall'immigrazione.<\/p>\n<p id=\"ember2041\" class=\"ember-view reader-text-block__paragraph\">Il nuovo \u00abaccordo quadro\u00bb, ribattezzato \u00abBilaterali III\u00bb, approfondisce ulteriormente l'integrazione dinamica con il diritto europeo. In altre parole: meno margine di manovra nazionale per adattare le nostre regole alla nostra realt\u00e0.<\/p>\n<p id=\"ember2042\" class=\"ember-view reader-text-block__paragraph\">Quando l'offerta di lavoro aumenta strutturalmente, la pressione sui salari si intensifica. Invece di affrontare la causa - la perdita di controllo sulla migrazione - stiamo accumulando misure amministrative.<\/p>\n<h3 id=\"ember2043\" class=\"ember-view reader-text-block__heading-3\">2. Salario minimo e inflessibilit\u00e0: sintomo di uno squilibrio<\/h3>\n<p id=\"ember2044\" class=\"ember-view reader-text-block__paragraph\">Rendere i licenziamenti pi\u00f9 complessi non \u00e8 neutrale. Nelle aziende con pi\u00f9 di 50 dipendenti (2% del tessuto economico), la sanzione pu\u00f2 arrivare fino a dieci mensilit\u00e0.<\/p>\n<p id=\"ember2045\" class=\"ember-view reader-text-block__paragraph\">Questo tipo di sistema \u00e8 tipico di Stati sociali in declino come la Francia, dove la disoccupazione strutturale ha superato i 7% per decenni. La Svizzera, invece, ha mantenuto a lungo la disoccupazione intorno alle 2-3% grazie alla flessibilit\u00e0 contrattuale.<\/p>\n<p id=\"ember2046\" class=\"ember-view reader-text-block__paragraph\">Restringere il mercato del lavoro significa spostare il rischio sulle imprese. E le PMI sono la spina dorsale della nostra prosperit\u00e0.<\/p>\n<h3 id=\"ember2047\" class=\"ember-view reader-text-block__heading-3\">3. L'illusione della \u201cprotezione\u201d<\/h3>\n<p id=\"ember2048\" class=\"ember-view reader-text-block__paragraph\">La misura viene presentata come una garanzia dei salari di fronte alle imprese europee distaccate. In realt\u00e0, altera l'equilibrio interno della legge svizzera.<\/p>\n<p id=\"ember2049\" class=\"ember-view reader-text-block__paragraph\">Marco Taddei (UPS) descrive il processo come \u00abbipartisan nel migliore dei casi\u00bb. I datori di lavoro non vedono questa soluzione come una soluzione consensuale, ma come una concessione politica volta a far passare un pacchetto pi\u00f9 ampio.<\/p>\n<p id=\"ember2050\" class=\"ember-view reader-text-block__paragraph\">Quando la Confederazione inizia a importare il pensiero corporativo, si allontana dal suo DNA liberale.<\/p>\n<h3 id=\"ember2051\" class=\"ember-view reader-text-block__heading-3\">4. Svalutazione della moneta e potere d'acquisto<\/h3>\n<p id=\"ember2052\" class=\"ember-view reader-text-block__paragraph\">Il contesto monetario non pu\u00f2 essere ignorato. Dal 1971, la fine del vincolo aureo del dollaro ha portato a un'espansione monetaria globale senza precedenti. La massa monetaria globale \u00e8 esplosa, cos\u00ec come il debito.<\/p>\n<p id=\"ember2053\" class=\"ember-view reader-text-block__paragraph\">Sebbene il franco rimanga pi\u00f9 forte della maggior parte delle valute, il suo potere d'acquisto reale si sta erodendo nel lungo periodo rispetto agli asset tangibili.<\/p>\n<p id=\"ember2054\" class=\"ember-view reader-text-block__paragraph\">Quando l'inflazione sale e la crescita demografica accelera, la pressione sociale aumenta automaticamente. La risposta prescelta: pi\u00f9 vigilanza, pi\u00f9 norme.<\/p>\n<h3 id=\"ember2055\" class=\"ember-view reader-text-block__heading-3\">5. Rivelazione del simbolismo politico<\/h3>\n<p id=\"ember2056\" class=\"ember-view reader-text-block__paragraph\">Il fatto che questa misura sia stata approvata con il sostegno entusiasta di un socialista come Pierre-Yves Maillard \u00e8 emblematico. Le stesse forze politiche che difendono l'immigrazione estensiva propongono poi di rendere pi\u00f9 rigido il mercato del lavoro per attutirne gli effetti.<\/p>\n<p id=\"ember2057\" class=\"ember-view reader-text-block__paragraph\">\u00c8 un circolo paradossale: spalancare le frontiere, poi irrigidire l'economia per gestire le tensioni create.<\/p>\n<h2 id=\"ember2058\" class=\"ember-view reader-text-block__heading-2\">Il rischio<\/h2>\n<p id=\"ember2059\" class=\"ember-view reader-text-block__paragraph\">Il modello svizzero si basa su :<\/p>\n<ul>\n<li>Immigrazione controllata<\/li>\n<li>Un mercato del lavoro flessibile<\/li>\n<li>Un elevato livello di certezza del diritto<\/li>\n<li>Una moneta credibile<\/li>\n<li>Responsabilit\u00e0 di bilancio<\/li>\n<\/ul>\n<p id=\"ember2061\" class=\"ember-view reader-text-block__paragraph\">Se tutti questi fattori cambiano contemporaneamente, la Svizzera cesser\u00e0 di essere un caso unico e diventer\u00e0 un paese europeo standard, con le stesse strozzature strutturali.<\/p>\n<h2 id=\"ember2062\" class=\"ember-view reader-text-block__heading-2\">\ud83c\udde8\ud83c\uddedConclusion<\/h2>\n<p id=\"ember2063\" class=\"ember-view reader-text-block__paragraph\">Il successo della Svizzera non \u00e8 garantito da un decreto. Dipende da un sottile equilibrio tra apertura e sovranit\u00e0, protezione e libert\u00e0.<\/p>\n<p id=\"ember2064\" class=\"ember-view reader-text-block__paragraph\">Restringere il mercato del lavoro per compensare la perdita di controllo sull'immigrazione non \u00e8 una soluzione. \u00c8 un'ammissione.<\/p>\n<p id=\"ember2065\" class=\"ember-view reader-text-block__paragraph\">La Svizzera non ha mai prosperato copiando modelli in crisi. Ha prosperato perch\u00e9 ha fatto le cose in modo diverso.<\/p>","protected":false},"excerpt":{"rendered":"<p>La Suisse n\u2019a jamais \u00e9t\u00e9 riche par hasard. Elle l\u2019est devenue parce qu\u2019elle a su pr\u00e9server un \u00e9quilibre rare entre ouverture et contr\u00f4le, flexibilit\u00e9 et s\u00e9curit\u00e9. Aujourd\u2019hui, sous couvert de \u00ab protection salariale \u00bb, c\u2019est ce socle m\u00eame que l\u2019on fragilise. Derri\u00e8re une mesure technique sur les licenciements se cache une transformation beaucoup plus profonde [&hellip;]<\/p>\n","protected":false},"author":2,"featured_media":878,"comment_status":"closed","ping_status":"closed","sticky":false,"template":"","format":"standard","meta":{"footnotes":""},"categories":[8,11],"tags":[],"class_list":["post-877","post","type-post","status-publish","format-standard","has-post-thumbnail","hentry","category-politique-interieure","category-ue"],"yoast_head":"<!-- This site is optimized with the Yoast SEO plugin v26.9 - https:\/\/yoast.com\/product\/yoast-seo-wordpress\/ -->\n<title>Quand la Suisse commence \u00e0 copier ceux qui d\u00e9clinent - Mouvement Souverainet\u00e9 Suisse<\/title>\n<meta name=\"description\" content=\"\u00e9forme des licenciements, Bilat\u00e9rales III et pression migratoire : la Suisse risque de rigidifier son march\u00e9 du travail au d\u00e9triment de sa flexibilit\u00e9, de ses PME et de son mod\u00e8le unique. Analyse des enjeux \u00e9conomiques, juridiques et mon\u00e9taires derri\u00e8re la transformation silencieuse du cadre helv\u00e9tique.\" \/>\n<meta name=\"robots\" content=\"index, follow, max-snippet:-1, max-image-preview:large, max-video-preview:-1\" \/>\n<link rel=\"canonical\" href=\"https:\/\/souverainete-suisse.ch\/it\/2026\/02\/quando-la-svizzera-inizia-a-copiare-chi-e-in-declino\/\" \/>\n<meta property=\"og:locale\" content=\"it_IT\" \/>\n<meta property=\"og:type\" content=\"article\" \/>\n<meta property=\"og:title\" content=\"Quand la Suisse commence \u00e0 copier ceux qui d\u00e9clinent - Mouvement Souverainet\u00e9 Suisse\" \/>\n<meta property=\"og:description\" content=\"\u00e9forme des licenciements, Bilat\u00e9rales III et pression migratoire : la Suisse risque de rigidifier son march\u00e9 du travail au d\u00e9triment de sa flexibilit\u00e9, de ses PME et de son mod\u00e8le unique. Analyse des enjeux \u00e9conomiques, juridiques et mon\u00e9taires derri\u00e8re la transformation silencieuse du cadre helv\u00e9tique.\" \/>\n<meta property=\"og:url\" content=\"https:\/\/souverainete-suisse.ch\/it\/2026\/02\/quando-la-svizzera-inizia-a-copiare-chi-e-in-declino\/\" \/>\n<meta property=\"og:site_name\" content=\"Mouvement Souverainet\u00e9 Suisse\" \/>\n<meta property=\"article:published_time\" content=\"2026-02-15T21:55:04+00:00\" \/>\n<meta property=\"og:image\" content=\"https:\/\/souverainete-suisse.ch\/wp-content\/uploads\/2026\/02\/Maillard.jpeg\" \/>\n\t<meta property=\"og:image:width\" content=\"2048\" \/>\n\t<meta property=\"og:image:height\" content=\"1365\" \/>\n\t<meta property=\"og:image:type\" content=\"image\/jpeg\" \/>\n<meta name=\"author\" content=\"ludom\" \/>\n<meta name=\"twitter:card\" content=\"summary_large_image\" \/>\n<meta name=\"twitter:label1\" content=\"Scritto da\" \/>\n\t<meta name=\"twitter:data1\" content=\"ludom\" \/>\n\t<meta name=\"twitter:label2\" content=\"Tempo di lettura stimato\" \/>\n\t<meta name=\"twitter:data2\" content=\"4 minuti\" \/>\n<script type=\"application\/ld+json\" class=\"yoast-schema-graph\">{\"@context\":\"https:\/\/schema.org\",\"@graph\":[{\"@type\":\"Article\",\"@id\":\"https:\/\/souverainete-suisse.ch\/2026\/02\/quand-la-suisse-commence-a-copier-ceux-qui-declinent\/#article\",\"isPartOf\":{\"@id\":\"https:\/\/souverainete-suisse.ch\/2026\/02\/quand-la-suisse-commence-a-copier-ceux-qui-declinent\/\"},\"author\":{\"name\":\"ludom\",\"@id\":\"https:\/\/souverainete-suisse.ch\/#\/schema\/person\/b25acb547faec24a94d7215216d68cbf\"},\"headline\":\"Quand la Suisse commence \u00e0 copier ceux qui d\u00e9clinent\",\"datePublished\":\"2026-02-15T21:55:04+00:00\",\"mainEntityOfPage\":{\"@id\":\"https:\/\/souverainete-suisse.ch\/2026\/02\/quand-la-suisse-commence-a-copier-ceux-qui-declinent\/\"},\"wordCount\":817,\"publisher\":{\"@id\":\"https:\/\/souverainete-suisse.ch\/#organization\"},\"image\":{\"@id\":\"https:\/\/souverainete-suisse.ch\/2026\/02\/quand-la-suisse-commence-a-copier-ceux-qui-declinent\/#primaryimage\"},\"thumbnailUrl\":\"https:\/\/souverainete-suisse.ch\/wp-content\/uploads\/2026\/02\/Maillard.jpeg\",\"articleSection\":[\"Politique int\u00e9rieure\",\"UE\"],\"inLanguage\":\"it-IT\"},{\"@type\":\"WebPage\",\"@id\":\"https:\/\/souverainete-suisse.ch\/2026\/02\/quand-la-suisse-commence-a-copier-ceux-qui-declinent\/\",\"url\":\"https:\/\/souverainete-suisse.ch\/2026\/02\/quand-la-suisse-commence-a-copier-ceux-qui-declinent\/\",\"name\":\"Quand la Suisse commence \u00e0 copier ceux qui d\u00e9clinent - Mouvement Souverainet\u00e9 Suisse\",\"isPartOf\":{\"@id\":\"https:\/\/souverainete-suisse.ch\/#website\"},\"primaryImageOfPage\":{\"@id\":\"https:\/\/souverainete-suisse.ch\/2026\/02\/quand-la-suisse-commence-a-copier-ceux-qui-declinent\/#primaryimage\"},\"image\":{\"@id\":\"https:\/\/souverainete-suisse.ch\/2026\/02\/quand-la-suisse-commence-a-copier-ceux-qui-declinent\/#primaryimage\"},\"thumbnailUrl\":\"https:\/\/souverainete-suisse.ch\/wp-content\/uploads\/2026\/02\/Maillard.jpeg\",\"datePublished\":\"2026-02-15T21:55:04+00:00\",\"description\":\"\u00e9forme des licenciements, Bilat\u00e9rales III et pression migratoire : la Suisse risque de rigidifier son march\u00e9 du travail au d\u00e9triment de sa flexibilit\u00e9, de ses PME et de son mod\u00e8le unique. Analyse des enjeux \u00e9conomiques, juridiques et mon\u00e9taires derri\u00e8re la transformation silencieuse du cadre helv\u00e9tique.\",\"breadcrumb\":{\"@id\":\"https:\/\/souverainete-suisse.ch\/2026\/02\/quand-la-suisse-commence-a-copier-ceux-qui-declinent\/#breadcrumb\"},\"inLanguage\":\"it-IT\",\"potentialAction\":[{\"@type\":\"ReadAction\",\"target\":[\"https:\/\/souverainete-suisse.ch\/2026\/02\/quand-la-suisse-commence-a-copier-ceux-qui-declinent\/\"]}]},{\"@type\":\"ImageObject\",\"inLanguage\":\"it-IT\",\"@id\":\"https:\/\/souverainete-suisse.ch\/2026\/02\/quand-la-suisse-commence-a-copier-ceux-qui-declinent\/#primaryimage\",\"url\":\"https:\/\/souverainete-suisse.ch\/wp-content\/uploads\/2026\/02\/Maillard.jpeg\",\"contentUrl\":\"https:\/\/souverainete-suisse.ch\/wp-content\/uploads\/2026\/02\/Maillard.jpeg\",\"width\":2048,\"height\":1365},{\"@type\":\"BreadcrumbList\",\"@id\":\"https:\/\/souverainete-suisse.ch\/2026\/02\/quand-la-suisse-commence-a-copier-ceux-qui-declinent\/#breadcrumb\",\"itemListElement\":[{\"@type\":\"ListItem\",\"position\":1,\"name\":\"Accueil\",\"item\":\"https:\/\/souverainete-suisse.ch\/\"},{\"@type\":\"ListItem\",\"position\":2,\"name\":\"Quand la Suisse commence \u00e0 copier ceux qui d\u00e9clinent\"}]},{\"@type\":\"WebSite\",\"@id\":\"https:\/\/souverainete-suisse.ch\/#website\",\"url\":\"https:\/\/souverainete-suisse.ch\/\",\"name\":\"Mouvement Souverainet\u00e9 Suisse\",\"description\":\"\",\"publisher\":{\"@id\":\"https:\/\/souverainete-suisse.ch\/#organization\"},\"potentialAction\":[{\"@type\":\"SearchAction\",\"target\":{\"@type\":\"EntryPoint\",\"urlTemplate\":\"https:\/\/souverainete-suisse.ch\/?s={search_term_string}\"},\"query-input\":{\"@type\":\"PropertyValueSpecification\",\"valueRequired\":true,\"valueName\":\"search_term_string\"}}],\"inLanguage\":\"it-IT\"},{\"@type\":\"Organization\",\"@id\":\"https:\/\/souverainete-suisse.ch\/#organization\",\"name\":\"Mouvement Souverainet\u00e9 Suisse\",\"url\":\"https:\/\/souverainete-suisse.ch\/\",\"logo\":{\"@type\":\"ImageObject\",\"inLanguage\":\"it-IT\",\"@id\":\"https:\/\/souverainete-suisse.ch\/#\/schema\/logo\/image\/\",\"url\":\"https:\/\/souverainete-suisse.ch\/wp-content\/uploads\/2025\/11\/logo.png\",\"contentUrl\":\"https:\/\/souverainete-suisse.ch\/wp-content\/uploads\/2025\/11\/logo.png\",\"width\":2053,\"height\":1461,\"caption\":\"Mouvement Souverainet\u00e9 Suisse\"},\"image\":{\"@id\":\"https:\/\/souverainete-suisse.ch\/#\/schema\/logo\/image\/\"}},{\"@type\":\"Person\",\"@id\":\"https:\/\/souverainete-suisse.ch\/#\/schema\/person\/b25acb547faec24a94d7215216d68cbf\",\"name\":\"ludom\",\"image\":{\"@type\":\"ImageObject\",\"inLanguage\":\"it-IT\",\"@id\":\"https:\/\/souverainete-suisse.ch\/#\/schema\/person\/image\/\",\"url\":\"https:\/\/secure.gravatar.com\/avatar\/77b40fd8e49e537abcea7487b290688ce92143c3443b1d3f419149c67282ffb4?s=96&d=mm&r=g\",\"contentUrl\":\"https:\/\/secure.gravatar.com\/avatar\/77b40fd8e49e537abcea7487b290688ce92143c3443b1d3f419149c67282ffb4?s=96&d=mm&r=g\",\"caption\":\"ludom\"},\"url\":\"http:\/\/souverainete-suisse.ch\/it\/author\/ludom\/\"}]}<\/script>\n<!-- \/ Yoast SEO plugin. -->","yoast_head_json":{"title":"Quando la Svizzera inizia a copiare chi \u00e8 in declino - Mouvement Souverainet\u00e9 Suisse","description":"Con la riforma dei licenziamenti, i Bilaterali III e la pressione migratoria, la Svizzera rischia di irrigidire il suo mercato del lavoro, a scapito della sua flessibilit\u00e0, delle sue PMI e del suo modello unico. Un'analisi delle questioni economiche, legali e monetarie alla base della silenziosa trasformazione del quadro svizzero.","robots":{"index":"index","follow":"follow","max-snippet":"max-snippet:-1","max-image-preview":"max-image-preview:large","max-video-preview":"max-video-preview:-1"},"canonical":"https:\/\/souverainete-suisse.ch\/it\/2026\/02\/quando-la-svizzera-inizia-a-copiare-chi-e-in-declino\/","og_locale":"it_IT","og_type":"article","og_title":"Quand la Suisse commence \u00e0 copier ceux qui d\u00e9clinent - Mouvement Souverainet\u00e9 Suisse","og_description":"\u00e9forme des licenciements, Bilat\u00e9rales III et pression migratoire : la Suisse risque de rigidifier son march\u00e9 du travail au d\u00e9triment de sa flexibilit\u00e9, de ses PME et de son mod\u00e8le unique. Analyse des enjeux \u00e9conomiques, juridiques et mon\u00e9taires derri\u00e8re la transformation silencieuse du cadre helv\u00e9tique.","og_url":"https:\/\/souverainete-suisse.ch\/it\/2026\/02\/quando-la-svizzera-inizia-a-copiare-chi-e-in-declino\/","og_site_name":"Mouvement Souverainet\u00e9 Suisse","article_published_time":"2026-02-15T21:55:04+00:00","og_image":[{"width":2048,"height":1365,"url":"https:\/\/souverainete-suisse.ch\/wp-content\/uploads\/2026\/02\/Maillard.jpeg","type":"image\/jpeg"}],"author":"ludom","twitter_card":"summary_large_image","twitter_misc":{"Scritto da":"ludom","Tempo di lettura stimato":"4 minuti"},"schema":{"@context":"https:\/\/schema.org","@graph":[{"@type":"Article","@id":"https:\/\/souverainete-suisse.ch\/2026\/02\/quand-la-suisse-commence-a-copier-ceux-qui-declinent\/#article","isPartOf":{"@id":"https:\/\/souverainete-suisse.ch\/2026\/02\/quand-la-suisse-commence-a-copier-ceux-qui-declinent\/"},"author":{"name":"ludom","@id":"https:\/\/souverainete-suisse.ch\/#\/schema\/person\/b25acb547faec24a94d7215216d68cbf"},"headline":"Quand la Suisse commence \u00e0 copier ceux qui d\u00e9clinent","datePublished":"2026-02-15T21:55:04+00:00","mainEntityOfPage":{"@id":"https:\/\/souverainete-suisse.ch\/2026\/02\/quand-la-suisse-commence-a-copier-ceux-qui-declinent\/"},"wordCount":817,"publisher":{"@id":"https:\/\/souverainete-suisse.ch\/#organization"},"image":{"@id":"https:\/\/souverainete-suisse.ch\/2026\/02\/quand-la-suisse-commence-a-copier-ceux-qui-declinent\/#primaryimage"},"thumbnailUrl":"https:\/\/souverainete-suisse.ch\/wp-content\/uploads\/2026\/02\/Maillard.jpeg","articleSection":["Politique int\u00e9rieure","UE"],"inLanguage":"it-IT"},{"@type":"WebPage","@id":"https:\/\/souverainete-suisse.ch\/2026\/02\/quand-la-suisse-commence-a-copier-ceux-qui-declinent\/","url":"https:\/\/souverainete-suisse.ch\/2026\/02\/quand-la-suisse-commence-a-copier-ceux-qui-declinent\/","name":"Quando la Svizzera inizia a copiare chi \u00e8 in declino - Mouvement Souverainet\u00e9 Suisse","isPartOf":{"@id":"https:\/\/souverainete-suisse.ch\/#website"},"primaryImageOfPage":{"@id":"https:\/\/souverainete-suisse.ch\/2026\/02\/quand-la-suisse-commence-a-copier-ceux-qui-declinent\/#primaryimage"},"image":{"@id":"https:\/\/souverainete-suisse.ch\/2026\/02\/quand-la-suisse-commence-a-copier-ceux-qui-declinent\/#primaryimage"},"thumbnailUrl":"https:\/\/souverainete-suisse.ch\/wp-content\/uploads\/2026\/02\/Maillard.jpeg","datePublished":"2026-02-15T21:55:04+00:00","description":"Con la riforma dei licenziamenti, i Bilaterali III e la pressione migratoria, la Svizzera rischia di irrigidire il suo mercato del lavoro, a scapito della sua flessibilit\u00e0, delle sue PMI e del suo modello unico. Un'analisi delle questioni economiche, legali e monetarie alla base della silenziosa trasformazione del quadro svizzero.","breadcrumb":{"@id":"https:\/\/souverainete-suisse.ch\/2026\/02\/quand-la-suisse-commence-a-copier-ceux-qui-declinent\/#breadcrumb"},"inLanguage":"it-IT","potentialAction":[{"@type":"ReadAction","target":["https:\/\/souverainete-suisse.ch\/2026\/02\/quand-la-suisse-commence-a-copier-ceux-qui-declinent\/"]}]},{"@type":"ImageObject","inLanguage":"it-IT","@id":"https:\/\/souverainete-suisse.ch\/2026\/02\/quand-la-suisse-commence-a-copier-ceux-qui-declinent\/#primaryimage","url":"https:\/\/souverainete-suisse.ch\/wp-content\/uploads\/2026\/02\/Maillard.jpeg","contentUrl":"https:\/\/souverainete-suisse.ch\/wp-content\/uploads\/2026\/02\/Maillard.jpeg","width":2048,"height":1365},{"@type":"BreadcrumbList","@id":"https:\/\/souverainete-suisse.ch\/2026\/02\/quand-la-suisse-commence-a-copier-ceux-qui-declinent\/#breadcrumb","itemListElement":[{"@type":"ListItem","position":1,"name":"Accueil","item":"https:\/\/souverainete-suisse.ch\/"},{"@type":"ListItem","position":2,"name":"Quand la Suisse commence \u00e0 copier ceux qui d\u00e9clinent"}]},{"@type":"WebSite","@id":"https:\/\/souverainete-suisse.ch\/#website","url":"https:\/\/souverainete-suisse.ch\/","name":"Movimento per la sovranit\u00e0 della Svizzera","description":"","publisher":{"@id":"https:\/\/souverainete-suisse.ch\/#organization"},"potentialAction":[{"@type":"SearchAction","target":{"@type":"EntryPoint","urlTemplate":"https:\/\/souverainete-suisse.ch\/?s={search_term_string}"},"query-input":{"@type":"PropertyValueSpecification","valueRequired":true,"valueName":"search_term_string"}}],"inLanguage":"it-IT"},{"@type":"Organization","@id":"https:\/\/souverainete-suisse.ch\/#organization","name":"Movimento per la sovranit\u00e0 della Svizzera","url":"https:\/\/souverainete-suisse.ch\/","logo":{"@type":"ImageObject","inLanguage":"it-IT","@id":"https:\/\/souverainete-suisse.ch\/#\/schema\/logo\/image\/","url":"https:\/\/souverainete-suisse.ch\/wp-content\/uploads\/2025\/11\/logo.png","contentUrl":"https:\/\/souverainete-suisse.ch\/wp-content\/uploads\/2025\/11\/logo.png","width":2053,"height":1461,"caption":"Mouvement Souverainet\u00e9 Suisse"},"image":{"@id":"https:\/\/souverainete-suisse.ch\/#\/schema\/logo\/image\/"}},{"@type":"Person","@id":"https:\/\/souverainete-suisse.ch\/#\/schema\/person\/b25acb547faec24a94d7215216d68cbf","name":"ludom","image":{"@type":"ImageObject","inLanguage":"it-IT","@id":"https:\/\/souverainete-suisse.ch\/#\/schema\/person\/image\/","url":"https:\/\/secure.gravatar.com\/avatar\/77b40fd8e49e537abcea7487b290688ce92143c3443b1d3f419149c67282ffb4?s=96&d=mm&r=g","contentUrl":"https:\/\/secure.gravatar.com\/avatar\/77b40fd8e49e537abcea7487b290688ce92143c3443b1d3f419149c67282ffb4?s=96&d=mm&r=g","caption":"ludom"},"url":"http:\/\/souverainete-suisse.ch\/it\/author\/ludom\/"}]}},"_links":{"self":[{"href":"http:\/\/souverainete-suisse.ch\/it\/wp-json\/wp\/v2\/posts\/877","targetHints":{"allow":["GET"]}}],"collection":[{"href":"http:\/\/souverainete-suisse.ch\/it\/wp-json\/wp\/v2\/posts"}],"about":[{"href":"http:\/\/souverainete-suisse.ch\/it\/wp-json\/wp\/v2\/types\/post"}],"author":[{"embeddable":true,"href":"http:\/\/souverainete-suisse.ch\/it\/wp-json\/wp\/v2\/users\/2"}],"replies":[{"embeddable":true,"href":"http:\/\/souverainete-suisse.ch\/it\/wp-json\/wp\/v2\/comments?post=877"}],"version-history":[{"count":1,"href":"http:\/\/souverainete-suisse.ch\/it\/wp-json\/wp\/v2\/posts\/877\/revisions"}],"predecessor-version":[{"id":879,"href":"http:\/\/souverainete-suisse.ch\/it\/wp-json\/wp\/v2\/posts\/877\/revisions\/879"}],"wp:featuredmedia":[{"embeddable":true,"href":"http:\/\/souverainete-suisse.ch\/it\/wp-json\/wp\/v2\/media\/878"}],"wp:attachment":[{"href":"http:\/\/souverainete-suisse.ch\/it\/wp-json\/wp\/v2\/media?parent=877"}],"wp:term":[{"taxonomy":"category","embeddable":true,"href":"http:\/\/souverainete-suisse.ch\/it\/wp-json\/wp\/v2\/categories?post=877"},{"taxonomy":"post_tag","embeddable":true,"href":"http:\/\/souverainete-suisse.ch\/it\/wp-json\/wp\/v2\/tags?post=877"}],"curies":[{"name":"wp","href":"https:\/\/api.w.org\/{rel}","templated":true}]}}