{"id":1114,"date":"2026-04-28T14:41:55","date_gmt":"2026-04-28T12:41:55","guid":{"rendered":"https:\/\/souverainete-suisse.ch\/?p=1114"},"modified":"2026-04-28T14:42:51","modified_gmt":"2026-04-28T12:42:51","slug":"1114","status":"publish","type":"post","link":"http:\/\/souverainete-suisse.ch\/it\/2026\/04\/1114\/","title":{"rendered":"Svizzera: Berna, il risveglio brutale: quando lo Stato di diritto si ritira davanti a Big Pharma"},"content":{"rendered":"<header aria-label=\"Titolo dell&#039;articolo\">\n<h1 class=\"reader-article-header__title\" dir=\"ltr\"><span data-scaffold-immersive-reader-title=\"\">Svizzera: Berna, il risveglio brutale: quando lo Stato di diritto si ritira davanti a Big Pharma<\/span><\/h1>\n<\/header>\n<div class=\"relative reader__grid\">\n<div class=\"reader-author-info__container\">\n<div class=\"display-flex align-items-center justify-space-between\">\n<div class=\"reader-author-info__inner-container\">\n<div id=\"ember31\" class=\"artdeco-entity-lockup artdeco-entity-lockup--size-3 ember-view\">\n<div id=\"ember32\" class=\"artdeco-entity-lockup__image artdeco-entity-lockup__image--type-circle ember-view\">\n<div class=\"feed-shared-avatar-image b0\"><img decoding=\"async\" id=\"ember34\" class=\"avatar undefined EntityPhoto-circle-4 evi-image ember-view\" src=\"https:\/\/media.licdn.com\/dms\/image\/v2\/D4E03AQFFmL2iKSXiJQ\/profile-displayphoto-shrink_100_100\/profile-displayphoto-shrink_100_100\/0\/1710866307034?e=1778716800&amp;v=beta&amp;t=LwBYTJiAt1Px1lwRkpNCeQbLdBYyCnW8ozoXtMG2b70\" alt=\"Ludovic Malot\" \/><\/div>\n<\/div>\n<div id=\"ember35\" class=\"reader-author-info__content artdeco-entity-lockup__content ember-view\">\n<div id=\"ember36\" class=\"reader-author-info__author-lockup--flex artdeco-entity-lockup__title ember-view\"><\/div>\n<\/div>\n<\/div>\n<\/div>\n<\/div>\n<div class=\"mt4\">L'opacit\u00e0 non \u00e8 pi\u00f9 una strategia di crisi, \u00e8 diventata una modalit\u00e0 di governo. Ci\u00f2 che \u00e8 stato appena rivelato a Berna dall'ABF e dal consigliere nazionale R\u00e9my Wyssmann non \u00e8 una semplice goffaggine amministrativa. \u00c8 un tradimento istituzionale. Sotto la copertura di un'emergenza sanitaria, la Confederazione ha trasformato il Palazzo federale in un'appendice commerciale dell'industria farmaceutica, firmando assegni in bianco con il denaro di coloro che pretendeva di proteggere.<\/div>\n<\/div>\n<div data-scaffold-immersive-reader-content=\"\">\n<div class=\"reader-article-content reader-article-content--content-blocks\" dir=\"ltr\">\n<div class=\"reader-content-blocks-container\">\n<h3 id=\"ember52\" class=\"ember-view reader-text-block__heading-3\">Una rapina legale a spese del contribuente<\/h3>\n<p id=\"ember53\" class=\"ember-view reader-text-block__paragraph\">I fatti sono l\u00ec, impressi in contratti che si \u00e8 cercato di nascondere fino all'ultimo:<\/p>\n<ul>\n<li><strong>Trasferimento totale dei rischi:<\/strong> Lo Stato ha accettato di portare da solo il cappello in caso di effetti collaterali. Si privatizzano gli enormi profitti di Moderna e Pfizer, ma si socializzano i rischi. Se ti ammali, paghi; se il vaccino fallisce, paghi ancora.<\/li>\n<li><strong>Appropriazione indebita e negligenza:<\/strong> Si parla di miliardi di franchi evaporati in clausole leonine. Non si tratta pi\u00f9 di gestione della sanit\u00e0 pubblica, si tratta di gestione patrimoniale per multinazionali.<\/li>\n<li><strong>Disprezzo della sovranit\u00e0:<\/strong> Il Parlamento si \u00e8 trovato di fronte al fatto compiuto, bypassato da accordi che aggirano i principi fondamentali del nostro diritto.<\/li>\n<\/ul>\n<hr class=\"reader-divider-block__horizontal-rule\" \/>\n<h3 id=\"ember55\" class=\"ember-view reader-text-block__heading-3\">Il triangolo di Berna: la Confederazione, Gavi e l'Impero del Vaccino<\/h3>\n<p id=\"ember56\" class=\"ember-view reader-text-block__paragraph\">Al centro di questa oscura architettura si trova <strong>Gavi, l'Alleanza per i Vaccini<\/strong>. Con sede a Ginevra, questa organizzazione internazionale beneficia in Svizzera di uno status quasi diplomatico, che le conferisce immunit\u00e0 e privilegi fiscali esorbitanti.<\/p>\n<p id=\"ember57\" class=\"ember-view reader-text-block__paragraph\">Il legame tra la Confederazione e Gavi \u00e8 il nodo gordiano di questo scandalo:<\/p>\n<ol>\n<li><strong>L'Hub dell'Influenza:<\/strong> La Svizzera non \u00e8 solo il paese ospitante di Gavi, ma ne \u00e8 il braccio finanziario e politico. Finanziando massicciamente questa struttura \u00abpartner\u00bb, Berna ha delegato la sua strategia vaccinale a un'entit\u00e0 ibrida in cui gli interessi privati (in particolare la Fondazione Gates) dettano l'agenda pubblica.<\/li>\n<li><strong>L'Esternalizzazione della Responsabilit\u00e0:<\/strong> Gavi serve da paravento. Attraversando queste strutture multilaterali, la Confederazione diluisce la responsabilit\u00e0 politica. A Ginevra si firmano accordi che poi si applicano a Berna, senza che il cittadino possa mai chiedere conto a questi decisori nell'ombra.<\/li>\n<li><strong>L'incompatibilit\u00e0 di interessi:<\/strong> Come pu\u00f2 uno Stato regolare in modo obiettivo i prodotti sanitari quando \u00e8 esso stesso il principale promotore e finanziatore di una piattaforma (Gavi) il cui unico scopo \u00e8 la vendita massiccia di questi stessi prodotti?<\/li>\n<\/ol>\n<h3 id=\"ember59\" class=\"ember-view reader-text-block__heading-3\">Per un audit della vergogna<\/h3>\n<p id=\"ember60\" class=\"ember-view reader-text-block__paragraph\">Ora non \u00e8 pi\u00f9 il momento delle scuse sussurrate sotto gli ori del Consiglio federale. Le iniziative presentate devono esigere:<\/p>\n<ul>\n<li><strong>La revoca immediata del segreto<\/strong> sull'intera corrispondenza tra l'UFSP e i lobbisti di Gavi.<\/li>\n<li><strong>La responsabilit\u00e0 personale dei dirigenti<\/strong> Perch\u00e9 un funzionario pubblico dovrebbe avere il diritto di sperperare miliardi senza mai dover rispondere dei propri fallimenti?<\/li>\n<li><strong>La fine dell'immunit\u00e0 di comodo<\/strong> per le organizzazioni internazionali che interferiscono con la politica sanitaria nazionale.<\/li>\n<\/ul>\n<p id=\"ember62\" class=\"ember-view reader-text-block__paragraph\">La Svizzera si vanta di essere una democrazia diretta. Oggi assomiglia a una filiale il cui consiglio di amministrazione ha dimenticato di dover rendere conto agli azionisti: <strong>il popolo.<\/strong> Lo scandalo \u00e8 pubblico, la risposta deve essere implacabile.<\/p>\n<p id=\"ember63\" class=\"ember-view reader-text-block__paragraph\"><strong><em>Questa analisi ti ha fatto riflettere? Metti mi piace e retwitta per aiutarci a raggiungere un pubblico pi\u00f9 ampio.<\/em><\/strong><\/p>\n<p id=\"ember64\" class=\"ember-view reader-text-block__paragraph\"><strong>\ud83c\udde8\ud83c\udded Ci\u00f2 che i media tacciono, noi lo analizziamo. Ci\u00f2 che Berna negozia, noi lo analizziamo nel dettaglio. <\/strong><a class=\"xwxVfcRwnBUeGipgoiZPeKPJMrvzgAVqE\" tabindex=\"0\" href=\"https:\/\/souverainete-suisse.ch\/it\/\" target=\"_self\" data-test-app-aware-link=\"\"><strong>https:\/\/souverainete-suisse.ch\/<\/strong><\/a><\/p>\n<p id=\"ember65\" class=\"ember-view reader-text-block__paragraph\"><strong>Siamo i guardiani dell'indipendenza. Unisciti al Movimento per la sovranit\u00e0 svizzera. Non domani. Non pi\u00f9 tardi - ora.<\/strong><\/p>\n<\/div>\n<\/div>\n<\/div>\n<\/div>","protected":false},"excerpt":{"rendered":"<p>\ud83c\udde8\ud83c\udded Berne, le r\u00e9veil brutal : quand l\u2019\u00c9tat de droit s\u2019efface devant Big Pharma L\u2019opacit\u00e9 n\u2019est plus une strat\u00e9gie de crise, c\u2019est devenu un mode de gouvernance. Ce qui vient d\u2019\u00eatre r\u00e9v\u00e9l\u00e9 \u00e0 Berne par l\u2019ABF et le conseiller national R\u00e9my Wyssmann n\u2019est pas une simple maladresse administrative. C\u2019est une trahison institutionnelle. Sous couvert d\u2019urgence [&hellip;]<\/p>\n","protected":false},"author":3,"featured_media":1115,"comment_status":"closed","ping_status":"closed","sticky":false,"template":"","format":"standard","meta":{"footnotes":""},"categories":[8,36],"tags":[],"class_list":["post-1114","post","type-post","status-publish","format-standard","has-post-thumbnail","hentry","category-politique-interieure","category-sante"],"yoast_head":"<!-- This site is optimized with the Yoast SEO plugin v26.9 - https:\/\/yoast.com\/product\/yoast-seo-wordpress\/ -->\n<title>\ud83c\udde8\ud83c\udded Berne, le r\u00e9veil brutal : quand l\u2019\u00c9tat de droit s\u2019efface devant Big Pharma - Mouvement Souverainet\u00e9 Suisse<\/title>\n<meta name=\"description\" content=\"Berne sous tension : contrats opaques, risques transf\u00e9r\u00e9s et influence de Big Pharma. Une enqu\u00eate choc sur la gestion vaccinale suisse.\" \/>\n<meta name=\"robots\" content=\"index, follow, max-snippet:-1, max-image-preview:large, max-video-preview:-1\" \/>\n<link rel=\"canonical\" href=\"https:\/\/souverainete-suisse.ch\/it\/2026\/04\/1114\/\" \/>\n<meta property=\"og:locale\" content=\"it_IT\" \/>\n<meta property=\"og:type\" content=\"article\" \/>\n<meta property=\"og:title\" content=\"\ud83c\udde8\ud83c\udded Berne, le r\u00e9veil brutal : quand l\u2019\u00c9tat de droit s\u2019efface devant Big Pharma - Mouvement Souverainet\u00e9 Suisse\" \/>\n<meta property=\"og:description\" content=\"Berne sous tension : contrats opaques, risques transf\u00e9r\u00e9s et influence de Big Pharma. Une enqu\u00eate choc sur la gestion vaccinale suisse.\" \/>\n<meta property=\"og:url\" content=\"https:\/\/souverainete-suisse.ch\/it\/2026\/04\/1114\/\" \/>\n<meta property=\"og:site_name\" content=\"Mouvement Souverainet\u00e9 Suisse\" \/>\n<meta property=\"article:published_time\" content=\"2026-04-28T12:41:55+00:00\" \/>\n<meta property=\"article:modified_time\" content=\"2026-04-28T12:42:51+00:00\" \/>\n<meta property=\"og:image\" content=\"https:\/\/souverainete-suisse.ch\/wp-content\/uploads\/2026\/04\/1777275003824.jpeg\" \/>\n\t<meta property=\"og:image:width\" content=\"1280\" \/>\n\t<meta property=\"og:image:height\" content=\"720\" \/>\n\t<meta property=\"og:image:type\" content=\"image\/jpeg\" \/>\n<meta name=\"author\" content=\"Philippe Renaud\" \/>\n<meta name=\"twitter:card\" content=\"summary_large_image\" \/>\n<meta name=\"twitter:label1\" content=\"Scritto da\" \/>\n\t<meta name=\"twitter:data1\" content=\"Philippe Renaud\" \/>\n\t<meta name=\"twitter:label2\" content=\"Tempo di lettura stimato\" \/>\n\t<meta name=\"twitter:data2\" content=\"4 minuti\" \/>\n<script type=\"application\/ld+json\" class=\"yoast-schema-graph\">{\"@context\":\"https:\/\/schema.org\",\"@graph\":[{\"@type\":\"Article\",\"@id\":\"https:\/\/souverainete-suisse.ch\/2026\/04\/1114\/#article\",\"isPartOf\":{\"@id\":\"https:\/\/souverainete-suisse.ch\/2026\/04\/1114\/\"},\"author\":{\"name\":\"Philippe Renaud\",\"@id\":\"https:\/\/souverainete-suisse.ch\/#\/schema\/person\/fd126a65533b168ad053321f54cad987\"},\"headline\":\"\ud83c\udde8\ud83c\udded Berne, le r\u00e9veil brutal : quand l\u2019\u00c9tat de droit s\u2019efface devant Big Pharma\",\"datePublished\":\"2026-04-28T12:41:55+00:00\",\"dateModified\":\"2026-04-28T12:42:51+00:00\",\"mainEntityOfPage\":{\"@id\":\"https:\/\/souverainete-suisse.ch\/2026\/04\/1114\/\"},\"wordCount\":673,\"publisher\":{\"@id\":\"https:\/\/souverainete-suisse.ch\/#organization\"},\"image\":{\"@id\":\"https:\/\/souverainete-suisse.ch\/2026\/04\/1114\/#primaryimage\"},\"thumbnailUrl\":\"https:\/\/souverainete-suisse.ch\/wp-content\/uploads\/2026\/04\/1777275003824.jpeg\",\"articleSection\":[\"Politique int\u00e9rieure\",\"Sant\u00e9\"],\"inLanguage\":\"it-IT\"},{\"@type\":\"WebPage\",\"@id\":\"https:\/\/souverainete-suisse.ch\/2026\/04\/1114\/\",\"url\":\"https:\/\/souverainete-suisse.ch\/2026\/04\/1114\/\",\"name\":\"\ud83c\udde8\ud83c\udded Berne, le r\u00e9veil brutal : quand l\u2019\u00c9tat de droit s\u2019efface devant Big Pharma - Mouvement Souverainet\u00e9 Suisse\",\"isPartOf\":{\"@id\":\"https:\/\/souverainete-suisse.ch\/#website\"},\"primaryImageOfPage\":{\"@id\":\"https:\/\/souverainete-suisse.ch\/2026\/04\/1114\/#primaryimage\"},\"image\":{\"@id\":\"https:\/\/souverainete-suisse.ch\/2026\/04\/1114\/#primaryimage\"},\"thumbnailUrl\":\"https:\/\/souverainete-suisse.ch\/wp-content\/uploads\/2026\/04\/1777275003824.jpeg\",\"datePublished\":\"2026-04-28T12:41:55+00:00\",\"dateModified\":\"2026-04-28T12:42:51+00:00\",\"description\":\"Berne sous tension : contrats opaques, risques transf\u00e9r\u00e9s et influence de Big Pharma. Une enqu\u00eate choc sur la gestion vaccinale suisse.\",\"breadcrumb\":{\"@id\":\"https:\/\/souverainete-suisse.ch\/2026\/04\/1114\/#breadcrumb\"},\"inLanguage\":\"it-IT\",\"potentialAction\":[{\"@type\":\"ReadAction\",\"target\":[\"https:\/\/souverainete-suisse.ch\/2026\/04\/1114\/\"]}]},{\"@type\":\"ImageObject\",\"inLanguage\":\"it-IT\",\"@id\":\"https:\/\/souverainete-suisse.ch\/2026\/04\/1114\/#primaryimage\",\"url\":\"https:\/\/souverainete-suisse.ch\/wp-content\/uploads\/2026\/04\/1777275003824.jpeg\",\"contentUrl\":\"https:\/\/souverainete-suisse.ch\/wp-content\/uploads\/2026\/04\/1777275003824.jpeg\",\"width\":1280,\"height\":720,\"caption\":\"\ud83c\udde8\ud83c\udded Berne sous tension : contrats opaques, risques transf\u00e9r\u00e9s et influence de Big Pharma. Une enqu\u00eate choc sur la gestion vaccinale suisse.\"},{\"@type\":\"BreadcrumbList\",\"@id\":\"https:\/\/souverainete-suisse.ch\/2026\/04\/1114\/#breadcrumb\",\"itemListElement\":[{\"@type\":\"ListItem\",\"position\":1,\"name\":\"Accueil\",\"item\":\"https:\/\/souverainete-suisse.ch\/\"},{\"@type\":\"ListItem\",\"position\":2,\"name\":\"\ud83c\udde8\ud83c\udded Berne, le r\u00e9veil brutal : quand l\u2019\u00c9tat de droit s\u2019efface devant Big Pharma\"}]},{\"@type\":\"WebSite\",\"@id\":\"https:\/\/souverainete-suisse.ch\/#website\",\"url\":\"https:\/\/souverainete-suisse.ch\/\",\"name\":\"Mouvement Souverainet\u00e9 Suisse\",\"description\":\"\",\"publisher\":{\"@id\":\"https:\/\/souverainete-suisse.ch\/#organization\"},\"potentialAction\":[{\"@type\":\"SearchAction\",\"target\":{\"@type\":\"EntryPoint\",\"urlTemplate\":\"https:\/\/souverainete-suisse.ch\/?s={search_term_string}\"},\"query-input\":{\"@type\":\"PropertyValueSpecification\",\"valueRequired\":true,\"valueName\":\"search_term_string\"}}],\"inLanguage\":\"it-IT\"},{\"@type\":\"Organization\",\"@id\":\"https:\/\/souverainete-suisse.ch\/#organization\",\"name\":\"Mouvement Souverainet\u00e9 Suisse\",\"url\":\"https:\/\/souverainete-suisse.ch\/\",\"logo\":{\"@type\":\"ImageObject\",\"inLanguage\":\"it-IT\",\"@id\":\"https:\/\/souverainete-suisse.ch\/#\/schema\/logo\/image\/\",\"url\":\"https:\/\/souverainete-suisse.ch\/wp-content\/uploads\/2025\/11\/logo.png\",\"contentUrl\":\"https:\/\/souverainete-suisse.ch\/wp-content\/uploads\/2025\/11\/logo.png\",\"width\":2053,\"height\":1461,\"caption\":\"Mouvement Souverainet\u00e9 Suisse\"},\"image\":{\"@id\":\"https:\/\/souverainete-suisse.ch\/#\/schema\/logo\/image\/\"}},{\"@type\":\"Person\",\"@id\":\"https:\/\/souverainete-suisse.ch\/#\/schema\/person\/fd126a65533b168ad053321f54cad987\",\"name\":\"Philippe Renaud\",\"image\":{\"@type\":\"ImageObject\",\"inLanguage\":\"it-IT\",\"@id\":\"https:\/\/souverainete-suisse.ch\/#\/schema\/person\/image\/\",\"url\":\"https:\/\/secure.gravatar.com\/avatar\/ea457c55cfcfc8cbdb1077128f20033c33a8e982208b5ce9cc8eaeba2b6ff758?s=96&d=mm&r=g\",\"contentUrl\":\"https:\/\/secure.gravatar.com\/avatar\/ea457c55cfcfc8cbdb1077128f20033c33a8e982208b5ce9cc8eaeba2b6ff758?s=96&d=mm&r=g\",\"caption\":\"Philippe Renaud\"},\"url\":\"http:\/\/souverainete-suisse.ch\/it\/author\/philippe\/\"}]}<\/script>\n<!-- \/ Yoast SEO plugin. -->","yoast_head_json":{"title":"\ud83c\udde8\ud83c\udded Berna, il risveglio brutale: quando lo stato di diritto arretra di fronte a Big Pharma - Movimento Sovranit\u00e0 Svizzera","description":"Berna sotto tensione: contratti opachi, rischi trasferiti e l'influenza di Big Pharma. Un'indagine scioccante sulla gestione dei vaccini svizzera.","robots":{"index":"index","follow":"follow","max-snippet":"max-snippet:-1","max-image-preview":"max-image-preview:large","max-video-preview":"max-video-preview:-1"},"canonical":"https:\/\/souverainete-suisse.ch\/it\/2026\/04\/1114\/","og_locale":"it_IT","og_type":"article","og_title":"\ud83c\udde8\ud83c\udded Berne, le r\u00e9veil brutal : quand l\u2019\u00c9tat de droit s\u2019efface devant Big Pharma - Mouvement Souverainet\u00e9 Suisse","og_description":"Berne sous tension : contrats opaques, risques transf\u00e9r\u00e9s et influence de Big Pharma. Une enqu\u00eate choc sur la gestion vaccinale suisse.","og_url":"https:\/\/souverainete-suisse.ch\/it\/2026\/04\/1114\/","og_site_name":"Mouvement Souverainet\u00e9 Suisse","article_published_time":"2026-04-28T12:41:55+00:00","article_modified_time":"2026-04-28T12:42:51+00:00","og_image":[{"width":1280,"height":720,"url":"https:\/\/souverainete-suisse.ch\/wp-content\/uploads\/2026\/04\/1777275003824.jpeg","type":"image\/jpeg"}],"author":"Philippe Renaud","twitter_card":"summary_large_image","twitter_misc":{"Scritto da":"Philippe Renaud","Tempo di lettura stimato":"4 minuti"},"schema":{"@context":"https:\/\/schema.org","@graph":[{"@type":"Article","@id":"https:\/\/souverainete-suisse.ch\/2026\/04\/1114\/#article","isPartOf":{"@id":"https:\/\/souverainete-suisse.ch\/2026\/04\/1114\/"},"author":{"name":"Philippe Renaud","@id":"https:\/\/souverainete-suisse.ch\/#\/schema\/person\/fd126a65533b168ad053321f54cad987"},"headline":"\ud83c\udde8\ud83c\udded Berne, le r\u00e9veil brutal : quand l\u2019\u00c9tat de droit s\u2019efface devant Big Pharma","datePublished":"2026-04-28T12:41:55+00:00","dateModified":"2026-04-28T12:42:51+00:00","mainEntityOfPage":{"@id":"https:\/\/souverainete-suisse.ch\/2026\/04\/1114\/"},"wordCount":673,"publisher":{"@id":"https:\/\/souverainete-suisse.ch\/#organization"},"image":{"@id":"https:\/\/souverainete-suisse.ch\/2026\/04\/1114\/#primaryimage"},"thumbnailUrl":"https:\/\/souverainete-suisse.ch\/wp-content\/uploads\/2026\/04\/1777275003824.jpeg","articleSection":["Politique int\u00e9rieure","Sant\u00e9"],"inLanguage":"it-IT"},{"@type":"WebPage","@id":"https:\/\/souverainete-suisse.ch\/2026\/04\/1114\/","url":"https:\/\/souverainete-suisse.ch\/2026\/04\/1114\/","name":"\ud83c\udde8\ud83c\udded Berna, il risveglio brutale: quando lo stato di diritto arretra di fronte a Big Pharma - Movimento Sovranit\u00e0 Svizzera","isPartOf":{"@id":"https:\/\/souverainete-suisse.ch\/#website"},"primaryImageOfPage":{"@id":"https:\/\/souverainete-suisse.ch\/2026\/04\/1114\/#primaryimage"},"image":{"@id":"https:\/\/souverainete-suisse.ch\/2026\/04\/1114\/#primaryimage"},"thumbnailUrl":"https:\/\/souverainete-suisse.ch\/wp-content\/uploads\/2026\/04\/1777275003824.jpeg","datePublished":"2026-04-28T12:41:55+00:00","dateModified":"2026-04-28T12:42:51+00:00","description":"Berna sotto tensione: contratti opachi, rischi trasferiti e l'influenza di Big Pharma. Un'indagine scioccante sulla gestione dei vaccini svizzera.","breadcrumb":{"@id":"https:\/\/souverainete-suisse.ch\/2026\/04\/1114\/#breadcrumb"},"inLanguage":"it-IT","potentialAction":[{"@type":"ReadAction","target":["https:\/\/souverainete-suisse.ch\/2026\/04\/1114\/"]}]},{"@type":"ImageObject","inLanguage":"it-IT","@id":"https:\/\/souverainete-suisse.ch\/2026\/04\/1114\/#primaryimage","url":"https:\/\/souverainete-suisse.ch\/wp-content\/uploads\/2026\/04\/1777275003824.jpeg","contentUrl":"https:\/\/souverainete-suisse.ch\/wp-content\/uploads\/2026\/04\/1777275003824.jpeg","width":1280,"height":720,"caption":"\ud83c\udde8\ud83c\udded Berne sous tension : contrats opaques, risques transf\u00e9r\u00e9s et influence de Big Pharma. Une enqu\u00eate choc sur la gestion vaccinale suisse."},{"@type":"BreadcrumbList","@id":"https:\/\/souverainete-suisse.ch\/2026\/04\/1114\/#breadcrumb","itemListElement":[{"@type":"ListItem","position":1,"name":"Accueil","item":"https:\/\/souverainete-suisse.ch\/"},{"@type":"ListItem","position":2,"name":"\ud83c\udde8\ud83c\udded Berne, le r\u00e9veil brutal : quand l\u2019\u00c9tat de droit s\u2019efface devant Big Pharma"}]},{"@type":"WebSite","@id":"https:\/\/souverainete-suisse.ch\/#website","url":"https:\/\/souverainete-suisse.ch\/","name":"Movimento per la sovranit\u00e0 della Svizzera","description":"","publisher":{"@id":"https:\/\/souverainete-suisse.ch\/#organization"},"potentialAction":[{"@type":"SearchAction","target":{"@type":"EntryPoint","urlTemplate":"https:\/\/souverainete-suisse.ch\/?s={search_term_string}"},"query-input":{"@type":"PropertyValueSpecification","valueRequired":true,"valueName":"search_term_string"}}],"inLanguage":"it-IT"},{"@type":"Organization","@id":"https:\/\/souverainete-suisse.ch\/#organization","name":"Movimento per la sovranit\u00e0 della Svizzera","url":"https:\/\/souverainete-suisse.ch\/","logo":{"@type":"ImageObject","inLanguage":"it-IT","@id":"https:\/\/souverainete-suisse.ch\/#\/schema\/logo\/image\/","url":"https:\/\/souverainete-suisse.ch\/wp-content\/uploads\/2025\/11\/logo.png","contentUrl":"https:\/\/souverainete-suisse.ch\/wp-content\/uploads\/2025\/11\/logo.png","width":2053,"height":1461,"caption":"Mouvement Souverainet\u00e9 Suisse"},"image":{"@id":"https:\/\/souverainete-suisse.ch\/#\/schema\/logo\/image\/"}},{"@type":"Person","@id":"https:\/\/souverainete-suisse.ch\/#\/schema\/person\/fd126a65533b168ad053321f54cad987","name":"Philippe Renaud","image":{"@type":"ImageObject","inLanguage":"it-IT","@id":"https:\/\/souverainete-suisse.ch\/#\/schema\/person\/image\/","url":"https:\/\/secure.gravatar.com\/avatar\/ea457c55cfcfc8cbdb1077128f20033c33a8e982208b5ce9cc8eaeba2b6ff758?s=96&d=mm&r=g","contentUrl":"https:\/\/secure.gravatar.com\/avatar\/ea457c55cfcfc8cbdb1077128f20033c33a8e982208b5ce9cc8eaeba2b6ff758?s=96&d=mm&r=g","caption":"Philippe Renaud"},"url":"http:\/\/souverainete-suisse.ch\/it\/author\/philippe\/"}]}},"_links":{"self":[{"href":"http:\/\/souverainete-suisse.ch\/it\/wp-json\/wp\/v2\/posts\/1114","targetHints":{"allow":["GET"]}}],"collection":[{"href":"http:\/\/souverainete-suisse.ch\/it\/wp-json\/wp\/v2\/posts"}],"about":[{"href":"http:\/\/souverainete-suisse.ch\/it\/wp-json\/wp\/v2\/types\/post"}],"author":[{"embeddable":true,"href":"http:\/\/souverainete-suisse.ch\/it\/wp-json\/wp\/v2\/users\/3"}],"replies":[{"embeddable":true,"href":"http:\/\/souverainete-suisse.ch\/it\/wp-json\/wp\/v2\/comments?post=1114"}],"version-history":[{"count":2,"href":"http:\/\/souverainete-suisse.ch\/it\/wp-json\/wp\/v2\/posts\/1114\/revisions"}],"predecessor-version":[{"id":1117,"href":"http:\/\/souverainete-suisse.ch\/it\/wp-json\/wp\/v2\/posts\/1114\/revisions\/1117"}],"wp:featuredmedia":[{"embeddable":true,"href":"http:\/\/souverainete-suisse.ch\/it\/wp-json\/wp\/v2\/media\/1115"}],"wp:attachment":[{"href":"http:\/\/souverainete-suisse.ch\/it\/wp-json\/wp\/v2\/media?parent=1114"}],"wp:term":[{"taxonomy":"category","embeddable":true,"href":"http:\/\/souverainete-suisse.ch\/it\/wp-json\/wp\/v2\/categories?post=1114"},{"taxonomy":"post_tag","embeddable":true,"href":"http:\/\/souverainete-suisse.ch\/it\/wp-json\/wp\/v2\/tags?post=1114"}],"curies":[{"name":"wp","href":"https:\/\/api.w.org\/{rel}","templated":true}]}}