{"id":1109,"date":"2026-04-26T21:39:32","date_gmt":"2026-04-26T19:39:32","guid":{"rendered":"https:\/\/souverainete-suisse.ch\/?p=1109"},"modified":"2026-04-26T21:39:32","modified_gmt":"2026-04-26T19:39:32","slug":"il-14-giugno-riprendiamo-le-chiavi-della-nostra-casa","status":"publish","type":"post","link":"http:\/\/souverainete-suisse.ch\/it\/2026\/04\/il-14-giugno-riprendiamo-le-chiavi-della-nostra-casa\/","title":{"rendered":"\ud83c\udde8\ud83c\udded 14 giugno: riprendiamoci le chiavi di casa nostra"},"content":{"rendered":"<header aria-label=\"Titolo dell&#039;articolo\">\n<h1 class=\"reader-article-header__title\" dir=\"ltr\"><span style=\"font-size: 16px;\">Non \u00e8 pi\u00f9 il momento di mezze misure o di salotti di cortesia. Mentre il popolo \u00e8 chiamato alle urne il <\/span><strong style=\"font-size: 16px;\">14 giugno 2026<\/strong><span style=\"font-size: 16px;\">, la posta in gioco va oltre le semplici statistiche: \u00e8 la Svizzera stessa, le sue radici cristiane e il suo modello di libert\u00e0 ad essere minacciati di dissoluzione.<\/span><\/h1>\n<\/header>\n<div class=\"relative reader__grid\">\n<div data-scaffold-immersive-reader-content=\"\">\n<div class=\"reader-article-content reader-article-content--content-blocks\" dir=\"ltr\">\n<div class=\"reader-content-blocks-container\">\n<h3 id=\"ember51\" class=\"ember-view reader-text-block__heading-3\">1. L'identit\u00e0 elvetica di fronte allo shock culturale<\/h3>\n<p id=\"ember52\" class=\"ember-view reader-text-block__paragraph\">La Svizzera non \u00e8 una zona franca intercambiabile. La nostra nazione si fonda su principi di responsabilit\u00e0 individuale e di solidariet\u00e0 che si oppongono frontalmente all'espansione di un comunitarismo derivante da un'immigrazione massiccia.<\/p>\n<ul>\n<li><strong>Frattura sociale:<\/strong> Rinunciando alla pretesa di un'assimilazione reale, lasciamo che si instauri un faccia a faccia culturale esplosivo.<\/li>\n<li><strong>Pace confessionale:<\/strong> L'unit\u00e0 della Confederazione \u00e8 indebolita dall'oblio dei nostri valori ancestrali.<\/li>\n<\/ul>\n<h3 id=\"ember54\" class=\"ember-view reader-text-block__heading-3\">2. Il successo della sovranit\u00e0: la prova dei numeri<\/h3>\n<p id=\"ember55\" class=\"ember-view reader-text-block__paragraph\">Contro i discorsi degli eurofanatici, la realt\u00e0 economica \u00e8 inappellabile: <strong>l'indipendenza crea ricchezza.<\/strong><\/p>\n<ul>\n<li><strong>Svizzera:<\/strong> PIL nominal par habitant plus de <strong>105 000 \u20ac<\/strong>.<\/li>\n<li><strong>Germania (UE):<\/strong> Plafoniera <strong>55 000 \u20ac<\/strong>.<\/li>\n<\/ul>\n<h3 id=\"ember57\" class=\"ember-view reader-text-block__heading-3\">3. 25 anni di libera circolazione: il bilancio di un disastro<\/h3>\n<div class=\"reader-image-block reader-image-block--full-width\">\n<figure class=\"reader-image-block__figure\">\n<div class=\"ivm-image-view-model    reader-image-block__img-container\">\n<div class=\"ivm-view-attr__img-wrapper\"><img decoding=\"async\" id=\"ember58\" class=\"ivm-view-attr__img--centered  reader-image-block__img evi-image lazy-image ember-view\" src=\"https:\/\/media.licdn.com\/dms\/image\/v2\/D4E12AQHCIHwdCkWtBg\/article-inline_image-shrink_1000_1488\/B4EZ2wOH68KEAQ-\/0\/1776777986716?e=1778716800&amp;v=beta&amp;t=qVJZhJjliBEROs2qpeqyl3y5-OSwbRJ6TJsmx-cZ2ng\" alt=\"Contenuto dell&#039;articolo\" \/><\/div>\n<\/div><figcaption class=\"reader-image-block__figure-image-caption display-block full-width text-body-small-open t-sans text-align-center t-black--light\">Libera circolazione: il bilancio di un disastro nazionale prima del 14 giugno<\/figcaption><\/figure>\n<\/div>\n<h3 id=\"ember59\" class=\"ember-view reader-text-block__heading-3\">Rompere il racket fiscale e la paura<\/h3>\n<p id=\"ember60\" class=\"ember-view reader-text-block__paragraph\">Per mascherare questo naufragio, i sostenitori dello status quo moltiplicano le tasse \u00abecologiche\u00bb e le imposte mascherate. Sventolano lo spauracchio del \u00abcaos\u00bb in caso di vittoria dell'iniziativa, mentre sono loro stessi i piromani della nostra coesione nazionale.<\/p>\n<h3 id=\"ember61\" class=\"ember-view reader-text-block__heading-3\">Conclusione: La scelta di un destino<\/h3>\n<p id=\"ember62\" class=\"ember-view reader-text-block__paragraph\">Il 14 giugno, il voto non riguarda le meschinit\u00e0 campanilistiche o le pressioni editoriali. Si tratta di decidere se la Svizzera debba rimanere la Svizzera o diventare una zona amministrativa senza anima.<\/p>\n<p id=\"ember63\" class=\"ember-view reader-text-block__paragraph\">Votare per l'iniziativa <strong>\u00abNiente Svizzera per 10 milioni!\u00bb<\/strong>, \u00e8:<\/p>\n<ol>\n<li><strong>Rifiutare<\/strong> la pauperizzazione della classe media.<\/li>\n<li><strong>Esigere<\/strong> che il nostro sistema sociale protegga i nostri prima di tutto.<\/li>\n<li><strong>Difendere<\/strong> la nostra libert\u00e0 di fronte al declino europeo.<\/li>\n<\/ol>\n<p id=\"ember65\" class=\"ember-view reader-text-block__paragraph\"><strong>Il 14 giugno, restituiamo alla Svizzera il suo futuro. Salviamo la nostra patria.<\/strong><\/p>\n<p id=\"ember66\" class=\"ember-view reader-text-block__paragraph\"><strong>Di fronte al disprezzo delle \u00e9lite, facciamo sentire la voce della Svizzera reale. Metti mi piace, ripubblica e diffondi questo messaggio ovunque: ne dipende il futuro della nostra patria!<\/strong><\/p>\n<p id=\"ember67\" class=\"ember-view reader-text-block__paragraph\"><strong>\ud83c\udde8\ud83c\udded Ci\u00f2 che i media tacciono, noi lo analizziamo. Ci\u00f2 che Berna negozia, noi lo analizziamo nel dettaglio. <\/strong><a class=\"xwxVfcRwnBUeGipgoiZPeKPJMrvzgAVqE\" tabindex=\"0\" href=\"https:\/\/souverainete-suisse.ch\/it\/\" target=\"_self\" data-test-app-aware-link=\"\"><strong>https:\/\/souverainete-suisse.ch\/<\/strong><\/a><\/p>\n<p id=\"ember68\" class=\"ember-view reader-text-block__paragraph\"><strong>Siamo i guardiani dell'indipendenza. Unisciti al Movimento per la sovranit\u00e0 svizzera. Non domani. Non pi\u00f9 tardi - ora.<\/strong><\/p>\n<\/div>\n<\/div>\n<\/div>\n<\/div>","protected":false},"excerpt":{"rendered":"<p>L\u2019heure n\u2019est plus aux demi-mesures ni aux politesses de salon. Alors que le peuple est appel\u00e9 aux urnes le 14 juin 2026, l\u2019enjeu d\u00e9passe les simples statistiques : c\u2019est l\u2019\u00e2me m\u00eame de la Suisse, ses racines chr\u00e9tiennes et son mod\u00e8le de libert\u00e9 qui sont menac\u00e9s de dissolution. 1. L\u2019identit\u00e9 helv\u00e9tique face au choc culturel La [&hellip;]<\/p>\n","protected":false},"author":3,"featured_media":1108,"comment_status":"closed","ping_status":"closed","sticky":false,"template":"","format":"standard","meta":{"footnotes":""},"categories":[10],"tags":[],"class_list":["post-1109","post","type-post","status-publish","format-standard","has-post-thumbnail","hentry","category-referendums"],"yoast_head":"<!-- This site is optimized with the Yoast SEO plugin v26.9 - https:\/\/yoast.com\/product\/yoast-seo-wordpress\/ -->\n<title>\ud83c\udde8\ud83c\udded Le 14 juin : Reprenons les cl\u00e9s de notre maison - Mouvement Souverainet\u00e9 Suisse<\/title>\n<meta name=\"description\" content=\"Vote du 14 juin 2026 en Suisse : immigration, souverainet\u00e9 et \u00e9conomie. D\u00e9cryptage des enjeux autour de l\u2019initiative \u00ab Pas de Suisse \u00e0 10 millions \u00bb.\" \/>\n<meta name=\"robots\" content=\"index, follow, max-snippet:-1, max-image-preview:large, max-video-preview:-1\" \/>\n<link rel=\"canonical\" href=\"https:\/\/souverainete-suisse.ch\/it\/2026\/04\/il-14-giugno-riprendiamo-le-chiavi-della-nostra-casa\/\" \/>\n<meta property=\"og:locale\" content=\"it_IT\" \/>\n<meta property=\"og:type\" content=\"article\" \/>\n<meta property=\"og:title\" content=\"\ud83c\udde8\ud83c\udded Le 14 juin : Reprenons les cl\u00e9s de notre maison - Mouvement Souverainet\u00e9 Suisse\" \/>\n<meta property=\"og:description\" content=\"Vote du 14 juin 2026 en Suisse : immigration, souverainet\u00e9 et \u00e9conomie. D\u00e9cryptage des enjeux autour de l\u2019initiative \u00ab Pas de Suisse \u00e0 10 millions \u00bb.\" \/>\n<meta property=\"og:url\" content=\"https:\/\/souverainete-suisse.ch\/it\/2026\/04\/il-14-giugno-riprendiamo-le-chiavi-della-nostra-casa\/\" \/>\n<meta property=\"og:site_name\" content=\"Mouvement Souverainet\u00e9 Suisse\" \/>\n<meta property=\"article:published_time\" content=\"2026-04-26T19:39:32+00:00\" \/>\n<meta property=\"og:image\" content=\"https:\/\/souverainete-suisse.ch\/wp-content\/uploads\/2026\/04\/1776778356630.jpeg\" \/>\n\t<meta property=\"og:image:width\" content=\"1279\" \/>\n\t<meta property=\"og:image:height\" content=\"720\" \/>\n\t<meta property=\"og:image:type\" content=\"image\/jpeg\" \/>\n<meta name=\"author\" content=\"Philippe Renaud\" \/>\n<meta name=\"twitter:card\" content=\"summary_large_image\" \/>\n<meta name=\"twitter:label1\" content=\"Scritto da\" \/>\n\t<meta name=\"twitter:data1\" content=\"Philippe Renaud\" \/>\n\t<meta name=\"twitter:label2\" content=\"Tempo di lettura stimato\" \/>\n\t<meta name=\"twitter:data2\" content=\"3 minuti\" \/>\n<script type=\"application\/ld+json\" class=\"yoast-schema-graph\">{\"@context\":\"https:\/\/schema.org\",\"@graph\":[{\"@type\":\"Article\",\"@id\":\"https:\/\/souverainete-suisse.ch\/2026\/04\/%f0%9f%87%a8%f0%9f%87%ad-le-14-juin-reprenons-les-cles-de-notre-maison\/#article\",\"isPartOf\":{\"@id\":\"https:\/\/souverainete-suisse.ch\/2026\/04\/%f0%9f%87%a8%f0%9f%87%ad-le-14-juin-reprenons-les-cles-de-notre-maison\/\"},\"author\":{\"name\":\"Philippe Renaud\",\"@id\":\"https:\/\/souverainete-suisse.ch\/#\/schema\/person\/fd126a65533b168ad053321f54cad987\"},\"headline\":\"\ud83c\udde8\ud83c\udded Le 14 juin : Reprenons les cl\u00e9s de notre maison\",\"datePublished\":\"2026-04-26T19:39:32+00:00\",\"mainEntityOfPage\":{\"@id\":\"https:\/\/souverainete-suisse.ch\/2026\/04\/%f0%9f%87%a8%f0%9f%87%ad-le-14-juin-reprenons-les-cles-de-notre-maison\/\"},\"wordCount\":427,\"publisher\":{\"@id\":\"https:\/\/souverainete-suisse.ch\/#organization\"},\"image\":{\"@id\":\"https:\/\/souverainete-suisse.ch\/2026\/04\/%f0%9f%87%a8%f0%9f%87%ad-le-14-juin-reprenons-les-cles-de-notre-maison\/#primaryimage\"},\"thumbnailUrl\":\"https:\/\/souverainete-suisse.ch\/wp-content\/uploads\/2026\/04\/1776778356630.jpeg\",\"articleSection\":[\"R\u00e9f\u00e9rendums\"],\"inLanguage\":\"it-IT\"},{\"@type\":\"WebPage\",\"@id\":\"https:\/\/souverainete-suisse.ch\/2026\/04\/%f0%9f%87%a8%f0%9f%87%ad-le-14-juin-reprenons-les-cles-de-notre-maison\/\",\"url\":\"https:\/\/souverainete-suisse.ch\/2026\/04\/%f0%9f%87%a8%f0%9f%87%ad-le-14-juin-reprenons-les-cles-de-notre-maison\/\",\"name\":\"\ud83c\udde8\ud83c\udded Le 14 juin : Reprenons les cl\u00e9s de notre maison - Mouvement Souverainet\u00e9 Suisse\",\"isPartOf\":{\"@id\":\"https:\/\/souverainete-suisse.ch\/#website\"},\"primaryImageOfPage\":{\"@id\":\"https:\/\/souverainete-suisse.ch\/2026\/04\/%f0%9f%87%a8%f0%9f%87%ad-le-14-juin-reprenons-les-cles-de-notre-maison\/#primaryimage\"},\"image\":{\"@id\":\"https:\/\/souverainete-suisse.ch\/2026\/04\/%f0%9f%87%a8%f0%9f%87%ad-le-14-juin-reprenons-les-cles-de-notre-maison\/#primaryimage\"},\"thumbnailUrl\":\"https:\/\/souverainete-suisse.ch\/wp-content\/uploads\/2026\/04\/1776778356630.jpeg\",\"datePublished\":\"2026-04-26T19:39:32+00:00\",\"description\":\"Vote du 14 juin 2026 en Suisse : immigration, souverainet\u00e9 et \u00e9conomie. D\u00e9cryptage des enjeux autour de l\u2019initiative \u00ab Pas de Suisse \u00e0 10 millions \u00bb.\",\"breadcrumb\":{\"@id\":\"https:\/\/souverainete-suisse.ch\/2026\/04\/%f0%9f%87%a8%f0%9f%87%ad-le-14-juin-reprenons-les-cles-de-notre-maison\/#breadcrumb\"},\"inLanguage\":\"it-IT\",\"potentialAction\":[{\"@type\":\"ReadAction\",\"target\":[\"https:\/\/souverainete-suisse.ch\/2026\/04\/%f0%9f%87%a8%f0%9f%87%ad-le-14-juin-reprenons-les-cles-de-notre-maison\/\"]}]},{\"@type\":\"ImageObject\",\"inLanguage\":\"it-IT\",\"@id\":\"https:\/\/souverainete-suisse.ch\/2026\/04\/%f0%9f%87%a8%f0%9f%87%ad-le-14-juin-reprenons-les-cles-de-notre-maison\/#primaryimage\",\"url\":\"https:\/\/souverainete-suisse.ch\/wp-content\/uploads\/2026\/04\/1776778356630.jpeg\",\"contentUrl\":\"https:\/\/souverainete-suisse.ch\/wp-content\/uploads\/2026\/04\/1776778356630.jpeg\",\"width\":1279,\"height\":720},{\"@type\":\"BreadcrumbList\",\"@id\":\"https:\/\/souverainete-suisse.ch\/2026\/04\/%f0%9f%87%a8%f0%9f%87%ad-le-14-juin-reprenons-les-cles-de-notre-maison\/#breadcrumb\",\"itemListElement\":[{\"@type\":\"ListItem\",\"position\":1,\"name\":\"Accueil\",\"item\":\"https:\/\/souverainete-suisse.ch\/\"},{\"@type\":\"ListItem\",\"position\":2,\"name\":\"\ud83c\udde8\ud83c\udded Le 14 juin : Reprenons les cl\u00e9s de notre maison\"}]},{\"@type\":\"WebSite\",\"@id\":\"https:\/\/souverainete-suisse.ch\/#website\",\"url\":\"https:\/\/souverainete-suisse.ch\/\",\"name\":\"Mouvement Souverainet\u00e9 Suisse\",\"description\":\"\",\"publisher\":{\"@id\":\"https:\/\/souverainete-suisse.ch\/#organization\"},\"potentialAction\":[{\"@type\":\"SearchAction\",\"target\":{\"@type\":\"EntryPoint\",\"urlTemplate\":\"https:\/\/souverainete-suisse.ch\/?s={search_term_string}\"},\"query-input\":{\"@type\":\"PropertyValueSpecification\",\"valueRequired\":true,\"valueName\":\"search_term_string\"}}],\"inLanguage\":\"it-IT\"},{\"@type\":\"Organization\",\"@id\":\"https:\/\/souverainete-suisse.ch\/#organization\",\"name\":\"Mouvement Souverainet\u00e9 Suisse\",\"url\":\"https:\/\/souverainete-suisse.ch\/\",\"logo\":{\"@type\":\"ImageObject\",\"inLanguage\":\"it-IT\",\"@id\":\"https:\/\/souverainete-suisse.ch\/#\/schema\/logo\/image\/\",\"url\":\"https:\/\/souverainete-suisse.ch\/wp-content\/uploads\/2025\/11\/logo.png\",\"contentUrl\":\"https:\/\/souverainete-suisse.ch\/wp-content\/uploads\/2025\/11\/logo.png\",\"width\":2053,\"height\":1461,\"caption\":\"Mouvement Souverainet\u00e9 Suisse\"},\"image\":{\"@id\":\"https:\/\/souverainete-suisse.ch\/#\/schema\/logo\/image\/\"}},{\"@type\":\"Person\",\"@id\":\"https:\/\/souverainete-suisse.ch\/#\/schema\/person\/fd126a65533b168ad053321f54cad987\",\"name\":\"Philippe Renaud\",\"image\":{\"@type\":\"ImageObject\",\"inLanguage\":\"it-IT\",\"@id\":\"https:\/\/souverainete-suisse.ch\/#\/schema\/person\/image\/\",\"url\":\"https:\/\/secure.gravatar.com\/avatar\/ea457c55cfcfc8cbdb1077128f20033c33a8e982208b5ce9cc8eaeba2b6ff758?s=96&d=mm&r=g\",\"contentUrl\":\"https:\/\/secure.gravatar.com\/avatar\/ea457c55cfcfc8cbdb1077128f20033c33a8e982208b5ce9cc8eaeba2b6ff758?s=96&d=mm&r=g\",\"caption\":\"Philippe Renaud\"},\"url\":\"http:\/\/souverainete-suisse.ch\/it\/author\/philippe\/\"}]}<\/script>\n<!-- \/ Yoast SEO plugin. -->","yoast_head_json":{"title":"14 giugno: Riprendiamoci le chiavi di casa nostra - Movimento Sovranit\u00e0 Svizzera","description":"Voto del 14 giugno 2026 in Svizzera: immigrazione, sovranit\u00e0 ed economia. Analisi delle sfide intorno all\u2019iniziativa \u00ab Svizzera senza 10 milioni \u00bb.","robots":{"index":"index","follow":"follow","max-snippet":"max-snippet:-1","max-image-preview":"max-image-preview:large","max-video-preview":"max-video-preview:-1"},"canonical":"https:\/\/souverainete-suisse.ch\/it\/2026\/04\/il-14-giugno-riprendiamo-le-chiavi-della-nostra-casa\/","og_locale":"it_IT","og_type":"article","og_title":"\ud83c\udde8\ud83c\udded Le 14 juin : Reprenons les cl\u00e9s de notre maison - Mouvement Souverainet\u00e9 Suisse","og_description":"Vote du 14 juin 2026 en Suisse : immigration, souverainet\u00e9 et \u00e9conomie. D\u00e9cryptage des enjeux autour de l\u2019initiative \u00ab Pas de Suisse \u00e0 10 millions \u00bb.","og_url":"https:\/\/souverainete-suisse.ch\/it\/2026\/04\/il-14-giugno-riprendiamo-le-chiavi-della-nostra-casa\/","og_site_name":"Mouvement Souverainet\u00e9 Suisse","article_published_time":"2026-04-26T19:39:32+00:00","og_image":[{"width":1279,"height":720,"url":"https:\/\/souverainete-suisse.ch\/wp-content\/uploads\/2026\/04\/1776778356630.jpeg","type":"image\/jpeg"}],"author":"Philippe Renaud","twitter_card":"summary_large_image","twitter_misc":{"Scritto da":"Philippe Renaud","Tempo di lettura stimato":"3 minuti"},"schema":{"@context":"https:\/\/schema.org","@graph":[{"@type":"Article","@id":"https:\/\/souverainete-suisse.ch\/2026\/04\/%f0%9f%87%a8%f0%9f%87%ad-le-14-juin-reprenons-les-cles-de-notre-maison\/#article","isPartOf":{"@id":"https:\/\/souverainete-suisse.ch\/2026\/04\/%f0%9f%87%a8%f0%9f%87%ad-le-14-juin-reprenons-les-cles-de-notre-maison\/"},"author":{"name":"Philippe Renaud","@id":"https:\/\/souverainete-suisse.ch\/#\/schema\/person\/fd126a65533b168ad053321f54cad987"},"headline":"\ud83c\udde8\ud83c\udded Le 14 juin : Reprenons les cl\u00e9s de notre maison","datePublished":"2026-04-26T19:39:32+00:00","mainEntityOfPage":{"@id":"https:\/\/souverainete-suisse.ch\/2026\/04\/%f0%9f%87%a8%f0%9f%87%ad-le-14-juin-reprenons-les-cles-de-notre-maison\/"},"wordCount":427,"publisher":{"@id":"https:\/\/souverainete-suisse.ch\/#organization"},"image":{"@id":"https:\/\/souverainete-suisse.ch\/2026\/04\/%f0%9f%87%a8%f0%9f%87%ad-le-14-juin-reprenons-les-cles-de-notre-maison\/#primaryimage"},"thumbnailUrl":"https:\/\/souverainete-suisse.ch\/wp-content\/uploads\/2026\/04\/1776778356630.jpeg","articleSection":["R\u00e9f\u00e9rendums"],"inLanguage":"it-IT"},{"@type":"WebPage","@id":"https:\/\/souverainete-suisse.ch\/2026\/04\/%f0%9f%87%a8%f0%9f%87%ad-le-14-juin-reprenons-les-cles-de-notre-maison\/","url":"https:\/\/souverainete-suisse.ch\/2026\/04\/%f0%9f%87%a8%f0%9f%87%ad-le-14-juin-reprenons-les-cles-de-notre-maison\/","name":"14 giugno: Riprendiamoci le chiavi di casa nostra - Movimento Sovranit\u00e0 Svizzera","isPartOf":{"@id":"https:\/\/souverainete-suisse.ch\/#website"},"primaryImageOfPage":{"@id":"https:\/\/souverainete-suisse.ch\/2026\/04\/%f0%9f%87%a8%f0%9f%87%ad-le-14-juin-reprenons-les-cles-de-notre-maison\/#primaryimage"},"image":{"@id":"https:\/\/souverainete-suisse.ch\/2026\/04\/%f0%9f%87%a8%f0%9f%87%ad-le-14-juin-reprenons-les-cles-de-notre-maison\/#primaryimage"},"thumbnailUrl":"https:\/\/souverainete-suisse.ch\/wp-content\/uploads\/2026\/04\/1776778356630.jpeg","datePublished":"2026-04-26T19:39:32+00:00","description":"Voto del 14 giugno 2026 in Svizzera: immigrazione, sovranit\u00e0 ed economia. Analisi delle sfide intorno all\u2019iniziativa \u00ab Svizzera senza 10 milioni \u00bb.","breadcrumb":{"@id":"https:\/\/souverainete-suisse.ch\/2026\/04\/%f0%9f%87%a8%f0%9f%87%ad-le-14-juin-reprenons-les-cles-de-notre-maison\/#breadcrumb"},"inLanguage":"it-IT","potentialAction":[{"@type":"ReadAction","target":["https:\/\/souverainete-suisse.ch\/2026\/04\/%f0%9f%87%a8%f0%9f%87%ad-le-14-juin-reprenons-les-cles-de-notre-maison\/"]}]},{"@type":"ImageObject","inLanguage":"it-IT","@id":"https:\/\/souverainete-suisse.ch\/2026\/04\/%f0%9f%87%a8%f0%9f%87%ad-le-14-juin-reprenons-les-cles-de-notre-maison\/#primaryimage","url":"https:\/\/souverainete-suisse.ch\/wp-content\/uploads\/2026\/04\/1776778356630.jpeg","contentUrl":"https:\/\/souverainete-suisse.ch\/wp-content\/uploads\/2026\/04\/1776778356630.jpeg","width":1279,"height":720},{"@type":"BreadcrumbList","@id":"https:\/\/souverainete-suisse.ch\/2026\/04\/%f0%9f%87%a8%f0%9f%87%ad-le-14-juin-reprenons-les-cles-de-notre-maison\/#breadcrumb","itemListElement":[{"@type":"ListItem","position":1,"name":"Accueil","item":"https:\/\/souverainete-suisse.ch\/"},{"@type":"ListItem","position":2,"name":"\ud83c\udde8\ud83c\udded Le 14 juin : Reprenons les cl\u00e9s de notre maison"}]},{"@type":"WebSite","@id":"https:\/\/souverainete-suisse.ch\/#website","url":"https:\/\/souverainete-suisse.ch\/","name":"Movimento per la sovranit\u00e0 della Svizzera","description":"","publisher":{"@id":"https:\/\/souverainete-suisse.ch\/#organization"},"potentialAction":[{"@type":"SearchAction","target":{"@type":"EntryPoint","urlTemplate":"https:\/\/souverainete-suisse.ch\/?s={search_term_string}"},"query-input":{"@type":"PropertyValueSpecification","valueRequired":true,"valueName":"search_term_string"}}],"inLanguage":"it-IT"},{"@type":"Organization","@id":"https:\/\/souverainete-suisse.ch\/#organization","name":"Movimento per la sovranit\u00e0 della Svizzera","url":"https:\/\/souverainete-suisse.ch\/","logo":{"@type":"ImageObject","inLanguage":"it-IT","@id":"https:\/\/souverainete-suisse.ch\/#\/schema\/logo\/image\/","url":"https:\/\/souverainete-suisse.ch\/wp-content\/uploads\/2025\/11\/logo.png","contentUrl":"https:\/\/souverainete-suisse.ch\/wp-content\/uploads\/2025\/11\/logo.png","width":2053,"height":1461,"caption":"Mouvement Souverainet\u00e9 Suisse"},"image":{"@id":"https:\/\/souverainete-suisse.ch\/#\/schema\/logo\/image\/"}},{"@type":"Person","@id":"https:\/\/souverainete-suisse.ch\/#\/schema\/person\/fd126a65533b168ad053321f54cad987","name":"Philippe Renaud","image":{"@type":"ImageObject","inLanguage":"it-IT","@id":"https:\/\/souverainete-suisse.ch\/#\/schema\/person\/image\/","url":"https:\/\/secure.gravatar.com\/avatar\/ea457c55cfcfc8cbdb1077128f20033c33a8e982208b5ce9cc8eaeba2b6ff758?s=96&d=mm&r=g","contentUrl":"https:\/\/secure.gravatar.com\/avatar\/ea457c55cfcfc8cbdb1077128f20033c33a8e982208b5ce9cc8eaeba2b6ff758?s=96&d=mm&r=g","caption":"Philippe Renaud"},"url":"http:\/\/souverainete-suisse.ch\/it\/author\/philippe\/"}]}},"_links":{"self":[{"href":"http:\/\/souverainete-suisse.ch\/it\/wp-json\/wp\/v2\/posts\/1109","targetHints":{"allow":["GET"]}}],"collection":[{"href":"http:\/\/souverainete-suisse.ch\/it\/wp-json\/wp\/v2\/posts"}],"about":[{"href":"http:\/\/souverainete-suisse.ch\/it\/wp-json\/wp\/v2\/types\/post"}],"author":[{"embeddable":true,"href":"http:\/\/souverainete-suisse.ch\/it\/wp-json\/wp\/v2\/users\/3"}],"replies":[{"embeddable":true,"href":"http:\/\/souverainete-suisse.ch\/it\/wp-json\/wp\/v2\/comments?post=1109"}],"version-history":[{"count":1,"href":"http:\/\/souverainete-suisse.ch\/it\/wp-json\/wp\/v2\/posts\/1109\/revisions"}],"predecessor-version":[{"id":1110,"href":"http:\/\/souverainete-suisse.ch\/it\/wp-json\/wp\/v2\/posts\/1109\/revisions\/1110"}],"wp:featuredmedia":[{"embeddable":true,"href":"http:\/\/souverainete-suisse.ch\/it\/wp-json\/wp\/v2\/media\/1108"}],"wp:attachment":[{"href":"http:\/\/souverainete-suisse.ch\/it\/wp-json\/wp\/v2\/media?parent=1109"}],"wp:term":[{"taxonomy":"category","embeddable":true,"href":"http:\/\/souverainete-suisse.ch\/it\/wp-json\/wp\/v2\/categories?post=1109"},{"taxonomy":"post_tag","embeddable":true,"href":"http:\/\/souverainete-suisse.ch\/it\/wp-json\/wp\/v2\/tags?post=1109"}],"curies":[{"name":"wp","href":"https:\/\/api.w.org\/{rel}","templated":true}]}}