{"id":1102,"date":"2026-04-25T09:01:57","date_gmt":"2026-04-25T07:01:57","guid":{"rendered":"https:\/\/souverainete-suisse.ch\/?p=1102"},"modified":"2026-04-25T09:01:57","modified_gmt":"2026-04-25T07:01:57","slug":"%f0%9f%87%a8%f0%9f%87%ad-ignazio-cassis-leggerezza-insostenibile-del-becchino","status":"publish","type":"post","link":"http:\/\/souverainete-suisse.ch\/it\/2026\/04\/%f0%9f%87%a8%f0%9f%87%ad-ignazio-cassis-leggerezza-insostenibile-del-becchino\/","title":{"rendered":"\ud83c\udde8\ud83c\udded Ignazio Cassis: l'insostenibile leggerezza del becchino"},"content":{"rendered":"<header aria-label=\"Titolo dell&#039;articolo\">\n<h1 class=\"reader-article-header__title\" dir=\"ltr\"><strong style=\"font-size: 16px;\">Con la sua \u00ablingua semplice\u00bb, il consigliere federale non chiarisce nulla: liquida. Riducendo la complessit\u00e0 della nostra sovranit\u00e0 a una cortesia di vicinato, Ignazio Cassis esce dal suo mandato costituzionale. Non si tratta pi\u00f9 di diplomazia, ma di una resa dei conti. La sentenza deve essere politica: un dimissioni, senza gli onori della rendita.<\/strong><\/h1>\n<\/header>\n<div class=\"relative reader__grid\">\n<div data-scaffold-immersive-reader-content=\"\">\n<div class=\"reader-article-content reader-article-content--content-blocks\" dir=\"ltr\">\n<div class=\"reader-content-blocks-container\">\n<p id=\"ember52\" class=\"ember-view reader-text-block__paragraph\">\u00ab\u00c8 davvero semplicissimo!\u00bb. A Ginevra, davanti alla platea della Federazione delle imprese romande, Ignazio Cassis ha indossato i panni di un venditore porta a porta della sottomissione, abbandonando quelli di garante dello Stato. La sua risposta sulle Bilaterali III \u00e8 un insulto all\u2019intelligenza elvetica. Dire la \u00abverit\u00e0\u00bb, secondo lui, significherebbe ridurre un colossale edificio giuridico e politico a una questione di umore: \u00abvogliamo avere una buona relazione con i nostri vicini prossimi\u00bb.<\/p>\n<p id=\"ember53\" class=\"ember-view reader-text-block__paragraph\">Chi potrebbe opporsi a una \u00abbuona relazione\u00bb? Nessuno. Ed \u00e8 proprio qui che risiede la trappola, grossolana e pericolosa. Dietro questo semplicismo di facciata si nasconde lo smantellamento metodico di ci\u00f2 che fa la Svizzera: la sua capacit\u00e0 di decidere per s\u00e9.<\/p>\n<h3 id=\"ember54\" class=\"ember-view reader-text-block__heading-3\">Il ricatto come unica bussola<\/h3>\n<p id=\"ember55\" class=\"ember-view reader-text-block__paragraph\">Monsieur Cassis ci vende aria fritta per mascherare il temporale. <em>Comprensione comune<\/em> di 2023 non lascia spazio al dubbio: il punto 11 apre la porta all'integrazione di \u00abtutti i futuri accordi\u00bb. Traduzione per chi non avesse il lessico di Berna: l'Unione Europea non si fermer\u00e0 mai. Dopo le Bilaterali III verr\u00e0 l'istituzionalizzazione dell'accordo di libero scambio del 1972, poi la messa al passo della nostra piazza finanziaria da parte dei regolatori di Bruxelles.<\/p>\n<p id=\"ember56\" class=\"ember-view reader-text-block__paragraph\">Ad ogni passo, lo scenario \u00e8 scritto in anticipo: Bruxelles agita la minaccia dell'isolamento e i nostri consiglieri federali, con mano tremante, ci spiegano che dobbiamo cedere \u00abper salvare la via bilaterale\u00bb. Non \u00e8 una negoziazione, \u00e8 un ricatto permanente a cui il signor Cassis sembra prendere un piacere quasi mistico ad aderire.<\/p>\n<h3 id=\"ember57\" class=\"ember-view reader-text-block__heading-3\">La Svizzera, futuro protettorato?<\/h3>\n<p id=\"ember58\" class=\"ember-view reader-text-block__paragraph\">Dove finisce la \u00abbuona relazione\u00bb? Finisce quando il nostro esercito, gi\u00e0 ridotto all'osso, sar\u00e0 totalmente asservito a una difesa europea di cui non controlleremo alcun leva? Finisce quando il federalismo e i cantoni non saranno pi\u00f9 che resti folkloristici di fronte alle direttive imperiali della Commissione?<\/p>\n<p id=\"ember59\" class=\"ember-view reader-text-block__paragraph\">Ignazio Cassis agisce al di fuori del mandato. La Costituzione lo obbliga a preservare l'indipendenza e la sicurezza del paese. Invitando il popolo a votare \u00abs\u00ec\u00bb in nome della semplice cortesia verso il vicino, tradisce lo spirito delle nostre istituzioni. Se desidera tanto l'adesione \u2013 poich\u00e9 questo \u00e8 l'esito logico della sua \u00absemplicit\u00e0\u00bb \u2013 che la nomini con coraggio. Ma che smetta di mascherare la sottomissione in armonia regionale.<\/p>\n<h3 id=\"ember60\" class=\"ember-view reader-text-block__heading-3\">L'ora di uscita<\/h3>\n<p id=\"ember61\" class=\"ember-view reader-text-block__paragraph\">Un consigliere federale che disprezza a tal punto le questioni di sovranit\u00e0 da gestire solo \u00absentimenti\u00bb di buon vicinato non ha pi\u00f9 posto al Palazzo federale.<\/p>\n<p id=\"ember62\" class=\"ember-view reader-text-block__paragraph\">Il popolo svizzero non \u00e8 un bambino a cui si raccontano storie per fargli ingoiare una medicina amara. La verit\u00e0, signor Cassis, \u00e8 che lei sta organizzando l'impotenza della Svizzera. Per questo tradimento, per questo disprezzo della sostanza costituzionale della sua carica, c'\u00e8 una sola via d'uscita: le dimissioni. E in un paese che si rispetta, non si ricompensa il becchino della patria con una rendita a vita.<\/p>\n<p id=\"ember63\" class=\"ember-view reader-text-block__paragraph\">Signor Cassis, voleva parlare \u00absemplice\u00bb? Eccola qui, una verit\u00e0 semplice: il suo mandato \u00e8 terminato.<\/p>\n<p id=\"ember64\" class=\"ember-view reader-text-block__paragraph\"><strong><em>Questa analisi ti ha fatto riflettere? Metti mi piace e retwitta per aiutarci a raggiungere un pubblico pi\u00f9 ampio.<\/em><\/strong><\/p>\n<p id=\"ember65\" class=\"ember-view reader-text-block__paragraph\"><strong>\ud83c\udde8\ud83c\udded Ci\u00f2 che i media tacciono, noi lo analizziamo. Ci\u00f2 che Berna negozia, noi lo analizziamo nel dettaglio. <\/strong><a class=\"xwxVfcRwnBUeGipgoiZPeKPJMrvzgAVqE\" tabindex=\"0\" href=\"https:\/\/souverainete-suisse.ch\/it\/\" target=\"_self\" data-test-app-aware-link=\"\"><strong>https:\/\/souverainete-suisse.ch\/<\/strong><\/a><\/p>\n<p id=\"ember66\" class=\"ember-view reader-text-block__paragraph\"><strong>Siamo i guardiani dell'indipendenza. Unisciti al Movimento per la sovranit\u00e0 svizzera. Non domani. Non pi\u00f9 tardi - ora.<\/strong><\/p>\n<\/div>\n<\/div>\n<\/div>\n<\/div>","protected":false},"excerpt":{"rendered":"<p>Par sa \u00ab langue simple \u00bb, le conseiller f\u00e9d\u00e9ral ne clarifie rien : il liquide. En r\u00e9duisant la complexit\u00e9 de notre souverainet\u00e9 \u00e0 une amabilit\u00e9 de voisinage, Ignazio Cassis sort de son mandat constitutionnel. Ce n\u2019est plus de la diplomatie, c\u2019est une reddition de compte. La sentence doit \u00eatre politique : une d\u00e9mission, sans les [&hellip;]<\/p>\n","protected":false},"author":3,"featured_media":1103,"comment_status":"closed","ping_status":"closed","sticky":false,"template":"","format":"standard","meta":{"footnotes":""},"categories":[1],"tags":[],"class_list":["post-1102","post","type-post","status-publish","format-standard","has-post-thumbnail","hentry","category-non-classe"],"yoast_head":"<!-- This site is optimized with the Yoast SEO plugin v26.9 - https:\/\/yoast.com\/product\/yoast-seo-wordpress\/ -->\n<title>\ud83c\udde8\ud83c\udded Ignazio Cassis : l\u2019insoutenable l\u00e9g\u00e8ret\u00e9 du fossoyeur - Mouvement Souverainet\u00e9 Suisse<\/title>\n<meta name=\"description\" content=\"\ud83c\udde8\ud83c\uddedIgnazio Cassis et les Bilat\u00e9rales III : enjeux pour la souverainet\u00e9 suisse et les relations avec l\u2019UE.\" \/>\n<meta name=\"robots\" content=\"index, follow, max-snippet:-1, max-image-preview:large, max-video-preview:-1\" \/>\n<link rel=\"canonical\" href=\"https:\/\/souverainete-suisse.ch\/it\/2026\/04\/\ud83c\udde8\ud83c\udded-ignazio-cassis-leggerezza-insostenibile-del-becchino\/\" \/>\n<meta property=\"og:locale\" content=\"it_IT\" \/>\n<meta property=\"og:type\" content=\"article\" \/>\n<meta property=\"og:title\" content=\"\ud83c\udde8\ud83c\udded Ignazio Cassis : l\u2019insoutenable l\u00e9g\u00e8ret\u00e9 du fossoyeur - Mouvement Souverainet\u00e9 Suisse\" \/>\n<meta property=\"og:description\" content=\"\ud83c\udde8\ud83c\uddedIgnazio Cassis et les Bilat\u00e9rales III : enjeux pour la souverainet\u00e9 suisse et les relations avec l\u2019UE.\" \/>\n<meta property=\"og:url\" content=\"https:\/\/souverainete-suisse.ch\/it\/2026\/04\/\ud83c\udde8\ud83c\udded-ignazio-cassis-leggerezza-insostenibile-del-becchino\/\" \/>\n<meta property=\"og:site_name\" content=\"Mouvement Souverainet\u00e9 Suisse\" \/>\n<meta property=\"article:published_time\" content=\"2026-04-25T07:01:57+00:00\" \/>\n<meta property=\"og:image\" content=\"https:\/\/souverainete-suisse.ch\/wp-content\/uploads\/2026\/04\/1777012653261.jpeg\" \/>\n\t<meta property=\"og:image:width\" content=\"1280\" \/>\n\t<meta property=\"og:image:height\" content=\"720\" \/>\n\t<meta property=\"og:image:type\" content=\"image\/jpeg\" \/>\n<meta name=\"author\" content=\"Philippe Renaud\" \/>\n<meta name=\"twitter:card\" content=\"summary_large_image\" \/>\n<meta name=\"twitter:label1\" content=\"Scritto da\" \/>\n\t<meta name=\"twitter:data1\" content=\"Philippe Renaud\" \/>\n\t<meta name=\"twitter:label2\" content=\"Tempo di lettura stimato\" \/>\n\t<meta name=\"twitter:data2\" content=\"4 minuti\" \/>\n<script type=\"application\/ld+json\" class=\"yoast-schema-graph\">{\"@context\":\"https:\/\/schema.org\",\"@graph\":[{\"@type\":\"Article\",\"@id\":\"https:\/\/souverainete-suisse.ch\/2026\/04\/%f0%9f%87%a8%f0%9f%87%ad-ignazio-cassis-linsoutenable-legerete-du-fossoyeur\/#article\",\"isPartOf\":{\"@id\":\"https:\/\/souverainete-suisse.ch\/2026\/04\/%f0%9f%87%a8%f0%9f%87%ad-ignazio-cassis-linsoutenable-legerete-du-fossoyeur\/\"},\"author\":{\"name\":\"Philippe Renaud\",\"@id\":\"https:\/\/souverainete-suisse.ch\/#\/schema\/person\/fd126a65533b168ad053321f54cad987\"},\"headline\":\"\ud83c\udde8\ud83c\udded Ignazio Cassis : l\u2019insoutenable l\u00e9g\u00e8ret\u00e9 du fossoyeur\",\"datePublished\":\"2026-04-25T07:01:57+00:00\",\"mainEntityOfPage\":{\"@id\":\"https:\/\/souverainete-suisse.ch\/2026\/04\/%f0%9f%87%a8%f0%9f%87%ad-ignazio-cassis-linsoutenable-legerete-du-fossoyeur\/\"},\"wordCount\":693,\"publisher\":{\"@id\":\"https:\/\/souverainete-suisse.ch\/#organization\"},\"image\":{\"@id\":\"https:\/\/souverainete-suisse.ch\/2026\/04\/%f0%9f%87%a8%f0%9f%87%ad-ignazio-cassis-linsoutenable-legerete-du-fossoyeur\/#primaryimage\"},\"thumbnailUrl\":\"https:\/\/souverainete-suisse.ch\/wp-content\/uploads\/2026\/04\/1777012653261.jpeg\",\"articleSection\":[\"Non class\u00e9\"],\"inLanguage\":\"it-IT\"},{\"@type\":\"WebPage\",\"@id\":\"https:\/\/souverainete-suisse.ch\/2026\/04\/%f0%9f%87%a8%f0%9f%87%ad-ignazio-cassis-linsoutenable-legerete-du-fossoyeur\/\",\"url\":\"https:\/\/souverainete-suisse.ch\/2026\/04\/%f0%9f%87%a8%f0%9f%87%ad-ignazio-cassis-linsoutenable-legerete-du-fossoyeur\/\",\"name\":\"\ud83c\udde8\ud83c\udded Ignazio Cassis : l\u2019insoutenable l\u00e9g\u00e8ret\u00e9 du fossoyeur - Mouvement Souverainet\u00e9 Suisse\",\"isPartOf\":{\"@id\":\"https:\/\/souverainete-suisse.ch\/#website\"},\"primaryImageOfPage\":{\"@id\":\"https:\/\/souverainete-suisse.ch\/2026\/04\/%f0%9f%87%a8%f0%9f%87%ad-ignazio-cassis-linsoutenable-legerete-du-fossoyeur\/#primaryimage\"},\"image\":{\"@id\":\"https:\/\/souverainete-suisse.ch\/2026\/04\/%f0%9f%87%a8%f0%9f%87%ad-ignazio-cassis-linsoutenable-legerete-du-fossoyeur\/#primaryimage\"},\"thumbnailUrl\":\"https:\/\/souverainete-suisse.ch\/wp-content\/uploads\/2026\/04\/1777012653261.jpeg\",\"datePublished\":\"2026-04-25T07:01:57+00:00\",\"description\":\"\ud83c\udde8\ud83c\uddedIgnazio Cassis et les Bilat\u00e9rales III : enjeux pour la souverainet\u00e9 suisse et les relations avec l\u2019UE.\",\"breadcrumb\":{\"@id\":\"https:\/\/souverainete-suisse.ch\/2026\/04\/%f0%9f%87%a8%f0%9f%87%ad-ignazio-cassis-linsoutenable-legerete-du-fossoyeur\/#breadcrumb\"},\"inLanguage\":\"it-IT\",\"potentialAction\":[{\"@type\":\"ReadAction\",\"target\":[\"https:\/\/souverainete-suisse.ch\/2026\/04\/%f0%9f%87%a8%f0%9f%87%ad-ignazio-cassis-linsoutenable-legerete-du-fossoyeur\/\"]}]},{\"@type\":\"ImageObject\",\"inLanguage\":\"it-IT\",\"@id\":\"https:\/\/souverainete-suisse.ch\/2026\/04\/%f0%9f%87%a8%f0%9f%87%ad-ignazio-cassis-linsoutenable-legerete-du-fossoyeur\/#primaryimage\",\"url\":\"https:\/\/souverainete-suisse.ch\/wp-content\/uploads\/2026\/04\/1777012653261.jpeg\",\"contentUrl\":\"https:\/\/souverainete-suisse.ch\/wp-content\/uploads\/2026\/04\/1777012653261.jpeg\",\"width\":1280,\"height\":720,\"caption\":\"\ud83c\udde8\ud83c\uddedIgnazio Cassis et les Bilat\u00e9rales III : enjeux pour la souverainet\u00e9 suisse et les relations avec l\u2019UE.\"},{\"@type\":\"BreadcrumbList\",\"@id\":\"https:\/\/souverainete-suisse.ch\/2026\/04\/%f0%9f%87%a8%f0%9f%87%ad-ignazio-cassis-linsoutenable-legerete-du-fossoyeur\/#breadcrumb\",\"itemListElement\":[{\"@type\":\"ListItem\",\"position\":1,\"name\":\"Accueil\",\"item\":\"https:\/\/souverainete-suisse.ch\/\"},{\"@type\":\"ListItem\",\"position\":2,\"name\":\"\ud83c\udde8\ud83c\udded Ignazio Cassis : l\u2019insoutenable l\u00e9g\u00e8ret\u00e9 du fossoyeur\"}]},{\"@type\":\"WebSite\",\"@id\":\"https:\/\/souverainete-suisse.ch\/#website\",\"url\":\"https:\/\/souverainete-suisse.ch\/\",\"name\":\"Mouvement Souverainet\u00e9 Suisse\",\"description\":\"\",\"publisher\":{\"@id\":\"https:\/\/souverainete-suisse.ch\/#organization\"},\"potentialAction\":[{\"@type\":\"SearchAction\",\"target\":{\"@type\":\"EntryPoint\",\"urlTemplate\":\"https:\/\/souverainete-suisse.ch\/?s={search_term_string}\"},\"query-input\":{\"@type\":\"PropertyValueSpecification\",\"valueRequired\":true,\"valueName\":\"search_term_string\"}}],\"inLanguage\":\"it-IT\"},{\"@type\":\"Organization\",\"@id\":\"https:\/\/souverainete-suisse.ch\/#organization\",\"name\":\"Mouvement Souverainet\u00e9 Suisse\",\"url\":\"https:\/\/souverainete-suisse.ch\/\",\"logo\":{\"@type\":\"ImageObject\",\"inLanguage\":\"it-IT\",\"@id\":\"https:\/\/souverainete-suisse.ch\/#\/schema\/logo\/image\/\",\"url\":\"https:\/\/souverainete-suisse.ch\/wp-content\/uploads\/2025\/11\/logo.png\",\"contentUrl\":\"https:\/\/souverainete-suisse.ch\/wp-content\/uploads\/2025\/11\/logo.png\",\"width\":2053,\"height\":1461,\"caption\":\"Mouvement Souverainet\u00e9 Suisse\"},\"image\":{\"@id\":\"https:\/\/souverainete-suisse.ch\/#\/schema\/logo\/image\/\"}},{\"@type\":\"Person\",\"@id\":\"https:\/\/souverainete-suisse.ch\/#\/schema\/person\/fd126a65533b168ad053321f54cad987\",\"name\":\"Philippe Renaud\",\"image\":{\"@type\":\"ImageObject\",\"inLanguage\":\"it-IT\",\"@id\":\"https:\/\/souverainete-suisse.ch\/#\/schema\/person\/image\/\",\"url\":\"https:\/\/secure.gravatar.com\/avatar\/ea457c55cfcfc8cbdb1077128f20033c33a8e982208b5ce9cc8eaeba2b6ff758?s=96&d=mm&r=g\",\"contentUrl\":\"https:\/\/secure.gravatar.com\/avatar\/ea457c55cfcfc8cbdb1077128f20033c33a8e982208b5ce9cc8eaeba2b6ff758?s=96&d=mm&r=g\",\"caption\":\"Philippe Renaud\"},\"url\":\"http:\/\/souverainete-suisse.ch\/it\/author\/philippe\/\"}]}<\/script>\n<!-- \/ Yoast SEO plugin. -->","yoast_head_json":{"title":"\ud83c\udde8\ud83c\udded Ignazio Cassis: l'insostenibile leggerezza del becchino - Movimento Sovranit\u00e0 Svizzera","description":"\ud83c\udde8\ud83c\uddedIgnazio Cassis e le Bilaterali III: sfide per la sovranit\u00e0 svizzera e le relazioni con l'UE.","robots":{"index":"index","follow":"follow","max-snippet":"max-snippet:-1","max-image-preview":"max-image-preview:large","max-video-preview":"max-video-preview:-1"},"canonical":"https:\/\/souverainete-suisse.ch\/it\/2026\/04\/\ud83c\udde8\ud83c\udded-ignazio-cassis-leggerezza-insostenibile-del-becchino\/","og_locale":"it_IT","og_type":"article","og_title":"\ud83c\udde8\ud83c\udded Ignazio Cassis : l\u2019insoutenable l\u00e9g\u00e8ret\u00e9 du fossoyeur - Mouvement Souverainet\u00e9 Suisse","og_description":"\ud83c\udde8\ud83c\uddedIgnazio Cassis et les Bilat\u00e9rales III : enjeux pour la souverainet\u00e9 suisse et les relations avec l\u2019UE.","og_url":"https:\/\/souverainete-suisse.ch\/it\/2026\/04\/\ud83c\udde8\ud83c\udded-ignazio-cassis-leggerezza-insostenibile-del-becchino\/","og_site_name":"Mouvement Souverainet\u00e9 Suisse","article_published_time":"2026-04-25T07:01:57+00:00","og_image":[{"width":1280,"height":720,"url":"https:\/\/souverainete-suisse.ch\/wp-content\/uploads\/2026\/04\/1777012653261.jpeg","type":"image\/jpeg"}],"author":"Philippe Renaud","twitter_card":"summary_large_image","twitter_misc":{"Scritto da":"Philippe Renaud","Tempo di lettura stimato":"4 minuti"},"schema":{"@context":"https:\/\/schema.org","@graph":[{"@type":"Article","@id":"https:\/\/souverainete-suisse.ch\/2026\/04\/%f0%9f%87%a8%f0%9f%87%ad-ignazio-cassis-linsoutenable-legerete-du-fossoyeur\/#article","isPartOf":{"@id":"https:\/\/souverainete-suisse.ch\/2026\/04\/%f0%9f%87%a8%f0%9f%87%ad-ignazio-cassis-linsoutenable-legerete-du-fossoyeur\/"},"author":{"name":"Philippe Renaud","@id":"https:\/\/souverainete-suisse.ch\/#\/schema\/person\/fd126a65533b168ad053321f54cad987"},"headline":"\ud83c\udde8\ud83c\udded Ignazio Cassis : l\u2019insoutenable l\u00e9g\u00e8ret\u00e9 du fossoyeur","datePublished":"2026-04-25T07:01:57+00:00","mainEntityOfPage":{"@id":"https:\/\/souverainete-suisse.ch\/2026\/04\/%f0%9f%87%a8%f0%9f%87%ad-ignazio-cassis-linsoutenable-legerete-du-fossoyeur\/"},"wordCount":693,"publisher":{"@id":"https:\/\/souverainete-suisse.ch\/#organization"},"image":{"@id":"https:\/\/souverainete-suisse.ch\/2026\/04\/%f0%9f%87%a8%f0%9f%87%ad-ignazio-cassis-linsoutenable-legerete-du-fossoyeur\/#primaryimage"},"thumbnailUrl":"https:\/\/souverainete-suisse.ch\/wp-content\/uploads\/2026\/04\/1777012653261.jpeg","articleSection":["Non class\u00e9"],"inLanguage":"it-IT"},{"@type":"WebPage","@id":"https:\/\/souverainete-suisse.ch\/2026\/04\/%f0%9f%87%a8%f0%9f%87%ad-ignazio-cassis-linsoutenable-legerete-du-fossoyeur\/","url":"https:\/\/souverainete-suisse.ch\/2026\/04\/%f0%9f%87%a8%f0%9f%87%ad-ignazio-cassis-linsoutenable-legerete-du-fossoyeur\/","name":"\ud83c\udde8\ud83c\udded Ignazio Cassis: l'insostenibile leggerezza del becchino - Movimento Sovranit\u00e0 Svizzera","isPartOf":{"@id":"https:\/\/souverainete-suisse.ch\/#website"},"primaryImageOfPage":{"@id":"https:\/\/souverainete-suisse.ch\/2026\/04\/%f0%9f%87%a8%f0%9f%87%ad-ignazio-cassis-linsoutenable-legerete-du-fossoyeur\/#primaryimage"},"image":{"@id":"https:\/\/souverainete-suisse.ch\/2026\/04\/%f0%9f%87%a8%f0%9f%87%ad-ignazio-cassis-linsoutenable-legerete-du-fossoyeur\/#primaryimage"},"thumbnailUrl":"https:\/\/souverainete-suisse.ch\/wp-content\/uploads\/2026\/04\/1777012653261.jpeg","datePublished":"2026-04-25T07:01:57+00:00","description":"\ud83c\udde8\ud83c\uddedIgnazio Cassis e le Bilaterali III: sfide per la sovranit\u00e0 svizzera e le relazioni con l'UE.","breadcrumb":{"@id":"https:\/\/souverainete-suisse.ch\/2026\/04\/%f0%9f%87%a8%f0%9f%87%ad-ignazio-cassis-linsoutenable-legerete-du-fossoyeur\/#breadcrumb"},"inLanguage":"it-IT","potentialAction":[{"@type":"ReadAction","target":["https:\/\/souverainete-suisse.ch\/2026\/04\/%f0%9f%87%a8%f0%9f%87%ad-ignazio-cassis-linsoutenable-legerete-du-fossoyeur\/"]}]},{"@type":"ImageObject","inLanguage":"it-IT","@id":"https:\/\/souverainete-suisse.ch\/2026\/04\/%f0%9f%87%a8%f0%9f%87%ad-ignazio-cassis-linsoutenable-legerete-du-fossoyeur\/#primaryimage","url":"https:\/\/souverainete-suisse.ch\/wp-content\/uploads\/2026\/04\/1777012653261.jpeg","contentUrl":"https:\/\/souverainete-suisse.ch\/wp-content\/uploads\/2026\/04\/1777012653261.jpeg","width":1280,"height":720,"caption":"\ud83c\udde8\ud83c\uddedIgnazio Cassis et les Bilat\u00e9rales III : enjeux pour la souverainet\u00e9 suisse et les relations avec l\u2019UE."},{"@type":"BreadcrumbList","@id":"https:\/\/souverainete-suisse.ch\/2026\/04\/%f0%9f%87%a8%f0%9f%87%ad-ignazio-cassis-linsoutenable-legerete-du-fossoyeur\/#breadcrumb","itemListElement":[{"@type":"ListItem","position":1,"name":"Accueil","item":"https:\/\/souverainete-suisse.ch\/"},{"@type":"ListItem","position":2,"name":"\ud83c\udde8\ud83c\udded Ignazio Cassis : l\u2019insoutenable l\u00e9g\u00e8ret\u00e9 du fossoyeur"}]},{"@type":"WebSite","@id":"https:\/\/souverainete-suisse.ch\/#website","url":"https:\/\/souverainete-suisse.ch\/","name":"Movimento per la sovranit\u00e0 della Svizzera","description":"","publisher":{"@id":"https:\/\/souverainete-suisse.ch\/#organization"},"potentialAction":[{"@type":"SearchAction","target":{"@type":"EntryPoint","urlTemplate":"https:\/\/souverainete-suisse.ch\/?s={search_term_string}"},"query-input":{"@type":"PropertyValueSpecification","valueRequired":true,"valueName":"search_term_string"}}],"inLanguage":"it-IT"},{"@type":"Organization","@id":"https:\/\/souverainete-suisse.ch\/#organization","name":"Movimento per la sovranit\u00e0 della Svizzera","url":"https:\/\/souverainete-suisse.ch\/","logo":{"@type":"ImageObject","inLanguage":"it-IT","@id":"https:\/\/souverainete-suisse.ch\/#\/schema\/logo\/image\/","url":"https:\/\/souverainete-suisse.ch\/wp-content\/uploads\/2025\/11\/logo.png","contentUrl":"https:\/\/souverainete-suisse.ch\/wp-content\/uploads\/2025\/11\/logo.png","width":2053,"height":1461,"caption":"Mouvement Souverainet\u00e9 Suisse"},"image":{"@id":"https:\/\/souverainete-suisse.ch\/#\/schema\/logo\/image\/"}},{"@type":"Person","@id":"https:\/\/souverainete-suisse.ch\/#\/schema\/person\/fd126a65533b168ad053321f54cad987","name":"Philippe Renaud","image":{"@type":"ImageObject","inLanguage":"it-IT","@id":"https:\/\/souverainete-suisse.ch\/#\/schema\/person\/image\/","url":"https:\/\/secure.gravatar.com\/avatar\/ea457c55cfcfc8cbdb1077128f20033c33a8e982208b5ce9cc8eaeba2b6ff758?s=96&d=mm&r=g","contentUrl":"https:\/\/secure.gravatar.com\/avatar\/ea457c55cfcfc8cbdb1077128f20033c33a8e982208b5ce9cc8eaeba2b6ff758?s=96&d=mm&r=g","caption":"Philippe Renaud"},"url":"http:\/\/souverainete-suisse.ch\/it\/author\/philippe\/"}]}},"_links":{"self":[{"href":"http:\/\/souverainete-suisse.ch\/it\/wp-json\/wp\/v2\/posts\/1102","targetHints":{"allow":["GET"]}}],"collection":[{"href":"http:\/\/souverainete-suisse.ch\/it\/wp-json\/wp\/v2\/posts"}],"about":[{"href":"http:\/\/souverainete-suisse.ch\/it\/wp-json\/wp\/v2\/types\/post"}],"author":[{"embeddable":true,"href":"http:\/\/souverainete-suisse.ch\/it\/wp-json\/wp\/v2\/users\/3"}],"replies":[{"embeddable":true,"href":"http:\/\/souverainete-suisse.ch\/it\/wp-json\/wp\/v2\/comments?post=1102"}],"version-history":[{"count":3,"href":"http:\/\/souverainete-suisse.ch\/it\/wp-json\/wp\/v2\/posts\/1102\/revisions"}],"predecessor-version":[{"id":1106,"href":"http:\/\/souverainete-suisse.ch\/it\/wp-json\/wp\/v2\/posts\/1102\/revisions\/1106"}],"wp:featuredmedia":[{"embeddable":true,"href":"http:\/\/souverainete-suisse.ch\/it\/wp-json\/wp\/v2\/media\/1103"}],"wp:attachment":[{"href":"http:\/\/souverainete-suisse.ch\/it\/wp-json\/wp\/v2\/media?parent=1102"}],"wp:term":[{"taxonomy":"category","embeddable":true,"href":"http:\/\/souverainete-suisse.ch\/it\/wp-json\/wp\/v2\/categories?post=1102"},{"taxonomy":"post_tag","embeddable":true,"href":"http:\/\/souverainete-suisse.ch\/it\/wp-json\/wp\/v2\/tags?post=1102"}],"curies":[{"name":"wp","href":"https:\/\/api.w.org\/{rel}","templated":true}]}}