{"id":1096,"date":"2026-04-24T17:03:39","date_gmt":"2026-04-24T15:03:39","guid":{"rendered":"https:\/\/souverainete-suisse.ch\/?p=1096"},"modified":"2026-04-24T17:04:39","modified_gmt":"2026-04-24T15:04:39","slug":"il-piccolo-telegrafista-di-bruxelles-ritratto-di-unalleanza","status":"publish","type":"post","link":"http:\/\/souverainete-suisse.ch\/it\/2026\/04\/il-piccolo-telegrafista-di-bruxelles-ritratto-di-unalleanza\/","title":{"rendered":"\ud83c\udde8\ud83c\uddedIl piccolo telegrafista di Bruxelles: Ritratto di un'alleanza"},"content":{"rendered":"<p>\ud83c\udde8\ud83c\uddedPortrait critique d\u2019Ignacio Cassis : diplomatie suisse, relations avec l\u2019UE et d\u00e9bat sur la souverainet\u00e9, la neutralit\u00e9 et l\u2019ind\u00e9pendance nationale.<\/p>\n<p><strong>Il piccolo telegrafista di Bruxelles: Ritratto di un'alleanza<\/strong><\/p>\n<p>Non abbaia, acconsente. Nei salotti ovattati della Berna federale, l'eco dei passi di Ignacio Cassis risuona come il tintinnio di una medaglia su un collare ben lucidato. Per il capo della diplomazia svizzera, la sovranit\u00e0 sembra essere diventata un concetto ingombrante, una vecchia reliquia che si affretta a sacrificare sull'altare dell'euro-fanatismo.<\/p>\n<p><strong>La sottomissione a tracolla<\/strong><br \/>\nDove il popolo si aspettava un leone a difesa dell'eccezione elvetica, ha trovato un barboncino da salotto, sempre pronto a fare il bello o il buono davanti ai commissari europei. La posa \u00e8 nota:<\/p>\n<p>La schiena flessibile: pronto ad accettare \u00abgiudici stranieri\u00bb senza batter ciglio.<\/p>\n<p>L'orecchio basso: Sempre in ascolto degli ukase di Bruxelles, mai del malcontento dei cantoni.<\/p>\n<p>La zampa alzata: Per firmare, senza condizioni, le premesse di un assoggettamento istituzionale.<\/p>\n<p><strong>Il prezzo del tradimento<\/strong><br \/>\nQuesta viene chiamata \u00abl'approccio a pacchetto\u00bb, ma per molti \u00e8 il pacchetto regalo della nostra indipendenza offerto a una tecnocrazia in bancarotta. Calpestando la neutralit\u00e0 e legando il nostro destino giuridico a un'entit\u00e0 sovranazionale, Ignacio Cassis non negozia; abdica.<\/p>\n<p>\u00ab La Svizzera non cerca pi\u00f9 la sua strada, cerca la corda che la legher\u00e0 meglio al progetto europeo. \u00bb<\/p>\n<p>Dietro il sorriso diplomatico si cela la tragedia di una sottomissione volontaria. A forza di voler piacere ai potenti, il consigliere federale dimentica che il suo unico padrone dovrebbe essere il cittadino svizzero, e non il burocrate dell'UE.<br \/>\nIgnacio Cassis: il fedele compagno della dissoluzione nazionale.<\/p>\n<p>Metti mi piace e ripubblica per aiutarci a raggiungere un pubblico pi\u00f9 ampio.<br \/>\n\ud83c\udde8\ud83c\udded Ci\u00f2 che i media tacciono, noi lo analizziamo. Ci\u00f2 che Berna negozia, noi lo analizziamo nel dettaglio.<\/p>","protected":false},"excerpt":{"rendered":"<p>\ud83c\udde8\ud83c\uddedPortrait critique d\u2019Ignacio Cassis : diplomatie suisse, relations avec l\u2019UE et d\u00e9bat sur la souverainet\u00e9, la neutralit\u00e9 et l\u2019ind\u00e9pendance nationale. Le petit t\u00e9l\u00e9graphiste de Bruxelles : Portrait d\u2019une all\u00e9geance Il ne jappe pas, il acquiesce. Dans les salons feutr\u00e9s de la Berne f\u00e9d\u00e9rale, l\u2019\u00e9cho des pas d\u2019Ignacio Cassis r\u00e9sonne comme le tintement d\u2019une m\u00e9daille sur [&hellip;]<\/p>\n","protected":false},"author":3,"featured_media":1097,"comment_status":"closed","ping_status":"closed","sticky":false,"template":"","format":"standard","meta":{"footnotes":""},"categories":[1],"tags":[],"class_list":["post-1096","post","type-post","status-publish","format-standard","has-post-thumbnail","hentry","category-non-classe"],"yoast_head":"<!-- This site is optimized with the Yoast SEO plugin v26.9 - https:\/\/yoast.com\/product\/yoast-seo-wordpress\/ -->\n<title>\ud83c\udde8\ud83c\uddedLe petit t\u00e9l\u00e9graphiste de Bruxelles : Portrait d\u2019une all\u00e9geance - Mouvement Souverainet\u00e9 Suisse<\/title>\n<meta name=\"description\" content=\"Portrait critique d\u2019Ignacio Cassis : diplomatie suisse, relations avec l\u2019UE et d\u00e9bat sur la souverainet\u00e9, la neutralit\u00e9 et l\u2019ind\u00e9pendance nationale.\" \/>\n<meta name=\"robots\" content=\"index, follow, max-snippet:-1, max-image-preview:large, max-video-preview:-1\" \/>\n<link rel=\"canonical\" href=\"https:\/\/souverainete-suisse.ch\/it\/2026\/04\/il-piccolo-telegrafista-di-bruxelles-ritratto-di-unalleanza\/\" \/>\n<meta property=\"og:locale\" content=\"it_IT\" \/>\n<meta property=\"og:type\" content=\"article\" \/>\n<meta property=\"og:title\" content=\"\ud83c\udde8\ud83c\uddedLe petit t\u00e9l\u00e9graphiste de Bruxelles : Portrait d\u2019une all\u00e9geance - Mouvement Souverainet\u00e9 Suisse\" \/>\n<meta property=\"og:description\" content=\"Portrait critique d\u2019Ignacio Cassis : diplomatie suisse, relations avec l\u2019UE et d\u00e9bat sur la souverainet\u00e9, la neutralit\u00e9 et l\u2019ind\u00e9pendance nationale.\" \/>\n<meta property=\"og:url\" content=\"https:\/\/souverainete-suisse.ch\/it\/2026\/04\/il-piccolo-telegrafista-di-bruxelles-ritratto-di-unalleanza\/\" \/>\n<meta property=\"og:site_name\" content=\"Mouvement Souverainet\u00e9 Suisse\" \/>\n<meta property=\"article:published_time\" content=\"2026-04-24T15:03:39+00:00\" \/>\n<meta property=\"article:modified_time\" content=\"2026-04-24T15:04:39+00:00\" \/>\n<meta property=\"og:image\" content=\"https:\/\/souverainete-suisse.ch\/wp-content\/uploads\/2026\/04\/1777011213994.jpeg\" \/>\n\t<meta property=\"og:image:width\" content=\"800\" \/>\n\t<meta property=\"og:image:height\" content=\"533\" \/>\n\t<meta property=\"og:image:type\" content=\"image\/jpeg\" \/>\n<meta name=\"author\" content=\"Philippe Renaud\" \/>\n<meta name=\"twitter:card\" content=\"summary_large_image\" \/>\n<meta name=\"twitter:label1\" content=\"Scritto da\" \/>\n\t<meta name=\"twitter:data1\" content=\"Philippe Renaud\" \/>\n\t<meta name=\"twitter:label2\" content=\"Tempo di lettura stimato\" \/>\n\t<meta name=\"twitter:data2\" content=\"2 minuti\" \/>\n<script type=\"application\/ld+json\" class=\"yoast-schema-graph\">{\"@context\":\"https:\/\/schema.org\",\"@graph\":[{\"@type\":\"Article\",\"@id\":\"https:\/\/souverainete-suisse.ch\/2026\/04\/%f0%9f%87%a8%f0%9f%87%adle-petit-telegraphiste-de-bruxelles-portrait-dune-allegeance\/#article\",\"isPartOf\":{\"@id\":\"https:\/\/souverainete-suisse.ch\/2026\/04\/%f0%9f%87%a8%f0%9f%87%adle-petit-telegraphiste-de-bruxelles-portrait-dune-allegeance\/\"},\"author\":{\"name\":\"Philippe Renaud\",\"@id\":\"https:\/\/souverainete-suisse.ch\/#\/schema\/person\/fd126a65533b168ad053321f54cad987\"},\"headline\":\"\ud83c\udde8\ud83c\uddedLe petit t\u00e9l\u00e9graphiste de Bruxelles : Portrait d\u2019une all\u00e9geance\",\"datePublished\":\"2026-04-24T15:03:39+00:00\",\"dateModified\":\"2026-04-24T15:04:39+00:00\",\"mainEntityOfPage\":{\"@id\":\"https:\/\/souverainete-suisse.ch\/2026\/04\/%f0%9f%87%a8%f0%9f%87%adle-petit-telegraphiste-de-bruxelles-portrait-dune-allegeance\/\"},\"wordCount\":353,\"publisher\":{\"@id\":\"https:\/\/souverainete-suisse.ch\/#organization\"},\"image\":{\"@id\":\"https:\/\/souverainete-suisse.ch\/2026\/04\/%f0%9f%87%a8%f0%9f%87%adle-petit-telegraphiste-de-bruxelles-portrait-dune-allegeance\/#primaryimage\"},\"thumbnailUrl\":\"https:\/\/souverainete-suisse.ch\/wp-content\/uploads\/2026\/04\/1777011213994.jpeg\",\"articleSection\":[\"Non class\u00e9\"],\"inLanguage\":\"it-IT\"},{\"@type\":\"WebPage\",\"@id\":\"https:\/\/souverainete-suisse.ch\/2026\/04\/%f0%9f%87%a8%f0%9f%87%adle-petit-telegraphiste-de-bruxelles-portrait-dune-allegeance\/\",\"url\":\"https:\/\/souverainete-suisse.ch\/2026\/04\/%f0%9f%87%a8%f0%9f%87%adle-petit-telegraphiste-de-bruxelles-portrait-dune-allegeance\/\",\"name\":\"\ud83c\udde8\ud83c\uddedLe petit t\u00e9l\u00e9graphiste de Bruxelles : Portrait d\u2019une all\u00e9geance - Mouvement Souverainet\u00e9 Suisse\",\"isPartOf\":{\"@id\":\"https:\/\/souverainete-suisse.ch\/#website\"},\"primaryImageOfPage\":{\"@id\":\"https:\/\/souverainete-suisse.ch\/2026\/04\/%f0%9f%87%a8%f0%9f%87%adle-petit-telegraphiste-de-bruxelles-portrait-dune-allegeance\/#primaryimage\"},\"image\":{\"@id\":\"https:\/\/souverainete-suisse.ch\/2026\/04\/%f0%9f%87%a8%f0%9f%87%adle-petit-telegraphiste-de-bruxelles-portrait-dune-allegeance\/#primaryimage\"},\"thumbnailUrl\":\"https:\/\/souverainete-suisse.ch\/wp-content\/uploads\/2026\/04\/1777011213994.jpeg\",\"datePublished\":\"2026-04-24T15:03:39+00:00\",\"dateModified\":\"2026-04-24T15:04:39+00:00\",\"description\":\"Portrait critique d\u2019Ignacio Cassis : diplomatie suisse, relations avec l\u2019UE et d\u00e9bat sur la souverainet\u00e9, la neutralit\u00e9 et l\u2019ind\u00e9pendance nationale.\",\"breadcrumb\":{\"@id\":\"https:\/\/souverainete-suisse.ch\/2026\/04\/%f0%9f%87%a8%f0%9f%87%adle-petit-telegraphiste-de-bruxelles-portrait-dune-allegeance\/#breadcrumb\"},\"inLanguage\":\"it-IT\",\"potentialAction\":[{\"@type\":\"ReadAction\",\"target\":[\"https:\/\/souverainete-suisse.ch\/2026\/04\/%f0%9f%87%a8%f0%9f%87%adle-petit-telegraphiste-de-bruxelles-portrait-dune-allegeance\/\"]}]},{\"@type\":\"ImageObject\",\"inLanguage\":\"it-IT\",\"@id\":\"https:\/\/souverainete-suisse.ch\/2026\/04\/%f0%9f%87%a8%f0%9f%87%adle-petit-telegraphiste-de-bruxelles-portrait-dune-allegeance\/#primaryimage\",\"url\":\"https:\/\/souverainete-suisse.ch\/wp-content\/uploads\/2026\/04\/1777011213994.jpeg\",\"contentUrl\":\"https:\/\/souverainete-suisse.ch\/wp-content\/uploads\/2026\/04\/1777011213994.jpeg\",\"width\":800,\"height\":533,\"caption\":\"Le Petit T\u00e9l\u00e9graphiste de Bruxelles : Portrait d\u2019une All\u00e9geance\"},{\"@type\":\"BreadcrumbList\",\"@id\":\"https:\/\/souverainete-suisse.ch\/2026\/04\/%f0%9f%87%a8%f0%9f%87%adle-petit-telegraphiste-de-bruxelles-portrait-dune-allegeance\/#breadcrumb\",\"itemListElement\":[{\"@type\":\"ListItem\",\"position\":1,\"name\":\"Accueil\",\"item\":\"https:\/\/souverainete-suisse.ch\/\"},{\"@type\":\"ListItem\",\"position\":2,\"name\":\"\ud83c\udde8\ud83c\uddedLe petit t\u00e9l\u00e9graphiste de Bruxelles : Portrait d\u2019une all\u00e9geance\"}]},{\"@type\":\"WebSite\",\"@id\":\"https:\/\/souverainete-suisse.ch\/#website\",\"url\":\"https:\/\/souverainete-suisse.ch\/\",\"name\":\"Mouvement Souverainet\u00e9 Suisse\",\"description\":\"\",\"publisher\":{\"@id\":\"https:\/\/souverainete-suisse.ch\/#organization\"},\"potentialAction\":[{\"@type\":\"SearchAction\",\"target\":{\"@type\":\"EntryPoint\",\"urlTemplate\":\"https:\/\/souverainete-suisse.ch\/?s={search_term_string}\"},\"query-input\":{\"@type\":\"PropertyValueSpecification\",\"valueRequired\":true,\"valueName\":\"search_term_string\"}}],\"inLanguage\":\"it-IT\"},{\"@type\":\"Organization\",\"@id\":\"https:\/\/souverainete-suisse.ch\/#organization\",\"name\":\"Mouvement Souverainet\u00e9 Suisse\",\"url\":\"https:\/\/souverainete-suisse.ch\/\",\"logo\":{\"@type\":\"ImageObject\",\"inLanguage\":\"it-IT\",\"@id\":\"https:\/\/souverainete-suisse.ch\/#\/schema\/logo\/image\/\",\"url\":\"https:\/\/souverainete-suisse.ch\/wp-content\/uploads\/2025\/11\/logo.png\",\"contentUrl\":\"https:\/\/souverainete-suisse.ch\/wp-content\/uploads\/2025\/11\/logo.png\",\"width\":2053,\"height\":1461,\"caption\":\"Mouvement Souverainet\u00e9 Suisse\"},\"image\":{\"@id\":\"https:\/\/souverainete-suisse.ch\/#\/schema\/logo\/image\/\"}},{\"@type\":\"Person\",\"@id\":\"https:\/\/souverainete-suisse.ch\/#\/schema\/person\/fd126a65533b168ad053321f54cad987\",\"name\":\"Philippe Renaud\",\"image\":{\"@type\":\"ImageObject\",\"inLanguage\":\"it-IT\",\"@id\":\"https:\/\/souverainete-suisse.ch\/#\/schema\/person\/image\/\",\"url\":\"https:\/\/secure.gravatar.com\/avatar\/ea457c55cfcfc8cbdb1077128f20033c33a8e982208b5ce9cc8eaeba2b6ff758?s=96&d=mm&r=g\",\"contentUrl\":\"https:\/\/secure.gravatar.com\/avatar\/ea457c55cfcfc8cbdb1077128f20033c33a8e982208b5ce9cc8eaeba2b6ff758?s=96&d=mm&r=g\",\"caption\":\"Philippe Renaud\"},\"url\":\"http:\/\/souverainete-suisse.ch\/it\/author\/philippe\/\"}]}<\/script>\n<!-- \/ Yoast SEO plugin. -->","yoast_head_json":{"title":"\ud83c\udde8\ud83c\uddedLe petit t\u00e9l\u00e9graphiste de Bruxelles : Portrait d\u2019une all\u00e9geance - Mouvement Souverainet\u00e9 Suisse","description":"Critica del ritratto di Ignacio Cassis: diplomazia svizzera, relazioni con l'UE e dibattito su sovranit\u00e0, neutralit\u00e0 e indipendenza nazionale.","robots":{"index":"index","follow":"follow","max-snippet":"max-snippet:-1","max-image-preview":"max-image-preview:large","max-video-preview":"max-video-preview:-1"},"canonical":"https:\/\/souverainete-suisse.ch\/it\/2026\/04\/il-piccolo-telegrafista-di-bruxelles-ritratto-di-unalleanza\/","og_locale":"it_IT","og_type":"article","og_title":"\ud83c\udde8\ud83c\uddedLe petit t\u00e9l\u00e9graphiste de Bruxelles : Portrait d\u2019une all\u00e9geance - Mouvement Souverainet\u00e9 Suisse","og_description":"Portrait critique d\u2019Ignacio Cassis : diplomatie suisse, relations avec l\u2019UE et d\u00e9bat sur la souverainet\u00e9, la neutralit\u00e9 et l\u2019ind\u00e9pendance nationale.","og_url":"https:\/\/souverainete-suisse.ch\/it\/2026\/04\/il-piccolo-telegrafista-di-bruxelles-ritratto-di-unalleanza\/","og_site_name":"Mouvement Souverainet\u00e9 Suisse","article_published_time":"2026-04-24T15:03:39+00:00","article_modified_time":"2026-04-24T15:04:39+00:00","og_image":[{"width":800,"height":533,"url":"https:\/\/souverainete-suisse.ch\/wp-content\/uploads\/2026\/04\/1777011213994.jpeg","type":"image\/jpeg"}],"author":"Philippe Renaud","twitter_card":"summary_large_image","twitter_misc":{"Scritto da":"Philippe Renaud","Tempo di lettura stimato":"2 minuti"},"schema":{"@context":"https:\/\/schema.org","@graph":[{"@type":"Article","@id":"https:\/\/souverainete-suisse.ch\/2026\/04\/%f0%9f%87%a8%f0%9f%87%adle-petit-telegraphiste-de-bruxelles-portrait-dune-allegeance\/#article","isPartOf":{"@id":"https:\/\/souverainete-suisse.ch\/2026\/04\/%f0%9f%87%a8%f0%9f%87%adle-petit-telegraphiste-de-bruxelles-portrait-dune-allegeance\/"},"author":{"name":"Philippe Renaud","@id":"https:\/\/souverainete-suisse.ch\/#\/schema\/person\/fd126a65533b168ad053321f54cad987"},"headline":"\ud83c\udde8\ud83c\uddedLe petit t\u00e9l\u00e9graphiste de Bruxelles : Portrait d\u2019une all\u00e9geance","datePublished":"2026-04-24T15:03:39+00:00","dateModified":"2026-04-24T15:04:39+00:00","mainEntityOfPage":{"@id":"https:\/\/souverainete-suisse.ch\/2026\/04\/%f0%9f%87%a8%f0%9f%87%adle-petit-telegraphiste-de-bruxelles-portrait-dune-allegeance\/"},"wordCount":353,"publisher":{"@id":"https:\/\/souverainete-suisse.ch\/#organization"},"image":{"@id":"https:\/\/souverainete-suisse.ch\/2026\/04\/%f0%9f%87%a8%f0%9f%87%adle-petit-telegraphiste-de-bruxelles-portrait-dune-allegeance\/#primaryimage"},"thumbnailUrl":"https:\/\/souverainete-suisse.ch\/wp-content\/uploads\/2026\/04\/1777011213994.jpeg","articleSection":["Non class\u00e9"],"inLanguage":"it-IT"},{"@type":"WebPage","@id":"https:\/\/souverainete-suisse.ch\/2026\/04\/%f0%9f%87%a8%f0%9f%87%adle-petit-telegraphiste-de-bruxelles-portrait-dune-allegeance\/","url":"https:\/\/souverainete-suisse.ch\/2026\/04\/%f0%9f%87%a8%f0%9f%87%adle-petit-telegraphiste-de-bruxelles-portrait-dune-allegeance\/","name":"\ud83c\udde8\ud83c\uddedLe petit t\u00e9l\u00e9graphiste de Bruxelles : Portrait d\u2019une all\u00e9geance - Mouvement Souverainet\u00e9 Suisse","isPartOf":{"@id":"https:\/\/souverainete-suisse.ch\/#website"},"primaryImageOfPage":{"@id":"https:\/\/souverainete-suisse.ch\/2026\/04\/%f0%9f%87%a8%f0%9f%87%adle-petit-telegraphiste-de-bruxelles-portrait-dune-allegeance\/#primaryimage"},"image":{"@id":"https:\/\/souverainete-suisse.ch\/2026\/04\/%f0%9f%87%a8%f0%9f%87%adle-petit-telegraphiste-de-bruxelles-portrait-dune-allegeance\/#primaryimage"},"thumbnailUrl":"https:\/\/souverainete-suisse.ch\/wp-content\/uploads\/2026\/04\/1777011213994.jpeg","datePublished":"2026-04-24T15:03:39+00:00","dateModified":"2026-04-24T15:04:39+00:00","description":"Critica del ritratto di Ignacio Cassis: diplomazia svizzera, relazioni con l'UE e dibattito su sovranit\u00e0, neutralit\u00e0 e indipendenza nazionale.","breadcrumb":{"@id":"https:\/\/souverainete-suisse.ch\/2026\/04\/%f0%9f%87%a8%f0%9f%87%adle-petit-telegraphiste-de-bruxelles-portrait-dune-allegeance\/#breadcrumb"},"inLanguage":"it-IT","potentialAction":[{"@type":"ReadAction","target":["https:\/\/souverainete-suisse.ch\/2026\/04\/%f0%9f%87%a8%f0%9f%87%adle-petit-telegraphiste-de-bruxelles-portrait-dune-allegeance\/"]}]},{"@type":"ImageObject","inLanguage":"it-IT","@id":"https:\/\/souverainete-suisse.ch\/2026\/04\/%f0%9f%87%a8%f0%9f%87%adle-petit-telegraphiste-de-bruxelles-portrait-dune-allegeance\/#primaryimage","url":"https:\/\/souverainete-suisse.ch\/wp-content\/uploads\/2026\/04\/1777011213994.jpeg","contentUrl":"https:\/\/souverainete-suisse.ch\/wp-content\/uploads\/2026\/04\/1777011213994.jpeg","width":800,"height":533,"caption":"Le Petit T\u00e9l\u00e9graphiste de Bruxelles : Portrait d\u2019une All\u00e9geance"},{"@type":"BreadcrumbList","@id":"https:\/\/souverainete-suisse.ch\/2026\/04\/%f0%9f%87%a8%f0%9f%87%adle-petit-telegraphiste-de-bruxelles-portrait-dune-allegeance\/#breadcrumb","itemListElement":[{"@type":"ListItem","position":1,"name":"Accueil","item":"https:\/\/souverainete-suisse.ch\/"},{"@type":"ListItem","position":2,"name":"\ud83c\udde8\ud83c\uddedLe petit t\u00e9l\u00e9graphiste de Bruxelles : Portrait d\u2019une all\u00e9geance"}]},{"@type":"WebSite","@id":"https:\/\/souverainete-suisse.ch\/#website","url":"https:\/\/souverainete-suisse.ch\/","name":"Movimento per la sovranit\u00e0 della Svizzera","description":"","publisher":{"@id":"https:\/\/souverainete-suisse.ch\/#organization"},"potentialAction":[{"@type":"SearchAction","target":{"@type":"EntryPoint","urlTemplate":"https:\/\/souverainete-suisse.ch\/?s={search_term_string}"},"query-input":{"@type":"PropertyValueSpecification","valueRequired":true,"valueName":"search_term_string"}}],"inLanguage":"it-IT"},{"@type":"Organization","@id":"https:\/\/souverainete-suisse.ch\/#organization","name":"Movimento per la sovranit\u00e0 della Svizzera","url":"https:\/\/souverainete-suisse.ch\/","logo":{"@type":"ImageObject","inLanguage":"it-IT","@id":"https:\/\/souverainete-suisse.ch\/#\/schema\/logo\/image\/","url":"https:\/\/souverainete-suisse.ch\/wp-content\/uploads\/2025\/11\/logo.png","contentUrl":"https:\/\/souverainete-suisse.ch\/wp-content\/uploads\/2025\/11\/logo.png","width":2053,"height":1461,"caption":"Mouvement Souverainet\u00e9 Suisse"},"image":{"@id":"https:\/\/souverainete-suisse.ch\/#\/schema\/logo\/image\/"}},{"@type":"Person","@id":"https:\/\/souverainete-suisse.ch\/#\/schema\/person\/fd126a65533b168ad053321f54cad987","name":"Philippe Renaud","image":{"@type":"ImageObject","inLanguage":"it-IT","@id":"https:\/\/souverainete-suisse.ch\/#\/schema\/person\/image\/","url":"https:\/\/secure.gravatar.com\/avatar\/ea457c55cfcfc8cbdb1077128f20033c33a8e982208b5ce9cc8eaeba2b6ff758?s=96&d=mm&r=g","contentUrl":"https:\/\/secure.gravatar.com\/avatar\/ea457c55cfcfc8cbdb1077128f20033c33a8e982208b5ce9cc8eaeba2b6ff758?s=96&d=mm&r=g","caption":"Philippe Renaud"},"url":"http:\/\/souverainete-suisse.ch\/it\/author\/philippe\/"}]}},"_links":{"self":[{"href":"http:\/\/souverainete-suisse.ch\/it\/wp-json\/wp\/v2\/posts\/1096","targetHints":{"allow":["GET"]}}],"collection":[{"href":"http:\/\/souverainete-suisse.ch\/it\/wp-json\/wp\/v2\/posts"}],"about":[{"href":"http:\/\/souverainete-suisse.ch\/it\/wp-json\/wp\/v2\/types\/post"}],"author":[{"embeddable":true,"href":"http:\/\/souverainete-suisse.ch\/it\/wp-json\/wp\/v2\/users\/3"}],"replies":[{"embeddable":true,"href":"http:\/\/souverainete-suisse.ch\/it\/wp-json\/wp\/v2\/comments?post=1096"}],"version-history":[{"count":4,"href":"http:\/\/souverainete-suisse.ch\/it\/wp-json\/wp\/v2\/posts\/1096\/revisions"}],"predecessor-version":[{"id":1101,"href":"http:\/\/souverainete-suisse.ch\/it\/wp-json\/wp\/v2\/posts\/1096\/revisions\/1101"}],"wp:featuredmedia":[{"embeddable":true,"href":"http:\/\/souverainete-suisse.ch\/it\/wp-json\/wp\/v2\/media\/1097"}],"wp:attachment":[{"href":"http:\/\/souverainete-suisse.ch\/it\/wp-json\/wp\/v2\/media?parent=1096"}],"wp:term":[{"taxonomy":"category","embeddable":true,"href":"http:\/\/souverainete-suisse.ch\/it\/wp-json\/wp\/v2\/categories?post=1096"},{"taxonomy":"post_tag","embeddable":true,"href":"http:\/\/souverainete-suisse.ch\/it\/wp-json\/wp\/v2\/tags?post=1096"}],"curies":[{"name":"wp","href":"https:\/\/api.w.org\/{rel}","templated":true}]}}