{"id":1084,"date":"2026-04-23T15:00:28","date_gmt":"2026-04-23T13:00:28","guid":{"rendered":"https:\/\/souverainete-suisse.ch\/?p=1084"},"modified":"2026-04-28T14:43:45","modified_gmt":"2026-04-28T12:43:45","slug":"1084","status":"publish","type":"post","link":"http:\/\/souverainete-suisse.ch\/it\/2026\/04\/1084\/","title":{"rendered":"\ud83c\udde8\ud83c\udded Rompono il silenzio: no agli accordi Svizzera-UE"},"content":{"rendered":"<header aria-label=\"Titolo dell&#039;articolo\">\n<h1 class=\"reader-article-header__title\" dir=\"ltr\"><span data-scaffold-immersive-reader-title=\"\">Svizzera\u2013UE Dibattito: donne sul campo denunciano una deriva democratica e mettono in discussione il futuro della democrazia diretta di fronte a decisioni lontane dal popolo.<\/span><\/h1>\n<p>24 aprile 2026<\/p>\n<\/header>\n<div class=\"relative reader__grid\">\n<div data-scaffold-immersive-reader-content=\"\">\n<div>\n<div class=\"reader-article-content reader-article-content--content-blocks\" dir=\"ltr\">\n<div class=\"reader-content-blocks-container\">\n<p id=\"ember51\" class=\"ember-view reader-text-block__paragraph\">E se la vera svolta nel dibattito sui nuovi accordi Svizzera-UE non venisse dai partiti, n\u00e9 dalle lobby... ma da donne che rifiutano di tacere? Dietro una facciata di consenso attentamente coltivata, una voce si alza - calma, determinata, indipendente - e disturba. Perch\u00e9 pone l'unica domanda che conta: cosa resta della nostra democrazia se ne abbandoniamo le leve?<\/p>\n<p id=\"ember52\" class=\"ember-view reader-text-block__paragraph\">In una societ\u00e0 in cui il dibattito europeo \u00e8 troppo spesso bloccato tra esperti, tecnocrati e interessi economici, emerge un movimento inaspettato. Secondo l'Aargauer Zeitung (18 aprile 2026), diverse donne provenienti da contesti professionali diversi \u2014 imprenditrici, giuriste, elette \u2014 hanno deciso di impegnarsi pubblicamente contro i nuovi accordi istituzionali con l'Unione Europea.<\/p>\n<p id=\"ember53\" class=\"ember-view reader-text-block__paragraph\">Tra loro: Sara H\u00fcrlimann, imprenditrice nel settore sanitario; Karin Faes (PLR), attiva nel settore delle costruzioni; o ancora Phyllis Scholl, avvocato e sindaco di Kilchberg. Il loro approccio si distingue dalle solite caricature. Non rivendicano etichette partigiane n\u00e9 posizioni ideologiche. Rivendicano un diritto fondamentale: capire, dibattere e decidere.<\/p>\n<p id=\"ember54\" class=\"ember-view reader-text-block__paragraph\">La loro constatazione \u00e8 limpida:<\/p>\n<blockquote id=\"ember55\" class=\"ember-view reader-text-block__blockquote\"><p>\u00abGuardate i testi dei trattati. (\u2026) Non si tratta semplicemente di perseguire un approccio bilaterale. Questi nuovi trattati rappresentano una rottura.\u00bb (Aargauer Zeitung, 18 aprile 2026)<\/p><\/blockquote>\n<p id=\"ember56\" class=\"ember-view reader-text-block__paragraph\">Una rottura. La parola \u00e8 forte, ed \u00e8 accettata.<\/p>\n<h3 id=\"ember57\" class=\"ember-view reader-text-block__heading-3\">Un'intuizione ampiamente condivisa, ma silenziosa<\/h3>\n<p id=\"ember58\" class=\"ember-view reader-text-block__paragraph\">Ci\u00f2 che colpisce nella loro testimonianza non \u00e8 solo la loro posizione, ma quello che rivela:<\/p>\n<blockquote id=\"ember59\" class=\"ember-view reader-text-block__blockquote\"><p>\u00ab Ho notato che molte donne rifiutavano istintivamente i nuovi trattati, ma non osavano esprimerlo. \u00bb<\/p><\/blockquote>\n<p id=\"ember60\" class=\"ember-view reader-text-block__paragraph\">Perch\u00e9 questo silenzio?<\/p>\n<p id=\"ember61\" class=\"ember-view reader-text-block__paragraph\">Perch\u00e9 oggi, dire di no non \u00e8 pi\u00f9 neutro.<\/p>\n<p id=\"ember62\" class=\"ember-view reader-text-block__paragraph\">Perch\u00e9 rifiutare questi accordi significa essere immediatamente etichettati, squalificati, emarginati.<\/p>\n<blockquote id=\"ember63\" class=\"ember-view reader-text-block__blockquote\"><p>\u00ab \u00c8 pi\u00f9 \u201csocialmente accettabile\u201d esservi favorevoli. (\u2026) E si viene subito etichettate UDC non appena si dice di no. \u00bb<\/p><\/blockquote>\n<p id=\"ember64\" class=\"ember-view reader-text-block__paragraph\">Il dibattito \u00e8 quindi viziato fin dall'inizio: l'adesione \u00e8 valorizzata, il dubbio \u00e8 sospetto.<\/p>\n<h3 id=\"ember65\" class=\"ember-view reader-text-block__heading-3\">Dietro le parole: una questione di potere<\/h3>\n<p id=\"ember66\" class=\"ember-view reader-text-block__paragraph\">Queste donne non parlano di tecnica giuridica. Parlano di sovranit\u00e0 democratica.<\/p>\n<blockquote id=\"ember67\" class=\"ember-view reader-text-block__blockquote\"><p>\u00ab Le nostre madri hanno lottato per il diritto di voto; non vogliamo limitarlo. \u00bb<\/p><\/blockquote>\n<p id=\"ember68\" class=\"ember-view reader-text-block__paragraph\">Il parallelo \u00e8 sorprendente. Dove alcuni vedono solo meccanismi di armonizzazione, altre percepiscono una dinamica pi\u00f9 profonda: una progressiva diluizione del potere popolare.<\/p>\n<blockquote id=\"ember69\" class=\"ember-view reader-text-block__blockquote\"><p>\u00ab Si tratta di legami istituzionali \u2013 e, in ultima analisi, di potere, o meglio, di impotenza. \u00bb<\/p><\/blockquote>\n<p id=\"ember70\" class=\"ember-view reader-text-block__paragraph\">Porque o cerne da quest\u00e3o est\u00e1 a\u00ed.<\/p>\n<p id=\"ember71\" class=\"ember-view reader-text-block__paragraph\">Nell'Unione Europea, i cittadini votano ogni quattro o cinque anni. In Svizzera, votano pi\u00f9 volte all'anno, su temi concreti, precisi, determinanti.<\/p>\n<blockquote id=\"ember72\" class=\"ember-view reader-text-block__blockquote\"><p>\u00ab Guardate: le popolazioni dei nostri paesi vicini si sentono impotenti. (\u2026) In Svizzera, organizziamo diversi referendum ogni anno. \u00bb<\/p><\/blockquote>\n<p id=\"ember73\" class=\"ember-view reader-text-block__paragraph\">Questo modello unico \u2013 invidiato, a volte criticato \u2013 si basa su una condizione essenziale: la padronanza del diritto.<\/p>\n<p id=\"ember74\" class=\"ember-view reader-text-block__paragraph\">Oppure, qualsiasi ripresa automatica di norme esterne indebolisce meccanicamente questo controllo.<\/p>\n<h3 id=\"ember75\" class=\"ember-view reader-text-block__heading-3\">Una critica che viene dall'esperienza, non dall'ideologia<\/h3>\n<p id=\"ember76\" class=\"ember-view reader-text-block__paragraph\">Una delle testimonianze pi\u00f9 eclatanti proviene da un'imprenditrice di origine svedese:<\/p>\n<blockquote id=\"ember77\" class=\"ember-view reader-text-block__blockquote\"><p>\u00ab Vengo dalla Svezia, e l\u00ec ho constatato gli effetti di un coinvolgimento eccessivo oltre i confini. \u00bb<\/p><\/blockquote>\n<p id=\"ember78\" class=\"ember-view reader-text-block__paragraph\">Questo sguardo esterno \u00e8 prezioso. Non fantastica sull'Europa \u2014 ne osserva i limiti concreti.<\/p>\n<p id=\"ember79\" class=\"ember-view reader-text-block__paragraph\">Queste donne non rifiutano la cooperazione. Rifiutano un'integrazione che non dichiara il suo nome.<\/p>\n<h3 id=\"ember80\" class=\"ember-view reader-text-block__heading-3\">Indipendenza e coraggio: le vere linee di frattura<\/h3>\n<p id=\"ember81\" class=\"ember-view reader-text-block__paragraph\">La loro iniziativa, battezzata \u00ab HerVoice \u00bb, si vuole indipendente.<\/p>\n<p id=\"ember82\" class=\"ember-view reader-text-block__paragraph\">S\u00ec, riconoscono affinit\u00e0 con alcuni circoli critici \u2014 come Autonomiesuisse o Kompass Europa \u2014 ma tengono alla loro autonomia.<\/p>\n<blockquote id=\"ember83\" class=\"ember-view reader-text-block__blockquote\"><p>\u00ab Questi gruppi non ci dettano la condotta n\u00e9 gli argomenti. \u00bb<\/p><\/blockquote>\n<p id=\"ember84\" class=\"ember-view reader-text-block__paragraph\">Perch\u00e9 questa insistenza?<\/p>\n<p id=\"ember85\" class=\"ember-view reader-text-block__paragraph\">Perch\u00e9 la credibilit\u00e0 del dibattito si basa sulla libert\u00e0 di parola.<\/p>\n<p id=\"ember86\" class=\"ember-view reader-text-block__paragraph\">E perch\u00e9, in fondo, la divisione non \u00e8 pi\u00f9 tra sinistra e destra.<\/p>\n<p id=\"ember87\" class=\"ember-view reader-text-block__paragraph\">\u00c8 tra conformismo e coraggio.<\/p>\n<blockquote id=\"ember88\" class=\"ember-view reader-text-block__blockquote\"><p>\u00ab Ci vuole pi\u00f9 coraggio per dire no a questi accordi che per dire s\u00ec. \u00bb<\/p><\/blockquote>\n<h3 id=\"ember89\" class=\"ember-view reader-text-block__heading-3\">Conclusione<\/h3>\n<p id=\"ember90\" class=\"ember-view reader-text-block__paragraph\">Ci\u00f2 che \u00e8 in gioco oggi va ben oltre il contenuto di alcuni trattati.<\/p>\n<p id=\"ember91\" class=\"ember-view reader-text-block__paragraph\">\u00c8 una battaglia silenziosa per la capacit\u00e0 di un popolo di rimanere padrone delle proprie scelte.<\/p>\n<p id=\"ember92\" class=\"ember-view reader-text-block__paragraph\"><strong>Queste donne non impongono nulla. Aprono una breccia.<\/strong><\/p>\n<p id=\"ember93\" class=\"ember-view reader-text-block__paragraph\">Ricordano un'evidenza che molti preferiscono dimenticare: la democrazia non scompare mai di colpo \u2014 si sgretola, articolo dopo articolo, norma dopo norma.<\/p>\n<p id=\"ember94\" class=\"ember-view reader-text-block__paragraph\">Il loro messaggio \u00e8 semplice, quasi inquietante nella sua chiarezza:<\/p>\n<p id=\"ember95\" class=\"ember-view reader-text-block__paragraph\">Leggi, comprendi... poi decidi.<\/p>\n<p id=\"ember96\" class=\"ember-view reader-text-block__paragraph\">Poich\u00e9 alla fine, una sola domanda rimane:<\/p>\n<p id=\"ember97\" class=\"ember-view reader-text-block__paragraph\">vogliamo ancora essere un popolo che vota \u2014 o diventare un popolo che subisce?<\/p>\n<p id=\"ember98\" class=\"ember-view reader-text-block__paragraph\"><strong><em>Questa analisi ti ha interpellato? Metti Mi piace e Ripubblica per aiutarci a raggiungere un pubblico pi\u00f9 ampio.<\/em><\/strong><\/p>\n<p id=\"ember99\" class=\"ember-view reader-text-block__paragraph\"><strong>\ud83c\udde8\ud83c\udded Ci\u00f2 che i media tacciono, noi lo analizziamo. Ci\u00f2 che Berna negozia, noi lo analizziamo nel dettaglio. <\/strong><a class=\"WZNAxBjYtcrAkLiKxfbPGMNyvZcHkcQfTc\" tabindex=\"0\" href=\"https:\/\/souverainete-suisse.ch\/it\/\" target=\"_self\" data-test-app-aware-link=\"\"><strong>https:\/\/souverainete-suisse.ch\/<\/strong><\/a><\/p>\n<p id=\"ember100\" class=\"ember-view reader-text-block__paragraph\"><strong>Siamo i guardiani dell'indipendenza. Unisciti al Movimento per la sovranit\u00e0 svizzera. Non domani. Non pi\u00f9 tardi - ora.<\/strong><\/p>\n<\/div>\n<\/div>\n<\/div>\n<\/div>\n<\/div>","protected":false},"excerpt":{"rendered":"<p>D\u00e9bat Suisse\u2013UE : des femmes du terrain d\u00e9noncent une d\u00e9rive d\u00e9mocratique et questionnent l\u2019avenir de la d\u00e9mocratie directe face \u00e0 des d\u00e9cisions \u00e9loign\u00e9es du peuple. 24 avril 2026 Et si le v\u00e9ritable tournant du d\u00e9bat sur les nouveaux accords Suisse-UE ne venait ni des partis, ni des lobbys\u2026 mais de femmes qui refusent de se [&hellip;]<\/p>\n","protected":false},"author":3,"featured_media":1085,"comment_status":"closed","ping_status":"closed","sticky":false,"template":"","format":"standard","meta":{"footnotes":""},"categories":[1],"tags":[],"class_list":["post-1084","post","type-post","status-publish","format-standard","has-post-thumbnail","hentry","category-non-classe"],"yoast_head":"<!-- This site is optimized with the Yoast SEO plugin v26.9 - https:\/\/yoast.com\/product\/yoast-seo-wordpress\/ -->\n<title>\ud83c\udde8\ud83c\udded Elles brisent le silence : non aux accords Suisse-UE - Mouvement Souverainet\u00e9 Suisse<\/title>\n<meta name=\"description\" content=\"D\u00e9bat Suisse\u2013UE : des femmes du terrain d\u00e9noncent une d\u00e9rive d\u00e9mocratique et questionnent l\u2019avenir de la d\u00e9mocratie directe\" \/>\n<meta name=\"robots\" content=\"index, follow, max-snippet:-1, max-image-preview:large, max-video-preview:-1\" \/>\n<link rel=\"canonical\" href=\"https:\/\/souverainete-suisse.ch\/it\/2026\/04\/1084\/\" \/>\n<meta property=\"og:locale\" content=\"it_IT\" \/>\n<meta property=\"og:type\" content=\"article\" \/>\n<meta property=\"og:title\" content=\"\ud83c\udde8\ud83c\udded Elles brisent le silence : non aux accords Suisse-UE - Mouvement Souverainet\u00e9 Suisse\" \/>\n<meta property=\"og:description\" content=\"D\u00e9bat Suisse\u2013UE : des femmes du terrain d\u00e9noncent une d\u00e9rive d\u00e9mocratique et questionnent l\u2019avenir de la d\u00e9mocratie directe\" \/>\n<meta property=\"og:url\" content=\"https:\/\/souverainete-suisse.ch\/it\/2026\/04\/1084\/\" \/>\n<meta property=\"og:site_name\" content=\"Mouvement Souverainet\u00e9 Suisse\" \/>\n<meta property=\"article:published_time\" content=\"2026-04-23T13:00:28+00:00\" \/>\n<meta property=\"article:modified_time\" content=\"2026-04-28T12:43:45+00:00\" \/>\n<meta property=\"og:image\" content=\"https:\/\/souverainete-suisse.ch\/wp-content\/uploads\/2026\/04\/1776684979405.jpeg\" \/>\n\t<meta property=\"og:image:width\" content=\"964\" \/>\n\t<meta property=\"og:image:height\" content=\"542\" \/>\n\t<meta property=\"og:image:type\" content=\"image\/jpeg\" \/>\n<meta name=\"author\" content=\"Philippe Renaud\" \/>\n<meta name=\"twitter:card\" content=\"summary_large_image\" \/>\n<meta name=\"twitter:label1\" content=\"Scritto da\" \/>\n\t<meta name=\"twitter:data1\" content=\"Philippe Renaud\" \/>\n\t<meta name=\"twitter:label2\" content=\"Tempo di lettura stimato\" \/>\n\t<meta name=\"twitter:data2\" content=\"4 minuti\" \/>\n<script type=\"application\/ld+json\" class=\"yoast-schema-graph\">{\"@context\":\"https:\/\/schema.org\",\"@graph\":[{\"@type\":\"Article\",\"@id\":\"https:\/\/souverainete-suisse.ch\/2026\/04\/1084\/#article\",\"isPartOf\":{\"@id\":\"https:\/\/souverainete-suisse.ch\/2026\/04\/1084\/\"},\"author\":{\"name\":\"Philippe Renaud\",\"@id\":\"https:\/\/souverainete-suisse.ch\/#\/schema\/person\/fd126a65533b168ad053321f54cad987\"},\"headline\":\"\ud83c\udde8\ud83c\udded Elles brisent le silence : non aux accords Suisse-UE\",\"datePublished\":\"2026-04-23T13:00:28+00:00\",\"dateModified\":\"2026-04-28T12:43:45+00:00\",\"mainEntityOfPage\":{\"@id\":\"https:\/\/souverainete-suisse.ch\/2026\/04\/1084\/\"},\"wordCount\":921,\"publisher\":{\"@id\":\"https:\/\/souverainete-suisse.ch\/#organization\"},\"image\":{\"@id\":\"https:\/\/souverainete-suisse.ch\/2026\/04\/1084\/#primaryimage\"},\"thumbnailUrl\":\"https:\/\/souverainete-suisse.ch\/wp-content\/uploads\/2026\/04\/1776684979405.jpeg\",\"articleSection\":[\"Non class\u00e9\"],\"inLanguage\":\"it-IT\"},{\"@type\":\"WebPage\",\"@id\":\"https:\/\/souverainete-suisse.ch\/2026\/04\/1084\/\",\"url\":\"https:\/\/souverainete-suisse.ch\/2026\/04\/1084\/\",\"name\":\"\ud83c\udde8\ud83c\udded Elles brisent le silence : non aux accords Suisse-UE - Mouvement Souverainet\u00e9 Suisse\",\"isPartOf\":{\"@id\":\"https:\/\/souverainete-suisse.ch\/#website\"},\"primaryImageOfPage\":{\"@id\":\"https:\/\/souverainete-suisse.ch\/2026\/04\/1084\/#primaryimage\"},\"image\":{\"@id\":\"https:\/\/souverainete-suisse.ch\/2026\/04\/1084\/#primaryimage\"},\"thumbnailUrl\":\"https:\/\/souverainete-suisse.ch\/wp-content\/uploads\/2026\/04\/1776684979405.jpeg\",\"datePublished\":\"2026-04-23T13:00:28+00:00\",\"dateModified\":\"2026-04-28T12:43:45+00:00\",\"description\":\"D\u00e9bat Suisse\u2013UE : des femmes du terrain d\u00e9noncent une d\u00e9rive d\u00e9mocratique et questionnent l\u2019avenir de la d\u00e9mocratie directe\",\"breadcrumb\":{\"@id\":\"https:\/\/souverainete-suisse.ch\/2026\/04\/1084\/#breadcrumb\"},\"inLanguage\":\"it-IT\",\"potentialAction\":[{\"@type\":\"ReadAction\",\"target\":[\"https:\/\/souverainete-suisse.ch\/2026\/04\/1084\/\"]}]},{\"@type\":\"ImageObject\",\"inLanguage\":\"it-IT\",\"@id\":\"https:\/\/souverainete-suisse.ch\/2026\/04\/1084\/#primaryimage\",\"url\":\"https:\/\/souverainete-suisse.ch\/wp-content\/uploads\/2026\/04\/1776684979405.jpeg\",\"contentUrl\":\"https:\/\/souverainete-suisse.ch\/wp-content\/uploads\/2026\/04\/1776684979405.jpeg\",\"width\":964,\"height\":542},{\"@type\":\"BreadcrumbList\",\"@id\":\"https:\/\/souverainete-suisse.ch\/2026\/04\/1084\/#breadcrumb\",\"itemListElement\":[{\"@type\":\"ListItem\",\"position\":1,\"name\":\"Accueil\",\"item\":\"https:\/\/souverainete-suisse.ch\/\"},{\"@type\":\"ListItem\",\"position\":2,\"name\":\"\ud83c\udde8\ud83c\udded Elles brisent le silence : non aux accords Suisse-UE\"}]},{\"@type\":\"WebSite\",\"@id\":\"https:\/\/souverainete-suisse.ch\/#website\",\"url\":\"https:\/\/souverainete-suisse.ch\/\",\"name\":\"Mouvement Souverainet\u00e9 Suisse\",\"description\":\"\",\"publisher\":{\"@id\":\"https:\/\/souverainete-suisse.ch\/#organization\"},\"potentialAction\":[{\"@type\":\"SearchAction\",\"target\":{\"@type\":\"EntryPoint\",\"urlTemplate\":\"https:\/\/souverainete-suisse.ch\/?s={search_term_string}\"},\"query-input\":{\"@type\":\"PropertyValueSpecification\",\"valueRequired\":true,\"valueName\":\"search_term_string\"}}],\"inLanguage\":\"it-IT\"},{\"@type\":\"Organization\",\"@id\":\"https:\/\/souverainete-suisse.ch\/#organization\",\"name\":\"Mouvement Souverainet\u00e9 Suisse\",\"url\":\"https:\/\/souverainete-suisse.ch\/\",\"logo\":{\"@type\":\"ImageObject\",\"inLanguage\":\"it-IT\",\"@id\":\"https:\/\/souverainete-suisse.ch\/#\/schema\/logo\/image\/\",\"url\":\"https:\/\/souverainete-suisse.ch\/wp-content\/uploads\/2025\/11\/logo.png\",\"contentUrl\":\"https:\/\/souverainete-suisse.ch\/wp-content\/uploads\/2025\/11\/logo.png\",\"width\":2053,\"height\":1461,\"caption\":\"Mouvement Souverainet\u00e9 Suisse\"},\"image\":{\"@id\":\"https:\/\/souverainete-suisse.ch\/#\/schema\/logo\/image\/\"}},{\"@type\":\"Person\",\"@id\":\"https:\/\/souverainete-suisse.ch\/#\/schema\/person\/fd126a65533b168ad053321f54cad987\",\"name\":\"Philippe Renaud\",\"image\":{\"@type\":\"ImageObject\",\"inLanguage\":\"it-IT\",\"@id\":\"https:\/\/souverainete-suisse.ch\/#\/schema\/person\/image\/\",\"url\":\"https:\/\/secure.gravatar.com\/avatar\/ea457c55cfcfc8cbdb1077128f20033c33a8e982208b5ce9cc8eaeba2b6ff758?s=96&d=mm&r=g\",\"contentUrl\":\"https:\/\/secure.gravatar.com\/avatar\/ea457c55cfcfc8cbdb1077128f20033c33a8e982208b5ce9cc8eaeba2b6ff758?s=96&d=mm&r=g\",\"caption\":\"Philippe Renaud\"},\"url\":\"http:\/\/souverainete-suisse.ch\/it\/author\/philippe\/\"}]}<\/script>\n<!-- \/ Yoast SEO plugin. -->","yoast_head_json":{"title":"\ud83c\udde8\ud83c\udded Rompono il silenzio: no agli accordi Svizzera-UE - Movimento Sovranit\u00e0 Svizzera","description":"Dibattito Svizzera\u2013UE: donne sul campo denunciano una deriva democratica e mettono in discussione il futuro della democrazia diretta","robots":{"index":"index","follow":"follow","max-snippet":"max-snippet:-1","max-image-preview":"max-image-preview:large","max-video-preview":"max-video-preview:-1"},"canonical":"https:\/\/souverainete-suisse.ch\/it\/2026\/04\/1084\/","og_locale":"it_IT","og_type":"article","og_title":"\ud83c\udde8\ud83c\udded Elles brisent le silence : non aux accords Suisse-UE - Mouvement Souverainet\u00e9 Suisse","og_description":"D\u00e9bat Suisse\u2013UE : des femmes du terrain d\u00e9noncent une d\u00e9rive d\u00e9mocratique et questionnent l\u2019avenir de la d\u00e9mocratie directe","og_url":"https:\/\/souverainete-suisse.ch\/it\/2026\/04\/1084\/","og_site_name":"Mouvement Souverainet\u00e9 Suisse","article_published_time":"2026-04-23T13:00:28+00:00","article_modified_time":"2026-04-28T12:43:45+00:00","og_image":[{"width":964,"height":542,"url":"https:\/\/souverainete-suisse.ch\/wp-content\/uploads\/2026\/04\/1776684979405.jpeg","type":"image\/jpeg"}],"author":"Philippe Renaud","twitter_card":"summary_large_image","twitter_misc":{"Scritto da":"Philippe Renaud","Tempo di lettura stimato":"4 minuti"},"schema":{"@context":"https:\/\/schema.org","@graph":[{"@type":"Article","@id":"https:\/\/souverainete-suisse.ch\/2026\/04\/1084\/#article","isPartOf":{"@id":"https:\/\/souverainete-suisse.ch\/2026\/04\/1084\/"},"author":{"name":"Philippe Renaud","@id":"https:\/\/souverainete-suisse.ch\/#\/schema\/person\/fd126a65533b168ad053321f54cad987"},"headline":"\ud83c\udde8\ud83c\udded Elles brisent le silence : non aux accords Suisse-UE","datePublished":"2026-04-23T13:00:28+00:00","dateModified":"2026-04-28T12:43:45+00:00","mainEntityOfPage":{"@id":"https:\/\/souverainete-suisse.ch\/2026\/04\/1084\/"},"wordCount":921,"publisher":{"@id":"https:\/\/souverainete-suisse.ch\/#organization"},"image":{"@id":"https:\/\/souverainete-suisse.ch\/2026\/04\/1084\/#primaryimage"},"thumbnailUrl":"https:\/\/souverainete-suisse.ch\/wp-content\/uploads\/2026\/04\/1776684979405.jpeg","articleSection":["Non class\u00e9"],"inLanguage":"it-IT"},{"@type":"WebPage","@id":"https:\/\/souverainete-suisse.ch\/2026\/04\/1084\/","url":"https:\/\/souverainete-suisse.ch\/2026\/04\/1084\/","name":"\ud83c\udde8\ud83c\udded Rompono il silenzio: no agli accordi Svizzera-UE - Movimento Sovranit\u00e0 Svizzera","isPartOf":{"@id":"https:\/\/souverainete-suisse.ch\/#website"},"primaryImageOfPage":{"@id":"https:\/\/souverainete-suisse.ch\/2026\/04\/1084\/#primaryimage"},"image":{"@id":"https:\/\/souverainete-suisse.ch\/2026\/04\/1084\/#primaryimage"},"thumbnailUrl":"https:\/\/souverainete-suisse.ch\/wp-content\/uploads\/2026\/04\/1776684979405.jpeg","datePublished":"2026-04-23T13:00:28+00:00","dateModified":"2026-04-28T12:43:45+00:00","description":"Dibattito Svizzera\u2013UE: donne sul campo denunciano una deriva democratica e mettono in discussione il futuro della democrazia diretta","breadcrumb":{"@id":"https:\/\/souverainete-suisse.ch\/2026\/04\/1084\/#breadcrumb"},"inLanguage":"it-IT","potentialAction":[{"@type":"ReadAction","target":["https:\/\/souverainete-suisse.ch\/2026\/04\/1084\/"]}]},{"@type":"ImageObject","inLanguage":"it-IT","@id":"https:\/\/souverainete-suisse.ch\/2026\/04\/1084\/#primaryimage","url":"https:\/\/souverainete-suisse.ch\/wp-content\/uploads\/2026\/04\/1776684979405.jpeg","contentUrl":"https:\/\/souverainete-suisse.ch\/wp-content\/uploads\/2026\/04\/1776684979405.jpeg","width":964,"height":542},{"@type":"BreadcrumbList","@id":"https:\/\/souverainete-suisse.ch\/2026\/04\/1084\/#breadcrumb","itemListElement":[{"@type":"ListItem","position":1,"name":"Accueil","item":"https:\/\/souverainete-suisse.ch\/"},{"@type":"ListItem","position":2,"name":"\ud83c\udde8\ud83c\udded Elles brisent le silence : non aux accords Suisse-UE"}]},{"@type":"WebSite","@id":"https:\/\/souverainete-suisse.ch\/#website","url":"https:\/\/souverainete-suisse.ch\/","name":"Movimento per la sovranit\u00e0 della Svizzera","description":"","publisher":{"@id":"https:\/\/souverainete-suisse.ch\/#organization"},"potentialAction":[{"@type":"SearchAction","target":{"@type":"EntryPoint","urlTemplate":"https:\/\/souverainete-suisse.ch\/?s={search_term_string}"},"query-input":{"@type":"PropertyValueSpecification","valueRequired":true,"valueName":"search_term_string"}}],"inLanguage":"it-IT"},{"@type":"Organization","@id":"https:\/\/souverainete-suisse.ch\/#organization","name":"Movimento per la sovranit\u00e0 della Svizzera","url":"https:\/\/souverainete-suisse.ch\/","logo":{"@type":"ImageObject","inLanguage":"it-IT","@id":"https:\/\/souverainete-suisse.ch\/#\/schema\/logo\/image\/","url":"https:\/\/souverainete-suisse.ch\/wp-content\/uploads\/2025\/11\/logo.png","contentUrl":"https:\/\/souverainete-suisse.ch\/wp-content\/uploads\/2025\/11\/logo.png","width":2053,"height":1461,"caption":"Mouvement Souverainet\u00e9 Suisse"},"image":{"@id":"https:\/\/souverainete-suisse.ch\/#\/schema\/logo\/image\/"}},{"@type":"Person","@id":"https:\/\/souverainete-suisse.ch\/#\/schema\/person\/fd126a65533b168ad053321f54cad987","name":"Philippe Renaud","image":{"@type":"ImageObject","inLanguage":"it-IT","@id":"https:\/\/souverainete-suisse.ch\/#\/schema\/person\/image\/","url":"https:\/\/secure.gravatar.com\/avatar\/ea457c55cfcfc8cbdb1077128f20033c33a8e982208b5ce9cc8eaeba2b6ff758?s=96&d=mm&r=g","contentUrl":"https:\/\/secure.gravatar.com\/avatar\/ea457c55cfcfc8cbdb1077128f20033c33a8e982208b5ce9cc8eaeba2b6ff758?s=96&d=mm&r=g","caption":"Philippe Renaud"},"url":"http:\/\/souverainete-suisse.ch\/it\/author\/philippe\/"}]}},"_links":{"self":[{"href":"http:\/\/souverainete-suisse.ch\/it\/wp-json\/wp\/v2\/posts\/1084","targetHints":{"allow":["GET"]}}],"collection":[{"href":"http:\/\/souverainete-suisse.ch\/it\/wp-json\/wp\/v2\/posts"}],"about":[{"href":"http:\/\/souverainete-suisse.ch\/it\/wp-json\/wp\/v2\/types\/post"}],"author":[{"embeddable":true,"href":"http:\/\/souverainete-suisse.ch\/it\/wp-json\/wp\/v2\/users\/3"}],"replies":[{"embeddable":true,"href":"http:\/\/souverainete-suisse.ch\/it\/wp-json\/wp\/v2\/comments?post=1084"}],"version-history":[{"count":5,"href":"http:\/\/souverainete-suisse.ch\/it\/wp-json\/wp\/v2\/posts\/1084\/revisions"}],"predecessor-version":[{"id":1120,"href":"http:\/\/souverainete-suisse.ch\/it\/wp-json\/wp\/v2\/posts\/1084\/revisions\/1120"}],"wp:featuredmedia":[{"embeddable":true,"href":"http:\/\/souverainete-suisse.ch\/it\/wp-json\/wp\/v2\/media\/1085"}],"wp:attachment":[{"href":"http:\/\/souverainete-suisse.ch\/it\/wp-json\/wp\/v2\/media?parent=1084"}],"wp:term":[{"taxonomy":"category","embeddable":true,"href":"http:\/\/souverainete-suisse.ch\/it\/wp-json\/wp\/v2\/categories?post=1084"},{"taxonomy":"post_tag","embeddable":true,"href":"http:\/\/souverainete-suisse.ch\/it\/wp-json\/wp\/v2\/tags?post=1084"}],"curies":[{"name":"wp","href":"https:\/\/api.w.org\/{rel}","templated":true}]}}