{"id":1078,"date":"2026-04-23T13:33:39","date_gmt":"2026-04-23T11:33:39","guid":{"rendered":"https:\/\/souverainete-suisse.ch\/?p=1078"},"modified":"2026-04-28T14:44:30","modified_gmt":"2026-04-28T12:44:30","slug":"banca-pubblica-o-tribunale-dellinquisizione-lindecenza-mediatica-di-fronte-alla-sopravvivenza-della-svizzera","status":"publish","type":"post","link":"http:\/\/souverainete-suisse.ch\/it\/2026\/04\/banca-pubblica-o-tribunale-dellinquisizione-lindecenza-mediatica-di-fronte-alla-sopravvivenza-della-svizzera\/","title":{"rendered":"\ud83c\udde8\ud83c\udded Banca pubblica o Tribunale dell\u2019Inquisizione? L\u2019indecenza mediatica di fronte alla sopravvivenza della Svizzera"},"content":{"rendered":"<p>\u00ab La fine della Svizzera non \u00e8 pi\u00f9 uno scenario, \u00e8 un calendario. \u00bb Tra il disprezzo ostentato delle \u00e9lite mediatiche e il negazionismo schizofrenico dei numeri, il bilancio di 25 anni di libera circolazione \u00e8 un campo di rovine. Dietro gli attacchi di Ariane Dayer contro Nicolas Kolly si nasconde una guerra contro la nostra eredit\u00e0. Il 14 giugno 2026, non voteremo per uno spettacolo, ma per la sopravvivenza della nostra civilt\u00e0. Scoprite l'analisi che il sistema vuole occultare.<\/p>\n<p>&nbsp;<\/p>\n<p id=\"ember567\" class=\"ember-view reader-text-block__paragraph\">Lo spettacolo offerto da <strong>Ariane Dayer <\/strong>di fronte al consigliere nazionale <strong>Nicolas Kolly,<\/strong> nella trasmissione <em>Banca pubblica<\/em>, non era giornalismo, ma un'esecuzione mediatica orchestrata. Nel tentativo di ridurre l'eletto friborghese al suo luogo di residenza \u2014 il villaggio di Essert e le sue 3.300 anime \u2014 la \u00abgiornalista\u00bb ha utilizzato una tecnica di manipolazione tanto grossolana quanto indegna: l'attacco ad personam per mascherare l'assenza di argomenti di fondo.<\/p>\n<h3 id=\"ember568\" class=\"ember-view reader-text-block__heading-3\">Il disprezzo per la terra come linea editoriale<\/h3>\n<p id=\"ember569\" class=\"ember-view reader-text-block__paragraph\">Prendere di mira il contesto di vita di Nicolas Kolly per screditarlo sull'iniziativa <strong>\u00ab\u00a0Niente Svizzera da 10 milioni!\u00a0\u00bb<\/strong> \u00e8 un insulto alla democrazia diretta. La signora Dayer sembra dimenticare che la Svizzera non si ferma ai salotti televisivi. Strumentalizzando questo villaggio friborghese, tradisce il suo disprezzo per la Svizzera delle radici, quella che subisce in pieno le conseguenze di una crescita fuori controllo, mentre l'\u00e9lite intellettuale filosofeggia nel comodo tepore di redazioni lautamente sovvenzionate dal denaro dei contribuenti.<\/p>\n<p id=\"ember570\" class=\"ember-view reader-text-block__paragraph\">Nicolas Kolly non difende il suo orticello; difende il futuro della patria. A differenza dei suoi detrattori, guarda in faccia la dura realt\u00e0: quella di un Paese che si satura e le cui fondamenta si stanno incrinando.<\/p>\n<h3 id=\"ember571\" class=\"ember-view reader-text-block__heading-3\">Un'eredit\u00e0 spirituale e sociale minacciata<\/h3>\n<p id=\"ember572\" class=\"ember-view reader-text-block__paragraph\">Al di l\u00e0 dei numeri, \u00e8 l'anima stessa della Svizzera ad essere in gioco. Il nostro Paese non \u00e8 una zona franca intercambiabile; \u00e8 una nazione costruita su <strong>fondamenti cristiani<\/strong> che hanno forgiato i nostri concetti di libert\u00e0, responsabilit\u00e0 individuale e solidariet\u00e0.<\/p>\n<p id=\"ember573\" class=\"ember-view reader-text-block__paragraph\"><strong>L\u2019espansione<\/strong> di un marcato comunitarismo, proveniente da un <strong>immigrazione musulmana <\/strong>e <strong>africana<\/strong> i cui codici sociali si oppongono frontalmente a questa eredit\u00e0, creano fratture irreparabili e tensioni sociali esplosive. Rinunciando a esigere una reale assimilazione ai nostri valori ancestrali e ai nostri costumi, lasciamo instaurare un faccia a faccia culturale che indebolisce la pace confessionale e frammenta l'unit\u00e0 della Confederazione. <strong>La Svizzera non pu\u00f2 restare la Svizzera se dimentica da dove viene.<\/strong><\/p>\n<h3 id=\"ember574\" class=\"ember-view reader-text-block__heading-3\">Il modello svizzero di fronte al declino europeo<\/h3>\n<p id=\"ember575\" class=\"ember-view reader-text-block__paragraph\">Prima di addentrarci nei numeri del caos, \u00e8 necessario ricordare una verit\u00e0 che gli euro-fanatici nascondono: la sovranit\u00e0 \u00e8 il motore della nostra prosperit\u00e0. Nel 2025, il <strong>PIL nominale pro capite della Svizzera supera i 105.000 \u20ac<\/strong>, mentre quello della Germania, motore soffiato dell'UE, si blocca a <strong>55 000 \u20ac<\/strong>. Questo rapporto di 2 a 1 non \u00e8 un caso; \u00e8 la prova del nove che l'indipendenza elvetica crea ricchezza, laddove l'integrazione europea livella verso il basso e organizza il declino.<\/p>\n<p><img fetchpriority=\"high\" decoding=\"async\" class=\"alignnone wp-image-1080 size-large\" src=\"https:\/\/souverainete-suisse.ch\/wp-content\/uploads\/2026\/04\/Chaos2-1024x559.jpg\" alt=\"\" width=\"800\" height=\"437\" srcset=\"https:\/\/souverainete-suisse.ch\/wp-content\/uploads\/2026\/04\/Chaos2-1024x559.jpg 1024w, https:\/\/souverainete-suisse.ch\/wp-content\/uploads\/2026\/04\/Chaos2-300x164.jpg 300w, https:\/\/souverainete-suisse.ch\/wp-content\/uploads\/2026\/04\/Chaos2-768x419.jpg 768w, https:\/\/souverainete-suisse.ch\/wp-content\/uploads\/2026\/04\/Chaos2-1536x838.jpg 1536w, https:\/\/souverainete-suisse.ch\/wp-content\/uploads\/2026\/04\/Chaos2-2048x1117.jpg 2048w, https:\/\/souverainete-suisse.ch\/wp-content\/uploads\/2026\/04\/Chaos2-18x10.jpg 18w, https:\/\/souverainete-suisse.ch\/wp-content\/uploads\/2026\/04\/Chaos2-600x327.jpg 600w\" sizes=\"(max-width: 800px) 100vw, 800px\" \/><\/p>\n<h3 id=\"ember576\" class=\"ember-view reader-text-block__heading-3\">25 anni di libera circolazione: il bilancio contabile del caos<\/h3>\n<p id=\"ember577\" class=\"ember-view reader-text-block__paragraph\">Mentre il popolo \u00e8 chiamato alle urne il <strong>14 giugno 2026<\/strong>, \u00e8 ora di opporre la realt\u00e0 dei fatti ai sofismi mediatici:<\/p>\n<ul>\n<li><strong>Una sommersion demografica:<\/strong> Con 100.000 arrivi annuali, importiamo ogni anno l'equivalente della citt\u00e0 di Lucerna. Tra l'asfissia dei trasporti, la cementificazione dei nostri paesaggi e infrastrutture al collasso, il quadro di vita elvetico si sgretola sotto i nostri occhi.<\/li>\n<li><strong>Il mito dell'immigrazione di lavoro:<\/strong> Su questi 100.000 voci, solo 50.000 sono attivi. Le restanti 50.000 sono il risultato di un <strong>ricongiungimento familiare fuori controllo<\/strong>, qui saturent nos services publics sans contribuer \u00e0 la cr\u00e9ation de richesse. C\u2019est le passage d\u2019une immigration de travail \u00e0 une immigration de peuplement.<\/li>\n<li><strong>La pauperizzazione e il racket fiscale:<\/strong> Schiacciati tra stipendi in calo e affitti inaccessibili, gli svizzeri vengono cacciati dai centri urbani. Per compensare questo naufragio, i <strong>gli euro-fanatici moltiplicano le tasse \u00abecologiche\u00bb<\/strong> e le tasse occulte, sacrificando la classe media sull\u2019altare di un progetto europeo in rovina.<\/li>\n<li><strong>La menzogna della disoccupazione:<\/strong> Il tasso ufficiale \u00e8 un abbaglio. La cifra reale raggiunge <strong>17 %<\/strong> se si includono gli anziani esclusi dal mercato e i disoccupati invisibili. Cruda constatazione: il 50 % dei disoccupati dichiarati \u00e8 di origine straniera, a dimostrazione che importiamo precariet\u00e0 anzich\u00e9 competenza.<\/li>\n<li><strong>Il naufragio del sistema sociale:<\/strong> I numeri sono uno schiaffo: il 75% % dei beneficiari dell'assistenza sociale non possiede il passaporto a croce bianca. A Ginevra, questo divario costa un <strong>mezzo miliardo di franchi all'anno<\/strong>. Il contribuente non deve pi\u00f9 essere il banchiere di una politica suicida che trasforma il nostro sistema in uno sportello aperto a tutto il mondo.<\/li>\n<li><strong>L'insicurezza importata e il fallimento giudiziario:<\/strong> La Svizzera non \u00e8 pi\u00f9 un rifugio di pace. Con una popolazione carceraria composta da <strong>79 % stranieri<\/strong>, le nostre carceri sono sovraffollate e la nostra giustizia \u00e8 sull'orlo del collasso. Questa criminalit\u00e0, spesso proveniente da reti di passaggio o da un'immigrazione che rifiuta i nostri codici, \u00e8 una realt\u00e0 che i media di sinistra cercano disperatamente di occultare.<\/li>\n<\/ul>\n<p id=\"ember579\" class=\"ember-view reader-text-block__paragraph\">I sostenitori della libera circolazione oggi interpretano i pompieri gridando al \u00abcaos\u00bb di fronte all'iniziativa popolare, dimenticando troppo in fretta <strong>chi sono i piromani che hanno dato fuoco alla nostra coesione nazionale da 25 anni<\/strong>. Il loro \u00abcaos\u00bb non \u00e8 che uno spauracchio destinato a mascherare il disastro che hanno essi stessi orchestrato.<\/p>\n<div class=\"reader-image-block reader-image-block--full-width\">\n<figure class=\"reader-image-block__figure\">\n<div class=\"ivm-image-view-model    reader-image-block__img-container\">\n<div class=\"ivm-view-attr__img-wrapper\"><img decoding=\"async\" id=\"ember580\" class=\"ivm-view-attr__img--centered  reader-image-block__img evi-image lazy-image ember-view\" src=\"https:\/\/media.licdn.com\/dms\/image\/v2\/D4E12AQHw4hTnyKHT7Q\/article-inline_image-shrink_1000_1488\/B4EZ2te9amGYAQ-\/0\/1776732067908?e=1778716800&amp;v=beta&amp;t=-IhqnZMinSjDfdnK2_ytAtF2Z03lnHlvpq55QnHYdFI\" alt=\"Contenuto dell&#039;articolo\" \/><\/div>\n<\/div><figcaption class=\"reader-image-block__figure-image-caption display-block full-width text-body-small-open t-sans text-align-center t-black--light\">Il loro \u00abcaos\u00bb \u00e8 solo uno spauracchio che maschera il disastro che hanno creato. Il 14 giugno, votate per la Svizzera reale.<\/figcaption><\/figure>\n<\/div>\n<h3 id=\"ember581\" class=\"ember-view reader-text-block__heading-3\">Conclusione: La scelta di un destino, non di un declino<\/h3>\n<p id=\"ember582\" class=\"ember-view reader-text-block__paragraph\">Di fronte a questa requisitoria implacabile, gli attacchi ad personam di una stampa disconnessa non sono che diversivi. Ariane Dayer e i sostenitori dello status quo possono tentare di screditare i difensori del territorio, ma non potranno cancellare la realt\u00e0 vissuta dagli svizzeri. Ogni treno affollato, ogni fattura fiscale appesantita e ogni quartiere che cambia volto sono un richiamo all'urgenza.<\/p>\n<p id=\"ember583\" class=\"ember-view reader-text-block__paragraph\">Le <strong>14 giugno 2026<\/strong>, Il popolo svizzero non voter\u00e0 a favore o contro un villaggio friborghese, n\u00e9 per fare piacere alle redazioni losannesi. Voter\u00e0 per riprendere le chiavi di casa propria.<\/p>\n<p id=\"ember584\" class=\"ember-view reader-text-block__paragraph\">Scegliere l'iniziativa <strong>\u00abNiente Svizzera per 10 milioni!\u00bb<\/strong>, significa rifiutare di diventare una zona franca intercambiabile e senza anima. Significa esigere che il nostro sistema sociale ridiventi uno scudo per i nostri e non una manna finanziaria distribuita al primo venuto. La Svizzera appartiene a coloro che la amano, che la rispettano e che sono pronti a difendere le sue radici cristiane e la sua libert\u00e0 di fronte al naufragio programmato dagli euro-fanatici.<\/p>\n<h3 id=\"ember585\" class=\"ember-view reader-text-block__heading-3\">\u00c8 ora di ridare alla Svizzera il suo futuro. Il 14 giugno, salviamo la nostra patria.<\/h3>\n<h3 id=\"ember587\" class=\"ember-view reader-text-block__heading-3\">Di fronte al disprezzo delle \u00e9lite, facciamo sentire la voce della Svizzera reale. Metti mi piace, ripubblica e diffondi questo messaggio ovunque: ne dipende il futuro della nostra patria!<\/h3>","protected":false},"excerpt":{"rendered":"<p>\u00ab La fin de la Suisse n\u2019est plus un sc\u00e9nario, c\u2019est un calendrier. \u00bb Entre le m\u00e9pris affich\u00e9 des \u00e9lites m\u00e9diatiques et le d\u00e9ni schizophr\u00e8ne des chiffres, le bilan de 25 ans de libre circulation est un champ de ruines. Derri\u00e8re les attaques d&rsquo;Ariane Dayer contre Nicolas Kolly se cache une guerre contre notre h\u00e9ritage. [&hellip;]<\/p>\n","protected":false},"author":2,"featured_media":1079,"comment_status":"closed","ping_status":"closed","sticky":false,"template":"","format":"standard","meta":{"footnotes":""},"categories":[8,11],"tags":[],"class_list":["post-1078","post","type-post","status-publish","format-standard","has-post-thumbnail","hentry","category-politique-interieure","category-ue"],"yoast_head":"<!-- This site is optimized with the Yoast SEO plugin v26.9 - https:\/\/yoast.com\/product\/yoast-seo-wordpress\/ -->\n<title>\ud83c\udde8\ud83c\udded Banc Public ou Tribunal d&#039;Inquisition ? L&#039;ind\u00e9cence m\u00e9diatique face \u00e0 la survie de la Suisse - Mouvement Souverainet\u00e9 Suisse<\/title>\n<meta name=\"description\" content=\"Critique du traitement m\u00e9diatique de Nicolas Kolly dans Banc Public, d\u00e9nonciation du m\u00e9pris du terroir et plaidoyer pour l\u2019initiative \u00ab Pas de Suisse \u00e0 10 millions ! \u00bb avant la votation du 14 juin 2026\" \/>\n<meta name=\"robots\" content=\"index, follow, max-snippet:-1, max-image-preview:large, max-video-preview:-1\" \/>\n<link rel=\"canonical\" href=\"https:\/\/souverainete-suisse.ch\/it\/2026\/04\/banca-pubblica-o-tribunale-dellinquisizione-lindecenza-mediatica-di-fronte-alla-sopravvivenza-della-svizzera\/\" \/>\n<meta property=\"og:locale\" content=\"it_IT\" \/>\n<meta property=\"og:type\" content=\"article\" \/>\n<meta property=\"og:title\" content=\"\ud83c\udde8\ud83c\udded Banc Public ou Tribunal d&#039;Inquisition ? L&#039;ind\u00e9cence m\u00e9diatique face \u00e0 la survie de la Suisse - Mouvement Souverainet\u00e9 Suisse\" \/>\n<meta property=\"og:description\" content=\"Critique du traitement m\u00e9diatique de Nicolas Kolly dans Banc Public, d\u00e9nonciation du m\u00e9pris du terroir et plaidoyer pour l\u2019initiative \u00ab Pas de Suisse \u00e0 10 millions ! \u00bb avant la votation du 14 juin 2026\" \/>\n<meta property=\"og:url\" content=\"https:\/\/souverainete-suisse.ch\/it\/2026\/04\/banca-pubblica-o-tribunale-dellinquisizione-lindecenza-mediatica-di-fronte-alla-sopravvivenza-della-svizzera\/\" \/>\n<meta property=\"og:site_name\" content=\"Mouvement Souverainet\u00e9 Suisse\" \/>\n<meta property=\"article:published_time\" content=\"2026-04-23T11:33:39+00:00\" \/>\n<meta property=\"article:modified_time\" content=\"2026-04-28T12:44:30+00:00\" \/>\n<meta property=\"og:image\" content=\"https:\/\/souverainete-suisse.ch\/wp-content\/uploads\/2026\/04\/Kolly2.jpg\" \/>\n\t<meta property=\"og:image:width\" content=\"1602\" \/>\n\t<meta property=\"og:image:height\" content=\"900\" \/>\n\t<meta property=\"og:image:type\" content=\"image\/jpeg\" \/>\n<meta name=\"author\" content=\"ludom\" \/>\n<meta name=\"twitter:card\" content=\"summary_large_image\" \/>\n<meta name=\"twitter:label1\" content=\"Scritto da\" \/>\n\t<meta name=\"twitter:data1\" content=\"ludom\" \/>\n\t<meta name=\"twitter:label2\" content=\"Tempo di lettura stimato\" \/>\n\t<meta name=\"twitter:data2\" content=\"7 minuti\" \/>\n<script type=\"application\/ld+json\" class=\"yoast-schema-graph\">{\"@context\":\"https:\/\/schema.org\",\"@graph\":[{\"@type\":\"Article\",\"@id\":\"https:\/\/souverainete-suisse.ch\/2026\/04\/banc-public-ou-tribunal-dinquisition-lindecence-mediatique-face-a-la-survie-de-la-suisse\/#article\",\"isPartOf\":{\"@id\":\"https:\/\/souverainete-suisse.ch\/2026\/04\/banc-public-ou-tribunal-dinquisition-lindecence-mediatique-face-a-la-survie-de-la-suisse\/\"},\"author\":{\"name\":\"ludom\",\"@id\":\"https:\/\/souverainete-suisse.ch\/#\/schema\/person\/b25acb547faec24a94d7215216d68cbf\"},\"headline\":\"\ud83c\udde8\ud83c\udded Banc Public ou Tribunal d&rsquo;Inquisition ? L&rsquo;ind\u00e9cence m\u00e9diatique face \u00e0 la survie de la Suisse\",\"datePublished\":\"2026-04-23T11:33:39+00:00\",\"dateModified\":\"2026-04-28T12:44:30+00:00\",\"mainEntityOfPage\":{\"@id\":\"https:\/\/souverainete-suisse.ch\/2026\/04\/banc-public-ou-tribunal-dinquisition-lindecence-mediatique-face-a-la-survie-de-la-suisse\/\"},\"wordCount\":1272,\"publisher\":{\"@id\":\"https:\/\/souverainete-suisse.ch\/#organization\"},\"image\":{\"@id\":\"https:\/\/souverainete-suisse.ch\/2026\/04\/banc-public-ou-tribunal-dinquisition-lindecence-mediatique-face-a-la-survie-de-la-suisse\/#primaryimage\"},\"thumbnailUrl\":\"https:\/\/souverainete-suisse.ch\/wp-content\/uploads\/2026\/04\/Kolly2.jpg\",\"articleSection\":[\"Politique int\u00e9rieure\",\"UE\"],\"inLanguage\":\"it-IT\"},{\"@type\":\"WebPage\",\"@id\":\"https:\/\/souverainete-suisse.ch\/2026\/04\/banc-public-ou-tribunal-dinquisition-lindecence-mediatique-face-a-la-survie-de-la-suisse\/\",\"url\":\"https:\/\/souverainete-suisse.ch\/2026\/04\/banc-public-ou-tribunal-dinquisition-lindecence-mediatique-face-a-la-survie-de-la-suisse\/\",\"name\":\"\ud83c\udde8\ud83c\udded Banc Public ou Tribunal d'Inquisition ? L'ind\u00e9cence m\u00e9diatique face \u00e0 la survie de la Suisse - Mouvement Souverainet\u00e9 Suisse\",\"isPartOf\":{\"@id\":\"https:\/\/souverainete-suisse.ch\/#website\"},\"primaryImageOfPage\":{\"@id\":\"https:\/\/souverainete-suisse.ch\/2026\/04\/banc-public-ou-tribunal-dinquisition-lindecence-mediatique-face-a-la-survie-de-la-suisse\/#primaryimage\"},\"image\":{\"@id\":\"https:\/\/souverainete-suisse.ch\/2026\/04\/banc-public-ou-tribunal-dinquisition-lindecence-mediatique-face-a-la-survie-de-la-suisse\/#primaryimage\"},\"thumbnailUrl\":\"https:\/\/souverainete-suisse.ch\/wp-content\/uploads\/2026\/04\/Kolly2.jpg\",\"datePublished\":\"2026-04-23T11:33:39+00:00\",\"dateModified\":\"2026-04-28T12:44:30+00:00\",\"description\":\"Critique du traitement m\u00e9diatique de Nicolas Kolly dans Banc Public, d\u00e9nonciation du m\u00e9pris du terroir et plaidoyer pour l\u2019initiative \u00ab Pas de Suisse \u00e0 10 millions ! \u00bb avant la votation du 14 juin 2026\",\"breadcrumb\":{\"@id\":\"https:\/\/souverainete-suisse.ch\/2026\/04\/banc-public-ou-tribunal-dinquisition-lindecence-mediatique-face-a-la-survie-de-la-suisse\/#breadcrumb\"},\"inLanguage\":\"it-IT\",\"potentialAction\":[{\"@type\":\"ReadAction\",\"target\":[\"https:\/\/souverainete-suisse.ch\/2026\/04\/banc-public-ou-tribunal-dinquisition-lindecence-mediatique-face-a-la-survie-de-la-suisse\/\"]}]},{\"@type\":\"ImageObject\",\"inLanguage\":\"it-IT\",\"@id\":\"https:\/\/souverainete-suisse.ch\/2026\/04\/banc-public-ou-tribunal-dinquisition-lindecence-mediatique-face-a-la-survie-de-la-suisse\/#primaryimage\",\"url\":\"https:\/\/souverainete-suisse.ch\/wp-content\/uploads\/2026\/04\/Kolly2.jpg\",\"contentUrl\":\"https:\/\/souverainete-suisse.ch\/wp-content\/uploads\/2026\/04\/Kolly2.jpg\",\"width\":1602,\"height\":900,\"caption\":\"Screenshot\"},{\"@type\":\"BreadcrumbList\",\"@id\":\"https:\/\/souverainete-suisse.ch\/2026\/04\/banc-public-ou-tribunal-dinquisition-lindecence-mediatique-face-a-la-survie-de-la-suisse\/#breadcrumb\",\"itemListElement\":[{\"@type\":\"ListItem\",\"position\":1,\"name\":\"Accueil\",\"item\":\"https:\/\/souverainete-suisse.ch\/\"},{\"@type\":\"ListItem\",\"position\":2,\"name\":\"\ud83c\udde8\ud83c\udded Banc Public ou Tribunal d&#8217;Inquisition ? L&#8217;ind\u00e9cence m\u00e9diatique face \u00e0 la survie de la Suisse\"}]},{\"@type\":\"WebSite\",\"@id\":\"https:\/\/souverainete-suisse.ch\/#website\",\"url\":\"https:\/\/souverainete-suisse.ch\/\",\"name\":\"Mouvement Souverainet\u00e9 Suisse\",\"description\":\"\",\"publisher\":{\"@id\":\"https:\/\/souverainete-suisse.ch\/#organization\"},\"potentialAction\":[{\"@type\":\"SearchAction\",\"target\":{\"@type\":\"EntryPoint\",\"urlTemplate\":\"https:\/\/souverainete-suisse.ch\/?s={search_term_string}\"},\"query-input\":{\"@type\":\"PropertyValueSpecification\",\"valueRequired\":true,\"valueName\":\"search_term_string\"}}],\"inLanguage\":\"it-IT\"},{\"@type\":\"Organization\",\"@id\":\"https:\/\/souverainete-suisse.ch\/#organization\",\"name\":\"Mouvement Souverainet\u00e9 Suisse\",\"url\":\"https:\/\/souverainete-suisse.ch\/\",\"logo\":{\"@type\":\"ImageObject\",\"inLanguage\":\"it-IT\",\"@id\":\"https:\/\/souverainete-suisse.ch\/#\/schema\/logo\/image\/\",\"url\":\"https:\/\/souverainete-suisse.ch\/wp-content\/uploads\/2025\/11\/logo.png\",\"contentUrl\":\"https:\/\/souverainete-suisse.ch\/wp-content\/uploads\/2025\/11\/logo.png\",\"width\":2053,\"height\":1461,\"caption\":\"Mouvement Souverainet\u00e9 Suisse\"},\"image\":{\"@id\":\"https:\/\/souverainete-suisse.ch\/#\/schema\/logo\/image\/\"}},{\"@type\":\"Person\",\"@id\":\"https:\/\/souverainete-suisse.ch\/#\/schema\/person\/b25acb547faec24a94d7215216d68cbf\",\"name\":\"ludom\",\"image\":{\"@type\":\"ImageObject\",\"inLanguage\":\"it-IT\",\"@id\":\"https:\/\/souverainete-suisse.ch\/#\/schema\/person\/image\/\",\"url\":\"https:\/\/secure.gravatar.com\/avatar\/77b40fd8e49e537abcea7487b290688ce92143c3443b1d3f419149c67282ffb4?s=96&d=mm&r=g\",\"contentUrl\":\"https:\/\/secure.gravatar.com\/avatar\/77b40fd8e49e537abcea7487b290688ce92143c3443b1d3f419149c67282ffb4?s=96&d=mm&r=g\",\"caption\":\"ludom\"},\"url\":\"http:\/\/souverainete-suisse.ch\/it\/author\/ludom\/\"}]}<\/script>\n<!-- \/ Yoast SEO plugin. -->","yoast_head_json":{"title":"\ud83c\udde8\ud83c\udded Banc Public ou Tribunal d'Inquisition ? L'ind\u00e9cence m\u00e9diatique face \u00e0 la survie de la Suisse - Mouvement Souverainet\u00e9 Suisse","description":"Critica del trattamento mediatico di Nicolas Kolly in Banc Public, denuncia del disprezzo per il territorio e appello per l'iniziativa \u00abNiente Svizzera a 10 milioni!\u00bb prima del voto del 14 giugno 2026","robots":{"index":"index","follow":"follow","max-snippet":"max-snippet:-1","max-image-preview":"max-image-preview:large","max-video-preview":"max-video-preview:-1"},"canonical":"https:\/\/souverainete-suisse.ch\/it\/2026\/04\/banca-pubblica-o-tribunale-dellinquisizione-lindecenza-mediatica-di-fronte-alla-sopravvivenza-della-svizzera\/","og_locale":"it_IT","og_type":"article","og_title":"\ud83c\udde8\ud83c\udded Banc Public ou Tribunal d'Inquisition ? L'ind\u00e9cence m\u00e9diatique face \u00e0 la survie de la Suisse - Mouvement Souverainet\u00e9 Suisse","og_description":"Critique du traitement m\u00e9diatique de Nicolas Kolly dans Banc Public, d\u00e9nonciation du m\u00e9pris du terroir et plaidoyer pour l\u2019initiative \u00ab Pas de Suisse \u00e0 10 millions ! \u00bb avant la votation du 14 juin 2026","og_url":"https:\/\/souverainete-suisse.ch\/it\/2026\/04\/banca-pubblica-o-tribunale-dellinquisizione-lindecenza-mediatica-di-fronte-alla-sopravvivenza-della-svizzera\/","og_site_name":"Mouvement Souverainet\u00e9 Suisse","article_published_time":"2026-04-23T11:33:39+00:00","article_modified_time":"2026-04-28T12:44:30+00:00","og_image":[{"width":1602,"height":900,"url":"https:\/\/souverainete-suisse.ch\/wp-content\/uploads\/2026\/04\/Kolly2.jpg","type":"image\/jpeg"}],"author":"ludom","twitter_card":"summary_large_image","twitter_misc":{"Scritto da":"ludom","Tempo di lettura stimato":"7 minuti"},"schema":{"@context":"https:\/\/schema.org","@graph":[{"@type":"Article","@id":"https:\/\/souverainete-suisse.ch\/2026\/04\/banc-public-ou-tribunal-dinquisition-lindecence-mediatique-face-a-la-survie-de-la-suisse\/#article","isPartOf":{"@id":"https:\/\/souverainete-suisse.ch\/2026\/04\/banc-public-ou-tribunal-dinquisition-lindecence-mediatique-face-a-la-survie-de-la-suisse\/"},"author":{"name":"ludom","@id":"https:\/\/souverainete-suisse.ch\/#\/schema\/person\/b25acb547faec24a94d7215216d68cbf"},"headline":"\ud83c\udde8\ud83c\udded Banc Public ou Tribunal d&rsquo;Inquisition ? L&rsquo;ind\u00e9cence m\u00e9diatique face \u00e0 la survie de la Suisse","datePublished":"2026-04-23T11:33:39+00:00","dateModified":"2026-04-28T12:44:30+00:00","mainEntityOfPage":{"@id":"https:\/\/souverainete-suisse.ch\/2026\/04\/banc-public-ou-tribunal-dinquisition-lindecence-mediatique-face-a-la-survie-de-la-suisse\/"},"wordCount":1272,"publisher":{"@id":"https:\/\/souverainete-suisse.ch\/#organization"},"image":{"@id":"https:\/\/souverainete-suisse.ch\/2026\/04\/banc-public-ou-tribunal-dinquisition-lindecence-mediatique-face-a-la-survie-de-la-suisse\/#primaryimage"},"thumbnailUrl":"https:\/\/souverainete-suisse.ch\/wp-content\/uploads\/2026\/04\/Kolly2.jpg","articleSection":["Politique int\u00e9rieure","UE"],"inLanguage":"it-IT"},{"@type":"WebPage","@id":"https:\/\/souverainete-suisse.ch\/2026\/04\/banc-public-ou-tribunal-dinquisition-lindecence-mediatique-face-a-la-survie-de-la-suisse\/","url":"https:\/\/souverainete-suisse.ch\/2026\/04\/banc-public-ou-tribunal-dinquisition-lindecence-mediatique-face-a-la-survie-de-la-suisse\/","name":"\ud83c\udde8\ud83c\udded Banc Public ou Tribunal d'Inquisition ? L'ind\u00e9cence m\u00e9diatique face \u00e0 la survie de la Suisse - Mouvement Souverainet\u00e9 Suisse","isPartOf":{"@id":"https:\/\/souverainete-suisse.ch\/#website"},"primaryImageOfPage":{"@id":"https:\/\/souverainete-suisse.ch\/2026\/04\/banc-public-ou-tribunal-dinquisition-lindecence-mediatique-face-a-la-survie-de-la-suisse\/#primaryimage"},"image":{"@id":"https:\/\/souverainete-suisse.ch\/2026\/04\/banc-public-ou-tribunal-dinquisition-lindecence-mediatique-face-a-la-survie-de-la-suisse\/#primaryimage"},"thumbnailUrl":"https:\/\/souverainete-suisse.ch\/wp-content\/uploads\/2026\/04\/Kolly2.jpg","datePublished":"2026-04-23T11:33:39+00:00","dateModified":"2026-04-28T12:44:30+00:00","description":"Critica del trattamento mediatico di Nicolas Kolly in Banc Public, denuncia del disprezzo per il territorio e appello per l'iniziativa \u00abNiente Svizzera a 10 milioni!\u00bb prima del voto del 14 giugno 2026","breadcrumb":{"@id":"https:\/\/souverainete-suisse.ch\/2026\/04\/banc-public-ou-tribunal-dinquisition-lindecence-mediatique-face-a-la-survie-de-la-suisse\/#breadcrumb"},"inLanguage":"it-IT","potentialAction":[{"@type":"ReadAction","target":["https:\/\/souverainete-suisse.ch\/2026\/04\/banc-public-ou-tribunal-dinquisition-lindecence-mediatique-face-a-la-survie-de-la-suisse\/"]}]},{"@type":"ImageObject","inLanguage":"it-IT","@id":"https:\/\/souverainete-suisse.ch\/2026\/04\/banc-public-ou-tribunal-dinquisition-lindecence-mediatique-face-a-la-survie-de-la-suisse\/#primaryimage","url":"https:\/\/souverainete-suisse.ch\/wp-content\/uploads\/2026\/04\/Kolly2.jpg","contentUrl":"https:\/\/souverainete-suisse.ch\/wp-content\/uploads\/2026\/04\/Kolly2.jpg","width":1602,"height":900,"caption":"Screenshot"},{"@type":"BreadcrumbList","@id":"https:\/\/souverainete-suisse.ch\/2026\/04\/banc-public-ou-tribunal-dinquisition-lindecence-mediatique-face-a-la-survie-de-la-suisse\/#breadcrumb","itemListElement":[{"@type":"ListItem","position":1,"name":"Accueil","item":"https:\/\/souverainete-suisse.ch\/"},{"@type":"ListItem","position":2,"name":"\ud83c\udde8\ud83c\udded Banc Public ou Tribunal d&#8217;Inquisition ? L&#8217;ind\u00e9cence m\u00e9diatique face \u00e0 la survie de la Suisse"}]},{"@type":"WebSite","@id":"https:\/\/souverainete-suisse.ch\/#website","url":"https:\/\/souverainete-suisse.ch\/","name":"Movimento per la sovranit\u00e0 della Svizzera","description":"","publisher":{"@id":"https:\/\/souverainete-suisse.ch\/#organization"},"potentialAction":[{"@type":"SearchAction","target":{"@type":"EntryPoint","urlTemplate":"https:\/\/souverainete-suisse.ch\/?s={search_term_string}"},"query-input":{"@type":"PropertyValueSpecification","valueRequired":true,"valueName":"search_term_string"}}],"inLanguage":"it-IT"},{"@type":"Organization","@id":"https:\/\/souverainete-suisse.ch\/#organization","name":"Movimento per la sovranit\u00e0 della Svizzera","url":"https:\/\/souverainete-suisse.ch\/","logo":{"@type":"ImageObject","inLanguage":"it-IT","@id":"https:\/\/souverainete-suisse.ch\/#\/schema\/logo\/image\/","url":"https:\/\/souverainete-suisse.ch\/wp-content\/uploads\/2025\/11\/logo.png","contentUrl":"https:\/\/souverainete-suisse.ch\/wp-content\/uploads\/2025\/11\/logo.png","width":2053,"height":1461,"caption":"Mouvement Souverainet\u00e9 Suisse"},"image":{"@id":"https:\/\/souverainete-suisse.ch\/#\/schema\/logo\/image\/"}},{"@type":"Person","@id":"https:\/\/souverainete-suisse.ch\/#\/schema\/person\/b25acb547faec24a94d7215216d68cbf","name":"ludom","image":{"@type":"ImageObject","inLanguage":"it-IT","@id":"https:\/\/souverainete-suisse.ch\/#\/schema\/person\/image\/","url":"https:\/\/secure.gravatar.com\/avatar\/77b40fd8e49e537abcea7487b290688ce92143c3443b1d3f419149c67282ffb4?s=96&d=mm&r=g","contentUrl":"https:\/\/secure.gravatar.com\/avatar\/77b40fd8e49e537abcea7487b290688ce92143c3443b1d3f419149c67282ffb4?s=96&d=mm&r=g","caption":"ludom"},"url":"http:\/\/souverainete-suisse.ch\/it\/author\/ludom\/"}]}},"_links":{"self":[{"href":"http:\/\/souverainete-suisse.ch\/it\/wp-json\/wp\/v2\/posts\/1078","targetHints":{"allow":["GET"]}}],"collection":[{"href":"http:\/\/souverainete-suisse.ch\/it\/wp-json\/wp\/v2\/posts"}],"about":[{"href":"http:\/\/souverainete-suisse.ch\/it\/wp-json\/wp\/v2\/types\/post"}],"author":[{"embeddable":true,"href":"http:\/\/souverainete-suisse.ch\/it\/wp-json\/wp\/v2\/users\/2"}],"replies":[{"embeddable":true,"href":"http:\/\/souverainete-suisse.ch\/it\/wp-json\/wp\/v2\/comments?post=1078"}],"version-history":[{"count":2,"href":"http:\/\/souverainete-suisse.ch\/it\/wp-json\/wp\/v2\/posts\/1078\/revisions"}],"predecessor-version":[{"id":1125,"href":"http:\/\/souverainete-suisse.ch\/it\/wp-json\/wp\/v2\/posts\/1078\/revisions\/1125"}],"wp:featuredmedia":[{"embeddable":true,"href":"http:\/\/souverainete-suisse.ch\/it\/wp-json\/wp\/v2\/media\/1079"}],"wp:attachment":[{"href":"http:\/\/souverainete-suisse.ch\/it\/wp-json\/wp\/v2\/media?parent=1078"}],"wp:term":[{"taxonomy":"category","embeddable":true,"href":"http:\/\/souverainete-suisse.ch\/it\/wp-json\/wp\/v2\/categories?post=1078"},{"taxonomy":"post_tag","embeddable":true,"href":"http:\/\/souverainete-suisse.ch\/it\/wp-json\/wp\/v2\/tags?post=1078"}],"curies":[{"name":"wp","href":"https:\/\/api.w.org\/{rel}","templated":true}]}}