{"id":1074,"date":"2026-04-21T13:31:27","date_gmt":"2026-04-21T11:31:27","guid":{"rendered":"https:\/\/souverainete-suisse.ch\/?p=1074"},"modified":"2026-04-28T14:44:04","modified_gmt":"2026-04-28T12:44:04","slug":"porre-fine-al-caos-migratorio-e-restaurare-la-sovranita-la-lucida-diagnosi-di-stephan-rietiker","status":"publish","type":"post","link":"http:\/\/souverainete-suisse.ch\/it\/2026\/04\/porre-fine-al-caos-migratorio-e-restaurare-la-sovranita-la-lucida-diagnosi-di-stephan-rietiker\/","title":{"rendered":"Porre fine al caos migratorio e ripristinare la sovranit\u00e0: la lucida diagnosi di Stephan Rietiker"},"content":{"rendered":"<p>Tra promesse non mantenute e realt\u00e0 esplosiva, la questione migratoria si impone come il punto di rottura del modello svizzero. In questa intervista, Pro Suisse d\u00e0 voce a un malessere ampiamente avvertito: perdita di controllo, pressione sulle infrastrutture e deriva istituzionale. L'iniziativa \u00abNo a una Svizzera da 10 milioni\u00bb del 14 giugno potrebbe cos\u00ec ben costituire il primo chiodo nella bara dell'accordo UE di sottomissione, che non \u00e8 nient'altro che un'adesione progressiva tramite diritto e norme.<\/p>\n<p id=\"ember3463\" class=\"ember-view reader-text-block__paragraph\"><strong>Fonte :<\/strong> Intervista a Stephan Rietiker in <em>24 ore<\/em><\/p>\n<h3 id=\"ember3464\" class=\"ember-view reader-text-block__heading-3\">Una constatazione diventata innegabile: una pressione migratoria fuori controllo<\/h3>\n<p id=\"ember3465\" class=\"ember-view reader-text-block__paragraph\">L'analisi di Stephan Rietiker si basa su un fatto che sempre pi\u00f9 svizzeri constatano concretamente: <strong>la rapida crescita della popolazione esercita una pressione diretta sul paese<\/strong>.<\/p>\n<p id=\"ember3466\" class=\"ember-view reader-text-block__paragraph\">Dal 2000, la Svizzera ha guadagnato quasi <strong>2 milioni di abitanti<\/strong>, un'evoluzione senza precedenti. Ma soprattutto, un elemento chiave deve essere ricordato:<\/p>\n<p id=\"ember3467\" class=\"ember-view reader-text-block__paragraph\">\u2b95 Durante i dibattiti sulla libera circolazione, il Consiglio federale menzionava flussi controllati di circa <strong>8.000 nuovi ingressi all'anno<\/strong>.<\/p>\n<p id=\"ember3468\" class=\"ember-view reader-text-block__paragraph\">\u2b95 <strong>La realt\u00e0 osservata \u00e8 ben diversa: circa 75.000 ingressi netti annuali<\/strong> negli ultimi anni.<\/p>\n<p id=\"ember3469\" class=\"ember-view reader-text-block__paragraph\">Questo massiccio divario non \u00e8 un semplice errore di previsione:<\/p>\n<p id=\"ember3470\" class=\"ember-view reader-text-block__paragraph\">\u00e8 una <strong>rottura di fiducia politica maggiore<\/strong>.<\/p>\n<p id=\"ember3471\" class=\"ember-view reader-text-block__paragraph\">Conseguenze concrete:<\/p>\n<ul>\n<li>aumento degli affitti<\/li>\n<li>saturazione delle infrastrutture<\/li>\n<li>pressione sui salari e sui servizi pubblici<\/li>\n<\/ul>\n<p id=\"ember3473\" class=\"ember-view reader-text-block__paragraph\">Il termine \u00abcaos\u00bb utilizzato da Rietiker corrisponde a una realt\u00e0 vissuta.<\/p>\n<h3 id=\"ember3474\" class=\"ember-view reader-text-block__heading-3\">Riprendere il controllo: una politica migratoria selettiva e sovrana<\/h3>\n<p id=\"ember3475\" class=\"ember-view reader-text-block__paragraph\">La proposta \u00e8 chiara:<\/p>\n<blockquote id=\"ember3476\" class=\"ember-view reader-text-block__blockquote\"><p>\u00abAccogliere solo le persone di cui abbiamo veramente bisogno\u00bb<\/p><\/blockquote>\n<p id=\"ember3477\" class=\"ember-view reader-text-block__paragraph\">Con un soffitto di circa <strong>40.000 entrate annuali<\/strong>, la Svizzera potrebbe:<\/p>\n<ul>\n<li>ritrovare la <strong>maestria della sua crescita<\/strong><\/li>\n<li>individuare i profili altamente qualificati<\/li>\n<li>ridurre la pressione strutturale<\/li>\n<\/ul>\n<p id=\"ember3479\" class=\"ember-view reader-text-block__paragraph\">non si tratta di chiudere la Svizzera, ma di <strong>porre fine a un'immigrazione subita e incontrollata<\/strong>.<\/p>\n<p id=\"ember3480\" class=\"ember-view reader-text-block__paragraph\">L'attuale libera circolazione impedisce proprio questo pilotaggio.<\/p>\n<h3 id=\"ember3481\" class=\"ember-view reader-text-block__heading-3\">Dei frontalieri: una soluzione pragmatica<\/h3>\n<p id=\"ember3482\" class=\"ember-view reader-text-block__paragraph\">Rietiker sottolinea un punto spesso trascurato:<\/p>\n<blockquote id=\"ember3483\" class=\"ember-view reader-text-block__blockquote\"><p>\u00abI frontalieri sono un male minore\u00bb<\/p><\/blockquote>\n<p id=\"ember3484\" class=\"ember-view reader-text-block__paragraph\">In effetti, i frontalieri:<\/p>\n<ul>\n<li>Non satureranno l'alloggio<\/li>\n<li>utilizzano meno i servizi sociali<\/li>\n<li>contribuente all'economia senza stabilirsi stabilmente<\/li>\n<\/ul>\n<p id=\"ember3486\" class=\"ember-view reader-text-block__paragraph\">Con circa <strong>380.000 frontalieri<\/strong>, la Svizzera dispone gi\u00e0 di uno strumento di flessibilit\u00e0.<\/p>\n<p id=\"ember3487\" class=\"ember-view reader-text-block__paragraph\">Questa distinzione permette di <strong>preservare l'economia senza aggravare la pressione demografica interna<\/strong>.<\/p>\n<h3 id=\"ember3488\" class=\"ember-view reader-text-block__heading-3\">Accordi con l'UE: una deriva verso la perdita di sovranit\u00e0<\/h3>\n<p id=\"ember3489\" class=\"ember-view reader-text-block__paragraph\">Rietiker denuncia giustamente gli \u201cAccordi bilaterali III\u201d:<\/p>\n<blockquote id=\"ember3490\" class=\"ember-view reader-text-block__blockquote\"><p>\u00abUna bugia sfacciata\u00bb<\/p><\/blockquote>\n<p id=\"ember3491\" class=\"ember-view reader-text-block__paragraph\">Questi accordi implicano:<\/p>\n<ul>\n<li>adozione dinamica del diritto europeo<\/li>\n<li>ruolo accresciuto della Corte di giustizia dell'Unione europea<\/li>\n<li>indebolimento del potere del popolo<\/li>\n<\/ul>\n<p id=\"ember3493\" class=\"ember-view reader-text-block__paragraph\">\u2b95 Si passa da accordi equilibrati a una <strong>integrazione progressiva senza voto di adesione<\/strong>.<\/p>\n<p id=\"ember3494\" class=\"ember-view reader-text-block__paragraph\">L'iniziativa costituisce quindi un <strong>punto di arresto democratico essenziale<\/strong>.<\/p>\n<h3 id=\"ember3495\" class=\"ember-view reader-text-block__heading-3\">L'UE: un partner, ma non un modello<\/h3>\n<p id=\"ember3496\" class=\"ember-view reader-text-block__paragraph\">Rietiker mette in discussione l'idea di un allineamento automatico:<\/p>\n<ul>\n<li>stagnazione economica della Germania<\/li>\n<li>instabilit\u00e0 energetica<\/li>\n<li>burocrazia crescente<\/li>\n<\/ul>\n<p id=\"ember3498\" class=\"ember-view reader-text-block__paragraph\">\u2b95 Ancora pi\u00f9 legarsi a questo sistema, significa rischiare di\u2019<strong>importare le sue fragilit\u00e0<\/strong>.<\/p>\n<h3 id=\"ember3499\" class=\"ember-view reader-text-block__heading-3\">Neutralit\u00e0: una forza strategica<\/h3>\n<blockquote id=\"ember3500\" class=\"ember-view reader-text-block__blockquote\"><p>\u00abNeutrale non \u00e8 sinonimo di codardo\u00bb<\/p><\/blockquote>\n<p id=\"ember3501\" class=\"ember-view reader-text-block__paragraph\">La neutralit\u00e0 svizzera<\/p>\n<ul>\n<li>rafforzare la credibilit\u00e0 internazionale<\/li>\n<li>facilita le relazioni economiche globali<\/li>\n<li>protegge il paese dalle logiche di blocco<\/li>\n<\/ul>\n<p id=\"ember3503\" class=\"ember-view reader-text-block__paragraph\">Diluirla significherebbe indebolire un pilastro storico della prosperit\u00e0 svizzera.<\/p>\n<h3 id=\"ember3504\" class=\"ember-view reader-text-block__heading-3\">Una visione coerente: sovranit\u00e0, stabilit\u00e0, prosperit\u00e0<\/h3>\n<p id=\"ember3505\" class=\"ember-view reader-text-block__paragraph\">Il progetto di Pro Suisse si articola attorno a quattro assi:<\/p>\n<ul>\n<li>controllo democratico dell'immigrazione<\/li>\n<li>protezione delle infrastrutture<\/li>\n<li>indipendenza giuridica<\/li>\n<li>neutralit\u00e0 affermata<\/li>\n<\/ul>\n<p id=\"ember3507\" class=\"ember-view reader-text-block__paragraph\">L'iniziativa \u00abNiente Svizzera a 10 milioni\u00bb diventa una <strong>strumento strategico globale<\/strong>.<\/p>\n<h3 id=\"ember3508\" class=\"ember-view reader-text-block__heading-3\">Conclusione<\/h3>\n<p id=\"ember3509\" class=\"ember-view reader-text-block__paragraph\">L'intervista di Stephan Rietiker in <em>24 ore<\/em> mette in luce una realt\u00e0 fondamentale:<\/p>\n<p id=\"ember3510\" class=\"ember-view reader-text-block__paragraph\"><strong>le promesse iniziali sull'immigrazione non sono state mantenute<\/strong>.<\/p>\n<p id=\"ember3511\" class=\"ember-view reader-text-block__paragraph\">Tra i <strong>8.000 presenze annunciate<\/strong> e le <strong>75.000 accertate<\/strong>, l'allontanamento \u00e8 tale da giustificare una completa revisione del sistema.<\/p>\n<p id=\"ember3512\" class=\"ember-view reader-text-block__paragraph\">Riprendere il controllo non \u00e8 pi\u00f9 un'opzione ideologica, ma una <strong>necessit\u00e0 politica per ripristinare la fiducia, la stabilit\u00e0 e la sovranit\u00e0 della Svizzera<\/strong>.<\/p>\n<p id=\"ember3513\" class=\"ember-view reader-text-block__paragraph\">\n<p>&nbsp;<\/p>","protected":false},"excerpt":{"rendered":"<p>Entre promesses non tenues et r\u00e9alit\u00e9 explosive, la question migratoire s\u2019impose comme le point de rupture du mod\u00e8le suisse. Dans cet entretien, Pro Suisse met des mots sur un malaise largement ressenti : perte de contr\u00f4le, pression sur les infrastructures et d\u00e9rive institutionnelle. L\u2019initiative \u00abNon \u00e0 une Suisse \u00e0 10 millions\u00bb le 14 juin pourrait [&hellip;]<\/p>\n","protected":false},"author":2,"featured_media":1075,"comment_status":"closed","ping_status":"closed","sticky":false,"template":"","format":"standard","meta":{"footnotes":""},"categories":[8,11],"tags":[],"class_list":["post-1074","post","type-post","status-publish","format-standard","has-post-thumbnail","hentry","category-politique-interieure","category-ue"],"yoast_head":"<!-- This site is optimized with the Yoast SEO plugin v26.9 - https:\/\/yoast.com\/product\/yoast-seo-wordpress\/ -->\n<title>\ud83c\udde8\ud83c\udded Mettre fin au chaos migratoire et restaurer la souverainet\u00e9 : le diagnostic lucide de Stephan Rietiker - Mouvement Souverainet\u00e9 Suisse<\/title>\n<meta name=\"description\" content=\"Immigration en Suisse : entre promesses et r\u00e9alit\u00e9, l\u2019analyse de Stephan Rietiker met en lumi\u00e8re une pression d\u00e9mographique croissante et appelle \u00e0 reprendre le contr\u00f4le pour pr\u00e9server souverainet\u00e9 et stabilit\u00e9.\" \/>\n<meta name=\"robots\" content=\"index, follow, max-snippet:-1, max-image-preview:large, max-video-preview:-1\" \/>\n<link rel=\"canonical\" href=\"https:\/\/souverainete-suisse.ch\/it\/2026\/04\/porre-fine-al-caos-migratorio-e-restaurare-la-sovranita-la-lucida-diagnosi-di-stephan-rietiker\/\" \/>\n<meta property=\"og:locale\" content=\"it_IT\" \/>\n<meta property=\"og:type\" content=\"article\" \/>\n<meta property=\"og:title\" content=\"\ud83c\udde8\ud83c\udded Mettre fin au chaos migratoire et restaurer la souverainet\u00e9 : le diagnostic lucide de Stephan Rietiker - Mouvement Souverainet\u00e9 Suisse\" \/>\n<meta property=\"og:description\" content=\"Immigration en Suisse : entre promesses et r\u00e9alit\u00e9, l\u2019analyse de Stephan Rietiker met en lumi\u00e8re une pression d\u00e9mographique croissante et appelle \u00e0 reprendre le contr\u00f4le pour pr\u00e9server souverainet\u00e9 et stabilit\u00e9.\" \/>\n<meta property=\"og:url\" content=\"https:\/\/souverainete-suisse.ch\/it\/2026\/04\/porre-fine-al-caos-migratorio-e-restaurare-la-sovranita-la-lucida-diagnosi-di-stephan-rietiker\/\" \/>\n<meta property=\"og:site_name\" content=\"Mouvement Souverainet\u00e9 Suisse\" \/>\n<meta property=\"article:published_time\" content=\"2026-04-21T11:31:27+00:00\" \/>\n<meta property=\"article:modified_time\" content=\"2026-04-28T12:44:04+00:00\" \/>\n<meta property=\"og:image\" content=\"https:\/\/souverainete-suisse.ch\/wp-content\/uploads\/2026\/04\/Pro-Suisse.jpg\" \/>\n\t<meta property=\"og:image:width\" content=\"2560\" \/>\n\t<meta property=\"og:image:height\" content=\"1440\" \/>\n\t<meta property=\"og:image:type\" content=\"image\/jpeg\" \/>\n<meta name=\"author\" content=\"ludom\" \/>\n<meta name=\"twitter:card\" content=\"summary_large_image\" \/>\n<meta name=\"twitter:label1\" content=\"Scritto da\" \/>\n\t<meta name=\"twitter:data1\" content=\"ludom\" \/>\n\t<meta name=\"twitter:label2\" content=\"Tempo di lettura stimato\" \/>\n\t<meta name=\"twitter:data2\" content=\"4 minuti\" \/>\n<script type=\"application\/ld+json\" class=\"yoast-schema-graph\">{\"@context\":\"https:\/\/schema.org\",\"@graph\":[{\"@type\":\"Article\",\"@id\":\"https:\/\/souverainete-suisse.ch\/2026\/04\/mettre-fin-au-chaos-migratoire-et-restaurer-la-souverainete-le-diagnostic-lucide-de-stephan-rietiker\/#article\",\"isPartOf\":{\"@id\":\"https:\/\/souverainete-suisse.ch\/2026\/04\/mettre-fin-au-chaos-migratoire-et-restaurer-la-souverainete-le-diagnostic-lucide-de-stephan-rietiker\/\"},\"author\":{\"name\":\"ludom\",\"@id\":\"https:\/\/souverainete-suisse.ch\/#\/schema\/person\/b25acb547faec24a94d7215216d68cbf\"},\"headline\":\"\ud83c\udde8\ud83c\udded Mettre fin au chaos migratoire et restaurer la souverainet\u00e9 : le diagnostic lucide de Stephan Rietiker\",\"datePublished\":\"2026-04-21T11:31:27+00:00\",\"dateModified\":\"2026-04-28T12:44:04+00:00\",\"mainEntityOfPage\":{\"@id\":\"https:\/\/souverainete-suisse.ch\/2026\/04\/mettre-fin-au-chaos-migratoire-et-restaurer-la-souverainete-le-diagnostic-lucide-de-stephan-rietiker\/\"},\"wordCount\":714,\"publisher\":{\"@id\":\"https:\/\/souverainete-suisse.ch\/#organization\"},\"image\":{\"@id\":\"https:\/\/souverainete-suisse.ch\/2026\/04\/mettre-fin-au-chaos-migratoire-et-restaurer-la-souverainete-le-diagnostic-lucide-de-stephan-rietiker\/#primaryimage\"},\"thumbnailUrl\":\"https:\/\/souverainete-suisse.ch\/wp-content\/uploads\/2026\/04\/Pro-Suisse.jpg\",\"articleSection\":[\"Politique int\u00e9rieure\",\"UE\"],\"inLanguage\":\"it-IT\"},{\"@type\":\"WebPage\",\"@id\":\"https:\/\/souverainete-suisse.ch\/2026\/04\/mettre-fin-au-chaos-migratoire-et-restaurer-la-souverainete-le-diagnostic-lucide-de-stephan-rietiker\/\",\"url\":\"https:\/\/souverainete-suisse.ch\/2026\/04\/mettre-fin-au-chaos-migratoire-et-restaurer-la-souverainete-le-diagnostic-lucide-de-stephan-rietiker\/\",\"name\":\"\ud83c\udde8\ud83c\udded Mettre fin au chaos migratoire et restaurer la souverainet\u00e9 : le diagnostic lucide de Stephan Rietiker - Mouvement Souverainet\u00e9 Suisse\",\"isPartOf\":{\"@id\":\"https:\/\/souverainete-suisse.ch\/#website\"},\"primaryImageOfPage\":{\"@id\":\"https:\/\/souverainete-suisse.ch\/2026\/04\/mettre-fin-au-chaos-migratoire-et-restaurer-la-souverainete-le-diagnostic-lucide-de-stephan-rietiker\/#primaryimage\"},\"image\":{\"@id\":\"https:\/\/souverainete-suisse.ch\/2026\/04\/mettre-fin-au-chaos-migratoire-et-restaurer-la-souverainete-le-diagnostic-lucide-de-stephan-rietiker\/#primaryimage\"},\"thumbnailUrl\":\"https:\/\/souverainete-suisse.ch\/wp-content\/uploads\/2026\/04\/Pro-Suisse.jpg\",\"datePublished\":\"2026-04-21T11:31:27+00:00\",\"dateModified\":\"2026-04-28T12:44:04+00:00\",\"description\":\"Immigration en Suisse : entre promesses et r\u00e9alit\u00e9, l\u2019analyse de Stephan Rietiker met en lumi\u00e8re une pression d\u00e9mographique croissante et appelle \u00e0 reprendre le contr\u00f4le pour pr\u00e9server souverainet\u00e9 et stabilit\u00e9.\",\"breadcrumb\":{\"@id\":\"https:\/\/souverainete-suisse.ch\/2026\/04\/mettre-fin-au-chaos-migratoire-et-restaurer-la-souverainete-le-diagnostic-lucide-de-stephan-rietiker\/#breadcrumb\"},\"inLanguage\":\"it-IT\",\"potentialAction\":[{\"@type\":\"ReadAction\",\"target\":[\"https:\/\/souverainete-suisse.ch\/2026\/04\/mettre-fin-au-chaos-migratoire-et-restaurer-la-souverainete-le-diagnostic-lucide-de-stephan-rietiker\/\"]}]},{\"@type\":\"ImageObject\",\"inLanguage\":\"it-IT\",\"@id\":\"https:\/\/souverainete-suisse.ch\/2026\/04\/mettre-fin-au-chaos-migratoire-et-restaurer-la-souverainete-le-diagnostic-lucide-de-stephan-rietiker\/#primaryimage\",\"url\":\"https:\/\/souverainete-suisse.ch\/wp-content\/uploads\/2026\/04\/Pro-Suisse.jpg\",\"contentUrl\":\"https:\/\/souverainete-suisse.ch\/wp-content\/uploads\/2026\/04\/Pro-Suisse.jpg\",\"width\":2560,\"height\":1440},{\"@type\":\"BreadcrumbList\",\"@id\":\"https:\/\/souverainete-suisse.ch\/2026\/04\/mettre-fin-au-chaos-migratoire-et-restaurer-la-souverainete-le-diagnostic-lucide-de-stephan-rietiker\/#breadcrumb\",\"itemListElement\":[{\"@type\":\"ListItem\",\"position\":1,\"name\":\"Accueil\",\"item\":\"https:\/\/souverainete-suisse.ch\/\"},{\"@type\":\"ListItem\",\"position\":2,\"name\":\"\ud83c\udde8\ud83c\udded Mettre fin au chaos migratoire et restaurer la souverainet\u00e9 : le diagnostic lucide de Stephan Rietiker\"}]},{\"@type\":\"WebSite\",\"@id\":\"https:\/\/souverainete-suisse.ch\/#website\",\"url\":\"https:\/\/souverainete-suisse.ch\/\",\"name\":\"Mouvement Souverainet\u00e9 Suisse\",\"description\":\"\",\"publisher\":{\"@id\":\"https:\/\/souverainete-suisse.ch\/#organization\"},\"potentialAction\":[{\"@type\":\"SearchAction\",\"target\":{\"@type\":\"EntryPoint\",\"urlTemplate\":\"https:\/\/souverainete-suisse.ch\/?s={search_term_string}\"},\"query-input\":{\"@type\":\"PropertyValueSpecification\",\"valueRequired\":true,\"valueName\":\"search_term_string\"}}],\"inLanguage\":\"it-IT\"},{\"@type\":\"Organization\",\"@id\":\"https:\/\/souverainete-suisse.ch\/#organization\",\"name\":\"Mouvement Souverainet\u00e9 Suisse\",\"url\":\"https:\/\/souverainete-suisse.ch\/\",\"logo\":{\"@type\":\"ImageObject\",\"inLanguage\":\"it-IT\",\"@id\":\"https:\/\/souverainete-suisse.ch\/#\/schema\/logo\/image\/\",\"url\":\"https:\/\/souverainete-suisse.ch\/wp-content\/uploads\/2025\/11\/logo.png\",\"contentUrl\":\"https:\/\/souverainete-suisse.ch\/wp-content\/uploads\/2025\/11\/logo.png\",\"width\":2053,\"height\":1461,\"caption\":\"Mouvement Souverainet\u00e9 Suisse\"},\"image\":{\"@id\":\"https:\/\/souverainete-suisse.ch\/#\/schema\/logo\/image\/\"}},{\"@type\":\"Person\",\"@id\":\"https:\/\/souverainete-suisse.ch\/#\/schema\/person\/b25acb547faec24a94d7215216d68cbf\",\"name\":\"ludom\",\"image\":{\"@type\":\"ImageObject\",\"inLanguage\":\"it-IT\",\"@id\":\"https:\/\/souverainete-suisse.ch\/#\/schema\/person\/image\/\",\"url\":\"https:\/\/secure.gravatar.com\/avatar\/77b40fd8e49e537abcea7487b290688ce92143c3443b1d3f419149c67282ffb4?s=96&d=mm&r=g\",\"contentUrl\":\"https:\/\/secure.gravatar.com\/avatar\/77b40fd8e49e537abcea7487b290688ce92143c3443b1d3f419149c67282ffb4?s=96&d=mm&r=g\",\"caption\":\"ludom\"},\"url\":\"http:\/\/souverainete-suisse.ch\/it\/author\/ludom\/\"}]}<\/script>\n<!-- \/ Yoast SEO plugin. -->","yoast_head_json":{"title":"\ud83c\udde8\ud83c\udded Mettre fin au chaos migratoire et restaurer la souverainet\u00e9 : le diagnostic lucide de Stephan Rietiker - Mouvement Souverainet\u00e9 Suisse","description":"Immigration en Suisse : entre promesses et r\u00e9alit\u00e9, l\u2019analyse de Stephan Rietiker met en lumi\u00e8re une pression d\u00e9mographique croissante et appelle \u00e0 reprendre le contr\u00f4le pour pr\u00e9server souverainet\u00e9 et stabilit\u00e9.","robots":{"index":"index","follow":"follow","max-snippet":"max-snippet:-1","max-image-preview":"max-image-preview:large","max-video-preview":"max-video-preview:-1"},"canonical":"https:\/\/souverainete-suisse.ch\/it\/2026\/04\/porre-fine-al-caos-migratorio-e-restaurare-la-sovranita-la-lucida-diagnosi-di-stephan-rietiker\/","og_locale":"it_IT","og_type":"article","og_title":"\ud83c\udde8\ud83c\udded Mettre fin au chaos migratoire et restaurer la souverainet\u00e9 : le diagnostic lucide de Stephan Rietiker - Mouvement Souverainet\u00e9 Suisse","og_description":"Immigration en Suisse : entre promesses et r\u00e9alit\u00e9, l\u2019analyse de Stephan Rietiker met en lumi\u00e8re une pression d\u00e9mographique croissante et appelle \u00e0 reprendre le contr\u00f4le pour pr\u00e9server souverainet\u00e9 et stabilit\u00e9.","og_url":"https:\/\/souverainete-suisse.ch\/it\/2026\/04\/porre-fine-al-caos-migratorio-e-restaurare-la-sovranita-la-lucida-diagnosi-di-stephan-rietiker\/","og_site_name":"Mouvement Souverainet\u00e9 Suisse","article_published_time":"2026-04-21T11:31:27+00:00","article_modified_time":"2026-04-28T12:44:04+00:00","og_image":[{"width":2560,"height":1440,"url":"https:\/\/souverainete-suisse.ch\/wp-content\/uploads\/2026\/04\/Pro-Suisse.jpg","type":"image\/jpeg"}],"author":"ludom","twitter_card":"summary_large_image","twitter_misc":{"Scritto da":"ludom","Tempo di lettura stimato":"4 minuti"},"schema":{"@context":"https:\/\/schema.org","@graph":[{"@type":"Article","@id":"https:\/\/souverainete-suisse.ch\/2026\/04\/mettre-fin-au-chaos-migratoire-et-restaurer-la-souverainete-le-diagnostic-lucide-de-stephan-rietiker\/#article","isPartOf":{"@id":"https:\/\/souverainete-suisse.ch\/2026\/04\/mettre-fin-au-chaos-migratoire-et-restaurer-la-souverainete-le-diagnostic-lucide-de-stephan-rietiker\/"},"author":{"name":"ludom","@id":"https:\/\/souverainete-suisse.ch\/#\/schema\/person\/b25acb547faec24a94d7215216d68cbf"},"headline":"\ud83c\udde8\ud83c\udded Mettre fin au chaos migratoire et restaurer la souverainet\u00e9 : le diagnostic lucide de Stephan Rietiker","datePublished":"2026-04-21T11:31:27+00:00","dateModified":"2026-04-28T12:44:04+00:00","mainEntityOfPage":{"@id":"https:\/\/souverainete-suisse.ch\/2026\/04\/mettre-fin-au-chaos-migratoire-et-restaurer-la-souverainete-le-diagnostic-lucide-de-stephan-rietiker\/"},"wordCount":714,"publisher":{"@id":"https:\/\/souverainete-suisse.ch\/#organization"},"image":{"@id":"https:\/\/souverainete-suisse.ch\/2026\/04\/mettre-fin-au-chaos-migratoire-et-restaurer-la-souverainete-le-diagnostic-lucide-de-stephan-rietiker\/#primaryimage"},"thumbnailUrl":"https:\/\/souverainete-suisse.ch\/wp-content\/uploads\/2026\/04\/Pro-Suisse.jpg","articleSection":["Politique int\u00e9rieure","UE"],"inLanguage":"it-IT"},{"@type":"WebPage","@id":"https:\/\/souverainete-suisse.ch\/2026\/04\/mettre-fin-au-chaos-migratoire-et-restaurer-la-souverainete-le-diagnostic-lucide-de-stephan-rietiker\/","url":"https:\/\/souverainete-suisse.ch\/2026\/04\/mettre-fin-au-chaos-migratoire-et-restaurer-la-souverainete-le-diagnostic-lucide-de-stephan-rietiker\/","name":"\ud83c\udde8\ud83c\udded Mettre fin au chaos migratoire et restaurer la souverainet\u00e9 : le diagnostic lucide de Stephan Rietiker - Mouvement Souverainet\u00e9 Suisse","isPartOf":{"@id":"https:\/\/souverainete-suisse.ch\/#website"},"primaryImageOfPage":{"@id":"https:\/\/souverainete-suisse.ch\/2026\/04\/mettre-fin-au-chaos-migratoire-et-restaurer-la-souverainete-le-diagnostic-lucide-de-stephan-rietiker\/#primaryimage"},"image":{"@id":"https:\/\/souverainete-suisse.ch\/2026\/04\/mettre-fin-au-chaos-migratoire-et-restaurer-la-souverainete-le-diagnostic-lucide-de-stephan-rietiker\/#primaryimage"},"thumbnailUrl":"https:\/\/souverainete-suisse.ch\/wp-content\/uploads\/2026\/04\/Pro-Suisse.jpg","datePublished":"2026-04-21T11:31:27+00:00","dateModified":"2026-04-28T12:44:04+00:00","description":"Immigration en Suisse : entre promesses et r\u00e9alit\u00e9, l\u2019analyse de Stephan Rietiker met en lumi\u00e8re une pression d\u00e9mographique croissante et appelle \u00e0 reprendre le contr\u00f4le pour pr\u00e9server souverainet\u00e9 et stabilit\u00e9.","breadcrumb":{"@id":"https:\/\/souverainete-suisse.ch\/2026\/04\/mettre-fin-au-chaos-migratoire-et-restaurer-la-souverainete-le-diagnostic-lucide-de-stephan-rietiker\/#breadcrumb"},"inLanguage":"it-IT","potentialAction":[{"@type":"ReadAction","target":["https:\/\/souverainete-suisse.ch\/2026\/04\/mettre-fin-au-chaos-migratoire-et-restaurer-la-souverainete-le-diagnostic-lucide-de-stephan-rietiker\/"]}]},{"@type":"ImageObject","inLanguage":"it-IT","@id":"https:\/\/souverainete-suisse.ch\/2026\/04\/mettre-fin-au-chaos-migratoire-et-restaurer-la-souverainete-le-diagnostic-lucide-de-stephan-rietiker\/#primaryimage","url":"https:\/\/souverainete-suisse.ch\/wp-content\/uploads\/2026\/04\/Pro-Suisse.jpg","contentUrl":"https:\/\/souverainete-suisse.ch\/wp-content\/uploads\/2026\/04\/Pro-Suisse.jpg","width":2560,"height":1440},{"@type":"BreadcrumbList","@id":"https:\/\/souverainete-suisse.ch\/2026\/04\/mettre-fin-au-chaos-migratoire-et-restaurer-la-souverainete-le-diagnostic-lucide-de-stephan-rietiker\/#breadcrumb","itemListElement":[{"@type":"ListItem","position":1,"name":"Accueil","item":"https:\/\/souverainete-suisse.ch\/"},{"@type":"ListItem","position":2,"name":"\ud83c\udde8\ud83c\udded Mettre fin au chaos migratoire et restaurer la souverainet\u00e9 : le diagnostic lucide de Stephan Rietiker"}]},{"@type":"WebSite","@id":"https:\/\/souverainete-suisse.ch\/#website","url":"https:\/\/souverainete-suisse.ch\/","name":"Movimento per la sovranit\u00e0 della Svizzera","description":"","publisher":{"@id":"https:\/\/souverainete-suisse.ch\/#organization"},"potentialAction":[{"@type":"SearchAction","target":{"@type":"EntryPoint","urlTemplate":"https:\/\/souverainete-suisse.ch\/?s={search_term_string}"},"query-input":{"@type":"PropertyValueSpecification","valueRequired":true,"valueName":"search_term_string"}}],"inLanguage":"it-IT"},{"@type":"Organization","@id":"https:\/\/souverainete-suisse.ch\/#organization","name":"Movimento per la sovranit\u00e0 della Svizzera","url":"https:\/\/souverainete-suisse.ch\/","logo":{"@type":"ImageObject","inLanguage":"it-IT","@id":"https:\/\/souverainete-suisse.ch\/#\/schema\/logo\/image\/","url":"https:\/\/souverainete-suisse.ch\/wp-content\/uploads\/2025\/11\/logo.png","contentUrl":"https:\/\/souverainete-suisse.ch\/wp-content\/uploads\/2025\/11\/logo.png","width":2053,"height":1461,"caption":"Mouvement Souverainet\u00e9 Suisse"},"image":{"@id":"https:\/\/souverainete-suisse.ch\/#\/schema\/logo\/image\/"}},{"@type":"Person","@id":"https:\/\/souverainete-suisse.ch\/#\/schema\/person\/b25acb547faec24a94d7215216d68cbf","name":"ludom","image":{"@type":"ImageObject","inLanguage":"it-IT","@id":"https:\/\/souverainete-suisse.ch\/#\/schema\/person\/image\/","url":"https:\/\/secure.gravatar.com\/avatar\/77b40fd8e49e537abcea7487b290688ce92143c3443b1d3f419149c67282ffb4?s=96&d=mm&r=g","contentUrl":"https:\/\/secure.gravatar.com\/avatar\/77b40fd8e49e537abcea7487b290688ce92143c3443b1d3f419149c67282ffb4?s=96&d=mm&r=g","caption":"ludom"},"url":"http:\/\/souverainete-suisse.ch\/it\/author\/ludom\/"}]}},"_links":{"self":[{"href":"http:\/\/souverainete-suisse.ch\/it\/wp-json\/wp\/v2\/posts\/1074","targetHints":{"allow":["GET"]}}],"collection":[{"href":"http:\/\/souverainete-suisse.ch\/it\/wp-json\/wp\/v2\/posts"}],"about":[{"href":"http:\/\/souverainete-suisse.ch\/it\/wp-json\/wp\/v2\/types\/post"}],"author":[{"embeddable":true,"href":"http:\/\/souverainete-suisse.ch\/it\/wp-json\/wp\/v2\/users\/2"}],"replies":[{"embeddable":true,"href":"http:\/\/souverainete-suisse.ch\/it\/wp-json\/wp\/v2\/comments?post=1074"}],"version-history":[{"count":2,"href":"http:\/\/souverainete-suisse.ch\/it\/wp-json\/wp\/v2\/posts\/1074\/revisions"}],"predecessor-version":[{"id":1121,"href":"http:\/\/souverainete-suisse.ch\/it\/wp-json\/wp\/v2\/posts\/1074\/revisions\/1121"}],"wp:featuredmedia":[{"embeddable":true,"href":"http:\/\/souverainete-suisse.ch\/it\/wp-json\/wp\/v2\/media\/1075"}],"wp:attachment":[{"href":"http:\/\/souverainete-suisse.ch\/it\/wp-json\/wp\/v2\/media?parent=1074"}],"wp:term":[{"taxonomy":"category","embeddable":true,"href":"http:\/\/souverainete-suisse.ch\/it\/wp-json\/wp\/v2\/categories?post=1074"},{"taxonomy":"post_tag","embeddable":true,"href":"http:\/\/souverainete-suisse.ch\/it\/wp-json\/wp\/v2\/tags?post=1074"}],"curies":[{"name":"wp","href":"https:\/\/api.w.org\/{rel}","templated":true}]}}