{"id":1070,"date":"2026-04-21T13:29:03","date_gmt":"2026-04-21T11:29:03","guid":{"rendered":"https:\/\/souverainete-suisse.ch\/?p=1070"},"modified":"2026-04-28T14:44:24","modified_gmt":"2026-04-28T12:44:24","slug":"rudolf-minsch-leconomia-disconnessa-dalla-realta-svizzera","status":"publish","type":"post","link":"http:\/\/souverainete-suisse.ch\/it\/2026\/04\/rudolf-minsch-leconomia-disconnessa-dalla-realta-svizzera\/","title":{"rendered":"\ud83c\udde8\ud83c\udded Rudolf Minsch : l'economia scollegata dalla realt\u00e0 svizzera"},"content":{"rendered":"<p>Parlano di crescita, di modelli, di prosperit\u00e0 astratta. Ma dietro i grafici rassicuranti e le formule di esperti, si impone un'altra realt\u00e0: quella di un paese sotto pressione, dove alloggi, infrastrutture e salari raccontano una storia ben diversa. Quando Economiesuisse trasforma l'economia in discorso politico, \u00e8 ora di smontare gli argomenti, uno per uno.<\/p>\n<p id=\"ember2993\" class=\"ember-view reader-text-block__paragraph\">(fonte: L\u2019Agefi, 16 aprile 2026)<\/p>\n<p id=\"ember2994\" class=\"ember-view reader-text-block__paragraph\">Al di l\u00e0 della vernice tecnocratica, il discorso di Rudolf Minsch si configura meno come un'analisi economica e pi\u00f9 come un racconto politico calibrato. A suon di modelli astratti, medie lusinghiere e causalit\u00e0 semplificate, difende una visione in cui la crescita quantitativa giustifica tutto, compresa la progressiva diluizione degli equilibri svizzeri. Analisi punto per punto.<\/p>\n<h3 id=\"ember2995\" class=\"ember-view reader-text-block__heading-3\">1. \u00ab I lavoratori stranieri non sostituiscono la manodopera locale \u00bb: un'affermazione teorica smentita dai fatti<\/h3>\n<p id=\"ember2996\" class=\"ember-view reader-text-block__paragraph\">Minsch afferma che i lavoratori stranieri sono \u00abcomplementari\u00bb.<\/p>\n<p id=\"ember2997\" class=\"ember-view reader-text-block__paragraph\">\u2b95 <strong>Problema<\/strong> questa visione si basa su un modello ideale del mercato del lavoro.<\/p>\n<p id=\"ember2998\" class=\"ember-view reader-text-block__paragraph\"><strong>Realt\u00e0 osservabile:<\/strong><\/p>\n<ul>\n<li>In molti settori (edilizia, sanit\u00e0, servizi), la pressione salariale \u00e8 documentata.<\/li>\n<li>Il ricorso massiccio a manodopera straniera <strong>aumentare l'offerta di lavoro<\/strong>, il che, meccanicamente, <strong>frena l'aumento dei salari reali<\/strong>.<\/li>\n<li>Le aziende spesso prediligono profili pi\u00f9 flessibili o meno costosi.<\/li>\n<\/ul>\n<p id=\"ember3000\" class=\"ember-view reader-text-block__paragraph\">Persino la teoria economica standard (domanda\/offerta) indica che un rapido aumento dell'offerta di lavoro <strong>modifica l'equilibrio di mercato<\/strong>.<\/p>\n<h3 id=\"ember3001\" class=\"ember-view reader-text-block__heading-3\">2. \u00ab Il PIL pro capite \u00e8 in aumento dal 2002 \u00bb: un indicatore fuorviante<\/h3>\n<p id=\"ember3002\" class=\"ember-view reader-text-block__paragraph\">Citazione chiave (Agefi):<\/p>\n<blockquote id=\"ember3003\" class=\"ember-view reader-text-block__blockquote\"><p>\u00abIl PIL pro capite \u00e8 aumentato durante l'intero periodo dal 2002.\u00bb<\/p><\/blockquote>\n<p id=\"ember3004\" class=\"ember-view reader-text-block__paragraph\">\u2b95 <strong>S\u00ec, ma:<\/strong><\/p>\n<ul>\n<li>Questo aumento \u00e8 <strong>debole rispetto alla crescita totale del PIL<\/strong>.<\/li>\n<li>\u00c8 trainata in parte da settori specifici (farmaceutico, finanziario).<\/li>\n<li>Lei <strong>maschera la stagnazione del potere d'acquisto mediano<\/strong> in alcune regioni.<\/li>\n<\/ul>\n<p id=\"ember3006\" class=\"ember-view reader-text-block__paragraph\">\u2b95 Il punto cruciale riconosciuto nell'articolo stesso:<\/p>\n<blockquote id=\"ember3007\" class=\"ember-view reader-text-block__blockquote\"><p>la crescita svizzera \u00e8 \u00abgenerata in gran parte da un aumento della popolazione\u00bb.<\/p><\/blockquote>\n<p id=\"ember3008\" class=\"ember-view reader-text-block__paragraph\">In altre parole:<\/p>\n<p id=\"ember3009\" class=\"ember-view reader-text-block__paragraph\"><strong>crescita estensiva (pi\u00f9 abitanti) \u2260 prosperit\u00e0 individuale reale.<\/strong><\/p>\n<h3 id=\"ember3010\" class=\"ember-view reader-text-block__heading-3\">3. Immigrazione e alloggio: inversione della causalit\u00e0<\/h3>\n<p id=\"ember3011\" class=\"ember-view reader-text-block__paragraph\">Minsch afferma che la crisi abitativa \u00e8 \u00abcausata da noi stessi\u00bb (regolamentazione, lentezza dei permessi).<\/p>\n<p id=\"ember3012\" class=\"ember-view reader-text-block__paragraph\">\u2b95 <strong>Argomento incompleto:<\/strong><\/p>\n<ul>\n<li>La Svizzera ha accolto <strong>oltre 75.000 persone nel 2023<\/strong>.<\/li>\n<li>Ogni arrivo crea una domanda immediata di alloggio.<\/li>\n<li>L'offerta, strutturalmente rigida, <strong>non pu\u00f2 tenere questo ritmo<\/strong>.<\/li>\n<\/ul>\n<p id=\"ember3014\" class=\"ember-view reader-text-block__paragraph\">Risultato logico:<\/p>\n<p id=\"ember3015\" class=\"ember-view reader-text-block__paragraph\"><strong>l'esplosione degli affitti = pressione demografica + vincoli di offerta.<\/strong><\/p>\n<h3 id=\"ember3017\" class=\"ember-view reader-text-block__heading-3\">Ignorare la richiesta equivale a negare una legge economica fondamentale.<\/h3>\n<h3 id=\"ember3019\" class=\"ember-view reader-text-block__heading-3\">4.\u00a0Lo scenario del \u00abcaos\u00bb: retorica della paura<\/h3>\n<p id=\"ember3020\" class=\"ember-view reader-text-block__paragraph\">Minsch evoca:<\/p>\n<ul>\n<li>\u00ab caos migratorio e securitario \u00bb<\/li>\n<li>fine dei bilaterali<\/li>\n<li>rimettere in discussione Schengen<\/li>\n<\/ul>\n<p id=\"ember3022\" class=\"ember-view reader-text-block__paragraph\">\u2b95 <strong>Problema:<\/strong><\/p>\n<ul>\n<li>Questi scenari si basano su <strong>sequenze politiche ipotetiche<\/strong>, nessuna certezza economica.<\/li>\n<li>Loro riguardano pi\u00f9 da <strong>comunicazione strategica<\/strong> che di analisi.<\/li>\n<\/ul>\n<p id=\"ember3024\" class=\"ember-view reader-text-block__paragraph\">Promemoria:<\/p>\n<p id=\"ember3025\" class=\"ember-view reader-text-block__paragraph\">La Svizzera ha storicamente saputo rinegoziare e adattare i propri accordi.<\/p>\n<p id=\"ember3026\" class=\"ember-view reader-text-block__paragraph\">Presentare ogni alternativa come un \u00abcaos\u00bb \u00e8 un <strong>drammatizzazione eccessiva<\/strong>.<\/p>\n<h3 id=\"ember3027\" class=\"ember-view reader-text-block__heading-3\">5. Modelli economici (Ecoplan): proiezioni fragili<\/h3>\n<p id=\"ember3028\" class=\"ember-view reader-text-block__paragraph\">Cifre avanzate:<\/p>\n<ul>\n<li>-4,9% del PIL (Ecoplan)<\/li>\n<li>-7,1% (BAK Economics)<\/li>\n<li>-2500 CHF\/anno pro capite<\/li>\n<\/ul>\n<p id=\"ember3030\" class=\"ember-view reader-text-block__paragraph\">\u2b95 <strong>Mais Minsch lo riconosce lui stesso:<\/strong><\/p>\n<blockquote id=\"ember3031\" class=\"ember-view reader-text-block__blockquote\"><p>\u00ab \u00c8 impossibile sapere con precisione\u2026 \u00bb<\/p><\/blockquote>\n<p id=\"ember3032\" class=\"ember-view reader-text-block__paragraph\">\u2b95 Problemi principali:<\/p>\n<ul>\n<li>Ipotesi sensibili (mobilit\u00e0 del capitale, comportamento delle imprese)<\/li>\n<li>Risultati molto dipendenti dal modello scelto<\/li>\n<li>Divergenze importanti tra studi (es.: SwissEconomics: -0,9%)<\/li>\n<\/ul>\n<p id=\"ember3034\" class=\"ember-view reader-text-block__paragraph\"><strong>Conclusione:<\/strong><\/p>\n<p id=\"ember3035\" class=\"ember-view reader-text-block__paragraph\"><strong>questi numeri non sono fatti, ma scenari.<\/strong><\/p>\n<h3 id=\"ember3036\" class=\"ember-view reader-text-block__heading-3\">6. Manodopera straniera indispensabile? Una visione distorta<\/h3>\n<p id=\"ember3037\" class=\"ember-view reader-text-block__paragraph\">Minsch afferma:<\/p>\n<blockquote id=\"ember3038\" class=\"ember-view reader-text-block__blockquote\"><p>\u00ab La Svizzera non pu\u00f2 fornire abbastanza lavoratori. \u00bb<\/p><\/blockquote>\n<p id=\"ember3039\" class=\"ember-view reader-text-block__paragraph\">\u2b95 <strong>Controargomentazioni:<\/strong><\/p>\n<ul>\n<li>Potenziale sottoutilizzato:<\/li>\n<li>Effetti perversi:<\/li>\n<\/ul>\n<p id=\"ember3041\" class=\"ember-view reader-text-block__paragraph\">Un'economia dipendente dall'immigrazione diventa <strong>strutturalmente fragile<\/strong>.<\/p>\n<h3 id=\"ember3042\" class=\"ember-view reader-text-block__heading-3\">7. Produttivit\u00e0: il vero punto cieco<\/h3>\n<p id=\"ember3043\" class=\"ember-view reader-text-block__paragraph\">L'articolo riconosce:<\/p>\n<ul>\n<li>produttivit\u00e0 svizzera in rallentamento relativo (OCSE)<\/li>\n<li>concentrazione in alcuni settori<\/li>\n<\/ul>\n<p id=\"ember3045\" class=\"ember-view reader-text-block__paragraph\">Paradosso:<\/p>\n<p id=\"ember3046\" class=\"ember-view reader-text-block__paragraph\">Minsch d\u00e9fend une vision des choses qui <strong>favorisce la crescita demografica<\/strong><\/p>\n<p id=\"ember3047\" class=\"ember-view reader-text-block__paragraph\">mentre la vera sfida \u00e8 <strong>la produttivit\u00e0 qualitativa<\/strong>.<\/p>\n<p id=\"ember3048\" class=\"ember-view reader-text-block__paragraph\"><strong>Rischio<\/strong><\/p>\n<ul>\n<li>diluizione del modello economico svizzero<\/li>\n<li>dipendenza da una crescita estensiva<\/li>\n<\/ul>\n<h3 id=\"ember3050\" class=\"ember-view reader-text-block__heading-3\">Conclusione \u2014 Crescita a tutti i costi: una strategia fallimentare<\/h3>\n<p id=\"ember3051\" class=\"ember-view reader-text-block__paragraph\">Il discorso di Rudolf Minsch si basa su un'equazione semplicistica:<\/p>\n<p id=\"ember3052\" class=\"ember-view reader-text-block__paragraph\"><strong>immigrazione = crescita = prosperit\u00e0.<\/strong><\/p>\n<p id=\"ember3053\" class=\"ember-view reader-text-block__paragraph\">Ma i fatti mostrano una realt\u00e0 pi\u00f9 complessa:<\/p>\n<ul>\n<li>pressione sulle infrastrutture<\/li>\n<li>stagnazione relativa del tenore di vita<\/li>\n<li>crescente dipendenza economica<\/li>\n<li>fragilizzazione degli equilibri sociali<\/li>\n<\/ul>\n<p id=\"ember3055\" class=\"ember-view reader-text-block__paragraph\">A forza di ragionare per aggregati e modelli, si dimentica l'essenziale:<\/p>\n<p id=\"ember3056\" class=\"ember-view reader-text-block__paragraph\"><strong>un'economia non \u00e8 fatta per massimizzare curve, ma per servire una popolazione.<\/strong><\/p>\n<p id=\"ember3057\" class=\"ember-view reader-text-block__paragraph\">E su questo punto, le certezze ostentate da Economiesuisse appaiono meno come una competenza... che come un <strong>linea ideologica<\/strong>.<\/p>\n<p id=\"ember3058\" class=\"ember-view reader-text-block__paragraph\"><strong><em>Questa analisi ti ha interpellato? Metti un like per aiutarci a raggiungere un pubblico pi\u00f9 ampio.<\/em><\/strong><\/p>","protected":false},"excerpt":{"rendered":"<p>Ils parlent de croissance, de mod\u00e8les, de prosp\u00e9rit\u00e9 abstraite. Mais derri\u00e8re les graphiques rassurants et les formules d\u2019experts, une autre r\u00e9alit\u00e9 s\u2019impose: celle d\u2019un pays sous pression, o\u00f9 logement, infrastructures et salaires racontent une histoire bien diff\u00e9rente. Quand Economiesuisse transforme l\u2019\u00e9conomie en discours politique, il est temps de d\u00e9monter les arguments, un par un. (source [&hellip;]<\/p>\n","protected":false},"author":2,"featured_media":1071,"comment_status":"closed","ping_status":"closed","sticky":false,"template":"","format":"standard","meta":{"footnotes":""},"categories":[8,11],"tags":[],"class_list":["post-1070","post","type-post","status-publish","format-standard","has-post-thumbnail","hentry","category-politique-interieure","category-ue"],"yoast_head":"<!-- This site is optimized with the Yoast SEO plugin v26.9 - https:\/\/yoast.com\/product\/yoast-seo-wordpress\/ -->\n<title>\ud83c\udde8\ud83c\udded Rudolf Minsch : l\u2019\u00e9conomie d\u00e9connect\u00e9e face \u00e0 la r\u00e9alit\u00e9 suisse - Mouvement Souverainet\u00e9 Suisse<\/title>\n<meta name=\"description\" content=\"Immigration et croissance en Suisse : d\u00e9cryptage critique du discours d\u2019Economiesuisse. PIB, salaires, logement et souverainet\u00e9 \u2014 une analyse qui questionne le mod\u00e8le actuel et ses limites.\" \/>\n<meta name=\"robots\" content=\"index, follow, max-snippet:-1, max-image-preview:large, max-video-preview:-1\" \/>\n<link rel=\"canonical\" href=\"https:\/\/souverainete-suisse.ch\/it\/2026\/04\/rudolf-minsch-leconomia-disconnessa-dalla-realta-svizzera\/\" \/>\n<meta property=\"og:locale\" content=\"it_IT\" \/>\n<meta property=\"og:type\" content=\"article\" \/>\n<meta property=\"og:title\" content=\"\ud83c\udde8\ud83c\udded Rudolf Minsch : l\u2019\u00e9conomie d\u00e9connect\u00e9e face \u00e0 la r\u00e9alit\u00e9 suisse - Mouvement Souverainet\u00e9 Suisse\" \/>\n<meta property=\"og:description\" content=\"Immigration et croissance en Suisse : d\u00e9cryptage critique du discours d\u2019Economiesuisse. PIB, salaires, logement et souverainet\u00e9 \u2014 une analyse qui questionne le mod\u00e8le actuel et ses limites.\" \/>\n<meta property=\"og:url\" content=\"https:\/\/souverainete-suisse.ch\/it\/2026\/04\/rudolf-minsch-leconomia-disconnessa-dalla-realta-svizzera\/\" \/>\n<meta property=\"og:site_name\" content=\"Mouvement Souverainet\u00e9 Suisse\" \/>\n<meta property=\"article:published_time\" content=\"2026-04-21T11:29:03+00:00\" \/>\n<meta property=\"article:modified_time\" content=\"2026-04-28T12:44:24+00:00\" \/>\n<meta property=\"og:image\" content=\"https:\/\/souverainete-suisse.ch\/wp-content\/uploads\/2026\/04\/minsch.jpg\" \/>\n\t<meta property=\"og:image:width\" content=\"1280\" \/>\n\t<meta property=\"og:image:height\" content=\"720\" \/>\n\t<meta property=\"og:image:type\" content=\"image\/jpeg\" \/>\n<meta name=\"author\" content=\"ludom\" \/>\n<meta name=\"twitter:card\" content=\"summary_large_image\" \/>\n<meta name=\"twitter:label1\" content=\"Scritto da\" \/>\n\t<meta name=\"twitter:data1\" content=\"ludom\" \/>\n\t<meta name=\"twitter:label2\" content=\"Tempo di lettura stimato\" \/>\n\t<meta name=\"twitter:data2\" content=\"4 minuti\" \/>\n<script type=\"application\/ld+json\" class=\"yoast-schema-graph\">{\"@context\":\"https:\/\/schema.org\",\"@graph\":[{\"@type\":\"Article\",\"@id\":\"https:\/\/souverainete-suisse.ch\/2026\/04\/rudolf-minsch-leconomie-deconnectee-face-a-la-realite-suisse\/#article\",\"isPartOf\":{\"@id\":\"https:\/\/souverainete-suisse.ch\/2026\/04\/rudolf-minsch-leconomie-deconnectee-face-a-la-realite-suisse\/\"},\"author\":{\"name\":\"ludom\",\"@id\":\"https:\/\/souverainete-suisse.ch\/#\/schema\/person\/b25acb547faec24a94d7215216d68cbf\"},\"headline\":\"\ud83c\udde8\ud83c\udded Rudolf Minsch : l\u2019\u00e9conomie d\u00e9connect\u00e9e face \u00e0 la r\u00e9alit\u00e9 suisse\",\"datePublished\":\"2026-04-21T11:29:03+00:00\",\"dateModified\":\"2026-04-28T12:44:24+00:00\",\"mainEntityOfPage\":{\"@id\":\"https:\/\/souverainete-suisse.ch\/2026\/04\/rudolf-minsch-leconomie-deconnectee-face-a-la-realite-suisse\/\"},\"wordCount\":797,\"publisher\":{\"@id\":\"https:\/\/souverainete-suisse.ch\/#organization\"},\"image\":{\"@id\":\"https:\/\/souverainete-suisse.ch\/2026\/04\/rudolf-minsch-leconomie-deconnectee-face-a-la-realite-suisse\/#primaryimage\"},\"thumbnailUrl\":\"https:\/\/souverainete-suisse.ch\/wp-content\/uploads\/2026\/04\/minsch.jpg\",\"articleSection\":[\"Politique int\u00e9rieure\",\"UE\"],\"inLanguage\":\"it-IT\"},{\"@type\":\"WebPage\",\"@id\":\"https:\/\/souverainete-suisse.ch\/2026\/04\/rudolf-minsch-leconomie-deconnectee-face-a-la-realite-suisse\/\",\"url\":\"https:\/\/souverainete-suisse.ch\/2026\/04\/rudolf-minsch-leconomie-deconnectee-face-a-la-realite-suisse\/\",\"name\":\"\ud83c\udde8\ud83c\udded Rudolf Minsch : l\u2019\u00e9conomie d\u00e9connect\u00e9e face \u00e0 la r\u00e9alit\u00e9 suisse - Mouvement Souverainet\u00e9 Suisse\",\"isPartOf\":{\"@id\":\"https:\/\/souverainete-suisse.ch\/#website\"},\"primaryImageOfPage\":{\"@id\":\"https:\/\/souverainete-suisse.ch\/2026\/04\/rudolf-minsch-leconomie-deconnectee-face-a-la-realite-suisse\/#primaryimage\"},\"image\":{\"@id\":\"https:\/\/souverainete-suisse.ch\/2026\/04\/rudolf-minsch-leconomie-deconnectee-face-a-la-realite-suisse\/#primaryimage\"},\"thumbnailUrl\":\"https:\/\/souverainete-suisse.ch\/wp-content\/uploads\/2026\/04\/minsch.jpg\",\"datePublished\":\"2026-04-21T11:29:03+00:00\",\"dateModified\":\"2026-04-28T12:44:24+00:00\",\"description\":\"Immigration et croissance en Suisse : d\u00e9cryptage critique du discours d\u2019Economiesuisse. PIB, salaires, logement et souverainet\u00e9 \u2014 une analyse qui questionne le mod\u00e8le actuel et ses limites.\",\"breadcrumb\":{\"@id\":\"https:\/\/souverainete-suisse.ch\/2026\/04\/rudolf-minsch-leconomie-deconnectee-face-a-la-realite-suisse\/#breadcrumb\"},\"inLanguage\":\"it-IT\",\"potentialAction\":[{\"@type\":\"ReadAction\",\"target\":[\"https:\/\/souverainete-suisse.ch\/2026\/04\/rudolf-minsch-leconomie-deconnectee-face-a-la-realite-suisse\/\"]}]},{\"@type\":\"ImageObject\",\"inLanguage\":\"it-IT\",\"@id\":\"https:\/\/souverainete-suisse.ch\/2026\/04\/rudolf-minsch-leconomie-deconnectee-face-a-la-realite-suisse\/#primaryimage\",\"url\":\"https:\/\/souverainete-suisse.ch\/wp-content\/uploads\/2026\/04\/minsch.jpg\",\"contentUrl\":\"https:\/\/souverainete-suisse.ch\/wp-content\/uploads\/2026\/04\/minsch.jpg\",\"width\":1280,\"height\":720},{\"@type\":\"BreadcrumbList\",\"@id\":\"https:\/\/souverainete-suisse.ch\/2026\/04\/rudolf-minsch-leconomie-deconnectee-face-a-la-realite-suisse\/#breadcrumb\",\"itemListElement\":[{\"@type\":\"ListItem\",\"position\":1,\"name\":\"Accueil\",\"item\":\"https:\/\/souverainete-suisse.ch\/\"},{\"@type\":\"ListItem\",\"position\":2,\"name\":\"\ud83c\udde8\ud83c\udded Rudolf Minsch : l\u2019\u00e9conomie d\u00e9connect\u00e9e face \u00e0 la r\u00e9alit\u00e9 suisse\"}]},{\"@type\":\"WebSite\",\"@id\":\"https:\/\/souverainete-suisse.ch\/#website\",\"url\":\"https:\/\/souverainete-suisse.ch\/\",\"name\":\"Mouvement Souverainet\u00e9 Suisse\",\"description\":\"\",\"publisher\":{\"@id\":\"https:\/\/souverainete-suisse.ch\/#organization\"},\"potentialAction\":[{\"@type\":\"SearchAction\",\"target\":{\"@type\":\"EntryPoint\",\"urlTemplate\":\"https:\/\/souverainete-suisse.ch\/?s={search_term_string}\"},\"query-input\":{\"@type\":\"PropertyValueSpecification\",\"valueRequired\":true,\"valueName\":\"search_term_string\"}}],\"inLanguage\":\"it-IT\"},{\"@type\":\"Organization\",\"@id\":\"https:\/\/souverainete-suisse.ch\/#organization\",\"name\":\"Mouvement Souverainet\u00e9 Suisse\",\"url\":\"https:\/\/souverainete-suisse.ch\/\",\"logo\":{\"@type\":\"ImageObject\",\"inLanguage\":\"it-IT\",\"@id\":\"https:\/\/souverainete-suisse.ch\/#\/schema\/logo\/image\/\",\"url\":\"https:\/\/souverainete-suisse.ch\/wp-content\/uploads\/2025\/11\/logo.png\",\"contentUrl\":\"https:\/\/souverainete-suisse.ch\/wp-content\/uploads\/2025\/11\/logo.png\",\"width\":2053,\"height\":1461,\"caption\":\"Mouvement Souverainet\u00e9 Suisse\"},\"image\":{\"@id\":\"https:\/\/souverainete-suisse.ch\/#\/schema\/logo\/image\/\"}},{\"@type\":\"Person\",\"@id\":\"https:\/\/souverainete-suisse.ch\/#\/schema\/person\/b25acb547faec24a94d7215216d68cbf\",\"name\":\"ludom\",\"image\":{\"@type\":\"ImageObject\",\"inLanguage\":\"it-IT\",\"@id\":\"https:\/\/souverainete-suisse.ch\/#\/schema\/person\/image\/\",\"url\":\"https:\/\/secure.gravatar.com\/avatar\/77b40fd8e49e537abcea7487b290688ce92143c3443b1d3f419149c67282ffb4?s=96&d=mm&r=g\",\"contentUrl\":\"https:\/\/secure.gravatar.com\/avatar\/77b40fd8e49e537abcea7487b290688ce92143c3443b1d3f419149c67282ffb4?s=96&d=mm&r=g\",\"caption\":\"ludom\"},\"url\":\"http:\/\/souverainete-suisse.ch\/it\/author\/ludom\/\"}]}<\/script>\n<!-- \/ Yoast SEO plugin. -->","yoast_head_json":{"title":"\ud83c\udde8\ud83c\udded Rudolf Minsch : l\u2019\u00e9conomie d\u00e9connect\u00e9e face \u00e0 la r\u00e9alit\u00e9 suisse - Mouvement Souverainet\u00e9 Suisse","description":"Immigrazione e crescita in Svizzera: decifrazione critica del discorso di Economiesuisse. PIL, salari, alloggi e sovranit\u00e0 \u2014 un'analisi che mette in discussione il modello attuale e i suoi limiti.","robots":{"index":"index","follow":"follow","max-snippet":"max-snippet:-1","max-image-preview":"max-image-preview:large","max-video-preview":"max-video-preview:-1"},"canonical":"https:\/\/souverainete-suisse.ch\/it\/2026\/04\/rudolf-minsch-leconomia-disconnessa-dalla-realta-svizzera\/","og_locale":"it_IT","og_type":"article","og_title":"\ud83c\udde8\ud83c\udded Rudolf Minsch : l\u2019\u00e9conomie d\u00e9connect\u00e9e face \u00e0 la r\u00e9alit\u00e9 suisse - Mouvement Souverainet\u00e9 Suisse","og_description":"Immigration et croissance en Suisse : d\u00e9cryptage critique du discours d\u2019Economiesuisse. PIB, salaires, logement et souverainet\u00e9 \u2014 une analyse qui questionne le mod\u00e8le actuel et ses limites.","og_url":"https:\/\/souverainete-suisse.ch\/it\/2026\/04\/rudolf-minsch-leconomia-disconnessa-dalla-realta-svizzera\/","og_site_name":"Mouvement Souverainet\u00e9 Suisse","article_published_time":"2026-04-21T11:29:03+00:00","article_modified_time":"2026-04-28T12:44:24+00:00","og_image":[{"width":1280,"height":720,"url":"https:\/\/souverainete-suisse.ch\/wp-content\/uploads\/2026\/04\/minsch.jpg","type":"image\/jpeg"}],"author":"ludom","twitter_card":"summary_large_image","twitter_misc":{"Scritto da":"ludom","Tempo di lettura stimato":"4 minuti"},"schema":{"@context":"https:\/\/schema.org","@graph":[{"@type":"Article","@id":"https:\/\/souverainete-suisse.ch\/2026\/04\/rudolf-minsch-leconomie-deconnectee-face-a-la-realite-suisse\/#article","isPartOf":{"@id":"https:\/\/souverainete-suisse.ch\/2026\/04\/rudolf-minsch-leconomie-deconnectee-face-a-la-realite-suisse\/"},"author":{"name":"ludom","@id":"https:\/\/souverainete-suisse.ch\/#\/schema\/person\/b25acb547faec24a94d7215216d68cbf"},"headline":"\ud83c\udde8\ud83c\udded Rudolf Minsch : l\u2019\u00e9conomie d\u00e9connect\u00e9e face \u00e0 la r\u00e9alit\u00e9 suisse","datePublished":"2026-04-21T11:29:03+00:00","dateModified":"2026-04-28T12:44:24+00:00","mainEntityOfPage":{"@id":"https:\/\/souverainete-suisse.ch\/2026\/04\/rudolf-minsch-leconomie-deconnectee-face-a-la-realite-suisse\/"},"wordCount":797,"publisher":{"@id":"https:\/\/souverainete-suisse.ch\/#organization"},"image":{"@id":"https:\/\/souverainete-suisse.ch\/2026\/04\/rudolf-minsch-leconomie-deconnectee-face-a-la-realite-suisse\/#primaryimage"},"thumbnailUrl":"https:\/\/souverainete-suisse.ch\/wp-content\/uploads\/2026\/04\/minsch.jpg","articleSection":["Politique int\u00e9rieure","UE"],"inLanguage":"it-IT"},{"@type":"WebPage","@id":"https:\/\/souverainete-suisse.ch\/2026\/04\/rudolf-minsch-leconomie-deconnectee-face-a-la-realite-suisse\/","url":"https:\/\/souverainete-suisse.ch\/2026\/04\/rudolf-minsch-leconomie-deconnectee-face-a-la-realite-suisse\/","name":"\ud83c\udde8\ud83c\udded Rudolf Minsch : l\u2019\u00e9conomie d\u00e9connect\u00e9e face \u00e0 la r\u00e9alit\u00e9 suisse - Mouvement Souverainet\u00e9 Suisse","isPartOf":{"@id":"https:\/\/souverainete-suisse.ch\/#website"},"primaryImageOfPage":{"@id":"https:\/\/souverainete-suisse.ch\/2026\/04\/rudolf-minsch-leconomie-deconnectee-face-a-la-realite-suisse\/#primaryimage"},"image":{"@id":"https:\/\/souverainete-suisse.ch\/2026\/04\/rudolf-minsch-leconomie-deconnectee-face-a-la-realite-suisse\/#primaryimage"},"thumbnailUrl":"https:\/\/souverainete-suisse.ch\/wp-content\/uploads\/2026\/04\/minsch.jpg","datePublished":"2026-04-21T11:29:03+00:00","dateModified":"2026-04-28T12:44:24+00:00","description":"Immigrazione e crescita in Svizzera: decifrazione critica del discorso di Economiesuisse. PIL, salari, alloggi e sovranit\u00e0 \u2014 un'analisi che mette in discussione il modello attuale e i suoi limiti.","breadcrumb":{"@id":"https:\/\/souverainete-suisse.ch\/2026\/04\/rudolf-minsch-leconomie-deconnectee-face-a-la-realite-suisse\/#breadcrumb"},"inLanguage":"it-IT","potentialAction":[{"@type":"ReadAction","target":["https:\/\/souverainete-suisse.ch\/2026\/04\/rudolf-minsch-leconomie-deconnectee-face-a-la-realite-suisse\/"]}]},{"@type":"ImageObject","inLanguage":"it-IT","@id":"https:\/\/souverainete-suisse.ch\/2026\/04\/rudolf-minsch-leconomie-deconnectee-face-a-la-realite-suisse\/#primaryimage","url":"https:\/\/souverainete-suisse.ch\/wp-content\/uploads\/2026\/04\/minsch.jpg","contentUrl":"https:\/\/souverainete-suisse.ch\/wp-content\/uploads\/2026\/04\/minsch.jpg","width":1280,"height":720},{"@type":"BreadcrumbList","@id":"https:\/\/souverainete-suisse.ch\/2026\/04\/rudolf-minsch-leconomie-deconnectee-face-a-la-realite-suisse\/#breadcrumb","itemListElement":[{"@type":"ListItem","position":1,"name":"Accueil","item":"https:\/\/souverainete-suisse.ch\/"},{"@type":"ListItem","position":2,"name":"\ud83c\udde8\ud83c\udded Rudolf Minsch : l\u2019\u00e9conomie d\u00e9connect\u00e9e face \u00e0 la r\u00e9alit\u00e9 suisse"}]},{"@type":"WebSite","@id":"https:\/\/souverainete-suisse.ch\/#website","url":"https:\/\/souverainete-suisse.ch\/","name":"Movimento per la sovranit\u00e0 della Svizzera","description":"","publisher":{"@id":"https:\/\/souverainete-suisse.ch\/#organization"},"potentialAction":[{"@type":"SearchAction","target":{"@type":"EntryPoint","urlTemplate":"https:\/\/souverainete-suisse.ch\/?s={search_term_string}"},"query-input":{"@type":"PropertyValueSpecification","valueRequired":true,"valueName":"search_term_string"}}],"inLanguage":"it-IT"},{"@type":"Organization","@id":"https:\/\/souverainete-suisse.ch\/#organization","name":"Movimento per la sovranit\u00e0 della Svizzera","url":"https:\/\/souverainete-suisse.ch\/","logo":{"@type":"ImageObject","inLanguage":"it-IT","@id":"https:\/\/souverainete-suisse.ch\/#\/schema\/logo\/image\/","url":"https:\/\/souverainete-suisse.ch\/wp-content\/uploads\/2025\/11\/logo.png","contentUrl":"https:\/\/souverainete-suisse.ch\/wp-content\/uploads\/2025\/11\/logo.png","width":2053,"height":1461,"caption":"Mouvement Souverainet\u00e9 Suisse"},"image":{"@id":"https:\/\/souverainete-suisse.ch\/#\/schema\/logo\/image\/"}},{"@type":"Person","@id":"https:\/\/souverainete-suisse.ch\/#\/schema\/person\/b25acb547faec24a94d7215216d68cbf","name":"ludom","image":{"@type":"ImageObject","inLanguage":"it-IT","@id":"https:\/\/souverainete-suisse.ch\/#\/schema\/person\/image\/","url":"https:\/\/secure.gravatar.com\/avatar\/77b40fd8e49e537abcea7487b290688ce92143c3443b1d3f419149c67282ffb4?s=96&d=mm&r=g","contentUrl":"https:\/\/secure.gravatar.com\/avatar\/77b40fd8e49e537abcea7487b290688ce92143c3443b1d3f419149c67282ffb4?s=96&d=mm&r=g","caption":"ludom"},"url":"http:\/\/souverainete-suisse.ch\/it\/author\/ludom\/"}]}},"_links":{"self":[{"href":"http:\/\/souverainete-suisse.ch\/it\/wp-json\/wp\/v2\/posts\/1070","targetHints":{"allow":["GET"]}}],"collection":[{"href":"http:\/\/souverainete-suisse.ch\/it\/wp-json\/wp\/v2\/posts"}],"about":[{"href":"http:\/\/souverainete-suisse.ch\/it\/wp-json\/wp\/v2\/types\/post"}],"author":[{"embeddable":true,"href":"http:\/\/souverainete-suisse.ch\/it\/wp-json\/wp\/v2\/users\/2"}],"replies":[{"embeddable":true,"href":"http:\/\/souverainete-suisse.ch\/it\/wp-json\/wp\/v2\/comments?post=1070"}],"version-history":[{"count":2,"href":"http:\/\/souverainete-suisse.ch\/it\/wp-json\/wp\/v2\/posts\/1070\/revisions"}],"predecessor-version":[{"id":1124,"href":"http:\/\/souverainete-suisse.ch\/it\/wp-json\/wp\/v2\/posts\/1070\/revisions\/1124"}],"wp:featuredmedia":[{"embeddable":true,"href":"http:\/\/souverainete-suisse.ch\/it\/wp-json\/wp\/v2\/media\/1071"}],"wp:attachment":[{"href":"http:\/\/souverainete-suisse.ch\/it\/wp-json\/wp\/v2\/media?parent=1070"}],"wp:term":[{"taxonomy":"category","embeddable":true,"href":"http:\/\/souverainete-suisse.ch\/it\/wp-json\/wp\/v2\/categories?post=1070"},{"taxonomy":"post_tag","embeddable":true,"href":"http:\/\/souverainete-suisse.ch\/it\/wp-json\/wp\/v2\/tags?post=1070"}],"curies":[{"name":"wp","href":"https:\/\/api.w.org\/{rel}","templated":true}]}}