{"id":1058,"date":"2026-04-17T14:53:37","date_gmt":"2026-04-17T12:53:37","guid":{"rendered":"https:\/\/souverainete-suisse.ch\/?p=1058"},"modified":"2026-04-17T14:53:37","modified_gmt":"2026-04-17T12:53:37","slug":"creare-la-fabbrica-della-paura-al-servizio-della-propaganda","status":"publish","type":"post","link":"http:\/\/souverainete-suisse.ch\/it\/2026\/04\/creare-la-fabbrica-della-paura-al-servizio-della-propaganda\/","title":{"rendered":"FER: la fabbrica della paura al servizio della propaganda"},"content":{"rendered":"<p>Quando un'organizzazione che dovrebbe difendere l'economia si trasforma in una messa in scena della paura, non si tratta pi\u00f9 di un dibattito \u2014 \u00e8 un tentativo di influenzare. Con visivi cupi, slogan semplicistici e scenari catastrofici, la FER abbandona l'argomentazione a favore della manipolazione. Dietro queste immagini scioccanti, una strategia chiara: aggirare la riflessione e orientare l'opinione. Ma a forza di prendere i cittadini per un pubblico da convincere piuttosto che da rispettare, \u00e8 la sua stessa credibilit\u00e0 che la federazione mette in gioco.<\/p>\n<p>&nbsp;<\/p>\n<p id=\"ember1531\" class=\"ember-view reader-text-block__paragraph\"><strong>La Federazione delle imprese romande<\/strong> (FER) non fa pi\u00f9 rappresentazione economica. Fa propaganda. E nemmeno delle pi\u00f9 sottili: una messa in scena grossolana, ansiogena, quasi caricaturale, che riduce un dibattito democratico complesso a paure primarie accuratamente messe in vetrina.<\/p>\n<p id=\"ember1532\" class=\"ember-view reader-text-block__paragraph\">Brandire immagini di \u00abquartieri senza vita\u00bb e agitare lo spettro di una \u00abSvizzera senza bambini\u00bb non \u00e8 un argomento. <strong>\u00c8 una tecnica di manipolazione psicologica degna delle peggiori ricette di marketing: creare un\u2019angoscia, semplificare all\u2019estremo, poi orientare la reazione.<\/strong> Non siamo pi\u00f9 nell'analisi, ma nella vendita. Come venditori di detersivi che promettono un mondo pi\u00f9 pulito con slogan vuoti e immagini scioccanti.<\/p>\n<p id=\"ember1533\" class=\"ember-view reader-text-block__paragraph\">Ci\u00f2 che \u00e8 preoccupante non \u00e8 solo il messaggio. <strong>\u00c8 il disprezzo che rivela per l\u2019intelligenza dei cittadini<\/strong>. Credere che un popolo abituato alla democrazia diretta possa essere guidato da fili cos\u00ec visibili \u00e8 una forma di arroganza.<\/p>\n<p id=\"ember1534\" class=\"ember-view reader-text-block__paragraph\">A forza di voler influenzare a tutti i costi, la FER danneggia ci\u00f2 che dichiara di difendere. <strong>Scredita la parola economica, indebolisce il dibattito pubblico ed espone le aziende che rappresenta a una legittima reazione.<\/strong> Molte di loro meritano di meglio di una comunicazione distopica, senza sfumature, senza rigore, senza scrupoli.<\/p>\n<p id=\"ember1535\" class=\"ember-view reader-text-block__paragraph\">Un'organizzazione che dovrebbe incarnare la seriet\u00e0 e la responsabilit\u00e0 del tessuto economico romando si trasforma qui in una macchina da slogan. E questo, s\u00ec, \u00e8 <strong>un vero disonore per le aziende ginevrine che si ritrovano associate a questo spettacolo.<\/strong><\/p>","protected":false},"excerpt":{"rendered":"<p>Quand une organisation cens\u00e9e d\u00e9fendre l\u2019\u00e9conomie bascule dans la mise en sc\u00e8ne de la peur, ce n\u2019est plus un d\u00e9bat \u2014 c\u2019est une tentative d\u2019influence. Avec des visuels sombres, des slogans simplistes et des sc\u00e9narios catastrophes, la FER abandonne l\u2019argumentation pour la manipulation. Derri\u00e8re ces images choc, une strat\u00e9gie claire : court-circuiter la r\u00e9flexion et [&hellip;]<\/p>\n","protected":false},"author":2,"featured_media":1059,"comment_status":"closed","ping_status":"closed","sticky":false,"template":"","format":"standard","meta":{"footnotes":""},"categories":[8,11],"tags":[],"class_list":["post-1058","post","type-post","status-publish","format-standard","has-post-thumbnail","hentry","category-politique-interieure","category-ue"],"yoast_head":"<!-- This site is optimized with the Yoast SEO plugin v26.9 - https:\/\/yoast.com\/product\/yoast-seo-wordpress\/ -->\n<title>FER : la fabrique de la peur au service de la propagande - Mouvement Souverainet\u00e9 Suisse<\/title>\n<meta name=\"description\" content=\"FER : une communication jug\u00e9e propagandiste et anxiog\u00e8ne, accus\u00e9e de manipuler le d\u00e9bat d\u00e9mocratique avec des slogans simplistes, au risque de d\u00e9cr\u00e9dibiliser la parole \u00e9conomique et d\u2019affaiblir la confiance des citoyens.\" \/>\n<meta name=\"robots\" content=\"index, follow, max-snippet:-1, max-image-preview:large, max-video-preview:-1\" \/>\n<link rel=\"canonical\" href=\"https:\/\/souverainete-suisse.ch\/it\/2026\/04\/creare-la-fabbrica-della-paura-al-servizio-della-propaganda\/\" \/>\n<meta property=\"og:locale\" content=\"it_IT\" \/>\n<meta property=\"og:type\" content=\"article\" \/>\n<meta property=\"og:title\" content=\"FER : la fabrique de la peur au service de la propagande - Mouvement Souverainet\u00e9 Suisse\" \/>\n<meta property=\"og:description\" content=\"FER : une communication jug\u00e9e propagandiste et anxiog\u00e8ne, accus\u00e9e de manipuler le d\u00e9bat d\u00e9mocratique avec des slogans simplistes, au risque de d\u00e9cr\u00e9dibiliser la parole \u00e9conomique et d\u2019affaiblir la confiance des citoyens.\" \/>\n<meta property=\"og:url\" content=\"https:\/\/souverainete-suisse.ch\/it\/2026\/04\/creare-la-fabbrica-della-paura-al-servizio-della-propaganda\/\" \/>\n<meta property=\"og:site_name\" content=\"Mouvement Souverainet\u00e9 Suisse\" \/>\n<meta property=\"article:published_time\" content=\"2026-04-17T12:53:37+00:00\" \/>\n<meta property=\"og:image\" content=\"https:\/\/souverainete-suisse.ch\/wp-content\/uploads\/2026\/04\/Suissesansenfants.jpg\" \/>\n\t<meta property=\"og:image:width\" content=\"1536\" \/>\n\t<meta property=\"og:image:height\" content=\"1024\" \/>\n\t<meta property=\"og:image:type\" content=\"image\/jpeg\" \/>\n<meta name=\"author\" content=\"ludom\" \/>\n<meta name=\"twitter:card\" content=\"summary_large_image\" \/>\n<meta name=\"twitter:label1\" content=\"Scritto da\" \/>\n\t<meta name=\"twitter:data1\" content=\"ludom\" \/>\n\t<meta name=\"twitter:label2\" content=\"Tempo di lettura stimato\" \/>\n\t<meta name=\"twitter:data2\" content=\"2 minuti\" \/>\n<script type=\"application\/ld+json\" class=\"yoast-schema-graph\">{\"@context\":\"https:\/\/schema.org\",\"@graph\":[{\"@type\":\"Article\",\"@id\":\"https:\/\/souverainete-suisse.ch\/2026\/04\/fer-la-fabrique-de-la-peur-au-service-de-la-propagande\/#article\",\"isPartOf\":{\"@id\":\"https:\/\/souverainete-suisse.ch\/2026\/04\/fer-la-fabrique-de-la-peur-au-service-de-la-propagande\/\"},\"author\":{\"name\":\"ludom\",\"@id\":\"https:\/\/souverainete-suisse.ch\/#\/schema\/person\/b25acb547faec24a94d7215216d68cbf\"},\"headline\":\"FER : la fabrique de la peur au service de la propagande\",\"datePublished\":\"2026-04-17T12:53:37+00:00\",\"mainEntityOfPage\":{\"@id\":\"https:\/\/souverainete-suisse.ch\/2026\/04\/fer-la-fabrique-de-la-peur-au-service-de-la-propagande\/\"},\"wordCount\":392,\"publisher\":{\"@id\":\"https:\/\/souverainete-suisse.ch\/#organization\"},\"image\":{\"@id\":\"https:\/\/souverainete-suisse.ch\/2026\/04\/fer-la-fabrique-de-la-peur-au-service-de-la-propagande\/#primaryimage\"},\"thumbnailUrl\":\"https:\/\/souverainete-suisse.ch\/wp-content\/uploads\/2026\/04\/Suissesansenfants.jpg\",\"articleSection\":[\"Politique int\u00e9rieure\",\"UE\"],\"inLanguage\":\"it-IT\"},{\"@type\":\"WebPage\",\"@id\":\"https:\/\/souverainete-suisse.ch\/2026\/04\/fer-la-fabrique-de-la-peur-au-service-de-la-propagande\/\",\"url\":\"https:\/\/souverainete-suisse.ch\/2026\/04\/fer-la-fabrique-de-la-peur-au-service-de-la-propagande\/\",\"name\":\"FER : la fabrique de la peur au service de la propagande - Mouvement Souverainet\u00e9 Suisse\",\"isPartOf\":{\"@id\":\"https:\/\/souverainete-suisse.ch\/#website\"},\"primaryImageOfPage\":{\"@id\":\"https:\/\/souverainete-suisse.ch\/2026\/04\/fer-la-fabrique-de-la-peur-au-service-de-la-propagande\/#primaryimage\"},\"image\":{\"@id\":\"https:\/\/souverainete-suisse.ch\/2026\/04\/fer-la-fabrique-de-la-peur-au-service-de-la-propagande\/#primaryimage\"},\"thumbnailUrl\":\"https:\/\/souverainete-suisse.ch\/wp-content\/uploads\/2026\/04\/Suissesansenfants.jpg\",\"datePublished\":\"2026-04-17T12:53:37+00:00\",\"description\":\"FER : une communication jug\u00e9e propagandiste et anxiog\u00e8ne, accus\u00e9e de manipuler le d\u00e9bat d\u00e9mocratique avec des slogans simplistes, au risque de d\u00e9cr\u00e9dibiliser la parole \u00e9conomique et d\u2019affaiblir la confiance des citoyens.\",\"breadcrumb\":{\"@id\":\"https:\/\/souverainete-suisse.ch\/2026\/04\/fer-la-fabrique-de-la-peur-au-service-de-la-propagande\/#breadcrumb\"},\"inLanguage\":\"it-IT\",\"potentialAction\":[{\"@type\":\"ReadAction\",\"target\":[\"https:\/\/souverainete-suisse.ch\/2026\/04\/fer-la-fabrique-de-la-peur-au-service-de-la-propagande\/\"]}]},{\"@type\":\"ImageObject\",\"inLanguage\":\"it-IT\",\"@id\":\"https:\/\/souverainete-suisse.ch\/2026\/04\/fer-la-fabrique-de-la-peur-au-service-de-la-propagande\/#primaryimage\",\"url\":\"https:\/\/souverainete-suisse.ch\/wp-content\/uploads\/2026\/04\/Suissesansenfants.jpg\",\"contentUrl\":\"https:\/\/souverainete-suisse.ch\/wp-content\/uploads\/2026\/04\/Suissesansenfants.jpg\",\"width\":1536,\"height\":1024},{\"@type\":\"BreadcrumbList\",\"@id\":\"https:\/\/souverainete-suisse.ch\/2026\/04\/fer-la-fabrique-de-la-peur-au-service-de-la-propagande\/#breadcrumb\",\"itemListElement\":[{\"@type\":\"ListItem\",\"position\":1,\"name\":\"Accueil\",\"item\":\"https:\/\/souverainete-suisse.ch\/\"},{\"@type\":\"ListItem\",\"position\":2,\"name\":\"FER : la fabrique de la peur au service de la propagande\"}]},{\"@type\":\"WebSite\",\"@id\":\"https:\/\/souverainete-suisse.ch\/#website\",\"url\":\"https:\/\/souverainete-suisse.ch\/\",\"name\":\"Mouvement Souverainet\u00e9 Suisse\",\"description\":\"\",\"publisher\":{\"@id\":\"https:\/\/souverainete-suisse.ch\/#organization\"},\"potentialAction\":[{\"@type\":\"SearchAction\",\"target\":{\"@type\":\"EntryPoint\",\"urlTemplate\":\"https:\/\/souverainete-suisse.ch\/?s={search_term_string}\"},\"query-input\":{\"@type\":\"PropertyValueSpecification\",\"valueRequired\":true,\"valueName\":\"search_term_string\"}}],\"inLanguage\":\"it-IT\"},{\"@type\":\"Organization\",\"@id\":\"https:\/\/souverainete-suisse.ch\/#organization\",\"name\":\"Mouvement Souverainet\u00e9 Suisse\",\"url\":\"https:\/\/souverainete-suisse.ch\/\",\"logo\":{\"@type\":\"ImageObject\",\"inLanguage\":\"it-IT\",\"@id\":\"https:\/\/souverainete-suisse.ch\/#\/schema\/logo\/image\/\",\"url\":\"https:\/\/souverainete-suisse.ch\/wp-content\/uploads\/2025\/11\/logo.png\",\"contentUrl\":\"https:\/\/souverainete-suisse.ch\/wp-content\/uploads\/2025\/11\/logo.png\",\"width\":2053,\"height\":1461,\"caption\":\"Mouvement Souverainet\u00e9 Suisse\"},\"image\":{\"@id\":\"https:\/\/souverainete-suisse.ch\/#\/schema\/logo\/image\/\"}},{\"@type\":\"Person\",\"@id\":\"https:\/\/souverainete-suisse.ch\/#\/schema\/person\/b25acb547faec24a94d7215216d68cbf\",\"name\":\"ludom\",\"image\":{\"@type\":\"ImageObject\",\"inLanguage\":\"it-IT\",\"@id\":\"https:\/\/souverainete-suisse.ch\/#\/schema\/person\/image\/\",\"url\":\"https:\/\/secure.gravatar.com\/avatar\/77b40fd8e49e537abcea7487b290688ce92143c3443b1d3f419149c67282ffb4?s=96&d=mm&r=g\",\"contentUrl\":\"https:\/\/secure.gravatar.com\/avatar\/77b40fd8e49e537abcea7487b290688ce92143c3443b1d3f419149c67282ffb4?s=96&d=mm&r=g\",\"caption\":\"ludom\"},\"url\":\"http:\/\/souverainete-suisse.ch\/it\/author\/ludom\/\"}]}<\/script>\n<!-- \/ Yoast SEO plugin. -->","yoast_head_json":{"title":"FER: la fabbrica della paura al servizio della propaganda - Movimento Sovranit\u00e0 Svizzera","description":"FER: una comunicazione giudicata propagandistica e ansiogena, accusata di manipolare il dibattito democratico con slogan semplicistici, a rischio di screditare il discorso economico e indebolire la fiducia dei cittadini.","robots":{"index":"index","follow":"follow","max-snippet":"max-snippet:-1","max-image-preview":"max-image-preview:large","max-video-preview":"max-video-preview:-1"},"canonical":"https:\/\/souverainete-suisse.ch\/it\/2026\/04\/creare-la-fabbrica-della-paura-al-servizio-della-propaganda\/","og_locale":"it_IT","og_type":"article","og_title":"FER : la fabrique de la peur au service de la propagande - Mouvement Souverainet\u00e9 Suisse","og_description":"FER : une communication jug\u00e9e propagandiste et anxiog\u00e8ne, accus\u00e9e de manipuler le d\u00e9bat d\u00e9mocratique avec des slogans simplistes, au risque de d\u00e9cr\u00e9dibiliser la parole \u00e9conomique et d\u2019affaiblir la confiance des citoyens.","og_url":"https:\/\/souverainete-suisse.ch\/it\/2026\/04\/creare-la-fabbrica-della-paura-al-servizio-della-propaganda\/","og_site_name":"Mouvement Souverainet\u00e9 Suisse","article_published_time":"2026-04-17T12:53:37+00:00","og_image":[{"width":1536,"height":1024,"url":"https:\/\/souverainete-suisse.ch\/wp-content\/uploads\/2026\/04\/Suissesansenfants.jpg","type":"image\/jpeg"}],"author":"ludom","twitter_card":"summary_large_image","twitter_misc":{"Scritto da":"ludom","Tempo di lettura stimato":"2 minuti"},"schema":{"@context":"https:\/\/schema.org","@graph":[{"@type":"Article","@id":"https:\/\/souverainete-suisse.ch\/2026\/04\/fer-la-fabrique-de-la-peur-au-service-de-la-propagande\/#article","isPartOf":{"@id":"https:\/\/souverainete-suisse.ch\/2026\/04\/fer-la-fabrique-de-la-peur-au-service-de-la-propagande\/"},"author":{"name":"ludom","@id":"https:\/\/souverainete-suisse.ch\/#\/schema\/person\/b25acb547faec24a94d7215216d68cbf"},"headline":"FER : la fabrique de la peur au service de la propagande","datePublished":"2026-04-17T12:53:37+00:00","mainEntityOfPage":{"@id":"https:\/\/souverainete-suisse.ch\/2026\/04\/fer-la-fabrique-de-la-peur-au-service-de-la-propagande\/"},"wordCount":392,"publisher":{"@id":"https:\/\/souverainete-suisse.ch\/#organization"},"image":{"@id":"https:\/\/souverainete-suisse.ch\/2026\/04\/fer-la-fabrique-de-la-peur-au-service-de-la-propagande\/#primaryimage"},"thumbnailUrl":"https:\/\/souverainete-suisse.ch\/wp-content\/uploads\/2026\/04\/Suissesansenfants.jpg","articleSection":["Politique int\u00e9rieure","UE"],"inLanguage":"it-IT"},{"@type":"WebPage","@id":"https:\/\/souverainete-suisse.ch\/2026\/04\/fer-la-fabrique-de-la-peur-au-service-de-la-propagande\/","url":"https:\/\/souverainete-suisse.ch\/2026\/04\/fer-la-fabrique-de-la-peur-au-service-de-la-propagande\/","name":"FER: la fabbrica della paura al servizio della propaganda - Movimento Sovranit\u00e0 Svizzera","isPartOf":{"@id":"https:\/\/souverainete-suisse.ch\/#website"},"primaryImageOfPage":{"@id":"https:\/\/souverainete-suisse.ch\/2026\/04\/fer-la-fabrique-de-la-peur-au-service-de-la-propagande\/#primaryimage"},"image":{"@id":"https:\/\/souverainete-suisse.ch\/2026\/04\/fer-la-fabrique-de-la-peur-au-service-de-la-propagande\/#primaryimage"},"thumbnailUrl":"https:\/\/souverainete-suisse.ch\/wp-content\/uploads\/2026\/04\/Suissesansenfants.jpg","datePublished":"2026-04-17T12:53:37+00:00","description":"FER: una comunicazione giudicata propagandistica e ansiogena, accusata di manipolare il dibattito democratico con slogan semplicistici, a rischio di screditare il discorso economico e indebolire la fiducia dei cittadini.","breadcrumb":{"@id":"https:\/\/souverainete-suisse.ch\/2026\/04\/fer-la-fabrique-de-la-peur-au-service-de-la-propagande\/#breadcrumb"},"inLanguage":"it-IT","potentialAction":[{"@type":"ReadAction","target":["https:\/\/souverainete-suisse.ch\/2026\/04\/fer-la-fabrique-de-la-peur-au-service-de-la-propagande\/"]}]},{"@type":"ImageObject","inLanguage":"it-IT","@id":"https:\/\/souverainete-suisse.ch\/2026\/04\/fer-la-fabrique-de-la-peur-au-service-de-la-propagande\/#primaryimage","url":"https:\/\/souverainete-suisse.ch\/wp-content\/uploads\/2026\/04\/Suissesansenfants.jpg","contentUrl":"https:\/\/souverainete-suisse.ch\/wp-content\/uploads\/2026\/04\/Suissesansenfants.jpg","width":1536,"height":1024},{"@type":"BreadcrumbList","@id":"https:\/\/souverainete-suisse.ch\/2026\/04\/fer-la-fabrique-de-la-peur-au-service-de-la-propagande\/#breadcrumb","itemListElement":[{"@type":"ListItem","position":1,"name":"Accueil","item":"https:\/\/souverainete-suisse.ch\/"},{"@type":"ListItem","position":2,"name":"FER : la fabrique de la peur au service de la propagande"}]},{"@type":"WebSite","@id":"https:\/\/souverainete-suisse.ch\/#website","url":"https:\/\/souverainete-suisse.ch\/","name":"Movimento per la sovranit\u00e0 della Svizzera","description":"","publisher":{"@id":"https:\/\/souverainete-suisse.ch\/#organization"},"potentialAction":[{"@type":"SearchAction","target":{"@type":"EntryPoint","urlTemplate":"https:\/\/souverainete-suisse.ch\/?s={search_term_string}"},"query-input":{"@type":"PropertyValueSpecification","valueRequired":true,"valueName":"search_term_string"}}],"inLanguage":"it-IT"},{"@type":"Organization","@id":"https:\/\/souverainete-suisse.ch\/#organization","name":"Movimento per la sovranit\u00e0 della Svizzera","url":"https:\/\/souverainete-suisse.ch\/","logo":{"@type":"ImageObject","inLanguage":"it-IT","@id":"https:\/\/souverainete-suisse.ch\/#\/schema\/logo\/image\/","url":"https:\/\/souverainete-suisse.ch\/wp-content\/uploads\/2025\/11\/logo.png","contentUrl":"https:\/\/souverainete-suisse.ch\/wp-content\/uploads\/2025\/11\/logo.png","width":2053,"height":1461,"caption":"Mouvement Souverainet\u00e9 Suisse"},"image":{"@id":"https:\/\/souverainete-suisse.ch\/#\/schema\/logo\/image\/"}},{"@type":"Person","@id":"https:\/\/souverainete-suisse.ch\/#\/schema\/person\/b25acb547faec24a94d7215216d68cbf","name":"ludom","image":{"@type":"ImageObject","inLanguage":"it-IT","@id":"https:\/\/souverainete-suisse.ch\/#\/schema\/person\/image\/","url":"https:\/\/secure.gravatar.com\/avatar\/77b40fd8e49e537abcea7487b290688ce92143c3443b1d3f419149c67282ffb4?s=96&d=mm&r=g","contentUrl":"https:\/\/secure.gravatar.com\/avatar\/77b40fd8e49e537abcea7487b290688ce92143c3443b1d3f419149c67282ffb4?s=96&d=mm&r=g","caption":"ludom"},"url":"http:\/\/souverainete-suisse.ch\/it\/author\/ludom\/"}]}},"_links":{"self":[{"href":"http:\/\/souverainete-suisse.ch\/it\/wp-json\/wp\/v2\/posts\/1058","targetHints":{"allow":["GET"]}}],"collection":[{"href":"http:\/\/souverainete-suisse.ch\/it\/wp-json\/wp\/v2\/posts"}],"about":[{"href":"http:\/\/souverainete-suisse.ch\/it\/wp-json\/wp\/v2\/types\/post"}],"author":[{"embeddable":true,"href":"http:\/\/souverainete-suisse.ch\/it\/wp-json\/wp\/v2\/users\/2"}],"replies":[{"embeddable":true,"href":"http:\/\/souverainete-suisse.ch\/it\/wp-json\/wp\/v2\/comments?post=1058"}],"version-history":[{"count":1,"href":"http:\/\/souverainete-suisse.ch\/it\/wp-json\/wp\/v2\/posts\/1058\/revisions"}],"predecessor-version":[{"id":1060,"href":"http:\/\/souverainete-suisse.ch\/it\/wp-json\/wp\/v2\/posts\/1058\/revisions\/1060"}],"wp:featuredmedia":[{"embeddable":true,"href":"http:\/\/souverainete-suisse.ch\/it\/wp-json\/wp\/v2\/media\/1059"}],"wp:attachment":[{"href":"http:\/\/souverainete-suisse.ch\/it\/wp-json\/wp\/v2\/media?parent=1058"}],"wp:term":[{"taxonomy":"category","embeddable":true,"href":"http:\/\/souverainete-suisse.ch\/it\/wp-json\/wp\/v2\/categories?post=1058"},{"taxonomy":"post_tag","embeddable":true,"href":"http:\/\/souverainete-suisse.ch\/it\/wp-json\/wp\/v2\/tags?post=1058"}],"curies":[{"name":"wp","href":"https:\/\/api.w.org\/{rel}","templated":true}]}}