{"id":1055,"date":"2026-04-17T14:48:57","date_gmt":"2026-04-17T12:48:57","guid":{"rendered":"https:\/\/souverainete-suisse.ch\/?p=1055"},"modified":"2026-04-17T14:48:57","modified_gmt":"2026-04-17T12:48:57","slug":"la-destinazione-imposta-sul-biglietto-di-sola-andata-venduto-dalla-fer","status":"publish","type":"post","link":"http:\/\/souverainete-suisse.ch\/it\/2026\/04\/la-destinazione-imposta-sul-biglietto-di-sola-andata-venduto-dalla-fer\/","title":{"rendered":"Destinazione imposta: il biglietto di sola andata venduto dalla FER"},"content":{"rendered":"<p>Un biglietto di sola andata, venduto con un sorriso.<br \/>\nDietro parole rassicuranti e promesse ben confezionate, alcuni, come la Federazione delle imprese romande (FER), sono pronti a far ingoiare qualsiasi cosa, persino un viaggio senza ritorno. Le scope sono blu, decorate con stelle, e i \u201crinfreschi\u201d hanno un sapore amaro una volta svelata la verit\u00e0.<\/p>\n<p>Non \u00e8 un progetto, \u00e8 una direzione imposta.<br \/>\nNon \u00e8 informazione, \u00e8 una messa in scena.<\/p>\n<p>Ognuno scelga se salire a bordo... o se preferisce restare con i piedi per terra. \ud83c\udde8\ud83c\udded<\/p>","protected":false},"excerpt":{"rendered":"<p>Un billet sans retour, vendu avec le sourire. Derri\u00e8re les mots rassurants et les promesses bien emball\u00e9es, certains comme la F\u00e9d\u00e9ration des entreprises romandes (FER) sont pr\u00eats \u00e0 faire avaler n\u2019importe quoi \u2014 m\u00eame un voyage dont on ne revient pas. Les balais sont bleus, d\u00e9cor\u00e9s d\u2019\u00e9toiles, et les \u201crafra\u00eechissements\u201d ont un go\u00fbt amer une [&hellip;]<\/p>\n","protected":false},"author":2,"featured_media":1056,"comment_status":"closed","ping_status":"closed","sticky":false,"template":"","format":"standard","meta":{"footnotes":""},"categories":[8,11],"tags":[],"class_list":["post-1055","post","type-post","status-publish","format-standard","has-post-thumbnail","hentry","category-politique-interieure","category-ue"],"yoast_head":"<!-- This site is optimized with the Yoast SEO plugin v26.9 - https:\/\/yoast.com\/product\/yoast-seo-wordpress\/ -->\n<title>Destination impos\u00e9e : le billet sans retour vendu par la FER - Mouvement Souverainet\u00e9 Suisse<\/title>\n<meta name=\"description\" content=\"FER et accords Suisse\u2013UE : critique d\u2019une communication jug\u00e9e trompeuse, d\u00e9non\u00e7ant une int\u00e9gration progressive pr\u00e9sent\u00e9e comme in\u00e9vitable, avec perte de souverainet\u00e9 et d\u00e9bat d\u00e9mocratique biais\u00e9.\" \/>\n<meta name=\"robots\" content=\"index, follow, max-snippet:-1, max-image-preview:large, max-video-preview:-1\" \/>\n<link rel=\"canonical\" href=\"https:\/\/souverainete-suisse.ch\/it\/2026\/04\/la-destinazione-imposta-sul-biglietto-di-sola-andata-venduto-dalla-fer\/\" \/>\n<meta property=\"og:locale\" content=\"it_IT\" \/>\n<meta property=\"og:type\" content=\"article\" \/>\n<meta property=\"og:title\" content=\"Destination impos\u00e9e : le billet sans retour vendu par la FER - Mouvement Souverainet\u00e9 Suisse\" \/>\n<meta property=\"og:description\" content=\"FER et accords Suisse\u2013UE : critique d\u2019une communication jug\u00e9e trompeuse, d\u00e9non\u00e7ant une int\u00e9gration progressive pr\u00e9sent\u00e9e comme in\u00e9vitable, avec perte de souverainet\u00e9 et d\u00e9bat d\u00e9mocratique biais\u00e9.\" \/>\n<meta property=\"og:url\" content=\"https:\/\/souverainete-suisse.ch\/it\/2026\/04\/la-destinazione-imposta-sul-biglietto-di-sola-andata-venduto-dalla-fer\/\" \/>\n<meta property=\"og:site_name\" content=\"Mouvement Souverainet\u00e9 Suisse\" \/>\n<meta property=\"article:published_time\" content=\"2026-04-17T12:48:57+00:00\" \/>\n<meta property=\"og:image\" content=\"https:\/\/souverainete-suisse.ch\/wp-content\/uploads\/2026\/04\/FER-Balai.jpg\" \/>\n\t<meta property=\"og:image:width\" content=\"1536\" \/>\n\t<meta property=\"og:image:height\" content=\"1024\" \/>\n\t<meta property=\"og:image:type\" content=\"image\/jpeg\" \/>\n<meta name=\"author\" content=\"ludom\" \/>\n<meta name=\"twitter:card\" content=\"summary_large_image\" \/>\n<meta name=\"twitter:label1\" content=\"Scritto da\" \/>\n\t<meta name=\"twitter:data1\" content=\"ludom\" \/>\n\t<meta name=\"twitter:label2\" content=\"Tempo di lettura stimato\" \/>\n\t<meta name=\"twitter:data2\" content=\"1 minuto\" \/>\n<script type=\"application\/ld+json\" class=\"yoast-schema-graph\">{\"@context\":\"https:\/\/schema.org\",\"@graph\":[{\"@type\":\"Article\",\"@id\":\"https:\/\/souverainete-suisse.ch\/2026\/04\/destination-imposee-le-billet-sans-retour-vendu-par-la-fer\/#article\",\"isPartOf\":{\"@id\":\"https:\/\/souverainete-suisse.ch\/2026\/04\/destination-imposee-le-billet-sans-retour-vendu-par-la-fer\/\"},\"author\":{\"name\":\"ludom\",\"@id\":\"https:\/\/souverainete-suisse.ch\/#\/schema\/person\/b25acb547faec24a94d7215216d68cbf\"},\"headline\":\"Destination impos\u00e9e : le billet sans retour vendu par la FER\",\"datePublished\":\"2026-04-17T12:48:57+00:00\",\"mainEntityOfPage\":{\"@id\":\"https:\/\/souverainete-suisse.ch\/2026\/04\/destination-imposee-le-billet-sans-retour-vendu-par-la-fer\/\"},\"wordCount\":128,\"publisher\":{\"@id\":\"https:\/\/souverainete-suisse.ch\/#organization\"},\"image\":{\"@id\":\"https:\/\/souverainete-suisse.ch\/2026\/04\/destination-imposee-le-billet-sans-retour-vendu-par-la-fer\/#primaryimage\"},\"thumbnailUrl\":\"https:\/\/souverainete-suisse.ch\/wp-content\/uploads\/2026\/04\/FER-Balai.jpg\",\"articleSection\":[\"Politique int\u00e9rieure\",\"UE\"],\"inLanguage\":\"it-IT\"},{\"@type\":\"WebPage\",\"@id\":\"https:\/\/souverainete-suisse.ch\/2026\/04\/destination-imposee-le-billet-sans-retour-vendu-par-la-fer\/\",\"url\":\"https:\/\/souverainete-suisse.ch\/2026\/04\/destination-imposee-le-billet-sans-retour-vendu-par-la-fer\/\",\"name\":\"Destination impos\u00e9e : le billet sans retour vendu par la FER - Mouvement Souverainet\u00e9 Suisse\",\"isPartOf\":{\"@id\":\"https:\/\/souverainete-suisse.ch\/#website\"},\"primaryImageOfPage\":{\"@id\":\"https:\/\/souverainete-suisse.ch\/2026\/04\/destination-imposee-le-billet-sans-retour-vendu-par-la-fer\/#primaryimage\"},\"image\":{\"@id\":\"https:\/\/souverainete-suisse.ch\/2026\/04\/destination-imposee-le-billet-sans-retour-vendu-par-la-fer\/#primaryimage\"},\"thumbnailUrl\":\"https:\/\/souverainete-suisse.ch\/wp-content\/uploads\/2026\/04\/FER-Balai.jpg\",\"datePublished\":\"2026-04-17T12:48:57+00:00\",\"description\":\"FER et accords Suisse\u2013UE : critique d\u2019une communication jug\u00e9e trompeuse, d\u00e9non\u00e7ant une int\u00e9gration progressive pr\u00e9sent\u00e9e comme in\u00e9vitable, avec perte de souverainet\u00e9 et d\u00e9bat d\u00e9mocratique biais\u00e9.\",\"breadcrumb\":{\"@id\":\"https:\/\/souverainete-suisse.ch\/2026\/04\/destination-imposee-le-billet-sans-retour-vendu-par-la-fer\/#breadcrumb\"},\"inLanguage\":\"it-IT\",\"potentialAction\":[{\"@type\":\"ReadAction\",\"target\":[\"https:\/\/souverainete-suisse.ch\/2026\/04\/destination-imposee-le-billet-sans-retour-vendu-par-la-fer\/\"]}]},{\"@type\":\"ImageObject\",\"inLanguage\":\"it-IT\",\"@id\":\"https:\/\/souverainete-suisse.ch\/2026\/04\/destination-imposee-le-billet-sans-retour-vendu-par-la-fer\/#primaryimage\",\"url\":\"https:\/\/souverainete-suisse.ch\/wp-content\/uploads\/2026\/04\/FER-Balai.jpg\",\"contentUrl\":\"https:\/\/souverainete-suisse.ch\/wp-content\/uploads\/2026\/04\/FER-Balai.jpg\",\"width\":1536,\"height\":1024},{\"@type\":\"BreadcrumbList\",\"@id\":\"https:\/\/souverainete-suisse.ch\/2026\/04\/destination-imposee-le-billet-sans-retour-vendu-par-la-fer\/#breadcrumb\",\"itemListElement\":[{\"@type\":\"ListItem\",\"position\":1,\"name\":\"Accueil\",\"item\":\"https:\/\/souverainete-suisse.ch\/\"},{\"@type\":\"ListItem\",\"position\":2,\"name\":\"Destination impos\u00e9e : le billet sans retour vendu par la FER\"}]},{\"@type\":\"WebSite\",\"@id\":\"https:\/\/souverainete-suisse.ch\/#website\",\"url\":\"https:\/\/souverainete-suisse.ch\/\",\"name\":\"Mouvement Souverainet\u00e9 Suisse\",\"description\":\"\",\"publisher\":{\"@id\":\"https:\/\/souverainete-suisse.ch\/#organization\"},\"potentialAction\":[{\"@type\":\"SearchAction\",\"target\":{\"@type\":\"EntryPoint\",\"urlTemplate\":\"https:\/\/souverainete-suisse.ch\/?s={search_term_string}\"},\"query-input\":{\"@type\":\"PropertyValueSpecification\",\"valueRequired\":true,\"valueName\":\"search_term_string\"}}],\"inLanguage\":\"it-IT\"},{\"@type\":\"Organization\",\"@id\":\"https:\/\/souverainete-suisse.ch\/#organization\",\"name\":\"Mouvement Souverainet\u00e9 Suisse\",\"url\":\"https:\/\/souverainete-suisse.ch\/\",\"logo\":{\"@type\":\"ImageObject\",\"inLanguage\":\"it-IT\",\"@id\":\"https:\/\/souverainete-suisse.ch\/#\/schema\/logo\/image\/\",\"url\":\"https:\/\/souverainete-suisse.ch\/wp-content\/uploads\/2025\/11\/logo.png\",\"contentUrl\":\"https:\/\/souverainete-suisse.ch\/wp-content\/uploads\/2025\/11\/logo.png\",\"width\":2053,\"height\":1461,\"caption\":\"Mouvement Souverainet\u00e9 Suisse\"},\"image\":{\"@id\":\"https:\/\/souverainete-suisse.ch\/#\/schema\/logo\/image\/\"}},{\"@type\":\"Person\",\"@id\":\"https:\/\/souverainete-suisse.ch\/#\/schema\/person\/b25acb547faec24a94d7215216d68cbf\",\"name\":\"ludom\",\"image\":{\"@type\":\"ImageObject\",\"inLanguage\":\"it-IT\",\"@id\":\"https:\/\/souverainete-suisse.ch\/#\/schema\/person\/image\/\",\"url\":\"https:\/\/secure.gravatar.com\/avatar\/77b40fd8e49e537abcea7487b290688ce92143c3443b1d3f419149c67282ffb4?s=96&d=mm&r=g\",\"contentUrl\":\"https:\/\/secure.gravatar.com\/avatar\/77b40fd8e49e537abcea7487b290688ce92143c3443b1d3f419149c67282ffb4?s=96&d=mm&r=g\",\"caption\":\"ludom\"},\"url\":\"http:\/\/souverainete-suisse.ch\/it\/author\/ludom\/\"}]}<\/script>\n<!-- \/ Yoast SEO plugin. -->","yoast_head_json":{"title":"Destinazione imposta: il biglietto di sola andata venduto dalla FER - Movimento Svizzera Sovranit\u00e0","description":"FER e accordi Svizzera-UE: critica di una comunicazione giudicata ingannevole, che denuncia un'integrazione progressiva presentata come inevitabile, con perdita di sovranit\u00e0 e dibattito democratico distorto.","robots":{"index":"index","follow":"follow","max-snippet":"max-snippet:-1","max-image-preview":"max-image-preview:large","max-video-preview":"max-video-preview:-1"},"canonical":"https:\/\/souverainete-suisse.ch\/it\/2026\/04\/la-destinazione-imposta-sul-biglietto-di-sola-andata-venduto-dalla-fer\/","og_locale":"it_IT","og_type":"article","og_title":"Destination impos\u00e9e : le billet sans retour vendu par la FER - Mouvement Souverainet\u00e9 Suisse","og_description":"FER et accords Suisse\u2013UE : critique d\u2019une communication jug\u00e9e trompeuse, d\u00e9non\u00e7ant une int\u00e9gration progressive pr\u00e9sent\u00e9e comme in\u00e9vitable, avec perte de souverainet\u00e9 et d\u00e9bat d\u00e9mocratique biais\u00e9.","og_url":"https:\/\/souverainete-suisse.ch\/it\/2026\/04\/la-destinazione-imposta-sul-biglietto-di-sola-andata-venduto-dalla-fer\/","og_site_name":"Mouvement Souverainet\u00e9 Suisse","article_published_time":"2026-04-17T12:48:57+00:00","og_image":[{"width":1536,"height":1024,"url":"https:\/\/souverainete-suisse.ch\/wp-content\/uploads\/2026\/04\/FER-Balai.jpg","type":"image\/jpeg"}],"author":"ludom","twitter_card":"summary_large_image","twitter_misc":{"Scritto da":"ludom","Tempo di lettura stimato":"1 minuto"},"schema":{"@context":"https:\/\/schema.org","@graph":[{"@type":"Article","@id":"https:\/\/souverainete-suisse.ch\/2026\/04\/destination-imposee-le-billet-sans-retour-vendu-par-la-fer\/#article","isPartOf":{"@id":"https:\/\/souverainete-suisse.ch\/2026\/04\/destination-imposee-le-billet-sans-retour-vendu-par-la-fer\/"},"author":{"name":"ludom","@id":"https:\/\/souverainete-suisse.ch\/#\/schema\/person\/b25acb547faec24a94d7215216d68cbf"},"headline":"Destination impos\u00e9e : le billet sans retour vendu par la FER","datePublished":"2026-04-17T12:48:57+00:00","mainEntityOfPage":{"@id":"https:\/\/souverainete-suisse.ch\/2026\/04\/destination-imposee-le-billet-sans-retour-vendu-par-la-fer\/"},"wordCount":128,"publisher":{"@id":"https:\/\/souverainete-suisse.ch\/#organization"},"image":{"@id":"https:\/\/souverainete-suisse.ch\/2026\/04\/destination-imposee-le-billet-sans-retour-vendu-par-la-fer\/#primaryimage"},"thumbnailUrl":"https:\/\/souverainete-suisse.ch\/wp-content\/uploads\/2026\/04\/FER-Balai.jpg","articleSection":["Politique int\u00e9rieure","UE"],"inLanguage":"it-IT"},{"@type":"WebPage","@id":"https:\/\/souverainete-suisse.ch\/2026\/04\/destination-imposee-le-billet-sans-retour-vendu-par-la-fer\/","url":"https:\/\/souverainete-suisse.ch\/2026\/04\/destination-imposee-le-billet-sans-retour-vendu-par-la-fer\/","name":"Destinazione imposta: il biglietto di sola andata venduto dalla FER - Movimento Svizzera Sovranit\u00e0","isPartOf":{"@id":"https:\/\/souverainete-suisse.ch\/#website"},"primaryImageOfPage":{"@id":"https:\/\/souverainete-suisse.ch\/2026\/04\/destination-imposee-le-billet-sans-retour-vendu-par-la-fer\/#primaryimage"},"image":{"@id":"https:\/\/souverainete-suisse.ch\/2026\/04\/destination-imposee-le-billet-sans-retour-vendu-par-la-fer\/#primaryimage"},"thumbnailUrl":"https:\/\/souverainete-suisse.ch\/wp-content\/uploads\/2026\/04\/FER-Balai.jpg","datePublished":"2026-04-17T12:48:57+00:00","description":"FER e accordi Svizzera-UE: critica di una comunicazione giudicata ingannevole, che denuncia un'integrazione progressiva presentata come inevitabile, con perdita di sovranit\u00e0 e dibattito democratico distorto.","breadcrumb":{"@id":"https:\/\/souverainete-suisse.ch\/2026\/04\/destination-imposee-le-billet-sans-retour-vendu-par-la-fer\/#breadcrumb"},"inLanguage":"it-IT","potentialAction":[{"@type":"ReadAction","target":["https:\/\/souverainete-suisse.ch\/2026\/04\/destination-imposee-le-billet-sans-retour-vendu-par-la-fer\/"]}]},{"@type":"ImageObject","inLanguage":"it-IT","@id":"https:\/\/souverainete-suisse.ch\/2026\/04\/destination-imposee-le-billet-sans-retour-vendu-par-la-fer\/#primaryimage","url":"https:\/\/souverainete-suisse.ch\/wp-content\/uploads\/2026\/04\/FER-Balai.jpg","contentUrl":"https:\/\/souverainete-suisse.ch\/wp-content\/uploads\/2026\/04\/FER-Balai.jpg","width":1536,"height":1024},{"@type":"BreadcrumbList","@id":"https:\/\/souverainete-suisse.ch\/2026\/04\/destination-imposee-le-billet-sans-retour-vendu-par-la-fer\/#breadcrumb","itemListElement":[{"@type":"ListItem","position":1,"name":"Accueil","item":"https:\/\/souverainete-suisse.ch\/"},{"@type":"ListItem","position":2,"name":"Destination impos\u00e9e : le billet sans retour vendu par la FER"}]},{"@type":"WebSite","@id":"https:\/\/souverainete-suisse.ch\/#website","url":"https:\/\/souverainete-suisse.ch\/","name":"Movimento per la sovranit\u00e0 della Svizzera","description":"","publisher":{"@id":"https:\/\/souverainete-suisse.ch\/#organization"},"potentialAction":[{"@type":"SearchAction","target":{"@type":"EntryPoint","urlTemplate":"https:\/\/souverainete-suisse.ch\/?s={search_term_string}"},"query-input":{"@type":"PropertyValueSpecification","valueRequired":true,"valueName":"search_term_string"}}],"inLanguage":"it-IT"},{"@type":"Organization","@id":"https:\/\/souverainete-suisse.ch\/#organization","name":"Movimento per la sovranit\u00e0 della Svizzera","url":"https:\/\/souverainete-suisse.ch\/","logo":{"@type":"ImageObject","inLanguage":"it-IT","@id":"https:\/\/souverainete-suisse.ch\/#\/schema\/logo\/image\/","url":"https:\/\/souverainete-suisse.ch\/wp-content\/uploads\/2025\/11\/logo.png","contentUrl":"https:\/\/souverainete-suisse.ch\/wp-content\/uploads\/2025\/11\/logo.png","width":2053,"height":1461,"caption":"Mouvement Souverainet\u00e9 Suisse"},"image":{"@id":"https:\/\/souverainete-suisse.ch\/#\/schema\/logo\/image\/"}},{"@type":"Person","@id":"https:\/\/souverainete-suisse.ch\/#\/schema\/person\/b25acb547faec24a94d7215216d68cbf","name":"ludom","image":{"@type":"ImageObject","inLanguage":"it-IT","@id":"https:\/\/souverainete-suisse.ch\/#\/schema\/person\/image\/","url":"https:\/\/secure.gravatar.com\/avatar\/77b40fd8e49e537abcea7487b290688ce92143c3443b1d3f419149c67282ffb4?s=96&d=mm&r=g","contentUrl":"https:\/\/secure.gravatar.com\/avatar\/77b40fd8e49e537abcea7487b290688ce92143c3443b1d3f419149c67282ffb4?s=96&d=mm&r=g","caption":"ludom"},"url":"http:\/\/souverainete-suisse.ch\/it\/author\/ludom\/"}]}},"_links":{"self":[{"href":"http:\/\/souverainete-suisse.ch\/it\/wp-json\/wp\/v2\/posts\/1055","targetHints":{"allow":["GET"]}}],"collection":[{"href":"http:\/\/souverainete-suisse.ch\/it\/wp-json\/wp\/v2\/posts"}],"about":[{"href":"http:\/\/souverainete-suisse.ch\/it\/wp-json\/wp\/v2\/types\/post"}],"author":[{"embeddable":true,"href":"http:\/\/souverainete-suisse.ch\/it\/wp-json\/wp\/v2\/users\/2"}],"replies":[{"embeddable":true,"href":"http:\/\/souverainete-suisse.ch\/it\/wp-json\/wp\/v2\/comments?post=1055"}],"version-history":[{"count":1,"href":"http:\/\/souverainete-suisse.ch\/it\/wp-json\/wp\/v2\/posts\/1055\/revisions"}],"predecessor-version":[{"id":1057,"href":"http:\/\/souverainete-suisse.ch\/it\/wp-json\/wp\/v2\/posts\/1055\/revisions\/1057"}],"wp:featuredmedia":[{"embeddable":true,"href":"http:\/\/souverainete-suisse.ch\/it\/wp-json\/wp\/v2\/media\/1056"}],"wp:attachment":[{"href":"http:\/\/souverainete-suisse.ch\/it\/wp-json\/wp\/v2\/media?parent=1055"}],"wp:term":[{"taxonomy":"category","embeddable":true,"href":"http:\/\/souverainete-suisse.ch\/it\/wp-json\/wp\/v2\/categories?post=1055"},{"taxonomy":"post_tag","embeddable":true,"href":"http:\/\/souverainete-suisse.ch\/it\/wp-json\/wp\/v2\/tags?post=1055"}],"curies":[{"name":"wp","href":"https:\/\/api.w.org\/{rel}","templated":true}]}}