{"id":1052,"date":"2026-04-17T14:46:39","date_gmt":"2026-04-17T12:46:39","guid":{"rendered":"https:\/\/souverainete-suisse.ch\/?p=1052"},"modified":"2026-04-17T14:46:39","modified_gmt":"2026-04-17T12:46:39","slug":"svizzera-le-falsita-di-simon-michel-sotto-esame","status":"publish","type":"post","link":"http:\/\/souverainete-suisse.ch\/it\/2026\/04\/svizzera-le-falsita-di-simon-michel-sotto-esame\/","title":{"rendered":"Svizzera-UE: le falsit\u00e0 di Simon Michel al vaglio"},"content":{"rendered":"<p>Sotto il pretesto del pragmatismo economico, alcuni politici cercano oggi di far passare per anodina una trasformazione profonda del nostro sistema. Dietro parole rassicuranti e promesse di stabilit\u00e0 si nasconde una realt\u00e0 ben diversa: un'integrazione giuridica progressiva, silenziosa, che sfugge al dibattito democratico. L'esempio recente delle posizioni di Simon Michel ne \u00e8 l'illustrazione perfetta \u2013 e merita di essere esaminato senza filtri.<\/p>\n<p>&nbsp;<\/p>\n<p id=\"ember1010\" class=\"ember-view reader-text-block__paragraph\"><em>Fonte: Nebelspalter, 7 aprile 2026<\/em><\/p>\n<p id=\"ember1011\" class=\"ember-view reader-text-block__paragraph\">Nel dibattito sulle relazioni tra Svizzera e UE, alcuni interventi mirano meno a chiarire che a rassicurare. \u00c8 il caso delle dichiarazioni di Simon Michel, consigliere nazionale PLR e membro del comitato allargato di economiesuisse.<\/p>\n<p id=\"ember1012\" class=\"ember-view reader-text-block__paragraph\">Presentate come pedagogiche, le sue affermazioni, tuttavia, non reggono a un'analisi giuridica ed economica rigorosa. Dimostrazione, punto per punto.<\/p>\n<h3 id=\"ember1013\" class=\"ember-view reader-text-block__heading-3\">1. \u00ab Solo il diritto svizzero si applica \u00bb: una presentazione fuorviante<\/h3>\n<p id=\"ember1014\" class=\"ember-view reader-text-block__paragraph\">Simon Michel afferma che gli accordi trasporrebbero solo impegni internazionali nel diritto svizzero, il quale rimarrebbe sovrano.<\/p>\n<p id=\"ember1015\" class=\"ember-view reader-text-block__paragraph\">Questa lettura \u00e8 incompleta.<\/p>\n<p id=\"ember1016\" class=\"ember-view reader-text-block__paragraph\">I meccanismi in discussione si basano precisamente su una <strong>ripresa dinamica del diritto dell'UE<\/strong> nei settori coperti. Ci\u00f2 implica:<\/p>\n<ul>\n<li>un adattamento continuo del diritto svizzero alle evoluzioni europee<\/li>\n<li>senza partecipazione della Svizzera al processo legislativo dell'UE<\/li>\n<li>con margini di rifiuto limitati e potenzialmente sanzionati<\/li>\n<\/ul>\n<p id=\"ember1018\" class=\"ember-view reader-text-block__paragraph\">Il diritto svizzero diventa cos\u00ec uno strumento di esecuzione, e non pi\u00f9 una fonte autonoma di decisione.<\/p>\n<h3 id=\"ember1019\" class=\"ember-view reader-text-block__heading-3\">2. \u00ab I regolamenti UE non ci riguardano \u00bb: giuridicamente falso<\/h3>\n<p id=\"ember1020\" class=\"ember-view reader-text-block__paragraph\">Affermare che i regolamenti europei non si applicano alla Svizzera equivale a ignorare il funzionamento degli accordi bilaterali.<\/p>\n<p id=\"ember1021\" class=\"ember-view reader-text-block__paragraph\">Nei fatti:<\/p>\n<ul>\n<li>gli accordi settoriali integrano interi settori di norme europee<\/li>\n<li>Queste norme producono effetti vincolanti, che siano direttamente applicabili o riprese<\/li>\n<\/ul>\n<p id=\"ember1023\" class=\"ember-view reader-text-block__paragraph\">Soprattutto, la giurisprudenza del Tribunale federale \u00e8 chiara: nella sua sentenza del 2015, ha confermato la supremazia dell'Accordo sulla libera circolazione delle persone sul diritto interno in caso di conflitto.<\/p>\n<p id=\"ember1024\" class=\"ember-view reader-text-block__paragraph\">Cio\u00e8, anche se \u201ctradotto\u201d, il diritto svizzero cede di fronte all'accordo internazionale.<\/p>\n<h3 id=\"ember1025\" class=\"ember-view reader-text-block__heading-3\">3. \u00abLe PMI locali non sono interessate\u00bb: un ragionamento scollegato dalla realt\u00e0<\/h3>\n<p id=\"ember1026\" class=\"ember-view reader-text-block__paragraph\">Simon Michel sostiene che solo le aziende esportatrici sarebbero soggette alle norme europee.<\/p>\n<p id=\"ember1027\" class=\"ember-view reader-text-block__paragraph\">Questa distinzione \u00e8 artificiale.<\/p>\n<p id=\"ember1028\" class=\"ember-view reader-text-block__paragraph\">In un'economia interconnessa come quella svizzera:<\/p>\n<ul>\n<li>Le catene di produzione sono integrate<\/li>\n<li>gli standard si diffondono a tutti i fornitori<\/li>\n<li>le imprese locali devono allinearsi per rimanere nei circuiti economici<\/li>\n<\/ul>\n<p id=\"ember1030\" class=\"ember-view reader-text-block__paragraph\">Una PMI che non rispetta gli standard dominanti viene semplicemente esclusa, anche se non vende direttamente all'UE.<\/p>\n<h3 id=\"ember1031\" class=\"ember-view reader-text-block__heading-3\">4. \u00ab Le norme UE si applicano solo all'esportazione \u00bb: economicamente insostenibile<\/h3>\n<p id=\"ember1032\" class=\"ember-view reader-text-block__paragraph\">L'idea di una coesistenza di due sistemi normativi, uno per il mercato svizzero e uno per l'esportazione, non regge nella prassi industriale.<\/p>\n<p id=\"ember1033\" class=\"ember-view reader-text-block__paragraph\">Mantenere doppie linee di produzione \u00e8:<\/p>\n<ul>\n<li>costoso<\/li>\n<li>complesso<\/li>\n<li>inefficace<\/li>\n<\/ul>\n<p id=\"ember1035\" class=\"ember-view reader-text-block__paragraph\">Le aziende adottano quindi una standardizzazione, spesso allineata alle norme europee, che diventano di fatto il riferimento.<\/p>\n<p id=\"ember1036\" class=\"ember-view reader-text-block__paragraph\">Anche prodotti destinati a mercati terzi (Stati Uniti, Asia) sono spesso progettati secondo questi standard per motivi di ottimizzazione.<\/p>\n<h3 id=\"ember1037\" class=\"ember-view reader-text-block__heading-3\">5. \u00ab Campo di applicazione limitato \u00bb: una minimizzazione delle posta in gioco<\/h3>\n<p id=\"ember1038\" class=\"ember-view reader-text-block__paragraph\">Simon Michel lascia intendere che la portata degli accordi sarebbe circoscritta.<\/p>\n<p id=\"ember1039\" class=\"ember-view reader-text-block__paragraph\">Ora, i meccanismi considerati includono:<\/p>\n<ul>\n<li>la ripresa delle regole esistenti<\/li>\n<li>ma anche di tutto il diritto futuro derivato, per quanto collegato agli accordi<\/li>\n<\/ul>\n<p id=\"ember1041\" class=\"ember-view reader-text-block__paragraph\">Ci\u00f2 apre un campo di applicazione potenzialmente esteso a:<\/p>\n<ul>\n<li>l'agroalimentare<\/li>\n<li>l'energia<\/li>\n<li>i trasporti<\/li>\n<li>la salute<\/li>\n<li>altri settori strategici<\/li>\n<\/ul>\n<p id=\"ember1043\" class=\"ember-view reader-text-block__paragraph\">Non \u00e8 un quadro statico, ma un sistema in evoluzione.<\/p>\n<h3 id=\"ember1044\" class=\"ember-view reader-text-block__heading-3\">6. L'angolo morto democratico<\/h3>\n<p id=\"ember1045\" class=\"ember-view reader-text-block__paragraph\">Il cuore del problema resta eluso.<\/p>\n<p id=\"ember1046\" class=\"ember-view reader-text-block__paragraph\">La ripresa dinamica del diritto implica:<\/p>\n<ul>\n<li>uno sviluppo di norme al di fuori del quadro democratico svizzero<\/li>\n<li>una capacit\u00e0 di adattamento vincolata<\/li>\n<li>una pressione strutturale in caso di rifiuto<\/li>\n<\/ul>\n<p id=\"ember1048\" class=\"ember-view reader-text-block__paragraph\">Ci\u00f2 modifica l'equilibrio istituzionale riducendo il controllo diretto sul processo normativo.<\/p>\n<h3 id=\"ember1049\" class=\"ember-view reader-text-block__heading-3\">Conclusione: dietro il discorso rassicurante, una realt\u00e0 strutturante<\/h3>\n<p id=\"ember1050\" class=\"ember-view reader-text-block__paragraph\">Le affermazioni di Simon Michel rientrano in una strategia di banalizzazione di un processo che va ben oltre un semplice accordo tecnico.<\/p>\n<p id=\"ember1051\" class=\"ember-view reader-text-block__paragraph\">I fatti accertati dimostrano tutt'altro:<\/p>\n<ul>\n<li>un'integrazione giuridica progressiva<\/li>\n<li>una vasta diffusione delle norme europee<\/li>\n<li>un impatto strutturale sull'economia e sulle istituzioni<\/li>\n<\/ul>\n<p id=\"ember1053\" class=\"ember-view reader-text-block__paragraph\">Il dibattito merita di meglio delle semplificazioni.<\/p>\n<p id=\"ember1054\" class=\"ember-view reader-text-block__paragraph\">Esige una chiara presentazione dei meccanismi in gioco, affinch\u00e9 ognuno possa misurare appieno la portata delle scelte che saranno sottoposte al popolo.<\/p>","protected":false},"excerpt":{"rendered":"<p>Sous couvert de pragmatisme \u00e9conomique, certains responsables politiques tentent aujourd\u2019hui de faire passer pour anodine une transformation profonde de notre syst\u00e8me. Derri\u00e8re les mots rassurants et les promesses de stabilit\u00e9 se cache une r\u00e9alit\u00e9 bien diff\u00e9rente : une int\u00e9gration juridique progressive, silencieuse, qui \u00e9chappe au d\u00e9bat d\u00e9mocratique. L\u2019exemple r\u00e9cent des prises de position de Simon [&hellip;]<\/p>\n","protected":false},"author":2,"featured_media":1053,"comment_status":"closed","ping_status":"closed","sticky":false,"template":"","format":"standard","meta":{"footnotes":""},"categories":[8,11],"tags":[],"class_list":["post-1052","post","type-post","status-publish","format-standard","has-post-thumbnail","hentry","category-politique-interieure","category-ue"],"yoast_head":"<!-- This site is optimized with the Yoast SEO plugin v26.9 - https:\/\/yoast.com\/product\/yoast-seo-wordpress\/ -->\n<title>Suisse-UE : les contre-v\u00e9rit\u00e9s de Simon Michel pass\u00e9es au crible - Mouvement Souverainet\u00e9 Suisse<\/title>\n<meta name=\"description\" content=\"Accords Suisse\u2013UE : les affirmations d\u2019economiesuisse et de Simon Michel minimisent la reprise dynamique du droit europ\u00e9en, son impact sur les PME et ses implications d\u00e9mocratiques, r\u00e9v\u00e9lant une int\u00e9gration juridique progressive souvent sous-estim\u00e9e dans le d\u00e9bat public.\" \/>\n<meta name=\"robots\" content=\"index, follow, max-snippet:-1, max-image-preview:large, max-video-preview:-1\" \/>\n<link rel=\"canonical\" href=\"https:\/\/souverainete-suisse.ch\/it\/2026\/04\/svizzera-le-falsita-di-simon-michel-sotto-esame\/\" \/>\n<meta property=\"og:locale\" content=\"it_IT\" \/>\n<meta property=\"og:type\" content=\"article\" \/>\n<meta property=\"og:title\" content=\"Suisse-UE : les contre-v\u00e9rit\u00e9s de Simon Michel pass\u00e9es au crible - Mouvement Souverainet\u00e9 Suisse\" \/>\n<meta property=\"og:description\" content=\"Accords Suisse\u2013UE : les affirmations d\u2019economiesuisse et de Simon Michel minimisent la reprise dynamique du droit europ\u00e9en, son impact sur les PME et ses implications d\u00e9mocratiques, r\u00e9v\u00e9lant une int\u00e9gration juridique progressive souvent sous-estim\u00e9e dans le d\u00e9bat public.\" \/>\n<meta property=\"og:url\" content=\"https:\/\/souverainete-suisse.ch\/it\/2026\/04\/svizzera-le-falsita-di-simon-michel-sotto-esame\/\" \/>\n<meta property=\"og:site_name\" content=\"Mouvement Souverainet\u00e9 Suisse\" \/>\n<meta property=\"article:published_time\" content=\"2026-04-17T12:46:39+00:00\" \/>\n<meta property=\"og:image\" content=\"https:\/\/souverainete-suisse.ch\/wp-content\/uploads\/2026\/04\/Simon.jpg\" \/>\n\t<meta property=\"og:image:width\" content=\"1536\" \/>\n\t<meta property=\"og:image:height\" content=\"1024\" \/>\n\t<meta property=\"og:image:type\" content=\"image\/jpeg\" \/>\n<meta name=\"author\" content=\"ludom\" \/>\n<meta name=\"twitter:card\" content=\"summary_large_image\" \/>\n<meta name=\"twitter:label1\" content=\"Scritto da\" \/>\n\t<meta name=\"twitter:data1\" content=\"ludom\" \/>\n\t<meta name=\"twitter:label2\" content=\"Tempo di lettura stimato\" \/>\n\t<meta name=\"twitter:data2\" content=\"4 minuti\" \/>\n<script type=\"application\/ld+json\" class=\"yoast-schema-graph\">{\"@context\":\"https:\/\/schema.org\",\"@graph\":[{\"@type\":\"Article\",\"@id\":\"https:\/\/souverainete-suisse.ch\/2026\/04\/suisse-ue-les-contre-verites-de-simon-michel-passees-au-crible\/#article\",\"isPartOf\":{\"@id\":\"https:\/\/souverainete-suisse.ch\/2026\/04\/suisse-ue-les-contre-verites-de-simon-michel-passees-au-crible\/\"},\"author\":{\"name\":\"ludom\",\"@id\":\"https:\/\/souverainete-suisse.ch\/#\/schema\/person\/b25acb547faec24a94d7215216d68cbf\"},\"headline\":\"Suisse-UE : les contre-v\u00e9rit\u00e9s de Simon Michel pass\u00e9es au crible\",\"datePublished\":\"2026-04-17T12:46:39+00:00\",\"mainEntityOfPage\":{\"@id\":\"https:\/\/souverainete-suisse.ch\/2026\/04\/suisse-ue-les-contre-verites-de-simon-michel-passees-au-crible\/\"},\"wordCount\":806,\"publisher\":{\"@id\":\"https:\/\/souverainete-suisse.ch\/#organization\"},\"image\":{\"@id\":\"https:\/\/souverainete-suisse.ch\/2026\/04\/suisse-ue-les-contre-verites-de-simon-michel-passees-au-crible\/#primaryimage\"},\"thumbnailUrl\":\"https:\/\/souverainete-suisse.ch\/wp-content\/uploads\/2026\/04\/Simon.jpg\",\"articleSection\":[\"Politique int\u00e9rieure\",\"UE\"],\"inLanguage\":\"it-IT\"},{\"@type\":\"WebPage\",\"@id\":\"https:\/\/souverainete-suisse.ch\/2026\/04\/suisse-ue-les-contre-verites-de-simon-michel-passees-au-crible\/\",\"url\":\"https:\/\/souverainete-suisse.ch\/2026\/04\/suisse-ue-les-contre-verites-de-simon-michel-passees-au-crible\/\",\"name\":\"Suisse-UE : les contre-v\u00e9rit\u00e9s de Simon Michel pass\u00e9es au crible - Mouvement Souverainet\u00e9 Suisse\",\"isPartOf\":{\"@id\":\"https:\/\/souverainete-suisse.ch\/#website\"},\"primaryImageOfPage\":{\"@id\":\"https:\/\/souverainete-suisse.ch\/2026\/04\/suisse-ue-les-contre-verites-de-simon-michel-passees-au-crible\/#primaryimage\"},\"image\":{\"@id\":\"https:\/\/souverainete-suisse.ch\/2026\/04\/suisse-ue-les-contre-verites-de-simon-michel-passees-au-crible\/#primaryimage\"},\"thumbnailUrl\":\"https:\/\/souverainete-suisse.ch\/wp-content\/uploads\/2026\/04\/Simon.jpg\",\"datePublished\":\"2026-04-17T12:46:39+00:00\",\"description\":\"Accords Suisse\u2013UE : les affirmations d\u2019economiesuisse et de Simon Michel minimisent la reprise dynamique du droit europ\u00e9en, son impact sur les PME et ses implications d\u00e9mocratiques, r\u00e9v\u00e9lant une int\u00e9gration juridique progressive souvent sous-estim\u00e9e dans le d\u00e9bat public.\",\"breadcrumb\":{\"@id\":\"https:\/\/souverainete-suisse.ch\/2026\/04\/suisse-ue-les-contre-verites-de-simon-michel-passees-au-crible\/#breadcrumb\"},\"inLanguage\":\"it-IT\",\"potentialAction\":[{\"@type\":\"ReadAction\",\"target\":[\"https:\/\/souverainete-suisse.ch\/2026\/04\/suisse-ue-les-contre-verites-de-simon-michel-passees-au-crible\/\"]}]},{\"@type\":\"ImageObject\",\"inLanguage\":\"it-IT\",\"@id\":\"https:\/\/souverainete-suisse.ch\/2026\/04\/suisse-ue-les-contre-verites-de-simon-michel-passees-au-crible\/#primaryimage\",\"url\":\"https:\/\/souverainete-suisse.ch\/wp-content\/uploads\/2026\/04\/Simon.jpg\",\"contentUrl\":\"https:\/\/souverainete-suisse.ch\/wp-content\/uploads\/2026\/04\/Simon.jpg\",\"width\":1536,\"height\":1024},{\"@type\":\"BreadcrumbList\",\"@id\":\"https:\/\/souverainete-suisse.ch\/2026\/04\/suisse-ue-les-contre-verites-de-simon-michel-passees-au-crible\/#breadcrumb\",\"itemListElement\":[{\"@type\":\"ListItem\",\"position\":1,\"name\":\"Accueil\",\"item\":\"https:\/\/souverainete-suisse.ch\/\"},{\"@type\":\"ListItem\",\"position\":2,\"name\":\"Suisse-UE : les contre-v\u00e9rit\u00e9s de Simon Michel pass\u00e9es au crible\"}]},{\"@type\":\"WebSite\",\"@id\":\"https:\/\/souverainete-suisse.ch\/#website\",\"url\":\"https:\/\/souverainete-suisse.ch\/\",\"name\":\"Mouvement Souverainet\u00e9 Suisse\",\"description\":\"\",\"publisher\":{\"@id\":\"https:\/\/souverainete-suisse.ch\/#organization\"},\"potentialAction\":[{\"@type\":\"SearchAction\",\"target\":{\"@type\":\"EntryPoint\",\"urlTemplate\":\"https:\/\/souverainete-suisse.ch\/?s={search_term_string}\"},\"query-input\":{\"@type\":\"PropertyValueSpecification\",\"valueRequired\":true,\"valueName\":\"search_term_string\"}}],\"inLanguage\":\"it-IT\"},{\"@type\":\"Organization\",\"@id\":\"https:\/\/souverainete-suisse.ch\/#organization\",\"name\":\"Mouvement Souverainet\u00e9 Suisse\",\"url\":\"https:\/\/souverainete-suisse.ch\/\",\"logo\":{\"@type\":\"ImageObject\",\"inLanguage\":\"it-IT\",\"@id\":\"https:\/\/souverainete-suisse.ch\/#\/schema\/logo\/image\/\",\"url\":\"https:\/\/souverainete-suisse.ch\/wp-content\/uploads\/2025\/11\/logo.png\",\"contentUrl\":\"https:\/\/souverainete-suisse.ch\/wp-content\/uploads\/2025\/11\/logo.png\",\"width\":2053,\"height\":1461,\"caption\":\"Mouvement Souverainet\u00e9 Suisse\"},\"image\":{\"@id\":\"https:\/\/souverainete-suisse.ch\/#\/schema\/logo\/image\/\"}},{\"@type\":\"Person\",\"@id\":\"https:\/\/souverainete-suisse.ch\/#\/schema\/person\/b25acb547faec24a94d7215216d68cbf\",\"name\":\"ludom\",\"image\":{\"@type\":\"ImageObject\",\"inLanguage\":\"it-IT\",\"@id\":\"https:\/\/souverainete-suisse.ch\/#\/schema\/person\/image\/\",\"url\":\"https:\/\/secure.gravatar.com\/avatar\/77b40fd8e49e537abcea7487b290688ce92143c3443b1d3f419149c67282ffb4?s=96&d=mm&r=g\",\"contentUrl\":\"https:\/\/secure.gravatar.com\/avatar\/77b40fd8e49e537abcea7487b290688ce92143c3443b1d3f419149c67282ffb4?s=96&d=mm&r=g\",\"caption\":\"ludom\"},\"url\":\"http:\/\/souverainete-suisse.ch\/it\/author\/ludom\/\"}]}<\/script>\n<!-- \/ Yoast SEO plugin. -->","yoast_head_json":{"title":"Svizzera-UE: le falsit\u00e0 di Simon Michel al vaglio - Movimento Sovranit\u00e0 Svizzera","description":"Accordi Svizzera\u2013UE: le affermazioni di economiesuisse e di Simon Michel minimizzano la ripresa dinamica del diritto europeo, il suo impatto sulle PMI e le sue implicazioni democratiche, rivelando un'integrazione giuridica progressiva spesso sottovalutata nel dibattito pubblico.","robots":{"index":"index","follow":"follow","max-snippet":"max-snippet:-1","max-image-preview":"max-image-preview:large","max-video-preview":"max-video-preview:-1"},"canonical":"https:\/\/souverainete-suisse.ch\/it\/2026\/04\/svizzera-le-falsita-di-simon-michel-sotto-esame\/","og_locale":"it_IT","og_type":"article","og_title":"Suisse-UE : les contre-v\u00e9rit\u00e9s de Simon Michel pass\u00e9es au crible - Mouvement Souverainet\u00e9 Suisse","og_description":"Accords Suisse\u2013UE : les affirmations d\u2019economiesuisse et de Simon Michel minimisent la reprise dynamique du droit europ\u00e9en, son impact sur les PME et ses implications d\u00e9mocratiques, r\u00e9v\u00e9lant une int\u00e9gration juridique progressive souvent sous-estim\u00e9e dans le d\u00e9bat public.","og_url":"https:\/\/souverainete-suisse.ch\/it\/2026\/04\/svizzera-le-falsita-di-simon-michel-sotto-esame\/","og_site_name":"Mouvement Souverainet\u00e9 Suisse","article_published_time":"2026-04-17T12:46:39+00:00","og_image":[{"width":1536,"height":1024,"url":"https:\/\/souverainete-suisse.ch\/wp-content\/uploads\/2026\/04\/Simon.jpg","type":"image\/jpeg"}],"author":"ludom","twitter_card":"summary_large_image","twitter_misc":{"Scritto da":"ludom","Tempo di lettura stimato":"4 minuti"},"schema":{"@context":"https:\/\/schema.org","@graph":[{"@type":"Article","@id":"https:\/\/souverainete-suisse.ch\/2026\/04\/suisse-ue-les-contre-verites-de-simon-michel-passees-au-crible\/#article","isPartOf":{"@id":"https:\/\/souverainete-suisse.ch\/2026\/04\/suisse-ue-les-contre-verites-de-simon-michel-passees-au-crible\/"},"author":{"name":"ludom","@id":"https:\/\/souverainete-suisse.ch\/#\/schema\/person\/b25acb547faec24a94d7215216d68cbf"},"headline":"Suisse-UE : les contre-v\u00e9rit\u00e9s de Simon Michel pass\u00e9es au crible","datePublished":"2026-04-17T12:46:39+00:00","mainEntityOfPage":{"@id":"https:\/\/souverainete-suisse.ch\/2026\/04\/suisse-ue-les-contre-verites-de-simon-michel-passees-au-crible\/"},"wordCount":806,"publisher":{"@id":"https:\/\/souverainete-suisse.ch\/#organization"},"image":{"@id":"https:\/\/souverainete-suisse.ch\/2026\/04\/suisse-ue-les-contre-verites-de-simon-michel-passees-au-crible\/#primaryimage"},"thumbnailUrl":"https:\/\/souverainete-suisse.ch\/wp-content\/uploads\/2026\/04\/Simon.jpg","articleSection":["Politique int\u00e9rieure","UE"],"inLanguage":"it-IT"},{"@type":"WebPage","@id":"https:\/\/souverainete-suisse.ch\/2026\/04\/suisse-ue-les-contre-verites-de-simon-michel-passees-au-crible\/","url":"https:\/\/souverainete-suisse.ch\/2026\/04\/suisse-ue-les-contre-verites-de-simon-michel-passees-au-crible\/","name":"Svizzera-UE: le falsit\u00e0 di Simon Michel al vaglio - Movimento Sovranit\u00e0 Svizzera","isPartOf":{"@id":"https:\/\/souverainete-suisse.ch\/#website"},"primaryImageOfPage":{"@id":"https:\/\/souverainete-suisse.ch\/2026\/04\/suisse-ue-les-contre-verites-de-simon-michel-passees-au-crible\/#primaryimage"},"image":{"@id":"https:\/\/souverainete-suisse.ch\/2026\/04\/suisse-ue-les-contre-verites-de-simon-michel-passees-au-crible\/#primaryimage"},"thumbnailUrl":"https:\/\/souverainete-suisse.ch\/wp-content\/uploads\/2026\/04\/Simon.jpg","datePublished":"2026-04-17T12:46:39+00:00","description":"Accordi Svizzera\u2013UE: le affermazioni di economiesuisse e di Simon Michel minimizzano la ripresa dinamica del diritto europeo, il suo impatto sulle PMI e le sue implicazioni democratiche, rivelando un'integrazione giuridica progressiva spesso sottovalutata nel dibattito pubblico.","breadcrumb":{"@id":"https:\/\/souverainete-suisse.ch\/2026\/04\/suisse-ue-les-contre-verites-de-simon-michel-passees-au-crible\/#breadcrumb"},"inLanguage":"it-IT","potentialAction":[{"@type":"ReadAction","target":["https:\/\/souverainete-suisse.ch\/2026\/04\/suisse-ue-les-contre-verites-de-simon-michel-passees-au-crible\/"]}]},{"@type":"ImageObject","inLanguage":"it-IT","@id":"https:\/\/souverainete-suisse.ch\/2026\/04\/suisse-ue-les-contre-verites-de-simon-michel-passees-au-crible\/#primaryimage","url":"https:\/\/souverainete-suisse.ch\/wp-content\/uploads\/2026\/04\/Simon.jpg","contentUrl":"https:\/\/souverainete-suisse.ch\/wp-content\/uploads\/2026\/04\/Simon.jpg","width":1536,"height":1024},{"@type":"BreadcrumbList","@id":"https:\/\/souverainete-suisse.ch\/2026\/04\/suisse-ue-les-contre-verites-de-simon-michel-passees-au-crible\/#breadcrumb","itemListElement":[{"@type":"ListItem","position":1,"name":"Accueil","item":"https:\/\/souverainete-suisse.ch\/"},{"@type":"ListItem","position":2,"name":"Suisse-UE : les contre-v\u00e9rit\u00e9s de Simon Michel pass\u00e9es au crible"}]},{"@type":"WebSite","@id":"https:\/\/souverainete-suisse.ch\/#website","url":"https:\/\/souverainete-suisse.ch\/","name":"Movimento per la sovranit\u00e0 della Svizzera","description":"","publisher":{"@id":"https:\/\/souverainete-suisse.ch\/#organization"},"potentialAction":[{"@type":"SearchAction","target":{"@type":"EntryPoint","urlTemplate":"https:\/\/souverainete-suisse.ch\/?s={search_term_string}"},"query-input":{"@type":"PropertyValueSpecification","valueRequired":true,"valueName":"search_term_string"}}],"inLanguage":"it-IT"},{"@type":"Organization","@id":"https:\/\/souverainete-suisse.ch\/#organization","name":"Movimento per la sovranit\u00e0 della Svizzera","url":"https:\/\/souverainete-suisse.ch\/","logo":{"@type":"ImageObject","inLanguage":"it-IT","@id":"https:\/\/souverainete-suisse.ch\/#\/schema\/logo\/image\/","url":"https:\/\/souverainete-suisse.ch\/wp-content\/uploads\/2025\/11\/logo.png","contentUrl":"https:\/\/souverainete-suisse.ch\/wp-content\/uploads\/2025\/11\/logo.png","width":2053,"height":1461,"caption":"Mouvement Souverainet\u00e9 Suisse"},"image":{"@id":"https:\/\/souverainete-suisse.ch\/#\/schema\/logo\/image\/"}},{"@type":"Person","@id":"https:\/\/souverainete-suisse.ch\/#\/schema\/person\/b25acb547faec24a94d7215216d68cbf","name":"ludom","image":{"@type":"ImageObject","inLanguage":"it-IT","@id":"https:\/\/souverainete-suisse.ch\/#\/schema\/person\/image\/","url":"https:\/\/secure.gravatar.com\/avatar\/77b40fd8e49e537abcea7487b290688ce92143c3443b1d3f419149c67282ffb4?s=96&d=mm&r=g","contentUrl":"https:\/\/secure.gravatar.com\/avatar\/77b40fd8e49e537abcea7487b290688ce92143c3443b1d3f419149c67282ffb4?s=96&d=mm&r=g","caption":"ludom"},"url":"http:\/\/souverainete-suisse.ch\/it\/author\/ludom\/"}]}},"_links":{"self":[{"href":"http:\/\/souverainete-suisse.ch\/it\/wp-json\/wp\/v2\/posts\/1052","targetHints":{"allow":["GET"]}}],"collection":[{"href":"http:\/\/souverainete-suisse.ch\/it\/wp-json\/wp\/v2\/posts"}],"about":[{"href":"http:\/\/souverainete-suisse.ch\/it\/wp-json\/wp\/v2\/types\/post"}],"author":[{"embeddable":true,"href":"http:\/\/souverainete-suisse.ch\/it\/wp-json\/wp\/v2\/users\/2"}],"replies":[{"embeddable":true,"href":"http:\/\/souverainete-suisse.ch\/it\/wp-json\/wp\/v2\/comments?post=1052"}],"version-history":[{"count":1,"href":"http:\/\/souverainete-suisse.ch\/it\/wp-json\/wp\/v2\/posts\/1052\/revisions"}],"predecessor-version":[{"id":1054,"href":"http:\/\/souverainete-suisse.ch\/it\/wp-json\/wp\/v2\/posts\/1052\/revisions\/1054"}],"wp:featuredmedia":[{"embeddable":true,"href":"http:\/\/souverainete-suisse.ch\/it\/wp-json\/wp\/v2\/media\/1053"}],"wp:attachment":[{"href":"http:\/\/souverainete-suisse.ch\/it\/wp-json\/wp\/v2\/media?parent=1052"}],"wp:term":[{"taxonomy":"category","embeddable":true,"href":"http:\/\/souverainete-suisse.ch\/it\/wp-json\/wp\/v2\/categories?post=1052"},{"taxonomy":"post_tag","embeddable":true,"href":"http:\/\/souverainete-suisse.ch\/it\/wp-json\/wp\/v2\/tags?post=1052"}],"curies":[{"name":"wp","href":"https:\/\/api.w.org\/{rel}","templated":true}]}}