{"id":1049,"date":"2026-04-17T14:44:21","date_gmt":"2026-04-17T12:44:21","guid":{"rendered":"https:\/\/souverainete-suisse.ch\/?p=1049"},"modified":"2026-04-17T14:44:21","modified_gmt":"2026-04-17T12:44:21","slug":"stabilire-in-facciata-la-realta-a-tacere-quando-la-comunicazione-di-econmicsuisse-sostituisce-il-dibattito","status":"publish","type":"post","link":"http:\/\/souverainete-suisse.ch\/it\/2026\/04\/stabilire-in-facciata-la-realta-a-tacere-quando-la-comunicazione-di-econmicsuisse-sostituisce-il-dibattito\/","title":{"rendered":"Stabilit\u00e0 in facciata, realt\u00e0 nel silenzio: quando la comunicazione di Economiesuisse sostituisce il dibattito"},"content":{"rendered":"<p>Dietro ai discorsi rassicuranti sulla \u00abstabilit\u00e0\u00bb e sulla \u00abprosperit\u00e0\u00bb si dispiega un meccanismo di influenza ben oliato. Riducendo all'estremo questioni complesse, il dibattito pubblico si trasforma in un'operazione di comunicazione in cui l'essenziale scompare. Rimettere i fatti al centro non \u00e8 pi\u00f9 un'opzione: \u00e8 una necessit\u00e0.<\/p>","protected":false},"excerpt":{"rendered":"<p>Derri\u00e8re les discours rassurants sur la \u00ab stabilit\u00e9 \u00bb et la \u00ab prosp\u00e9rit\u00e9 \u00bb se d\u00e9ploie une m\u00e9canique d\u2019influence bien rod\u00e9e. \u00c0 force de simplifier \u00e0 l\u2019extr\u00eame des enjeux complexes, le d\u00e9bat public est r\u00e9duit \u00e0 une op\u00e9ration de communication o\u00f9 l\u2019essentiel dispara\u00eet. Remettre les faits au centre n\u2019est plus une option \u2014 c\u2019est une [&hellip;]<\/p>\n","protected":false},"author":2,"featured_media":1050,"comment_status":"closed","ping_status":"closed","sticky":false,"template":"","format":"standard","meta":{"footnotes":""},"categories":[8,11],"tags":[],"class_list":["post-1049","post","type-post","status-publish","format-standard","has-post-thumbnail","hentry","category-politique-interieure","category-ue"],"yoast_head":"<!-- This site is optimized with the Yoast SEO plugin v26.9 - https:\/\/yoast.com\/product\/yoast-seo-wordpress\/ -->\n<title>Stabilit\u00e9 en fa\u00e7ade, r\u00e9alit\u00e9 sous silence : quand la communication d\u2019Economiesuisse remplace le d\u00e9bat - Mouvement Souverainet\u00e9 Suisse<\/title>\n<meta name=\"description\" content=\"Accords Suisse\u2013UE : derri\u00e8re les discours de stabilit\u00e9 et de prosp\u00e9rit\u00e9, une communication qui simplifie \u00e0 l\u2019extr\u00eame et occulte des enjeux essentiels, au risque d\u2019appauvrir le d\u00e9bat d\u00e9mocratique et d\u2019\u00e9loigner les citoyens des faits.\" \/>\n<meta name=\"robots\" content=\"index, follow, max-snippet:-1, max-image-preview:large, max-video-preview:-1\" \/>\n<link rel=\"canonical\" href=\"https:\/\/souverainete-suisse.ch\/it\/2026\/04\/stabilire-in-facciata-la-realta-a-tacere-quando-la-comunicazione-di-econmicsuisse-sostituisce-il-dibattito\/\" \/>\n<meta property=\"og:locale\" content=\"it_IT\" \/>\n<meta property=\"og:type\" content=\"article\" \/>\n<meta property=\"og:title\" content=\"Stabilit\u00e9 en fa\u00e7ade, r\u00e9alit\u00e9 sous silence : quand la communication d\u2019Economiesuisse remplace le d\u00e9bat - Mouvement Souverainet\u00e9 Suisse\" \/>\n<meta property=\"og:description\" content=\"Accords Suisse\u2013UE : derri\u00e8re les discours de stabilit\u00e9 et de prosp\u00e9rit\u00e9, une communication qui simplifie \u00e0 l\u2019extr\u00eame et occulte des enjeux essentiels, au risque d\u2019appauvrir le d\u00e9bat d\u00e9mocratique et d\u2019\u00e9loigner les citoyens des faits.\" \/>\n<meta property=\"og:url\" content=\"https:\/\/souverainete-suisse.ch\/it\/2026\/04\/stabilire-in-facciata-la-realta-a-tacere-quando-la-comunicazione-di-econmicsuisse-sostituisce-il-dibattito\/\" \/>\n<meta property=\"og:site_name\" content=\"Mouvement Souverainet\u00e9 Suisse\" \/>\n<meta property=\"article:published_time\" content=\"2026-04-17T12:44:21+00:00\" \/>\n<meta property=\"og:image\" content=\"https:\/\/souverainete-suisse.ch\/wp-content\/uploads\/2026\/04\/Fondue2.jpg\" \/>\n\t<meta property=\"og:image:width\" content=\"1606\" \/>\n\t<meta property=\"og:image:height\" content=\"1068\" \/>\n\t<meta property=\"og:image:type\" content=\"image\/jpeg\" \/>\n<meta name=\"author\" content=\"ludom\" \/>\n<meta name=\"twitter:card\" content=\"summary_large_image\" \/>\n<meta name=\"twitter:label1\" content=\"Scritto da\" \/>\n\t<meta name=\"twitter:data1\" content=\"ludom\" \/>\n\t<meta name=\"twitter:label2\" content=\"Tempo di lettura stimato\" \/>\n\t<meta name=\"twitter:data2\" content=\"1 minuto\" \/>\n<script type=\"application\/ld+json\" class=\"yoast-schema-graph\">{\"@context\":\"https:\/\/schema.org\",\"@graph\":[{\"@type\":\"Article\",\"@id\":\"https:\/\/souverainete-suisse.ch\/2026\/04\/stabilite-en-facade-realite-sous-silence-quand-la-communication-deconomiesuisse-remplace-le-debat\/#article\",\"isPartOf\":{\"@id\":\"https:\/\/souverainete-suisse.ch\/2026\/04\/stabilite-en-facade-realite-sous-silence-quand-la-communication-deconomiesuisse-remplace-le-debat\/\"},\"author\":{\"name\":\"ludom\",\"@id\":\"https:\/\/souverainete-suisse.ch\/#\/schema\/person\/b25acb547faec24a94d7215216d68cbf\"},\"headline\":\"Stabilit\u00e9 en fa\u00e7ade, r\u00e9alit\u00e9 sous silence : quand la communication d\u2019Economiesuisse remplace le d\u00e9bat\",\"datePublished\":\"2026-04-17T12:44:21+00:00\",\"mainEntityOfPage\":{\"@id\":\"https:\/\/souverainete-suisse.ch\/2026\/04\/stabilite-en-facade-realite-sous-silence-quand-la-communication-deconomiesuisse-remplace-le-debat\/\"},\"wordCount\":81,\"publisher\":{\"@id\":\"https:\/\/souverainete-suisse.ch\/#organization\"},\"image\":{\"@id\":\"https:\/\/souverainete-suisse.ch\/2026\/04\/stabilite-en-facade-realite-sous-silence-quand-la-communication-deconomiesuisse-remplace-le-debat\/#primaryimage\"},\"thumbnailUrl\":\"https:\/\/souverainete-suisse.ch\/wp-content\/uploads\/2026\/04\/Fondue2.jpg\",\"articleSection\":[\"Politique int\u00e9rieure\",\"UE\"],\"inLanguage\":\"it-IT\"},{\"@type\":\"WebPage\",\"@id\":\"https:\/\/souverainete-suisse.ch\/2026\/04\/stabilite-en-facade-realite-sous-silence-quand-la-communication-deconomiesuisse-remplace-le-debat\/\",\"url\":\"https:\/\/souverainete-suisse.ch\/2026\/04\/stabilite-en-facade-realite-sous-silence-quand-la-communication-deconomiesuisse-remplace-le-debat\/\",\"name\":\"Stabilit\u00e9 en fa\u00e7ade, r\u00e9alit\u00e9 sous silence : quand la communication d\u2019Economiesuisse remplace le d\u00e9bat - Mouvement Souverainet\u00e9 Suisse\",\"isPartOf\":{\"@id\":\"https:\/\/souverainete-suisse.ch\/#website\"},\"primaryImageOfPage\":{\"@id\":\"https:\/\/souverainete-suisse.ch\/2026\/04\/stabilite-en-facade-realite-sous-silence-quand-la-communication-deconomiesuisse-remplace-le-debat\/#primaryimage\"},\"image\":{\"@id\":\"https:\/\/souverainete-suisse.ch\/2026\/04\/stabilite-en-facade-realite-sous-silence-quand-la-communication-deconomiesuisse-remplace-le-debat\/#primaryimage\"},\"thumbnailUrl\":\"https:\/\/souverainete-suisse.ch\/wp-content\/uploads\/2026\/04\/Fondue2.jpg\",\"datePublished\":\"2026-04-17T12:44:21+00:00\",\"description\":\"Accords Suisse\u2013UE : derri\u00e8re les discours de stabilit\u00e9 et de prosp\u00e9rit\u00e9, une communication qui simplifie \u00e0 l\u2019extr\u00eame et occulte des enjeux essentiels, au risque d\u2019appauvrir le d\u00e9bat d\u00e9mocratique et d\u2019\u00e9loigner les citoyens des faits.\",\"breadcrumb\":{\"@id\":\"https:\/\/souverainete-suisse.ch\/2026\/04\/stabilite-en-facade-realite-sous-silence-quand-la-communication-deconomiesuisse-remplace-le-debat\/#breadcrumb\"},\"inLanguage\":\"it-IT\",\"potentialAction\":[{\"@type\":\"ReadAction\",\"target\":[\"https:\/\/souverainete-suisse.ch\/2026\/04\/stabilite-en-facade-realite-sous-silence-quand-la-communication-deconomiesuisse-remplace-le-debat\/\"]}]},{\"@type\":\"ImageObject\",\"inLanguage\":\"it-IT\",\"@id\":\"https:\/\/souverainete-suisse.ch\/2026\/04\/stabilite-en-facade-realite-sous-silence-quand-la-communication-deconomiesuisse-remplace-le-debat\/#primaryimage\",\"url\":\"https:\/\/souverainete-suisse.ch\/wp-content\/uploads\/2026\/04\/Fondue2.jpg\",\"contentUrl\":\"https:\/\/souverainete-suisse.ch\/wp-content\/uploads\/2026\/04\/Fondue2.jpg\",\"width\":1606,\"height\":1068,\"caption\":\"Screenshot\"},{\"@type\":\"BreadcrumbList\",\"@id\":\"https:\/\/souverainete-suisse.ch\/2026\/04\/stabilite-en-facade-realite-sous-silence-quand-la-communication-deconomiesuisse-remplace-le-debat\/#breadcrumb\",\"itemListElement\":[{\"@type\":\"ListItem\",\"position\":1,\"name\":\"Accueil\",\"item\":\"https:\/\/souverainete-suisse.ch\/\"},{\"@type\":\"ListItem\",\"position\":2,\"name\":\"Stabilit\u00e9 en fa\u00e7ade, r\u00e9alit\u00e9 sous silence : quand la communication d\u2019Economiesuisse remplace le d\u00e9bat\"}]},{\"@type\":\"WebSite\",\"@id\":\"https:\/\/souverainete-suisse.ch\/#website\",\"url\":\"https:\/\/souverainete-suisse.ch\/\",\"name\":\"Mouvement Souverainet\u00e9 Suisse\",\"description\":\"\",\"publisher\":{\"@id\":\"https:\/\/souverainete-suisse.ch\/#organization\"},\"potentialAction\":[{\"@type\":\"SearchAction\",\"target\":{\"@type\":\"EntryPoint\",\"urlTemplate\":\"https:\/\/souverainete-suisse.ch\/?s={search_term_string}\"},\"query-input\":{\"@type\":\"PropertyValueSpecification\",\"valueRequired\":true,\"valueName\":\"search_term_string\"}}],\"inLanguage\":\"it-IT\"},{\"@type\":\"Organization\",\"@id\":\"https:\/\/souverainete-suisse.ch\/#organization\",\"name\":\"Mouvement Souverainet\u00e9 Suisse\",\"url\":\"https:\/\/souverainete-suisse.ch\/\",\"logo\":{\"@type\":\"ImageObject\",\"inLanguage\":\"it-IT\",\"@id\":\"https:\/\/souverainete-suisse.ch\/#\/schema\/logo\/image\/\",\"url\":\"https:\/\/souverainete-suisse.ch\/wp-content\/uploads\/2025\/11\/logo.png\",\"contentUrl\":\"https:\/\/souverainete-suisse.ch\/wp-content\/uploads\/2025\/11\/logo.png\",\"width\":2053,\"height\":1461,\"caption\":\"Mouvement Souverainet\u00e9 Suisse\"},\"image\":{\"@id\":\"https:\/\/souverainete-suisse.ch\/#\/schema\/logo\/image\/\"}},{\"@type\":\"Person\",\"@id\":\"https:\/\/souverainete-suisse.ch\/#\/schema\/person\/b25acb547faec24a94d7215216d68cbf\",\"name\":\"ludom\",\"image\":{\"@type\":\"ImageObject\",\"inLanguage\":\"it-IT\",\"@id\":\"https:\/\/souverainete-suisse.ch\/#\/schema\/person\/image\/\",\"url\":\"https:\/\/secure.gravatar.com\/avatar\/77b40fd8e49e537abcea7487b290688ce92143c3443b1d3f419149c67282ffb4?s=96&d=mm&r=g\",\"contentUrl\":\"https:\/\/secure.gravatar.com\/avatar\/77b40fd8e49e537abcea7487b290688ce92143c3443b1d3f419149c67282ffb4?s=96&d=mm&r=g\",\"caption\":\"ludom\"},\"url\":\"http:\/\/souverainete-suisse.ch\/it\/author\/ludom\/\"}]}<\/script>\n<!-- \/ Yoast SEO plugin. -->","yoast_head_json":{"title":"Stabilit\u00e0 in facciata, realt\u00e0 in silenzio: quando la comunicazione di Economiesuisse sostituisce il dibattito - Movimento Sovranit\u00e0 Svizzera","description":"Accordi Svizzera-UE: dietro i discorsi di stabilit\u00e0 e prosperit\u00e0, una comunicazione che semplifica all\u2019eccesso e oscura questioni essenziali, rischiando di impoverire il dibattito democratico e allontanare i cittadini dai fatti.","robots":{"index":"index","follow":"follow","max-snippet":"max-snippet:-1","max-image-preview":"max-image-preview:large","max-video-preview":"max-video-preview:-1"},"canonical":"https:\/\/souverainete-suisse.ch\/it\/2026\/04\/stabilire-in-facciata-la-realta-a-tacere-quando-la-comunicazione-di-econmicsuisse-sostituisce-il-dibattito\/","og_locale":"it_IT","og_type":"article","og_title":"Stabilit\u00e9 en fa\u00e7ade, r\u00e9alit\u00e9 sous silence : quand la communication d\u2019Economiesuisse remplace le d\u00e9bat - Mouvement Souverainet\u00e9 Suisse","og_description":"Accords Suisse\u2013UE : derri\u00e8re les discours de stabilit\u00e9 et de prosp\u00e9rit\u00e9, une communication qui simplifie \u00e0 l\u2019extr\u00eame et occulte des enjeux essentiels, au risque d\u2019appauvrir le d\u00e9bat d\u00e9mocratique et d\u2019\u00e9loigner les citoyens des faits.","og_url":"https:\/\/souverainete-suisse.ch\/it\/2026\/04\/stabilire-in-facciata-la-realta-a-tacere-quando-la-comunicazione-di-econmicsuisse-sostituisce-il-dibattito\/","og_site_name":"Mouvement Souverainet\u00e9 Suisse","article_published_time":"2026-04-17T12:44:21+00:00","og_image":[{"width":1606,"height":1068,"url":"https:\/\/souverainete-suisse.ch\/wp-content\/uploads\/2026\/04\/Fondue2.jpg","type":"image\/jpeg"}],"author":"ludom","twitter_card":"summary_large_image","twitter_misc":{"Scritto da":"ludom","Tempo di lettura stimato":"1 minuto"},"schema":{"@context":"https:\/\/schema.org","@graph":[{"@type":"Article","@id":"https:\/\/souverainete-suisse.ch\/2026\/04\/stabilite-en-facade-realite-sous-silence-quand-la-communication-deconomiesuisse-remplace-le-debat\/#article","isPartOf":{"@id":"https:\/\/souverainete-suisse.ch\/2026\/04\/stabilite-en-facade-realite-sous-silence-quand-la-communication-deconomiesuisse-remplace-le-debat\/"},"author":{"name":"ludom","@id":"https:\/\/souverainete-suisse.ch\/#\/schema\/person\/b25acb547faec24a94d7215216d68cbf"},"headline":"Stabilit\u00e9 en fa\u00e7ade, r\u00e9alit\u00e9 sous silence : quand la communication d\u2019Economiesuisse remplace le d\u00e9bat","datePublished":"2026-04-17T12:44:21+00:00","mainEntityOfPage":{"@id":"https:\/\/souverainete-suisse.ch\/2026\/04\/stabilite-en-facade-realite-sous-silence-quand-la-communication-deconomiesuisse-remplace-le-debat\/"},"wordCount":81,"publisher":{"@id":"https:\/\/souverainete-suisse.ch\/#organization"},"image":{"@id":"https:\/\/souverainete-suisse.ch\/2026\/04\/stabilite-en-facade-realite-sous-silence-quand-la-communication-deconomiesuisse-remplace-le-debat\/#primaryimage"},"thumbnailUrl":"https:\/\/souverainete-suisse.ch\/wp-content\/uploads\/2026\/04\/Fondue2.jpg","articleSection":["Politique int\u00e9rieure","UE"],"inLanguage":"it-IT"},{"@type":"WebPage","@id":"https:\/\/souverainete-suisse.ch\/2026\/04\/stabilite-en-facade-realite-sous-silence-quand-la-communication-deconomiesuisse-remplace-le-debat\/","url":"https:\/\/souverainete-suisse.ch\/2026\/04\/stabilite-en-facade-realite-sous-silence-quand-la-communication-deconomiesuisse-remplace-le-debat\/","name":"Stabilit\u00e0 in facciata, realt\u00e0 in silenzio: quando la comunicazione di Economiesuisse sostituisce il dibattito - Movimento Sovranit\u00e0 Svizzera","isPartOf":{"@id":"https:\/\/souverainete-suisse.ch\/#website"},"primaryImageOfPage":{"@id":"https:\/\/souverainete-suisse.ch\/2026\/04\/stabilite-en-facade-realite-sous-silence-quand-la-communication-deconomiesuisse-remplace-le-debat\/#primaryimage"},"image":{"@id":"https:\/\/souverainete-suisse.ch\/2026\/04\/stabilite-en-facade-realite-sous-silence-quand-la-communication-deconomiesuisse-remplace-le-debat\/#primaryimage"},"thumbnailUrl":"https:\/\/souverainete-suisse.ch\/wp-content\/uploads\/2026\/04\/Fondue2.jpg","datePublished":"2026-04-17T12:44:21+00:00","description":"Accordi Svizzera-UE: dietro i discorsi di stabilit\u00e0 e prosperit\u00e0, una comunicazione che semplifica all\u2019eccesso e oscura questioni essenziali, rischiando di impoverire il dibattito democratico e allontanare i cittadini dai fatti.","breadcrumb":{"@id":"https:\/\/souverainete-suisse.ch\/2026\/04\/stabilite-en-facade-realite-sous-silence-quand-la-communication-deconomiesuisse-remplace-le-debat\/#breadcrumb"},"inLanguage":"it-IT","potentialAction":[{"@type":"ReadAction","target":["https:\/\/souverainete-suisse.ch\/2026\/04\/stabilite-en-facade-realite-sous-silence-quand-la-communication-deconomiesuisse-remplace-le-debat\/"]}]},{"@type":"ImageObject","inLanguage":"it-IT","@id":"https:\/\/souverainete-suisse.ch\/2026\/04\/stabilite-en-facade-realite-sous-silence-quand-la-communication-deconomiesuisse-remplace-le-debat\/#primaryimage","url":"https:\/\/souverainete-suisse.ch\/wp-content\/uploads\/2026\/04\/Fondue2.jpg","contentUrl":"https:\/\/souverainete-suisse.ch\/wp-content\/uploads\/2026\/04\/Fondue2.jpg","width":1606,"height":1068,"caption":"Screenshot"},{"@type":"BreadcrumbList","@id":"https:\/\/souverainete-suisse.ch\/2026\/04\/stabilite-en-facade-realite-sous-silence-quand-la-communication-deconomiesuisse-remplace-le-debat\/#breadcrumb","itemListElement":[{"@type":"ListItem","position":1,"name":"Accueil","item":"https:\/\/souverainete-suisse.ch\/"},{"@type":"ListItem","position":2,"name":"Stabilit\u00e9 en fa\u00e7ade, r\u00e9alit\u00e9 sous silence : quand la communication d\u2019Economiesuisse remplace le d\u00e9bat"}]},{"@type":"WebSite","@id":"https:\/\/souverainete-suisse.ch\/#website","url":"https:\/\/souverainete-suisse.ch\/","name":"Movimento per la sovranit\u00e0 della Svizzera","description":"","publisher":{"@id":"https:\/\/souverainete-suisse.ch\/#organization"},"potentialAction":[{"@type":"SearchAction","target":{"@type":"EntryPoint","urlTemplate":"https:\/\/souverainete-suisse.ch\/?s={search_term_string}"},"query-input":{"@type":"PropertyValueSpecification","valueRequired":true,"valueName":"search_term_string"}}],"inLanguage":"it-IT"},{"@type":"Organization","@id":"https:\/\/souverainete-suisse.ch\/#organization","name":"Movimento per la sovranit\u00e0 della Svizzera","url":"https:\/\/souverainete-suisse.ch\/","logo":{"@type":"ImageObject","inLanguage":"it-IT","@id":"https:\/\/souverainete-suisse.ch\/#\/schema\/logo\/image\/","url":"https:\/\/souverainete-suisse.ch\/wp-content\/uploads\/2025\/11\/logo.png","contentUrl":"https:\/\/souverainete-suisse.ch\/wp-content\/uploads\/2025\/11\/logo.png","width":2053,"height":1461,"caption":"Mouvement Souverainet\u00e9 Suisse"},"image":{"@id":"https:\/\/souverainete-suisse.ch\/#\/schema\/logo\/image\/"}},{"@type":"Person","@id":"https:\/\/souverainete-suisse.ch\/#\/schema\/person\/b25acb547faec24a94d7215216d68cbf","name":"ludom","image":{"@type":"ImageObject","inLanguage":"it-IT","@id":"https:\/\/souverainete-suisse.ch\/#\/schema\/person\/image\/","url":"https:\/\/secure.gravatar.com\/avatar\/77b40fd8e49e537abcea7487b290688ce92143c3443b1d3f419149c67282ffb4?s=96&d=mm&r=g","contentUrl":"https:\/\/secure.gravatar.com\/avatar\/77b40fd8e49e537abcea7487b290688ce92143c3443b1d3f419149c67282ffb4?s=96&d=mm&r=g","caption":"ludom"},"url":"http:\/\/souverainete-suisse.ch\/it\/author\/ludom\/"}]}},"_links":{"self":[{"href":"http:\/\/souverainete-suisse.ch\/it\/wp-json\/wp\/v2\/posts\/1049","targetHints":{"allow":["GET"]}}],"collection":[{"href":"http:\/\/souverainete-suisse.ch\/it\/wp-json\/wp\/v2\/posts"}],"about":[{"href":"http:\/\/souverainete-suisse.ch\/it\/wp-json\/wp\/v2\/types\/post"}],"author":[{"embeddable":true,"href":"http:\/\/souverainete-suisse.ch\/it\/wp-json\/wp\/v2\/users\/2"}],"replies":[{"embeddable":true,"href":"http:\/\/souverainete-suisse.ch\/it\/wp-json\/wp\/v2\/comments?post=1049"}],"version-history":[{"count":1,"href":"http:\/\/souverainete-suisse.ch\/it\/wp-json\/wp\/v2\/posts\/1049\/revisions"}],"predecessor-version":[{"id":1051,"href":"http:\/\/souverainete-suisse.ch\/it\/wp-json\/wp\/v2\/posts\/1049\/revisions\/1051"}],"wp:featuredmedia":[{"embeddable":true,"href":"http:\/\/souverainete-suisse.ch\/it\/wp-json\/wp\/v2\/media\/1050"}],"wp:attachment":[{"href":"http:\/\/souverainete-suisse.ch\/it\/wp-json\/wp\/v2\/media?parent=1049"}],"wp:term":[{"taxonomy":"category","embeddable":true,"href":"http:\/\/souverainete-suisse.ch\/it\/wp-json\/wp\/v2\/categories?post=1049"},{"taxonomy":"post_tag","embeddable":true,"href":"http:\/\/souverainete-suisse.ch\/it\/wp-json\/wp\/v2\/tags?post=1049"}],"curies":[{"name":"wp","href":"https:\/\/api.w.org\/{rel}","templated":true}]}}