{"id":1046,"date":"2026-04-17T14:41:25","date_gmt":"2026-04-17T12:41:25","guid":{"rendered":"https:\/\/souverainete-suisse.ch\/?p=1046"},"modified":"2026-04-17T14:41:25","modified_gmt":"2026-04-17T12:41:25","slug":"svizzera-ue-quando-linformazione-ufficiale-diventa-una-narrazione-orientata","status":"publish","type":"post","link":"http:\/\/souverainete-suisse.ch\/it\/2026\/04\/svizzera-ue-quando-linformazione-ufficiale-diventa-una-narrazione-orientata\/","title":{"rendered":"Svizzera-UE: quando l'informazione ufficiale diventa una narrazione orientata"},"content":{"rendered":"<p>Parlano di trasparenza, ma tacciono l'essenziale. Il Consiglio federale invoca l'interesse del Paese, evitando accuratamente le domande scomode. Dietro video ben prodotti e discorsi rassicuranti, si delinea un'altra realt\u00e0: quella di un pacchetto di accordi presentato al popolo senza che tutte le carte siano sul tavolo. E se, questa volta, il vero problema non fosse ci\u00f2 che vi viene mostrato... ma ci\u00f2 che il Consiglio federale sceglie di non dire?<\/p>\n<p id=\"ember518\" class=\"ember-view reader-text-block__paragraph\">L'articolo pubblicato dal Neue Z\u00fcrcher Zeitung il 10 aprile 2026 mette in luce un problema centrale nel dibattito sugli accordi Svizzera-UE: il confine sempre pi\u00f9 sfumato tra informazione istituzionale e comunicazione politica.<\/p>\n<h3 id=\"ember519\" class=\"ember-view reader-text-block__heading-3\">Una comunicazione ufficiale a senso unico<\/h3>\n<p id=\"ember520\" class=\"ember-view reader-text-block__paragraph\">Secondo la NZZ, i video esplicativi del Consiglio federale svizzero presentano gli accordi sotto un'ottica quasi esclusivamente positiva, insistendo su concetti consensuali \u2014 sicurezza, prosperit\u00e0, cooperazione scientifica \u2014 evitando al contempo con cura le aree di attrito.<\/p>\n<p id=\"ember521\" class=\"ember-view reader-text-block__paragraph\">Questo dato pone una fondamentale questione democratica:<\/p>\n<p id=\"ember522\" class=\"ember-view reader-text-block__paragraph\">si pu\u00f2 ancora parlare di \u2019spiegazione\u00ab quando gli svantaggi strutturali sono assenti?<\/p>\n<p id=\"ember523\" class=\"ember-view reader-text-block__paragraph\">Come ricorda implicitamente l'articolo, in una democrazia diretta come la Svizzera, l'informazione deve essere <strong>completa, leale e comprensibile<\/strong>. Qui, la comunicazione sembra pi\u00f9 legata a un inquadramento narrativo che a una presentazione equilibrata.<\/p>\n<h3 id=\"ember524\" class=\"ember-view reader-text-block__heading-3\">Il rischioso azzardo di sottovalutare i cittadini<\/h3>\n<p id=\"ember525\" class=\"ember-view reader-text-block__paragraph\">Un passaggio chiave sottolinea che il governo potrebbe \u00absottovalutare l'intelligenza del pubblico\u00bb. Questa osservazione \u00e8 tutt'altro che irrilevante.<\/p>\n<p id=\"ember526\" class=\"ember-view reader-text-block__paragraph\">La Svizzera si basa su un principio implicito ma essenziale:<\/p>\n<p id=\"ember527\" class=\"ember-view reader-text-block__paragraph\"><strong>il cittadino \u00e8 sovrano perch\u00e9 \u00e8 informato.<\/strong><\/p>\n<p id=\"ember528\" class=\"ember-view reader-text-block__paragraph\">Questo si ricollega a una logica gi\u00e0 espressa dal Tribunale federale svizzero:<\/p>\n<blockquote id=\"ember529\" class=\"ember-view reader-text-block__blockquote\"><p>\u00abLa libera formazione della volont\u00e0 popolare presuppone un'informazione fedele e completa.\u00bb<\/p><\/blockquote>\n<p id=\"ember530\" class=\"ember-view reader-text-block__paragraph\">Se questa condizione non \u00e8 pi\u00f9 soddisfatta, \u00e8 l'intero meccanismo di votazione che viene indebolito.<\/p>\n<h3 id=\"ember531\" class=\"ember-view reader-text-block__heading-3\">Gli angoli ciechi evitati volontariamente<\/h3>\n<p id=\"ember532\" class=\"ember-view reader-text-block__paragraph\">L'articolo evidenzia diverse omissioni importanti:<\/p>\n<ul>\n<li><strong>Adozione dinamica del diritto europeo<\/strong> un concetto tecnico ma cruciale, che comporta un quasi-automatico recepimento del diritto UE<\/li>\n<li><strong>Ruolo della Corte di Giustizia dell'Unione europea (CGUE)<\/strong> nell'interpretazione degli accordi<\/li>\n<li><strong>Origine delle tensioni sulla ricerca<\/strong> in particolare l'esclusione della Svizzera dal programma Horizon Europe dopo il fallimento dell'accordo quadro<\/li>\n<\/ul>\n<p id=\"ember534\" class=\"ember-view reader-text-block__paragraph\">Questi elementi non sono secondari. Toccano direttamente la sovranit\u00e0 giuridica e politica.<\/p>\n<p id=\"ember535\" class=\"ember-view reader-text-block__paragraph\">Come gi\u00e0 sottolineava il giurista tedesco Carl Schmitt:<\/p>\n<blockquote id=\"ember536\" class=\"ember-view reader-text-block__blockquote\"><p>\u00ab Sovrano \u00e8 colui che decide sulla situazione eccezionale. \u00bb<\/p><\/blockquote>\n<p id=\"ember537\" class=\"ember-view reader-text-block__paragraph\">O, in un sistema in cui un'istanza esterna (come la Corte di Giustizia dell'Unione Europea) diventa l'arbitro supremo, la questione di sapere <strong>chi decide veramente<\/strong> diventa centrale.<\/p>\n<h3 id=\"ember538\" class=\"ember-view reader-text-block__heading-3\">Un'asimmetria percepita dalla popolazione<\/h3>\n<p id=\"ember539\" class=\"ember-view reader-text-block__paragraph\">L'articolo nota un punto particolarmente interessante:<\/p>\n<p id=\"ember540\" class=\"ember-view reader-text-block__paragraph\">anche se i cittadini non padroneggiano tutti i dettagli tecnici, percepiscono intuitivamente uno squilibrio.<\/p>\n<p id=\"ember541\" class=\"ember-view reader-text-block__paragraph\">Questa intuizione si basa su diverse realt\u00e0:<\/p>\n<ul>\n<li>L'UE agisce come un blocco politico e giuridico integrato<\/li>\n<li>La Svizzera negozia da sola, senza un potere contrattuale equivalente<\/li>\n<li>Le sanzioni (come sulla ricerca) mostrano un rapporto di forza asimmetrico<\/li>\n<\/ul>\n<p id=\"ember543\" class=\"ember-view reader-text-block__paragraph\">Ci\u00f2 si ricollega a un'osservazione di Jean Monnet:<\/p>\n<blockquote id=\"ember544\" class=\"ember-view reader-text-block__blockquote\"><p>\u00ab L'Europa si far\u00e0 nelle crisi. \u00bb<\/p><\/blockquote>\n<p id=\"ember545\" class=\"ember-view reader-text-block__paragraph\">In altre parole, la pressione \u00e8 parte integrante del processo di integrazione, cosa che l'articolo suggerisce indirettamente.<\/p>\n<h3 id=\"ember546\" class=\"ember-view reader-text-block__heading-3\">Una strategia di comunicazione controproducente<\/h3>\n<p id=\"ember547\" class=\"ember-view reader-text-block__paragraph\">Cercando di livellare il dibattito, il Consiglio federale si assume un rischio politico importante:<\/p>\n<p id=\"ember548\" class=\"ember-view reader-text-block__paragraph\">\u2b95 <strong>rafforzare la sfiducia piuttosto che ridurla<\/strong><\/p>\n<p id=\"ember549\" class=\"ember-view reader-text-block__paragraph\">L'articolo sottolinea inoltre che questo approccio potrebbe paradossalmente servire agli oppositori, in particolare all'Unione democratica di centro (UDC), fornendo loro un terreno ideale: quello del dubbio e della mancanza di trasparenza.<\/p>\n<p id=\"ember550\" class=\"ember-view reader-text-block__paragraph\">In un paese in cui i cittadini votano regolarmente, ogni sensazione di trattenimento di informazioni agisce come un catalizzatore di diffidenza.<\/p>\n<h3 id=\"ember551\" class=\"ember-view reader-text-block__heading-3\">Conclusione \u2014 Una democrazia non si protegge con le omissioni<\/h3>\n<p id=\"ember552\" class=\"ember-view reader-text-block__paragraph\">Ci\u00f2 che rivela questo articolo, al di l\u00e0 del caso specifico degli accordi Svizzera-UE, \u00e8 pi\u00f9 profondo:<\/p>\n<p id=\"ember553\" class=\"ember-view reader-text-block__paragraph\">\u2b95 <strong>Una democrazia diretta pu\u00f2 funzionare solo se lo Stato accetta di presentare anche ci\u00f2 che disturba.<\/strong><\/p>\n<p id=\"ember554\" class=\"ember-view reader-text-block__paragraph\">Cercare di convincere semplificando all'estremo o occultando gli aspetti pi\u00f9 delicati non \u00e8 una strategia neutra: \u00e8 un rischio istituzionale.<\/p>\n<p id=\"ember555\" class=\"ember-view reader-text-block__paragraph\">Ma in Svizzera, il popolo non \u00e8 un pubblico da sedurre.<\/p>\n<p id=\"ember556\" class=\"ember-view reader-text-block__paragraph\">\u00c8 un sovrano da rispettare.<\/p>\n<p id=\"ember557\" class=\"ember-view reader-text-block__paragraph\">E un sovrano mal informato non decide liberamente.<\/p>","protected":false},"excerpt":{"rendered":"<p>Ils parlent de transparence, mais taisent l\u2019essentiel. Le Conseil f\u00e9d\u00e9ral invoque l\u2019int\u00e9r\u00eat du pays, tout en \u00e9vitant soigneusement les questions qui d\u00e9rangent. Derri\u00e8re des vid\u00e9os bien produites et des discours rassurants, une autre r\u00e9alit\u00e9 se dessine : celle d\u2019un paquet d\u2019accords pr\u00e9sent\u00e9 au peuple sans que toutes les cartes soient pos\u00e9es sur la table. Et [&hellip;]<\/p>\n","protected":false},"author":2,"featured_media":1047,"comment_status":"closed","ping_status":"closed","sticky":false,"template":"","format":"standard","meta":{"footnotes":""},"categories":[8,11],"tags":[],"class_list":["post-1046","post","type-post","status-publish","format-standard","has-post-thumbnail","hentry","category-politique-interieure","category-ue"],"yoast_head":"<!-- This site is optimized with the Yoast SEO plugin v26.9 - https:\/\/yoast.com\/product\/yoast-seo-wordpress\/ -->\n<title>Suisse\u2013UE : quand l\u2019information officielle devient un r\u00e9cit orient\u00e9 - Mouvement Souverainet\u00e9 Suisse<\/title>\n<meta name=\"description\" content=\"Accords Suisse\u2013UE : la communication du Conseil f\u00e9d\u00e9ral est-elle biais\u00e9e ? Selon la NZZ, les vid\u00e9os officielles occultent des enjeux cl\u00e9s comme la reprise du droit europ\u00e9en, le r\u00f4le de la CJUE et les rapports de force, soulevant un risque pour la transparence et la d\u00e9mocratie directe.\" \/>\n<meta name=\"robots\" content=\"index, follow, max-snippet:-1, max-image-preview:large, max-video-preview:-1\" \/>\n<link rel=\"canonical\" href=\"https:\/\/souverainete-suisse.ch\/it\/2026\/04\/svizzera-ue-quando-linformazione-ufficiale-diventa-una-narrazione-orientata\/\" \/>\n<meta property=\"og:locale\" content=\"it_IT\" \/>\n<meta property=\"og:type\" content=\"article\" \/>\n<meta property=\"og:title\" content=\"Suisse\u2013UE : quand l\u2019information officielle devient un r\u00e9cit orient\u00e9 - Mouvement Souverainet\u00e9 Suisse\" \/>\n<meta property=\"og:description\" content=\"Accords Suisse\u2013UE : la communication du Conseil f\u00e9d\u00e9ral est-elle biais\u00e9e ? Selon la NZZ, les vid\u00e9os officielles occultent des enjeux cl\u00e9s comme la reprise du droit europ\u00e9en, le r\u00f4le de la CJUE et les rapports de force, soulevant un risque pour la transparence et la d\u00e9mocratie directe.\" \/>\n<meta property=\"og:url\" content=\"https:\/\/souverainete-suisse.ch\/it\/2026\/04\/svizzera-ue-quando-linformazione-ufficiale-diventa-una-narrazione-orientata\/\" \/>\n<meta property=\"og:site_name\" content=\"Mouvement Souverainet\u00e9 Suisse\" \/>\n<meta property=\"article:published_time\" content=\"2026-04-17T12:41:25+00:00\" \/>\n<meta property=\"og:image\" content=\"https:\/\/souverainete-suisse.ch\/wp-content\/uploads\/2026\/04\/CF.jpg\" \/>\n\t<meta property=\"og:image:width\" content=\"1536\" \/>\n\t<meta property=\"og:image:height\" content=\"1024\" \/>\n\t<meta property=\"og:image:type\" content=\"image\/jpeg\" \/>\n<meta name=\"author\" content=\"ludom\" \/>\n<meta name=\"twitter:card\" content=\"summary_large_image\" \/>\n<meta name=\"twitter:label1\" content=\"Scritto da\" \/>\n\t<meta name=\"twitter:data1\" content=\"ludom\" \/>\n\t<meta name=\"twitter:label2\" content=\"Tempo di lettura stimato\" \/>\n\t<meta name=\"twitter:data2\" content=\"4 minuti\" \/>\n<script type=\"application\/ld+json\" class=\"yoast-schema-graph\">{\"@context\":\"https:\/\/schema.org\",\"@graph\":[{\"@type\":\"Article\",\"@id\":\"https:\/\/souverainete-suisse.ch\/2026\/04\/suisse-ue-quand-linformation-officielle-devient-un-recit-oriente\/#article\",\"isPartOf\":{\"@id\":\"https:\/\/souverainete-suisse.ch\/2026\/04\/suisse-ue-quand-linformation-officielle-devient-un-recit-oriente\/\"},\"author\":{\"name\":\"ludom\",\"@id\":\"https:\/\/souverainete-suisse.ch\/#\/schema\/person\/b25acb547faec24a94d7215216d68cbf\"},\"headline\":\"Suisse\u2013UE : quand l\u2019information officielle devient un r\u00e9cit orient\u00e9\",\"datePublished\":\"2026-04-17T12:41:25+00:00\",\"mainEntityOfPage\":{\"@id\":\"https:\/\/souverainete-suisse.ch\/2026\/04\/suisse-ue-quand-linformation-officielle-devient-un-recit-oriente\/\"},\"wordCount\":797,\"publisher\":{\"@id\":\"https:\/\/souverainete-suisse.ch\/#organization\"},\"image\":{\"@id\":\"https:\/\/souverainete-suisse.ch\/2026\/04\/suisse-ue-quand-linformation-officielle-devient-un-recit-oriente\/#primaryimage\"},\"thumbnailUrl\":\"https:\/\/souverainete-suisse.ch\/wp-content\/uploads\/2026\/04\/CF.jpg\",\"articleSection\":[\"Politique int\u00e9rieure\",\"UE\"],\"inLanguage\":\"it-IT\"},{\"@type\":\"WebPage\",\"@id\":\"https:\/\/souverainete-suisse.ch\/2026\/04\/suisse-ue-quand-linformation-officielle-devient-un-recit-oriente\/\",\"url\":\"https:\/\/souverainete-suisse.ch\/2026\/04\/suisse-ue-quand-linformation-officielle-devient-un-recit-oriente\/\",\"name\":\"Suisse\u2013UE : quand l\u2019information officielle devient un r\u00e9cit orient\u00e9 - Mouvement Souverainet\u00e9 Suisse\",\"isPartOf\":{\"@id\":\"https:\/\/souverainete-suisse.ch\/#website\"},\"primaryImageOfPage\":{\"@id\":\"https:\/\/souverainete-suisse.ch\/2026\/04\/suisse-ue-quand-linformation-officielle-devient-un-recit-oriente\/#primaryimage\"},\"image\":{\"@id\":\"https:\/\/souverainete-suisse.ch\/2026\/04\/suisse-ue-quand-linformation-officielle-devient-un-recit-oriente\/#primaryimage\"},\"thumbnailUrl\":\"https:\/\/souverainete-suisse.ch\/wp-content\/uploads\/2026\/04\/CF.jpg\",\"datePublished\":\"2026-04-17T12:41:25+00:00\",\"description\":\"Accords Suisse\u2013UE : la communication du Conseil f\u00e9d\u00e9ral est-elle biais\u00e9e ? Selon la NZZ, les vid\u00e9os officielles occultent des enjeux cl\u00e9s comme la reprise du droit europ\u00e9en, le r\u00f4le de la CJUE et les rapports de force, soulevant un risque pour la transparence et la d\u00e9mocratie directe.\",\"breadcrumb\":{\"@id\":\"https:\/\/souverainete-suisse.ch\/2026\/04\/suisse-ue-quand-linformation-officielle-devient-un-recit-oriente\/#breadcrumb\"},\"inLanguage\":\"it-IT\",\"potentialAction\":[{\"@type\":\"ReadAction\",\"target\":[\"https:\/\/souverainete-suisse.ch\/2026\/04\/suisse-ue-quand-linformation-officielle-devient-un-recit-oriente\/\"]}]},{\"@type\":\"ImageObject\",\"inLanguage\":\"it-IT\",\"@id\":\"https:\/\/souverainete-suisse.ch\/2026\/04\/suisse-ue-quand-linformation-officielle-devient-un-recit-oriente\/#primaryimage\",\"url\":\"https:\/\/souverainete-suisse.ch\/wp-content\/uploads\/2026\/04\/CF.jpg\",\"contentUrl\":\"https:\/\/souverainete-suisse.ch\/wp-content\/uploads\/2026\/04\/CF.jpg\",\"width\":1536,\"height\":1024},{\"@type\":\"BreadcrumbList\",\"@id\":\"https:\/\/souverainete-suisse.ch\/2026\/04\/suisse-ue-quand-linformation-officielle-devient-un-recit-oriente\/#breadcrumb\",\"itemListElement\":[{\"@type\":\"ListItem\",\"position\":1,\"name\":\"Accueil\",\"item\":\"https:\/\/souverainete-suisse.ch\/\"},{\"@type\":\"ListItem\",\"position\":2,\"name\":\"Suisse\u2013UE : quand l\u2019information officielle devient un r\u00e9cit orient\u00e9\"}]},{\"@type\":\"WebSite\",\"@id\":\"https:\/\/souverainete-suisse.ch\/#website\",\"url\":\"https:\/\/souverainete-suisse.ch\/\",\"name\":\"Mouvement Souverainet\u00e9 Suisse\",\"description\":\"\",\"publisher\":{\"@id\":\"https:\/\/souverainete-suisse.ch\/#organization\"},\"potentialAction\":[{\"@type\":\"SearchAction\",\"target\":{\"@type\":\"EntryPoint\",\"urlTemplate\":\"https:\/\/souverainete-suisse.ch\/?s={search_term_string}\"},\"query-input\":{\"@type\":\"PropertyValueSpecification\",\"valueRequired\":true,\"valueName\":\"search_term_string\"}}],\"inLanguage\":\"it-IT\"},{\"@type\":\"Organization\",\"@id\":\"https:\/\/souverainete-suisse.ch\/#organization\",\"name\":\"Mouvement Souverainet\u00e9 Suisse\",\"url\":\"https:\/\/souverainete-suisse.ch\/\",\"logo\":{\"@type\":\"ImageObject\",\"inLanguage\":\"it-IT\",\"@id\":\"https:\/\/souverainete-suisse.ch\/#\/schema\/logo\/image\/\",\"url\":\"https:\/\/souverainete-suisse.ch\/wp-content\/uploads\/2025\/11\/logo.png\",\"contentUrl\":\"https:\/\/souverainete-suisse.ch\/wp-content\/uploads\/2025\/11\/logo.png\",\"width\":2053,\"height\":1461,\"caption\":\"Mouvement Souverainet\u00e9 Suisse\"},\"image\":{\"@id\":\"https:\/\/souverainete-suisse.ch\/#\/schema\/logo\/image\/\"}},{\"@type\":\"Person\",\"@id\":\"https:\/\/souverainete-suisse.ch\/#\/schema\/person\/b25acb547faec24a94d7215216d68cbf\",\"name\":\"ludom\",\"image\":{\"@type\":\"ImageObject\",\"inLanguage\":\"it-IT\",\"@id\":\"https:\/\/souverainete-suisse.ch\/#\/schema\/person\/image\/\",\"url\":\"https:\/\/secure.gravatar.com\/avatar\/77b40fd8e49e537abcea7487b290688ce92143c3443b1d3f419149c67282ffb4?s=96&d=mm&r=g\",\"contentUrl\":\"https:\/\/secure.gravatar.com\/avatar\/77b40fd8e49e537abcea7487b290688ce92143c3443b1d3f419149c67282ffb4?s=96&d=mm&r=g\",\"caption\":\"ludom\"},\"url\":\"http:\/\/souverainete-suisse.ch\/it\/author\/ludom\/\"}]}<\/script>\n<!-- \/ Yoast SEO plugin. -->","yoast_head_json":{"title":"Svizzera\u2013UE: quando l'informazione ufficiale diventa una narrazione di parte - Movimento Sovranit\u00e0 Svizzera","description":"Accordi Svizzera-UE: la comunicazione del Consiglio federale \u00e8 parziale? Secondo la NZZ, i video ufficiali occultano questioni chiave come la ripresa del diritto europeo, il ruolo della Corte di giustizia dell'Unione europea e gli equilibri di potere, sollevando un rischio per la trasparenza e la democrazia diretta.","robots":{"index":"index","follow":"follow","max-snippet":"max-snippet:-1","max-image-preview":"max-image-preview:large","max-video-preview":"max-video-preview:-1"},"canonical":"https:\/\/souverainete-suisse.ch\/it\/2026\/04\/svizzera-ue-quando-linformazione-ufficiale-diventa-una-narrazione-orientata\/","og_locale":"it_IT","og_type":"article","og_title":"Suisse\u2013UE : quand l\u2019information officielle devient un r\u00e9cit orient\u00e9 - Mouvement Souverainet\u00e9 Suisse","og_description":"Accords Suisse\u2013UE : la communication du Conseil f\u00e9d\u00e9ral est-elle biais\u00e9e ? Selon la NZZ, les vid\u00e9os officielles occultent des enjeux cl\u00e9s comme la reprise du droit europ\u00e9en, le r\u00f4le de la CJUE et les rapports de force, soulevant un risque pour la transparence et la d\u00e9mocratie directe.","og_url":"https:\/\/souverainete-suisse.ch\/it\/2026\/04\/svizzera-ue-quando-linformazione-ufficiale-diventa-una-narrazione-orientata\/","og_site_name":"Mouvement Souverainet\u00e9 Suisse","article_published_time":"2026-04-17T12:41:25+00:00","og_image":[{"width":1536,"height":1024,"url":"https:\/\/souverainete-suisse.ch\/wp-content\/uploads\/2026\/04\/CF.jpg","type":"image\/jpeg"}],"author":"ludom","twitter_card":"summary_large_image","twitter_misc":{"Scritto da":"ludom","Tempo di lettura stimato":"4 minuti"},"schema":{"@context":"https:\/\/schema.org","@graph":[{"@type":"Article","@id":"https:\/\/souverainete-suisse.ch\/2026\/04\/suisse-ue-quand-linformation-officielle-devient-un-recit-oriente\/#article","isPartOf":{"@id":"https:\/\/souverainete-suisse.ch\/2026\/04\/suisse-ue-quand-linformation-officielle-devient-un-recit-oriente\/"},"author":{"name":"ludom","@id":"https:\/\/souverainete-suisse.ch\/#\/schema\/person\/b25acb547faec24a94d7215216d68cbf"},"headline":"Suisse\u2013UE : quand l\u2019information officielle devient un r\u00e9cit orient\u00e9","datePublished":"2026-04-17T12:41:25+00:00","mainEntityOfPage":{"@id":"https:\/\/souverainete-suisse.ch\/2026\/04\/suisse-ue-quand-linformation-officielle-devient-un-recit-oriente\/"},"wordCount":797,"publisher":{"@id":"https:\/\/souverainete-suisse.ch\/#organization"},"image":{"@id":"https:\/\/souverainete-suisse.ch\/2026\/04\/suisse-ue-quand-linformation-officielle-devient-un-recit-oriente\/#primaryimage"},"thumbnailUrl":"https:\/\/souverainete-suisse.ch\/wp-content\/uploads\/2026\/04\/CF.jpg","articleSection":["Politique int\u00e9rieure","UE"],"inLanguage":"it-IT"},{"@type":"WebPage","@id":"https:\/\/souverainete-suisse.ch\/2026\/04\/suisse-ue-quand-linformation-officielle-devient-un-recit-oriente\/","url":"https:\/\/souverainete-suisse.ch\/2026\/04\/suisse-ue-quand-linformation-officielle-devient-un-recit-oriente\/","name":"Svizzera\u2013UE: quando l'informazione ufficiale diventa una narrazione di parte - Movimento Sovranit\u00e0 Svizzera","isPartOf":{"@id":"https:\/\/souverainete-suisse.ch\/#website"},"primaryImageOfPage":{"@id":"https:\/\/souverainete-suisse.ch\/2026\/04\/suisse-ue-quand-linformation-officielle-devient-un-recit-oriente\/#primaryimage"},"image":{"@id":"https:\/\/souverainete-suisse.ch\/2026\/04\/suisse-ue-quand-linformation-officielle-devient-un-recit-oriente\/#primaryimage"},"thumbnailUrl":"https:\/\/souverainete-suisse.ch\/wp-content\/uploads\/2026\/04\/CF.jpg","datePublished":"2026-04-17T12:41:25+00:00","description":"Accordi Svizzera-UE: la comunicazione del Consiglio federale \u00e8 parziale? Secondo la NZZ, i video ufficiali occultano questioni chiave come la ripresa del diritto europeo, il ruolo della Corte di giustizia dell'Unione europea e gli equilibri di potere, sollevando un rischio per la trasparenza e la democrazia diretta.","breadcrumb":{"@id":"https:\/\/souverainete-suisse.ch\/2026\/04\/suisse-ue-quand-linformation-officielle-devient-un-recit-oriente\/#breadcrumb"},"inLanguage":"it-IT","potentialAction":[{"@type":"ReadAction","target":["https:\/\/souverainete-suisse.ch\/2026\/04\/suisse-ue-quand-linformation-officielle-devient-un-recit-oriente\/"]}]},{"@type":"ImageObject","inLanguage":"it-IT","@id":"https:\/\/souverainete-suisse.ch\/2026\/04\/suisse-ue-quand-linformation-officielle-devient-un-recit-oriente\/#primaryimage","url":"https:\/\/souverainete-suisse.ch\/wp-content\/uploads\/2026\/04\/CF.jpg","contentUrl":"https:\/\/souverainete-suisse.ch\/wp-content\/uploads\/2026\/04\/CF.jpg","width":1536,"height":1024},{"@type":"BreadcrumbList","@id":"https:\/\/souverainete-suisse.ch\/2026\/04\/suisse-ue-quand-linformation-officielle-devient-un-recit-oriente\/#breadcrumb","itemListElement":[{"@type":"ListItem","position":1,"name":"Accueil","item":"https:\/\/souverainete-suisse.ch\/"},{"@type":"ListItem","position":2,"name":"Suisse\u2013UE : quand l\u2019information officielle devient un r\u00e9cit orient\u00e9"}]},{"@type":"WebSite","@id":"https:\/\/souverainete-suisse.ch\/#website","url":"https:\/\/souverainete-suisse.ch\/","name":"Movimento per la sovranit\u00e0 della Svizzera","description":"","publisher":{"@id":"https:\/\/souverainete-suisse.ch\/#organization"},"potentialAction":[{"@type":"SearchAction","target":{"@type":"EntryPoint","urlTemplate":"https:\/\/souverainete-suisse.ch\/?s={search_term_string}"},"query-input":{"@type":"PropertyValueSpecification","valueRequired":true,"valueName":"search_term_string"}}],"inLanguage":"it-IT"},{"@type":"Organization","@id":"https:\/\/souverainete-suisse.ch\/#organization","name":"Movimento per la sovranit\u00e0 della Svizzera","url":"https:\/\/souverainete-suisse.ch\/","logo":{"@type":"ImageObject","inLanguage":"it-IT","@id":"https:\/\/souverainete-suisse.ch\/#\/schema\/logo\/image\/","url":"https:\/\/souverainete-suisse.ch\/wp-content\/uploads\/2025\/11\/logo.png","contentUrl":"https:\/\/souverainete-suisse.ch\/wp-content\/uploads\/2025\/11\/logo.png","width":2053,"height":1461,"caption":"Mouvement Souverainet\u00e9 Suisse"},"image":{"@id":"https:\/\/souverainete-suisse.ch\/#\/schema\/logo\/image\/"}},{"@type":"Person","@id":"https:\/\/souverainete-suisse.ch\/#\/schema\/person\/b25acb547faec24a94d7215216d68cbf","name":"ludom","image":{"@type":"ImageObject","inLanguage":"it-IT","@id":"https:\/\/souverainete-suisse.ch\/#\/schema\/person\/image\/","url":"https:\/\/secure.gravatar.com\/avatar\/77b40fd8e49e537abcea7487b290688ce92143c3443b1d3f419149c67282ffb4?s=96&d=mm&r=g","contentUrl":"https:\/\/secure.gravatar.com\/avatar\/77b40fd8e49e537abcea7487b290688ce92143c3443b1d3f419149c67282ffb4?s=96&d=mm&r=g","caption":"ludom"},"url":"http:\/\/souverainete-suisse.ch\/it\/author\/ludom\/"}]}},"_links":{"self":[{"href":"http:\/\/souverainete-suisse.ch\/it\/wp-json\/wp\/v2\/posts\/1046","targetHints":{"allow":["GET"]}}],"collection":[{"href":"http:\/\/souverainete-suisse.ch\/it\/wp-json\/wp\/v2\/posts"}],"about":[{"href":"http:\/\/souverainete-suisse.ch\/it\/wp-json\/wp\/v2\/types\/post"}],"author":[{"embeddable":true,"href":"http:\/\/souverainete-suisse.ch\/it\/wp-json\/wp\/v2\/users\/2"}],"replies":[{"embeddable":true,"href":"http:\/\/souverainete-suisse.ch\/it\/wp-json\/wp\/v2\/comments?post=1046"}],"version-history":[{"count":1,"href":"http:\/\/souverainete-suisse.ch\/it\/wp-json\/wp\/v2\/posts\/1046\/revisions"}],"predecessor-version":[{"id":1048,"href":"http:\/\/souverainete-suisse.ch\/it\/wp-json\/wp\/v2\/posts\/1046\/revisions\/1048"}],"wp:featuredmedia":[{"embeddable":true,"href":"http:\/\/souverainete-suisse.ch\/it\/wp-json\/wp\/v2\/media\/1047"}],"wp:attachment":[{"href":"http:\/\/souverainete-suisse.ch\/it\/wp-json\/wp\/v2\/media?parent=1046"}],"wp:term":[{"taxonomy":"category","embeddable":true,"href":"http:\/\/souverainete-suisse.ch\/it\/wp-json\/wp\/v2\/categories?post=1046"},{"taxonomy":"post_tag","embeddable":true,"href":"http:\/\/souverainete-suisse.ch\/it\/wp-json\/wp\/v2\/tags?post=1046"}],"curies":[{"name":"wp","href":"https:\/\/api.w.org\/{rel}","templated":true}]}}