{"id":1043,"date":"2026-04-17T14:38:57","date_gmt":"2026-04-17T12:38:57","guid":{"rendered":"https:\/\/souverainete-suisse.ch\/?p=1043"},"modified":"2026-04-17T14:38:57","modified_gmt":"2026-04-17T12:38:57","slug":"sorrisi-in-vetrina-sovranita-in-saldo-il-vero-prezzo-del-piccolo-menu-europeo","status":"publish","type":"post","link":"http:\/\/souverainete-suisse.ch\/it\/2026\/04\/sorrisi-in-vetrina-sovranita-in-saldo-il-vero-prezzo-del-piccolo-menu-europeo\/","title":{"rendered":"Sorrisi in vetrina, sovranit\u00e0 in saldo: il vero prezzo del \u201cpiccolo menu\u201d europeo"},"content":{"rendered":"<p>Dietro il sorriso e gli slogan ben oliati, la ricetta \u00e8 sempre la stessa: meno sovranit\u00e0, pi\u00f9 dipendenza. Vi vendono un \u00abpiccolo prezzo\u00bb oggi, ma il conto reale \u2013 quello \u2013 si paga in perdita di potere d'acquisto, in norme imposte e in decisioni che sfuggono al popolo.<\/p>\n<p>L'esposizione \u00e8 seducente, il discorso rassicurante, ma il menu \u00e8 sbilanciato: compromesso a senso unico, apertura senza reciprocit\u00e0 e disinformazione come contorno.<\/p>\n<p>A forza di servire la \u00absottomissione\u00bb ben calda, alcuni sperano che i cittadini non vedranno pi\u00f9 cosa c'\u00e8 veramente nel piatto. Ma in Svizzera, il gusto del vero finisce sempre per prevalere sul gusto del compromesso.<\/p>","protected":false},"excerpt":{"rendered":"<p>Derri\u00e8re le sourire et les slogans bien huil\u00e9s, la recette est toujours la m\u00eame : moins de souverainet\u00e9, plus de d\u00e9pendance. On vous vend un \u00ab petit prix \u00bb aujourd\u2019hui, mais la facture r\u00e9elle \u2014 elle \u2014 se paie en perte de pouvoir d\u2019achat, en normes impos\u00e9es et en d\u00e9cisions qui \u00e9chappent au peuple. Le [&hellip;]<\/p>\n","protected":false},"author":2,"featured_media":1044,"comment_status":"closed","ping_status":"closed","sticky":false,"template":"","format":"standard","meta":{"footnotes":""},"categories":[8,11],"tags":[],"class_list":["post-1043","post","type-post","status-publish","format-standard","has-post-thumbnail","hentry","category-politique-interieure","category-ue"],"yoast_head":"<!-- This site is optimized with the Yoast SEO plugin v26.9 - https:\/\/yoast.com\/product\/yoast-seo-wordpress\/ -->\n<title>Sourires en vitrine, souverainet\u00e9 en solde : le vrai prix du \u201cpetit menu\u201d europ\u00e9en - Mouvement Souverainet\u00e9 Suisse<\/title>\n<meta name=\"description\" content=\"Souverainet\u00e9 suisse, accords UE, d\u00e9pendance \u00e9conomique : derri\u00e8re les slogans rassurants, un mod\u00e8le qui affaiblit le pouvoir d\u2019achat, impose des normes et \u00e9loigne les d\u00e9cisions du peuple.\" \/>\n<meta name=\"robots\" content=\"index, follow, max-snippet:-1, max-image-preview:large, max-video-preview:-1\" \/>\n<link rel=\"canonical\" href=\"https:\/\/souverainete-suisse.ch\/it\/2026\/04\/sorrisi-in-vetrina-sovranita-in-saldo-il-vero-prezzo-del-piccolo-menu-europeo\/\" \/>\n<meta property=\"og:locale\" content=\"it_IT\" \/>\n<meta property=\"og:type\" content=\"article\" \/>\n<meta property=\"og:title\" content=\"Sourires en vitrine, souverainet\u00e9 en solde : le vrai prix du \u201cpetit menu\u201d europ\u00e9en - Mouvement Souverainet\u00e9 Suisse\" \/>\n<meta property=\"og:description\" content=\"Souverainet\u00e9 suisse, accords UE, d\u00e9pendance \u00e9conomique : derri\u00e8re les slogans rassurants, un mod\u00e8le qui affaiblit le pouvoir d\u2019achat, impose des normes et \u00e9loigne les d\u00e9cisions du peuple.\" \/>\n<meta property=\"og:url\" content=\"https:\/\/souverainete-suisse.ch\/it\/2026\/04\/sorrisi-in-vetrina-sovranita-in-saldo-il-vero-prezzo-del-piccolo-menu-europeo\/\" \/>\n<meta property=\"og:site_name\" content=\"Mouvement Souverainet\u00e9 Suisse\" \/>\n<meta property=\"article:published_time\" content=\"2026-04-17T12:38:57+00:00\" \/>\n<meta property=\"og:image\" content=\"https:\/\/souverainete-suisse.ch\/wp-content\/uploads\/2026\/04\/economiesuisse2.jpg\" \/>\n\t<meta property=\"og:image:width\" content=\"1536\" \/>\n\t<meta property=\"og:image:height\" content=\"1024\" \/>\n\t<meta property=\"og:image:type\" content=\"image\/jpeg\" \/>\n<meta name=\"author\" content=\"ludom\" \/>\n<meta name=\"twitter:card\" content=\"summary_large_image\" \/>\n<meta name=\"twitter:label1\" content=\"Scritto da\" \/>\n\t<meta name=\"twitter:data1\" content=\"ludom\" \/>\n\t<meta name=\"twitter:label2\" content=\"Tempo di lettura stimato\" \/>\n\t<meta name=\"twitter:data2\" content=\"1 minuto\" \/>\n<script type=\"application\/ld+json\" class=\"yoast-schema-graph\">{\"@context\":\"https:\/\/schema.org\",\"@graph\":[{\"@type\":\"Article\",\"@id\":\"https:\/\/souverainete-suisse.ch\/2026\/04\/sourires-en-vitrine-souverainete-en-solde-le-vrai-prix-du-petit-menu-europeen\/#article\",\"isPartOf\":{\"@id\":\"https:\/\/souverainete-suisse.ch\/2026\/04\/sourires-en-vitrine-souverainete-en-solde-le-vrai-prix-du-petit-menu-europeen\/\"},\"author\":{\"name\":\"ludom\",\"@id\":\"https:\/\/souverainete-suisse.ch\/#\/schema\/person\/b25acb547faec24a94d7215216d68cbf\"},\"headline\":\"Sourires en vitrine, souverainet\u00e9 en solde : le vrai prix du \u201cpetit menu\u201d europ\u00e9en\",\"datePublished\":\"2026-04-17T12:38:57+00:00\",\"mainEntityOfPage\":{\"@id\":\"https:\/\/souverainete-suisse.ch\/2026\/04\/sourires-en-vitrine-souverainete-en-solde-le-vrai-prix-du-petit-menu-europeen\/\"},\"wordCount\":141,\"publisher\":{\"@id\":\"https:\/\/souverainete-suisse.ch\/#organization\"},\"image\":{\"@id\":\"https:\/\/souverainete-suisse.ch\/2026\/04\/sourires-en-vitrine-souverainete-en-solde-le-vrai-prix-du-petit-menu-europeen\/#primaryimage\"},\"thumbnailUrl\":\"https:\/\/souverainete-suisse.ch\/wp-content\/uploads\/2026\/04\/economiesuisse2.jpg\",\"articleSection\":[\"Politique int\u00e9rieure\",\"UE\"],\"inLanguage\":\"it-IT\"},{\"@type\":\"WebPage\",\"@id\":\"https:\/\/souverainete-suisse.ch\/2026\/04\/sourires-en-vitrine-souverainete-en-solde-le-vrai-prix-du-petit-menu-europeen\/\",\"url\":\"https:\/\/souverainete-suisse.ch\/2026\/04\/sourires-en-vitrine-souverainete-en-solde-le-vrai-prix-du-petit-menu-europeen\/\",\"name\":\"Sourires en vitrine, souverainet\u00e9 en solde : le vrai prix du \u201cpetit menu\u201d europ\u00e9en - Mouvement Souverainet\u00e9 Suisse\",\"isPartOf\":{\"@id\":\"https:\/\/souverainete-suisse.ch\/#website\"},\"primaryImageOfPage\":{\"@id\":\"https:\/\/souverainete-suisse.ch\/2026\/04\/sourires-en-vitrine-souverainete-en-solde-le-vrai-prix-du-petit-menu-europeen\/#primaryimage\"},\"image\":{\"@id\":\"https:\/\/souverainete-suisse.ch\/2026\/04\/sourires-en-vitrine-souverainete-en-solde-le-vrai-prix-du-petit-menu-europeen\/#primaryimage\"},\"thumbnailUrl\":\"https:\/\/souverainete-suisse.ch\/wp-content\/uploads\/2026\/04\/economiesuisse2.jpg\",\"datePublished\":\"2026-04-17T12:38:57+00:00\",\"description\":\"Souverainet\u00e9 suisse, accords UE, d\u00e9pendance \u00e9conomique : derri\u00e8re les slogans rassurants, un mod\u00e8le qui affaiblit le pouvoir d\u2019achat, impose des normes et \u00e9loigne les d\u00e9cisions du peuple.\",\"breadcrumb\":{\"@id\":\"https:\/\/souverainete-suisse.ch\/2026\/04\/sourires-en-vitrine-souverainete-en-solde-le-vrai-prix-du-petit-menu-europeen\/#breadcrumb\"},\"inLanguage\":\"it-IT\",\"potentialAction\":[{\"@type\":\"ReadAction\",\"target\":[\"https:\/\/souverainete-suisse.ch\/2026\/04\/sourires-en-vitrine-souverainete-en-solde-le-vrai-prix-du-petit-menu-europeen\/\"]}]},{\"@type\":\"ImageObject\",\"inLanguage\":\"it-IT\",\"@id\":\"https:\/\/souverainete-suisse.ch\/2026\/04\/sourires-en-vitrine-souverainete-en-solde-le-vrai-prix-du-petit-menu-europeen\/#primaryimage\",\"url\":\"https:\/\/souverainete-suisse.ch\/wp-content\/uploads\/2026\/04\/economiesuisse2.jpg\",\"contentUrl\":\"https:\/\/souverainete-suisse.ch\/wp-content\/uploads\/2026\/04\/economiesuisse2.jpg\",\"width\":1536,\"height\":1024},{\"@type\":\"BreadcrumbList\",\"@id\":\"https:\/\/souverainete-suisse.ch\/2026\/04\/sourires-en-vitrine-souverainete-en-solde-le-vrai-prix-du-petit-menu-europeen\/#breadcrumb\",\"itemListElement\":[{\"@type\":\"ListItem\",\"position\":1,\"name\":\"Accueil\",\"item\":\"https:\/\/souverainete-suisse.ch\/\"},{\"@type\":\"ListItem\",\"position\":2,\"name\":\"Sourires en vitrine, souverainet\u00e9 en solde : le vrai prix du \u201cpetit menu\u201d europ\u00e9en\"}]},{\"@type\":\"WebSite\",\"@id\":\"https:\/\/souverainete-suisse.ch\/#website\",\"url\":\"https:\/\/souverainete-suisse.ch\/\",\"name\":\"Mouvement Souverainet\u00e9 Suisse\",\"description\":\"\",\"publisher\":{\"@id\":\"https:\/\/souverainete-suisse.ch\/#organization\"},\"potentialAction\":[{\"@type\":\"SearchAction\",\"target\":{\"@type\":\"EntryPoint\",\"urlTemplate\":\"https:\/\/souverainete-suisse.ch\/?s={search_term_string}\"},\"query-input\":{\"@type\":\"PropertyValueSpecification\",\"valueRequired\":true,\"valueName\":\"search_term_string\"}}],\"inLanguage\":\"it-IT\"},{\"@type\":\"Organization\",\"@id\":\"https:\/\/souverainete-suisse.ch\/#organization\",\"name\":\"Mouvement Souverainet\u00e9 Suisse\",\"url\":\"https:\/\/souverainete-suisse.ch\/\",\"logo\":{\"@type\":\"ImageObject\",\"inLanguage\":\"it-IT\",\"@id\":\"https:\/\/souverainete-suisse.ch\/#\/schema\/logo\/image\/\",\"url\":\"https:\/\/souverainete-suisse.ch\/wp-content\/uploads\/2025\/11\/logo.png\",\"contentUrl\":\"https:\/\/souverainete-suisse.ch\/wp-content\/uploads\/2025\/11\/logo.png\",\"width\":2053,\"height\":1461,\"caption\":\"Mouvement Souverainet\u00e9 Suisse\"},\"image\":{\"@id\":\"https:\/\/souverainete-suisse.ch\/#\/schema\/logo\/image\/\"}},{\"@type\":\"Person\",\"@id\":\"https:\/\/souverainete-suisse.ch\/#\/schema\/person\/b25acb547faec24a94d7215216d68cbf\",\"name\":\"ludom\",\"image\":{\"@type\":\"ImageObject\",\"inLanguage\":\"it-IT\",\"@id\":\"https:\/\/souverainete-suisse.ch\/#\/schema\/person\/image\/\",\"url\":\"https:\/\/secure.gravatar.com\/avatar\/77b40fd8e49e537abcea7487b290688ce92143c3443b1d3f419149c67282ffb4?s=96&d=mm&r=g\",\"contentUrl\":\"https:\/\/secure.gravatar.com\/avatar\/77b40fd8e49e537abcea7487b290688ce92143c3443b1d3f419149c67282ffb4?s=96&d=mm&r=g\",\"caption\":\"ludom\"},\"url\":\"http:\/\/souverainete-suisse.ch\/it\/author\/ludom\/\"}]}<\/script>\n<!-- \/ Yoast SEO plugin. -->","yoast_head_json":{"title":"Sorrisi in vetrina, sovranit\u00e0 in saldo: il vero prezzo del \u201cpiccolo menu\u201d europeo - Movimento Sovranit\u00e0 Svizzera","description":"Sovranit\u00e0 svizzera, accordi UE, dipendenza economica: dietro gli slogan rassicuranti, un modello che indebolisce il potere d'acquisto, impone standard e allontana le decisioni dal popolo.","robots":{"index":"index","follow":"follow","max-snippet":"max-snippet:-1","max-image-preview":"max-image-preview:large","max-video-preview":"max-video-preview:-1"},"canonical":"https:\/\/souverainete-suisse.ch\/it\/2026\/04\/sorrisi-in-vetrina-sovranita-in-saldo-il-vero-prezzo-del-piccolo-menu-europeo\/","og_locale":"it_IT","og_type":"article","og_title":"Sourires en vitrine, souverainet\u00e9 en solde : le vrai prix du \u201cpetit menu\u201d europ\u00e9en - Mouvement Souverainet\u00e9 Suisse","og_description":"Souverainet\u00e9 suisse, accords UE, d\u00e9pendance \u00e9conomique : derri\u00e8re les slogans rassurants, un mod\u00e8le qui affaiblit le pouvoir d\u2019achat, impose des normes et \u00e9loigne les d\u00e9cisions du peuple.","og_url":"https:\/\/souverainete-suisse.ch\/it\/2026\/04\/sorrisi-in-vetrina-sovranita-in-saldo-il-vero-prezzo-del-piccolo-menu-europeo\/","og_site_name":"Mouvement Souverainet\u00e9 Suisse","article_published_time":"2026-04-17T12:38:57+00:00","og_image":[{"width":1536,"height":1024,"url":"https:\/\/souverainete-suisse.ch\/wp-content\/uploads\/2026\/04\/economiesuisse2.jpg","type":"image\/jpeg"}],"author":"ludom","twitter_card":"summary_large_image","twitter_misc":{"Scritto da":"ludom","Tempo di lettura stimato":"1 minuto"},"schema":{"@context":"https:\/\/schema.org","@graph":[{"@type":"Article","@id":"https:\/\/souverainete-suisse.ch\/2026\/04\/sourires-en-vitrine-souverainete-en-solde-le-vrai-prix-du-petit-menu-europeen\/#article","isPartOf":{"@id":"https:\/\/souverainete-suisse.ch\/2026\/04\/sourires-en-vitrine-souverainete-en-solde-le-vrai-prix-du-petit-menu-europeen\/"},"author":{"name":"ludom","@id":"https:\/\/souverainete-suisse.ch\/#\/schema\/person\/b25acb547faec24a94d7215216d68cbf"},"headline":"Sourires en vitrine, souverainet\u00e9 en solde : le vrai prix du \u201cpetit menu\u201d europ\u00e9en","datePublished":"2026-04-17T12:38:57+00:00","mainEntityOfPage":{"@id":"https:\/\/souverainete-suisse.ch\/2026\/04\/sourires-en-vitrine-souverainete-en-solde-le-vrai-prix-du-petit-menu-europeen\/"},"wordCount":141,"publisher":{"@id":"https:\/\/souverainete-suisse.ch\/#organization"},"image":{"@id":"https:\/\/souverainete-suisse.ch\/2026\/04\/sourires-en-vitrine-souverainete-en-solde-le-vrai-prix-du-petit-menu-europeen\/#primaryimage"},"thumbnailUrl":"https:\/\/souverainete-suisse.ch\/wp-content\/uploads\/2026\/04\/economiesuisse2.jpg","articleSection":["Politique int\u00e9rieure","UE"],"inLanguage":"it-IT"},{"@type":"WebPage","@id":"https:\/\/souverainete-suisse.ch\/2026\/04\/sourires-en-vitrine-souverainete-en-solde-le-vrai-prix-du-petit-menu-europeen\/","url":"https:\/\/souverainete-suisse.ch\/2026\/04\/sourires-en-vitrine-souverainete-en-solde-le-vrai-prix-du-petit-menu-europeen\/","name":"Sorrisi in vetrina, sovranit\u00e0 in saldo: il vero prezzo del \u201cpiccolo menu\u201d europeo - Movimento Sovranit\u00e0 Svizzera","isPartOf":{"@id":"https:\/\/souverainete-suisse.ch\/#website"},"primaryImageOfPage":{"@id":"https:\/\/souverainete-suisse.ch\/2026\/04\/sourires-en-vitrine-souverainete-en-solde-le-vrai-prix-du-petit-menu-europeen\/#primaryimage"},"image":{"@id":"https:\/\/souverainete-suisse.ch\/2026\/04\/sourires-en-vitrine-souverainete-en-solde-le-vrai-prix-du-petit-menu-europeen\/#primaryimage"},"thumbnailUrl":"https:\/\/souverainete-suisse.ch\/wp-content\/uploads\/2026\/04\/economiesuisse2.jpg","datePublished":"2026-04-17T12:38:57+00:00","description":"Sovranit\u00e0 svizzera, accordi UE, dipendenza economica: dietro gli slogan rassicuranti, un modello che indebolisce il potere d'acquisto, impone standard e allontana le decisioni dal popolo.","breadcrumb":{"@id":"https:\/\/souverainete-suisse.ch\/2026\/04\/sourires-en-vitrine-souverainete-en-solde-le-vrai-prix-du-petit-menu-europeen\/#breadcrumb"},"inLanguage":"it-IT","potentialAction":[{"@type":"ReadAction","target":["https:\/\/souverainete-suisse.ch\/2026\/04\/sourires-en-vitrine-souverainete-en-solde-le-vrai-prix-du-petit-menu-europeen\/"]}]},{"@type":"ImageObject","inLanguage":"it-IT","@id":"https:\/\/souverainete-suisse.ch\/2026\/04\/sourires-en-vitrine-souverainete-en-solde-le-vrai-prix-du-petit-menu-europeen\/#primaryimage","url":"https:\/\/souverainete-suisse.ch\/wp-content\/uploads\/2026\/04\/economiesuisse2.jpg","contentUrl":"https:\/\/souverainete-suisse.ch\/wp-content\/uploads\/2026\/04\/economiesuisse2.jpg","width":1536,"height":1024},{"@type":"BreadcrumbList","@id":"https:\/\/souverainete-suisse.ch\/2026\/04\/sourires-en-vitrine-souverainete-en-solde-le-vrai-prix-du-petit-menu-europeen\/#breadcrumb","itemListElement":[{"@type":"ListItem","position":1,"name":"Accueil","item":"https:\/\/souverainete-suisse.ch\/"},{"@type":"ListItem","position":2,"name":"Sourires en vitrine, souverainet\u00e9 en solde : le vrai prix du \u201cpetit menu\u201d europ\u00e9en"}]},{"@type":"WebSite","@id":"https:\/\/souverainete-suisse.ch\/#website","url":"https:\/\/souverainete-suisse.ch\/","name":"Movimento per la sovranit\u00e0 della Svizzera","description":"","publisher":{"@id":"https:\/\/souverainete-suisse.ch\/#organization"},"potentialAction":[{"@type":"SearchAction","target":{"@type":"EntryPoint","urlTemplate":"https:\/\/souverainete-suisse.ch\/?s={search_term_string}"},"query-input":{"@type":"PropertyValueSpecification","valueRequired":true,"valueName":"search_term_string"}}],"inLanguage":"it-IT"},{"@type":"Organization","@id":"https:\/\/souverainete-suisse.ch\/#organization","name":"Movimento per la sovranit\u00e0 della Svizzera","url":"https:\/\/souverainete-suisse.ch\/","logo":{"@type":"ImageObject","inLanguage":"it-IT","@id":"https:\/\/souverainete-suisse.ch\/#\/schema\/logo\/image\/","url":"https:\/\/souverainete-suisse.ch\/wp-content\/uploads\/2025\/11\/logo.png","contentUrl":"https:\/\/souverainete-suisse.ch\/wp-content\/uploads\/2025\/11\/logo.png","width":2053,"height":1461,"caption":"Mouvement Souverainet\u00e9 Suisse"},"image":{"@id":"https:\/\/souverainete-suisse.ch\/#\/schema\/logo\/image\/"}},{"@type":"Person","@id":"https:\/\/souverainete-suisse.ch\/#\/schema\/person\/b25acb547faec24a94d7215216d68cbf","name":"ludom","image":{"@type":"ImageObject","inLanguage":"it-IT","@id":"https:\/\/souverainete-suisse.ch\/#\/schema\/person\/image\/","url":"https:\/\/secure.gravatar.com\/avatar\/77b40fd8e49e537abcea7487b290688ce92143c3443b1d3f419149c67282ffb4?s=96&d=mm&r=g","contentUrl":"https:\/\/secure.gravatar.com\/avatar\/77b40fd8e49e537abcea7487b290688ce92143c3443b1d3f419149c67282ffb4?s=96&d=mm&r=g","caption":"ludom"},"url":"http:\/\/souverainete-suisse.ch\/it\/author\/ludom\/"}]}},"_links":{"self":[{"href":"http:\/\/souverainete-suisse.ch\/it\/wp-json\/wp\/v2\/posts\/1043","targetHints":{"allow":["GET"]}}],"collection":[{"href":"http:\/\/souverainete-suisse.ch\/it\/wp-json\/wp\/v2\/posts"}],"about":[{"href":"http:\/\/souverainete-suisse.ch\/it\/wp-json\/wp\/v2\/types\/post"}],"author":[{"embeddable":true,"href":"http:\/\/souverainete-suisse.ch\/it\/wp-json\/wp\/v2\/users\/2"}],"replies":[{"embeddable":true,"href":"http:\/\/souverainete-suisse.ch\/it\/wp-json\/wp\/v2\/comments?post=1043"}],"version-history":[{"count":1,"href":"http:\/\/souverainete-suisse.ch\/it\/wp-json\/wp\/v2\/posts\/1043\/revisions"}],"predecessor-version":[{"id":1045,"href":"http:\/\/souverainete-suisse.ch\/it\/wp-json\/wp\/v2\/posts\/1043\/revisions\/1045"}],"wp:featuredmedia":[{"embeddable":true,"href":"http:\/\/souverainete-suisse.ch\/it\/wp-json\/wp\/v2\/media\/1044"}],"wp:attachment":[{"href":"http:\/\/souverainete-suisse.ch\/it\/wp-json\/wp\/v2\/media?parent=1043"}],"wp:term":[{"taxonomy":"category","embeddable":true,"href":"http:\/\/souverainete-suisse.ch\/it\/wp-json\/wp\/v2\/categories?post=1043"},{"taxonomy":"post_tag","embeddable":true,"href":"http:\/\/souverainete-suisse.ch\/it\/wp-json\/wp\/v2\/tags?post=1043"}],"curies":[{"name":"wp","href":"https:\/\/api.w.org\/{rel}","templated":true}]}}