{"id":1040,"date":"2026-04-17T14:36:42","date_gmt":"2026-04-17T12:36:42","guid":{"rendered":"https:\/\/souverainete-suisse.ch\/?p=1040"},"modified":"2026-04-17T14:36:54","modified_gmt":"2026-04-17T12:36:54","slug":"le-porte-cles-souverainete-suisse-a-languette-edition-ambassadeur-est-disponible-par-lot-de-10","status":"publish","type":"post","link":"http:\/\/souverainete-suisse.ch\/it\/2026\/04\/le-porte-cles-souverainete-suisse-a-languette-edition-ambassadeur-est-disponible-par-lot-de-10\/","title":{"rendered":"I portachiavi con linguetta Sovranit\u00e0 Svizzera Edizione Ambasciatore sono disponibili! (x10)"},"content":{"rendered":"<p>\ud83c\udde8\ud83c\udded I portachiavi linguetta Sovranit\u00e0 Svizzera Edizione Ambasciatore sono disponibili! (x10)<br \/>\nSiamo lieti di annunciare la disponibilit\u00e0 del portachiavi con linguetta \"Sovranit\u00e0 Svizzera\":<br \/>\nPortachiavi tessile di alta qualit\u00e0, ricamato, ispirato alle insegne aeronautiche.<\/p>\n<p>Questo portachiavi \u00e8 offerto in esclusiva ai sostenitori, al fine di agire come Ambasciatori di Sovranit\u00e0 Svizzera.<\/p>\n<p>Nel negozio qui:<\/p>\n<blockquote class=\"wp-embedded-content\" data-secret=\"WWckUqLdb1\"><p><a href=\"https:\/\/souverainete-suisse.ch\/it\/prodotto\/portachiavi-linguetta-edizione-ambasciatore-x10\/\">Portachiavi a linguetta Edizione Ambasciatore x10<\/a><\/p><\/blockquote>\n<p><iframe class=\"wp-embedded-content\" sandbox=\"allow-scripts\" security=\"restricted\" style=\"position: absolute; visibility: hidden;\" title=\"\u00abPortachiavi a linguetta Edizione Ambasciatore x10 \u2014 Movimento Sovranit\u00e0 Svizzera\" src=\"https:\/\/souverainete-suisse.ch\/produit\/porte-cles-a-languette-edition-ambassadeur-x10\/embed\/#?secret=4eZna0xNn6#?secret=WWckUqLdb1\" data-secret=\"WWckUqLdb1\" width=\"600\" height=\"338\" frameborder=\"0\" marginwidth=\"0\" marginheight=\"0\" scrolling=\"no\"><\/iframe><\/p>\n<p>&nbsp;<\/p>","protected":false},"excerpt":{"rendered":"<p>\ud83c\udde8\ud83c\udded Le porte-cl\u00e9s \u00e0 languette Souverainet\u00e9 Suisse \u00c9dition Ambassadeur est disponible ! (x10) Nous avons le plaisir de vous annoncer la mise \u00e0 disposition du porte-cl\u00e9s \u00e0 languette Souverainet\u00e9 Suisse : porte-cl\u00e9s textile de haute qualit\u00e9, brod\u00e9, inspir\u00e9 des tags a\u00e9ronautiques. Ce porte-cl\u00e9s est propos\u00e9 en exclusivit\u00e9 aux sympathisants, afin d\u2019agir comme Ambassadeurs de Souverainet\u00e9 [&hellip;]<\/p>\n","protected":false},"author":2,"featured_media":1031,"comment_status":"closed","ping_status":"closed","sticky":false,"template":"","format":"standard","meta":{"footnotes":""},"categories":[8],"tags":[],"class_list":["post-1040","post","type-post","status-publish","format-standard","has-post-thumbnail","hentry","category-politique-interieure"],"yoast_head":"<!-- This site is optimized with the Yoast SEO plugin v26.9 - https:\/\/yoast.com\/product\/yoast-seo-wordpress\/ -->\n<title>Le porte-cl\u00e9s \u00e0 languette Souverainet\u00e9 Suisse \u00c9dition Ambassadeur est disponible ! (x10) - Mouvement Souverainet\u00e9 Suisse<\/title>\n<meta name=\"description\" content=\"Porte-cl\u00e9s Souverainet\u00e9 Suisse \u00c9dition Ambassadeur (x10) : accessoire textile brod\u00e9 haute qualit\u00e9 inspir\u00e9 de l\u2019a\u00e9ronautique. Rejoignez le mouvement et diffusez le message. Disponible ici.\" \/>\n<meta name=\"robots\" content=\"index, follow, max-snippet:-1, max-image-preview:large, max-video-preview:-1\" \/>\n<link rel=\"canonical\" href=\"https:\/\/souverainete-suisse.ch\/it\/2026\/04\/le-porte-cles-souverainete-suisse-a-languette-edition-ambassadeur-est-disponible-par-lot-de-10\/\" \/>\n<meta property=\"og:locale\" content=\"it_IT\" \/>\n<meta property=\"og:type\" content=\"article\" \/>\n<meta property=\"og:title\" content=\"Le porte-cl\u00e9s \u00e0 languette Souverainet\u00e9 Suisse \u00c9dition Ambassadeur est disponible ! (x10) - Mouvement Souverainet\u00e9 Suisse\" \/>\n<meta property=\"og:description\" content=\"Porte-cl\u00e9s Souverainet\u00e9 Suisse \u00c9dition Ambassadeur (x10) : accessoire textile brod\u00e9 haute qualit\u00e9 inspir\u00e9 de l\u2019a\u00e9ronautique. Rejoignez le mouvement et diffusez le message. Disponible ici.\" \/>\n<meta property=\"og:url\" content=\"https:\/\/souverainete-suisse.ch\/it\/2026\/04\/le-porte-cles-souverainete-suisse-a-languette-edition-ambassadeur-est-disponible-par-lot-de-10\/\" \/>\n<meta property=\"og:site_name\" content=\"Mouvement Souverainet\u00e9 Suisse\" \/>\n<meta property=\"article:published_time\" content=\"2026-04-17T12:36:42+00:00\" \/>\n<meta property=\"article:modified_time\" content=\"2026-04-17T12:36:54+00:00\" \/>\n<meta property=\"og:image\" content=\"https:\/\/souverainete-suisse.ch\/wp-content\/uploads\/2026\/04\/porte-cles-high.jpg\" \/>\n\t<meta property=\"og:image:width\" content=\"1237\" \/>\n\t<meta property=\"og:image:height\" content=\"1280\" \/>\n\t<meta property=\"og:image:type\" content=\"image\/jpeg\" \/>\n<meta name=\"author\" content=\"ludom\" \/>\n<meta name=\"twitter:card\" content=\"summary_large_image\" \/>\n<meta name=\"twitter:label1\" content=\"Scritto da\" \/>\n\t<meta name=\"twitter:data1\" content=\"ludom\" \/>\n\t<meta name=\"twitter:label2\" content=\"Tempo di lettura stimato\" \/>\n\t<meta name=\"twitter:data2\" content=\"1 minuto\" \/>\n<script type=\"application\/ld+json\" class=\"yoast-schema-graph\">{\"@context\":\"https:\/\/schema.org\",\"@graph\":[{\"@type\":\"Article\",\"@id\":\"https:\/\/souverainete-suisse.ch\/2026\/04\/le-porte-cles-a-languette-souverainete-suisse-edition-ambassadeur-est-disponible-x10\/#article\",\"isPartOf\":{\"@id\":\"https:\/\/souverainete-suisse.ch\/2026\/04\/le-porte-cles-a-languette-souverainete-suisse-edition-ambassadeur-est-disponible-x10\/\"},\"author\":{\"name\":\"ludom\",\"@id\":\"https:\/\/souverainete-suisse.ch\/#\/schema\/person\/b25acb547faec24a94d7215216d68cbf\"},\"headline\":\"Le porte-cl\u00e9s \u00e0 languette Souverainet\u00e9 Suisse \u00c9dition Ambassadeur est disponible ! (x10)\",\"datePublished\":\"2026-04-17T12:36:42+00:00\",\"dateModified\":\"2026-04-17T12:36:54+00:00\",\"mainEntityOfPage\":{\"@id\":\"https:\/\/souverainete-suisse.ch\/2026\/04\/le-porte-cles-a-languette-souverainete-suisse-edition-ambassadeur-est-disponible-x10\/\"},\"wordCount\":77,\"publisher\":{\"@id\":\"https:\/\/souverainete-suisse.ch\/#organization\"},\"image\":{\"@id\":\"https:\/\/souverainete-suisse.ch\/2026\/04\/le-porte-cles-a-languette-souverainete-suisse-edition-ambassadeur-est-disponible-x10\/#primaryimage\"},\"thumbnailUrl\":\"https:\/\/souverainete-suisse.ch\/wp-content\/uploads\/2026\/04\/porte-cles-high.jpg\",\"articleSection\":[\"Politique int\u00e9rieure\"],\"inLanguage\":\"it-IT\"},{\"@type\":\"WebPage\",\"@id\":\"https:\/\/souverainete-suisse.ch\/2026\/04\/le-porte-cles-a-languette-souverainete-suisse-edition-ambassadeur-est-disponible-x10\/\",\"url\":\"https:\/\/souverainete-suisse.ch\/2026\/04\/le-porte-cles-a-languette-souverainete-suisse-edition-ambassadeur-est-disponible-x10\/\",\"name\":\"Le porte-cl\u00e9s \u00e0 languette Souverainet\u00e9 Suisse \u00c9dition Ambassadeur est disponible ! (x10) - Mouvement Souverainet\u00e9 Suisse\",\"isPartOf\":{\"@id\":\"https:\/\/souverainete-suisse.ch\/#website\"},\"primaryImageOfPage\":{\"@id\":\"https:\/\/souverainete-suisse.ch\/2026\/04\/le-porte-cles-a-languette-souverainete-suisse-edition-ambassadeur-est-disponible-x10\/#primaryimage\"},\"image\":{\"@id\":\"https:\/\/souverainete-suisse.ch\/2026\/04\/le-porte-cles-a-languette-souverainete-suisse-edition-ambassadeur-est-disponible-x10\/#primaryimage\"},\"thumbnailUrl\":\"https:\/\/souverainete-suisse.ch\/wp-content\/uploads\/2026\/04\/porte-cles-high.jpg\",\"datePublished\":\"2026-04-17T12:36:42+00:00\",\"dateModified\":\"2026-04-17T12:36:54+00:00\",\"description\":\"Porte-cl\u00e9s Souverainet\u00e9 Suisse \u00c9dition Ambassadeur (x10) : accessoire textile brod\u00e9 haute qualit\u00e9 inspir\u00e9 de l\u2019a\u00e9ronautique. Rejoignez le mouvement et diffusez le message. Disponible ici.\",\"breadcrumb\":{\"@id\":\"https:\/\/souverainete-suisse.ch\/2026\/04\/le-porte-cles-a-languette-souverainete-suisse-edition-ambassadeur-est-disponible-x10\/#breadcrumb\"},\"inLanguage\":\"it-IT\",\"potentialAction\":[{\"@type\":\"ReadAction\",\"target\":[\"https:\/\/souverainete-suisse.ch\/2026\/04\/le-porte-cles-a-languette-souverainete-suisse-edition-ambassadeur-est-disponible-x10\/\"]}]},{\"@type\":\"ImageObject\",\"inLanguage\":\"it-IT\",\"@id\":\"https:\/\/souverainete-suisse.ch\/2026\/04\/le-porte-cles-a-languette-souverainete-suisse-edition-ambassadeur-est-disponible-x10\/#primaryimage\",\"url\":\"https:\/\/souverainete-suisse.ch\/wp-content\/uploads\/2026\/04\/porte-cles-high.jpg\",\"contentUrl\":\"https:\/\/souverainete-suisse.ch\/wp-content\/uploads\/2026\/04\/porte-cles-high.jpg\",\"width\":1237,\"height\":1280},{\"@type\":\"BreadcrumbList\",\"@id\":\"https:\/\/souverainete-suisse.ch\/2026\/04\/le-porte-cles-a-languette-souverainete-suisse-edition-ambassadeur-est-disponible-x10\/#breadcrumb\",\"itemListElement\":[{\"@type\":\"ListItem\",\"position\":1,\"name\":\"Accueil\",\"item\":\"https:\/\/souverainete-suisse.ch\/\"},{\"@type\":\"ListItem\",\"position\":2,\"name\":\"Le porte-cl\u00e9s \u00e0 languette Souverainet\u00e9 Suisse \u00c9dition Ambassadeur est disponible ! (x10)\"}]},{\"@type\":\"WebSite\",\"@id\":\"https:\/\/souverainete-suisse.ch\/#website\",\"url\":\"https:\/\/souverainete-suisse.ch\/\",\"name\":\"Mouvement Souverainet\u00e9 Suisse\",\"description\":\"\",\"publisher\":{\"@id\":\"https:\/\/souverainete-suisse.ch\/#organization\"},\"potentialAction\":[{\"@type\":\"SearchAction\",\"target\":{\"@type\":\"EntryPoint\",\"urlTemplate\":\"https:\/\/souverainete-suisse.ch\/?s={search_term_string}\"},\"query-input\":{\"@type\":\"PropertyValueSpecification\",\"valueRequired\":true,\"valueName\":\"search_term_string\"}}],\"inLanguage\":\"it-IT\"},{\"@type\":\"Organization\",\"@id\":\"https:\/\/souverainete-suisse.ch\/#organization\",\"name\":\"Mouvement Souverainet\u00e9 Suisse\",\"url\":\"https:\/\/souverainete-suisse.ch\/\",\"logo\":{\"@type\":\"ImageObject\",\"inLanguage\":\"it-IT\",\"@id\":\"https:\/\/souverainete-suisse.ch\/#\/schema\/logo\/image\/\",\"url\":\"https:\/\/souverainete-suisse.ch\/wp-content\/uploads\/2025\/11\/logo.png\",\"contentUrl\":\"https:\/\/souverainete-suisse.ch\/wp-content\/uploads\/2025\/11\/logo.png\",\"width\":2053,\"height\":1461,\"caption\":\"Mouvement Souverainet\u00e9 Suisse\"},\"image\":{\"@id\":\"https:\/\/souverainete-suisse.ch\/#\/schema\/logo\/image\/\"}},{\"@type\":\"Person\",\"@id\":\"https:\/\/souverainete-suisse.ch\/#\/schema\/person\/b25acb547faec24a94d7215216d68cbf\",\"name\":\"ludom\",\"image\":{\"@type\":\"ImageObject\",\"inLanguage\":\"it-IT\",\"@id\":\"https:\/\/souverainete-suisse.ch\/#\/schema\/person\/image\/\",\"url\":\"https:\/\/secure.gravatar.com\/avatar\/77b40fd8e49e537abcea7487b290688ce92143c3443b1d3f419149c67282ffb4?s=96&d=mm&r=g\",\"contentUrl\":\"https:\/\/secure.gravatar.com\/avatar\/77b40fd8e49e537abcea7487b290688ce92143c3443b1d3f419149c67282ffb4?s=96&d=mm&r=g\",\"caption\":\"ludom\"},\"url\":\"http:\/\/souverainete-suisse.ch\/it\/author\/ludom\/\"}]}<\/script>\n<!-- \/ Yoast SEO plugin. -->","yoast_head_json":{"title":"I portachiavi a linguetta Sovereign Swiss Ambassador Edition sono ora disponibili! (x10) - Movimento Sovereign Swiss","description":"Portachiavi Sovranit\u00e0 Svizzera Edizione Ambasciatore (x10): accessorio tessile ricamato di alta qualit\u00e0 ispirato all'aeronautica. Unisciti al movimento e diffondi il messaggio. Disponibile qui.","robots":{"index":"index","follow":"follow","max-snippet":"max-snippet:-1","max-image-preview":"max-image-preview:large","max-video-preview":"max-video-preview:-1"},"canonical":"https:\/\/souverainete-suisse.ch\/it\/2026\/04\/le-porte-cles-souverainete-suisse-a-languette-edition-ambassadeur-est-disponible-par-lot-de-10\/","og_locale":"it_IT","og_type":"article","og_title":"Le porte-cl\u00e9s \u00e0 languette Souverainet\u00e9 Suisse \u00c9dition Ambassadeur est disponible ! (x10) - Mouvement Souverainet\u00e9 Suisse","og_description":"Porte-cl\u00e9s Souverainet\u00e9 Suisse \u00c9dition Ambassadeur (x10) : accessoire textile brod\u00e9 haute qualit\u00e9 inspir\u00e9 de l\u2019a\u00e9ronautique. Rejoignez le mouvement et diffusez le message. Disponible ici.","og_url":"https:\/\/souverainete-suisse.ch\/it\/2026\/04\/le-porte-cles-souverainete-suisse-a-languette-edition-ambassadeur-est-disponible-par-lot-de-10\/","og_site_name":"Mouvement Souverainet\u00e9 Suisse","article_published_time":"2026-04-17T12:36:42+00:00","article_modified_time":"2026-04-17T12:36:54+00:00","og_image":[{"width":1237,"height":1280,"url":"https:\/\/souverainete-suisse.ch\/wp-content\/uploads\/2026\/04\/porte-cles-high.jpg","type":"image\/jpeg"}],"author":"ludom","twitter_card":"summary_large_image","twitter_misc":{"Scritto da":"ludom","Tempo di lettura stimato":"1 minuto"},"schema":{"@context":"https:\/\/schema.org","@graph":[{"@type":"Article","@id":"https:\/\/souverainete-suisse.ch\/2026\/04\/le-porte-cles-a-languette-souverainete-suisse-edition-ambassadeur-est-disponible-x10\/#article","isPartOf":{"@id":"https:\/\/souverainete-suisse.ch\/2026\/04\/le-porte-cles-a-languette-souverainete-suisse-edition-ambassadeur-est-disponible-x10\/"},"author":{"name":"ludom","@id":"https:\/\/souverainete-suisse.ch\/#\/schema\/person\/b25acb547faec24a94d7215216d68cbf"},"headline":"Le porte-cl\u00e9s \u00e0 languette Souverainet\u00e9 Suisse \u00c9dition Ambassadeur est disponible ! (x10)","datePublished":"2026-04-17T12:36:42+00:00","dateModified":"2026-04-17T12:36:54+00:00","mainEntityOfPage":{"@id":"https:\/\/souverainete-suisse.ch\/2026\/04\/le-porte-cles-a-languette-souverainete-suisse-edition-ambassadeur-est-disponible-x10\/"},"wordCount":77,"publisher":{"@id":"https:\/\/souverainete-suisse.ch\/#organization"},"image":{"@id":"https:\/\/souverainete-suisse.ch\/2026\/04\/le-porte-cles-a-languette-souverainete-suisse-edition-ambassadeur-est-disponible-x10\/#primaryimage"},"thumbnailUrl":"https:\/\/souverainete-suisse.ch\/wp-content\/uploads\/2026\/04\/porte-cles-high.jpg","articleSection":["Politique int\u00e9rieure"],"inLanguage":"it-IT"},{"@type":"WebPage","@id":"https:\/\/souverainete-suisse.ch\/2026\/04\/le-porte-cles-a-languette-souverainete-suisse-edition-ambassadeur-est-disponible-x10\/","url":"https:\/\/souverainete-suisse.ch\/2026\/04\/le-porte-cles-a-languette-souverainete-suisse-edition-ambassadeur-est-disponible-x10\/","name":"I portachiavi a linguetta Sovereign Swiss Ambassador Edition sono ora disponibili! (x10) - Movimento Sovereign Swiss","isPartOf":{"@id":"https:\/\/souverainete-suisse.ch\/#website"},"primaryImageOfPage":{"@id":"https:\/\/souverainete-suisse.ch\/2026\/04\/le-porte-cles-a-languette-souverainete-suisse-edition-ambassadeur-est-disponible-x10\/#primaryimage"},"image":{"@id":"https:\/\/souverainete-suisse.ch\/2026\/04\/le-porte-cles-a-languette-souverainete-suisse-edition-ambassadeur-est-disponible-x10\/#primaryimage"},"thumbnailUrl":"https:\/\/souverainete-suisse.ch\/wp-content\/uploads\/2026\/04\/porte-cles-high.jpg","datePublished":"2026-04-17T12:36:42+00:00","dateModified":"2026-04-17T12:36:54+00:00","description":"Portachiavi Sovranit\u00e0 Svizzera Edizione Ambasciatore (x10): accessorio tessile ricamato di alta qualit\u00e0 ispirato all'aeronautica. Unisciti al movimento e diffondi il messaggio. Disponibile qui.","breadcrumb":{"@id":"https:\/\/souverainete-suisse.ch\/2026\/04\/le-porte-cles-a-languette-souverainete-suisse-edition-ambassadeur-est-disponible-x10\/#breadcrumb"},"inLanguage":"it-IT","potentialAction":[{"@type":"ReadAction","target":["https:\/\/souverainete-suisse.ch\/2026\/04\/le-porte-cles-a-languette-souverainete-suisse-edition-ambassadeur-est-disponible-x10\/"]}]},{"@type":"ImageObject","inLanguage":"it-IT","@id":"https:\/\/souverainete-suisse.ch\/2026\/04\/le-porte-cles-a-languette-souverainete-suisse-edition-ambassadeur-est-disponible-x10\/#primaryimage","url":"https:\/\/souverainete-suisse.ch\/wp-content\/uploads\/2026\/04\/porte-cles-high.jpg","contentUrl":"https:\/\/souverainete-suisse.ch\/wp-content\/uploads\/2026\/04\/porte-cles-high.jpg","width":1237,"height":1280},{"@type":"BreadcrumbList","@id":"https:\/\/souverainete-suisse.ch\/2026\/04\/le-porte-cles-a-languette-souverainete-suisse-edition-ambassadeur-est-disponible-x10\/#breadcrumb","itemListElement":[{"@type":"ListItem","position":1,"name":"Accueil","item":"https:\/\/souverainete-suisse.ch\/"},{"@type":"ListItem","position":2,"name":"Le porte-cl\u00e9s \u00e0 languette Souverainet\u00e9 Suisse \u00c9dition Ambassadeur est disponible ! (x10)"}]},{"@type":"WebSite","@id":"https:\/\/souverainete-suisse.ch\/#website","url":"https:\/\/souverainete-suisse.ch\/","name":"Movimento per la sovranit\u00e0 della Svizzera","description":"","publisher":{"@id":"https:\/\/souverainete-suisse.ch\/#organization"},"potentialAction":[{"@type":"SearchAction","target":{"@type":"EntryPoint","urlTemplate":"https:\/\/souverainete-suisse.ch\/?s={search_term_string}"},"query-input":{"@type":"PropertyValueSpecification","valueRequired":true,"valueName":"search_term_string"}}],"inLanguage":"it-IT"},{"@type":"Organization","@id":"https:\/\/souverainete-suisse.ch\/#organization","name":"Movimento per la sovranit\u00e0 della Svizzera","url":"https:\/\/souverainete-suisse.ch\/","logo":{"@type":"ImageObject","inLanguage":"it-IT","@id":"https:\/\/souverainete-suisse.ch\/#\/schema\/logo\/image\/","url":"https:\/\/souverainete-suisse.ch\/wp-content\/uploads\/2025\/11\/logo.png","contentUrl":"https:\/\/souverainete-suisse.ch\/wp-content\/uploads\/2025\/11\/logo.png","width":2053,"height":1461,"caption":"Mouvement Souverainet\u00e9 Suisse"},"image":{"@id":"https:\/\/souverainete-suisse.ch\/#\/schema\/logo\/image\/"}},{"@type":"Person","@id":"https:\/\/souverainete-suisse.ch\/#\/schema\/person\/b25acb547faec24a94d7215216d68cbf","name":"ludom","image":{"@type":"ImageObject","inLanguage":"it-IT","@id":"https:\/\/souverainete-suisse.ch\/#\/schema\/person\/image\/","url":"https:\/\/secure.gravatar.com\/avatar\/77b40fd8e49e537abcea7487b290688ce92143c3443b1d3f419149c67282ffb4?s=96&d=mm&r=g","contentUrl":"https:\/\/secure.gravatar.com\/avatar\/77b40fd8e49e537abcea7487b290688ce92143c3443b1d3f419149c67282ffb4?s=96&d=mm&r=g","caption":"ludom"},"url":"http:\/\/souverainete-suisse.ch\/it\/author\/ludom\/"}]}},"_links":{"self":[{"href":"http:\/\/souverainete-suisse.ch\/it\/wp-json\/wp\/v2\/posts\/1040","targetHints":{"allow":["GET"]}}],"collection":[{"href":"http:\/\/souverainete-suisse.ch\/it\/wp-json\/wp\/v2\/posts"}],"about":[{"href":"http:\/\/souverainete-suisse.ch\/it\/wp-json\/wp\/v2\/types\/post"}],"author":[{"embeddable":true,"href":"http:\/\/souverainete-suisse.ch\/it\/wp-json\/wp\/v2\/users\/2"}],"replies":[{"embeddable":true,"href":"http:\/\/souverainete-suisse.ch\/it\/wp-json\/wp\/v2\/comments?post=1040"}],"version-history":[{"count":2,"href":"http:\/\/souverainete-suisse.ch\/it\/wp-json\/wp\/v2\/posts\/1040\/revisions"}],"predecessor-version":[{"id":1042,"href":"http:\/\/souverainete-suisse.ch\/it\/wp-json\/wp\/v2\/posts\/1040\/revisions\/1042"}],"wp:featuredmedia":[{"embeddable":true,"href":"http:\/\/souverainete-suisse.ch\/it\/wp-json\/wp\/v2\/media\/1031"}],"wp:attachment":[{"href":"http:\/\/souverainete-suisse.ch\/it\/wp-json\/wp\/v2\/media?parent=1040"}],"wp:term":[{"taxonomy":"category","embeddable":true,"href":"http:\/\/souverainete-suisse.ch\/it\/wp-json\/wp\/v2\/categories?post=1040"},{"taxonomy":"post_tag","embeddable":true,"href":"http:\/\/souverainete-suisse.ch\/it\/wp-json\/wp\/v2\/tags?post=1040"}],"curies":[{"name":"wp","href":"https:\/\/api.w.org\/{rel}","templated":true}]}}