{"id":895,"date":"2026-02-18T16:24:51","date_gmt":"2026-02-18T15:24:51","guid":{"rendered":"https:\/\/souverainete-suisse.ch\/?p=895"},"modified":"2026-02-18T16:24:51","modified_gmt":"2026-02-18T15:24:51","slug":"eu-switzerland-framework-agreement-economic-capitulation-disguised-as-pragmatism","status":"publish","type":"post","link":"http:\/\/souverainete-suisse.ch\/en\/2026\/02\/eu-switzerland-framework-agreement-economic-capitulation-disguised-as-pragmatism\/","title":{"rendered":"EU-Switzerland framework agreement: economic capitulation disguised as pragmatism"},"content":{"rendered":"<p><em>We are being asked to give up our legal sovereignty for... non-existent economic gain.<\/em><br \/>\n<em>Under the reassuring label of \u2019bilateral agreements\u00ab, the EU is proposing that Switzerland unilaterally align itself with its standards, even though we have an annual trade deficit of 25 billion with Brussels. In other words: we are customers - yet we are being asked to submit. Worse still, even the supporters of the agreement admit that the economic impact would be marginal, almost non-existent. So the question is: why give up so much for so little?<\/em><\/p>\n<p id=\"ember5688\" class=\"ember-view reader-text-block__paragraph\">It continues to be called \u00abbilateral agreements\u00bb.<\/p>\n<p id=\"ember5689\" class=\"ember-view reader-text-block__paragraph\">It's a political lie.<\/p>\n<p id=\"ember5690\" class=\"ember-view reader-text-block__paragraph\">The EU-Switzerland framework agreement is neither bilateral, balanced nor mutually beneficial.<\/p>\n<p id=\"ember5691\" class=\"ember-view reader-text-block__paragraph\">It is a <strong>agreement to adhere to standards<\/strong>, A progressive legal submission, disguised as technical cooperation to better disarm democratic debate.<\/p>\n<p id=\"ember5692\" class=\"ember-view reader-text-block__paragraph\">Behind the reassuring words - <em>stability<\/em>, <em>legal certainty<\/em>, <em>market access<\/em> - hides a cold reality: <strong>Switzerland gives a lot, but gets nothing<\/strong>.<\/p>\n<h3 id=\"ember5693\" class=\"ember-view reader-text-block__heading-3\">1. A truth no one wants to look at: Switzerland is an EU customer<\/h3>\n<p id=\"ember5694\" class=\"ember-view reader-text-block__paragraph\">The figures are indisputable.<\/p>\n<p id=\"ember5695\" class=\"ember-view reader-text-block__paragraph\">\u2b95 <strong>Annual trade deficit with the EU: ~CHF 25 billion<\/strong><\/p>\n<p id=\"ember5696\" class=\"ember-view reader-text-block__paragraph\">\u2b95 <strong>Over ten years: ~CHF 250 billion transferred to Brussels<\/strong><\/p>\n<p id=\"ember5697\" class=\"ember-view reader-text-block__paragraph\">This means one simple thing: <strong>the European Union has a vital interest in selling to Switzerland<\/strong>.<\/p>\n<p id=\"ember5698\" class=\"ember-view reader-text-block__paragraph\">We are a solvent, stable, open market - not the other way round.<\/p>\n<p id=\"ember5699\" class=\"ember-view reader-text-block__paragraph\">In any rational negotiation, <strong>the customer has leverage<\/strong>.<\/p>\n<p id=\"ember5700\" class=\"ember-view reader-text-block__paragraph\">Here, Switzerland is behaving like a begging country, ready to concede its legal autonomy in order to retain access... for which it is already paying dearly.<\/p>\n<h3 id=\"ember5701\" class=\"ember-view reader-text-block__heading-3\">2. The export mirage: even supporters admit insignificance<\/h3>\n<p id=\"ember5702\" class=\"ember-view reader-text-block__paragraph\">Even supporters of the agreement recognise the weakness of the economic argument.<\/p>\n<p id=\"ember5703\" class=\"ember-view reader-text-block__paragraph\">According to <strong>savingsuisse<\/strong>, The framework agreement would increase Swiss exports to the EU by :<\/p>\n<p id=\"ember5704\" class=\"ember-view reader-text-block__paragraph\">\u2b95 <strong>CHF 500 million per year<\/strong><\/p>\n<p id=\"ember5705\" class=\"ember-view reader-text-block__paragraph\">In relation to our current exports to the EU, this represents :<\/p>\n<p id=\"ember5706\" class=\"ember-view reader-text-block__paragraph\">\u2b95 <strong>approximately +0.3%<\/strong><\/p>\n<p id=\"ember5707\" class=\"ember-view reader-text-block__paragraph\">In other words: <strong>statistically negligible<\/strong>.<\/p>\n<p id=\"ember5708\" class=\"ember-view reader-text-block__paragraph\">Macroeconomic background noise, used as a pretext to justify a major structural transformation of our legal system.<\/p>\n<p id=\"ember5709\" class=\"ember-view reader-text-block__paragraph\">Cede the sovereignty of the law to <strong>0.3% of hypothetical exports<\/strong> is not pragmatism.<\/p>\n<p id=\"ember5710\" class=\"ember-view reader-text-block__paragraph\">This is a failure of governance.<\/p>\n<h3 id=\"ember5711\" class=\"ember-view reader-text-block__heading-3\">3. Nothing bilateral: one aligns, the other decides<\/h3>\n<p id=\"ember5712\" class=\"ember-view reader-text-block__paragraph\">The framework agreement establishes :<\/p>\n<ul>\n<li>l\u2019<strong>dynamic alignment<\/strong> on European law<\/li>\n<li>l\u2019<strong>ultimate interpretation entrusted to the Court of Justice of the EU<\/strong><\/li>\n<li>from <strong>automatic penalties<\/strong> in the event of a Swiss discrepancy<\/li>\n<\/ul>\n<p id=\"ember5714\" class=\"ember-view reader-text-block__paragraph\">The EU retains its sovereign right to legislate.<\/p>\n<p id=\"ember5715\" class=\"ember-view reader-text-block__paragraph\">Switzerland is becoming <strong>standard-taker<\/strong>, without the right of co-decision.<\/p>\n<p id=\"ember5716\" class=\"ember-view reader-text-block__paragraph\">To call this \u00abbilateral\u00bb is semantic manipulation.<\/p>\n<blockquote id=\"ember5717\" class=\"ember-view reader-text-block__blockquote\"><p>\u00abWhen only one party writes the rules, it's not a partnership. It's subordination.\u00bb<\/p><\/blockquote>\n<h3 id=\"ember5718\" class=\"ember-view reader-text-block__heading-3\">4. No economic benefits, but a massive political cost<\/h3>\n<p id=\"ember5719\" class=\"ember-view reader-text-block__paragraph\">What the framework agreement <strong>does not<\/strong> :<\/p>\n<ul>\n<li>no significant new access to the market<\/li>\n<li>no export boom<\/li>\n<li>no protection for SMEs<\/li>\n<li>no measurable economic security<\/li>\n<\/ul>\n<p id=\"ember5721\" class=\"ember-view reader-text-block__paragraph\">What he <strong>imposes<\/strong> :<\/p>\n<ul>\n<li>a lasting transfer of sovereignty<\/li>\n<li>democratic insecurity (the law is no longer decided in our country)<\/li>\n<li>irreversible structural dependence<\/li>\n<\/ul>\n<p id=\"ember5723\" class=\"ember-view reader-text-block__paragraph\">Economically useless.<\/p>\n<p id=\"ember5724\" class=\"ember-view reader-text-block__paragraph\">Politically dangerous.<\/p>\n<h3 id=\"ember5725\" class=\"ember-view reader-text-block__heading-3\">Conclusion: this is not an agreement, it's a renunciation<\/h3>\n<p id=\"ember5726\" class=\"ember-view reader-text-block__paragraph\">A country with <strong>250 billion trade deficit over ten years<\/strong> has no reason to kneel.<\/p>\n<p id=\"ember5727\" class=\"ember-view reader-text-block__paragraph\">A prosperous country does not exchange its legal autonomy for <strong>0.3% of fantasy exports<\/strong>.<\/p>\n<p id=\"ember5728\" class=\"ember-view reader-text-block__paragraph\">A sovereign country does not delegate its rights to buy regulatory peace.<\/p>\n<p id=\"ember5729\" class=\"ember-view reader-text-block__paragraph\">The EU-Switzerland framework agreement is not an economic necessity.<\/p>\n<p id=\"ember5730\" class=\"ember-view reader-text-block__paragraph\">It is a <strong>ideological choice<\/strong>, contrary to the country's material interests.<\/p>\n<p id=\"ember5731\" class=\"ember-view reader-text-block__paragraph\">Switzerland does not need to fall into line.<\/p>\n<p id=\"ember5732\" class=\"ember-view reader-text-block__paragraph\">It needs <strong>respect each other<\/strong>.<\/p>\n<p id=\"ember5733\" class=\"ember-view reader-text-block__paragraph\"><strong>\ud83c\udde8\ud83c\udded Without funding, there can be no resistance. Support Swiss Sovereignty now: <\/strong><a class=\"dvaKskWXEZwsWlxeXUiKkOExWeTVfOhyT\" tabindex=\"0\" href=\"https:\/\/souverainete-suisse.ch\/en\/make-a-donation\/\" target=\"_self\" data-test-app-aware-link=\"\"><strong>https:\/\/souverainete-suisse.ch\/faire-un-don\/<\/strong><\/a><\/p>\n<p id=\"ember5734\" class=\"ember-view reader-text-block__paragraph\"><strong>We analyse what the media keep quiet. What Berne negotiates, we dissect. Join our HQ on Telegram now:<\/strong> <a class=\"dvaKskWXEZwsWlxeXUiKkOExWeTVfOhyT\" tabindex=\"0\" href=\"https:\/\/t.me\/swisssovereignty\" target=\"_self\" data-test-app-aware-link=\"\"><strong>https:\/\/t.me\/swisssovereignty<\/strong><\/a><\/p>\n<p>&nbsp;<\/p>","protected":false},"excerpt":{"rendered":"<p>On nous demande d\u2019abandonner notre souverainet\u00e9 juridique pour un gain \u00e9conomique\u2026 inexistant. Sous l\u2019\u00e9tiquette rassurante d\u2019\u00ab accords bilat\u00e9raux \u00bb, l\u2019UE propose \u00e0 la Suisse un alignement unilat\u00e9ral sur ses normes, alors m\u00eame que nous accusons 25 milliards de d\u00e9ficit commercial par an avec Bruxelles. Autrement dit : nous sommes clients \u2014 et pourtant somm\u00e9s de [&hellip;]<\/p>\n","protected":false},"author":2,"featured_media":897,"comment_status":"closed","ping_status":"closed","sticky":false,"template":"","format":"standard","meta":{"footnotes":""},"categories":[8,11],"tags":[],"class_list":["post-895","post","type-post","status-publish","format-standard","has-post-thumbnail","hentry","category-politique-interieure","category-ue"],"yoast_head":"<!-- This site is optimized with the Yoast SEO plugin v26.9 - https:\/\/yoast.com\/product\/yoast-seo-wordpress\/ -->\n<title>Accord cadre UE\u2013Suisse : une capitulation \u00e9conomique d\u00e9guis\u00e9e en pragmatisme - Mouvement Souverainet\u00e9 Suisse<\/title>\n<meta name=\"description\" content=\"Accord UE\u2013Suisse : derri\u00e8re le mot \u00ab bilat\u00e9ral \u00bb se cache un alignement juridique unilat\u00e9ral. D\u00e9ficit commercial de 25 milliards CHF\/an, gain estim\u00e9 \u00e0 +0,3% d\u2019exportations : un co\u00fbt politique majeur pour un b\u00e9n\u00e9fice \u00e9conomique marginal. Analyse souverainiste et enjeux d\u00e9mocratiques\" \/>\n<meta name=\"robots\" content=\"index, follow, max-snippet:-1, max-image-preview:large, max-video-preview:-1\" \/>\n<link rel=\"canonical\" href=\"https:\/\/souverainete-suisse.ch\/en\/2026\/02\/eu-switzerland-framework-agreement-economic-capitulation-disguised-as-pragmatism\/\" \/>\n<meta property=\"og:locale\" content=\"en_GB\" \/>\n<meta property=\"og:type\" content=\"article\" \/>\n<meta property=\"og:title\" content=\"Accord cadre UE\u2013Suisse : une capitulation \u00e9conomique d\u00e9guis\u00e9e en pragmatisme - Mouvement Souverainet\u00e9 Suisse\" \/>\n<meta property=\"og:description\" content=\"Accord UE\u2013Suisse : derri\u00e8re le mot \u00ab bilat\u00e9ral \u00bb se cache un alignement juridique unilat\u00e9ral. D\u00e9ficit commercial de 25 milliards CHF\/an, gain estim\u00e9 \u00e0 +0,3% d\u2019exportations : un co\u00fbt politique majeur pour un b\u00e9n\u00e9fice \u00e9conomique marginal. Analyse souverainiste et enjeux d\u00e9mocratiques\" \/>\n<meta property=\"og:url\" content=\"https:\/\/souverainete-suisse.ch\/en\/2026\/02\/eu-switzerland-framework-agreement-economic-capitulation-disguised-as-pragmatism\/\" \/>\n<meta property=\"og:site_name\" content=\"Mouvement Souverainet\u00e9 Suisse\" \/>\n<meta property=\"article:published_time\" content=\"2026-02-18T15:24:51+00:00\" \/>\n<meta property=\"og:image\" content=\"https:\/\/souverainete-suisse.ch\/wp-content\/uploads\/2026\/02\/UE.jpeg\" \/>\n\t<meta property=\"og:image:width\" content=\"1280\" \/>\n\t<meta property=\"og:image:height\" content=\"720\" \/>\n\t<meta property=\"og:image:type\" content=\"image\/jpeg\" \/>\n<meta name=\"author\" content=\"ludom\" \/>\n<meta name=\"twitter:card\" content=\"summary_large_image\" \/>\n<meta name=\"twitter:label1\" content=\"Written by\" \/>\n\t<meta name=\"twitter:data1\" content=\"ludom\" \/>\n\t<meta name=\"twitter:label2\" content=\"Estimated reading time\" \/>\n\t<meta name=\"twitter:data2\" content=\"4 minutes\" \/>\n<script type=\"application\/ld+json\" class=\"yoast-schema-graph\">{\"@context\":\"https:\/\/schema.org\",\"@graph\":[{\"@type\":\"Article\",\"@id\":\"https:\/\/souverainete-suisse.ch\/2026\/02\/accord-cadre-ue-suisse-une-capitulation-economique-deguisee-en-pragmatisme\/#article\",\"isPartOf\":{\"@id\":\"https:\/\/souverainete-suisse.ch\/2026\/02\/accord-cadre-ue-suisse-une-capitulation-economique-deguisee-en-pragmatisme\/\"},\"author\":{\"name\":\"ludom\",\"@id\":\"https:\/\/souverainete-suisse.ch\/#\/schema\/person\/b25acb547faec24a94d7215216d68cbf\"},\"headline\":\"Accord cadre UE\u2013Suisse : une capitulation \u00e9conomique d\u00e9guis\u00e9e en pragmatisme\",\"datePublished\":\"2026-02-18T15:24:51+00:00\",\"mainEntityOfPage\":{\"@id\":\"https:\/\/souverainete-suisse.ch\/2026\/02\/accord-cadre-ue-suisse-une-capitulation-economique-deguisee-en-pragmatisme\/\"},\"wordCount\":714,\"publisher\":{\"@id\":\"https:\/\/souverainete-suisse.ch\/#organization\"},\"image\":{\"@id\":\"https:\/\/souverainete-suisse.ch\/2026\/02\/accord-cadre-ue-suisse-une-capitulation-economique-deguisee-en-pragmatisme\/#primaryimage\"},\"thumbnailUrl\":\"https:\/\/souverainete-suisse.ch\/wp-content\/uploads\/2026\/02\/UE.jpeg\",\"articleSection\":[\"Politique int\u00e9rieure\",\"UE\"],\"inLanguage\":\"en-GB\"},{\"@type\":\"WebPage\",\"@id\":\"https:\/\/souverainete-suisse.ch\/2026\/02\/accord-cadre-ue-suisse-une-capitulation-economique-deguisee-en-pragmatisme\/\",\"url\":\"https:\/\/souverainete-suisse.ch\/2026\/02\/accord-cadre-ue-suisse-une-capitulation-economique-deguisee-en-pragmatisme\/\",\"name\":\"Accord cadre UE\u2013Suisse : une capitulation \u00e9conomique d\u00e9guis\u00e9e en pragmatisme - Mouvement Souverainet\u00e9 Suisse\",\"isPartOf\":{\"@id\":\"https:\/\/souverainete-suisse.ch\/#website\"},\"primaryImageOfPage\":{\"@id\":\"https:\/\/souverainete-suisse.ch\/2026\/02\/accord-cadre-ue-suisse-une-capitulation-economique-deguisee-en-pragmatisme\/#primaryimage\"},\"image\":{\"@id\":\"https:\/\/souverainete-suisse.ch\/2026\/02\/accord-cadre-ue-suisse-une-capitulation-economique-deguisee-en-pragmatisme\/#primaryimage\"},\"thumbnailUrl\":\"https:\/\/souverainete-suisse.ch\/wp-content\/uploads\/2026\/02\/UE.jpeg\",\"datePublished\":\"2026-02-18T15:24:51+00:00\",\"description\":\"Accord UE\u2013Suisse : derri\u00e8re le mot \u00ab bilat\u00e9ral \u00bb se cache un alignement juridique unilat\u00e9ral. D\u00e9ficit commercial de 25 milliards CHF\/an, gain estim\u00e9 \u00e0 +0,3% d\u2019exportations : un co\u00fbt politique majeur pour un b\u00e9n\u00e9fice \u00e9conomique marginal. Analyse souverainiste et enjeux d\u00e9mocratiques\",\"breadcrumb\":{\"@id\":\"https:\/\/souverainete-suisse.ch\/2026\/02\/accord-cadre-ue-suisse-une-capitulation-economique-deguisee-en-pragmatisme\/#breadcrumb\"},\"inLanguage\":\"en-GB\",\"potentialAction\":[{\"@type\":\"ReadAction\",\"target\":[\"https:\/\/souverainete-suisse.ch\/2026\/02\/accord-cadre-ue-suisse-une-capitulation-economique-deguisee-en-pragmatisme\/\"]}]},{\"@type\":\"ImageObject\",\"inLanguage\":\"en-GB\",\"@id\":\"https:\/\/souverainete-suisse.ch\/2026\/02\/accord-cadre-ue-suisse-une-capitulation-economique-deguisee-en-pragmatisme\/#primaryimage\",\"url\":\"https:\/\/souverainete-suisse.ch\/wp-content\/uploads\/2026\/02\/UE.jpeg\",\"contentUrl\":\"https:\/\/souverainete-suisse.ch\/wp-content\/uploads\/2026\/02\/UE.jpeg\",\"width\":1280,\"height\":720},{\"@type\":\"BreadcrumbList\",\"@id\":\"https:\/\/souverainete-suisse.ch\/2026\/02\/accord-cadre-ue-suisse-une-capitulation-economique-deguisee-en-pragmatisme\/#breadcrumb\",\"itemListElement\":[{\"@type\":\"ListItem\",\"position\":1,\"name\":\"Accueil\",\"item\":\"https:\/\/souverainete-suisse.ch\/\"},{\"@type\":\"ListItem\",\"position\":2,\"name\":\"Accord cadre UE\u2013Suisse : une capitulation \u00e9conomique d\u00e9guis\u00e9e en pragmatisme\"}]},{\"@type\":\"WebSite\",\"@id\":\"https:\/\/souverainete-suisse.ch\/#website\",\"url\":\"https:\/\/souverainete-suisse.ch\/\",\"name\":\"Mouvement Souverainet\u00e9 Suisse\",\"description\":\"\",\"publisher\":{\"@id\":\"https:\/\/souverainete-suisse.ch\/#organization\"},\"potentialAction\":[{\"@type\":\"SearchAction\",\"target\":{\"@type\":\"EntryPoint\",\"urlTemplate\":\"https:\/\/souverainete-suisse.ch\/?s={search_term_string}\"},\"query-input\":{\"@type\":\"PropertyValueSpecification\",\"valueRequired\":true,\"valueName\":\"search_term_string\"}}],\"inLanguage\":\"en-GB\"},{\"@type\":\"Organization\",\"@id\":\"https:\/\/souverainete-suisse.ch\/#organization\",\"name\":\"Mouvement Souverainet\u00e9 Suisse\",\"url\":\"https:\/\/souverainete-suisse.ch\/\",\"logo\":{\"@type\":\"ImageObject\",\"inLanguage\":\"en-GB\",\"@id\":\"https:\/\/souverainete-suisse.ch\/#\/schema\/logo\/image\/\",\"url\":\"https:\/\/souverainete-suisse.ch\/wp-content\/uploads\/2025\/11\/logo.png\",\"contentUrl\":\"https:\/\/souverainete-suisse.ch\/wp-content\/uploads\/2025\/11\/logo.png\",\"width\":2053,\"height\":1461,\"caption\":\"Mouvement Souverainet\u00e9 Suisse\"},\"image\":{\"@id\":\"https:\/\/souverainete-suisse.ch\/#\/schema\/logo\/image\/\"}},{\"@type\":\"Person\",\"@id\":\"https:\/\/souverainete-suisse.ch\/#\/schema\/person\/b25acb547faec24a94d7215216d68cbf\",\"name\":\"ludom\",\"image\":{\"@type\":\"ImageObject\",\"inLanguage\":\"en-GB\",\"@id\":\"https:\/\/souverainete-suisse.ch\/#\/schema\/person\/image\/\",\"url\":\"https:\/\/secure.gravatar.com\/avatar\/77b40fd8e49e537abcea7487b290688ce92143c3443b1d3f419149c67282ffb4?s=96&d=mm&r=g\",\"contentUrl\":\"https:\/\/secure.gravatar.com\/avatar\/77b40fd8e49e537abcea7487b290688ce92143c3443b1d3f419149c67282ffb4?s=96&d=mm&r=g\",\"caption\":\"ludom\"},\"url\":\"http:\/\/souverainete-suisse.ch\/en\/author\/ludom\/\"}]}<\/script>\n<!-- \/ Yoast SEO plugin. -->","yoast_head_json":{"title":"EU-Switzerland framework agreement: economic capitulation disguised as pragmatism - Mouvement Souverainet\u00e9 Suisse","description":"EU-Switzerland agreement: behind the word \u00abbilateral\u00bb lies a unilateral legal alignment. Trade deficit of CHF 25 billion\/year, estimated gain of +0.3% in exports: a major political cost for a marginal economic benefit. Sovereignist analysis and democratic issues","robots":{"index":"index","follow":"follow","max-snippet":"max-snippet:-1","max-image-preview":"max-image-preview:large","max-video-preview":"max-video-preview:-1"},"canonical":"https:\/\/souverainete-suisse.ch\/en\/2026\/02\/eu-switzerland-framework-agreement-economic-capitulation-disguised-as-pragmatism\/","og_locale":"en_GB","og_type":"article","og_title":"Accord cadre UE\u2013Suisse : une capitulation \u00e9conomique d\u00e9guis\u00e9e en pragmatisme - Mouvement Souverainet\u00e9 Suisse","og_description":"Accord UE\u2013Suisse : derri\u00e8re le mot \u00ab bilat\u00e9ral \u00bb se cache un alignement juridique unilat\u00e9ral. D\u00e9ficit commercial de 25 milliards CHF\/an, gain estim\u00e9 \u00e0 +0,3% d\u2019exportations : un co\u00fbt politique majeur pour un b\u00e9n\u00e9fice \u00e9conomique marginal. Analyse souverainiste et enjeux d\u00e9mocratiques","og_url":"https:\/\/souverainete-suisse.ch\/en\/2026\/02\/eu-switzerland-framework-agreement-economic-capitulation-disguised-as-pragmatism\/","og_site_name":"Mouvement Souverainet\u00e9 Suisse","article_published_time":"2026-02-18T15:24:51+00:00","og_image":[{"width":1280,"height":720,"url":"https:\/\/souverainete-suisse.ch\/wp-content\/uploads\/2026\/02\/UE.jpeg","type":"image\/jpeg"}],"author":"ludom","twitter_card":"summary_large_image","twitter_misc":{"Written by":"ludom","Estimated reading time":"4 minutes"},"schema":{"@context":"https:\/\/schema.org","@graph":[{"@type":"Article","@id":"https:\/\/souverainete-suisse.ch\/2026\/02\/accord-cadre-ue-suisse-une-capitulation-economique-deguisee-en-pragmatisme\/#article","isPartOf":{"@id":"https:\/\/souverainete-suisse.ch\/2026\/02\/accord-cadre-ue-suisse-une-capitulation-economique-deguisee-en-pragmatisme\/"},"author":{"name":"ludom","@id":"https:\/\/souverainete-suisse.ch\/#\/schema\/person\/b25acb547faec24a94d7215216d68cbf"},"headline":"Accord cadre UE\u2013Suisse : une capitulation \u00e9conomique d\u00e9guis\u00e9e en pragmatisme","datePublished":"2026-02-18T15:24:51+00:00","mainEntityOfPage":{"@id":"https:\/\/souverainete-suisse.ch\/2026\/02\/accord-cadre-ue-suisse-une-capitulation-economique-deguisee-en-pragmatisme\/"},"wordCount":714,"publisher":{"@id":"https:\/\/souverainete-suisse.ch\/#organization"},"image":{"@id":"https:\/\/souverainete-suisse.ch\/2026\/02\/accord-cadre-ue-suisse-une-capitulation-economique-deguisee-en-pragmatisme\/#primaryimage"},"thumbnailUrl":"https:\/\/souverainete-suisse.ch\/wp-content\/uploads\/2026\/02\/UE.jpeg","articleSection":["Politique int\u00e9rieure","UE"],"inLanguage":"en-GB"},{"@type":"WebPage","@id":"https:\/\/souverainete-suisse.ch\/2026\/02\/accord-cadre-ue-suisse-une-capitulation-economique-deguisee-en-pragmatisme\/","url":"https:\/\/souverainete-suisse.ch\/2026\/02\/accord-cadre-ue-suisse-une-capitulation-economique-deguisee-en-pragmatisme\/","name":"EU-Switzerland framework agreement: economic capitulation disguised as pragmatism - Mouvement Souverainet\u00e9 Suisse","isPartOf":{"@id":"https:\/\/souverainete-suisse.ch\/#website"},"primaryImageOfPage":{"@id":"https:\/\/souverainete-suisse.ch\/2026\/02\/accord-cadre-ue-suisse-une-capitulation-economique-deguisee-en-pragmatisme\/#primaryimage"},"image":{"@id":"https:\/\/souverainete-suisse.ch\/2026\/02\/accord-cadre-ue-suisse-une-capitulation-economique-deguisee-en-pragmatisme\/#primaryimage"},"thumbnailUrl":"https:\/\/souverainete-suisse.ch\/wp-content\/uploads\/2026\/02\/UE.jpeg","datePublished":"2026-02-18T15:24:51+00:00","description":"EU-Switzerland agreement: behind the word \u00abbilateral\u00bb lies a unilateral legal alignment. Trade deficit of CHF 25 billion\/year, estimated gain of +0.3% in exports: a major political cost for a marginal economic benefit. Sovereignist analysis and democratic issues","breadcrumb":{"@id":"https:\/\/souverainete-suisse.ch\/2026\/02\/accord-cadre-ue-suisse-une-capitulation-economique-deguisee-en-pragmatisme\/#breadcrumb"},"inLanguage":"en-GB","potentialAction":[{"@type":"ReadAction","target":["https:\/\/souverainete-suisse.ch\/2026\/02\/accord-cadre-ue-suisse-une-capitulation-economique-deguisee-en-pragmatisme\/"]}]},{"@type":"ImageObject","inLanguage":"en-GB","@id":"https:\/\/souverainete-suisse.ch\/2026\/02\/accord-cadre-ue-suisse-une-capitulation-economique-deguisee-en-pragmatisme\/#primaryimage","url":"https:\/\/souverainete-suisse.ch\/wp-content\/uploads\/2026\/02\/UE.jpeg","contentUrl":"https:\/\/souverainete-suisse.ch\/wp-content\/uploads\/2026\/02\/UE.jpeg","width":1280,"height":720},{"@type":"BreadcrumbList","@id":"https:\/\/souverainete-suisse.ch\/2026\/02\/accord-cadre-ue-suisse-une-capitulation-economique-deguisee-en-pragmatisme\/#breadcrumb","itemListElement":[{"@type":"ListItem","position":1,"name":"Accueil","item":"https:\/\/souverainete-suisse.ch\/"},{"@type":"ListItem","position":2,"name":"Accord cadre UE\u2013Suisse : une capitulation \u00e9conomique d\u00e9guis\u00e9e en pragmatisme"}]},{"@type":"WebSite","@id":"https:\/\/souverainete-suisse.ch\/#website","url":"https:\/\/souverainete-suisse.ch\/","name":"Swiss Sovereignty Movement","description":"","publisher":{"@id":"https:\/\/souverainete-suisse.ch\/#organization"},"potentialAction":[{"@type":"SearchAction","target":{"@type":"EntryPoint","urlTemplate":"https:\/\/souverainete-suisse.ch\/?s={search_term_string}"},"query-input":{"@type":"PropertyValueSpecification","valueRequired":true,"valueName":"search_term_string"}}],"inLanguage":"en-GB"},{"@type":"Organization","@id":"https:\/\/souverainete-suisse.ch\/#organization","name":"Swiss Sovereignty Movement","url":"https:\/\/souverainete-suisse.ch\/","logo":{"@type":"ImageObject","inLanguage":"en-GB","@id":"https:\/\/souverainete-suisse.ch\/#\/schema\/logo\/image\/","url":"https:\/\/souverainete-suisse.ch\/wp-content\/uploads\/2025\/11\/logo.png","contentUrl":"https:\/\/souverainete-suisse.ch\/wp-content\/uploads\/2025\/11\/logo.png","width":2053,"height":1461,"caption":"Mouvement Souverainet\u00e9 Suisse"},"image":{"@id":"https:\/\/souverainete-suisse.ch\/#\/schema\/logo\/image\/"}},{"@type":"Person","@id":"https:\/\/souverainete-suisse.ch\/#\/schema\/person\/b25acb547faec24a94d7215216d68cbf","name":"ludom","image":{"@type":"ImageObject","inLanguage":"en-GB","@id":"https:\/\/souverainete-suisse.ch\/#\/schema\/person\/image\/","url":"https:\/\/secure.gravatar.com\/avatar\/77b40fd8e49e537abcea7487b290688ce92143c3443b1d3f419149c67282ffb4?s=96&d=mm&r=g","contentUrl":"https:\/\/secure.gravatar.com\/avatar\/77b40fd8e49e537abcea7487b290688ce92143c3443b1d3f419149c67282ffb4?s=96&d=mm&r=g","caption":"ludom"},"url":"http:\/\/souverainete-suisse.ch\/en\/author\/ludom\/"}]}},"_links":{"self":[{"href":"http:\/\/souverainete-suisse.ch\/en\/wp-json\/wp\/v2\/posts\/895","targetHints":{"allow":["GET"]}}],"collection":[{"href":"http:\/\/souverainete-suisse.ch\/en\/wp-json\/wp\/v2\/posts"}],"about":[{"href":"http:\/\/souverainete-suisse.ch\/en\/wp-json\/wp\/v2\/types\/post"}],"author":[{"embeddable":true,"href":"http:\/\/souverainete-suisse.ch\/en\/wp-json\/wp\/v2\/users\/2"}],"replies":[{"embeddable":true,"href":"http:\/\/souverainete-suisse.ch\/en\/wp-json\/wp\/v2\/comments?post=895"}],"version-history":[{"count":1,"href":"http:\/\/souverainete-suisse.ch\/en\/wp-json\/wp\/v2\/posts\/895\/revisions"}],"predecessor-version":[{"id":898,"href":"http:\/\/souverainete-suisse.ch\/en\/wp-json\/wp\/v2\/posts\/895\/revisions\/898"}],"wp:featuredmedia":[{"embeddable":true,"href":"http:\/\/souverainete-suisse.ch\/en\/wp-json\/wp\/v2\/media\/897"}],"wp:attachment":[{"href":"http:\/\/souverainete-suisse.ch\/en\/wp-json\/wp\/v2\/media?parent=895"}],"wp:term":[{"taxonomy":"category","embeddable":true,"href":"http:\/\/souverainete-suisse.ch\/en\/wp-json\/wp\/v2\/categories?post=895"},{"taxonomy":"post_tag","embeddable":true,"href":"http:\/\/souverainete-suisse.ch\/en\/wp-json\/wp\/v2\/tags?post=895"}],"curies":[{"name":"wp","href":"https:\/\/api.w.org\/{rel}","templated":true}]}}