{"id":880,"date":"2026-02-15T23:01:29","date_gmt":"2026-02-15T22:01:29","guid":{"rendered":"https:\/\/souverainete-suisse.ch\/?p=880"},"modified":"2026-02-15T23:01:29","modified_gmt":"2026-02-15T22:01:29","slug":"weve-banned-the-transfer-of-trades-weve-isolated-craftsmen-and-professionals","status":"publish","type":"post","link":"http:\/\/souverainete-suisse.ch\/en\/2026\/02\/weve-banned-the-transfer-of-trades-weve-isolated-craftsmen-and-professionals\/","title":{"rendered":"The transfer of trades has been banned. Craftsmen and professionals have been isolated"},"content":{"rendered":"<p><em>We're talking about performance, adaptation and modernity.<\/em><br \/>\n<em>However, on the ground, something has gone deeply wrong at work.<\/em><br \/>\n<em>This malaise is not individual. It's structural. And it deserves our attention.<\/em><\/p>\n<p id=\"ember3605\" class=\"ember-view reader-text-block__paragraph\">There is a lot of talk about performance, growth and adaptation.<\/p>\n<p id=\"ember3606\" class=\"ember-view reader-text-block__paragraph\">However, on the ground, one observation is repeated everywhere - among craftsmen, the self-employed and qualified employees:<\/p>\n<p id=\"ember3607\" class=\"ember-view reader-text-block__paragraph\">\u2b95 <strong>work exhausts, fragments and isolates.<\/strong><\/p>\n<p id=\"ember3608\" class=\"ember-view reader-text-block__paragraph\">No more standards.<\/p>\n<p id=\"ember3609\" class=\"ember-view reader-text-block__paragraph\">No more administration.<\/p>\n<p id=\"ember3610\" class=\"ember-view reader-text-block__paragraph\">No more middlemen.<\/p>\n<p id=\"ember3611\" class=\"ember-view reader-text-block__paragraph\">Less time for the job.<\/p>\n<p id=\"ember3612\" class=\"ember-view reader-text-block__paragraph\">Less transmission.<\/p>\n<p id=\"ember3613\" class=\"ember-view reader-text-block__paragraph\">Less sense.<\/p>\n<p id=\"ember3614\" class=\"ember-view reader-text-block__paragraph\">And this malaise is not marginal. It is structural.<\/p>\n<h3 id=\"ember3615\" class=\"ember-view reader-text-block__heading-3\">What has disappeared without us realising it<\/h3>\n<p id=\"ember3616\" class=\"ember-view reader-text-block__paragraph\">For a long time, professions were based not only on contracts or status, but also on a variety of <strong>genuine professional communities<\/strong>.<\/p>\n<p id=\"ember3617\" class=\"ember-view reader-text-block__paragraph\">Structures that :<\/p>\n<ul>\n<li>train new entrants and apprentices<\/li>\n<li>regulated access to the profession,<\/li>\n<li>protected the quality of the work,<\/li>\n<li>limit unfair competition,<\/li>\n<li>organised the transmission over several generations.<\/li>\n<\/ul>\n<p id=\"ember3619\" class=\"ember-view reader-text-block__paragraph\">It wasn't perfect.<\/p>\n<p id=\"ember3620\" class=\"ember-view reader-text-block__paragraph\">But this offered a <strong>stability<\/strong>, a <strong>consistency<\/strong>, and a <strong>dignity<\/strong> that many people are looking for today... without finding it.<\/p>\n<h3 id=\"ember3621\" class=\"ember-view reader-text-block__heading-3\">The current paradox<\/h3>\n<p id=\"ember3622\" class=\"ember-view reader-text-block__paragraph\">We have never had so much individual \u201cfreedom\u201d on paper.<\/p>\n<p id=\"ember3623\" class=\"ember-view reader-text-block__paragraph\">And yet :<\/p>\n<ul>\n<li>everyone is on their own when it comes to the market,<\/li>\n<li>everyone is trading at a loss,<\/li>\n<li>everyone is subject to rules they didn't write.<\/li>\n<\/ul>\n<p id=\"ember3625\" class=\"ember-view reader-text-block__paragraph\">Result:<\/p>\n<p id=\"ember3626\" class=\"ember-view reader-text-block__paragraph\">fragmented professions,<\/p>\n<p id=\"ember3627\" class=\"ember-view reader-text-block__paragraph\">interchangeable professionals,<\/p>\n<p id=\"ember3628\" class=\"ember-view reader-text-block__paragraph\">and crumbling quality.<\/p>\n<h3 id=\"ember3629\" class=\"ember-view reader-text-block__heading-3\">A question that cannot be ignored<\/h3>\n<p id=\"ember3630\" class=\"ember-view reader-text-block__paragraph\">And if the problem wasn't the work itself...<\/p>\n<p id=\"ember3631\" class=\"ember-view reader-text-block__paragraph\">but the gradual disappearance of organised professions?<\/p>\n<p id=\"ember3632\" class=\"ember-view reader-text-block__paragraph\">If the future lay in <strong>modern forms of professional self-regulation<\/strong>,<\/p>\n<p id=\"ember3633\" class=\"ember-view reader-text-block__paragraph\">from <strong>communities of professions capable of training, protecting and transmitting<\/strong>,<\/p>\n<p id=\"ember3634\" class=\"ember-view reader-text-block__paragraph\">rather than through constant competition?<\/p>\n<h3 id=\"ember3635\" class=\"ember-view reader-text-block__heading-3\">This model has existed, in other forms, at other times.<\/h3>\n<p id=\"ember3636\" class=\"ember-view reader-text-block__paragraph\">He was dismissed in the name of \u00abmodernity\u00bb.<\/p>\n<p id=\"ember3637\" class=\"ember-view reader-text-block__paragraph\">It was known as the <strong>corporatism<\/strong>.<\/p>\n<h3 id=\"ember3638\" class=\"ember-view reader-text-block__heading-3\">Open debate, without caricature<\/h3>\n<p id=\"ember3639\" class=\"ember-view reader-text-block__paragraph\">It's not about nostalgia or withdrawal.<\/p>\n<p id=\"ember3640\" class=\"ember-view reader-text-block__paragraph\">But a simple and very topical question:<\/p>\n<p id=\"ember3641\" class=\"ember-view reader-text-block__paragraph\">\u2b95 <strong>How can we restore meaning, quality and dignity to work?<\/strong><\/p>\n<p id=\"ember3642\" class=\"ember-view reader-text-block__paragraph\">The debate deserves to be asked calmly and seriously.<\/p>\n<p id=\"ember3643\" class=\"ember-view reader-text-block__paragraph\">Because malaise in the workplace is not a fad.<\/p>\n<p id=\"ember3644\" class=\"ember-view reader-text-block__paragraph\">It's a signal.<\/p>\n<p id=\"ember3645\" class=\"ember-view reader-text-block__paragraph\"><strong>What are your thoughts on this?<\/strong><\/p>\n<p id=\"ember3647\" class=\"ember-view reader-text-block__paragraph\"><strong>Reflections developed as part of the work of \ud83c\udde8\ud83c\udded Souverainet\u00e9 Suisse.<\/strong><\/p>\n<p id=\"ember3648\" class=\"ember-view reader-text-block__paragraph\"><em>Unite the Swiss. To defend our freedoms. To reclaim our sovereignty.<\/em><\/p>\n<p>&nbsp;<\/p>","protected":false},"excerpt":{"rendered":"<p>On parle de performance, d\u2019adaptation et de modernit\u00e9. Pourtant, sur le terrain, quelque chose s\u2019est profond\u00e9ment d\u00e9r\u00e9gl\u00e9 dans le travail. Ce malaise n\u2019est pas individuel. Il est structurel. Et il m\u00e9rite qu\u2019on s\u2019y arr\u00eate. On parle beaucoup de performance, de croissance, d\u2019adaptation. Pourtant, sur le terrain, un constat revient partout \u2014 chez les artisans, les [&hellip;]<\/p>\n","protected":false},"author":2,"featured_media":881,"comment_status":"closed","ping_status":"closed","sticky":false,"template":"","format":"standard","meta":{"footnotes":""},"categories":[8],"tags":[],"class_list":["post-880","post","type-post","status-publish","format-standard","has-post-thumbnail","hentry","category-politique-interieure"],"yoast_head":"<!-- This site is optimized with the Yoast SEO plugin v26.9 - https:\/\/yoast.com\/product\/yoast-seo-wordpress\/ -->\n<title>On a interdit la transmission des m\u00e9tiers. On a isol\u00e9 les artisans et professionnels - Mouvement Souverainet\u00e9 Suisse<\/title>\n<meta name=\"description\" content=\"Malaise du travail en Suisse : surcharge administrative, isolement des professionnels, perte de sens et affaiblissement de la transmission. Et si la disparition des communaut\u00e9s de m\u00e9tiers expliquait l\u2019\u00e9puisement actuel ? R\u00e9flexion sur auto-r\u00e9gulation, dignit\u00e9 professionnelle et souverainet\u00e9 \u00e9conomique\" \/>\n<meta name=\"robots\" content=\"index, follow, max-snippet:-1, max-image-preview:large, max-video-preview:-1\" \/>\n<link rel=\"canonical\" href=\"https:\/\/souverainete-suisse.ch\/en\/2026\/02\/weve-banned-the-transfer-of-trades-weve-isolated-craftsmen-and-professionals\/\" \/>\n<meta property=\"og:locale\" content=\"en_GB\" \/>\n<meta property=\"og:type\" content=\"article\" \/>\n<meta property=\"og:title\" content=\"On a interdit la transmission des m\u00e9tiers. On a isol\u00e9 les artisans et professionnels - Mouvement Souverainet\u00e9 Suisse\" \/>\n<meta property=\"og:description\" content=\"Malaise du travail en Suisse : surcharge administrative, isolement des professionnels, perte de sens et affaiblissement de la transmission. Et si la disparition des communaut\u00e9s de m\u00e9tiers expliquait l\u2019\u00e9puisement actuel ? R\u00e9flexion sur auto-r\u00e9gulation, dignit\u00e9 professionnelle et souverainet\u00e9 \u00e9conomique\" \/>\n<meta property=\"og:url\" content=\"https:\/\/souverainete-suisse.ch\/en\/2026\/02\/weve-banned-the-transfer-of-trades-weve-isolated-craftsmen-and-professionals\/\" \/>\n<meta property=\"og:site_name\" content=\"Mouvement Souverainet\u00e9 Suisse\" \/>\n<meta property=\"article:published_time\" content=\"2026-02-15T22:01:29+00:00\" \/>\n<meta property=\"og:image\" content=\"https:\/\/souverainete-suisse.ch\/wp-content\/uploads\/2026\/02\/charpentier.jpg\" \/>\n\t<meta property=\"og:image:width\" content=\"899\" \/>\n\t<meta property=\"og:image:height\" content=\"600\" \/>\n\t<meta property=\"og:image:type\" content=\"image\/jpeg\" \/>\n<meta name=\"author\" content=\"ludom\" \/>\n<meta name=\"twitter:card\" content=\"summary_large_image\" \/>\n<meta name=\"twitter:label1\" content=\"Written by\" \/>\n\t<meta name=\"twitter:data1\" content=\"ludom\" \/>\n\t<meta name=\"twitter:label2\" content=\"Estimated reading time\" \/>\n\t<meta name=\"twitter:data2\" content=\"3 minutes\" \/>\n<script type=\"application\/ld+json\" class=\"yoast-schema-graph\">{\"@context\":\"https:\/\/schema.org\",\"@graph\":[{\"@type\":\"Article\",\"@id\":\"https:\/\/souverainete-suisse.ch\/2026\/02\/on-a-interdit-la-transmission-des-metiers-on-a-isole-les-artisans-et-professionnels\/#article\",\"isPartOf\":{\"@id\":\"https:\/\/souverainete-suisse.ch\/2026\/02\/on-a-interdit-la-transmission-des-metiers-on-a-isole-les-artisans-et-professionnels\/\"},\"author\":{\"name\":\"ludom\",\"@id\":\"https:\/\/souverainete-suisse.ch\/#\/schema\/person\/b25acb547faec24a94d7215216d68cbf\"},\"headline\":\"On a interdit la transmission des m\u00e9tiers. On a isol\u00e9 les artisans et professionnels\",\"datePublished\":\"2026-02-15T22:01:29+00:00\",\"mainEntityOfPage\":{\"@id\":\"https:\/\/souverainete-suisse.ch\/2026\/02\/on-a-interdit-la-transmission-des-metiers-on-a-isole-les-artisans-et-professionnels\/\"},\"wordCount\":452,\"publisher\":{\"@id\":\"https:\/\/souverainete-suisse.ch\/#organization\"},\"image\":{\"@id\":\"https:\/\/souverainete-suisse.ch\/2026\/02\/on-a-interdit-la-transmission-des-metiers-on-a-isole-les-artisans-et-professionnels\/#primaryimage\"},\"thumbnailUrl\":\"https:\/\/souverainete-suisse.ch\/wp-content\/uploads\/2026\/02\/charpentier.jpg\",\"articleSection\":[\"Politique int\u00e9rieure\"],\"inLanguage\":\"en-GB\"},{\"@type\":\"WebPage\",\"@id\":\"https:\/\/souverainete-suisse.ch\/2026\/02\/on-a-interdit-la-transmission-des-metiers-on-a-isole-les-artisans-et-professionnels\/\",\"url\":\"https:\/\/souverainete-suisse.ch\/2026\/02\/on-a-interdit-la-transmission-des-metiers-on-a-isole-les-artisans-et-professionnels\/\",\"name\":\"On a interdit la transmission des m\u00e9tiers. On a isol\u00e9 les artisans et professionnels - Mouvement Souverainet\u00e9 Suisse\",\"isPartOf\":{\"@id\":\"https:\/\/souverainete-suisse.ch\/#website\"},\"primaryImageOfPage\":{\"@id\":\"https:\/\/souverainete-suisse.ch\/2026\/02\/on-a-interdit-la-transmission-des-metiers-on-a-isole-les-artisans-et-professionnels\/#primaryimage\"},\"image\":{\"@id\":\"https:\/\/souverainete-suisse.ch\/2026\/02\/on-a-interdit-la-transmission-des-metiers-on-a-isole-les-artisans-et-professionnels\/#primaryimage\"},\"thumbnailUrl\":\"https:\/\/souverainete-suisse.ch\/wp-content\/uploads\/2026\/02\/charpentier.jpg\",\"datePublished\":\"2026-02-15T22:01:29+00:00\",\"description\":\"Malaise du travail en Suisse : surcharge administrative, isolement des professionnels, perte de sens et affaiblissement de la transmission. Et si la disparition des communaut\u00e9s de m\u00e9tiers expliquait l\u2019\u00e9puisement actuel ? R\u00e9flexion sur auto-r\u00e9gulation, dignit\u00e9 professionnelle et souverainet\u00e9 \u00e9conomique\",\"breadcrumb\":{\"@id\":\"https:\/\/souverainete-suisse.ch\/2026\/02\/on-a-interdit-la-transmission-des-metiers-on-a-isole-les-artisans-et-professionnels\/#breadcrumb\"},\"inLanguage\":\"en-GB\",\"potentialAction\":[{\"@type\":\"ReadAction\",\"target\":[\"https:\/\/souverainete-suisse.ch\/2026\/02\/on-a-interdit-la-transmission-des-metiers-on-a-isole-les-artisans-et-professionnels\/\"]}]},{\"@type\":\"ImageObject\",\"inLanguage\":\"en-GB\",\"@id\":\"https:\/\/souverainete-suisse.ch\/2026\/02\/on-a-interdit-la-transmission-des-metiers-on-a-isole-les-artisans-et-professionnels\/#primaryimage\",\"url\":\"https:\/\/souverainete-suisse.ch\/wp-content\/uploads\/2026\/02\/charpentier.jpg\",\"contentUrl\":\"https:\/\/souverainete-suisse.ch\/wp-content\/uploads\/2026\/02\/charpentier.jpg\",\"width\":899,\"height\":600},{\"@type\":\"BreadcrumbList\",\"@id\":\"https:\/\/souverainete-suisse.ch\/2026\/02\/on-a-interdit-la-transmission-des-metiers-on-a-isole-les-artisans-et-professionnels\/#breadcrumb\",\"itemListElement\":[{\"@type\":\"ListItem\",\"position\":1,\"name\":\"Accueil\",\"item\":\"https:\/\/souverainete-suisse.ch\/\"},{\"@type\":\"ListItem\",\"position\":2,\"name\":\"On a interdit la transmission des m\u00e9tiers. On a isol\u00e9 les artisans et professionnels\"}]},{\"@type\":\"WebSite\",\"@id\":\"https:\/\/souverainete-suisse.ch\/#website\",\"url\":\"https:\/\/souverainete-suisse.ch\/\",\"name\":\"Mouvement Souverainet\u00e9 Suisse\",\"description\":\"\",\"publisher\":{\"@id\":\"https:\/\/souverainete-suisse.ch\/#organization\"},\"potentialAction\":[{\"@type\":\"SearchAction\",\"target\":{\"@type\":\"EntryPoint\",\"urlTemplate\":\"https:\/\/souverainete-suisse.ch\/?s={search_term_string}\"},\"query-input\":{\"@type\":\"PropertyValueSpecification\",\"valueRequired\":true,\"valueName\":\"search_term_string\"}}],\"inLanguage\":\"en-GB\"},{\"@type\":\"Organization\",\"@id\":\"https:\/\/souverainete-suisse.ch\/#organization\",\"name\":\"Mouvement Souverainet\u00e9 Suisse\",\"url\":\"https:\/\/souverainete-suisse.ch\/\",\"logo\":{\"@type\":\"ImageObject\",\"inLanguage\":\"en-GB\",\"@id\":\"https:\/\/souverainete-suisse.ch\/#\/schema\/logo\/image\/\",\"url\":\"https:\/\/souverainete-suisse.ch\/wp-content\/uploads\/2025\/11\/logo.png\",\"contentUrl\":\"https:\/\/souverainete-suisse.ch\/wp-content\/uploads\/2025\/11\/logo.png\",\"width\":2053,\"height\":1461,\"caption\":\"Mouvement Souverainet\u00e9 Suisse\"},\"image\":{\"@id\":\"https:\/\/souverainete-suisse.ch\/#\/schema\/logo\/image\/\"}},{\"@type\":\"Person\",\"@id\":\"https:\/\/souverainete-suisse.ch\/#\/schema\/person\/b25acb547faec24a94d7215216d68cbf\",\"name\":\"ludom\",\"image\":{\"@type\":\"ImageObject\",\"inLanguage\":\"en-GB\",\"@id\":\"https:\/\/souverainete-suisse.ch\/#\/schema\/person\/image\/\",\"url\":\"https:\/\/secure.gravatar.com\/avatar\/77b40fd8e49e537abcea7487b290688ce92143c3443b1d3f419149c67282ffb4?s=96&d=mm&r=g\",\"contentUrl\":\"https:\/\/secure.gravatar.com\/avatar\/77b40fd8e49e537abcea7487b290688ce92143c3443b1d3f419149c67282ffb4?s=96&d=mm&r=g\",\"caption\":\"ludom\"},\"url\":\"http:\/\/souverainete-suisse.ch\/en\/author\/ludom\/\"}]}<\/script>\n<!-- \/ Yoast SEO plugin. -->","yoast_head_json":{"title":"The transfer of trades has been banned. Craftsmen and professionals have been isolated - Mouvement Souverainet\u00e9 Suisse","description":"Work unrest in Switzerland: administrative overload, isolation of professionals, loss of meaning and weakening of transmission. What if the disappearance of professional communities explains the current burnout? Reflections on self-regulation, professional dignity and economic sovereignty","robots":{"index":"index","follow":"follow","max-snippet":"max-snippet:-1","max-image-preview":"max-image-preview:large","max-video-preview":"max-video-preview:-1"},"canonical":"https:\/\/souverainete-suisse.ch\/en\/2026\/02\/weve-banned-the-transfer-of-trades-weve-isolated-craftsmen-and-professionals\/","og_locale":"en_GB","og_type":"article","og_title":"On a interdit la transmission des m\u00e9tiers. On a isol\u00e9 les artisans et professionnels - Mouvement Souverainet\u00e9 Suisse","og_description":"Malaise du travail en Suisse : surcharge administrative, isolement des professionnels, perte de sens et affaiblissement de la transmission. Et si la disparition des communaut\u00e9s de m\u00e9tiers expliquait l\u2019\u00e9puisement actuel ? R\u00e9flexion sur auto-r\u00e9gulation, dignit\u00e9 professionnelle et souverainet\u00e9 \u00e9conomique","og_url":"https:\/\/souverainete-suisse.ch\/en\/2026\/02\/weve-banned-the-transfer-of-trades-weve-isolated-craftsmen-and-professionals\/","og_site_name":"Mouvement Souverainet\u00e9 Suisse","article_published_time":"2026-02-15T22:01:29+00:00","og_image":[{"width":899,"height":600,"url":"https:\/\/souverainete-suisse.ch\/wp-content\/uploads\/2026\/02\/charpentier.jpg","type":"image\/jpeg"}],"author":"ludom","twitter_card":"summary_large_image","twitter_misc":{"Written by":"ludom","Estimated reading time":"3 minutes"},"schema":{"@context":"https:\/\/schema.org","@graph":[{"@type":"Article","@id":"https:\/\/souverainete-suisse.ch\/2026\/02\/on-a-interdit-la-transmission-des-metiers-on-a-isole-les-artisans-et-professionnels\/#article","isPartOf":{"@id":"https:\/\/souverainete-suisse.ch\/2026\/02\/on-a-interdit-la-transmission-des-metiers-on-a-isole-les-artisans-et-professionnels\/"},"author":{"name":"ludom","@id":"https:\/\/souverainete-suisse.ch\/#\/schema\/person\/b25acb547faec24a94d7215216d68cbf"},"headline":"On a interdit la transmission des m\u00e9tiers. On a isol\u00e9 les artisans et professionnels","datePublished":"2026-02-15T22:01:29+00:00","mainEntityOfPage":{"@id":"https:\/\/souverainete-suisse.ch\/2026\/02\/on-a-interdit-la-transmission-des-metiers-on-a-isole-les-artisans-et-professionnels\/"},"wordCount":452,"publisher":{"@id":"https:\/\/souverainete-suisse.ch\/#organization"},"image":{"@id":"https:\/\/souverainete-suisse.ch\/2026\/02\/on-a-interdit-la-transmission-des-metiers-on-a-isole-les-artisans-et-professionnels\/#primaryimage"},"thumbnailUrl":"https:\/\/souverainete-suisse.ch\/wp-content\/uploads\/2026\/02\/charpentier.jpg","articleSection":["Politique int\u00e9rieure"],"inLanguage":"en-GB"},{"@type":"WebPage","@id":"https:\/\/souverainete-suisse.ch\/2026\/02\/on-a-interdit-la-transmission-des-metiers-on-a-isole-les-artisans-et-professionnels\/","url":"https:\/\/souverainete-suisse.ch\/2026\/02\/on-a-interdit-la-transmission-des-metiers-on-a-isole-les-artisans-et-professionnels\/","name":"The transfer of trades has been banned. Craftsmen and professionals have been isolated - Mouvement Souverainet\u00e9 Suisse","isPartOf":{"@id":"https:\/\/souverainete-suisse.ch\/#website"},"primaryImageOfPage":{"@id":"https:\/\/souverainete-suisse.ch\/2026\/02\/on-a-interdit-la-transmission-des-metiers-on-a-isole-les-artisans-et-professionnels\/#primaryimage"},"image":{"@id":"https:\/\/souverainete-suisse.ch\/2026\/02\/on-a-interdit-la-transmission-des-metiers-on-a-isole-les-artisans-et-professionnels\/#primaryimage"},"thumbnailUrl":"https:\/\/souverainete-suisse.ch\/wp-content\/uploads\/2026\/02\/charpentier.jpg","datePublished":"2026-02-15T22:01:29+00:00","description":"Work unrest in Switzerland: administrative overload, isolation of professionals, loss of meaning and weakening of transmission. What if the disappearance of professional communities explains the current burnout? Reflections on self-regulation, professional dignity and economic sovereignty","breadcrumb":{"@id":"https:\/\/souverainete-suisse.ch\/2026\/02\/on-a-interdit-la-transmission-des-metiers-on-a-isole-les-artisans-et-professionnels\/#breadcrumb"},"inLanguage":"en-GB","potentialAction":[{"@type":"ReadAction","target":["https:\/\/souverainete-suisse.ch\/2026\/02\/on-a-interdit-la-transmission-des-metiers-on-a-isole-les-artisans-et-professionnels\/"]}]},{"@type":"ImageObject","inLanguage":"en-GB","@id":"https:\/\/souverainete-suisse.ch\/2026\/02\/on-a-interdit-la-transmission-des-metiers-on-a-isole-les-artisans-et-professionnels\/#primaryimage","url":"https:\/\/souverainete-suisse.ch\/wp-content\/uploads\/2026\/02\/charpentier.jpg","contentUrl":"https:\/\/souverainete-suisse.ch\/wp-content\/uploads\/2026\/02\/charpentier.jpg","width":899,"height":600},{"@type":"BreadcrumbList","@id":"https:\/\/souverainete-suisse.ch\/2026\/02\/on-a-interdit-la-transmission-des-metiers-on-a-isole-les-artisans-et-professionnels\/#breadcrumb","itemListElement":[{"@type":"ListItem","position":1,"name":"Accueil","item":"https:\/\/souverainete-suisse.ch\/"},{"@type":"ListItem","position":2,"name":"On a interdit la transmission des m\u00e9tiers. On a isol\u00e9 les artisans et professionnels"}]},{"@type":"WebSite","@id":"https:\/\/souverainete-suisse.ch\/#website","url":"https:\/\/souverainete-suisse.ch\/","name":"Swiss Sovereignty Movement","description":"","publisher":{"@id":"https:\/\/souverainete-suisse.ch\/#organization"},"potentialAction":[{"@type":"SearchAction","target":{"@type":"EntryPoint","urlTemplate":"https:\/\/souverainete-suisse.ch\/?s={search_term_string}"},"query-input":{"@type":"PropertyValueSpecification","valueRequired":true,"valueName":"search_term_string"}}],"inLanguage":"en-GB"},{"@type":"Organization","@id":"https:\/\/souverainete-suisse.ch\/#organization","name":"Swiss Sovereignty Movement","url":"https:\/\/souverainete-suisse.ch\/","logo":{"@type":"ImageObject","inLanguage":"en-GB","@id":"https:\/\/souverainete-suisse.ch\/#\/schema\/logo\/image\/","url":"https:\/\/souverainete-suisse.ch\/wp-content\/uploads\/2025\/11\/logo.png","contentUrl":"https:\/\/souverainete-suisse.ch\/wp-content\/uploads\/2025\/11\/logo.png","width":2053,"height":1461,"caption":"Mouvement Souverainet\u00e9 Suisse"},"image":{"@id":"https:\/\/souverainete-suisse.ch\/#\/schema\/logo\/image\/"}},{"@type":"Person","@id":"https:\/\/souverainete-suisse.ch\/#\/schema\/person\/b25acb547faec24a94d7215216d68cbf","name":"ludom","image":{"@type":"ImageObject","inLanguage":"en-GB","@id":"https:\/\/souverainete-suisse.ch\/#\/schema\/person\/image\/","url":"https:\/\/secure.gravatar.com\/avatar\/77b40fd8e49e537abcea7487b290688ce92143c3443b1d3f419149c67282ffb4?s=96&d=mm&r=g","contentUrl":"https:\/\/secure.gravatar.com\/avatar\/77b40fd8e49e537abcea7487b290688ce92143c3443b1d3f419149c67282ffb4?s=96&d=mm&r=g","caption":"ludom"},"url":"http:\/\/souverainete-suisse.ch\/en\/author\/ludom\/"}]}},"_links":{"self":[{"href":"http:\/\/souverainete-suisse.ch\/en\/wp-json\/wp\/v2\/posts\/880","targetHints":{"allow":["GET"]}}],"collection":[{"href":"http:\/\/souverainete-suisse.ch\/en\/wp-json\/wp\/v2\/posts"}],"about":[{"href":"http:\/\/souverainete-suisse.ch\/en\/wp-json\/wp\/v2\/types\/post"}],"author":[{"embeddable":true,"href":"http:\/\/souverainete-suisse.ch\/en\/wp-json\/wp\/v2\/users\/2"}],"replies":[{"embeddable":true,"href":"http:\/\/souverainete-suisse.ch\/en\/wp-json\/wp\/v2\/comments?post=880"}],"version-history":[{"count":1,"href":"http:\/\/souverainete-suisse.ch\/en\/wp-json\/wp\/v2\/posts\/880\/revisions"}],"predecessor-version":[{"id":882,"href":"http:\/\/souverainete-suisse.ch\/en\/wp-json\/wp\/v2\/posts\/880\/revisions\/882"}],"wp:featuredmedia":[{"embeddable":true,"href":"http:\/\/souverainete-suisse.ch\/en\/wp-json\/wp\/v2\/media\/881"}],"wp:attachment":[{"href":"http:\/\/souverainete-suisse.ch\/en\/wp-json\/wp\/v2\/media?parent=880"}],"wp:term":[{"taxonomy":"category","embeddable":true,"href":"http:\/\/souverainete-suisse.ch\/en\/wp-json\/wp\/v2\/categories?post=880"},{"taxonomy":"post_tag","embeddable":true,"href":"http:\/\/souverainete-suisse.ch\/en\/wp-json\/wp\/v2\/tags?post=880"}],"curies":[{"name":"wp","href":"https:\/\/api.w.org\/{rel}","templated":true}]}}