{"id":877,"date":"2026-02-15T22:55:04","date_gmt":"2026-02-15T21:55:04","guid":{"rendered":"https:\/\/souverainete-suisse.ch\/?p=877"},"modified":"2026-02-15T22:55:04","modified_gmt":"2026-02-15T21:55:04","slug":"when-switzerland-starts-copying-those-who-are-declining","status":"publish","type":"post","link":"http:\/\/souverainete-suisse.ch\/en\/2026\/02\/when-switzerland-starts-copying-those-who-are-declining\/","title":{"rendered":"When Switzerland starts copying those in decline"},"content":{"rendered":"<p><em>Switzerland has never been rich by chance. It became rich because it was able to preserve a rare balance between openness and control, flexibility and security. Today, under the guise of \u00abwage protection\u00bb, it is this very foundation that is being undermined. Behind a technical measure on redundancies lies a much more profound transformation of our model. If we don't take a clear-eyed look at what's going on, we may well discover too late that what made us strong has been slowly diluted.<\/em><\/p>\n<p>&nbsp;<\/p>\n<p id=\"ember2036\" class=\"ember-view reader-text-block__paragraph\">The Federal Council has just adopted a new measure to make certain redundancies more difficult as part of the Switzerland-EU package. Presented as \u00abindispensable\u00bb, welcomed by Pierre-Yves Maillard's USS and contested by the Swiss Employers' Union, this decision is not insignificant. It reveals a silent transformation of the Swiss model.<\/p>\n<p id=\"ember2037\" class=\"ember-view reader-text-block__paragraph\">Switzerland has never built its success on rigidity. It has built it on three pillars: labour market flexibility, legal certainty and political control of flows.<\/p>\n<p id=\"ember2038\" class=\"ember-view reader-text-block__paragraph\">But these balances are now fragile.<\/p>\n<h3 id=\"ember2039\" class=\"ember-view reader-text-block__heading-3\">1. Mass immigration: the variable no one dares name<\/h3>\n<p id=\"ember2040\" class=\"ember-view reader-text-block__paragraph\">Since the signing of Bilateral Agreements I and II, the Swiss population has grown from around 7.2 million (2002) to over 9 million today. More than 80% of the demographic growth comes from immigration.<\/p>\n<p id=\"ember2041\" class=\"ember-view reader-text-block__paragraph\">The new \u00abframework agreement\u00bb, renamed \u00abBilaterals III\u00bb, further deepens the dynamic integration with European law. In other words: less national leeway to adapt our rules to our reality.<\/p>\n<p id=\"ember2042\" class=\"ember-view reader-text-block__paragraph\">When the labour supply increases structurally, the pressure on wages intensifies. Instead of tackling the cause - the loss of control over migration - we are piling on administrative measures.<\/p>\n<h3 id=\"ember2043\" class=\"ember-view reader-text-block__heading-3\">2. Minimum wage and inflexibility: symptom of an imbalance<\/h3>\n<p id=\"ember2044\" class=\"ember-view reader-text-block__paragraph\">Making redundancies more complex is not neutral. In companies with more than 50 employees (2% of the economic fabric), the penalty can be up to ten months' salary.<\/p>\n<p id=\"ember2045\" class=\"ember-view reader-text-block__paragraph\">This type of system is typical of declining welfare states such as France, where structural unemployment has exceeded 7% for decades. Switzerland, on the other hand, has long maintained unemployment at around 2-3% thanks to contractual flexibility.<\/p>\n<p id=\"ember2046\" class=\"ember-view reader-text-block__paragraph\">Tightening up the labour market means shifting the risk to businesses. And SMEs are the backbone of our prosperity.<\/p>\n<h3 id=\"ember2047\" class=\"ember-view reader-text-block__heading-3\">3. The illusion of \u201cprotection\u201d<\/h3>\n<p id=\"ember2048\" class=\"ember-view reader-text-block__paragraph\">The measure is presented as a guarantee of wages in the face of detached European companies. In reality, it alters the internal balance of Swiss law.<\/p>\n<p id=\"ember2049\" class=\"ember-view reader-text-block__paragraph\">Marco Taddei (UPS) describes the process as \u00abbipartisan at best\u00bb. The employers do not see this as a consensual solution, but as a political concession designed to push through a broader package.<\/p>\n<p id=\"ember2050\" class=\"ember-view reader-text-block__paragraph\">When the Confederation starts to import corporatist thinking, it moves away from its liberal DNA.<\/p>\n<h3 id=\"ember2051\" class=\"ember-view reader-text-block__heading-3\">4. Currency depreciation and purchasing power<\/h3>\n<p id=\"ember2052\" class=\"ember-view reader-text-block__paragraph\">The monetary context cannot be ignored. Since 1971, the end of the dollar's gold peg has led to unprecedented global monetary expansion. The global money supply has exploded, as has debt.<\/p>\n<p id=\"ember2053\" class=\"ember-view reader-text-block__paragraph\">Although the franc remains stronger than most currencies, its real purchasing power is being eroded over the long term against tangible assets.<\/p>\n<p id=\"ember2054\" class=\"ember-view reader-text-block__paragraph\">When inflation rises and demographic growth accelerates, social pressure automatically increases. The chosen response: more supervision, more standards.<\/p>\n<h3 id=\"ember2055\" class=\"ember-view reader-text-block__heading-3\">5. Revealing political symbolism<\/h3>\n<p id=\"ember2056\" class=\"ember-view reader-text-block__paragraph\">The fact that this measure has been approved with the enthusiastic backing of a socialist like Pierre-Yves Maillard is emblematic. The same political forces that defend extensive immigration then propose making the labour market more rigid to cushion its effects.<\/p>\n<p id=\"ember2057\" class=\"ember-view reader-text-block__paragraph\">It's a paradoxical circle: open borders wide, then tighten the economy to manage the tensions created.<\/p>\n<h2 id=\"ember2058\" class=\"ember-view reader-text-block__heading-2\">The risk<\/h2>\n<p id=\"ember2059\" class=\"ember-view reader-text-block__paragraph\">The Swiss model is based on :<\/p>\n<ul>\n<li>Controlled immigration<\/li>\n<li>A flexible labour market<\/li>\n<li>A high level of legal certainty<\/li>\n<li>A credible currency<\/li>\n<li>Budgetary responsibility<\/li>\n<\/ul>\n<p id=\"ember2061\" class=\"ember-view reader-text-block__paragraph\">If all these factors change simultaneously, Switzerland will cease to be a unique case and become a standard European country - with the same structural bottlenecks.<\/p>\n<h2 id=\"ember2062\" class=\"ember-view reader-text-block__heading-2\">\ud83c\udde8\ud83c\uddedConclusion<\/h2>\n<p id=\"ember2063\" class=\"ember-view reader-text-block__paragraph\">Switzerland's success is not guaranteed by decree. It depends on a subtle balance between openness and sovereignty, protection and freedom.<\/p>\n<p id=\"ember2064\" class=\"ember-view reader-text-block__paragraph\">Tightening up the labour market to compensate for a loss of control over migration is not a solution. It's an admission.<\/p>\n<p id=\"ember2065\" class=\"ember-view reader-text-block__paragraph\">Switzerland has never prospered by copying models in crisis. It has prospered because it has done things differently.<\/p>","protected":false},"excerpt":{"rendered":"<p>La Suisse n\u2019a jamais \u00e9t\u00e9 riche par hasard. Elle l\u2019est devenue parce qu\u2019elle a su pr\u00e9server un \u00e9quilibre rare entre ouverture et contr\u00f4le, flexibilit\u00e9 et s\u00e9curit\u00e9. Aujourd\u2019hui, sous couvert de \u00ab protection salariale \u00bb, c\u2019est ce socle m\u00eame que l\u2019on fragilise. Derri\u00e8re une mesure technique sur les licenciements se cache une transformation beaucoup plus profonde [&hellip;]<\/p>\n","protected":false},"author":2,"featured_media":878,"comment_status":"closed","ping_status":"closed","sticky":false,"template":"","format":"standard","meta":{"footnotes":""},"categories":[8,11],"tags":[],"class_list":["post-877","post","type-post","status-publish","format-standard","has-post-thumbnail","hentry","category-politique-interieure","category-ue"],"yoast_head":"<!-- This site is optimized with the Yoast SEO plugin v26.9 - https:\/\/yoast.com\/product\/yoast-seo-wordpress\/ -->\n<title>Quand la Suisse commence \u00e0 copier ceux qui d\u00e9clinent - Mouvement Souverainet\u00e9 Suisse<\/title>\n<meta name=\"description\" content=\"\u00e9forme des licenciements, Bilat\u00e9rales III et pression migratoire : la Suisse risque de rigidifier son march\u00e9 du travail au d\u00e9triment de sa flexibilit\u00e9, de ses PME et de son mod\u00e8le unique. Analyse des enjeux \u00e9conomiques, juridiques et mon\u00e9taires derri\u00e8re la transformation silencieuse du cadre helv\u00e9tique.\" \/>\n<meta name=\"robots\" content=\"index, follow, max-snippet:-1, max-image-preview:large, max-video-preview:-1\" \/>\n<link rel=\"canonical\" href=\"https:\/\/souverainete-suisse.ch\/en\/2026\/02\/when-switzerland-starts-copying-those-who-are-declining\/\" \/>\n<meta property=\"og:locale\" content=\"en_GB\" \/>\n<meta property=\"og:type\" content=\"article\" \/>\n<meta property=\"og:title\" content=\"Quand la Suisse commence \u00e0 copier ceux qui d\u00e9clinent - Mouvement Souverainet\u00e9 Suisse\" \/>\n<meta property=\"og:description\" content=\"\u00e9forme des licenciements, Bilat\u00e9rales III et pression migratoire : la Suisse risque de rigidifier son march\u00e9 du travail au d\u00e9triment de sa flexibilit\u00e9, de ses PME et de son mod\u00e8le unique. Analyse des enjeux \u00e9conomiques, juridiques et mon\u00e9taires derri\u00e8re la transformation silencieuse du cadre helv\u00e9tique.\" \/>\n<meta property=\"og:url\" content=\"https:\/\/souverainete-suisse.ch\/en\/2026\/02\/when-switzerland-starts-copying-those-who-are-declining\/\" \/>\n<meta property=\"og:site_name\" content=\"Mouvement Souverainet\u00e9 Suisse\" \/>\n<meta property=\"article:published_time\" content=\"2026-02-15T21:55:04+00:00\" \/>\n<meta property=\"og:image\" content=\"https:\/\/souverainete-suisse.ch\/wp-content\/uploads\/2026\/02\/Maillard.jpeg\" \/>\n\t<meta property=\"og:image:width\" content=\"2048\" \/>\n\t<meta property=\"og:image:height\" content=\"1365\" \/>\n\t<meta property=\"og:image:type\" content=\"image\/jpeg\" \/>\n<meta name=\"author\" content=\"ludom\" \/>\n<meta name=\"twitter:card\" content=\"summary_large_image\" \/>\n<meta name=\"twitter:label1\" content=\"Written by\" \/>\n\t<meta name=\"twitter:data1\" content=\"ludom\" \/>\n\t<meta name=\"twitter:label2\" content=\"Estimated reading time\" \/>\n\t<meta name=\"twitter:data2\" content=\"4 minutes\" \/>\n<script type=\"application\/ld+json\" class=\"yoast-schema-graph\">{\"@context\":\"https:\/\/schema.org\",\"@graph\":[{\"@type\":\"Article\",\"@id\":\"https:\/\/souverainete-suisse.ch\/2026\/02\/quand-la-suisse-commence-a-copier-ceux-qui-declinent\/#article\",\"isPartOf\":{\"@id\":\"https:\/\/souverainete-suisse.ch\/2026\/02\/quand-la-suisse-commence-a-copier-ceux-qui-declinent\/\"},\"author\":{\"name\":\"ludom\",\"@id\":\"https:\/\/souverainete-suisse.ch\/#\/schema\/person\/b25acb547faec24a94d7215216d68cbf\"},\"headline\":\"Quand la Suisse commence \u00e0 copier ceux qui d\u00e9clinent\",\"datePublished\":\"2026-02-15T21:55:04+00:00\",\"mainEntityOfPage\":{\"@id\":\"https:\/\/souverainete-suisse.ch\/2026\/02\/quand-la-suisse-commence-a-copier-ceux-qui-declinent\/\"},\"wordCount\":817,\"publisher\":{\"@id\":\"https:\/\/souverainete-suisse.ch\/#organization\"},\"image\":{\"@id\":\"https:\/\/souverainete-suisse.ch\/2026\/02\/quand-la-suisse-commence-a-copier-ceux-qui-declinent\/#primaryimage\"},\"thumbnailUrl\":\"https:\/\/souverainete-suisse.ch\/wp-content\/uploads\/2026\/02\/Maillard.jpeg\",\"articleSection\":[\"Politique int\u00e9rieure\",\"UE\"],\"inLanguage\":\"en-GB\"},{\"@type\":\"WebPage\",\"@id\":\"https:\/\/souverainete-suisse.ch\/2026\/02\/quand-la-suisse-commence-a-copier-ceux-qui-declinent\/\",\"url\":\"https:\/\/souverainete-suisse.ch\/2026\/02\/quand-la-suisse-commence-a-copier-ceux-qui-declinent\/\",\"name\":\"Quand la Suisse commence \u00e0 copier ceux qui d\u00e9clinent - Mouvement Souverainet\u00e9 Suisse\",\"isPartOf\":{\"@id\":\"https:\/\/souverainete-suisse.ch\/#website\"},\"primaryImageOfPage\":{\"@id\":\"https:\/\/souverainete-suisse.ch\/2026\/02\/quand-la-suisse-commence-a-copier-ceux-qui-declinent\/#primaryimage\"},\"image\":{\"@id\":\"https:\/\/souverainete-suisse.ch\/2026\/02\/quand-la-suisse-commence-a-copier-ceux-qui-declinent\/#primaryimage\"},\"thumbnailUrl\":\"https:\/\/souverainete-suisse.ch\/wp-content\/uploads\/2026\/02\/Maillard.jpeg\",\"datePublished\":\"2026-02-15T21:55:04+00:00\",\"description\":\"\u00e9forme des licenciements, Bilat\u00e9rales III et pression migratoire : la Suisse risque de rigidifier son march\u00e9 du travail au d\u00e9triment de sa flexibilit\u00e9, de ses PME et de son mod\u00e8le unique. Analyse des enjeux \u00e9conomiques, juridiques et mon\u00e9taires derri\u00e8re la transformation silencieuse du cadre helv\u00e9tique.\",\"breadcrumb\":{\"@id\":\"https:\/\/souverainete-suisse.ch\/2026\/02\/quand-la-suisse-commence-a-copier-ceux-qui-declinent\/#breadcrumb\"},\"inLanguage\":\"en-GB\",\"potentialAction\":[{\"@type\":\"ReadAction\",\"target\":[\"https:\/\/souverainete-suisse.ch\/2026\/02\/quand-la-suisse-commence-a-copier-ceux-qui-declinent\/\"]}]},{\"@type\":\"ImageObject\",\"inLanguage\":\"en-GB\",\"@id\":\"https:\/\/souverainete-suisse.ch\/2026\/02\/quand-la-suisse-commence-a-copier-ceux-qui-declinent\/#primaryimage\",\"url\":\"https:\/\/souverainete-suisse.ch\/wp-content\/uploads\/2026\/02\/Maillard.jpeg\",\"contentUrl\":\"https:\/\/souverainete-suisse.ch\/wp-content\/uploads\/2026\/02\/Maillard.jpeg\",\"width\":2048,\"height\":1365},{\"@type\":\"BreadcrumbList\",\"@id\":\"https:\/\/souverainete-suisse.ch\/2026\/02\/quand-la-suisse-commence-a-copier-ceux-qui-declinent\/#breadcrumb\",\"itemListElement\":[{\"@type\":\"ListItem\",\"position\":1,\"name\":\"Accueil\",\"item\":\"https:\/\/souverainete-suisse.ch\/\"},{\"@type\":\"ListItem\",\"position\":2,\"name\":\"Quand la Suisse commence \u00e0 copier ceux qui d\u00e9clinent\"}]},{\"@type\":\"WebSite\",\"@id\":\"https:\/\/souverainete-suisse.ch\/#website\",\"url\":\"https:\/\/souverainete-suisse.ch\/\",\"name\":\"Mouvement Souverainet\u00e9 Suisse\",\"description\":\"\",\"publisher\":{\"@id\":\"https:\/\/souverainete-suisse.ch\/#organization\"},\"potentialAction\":[{\"@type\":\"SearchAction\",\"target\":{\"@type\":\"EntryPoint\",\"urlTemplate\":\"https:\/\/souverainete-suisse.ch\/?s={search_term_string}\"},\"query-input\":{\"@type\":\"PropertyValueSpecification\",\"valueRequired\":true,\"valueName\":\"search_term_string\"}}],\"inLanguage\":\"en-GB\"},{\"@type\":\"Organization\",\"@id\":\"https:\/\/souverainete-suisse.ch\/#organization\",\"name\":\"Mouvement Souverainet\u00e9 Suisse\",\"url\":\"https:\/\/souverainete-suisse.ch\/\",\"logo\":{\"@type\":\"ImageObject\",\"inLanguage\":\"en-GB\",\"@id\":\"https:\/\/souverainete-suisse.ch\/#\/schema\/logo\/image\/\",\"url\":\"https:\/\/souverainete-suisse.ch\/wp-content\/uploads\/2025\/11\/logo.png\",\"contentUrl\":\"https:\/\/souverainete-suisse.ch\/wp-content\/uploads\/2025\/11\/logo.png\",\"width\":2053,\"height\":1461,\"caption\":\"Mouvement Souverainet\u00e9 Suisse\"},\"image\":{\"@id\":\"https:\/\/souverainete-suisse.ch\/#\/schema\/logo\/image\/\"}},{\"@type\":\"Person\",\"@id\":\"https:\/\/souverainete-suisse.ch\/#\/schema\/person\/b25acb547faec24a94d7215216d68cbf\",\"name\":\"ludom\",\"image\":{\"@type\":\"ImageObject\",\"inLanguage\":\"en-GB\",\"@id\":\"https:\/\/souverainete-suisse.ch\/#\/schema\/person\/image\/\",\"url\":\"https:\/\/secure.gravatar.com\/avatar\/77b40fd8e49e537abcea7487b290688ce92143c3443b1d3f419149c67282ffb4?s=96&d=mm&r=g\",\"contentUrl\":\"https:\/\/secure.gravatar.com\/avatar\/77b40fd8e49e537abcea7487b290688ce92143c3443b1d3f419149c67282ffb4?s=96&d=mm&r=g\",\"caption\":\"ludom\"},\"url\":\"http:\/\/souverainete-suisse.ch\/en\/author\/ludom\/\"}]}<\/script>\n<!-- \/ Yoast SEO plugin. -->","yoast_head_json":{"title":"When Switzerland starts copying those who decline - Mouvement Souverainet\u00e9 Suisse","description":"With redundancy reform, Bilaterals III and migratory pressure, Switzerland is in danger of making its labour market more rigid, to the detriment of its flexibility, its SMEs and its unique model. An analysis of the economic, legal and monetary issues behind the silent transformation of the Swiss framework.","robots":{"index":"index","follow":"follow","max-snippet":"max-snippet:-1","max-image-preview":"max-image-preview:large","max-video-preview":"max-video-preview:-1"},"canonical":"https:\/\/souverainete-suisse.ch\/en\/2026\/02\/when-switzerland-starts-copying-those-who-are-declining\/","og_locale":"en_GB","og_type":"article","og_title":"Quand la Suisse commence \u00e0 copier ceux qui d\u00e9clinent - Mouvement Souverainet\u00e9 Suisse","og_description":"\u00e9forme des licenciements, Bilat\u00e9rales III et pression migratoire : la Suisse risque de rigidifier son march\u00e9 du travail au d\u00e9triment de sa flexibilit\u00e9, de ses PME et de son mod\u00e8le unique. Analyse des enjeux \u00e9conomiques, juridiques et mon\u00e9taires derri\u00e8re la transformation silencieuse du cadre helv\u00e9tique.","og_url":"https:\/\/souverainete-suisse.ch\/en\/2026\/02\/when-switzerland-starts-copying-those-who-are-declining\/","og_site_name":"Mouvement Souverainet\u00e9 Suisse","article_published_time":"2026-02-15T21:55:04+00:00","og_image":[{"width":2048,"height":1365,"url":"https:\/\/souverainete-suisse.ch\/wp-content\/uploads\/2026\/02\/Maillard.jpeg","type":"image\/jpeg"}],"author":"ludom","twitter_card":"summary_large_image","twitter_misc":{"Written by":"ludom","Estimated reading time":"4 minutes"},"schema":{"@context":"https:\/\/schema.org","@graph":[{"@type":"Article","@id":"https:\/\/souverainete-suisse.ch\/2026\/02\/quand-la-suisse-commence-a-copier-ceux-qui-declinent\/#article","isPartOf":{"@id":"https:\/\/souverainete-suisse.ch\/2026\/02\/quand-la-suisse-commence-a-copier-ceux-qui-declinent\/"},"author":{"name":"ludom","@id":"https:\/\/souverainete-suisse.ch\/#\/schema\/person\/b25acb547faec24a94d7215216d68cbf"},"headline":"Quand la Suisse commence \u00e0 copier ceux qui d\u00e9clinent","datePublished":"2026-02-15T21:55:04+00:00","mainEntityOfPage":{"@id":"https:\/\/souverainete-suisse.ch\/2026\/02\/quand-la-suisse-commence-a-copier-ceux-qui-declinent\/"},"wordCount":817,"publisher":{"@id":"https:\/\/souverainete-suisse.ch\/#organization"},"image":{"@id":"https:\/\/souverainete-suisse.ch\/2026\/02\/quand-la-suisse-commence-a-copier-ceux-qui-declinent\/#primaryimage"},"thumbnailUrl":"https:\/\/souverainete-suisse.ch\/wp-content\/uploads\/2026\/02\/Maillard.jpeg","articleSection":["Politique int\u00e9rieure","UE"],"inLanguage":"en-GB"},{"@type":"WebPage","@id":"https:\/\/souverainete-suisse.ch\/2026\/02\/quand-la-suisse-commence-a-copier-ceux-qui-declinent\/","url":"https:\/\/souverainete-suisse.ch\/2026\/02\/quand-la-suisse-commence-a-copier-ceux-qui-declinent\/","name":"When Switzerland starts copying those who decline - Mouvement Souverainet\u00e9 Suisse","isPartOf":{"@id":"https:\/\/souverainete-suisse.ch\/#website"},"primaryImageOfPage":{"@id":"https:\/\/souverainete-suisse.ch\/2026\/02\/quand-la-suisse-commence-a-copier-ceux-qui-declinent\/#primaryimage"},"image":{"@id":"https:\/\/souverainete-suisse.ch\/2026\/02\/quand-la-suisse-commence-a-copier-ceux-qui-declinent\/#primaryimage"},"thumbnailUrl":"https:\/\/souverainete-suisse.ch\/wp-content\/uploads\/2026\/02\/Maillard.jpeg","datePublished":"2026-02-15T21:55:04+00:00","description":"With redundancy reform, Bilaterals III and migratory pressure, Switzerland is in danger of making its labour market more rigid, to the detriment of its flexibility, its SMEs and its unique model. An analysis of the economic, legal and monetary issues behind the silent transformation of the Swiss framework.","breadcrumb":{"@id":"https:\/\/souverainete-suisse.ch\/2026\/02\/quand-la-suisse-commence-a-copier-ceux-qui-declinent\/#breadcrumb"},"inLanguage":"en-GB","potentialAction":[{"@type":"ReadAction","target":["https:\/\/souverainete-suisse.ch\/2026\/02\/quand-la-suisse-commence-a-copier-ceux-qui-declinent\/"]}]},{"@type":"ImageObject","inLanguage":"en-GB","@id":"https:\/\/souverainete-suisse.ch\/2026\/02\/quand-la-suisse-commence-a-copier-ceux-qui-declinent\/#primaryimage","url":"https:\/\/souverainete-suisse.ch\/wp-content\/uploads\/2026\/02\/Maillard.jpeg","contentUrl":"https:\/\/souverainete-suisse.ch\/wp-content\/uploads\/2026\/02\/Maillard.jpeg","width":2048,"height":1365},{"@type":"BreadcrumbList","@id":"https:\/\/souverainete-suisse.ch\/2026\/02\/quand-la-suisse-commence-a-copier-ceux-qui-declinent\/#breadcrumb","itemListElement":[{"@type":"ListItem","position":1,"name":"Accueil","item":"https:\/\/souverainete-suisse.ch\/"},{"@type":"ListItem","position":2,"name":"Quand la Suisse commence \u00e0 copier ceux qui d\u00e9clinent"}]},{"@type":"WebSite","@id":"https:\/\/souverainete-suisse.ch\/#website","url":"https:\/\/souverainete-suisse.ch\/","name":"Swiss Sovereignty Movement","description":"","publisher":{"@id":"https:\/\/souverainete-suisse.ch\/#organization"},"potentialAction":[{"@type":"SearchAction","target":{"@type":"EntryPoint","urlTemplate":"https:\/\/souverainete-suisse.ch\/?s={search_term_string}"},"query-input":{"@type":"PropertyValueSpecification","valueRequired":true,"valueName":"search_term_string"}}],"inLanguage":"en-GB"},{"@type":"Organization","@id":"https:\/\/souverainete-suisse.ch\/#organization","name":"Swiss Sovereignty Movement","url":"https:\/\/souverainete-suisse.ch\/","logo":{"@type":"ImageObject","inLanguage":"en-GB","@id":"https:\/\/souverainete-suisse.ch\/#\/schema\/logo\/image\/","url":"https:\/\/souverainete-suisse.ch\/wp-content\/uploads\/2025\/11\/logo.png","contentUrl":"https:\/\/souverainete-suisse.ch\/wp-content\/uploads\/2025\/11\/logo.png","width":2053,"height":1461,"caption":"Mouvement Souverainet\u00e9 Suisse"},"image":{"@id":"https:\/\/souverainete-suisse.ch\/#\/schema\/logo\/image\/"}},{"@type":"Person","@id":"https:\/\/souverainete-suisse.ch\/#\/schema\/person\/b25acb547faec24a94d7215216d68cbf","name":"ludom","image":{"@type":"ImageObject","inLanguage":"en-GB","@id":"https:\/\/souverainete-suisse.ch\/#\/schema\/person\/image\/","url":"https:\/\/secure.gravatar.com\/avatar\/77b40fd8e49e537abcea7487b290688ce92143c3443b1d3f419149c67282ffb4?s=96&d=mm&r=g","contentUrl":"https:\/\/secure.gravatar.com\/avatar\/77b40fd8e49e537abcea7487b290688ce92143c3443b1d3f419149c67282ffb4?s=96&d=mm&r=g","caption":"ludom"},"url":"http:\/\/souverainete-suisse.ch\/en\/author\/ludom\/"}]}},"_links":{"self":[{"href":"http:\/\/souverainete-suisse.ch\/en\/wp-json\/wp\/v2\/posts\/877","targetHints":{"allow":["GET"]}}],"collection":[{"href":"http:\/\/souverainete-suisse.ch\/en\/wp-json\/wp\/v2\/posts"}],"about":[{"href":"http:\/\/souverainete-suisse.ch\/en\/wp-json\/wp\/v2\/types\/post"}],"author":[{"embeddable":true,"href":"http:\/\/souverainete-suisse.ch\/en\/wp-json\/wp\/v2\/users\/2"}],"replies":[{"embeddable":true,"href":"http:\/\/souverainete-suisse.ch\/en\/wp-json\/wp\/v2\/comments?post=877"}],"version-history":[{"count":1,"href":"http:\/\/souverainete-suisse.ch\/en\/wp-json\/wp\/v2\/posts\/877\/revisions"}],"predecessor-version":[{"id":879,"href":"http:\/\/souverainete-suisse.ch\/en\/wp-json\/wp\/v2\/posts\/877\/revisions\/879"}],"wp:featuredmedia":[{"embeddable":true,"href":"http:\/\/souverainete-suisse.ch\/en\/wp-json\/wp\/v2\/media\/878"}],"wp:attachment":[{"href":"http:\/\/souverainete-suisse.ch\/en\/wp-json\/wp\/v2\/media?parent=877"}],"wp:term":[{"taxonomy":"category","embeddable":true,"href":"http:\/\/souverainete-suisse.ch\/en\/wp-json\/wp\/v2\/categories?post=877"},{"taxonomy":"post_tag","embeddable":true,"href":"http:\/\/souverainete-suisse.ch\/en\/wp-json\/wp\/v2\/tags?post=877"}],"curies":[{"name":"wp","href":"https:\/\/api.w.org\/{rel}","templated":true}]}}