{"id":1114,"date":"2026-04-28T14:41:55","date_gmt":"2026-04-28T12:41:55","guid":{"rendered":"https:\/\/souverainete-suisse.ch\/?p=1114"},"modified":"2026-04-28T14:42:51","modified_gmt":"2026-04-28T12:42:51","slug":"1114","status":"publish","type":"post","link":"http:\/\/souverainete-suisse.ch\/en\/2026\/04\/1114\/","title":{"rendered":"\ud83c\udde8\ud83c\udded Berne, the rude awakening: when the rule of law fades before Big Pharma"},"content":{"rendered":"<header aria-label=\"Article Header\">\n<h1 class=\"reader-article-header__title\" dir=\"ltr\"><span data-scaffold-immersive-reader-title=\"\">\ud83c\udde8\ud83c\udded Berne, the rude awakening: when the rule of law fades before Big Pharma<\/span><\/h1>\n<\/header>\n<div class=\"relative reader__grid\">\n<div class=\"reader-author-info__container\">\n<div class=\"display-flex align-items-center justify-space-between\">\n<div class=\"reader-author-info__inner-container\">\n<div id=\"ember31\" class=\"artdeco-entity-lockup artdeco-entity-lockup--size-3 ember-view\">\n<div id=\"ember32\" class=\"artdeco-entity-lockup__image artdeco-entity-lockup__image--type-circle ember-view\">\n<div class=\"feed-shared-avatar-image b0\"><img decoding=\"async\" id=\"ember34\" class=\"avatar undefined EntityPhoto-circle-4 evi-image ember-view\" src=\"https:\/\/media.licdn.com\/dms\/image\/v2\/D4E03AQFFmL2iKSXiJQ\/profile-displayphoto-shrink_100_100\/profile-displayphoto-shrink_100_100\/0\/1710866307034?e=1778716800&amp;v=beta&amp;t=LwBYTJiAt1Px1lwRkpNCeQbLdBYyCnW8ozoXtMG2b70\" alt=\"Ludovic Malot\" \/><\/div>\n<\/div>\n<div id=\"ember35\" class=\"reader-author-info__content artdeco-entity-lockup__content ember-view\">\n<div id=\"ember36\" class=\"reader-author-info__author-lockup--flex artdeco-entity-lockup__title ember-view\"><\/div>\n<\/div>\n<\/div>\n<\/div>\n<\/div>\n<div class=\"mt4\">Opacity is no longer a crisis strategy; it has become a mode of governance. What has just been revealed in Bern by the ABF and National Councillor R\u00e9my Wyssmann is not a simple administrative blunder. It is institutional betrayal. Under the guise of a health emergency, the Confederation has transformed the Federal Palace into a commercial annex for the pharmaceutical industry, signing blank cheques with the money of those it claimed to protect.<\/div>\n<\/div>\n<div data-scaffold-immersive-reader-content=\"\">\n<div class=\"reader-article-content reader-article-content--content-blocks\" dir=\"ltr\">\n<div class=\"reader-content-blocks-container\">\n<h3 id=\"ember52\" class=\"ember-view reader-text-block__heading-3\">A legal hold-up at the taxpayer's expense<\/h3>\n<p id=\"ember53\" class=\"ember-view reader-text-block__paragraph\">The facts are there, etched into contracts that they tried to hide until the very end:<\/p>\n<ul>\n<li><strong>Total transfer of risk<\/strong> The state has agreed to bear the brunt in the event of side effects. The enormous profits of Moderna and Pfizer are being privatised, but the risks are being socialised. If you get sick, you pay; if the vaccine fails, you pay even more.<\/li>\n<li><strong>Embezzlement and negligence<\/strong> Billions of francs are being discussed that have vanished into leonine clauses. This is no longer public health management, it's wealth management for multinational corporations.<\/li>\n<li><strong>Disregard for sovereignty<\/strong> Parliament has been presented with a fait accompli, bypassed by agreements that circumvent the fundamental principles of our law.<\/li>\n<\/ul>\n<hr class=\"reader-divider-block__horizontal-rule\" \/>\n<h3 id=\"ember55\" class=\"ember-view reader-text-block__heading-3\">The Bernese Triangle: The Confederation, Gavi and the Vaccine Empire<\/h3>\n<p id=\"ember56\" class=\"ember-view reader-text-block__paragraph\">At the heart of this troubled architecture lies <strong>Gavi, the Vaccine Alliance<\/strong>. Based in Geneva, this international organisation benefits from a quasi-diplomatic status in Switzerland, offering it exorbitant tax immunity and privileges.<\/p>\n<p id=\"ember57\" class=\"ember-view reader-text-block__paragraph\">The link between the Confederation and Gavi is the Gordian knot of this scandal:<\/p>\n<ol>\n<li><strong>The Influence Hub<\/strong> Switzerland is not only Gavi's host; it is its financial and political arm. By massively funding this \u00abpartner\u00bb structure, Bern has delegated its vaccination strategy to a hybrid entity where private interests (notably the Gates Foundation) dictate the public agenda.<\/li>\n<li><strong>The Outsourcing of Responsibility:<\/strong> Gavi serves as a smokescreen. By going through these multilateral structures, the Confederation dilutes political responsibility. Agreements are signed in Geneva that are applied in Bern, without the citizen ever being able to hold these shadowy decision-makers accountable.<\/li>\n<li><strong>Conflict of Interest<\/strong> How can a state objectively regulate health products when it is itself the main promoter and funder of a platform (Gavi) whose sole aim is the mass distribution of these same products?<\/li>\n<\/ol>\n<h3 id=\"ember59\" class=\"ember-view reader-text-block__heading-3\">For a shame audit<\/h3>\n<p id=\"ember60\" class=\"ember-view reader-text-block__paragraph\">The time for veiled excuses under the gilded trappings of the Federal Council is over. The initiatives submitted must demand:<\/p>\n<ul>\n<li><strong>The immediate lifting of secrecy<\/strong> on the entirety of the exchanges between the FOPH and Gavi lobbyists.<\/li>\n<li><strong>The personal liability of executives<\/strong> Why would a civil servant be entitled to squander billions without ever being held accountable for their failures?<\/li>\n<li><strong>The end of complacency's immunity<\/strong> for international organisations that interfere with national health policy.<\/li>\n<\/ul>\n<p id=\"ember62\" class=\"ember-view reader-text-block__paragraph\">Switzerland prides itself on being a direct democracy. Today, it resembles a subsidiary whose board of directors has forgotten they are accountable to their shareholders: <strong>the people.<\/strong> The scandal is public, the response must be implacable.<\/p>\n<p id=\"ember63\" class=\"ember-view reader-text-block__paragraph\"><strong><em>Did this analysis resonate with you? Like and repost to help us reach a wider audience.<\/em><\/strong><\/p>\n<p id=\"ember64\" class=\"ember-view reader-text-block__paragraph\"><strong>What the media keeps silent about, we analyse. What Bern negotiates, we dissect. <\/strong><a class=\"xwxVfcRwnBUeGipgoiZPeKPJMrvzgAVqE\" tabindex=\"0\" href=\"https:\/\/souverainete-suisse.ch\/en\/\" target=\"_self\" data-test-app-aware-link=\"\"><strong>https:\/\/souverainete-suisse.ch\/<\/strong><\/a><\/p>\n<p id=\"ember65\" class=\"ember-view reader-text-block__paragraph\"><strong>We are the Guardians of Independence. Join the Swiss Sovereignty Movement. Not tomorrow. Not later - now.<\/strong><\/p>\n<\/div>\n<\/div>\n<\/div>\n<\/div>","protected":false},"excerpt":{"rendered":"<p>\ud83c\udde8\ud83c\udded Berne, le r\u00e9veil brutal : quand l\u2019\u00c9tat de droit s\u2019efface devant Big Pharma L\u2019opacit\u00e9 n\u2019est plus une strat\u00e9gie de crise, c\u2019est devenu un mode de gouvernance. Ce qui vient d\u2019\u00eatre r\u00e9v\u00e9l\u00e9 \u00e0 Berne par l\u2019ABF et le conseiller national R\u00e9my Wyssmann n\u2019est pas une simple maladresse administrative. C\u2019est une trahison institutionnelle. Sous couvert d\u2019urgence [&hellip;]<\/p>\n","protected":false},"author":3,"featured_media":1115,"comment_status":"closed","ping_status":"closed","sticky":false,"template":"","format":"standard","meta":{"footnotes":""},"categories":[8,36],"tags":[],"class_list":["post-1114","post","type-post","status-publish","format-standard","has-post-thumbnail","hentry","category-politique-interieure","category-sante"],"yoast_head":"<!-- This site is optimized with the Yoast SEO plugin v26.9 - https:\/\/yoast.com\/product\/yoast-seo-wordpress\/ -->\n<title>\ud83c\udde8\ud83c\udded Berne, le r\u00e9veil brutal : quand l\u2019\u00c9tat de droit s\u2019efface devant Big Pharma - Mouvement Souverainet\u00e9 Suisse<\/title>\n<meta name=\"description\" content=\"Berne sous tension : contrats opaques, risques transf\u00e9r\u00e9s et influence de Big Pharma. Une enqu\u00eate choc sur la gestion vaccinale suisse.\" \/>\n<meta name=\"robots\" content=\"index, follow, max-snippet:-1, max-image-preview:large, max-video-preview:-1\" \/>\n<link rel=\"canonical\" href=\"https:\/\/souverainete-suisse.ch\/en\/2026\/04\/1114\/\" \/>\n<meta property=\"og:locale\" content=\"en_GB\" \/>\n<meta property=\"og:type\" content=\"article\" \/>\n<meta property=\"og:title\" content=\"\ud83c\udde8\ud83c\udded Berne, le r\u00e9veil brutal : quand l\u2019\u00c9tat de droit s\u2019efface devant Big Pharma - Mouvement Souverainet\u00e9 Suisse\" \/>\n<meta property=\"og:description\" content=\"Berne sous tension : contrats opaques, risques transf\u00e9r\u00e9s et influence de Big Pharma. Une enqu\u00eate choc sur la gestion vaccinale suisse.\" \/>\n<meta property=\"og:url\" content=\"https:\/\/souverainete-suisse.ch\/en\/2026\/04\/1114\/\" \/>\n<meta property=\"og:site_name\" content=\"Mouvement Souverainet\u00e9 Suisse\" \/>\n<meta property=\"article:published_time\" content=\"2026-04-28T12:41:55+00:00\" \/>\n<meta property=\"article:modified_time\" content=\"2026-04-28T12:42:51+00:00\" \/>\n<meta property=\"og:image\" content=\"https:\/\/souverainete-suisse.ch\/wp-content\/uploads\/2026\/04\/1777275003824.jpeg\" \/>\n\t<meta property=\"og:image:width\" content=\"1280\" \/>\n\t<meta property=\"og:image:height\" content=\"720\" \/>\n\t<meta property=\"og:image:type\" content=\"image\/jpeg\" \/>\n<meta name=\"author\" content=\"Philippe Renaud\" \/>\n<meta name=\"twitter:card\" content=\"summary_large_image\" \/>\n<meta name=\"twitter:label1\" content=\"Written by\" \/>\n\t<meta name=\"twitter:data1\" content=\"Philippe Renaud\" \/>\n\t<meta name=\"twitter:label2\" content=\"Estimated reading time\" \/>\n\t<meta name=\"twitter:data2\" content=\"4 minutes\" \/>\n<script type=\"application\/ld+json\" class=\"yoast-schema-graph\">{\"@context\":\"https:\/\/schema.org\",\"@graph\":[{\"@type\":\"Article\",\"@id\":\"https:\/\/souverainete-suisse.ch\/2026\/04\/1114\/#article\",\"isPartOf\":{\"@id\":\"https:\/\/souverainete-suisse.ch\/2026\/04\/1114\/\"},\"author\":{\"name\":\"Philippe Renaud\",\"@id\":\"https:\/\/souverainete-suisse.ch\/#\/schema\/person\/fd126a65533b168ad053321f54cad987\"},\"headline\":\"\ud83c\udde8\ud83c\udded Berne, le r\u00e9veil brutal : quand l\u2019\u00c9tat de droit s\u2019efface devant Big Pharma\",\"datePublished\":\"2026-04-28T12:41:55+00:00\",\"dateModified\":\"2026-04-28T12:42:51+00:00\",\"mainEntityOfPage\":{\"@id\":\"https:\/\/souverainete-suisse.ch\/2026\/04\/1114\/\"},\"wordCount\":673,\"publisher\":{\"@id\":\"https:\/\/souverainete-suisse.ch\/#organization\"},\"image\":{\"@id\":\"https:\/\/souverainete-suisse.ch\/2026\/04\/1114\/#primaryimage\"},\"thumbnailUrl\":\"https:\/\/souverainete-suisse.ch\/wp-content\/uploads\/2026\/04\/1777275003824.jpeg\",\"articleSection\":[\"Politique int\u00e9rieure\",\"Sant\u00e9\"],\"inLanguage\":\"en-GB\"},{\"@type\":\"WebPage\",\"@id\":\"https:\/\/souverainete-suisse.ch\/2026\/04\/1114\/\",\"url\":\"https:\/\/souverainete-suisse.ch\/2026\/04\/1114\/\",\"name\":\"\ud83c\udde8\ud83c\udded Berne, le r\u00e9veil brutal : quand l\u2019\u00c9tat de droit s\u2019efface devant Big Pharma - Mouvement Souverainet\u00e9 Suisse\",\"isPartOf\":{\"@id\":\"https:\/\/souverainete-suisse.ch\/#website\"},\"primaryImageOfPage\":{\"@id\":\"https:\/\/souverainete-suisse.ch\/2026\/04\/1114\/#primaryimage\"},\"image\":{\"@id\":\"https:\/\/souverainete-suisse.ch\/2026\/04\/1114\/#primaryimage\"},\"thumbnailUrl\":\"https:\/\/souverainete-suisse.ch\/wp-content\/uploads\/2026\/04\/1777275003824.jpeg\",\"datePublished\":\"2026-04-28T12:41:55+00:00\",\"dateModified\":\"2026-04-28T12:42:51+00:00\",\"description\":\"Berne sous tension : contrats opaques, risques transf\u00e9r\u00e9s et influence de Big Pharma. Une enqu\u00eate choc sur la gestion vaccinale suisse.\",\"breadcrumb\":{\"@id\":\"https:\/\/souverainete-suisse.ch\/2026\/04\/1114\/#breadcrumb\"},\"inLanguage\":\"en-GB\",\"potentialAction\":[{\"@type\":\"ReadAction\",\"target\":[\"https:\/\/souverainete-suisse.ch\/2026\/04\/1114\/\"]}]},{\"@type\":\"ImageObject\",\"inLanguage\":\"en-GB\",\"@id\":\"https:\/\/souverainete-suisse.ch\/2026\/04\/1114\/#primaryimage\",\"url\":\"https:\/\/souverainete-suisse.ch\/wp-content\/uploads\/2026\/04\/1777275003824.jpeg\",\"contentUrl\":\"https:\/\/souverainete-suisse.ch\/wp-content\/uploads\/2026\/04\/1777275003824.jpeg\",\"width\":1280,\"height\":720,\"caption\":\"\ud83c\udde8\ud83c\udded Berne sous tension : contrats opaques, risques transf\u00e9r\u00e9s et influence de Big Pharma. Une enqu\u00eate choc sur la gestion vaccinale suisse.\"},{\"@type\":\"BreadcrumbList\",\"@id\":\"https:\/\/souverainete-suisse.ch\/2026\/04\/1114\/#breadcrumb\",\"itemListElement\":[{\"@type\":\"ListItem\",\"position\":1,\"name\":\"Accueil\",\"item\":\"https:\/\/souverainete-suisse.ch\/\"},{\"@type\":\"ListItem\",\"position\":2,\"name\":\"\ud83c\udde8\ud83c\udded Berne, le r\u00e9veil brutal : quand l\u2019\u00c9tat de droit s\u2019efface devant Big Pharma\"}]},{\"@type\":\"WebSite\",\"@id\":\"https:\/\/souverainete-suisse.ch\/#website\",\"url\":\"https:\/\/souverainete-suisse.ch\/\",\"name\":\"Mouvement Souverainet\u00e9 Suisse\",\"description\":\"\",\"publisher\":{\"@id\":\"https:\/\/souverainete-suisse.ch\/#organization\"},\"potentialAction\":[{\"@type\":\"SearchAction\",\"target\":{\"@type\":\"EntryPoint\",\"urlTemplate\":\"https:\/\/souverainete-suisse.ch\/?s={search_term_string}\"},\"query-input\":{\"@type\":\"PropertyValueSpecification\",\"valueRequired\":true,\"valueName\":\"search_term_string\"}}],\"inLanguage\":\"en-GB\"},{\"@type\":\"Organization\",\"@id\":\"https:\/\/souverainete-suisse.ch\/#organization\",\"name\":\"Mouvement Souverainet\u00e9 Suisse\",\"url\":\"https:\/\/souverainete-suisse.ch\/\",\"logo\":{\"@type\":\"ImageObject\",\"inLanguage\":\"en-GB\",\"@id\":\"https:\/\/souverainete-suisse.ch\/#\/schema\/logo\/image\/\",\"url\":\"https:\/\/souverainete-suisse.ch\/wp-content\/uploads\/2025\/11\/logo.png\",\"contentUrl\":\"https:\/\/souverainete-suisse.ch\/wp-content\/uploads\/2025\/11\/logo.png\",\"width\":2053,\"height\":1461,\"caption\":\"Mouvement Souverainet\u00e9 Suisse\"},\"image\":{\"@id\":\"https:\/\/souverainete-suisse.ch\/#\/schema\/logo\/image\/\"}},{\"@type\":\"Person\",\"@id\":\"https:\/\/souverainete-suisse.ch\/#\/schema\/person\/fd126a65533b168ad053321f54cad987\",\"name\":\"Philippe Renaud\",\"image\":{\"@type\":\"ImageObject\",\"inLanguage\":\"en-GB\",\"@id\":\"https:\/\/souverainete-suisse.ch\/#\/schema\/person\/image\/\",\"url\":\"https:\/\/secure.gravatar.com\/avatar\/ea457c55cfcfc8cbdb1077128f20033c33a8e982208b5ce9cc8eaeba2b6ff758?s=96&d=mm&r=g\",\"contentUrl\":\"https:\/\/secure.gravatar.com\/avatar\/ea457c55cfcfc8cbdb1077128f20033c33a8e982208b5ce9cc8eaeba2b6ff758?s=96&d=mm&r=g\",\"caption\":\"Philippe Renaud\"},\"url\":\"http:\/\/souverainete-suisse.ch\/en\/author\/philippe\/\"}]}<\/script>\n<!-- \/ Yoast SEO plugin. -->","yoast_head_json":{"title":"\ud83c\udde8\ud83c\udded Bern, the rude awakening: when the rule of law gives way to Big Pharma - Swiss Sovereignty Movement","description":"Under pressure: opaque contracts, transferred risks and Big Pharma's influence. A shocking investigation into Swiss vaccine management.","robots":{"index":"index","follow":"follow","max-snippet":"max-snippet:-1","max-image-preview":"max-image-preview:large","max-video-preview":"max-video-preview:-1"},"canonical":"https:\/\/souverainete-suisse.ch\/en\/2026\/04\/1114\/","og_locale":"en_GB","og_type":"article","og_title":"\ud83c\udde8\ud83c\udded Berne, le r\u00e9veil brutal : quand l\u2019\u00c9tat de droit s\u2019efface devant Big Pharma - Mouvement Souverainet\u00e9 Suisse","og_description":"Berne sous tension : contrats opaques, risques transf\u00e9r\u00e9s et influence de Big Pharma. Une enqu\u00eate choc sur la gestion vaccinale suisse.","og_url":"https:\/\/souverainete-suisse.ch\/en\/2026\/04\/1114\/","og_site_name":"Mouvement Souverainet\u00e9 Suisse","article_published_time":"2026-04-28T12:41:55+00:00","article_modified_time":"2026-04-28T12:42:51+00:00","og_image":[{"width":1280,"height":720,"url":"https:\/\/souverainete-suisse.ch\/wp-content\/uploads\/2026\/04\/1777275003824.jpeg","type":"image\/jpeg"}],"author":"Philippe Renaud","twitter_card":"summary_large_image","twitter_misc":{"Written by":"Philippe Renaud","Estimated reading time":"4 minutes"},"schema":{"@context":"https:\/\/schema.org","@graph":[{"@type":"Article","@id":"https:\/\/souverainete-suisse.ch\/2026\/04\/1114\/#article","isPartOf":{"@id":"https:\/\/souverainete-suisse.ch\/2026\/04\/1114\/"},"author":{"name":"Philippe Renaud","@id":"https:\/\/souverainete-suisse.ch\/#\/schema\/person\/fd126a65533b168ad053321f54cad987"},"headline":"\ud83c\udde8\ud83c\udded Berne, le r\u00e9veil brutal : quand l\u2019\u00c9tat de droit s\u2019efface devant Big Pharma","datePublished":"2026-04-28T12:41:55+00:00","dateModified":"2026-04-28T12:42:51+00:00","mainEntityOfPage":{"@id":"https:\/\/souverainete-suisse.ch\/2026\/04\/1114\/"},"wordCount":673,"publisher":{"@id":"https:\/\/souverainete-suisse.ch\/#organization"},"image":{"@id":"https:\/\/souverainete-suisse.ch\/2026\/04\/1114\/#primaryimage"},"thumbnailUrl":"https:\/\/souverainete-suisse.ch\/wp-content\/uploads\/2026\/04\/1777275003824.jpeg","articleSection":["Politique int\u00e9rieure","Sant\u00e9"],"inLanguage":"en-GB"},{"@type":"WebPage","@id":"https:\/\/souverainete-suisse.ch\/2026\/04\/1114\/","url":"https:\/\/souverainete-suisse.ch\/2026\/04\/1114\/","name":"\ud83c\udde8\ud83c\udded Bern, the rude awakening: when the rule of law gives way to Big Pharma - Swiss Sovereignty Movement","isPartOf":{"@id":"https:\/\/souverainete-suisse.ch\/#website"},"primaryImageOfPage":{"@id":"https:\/\/souverainete-suisse.ch\/2026\/04\/1114\/#primaryimage"},"image":{"@id":"https:\/\/souverainete-suisse.ch\/2026\/04\/1114\/#primaryimage"},"thumbnailUrl":"https:\/\/souverainete-suisse.ch\/wp-content\/uploads\/2026\/04\/1777275003824.jpeg","datePublished":"2026-04-28T12:41:55+00:00","dateModified":"2026-04-28T12:42:51+00:00","description":"Under pressure: opaque contracts, transferred risks and Big Pharma's influence. A shocking investigation into Swiss vaccine management.","breadcrumb":{"@id":"https:\/\/souverainete-suisse.ch\/2026\/04\/1114\/#breadcrumb"},"inLanguage":"en-GB","potentialAction":[{"@type":"ReadAction","target":["https:\/\/souverainete-suisse.ch\/2026\/04\/1114\/"]}]},{"@type":"ImageObject","inLanguage":"en-GB","@id":"https:\/\/souverainete-suisse.ch\/2026\/04\/1114\/#primaryimage","url":"https:\/\/souverainete-suisse.ch\/wp-content\/uploads\/2026\/04\/1777275003824.jpeg","contentUrl":"https:\/\/souverainete-suisse.ch\/wp-content\/uploads\/2026\/04\/1777275003824.jpeg","width":1280,"height":720,"caption":"\ud83c\udde8\ud83c\udded Berne sous tension : contrats opaques, risques transf\u00e9r\u00e9s et influence de Big Pharma. Une enqu\u00eate choc sur la gestion vaccinale suisse."},{"@type":"BreadcrumbList","@id":"https:\/\/souverainete-suisse.ch\/2026\/04\/1114\/#breadcrumb","itemListElement":[{"@type":"ListItem","position":1,"name":"Accueil","item":"https:\/\/souverainete-suisse.ch\/"},{"@type":"ListItem","position":2,"name":"\ud83c\udde8\ud83c\udded Berne, le r\u00e9veil brutal : quand l\u2019\u00c9tat de droit s\u2019efface devant Big Pharma"}]},{"@type":"WebSite","@id":"https:\/\/souverainete-suisse.ch\/#website","url":"https:\/\/souverainete-suisse.ch\/","name":"Swiss Sovereignty Movement","description":"","publisher":{"@id":"https:\/\/souverainete-suisse.ch\/#organization"},"potentialAction":[{"@type":"SearchAction","target":{"@type":"EntryPoint","urlTemplate":"https:\/\/souverainete-suisse.ch\/?s={search_term_string}"},"query-input":{"@type":"PropertyValueSpecification","valueRequired":true,"valueName":"search_term_string"}}],"inLanguage":"en-GB"},{"@type":"Organization","@id":"https:\/\/souverainete-suisse.ch\/#organization","name":"Swiss Sovereignty Movement","url":"https:\/\/souverainete-suisse.ch\/","logo":{"@type":"ImageObject","inLanguage":"en-GB","@id":"https:\/\/souverainete-suisse.ch\/#\/schema\/logo\/image\/","url":"https:\/\/souverainete-suisse.ch\/wp-content\/uploads\/2025\/11\/logo.png","contentUrl":"https:\/\/souverainete-suisse.ch\/wp-content\/uploads\/2025\/11\/logo.png","width":2053,"height":1461,"caption":"Mouvement Souverainet\u00e9 Suisse"},"image":{"@id":"https:\/\/souverainete-suisse.ch\/#\/schema\/logo\/image\/"}},{"@type":"Person","@id":"https:\/\/souverainete-suisse.ch\/#\/schema\/person\/fd126a65533b168ad053321f54cad987","name":"Philippe Renaud","image":{"@type":"ImageObject","inLanguage":"en-GB","@id":"https:\/\/souverainete-suisse.ch\/#\/schema\/person\/image\/","url":"https:\/\/secure.gravatar.com\/avatar\/ea457c55cfcfc8cbdb1077128f20033c33a8e982208b5ce9cc8eaeba2b6ff758?s=96&d=mm&r=g","contentUrl":"https:\/\/secure.gravatar.com\/avatar\/ea457c55cfcfc8cbdb1077128f20033c33a8e982208b5ce9cc8eaeba2b6ff758?s=96&d=mm&r=g","caption":"Philippe Renaud"},"url":"http:\/\/souverainete-suisse.ch\/en\/author\/philippe\/"}]}},"_links":{"self":[{"href":"http:\/\/souverainete-suisse.ch\/en\/wp-json\/wp\/v2\/posts\/1114","targetHints":{"allow":["GET"]}}],"collection":[{"href":"http:\/\/souverainete-suisse.ch\/en\/wp-json\/wp\/v2\/posts"}],"about":[{"href":"http:\/\/souverainete-suisse.ch\/en\/wp-json\/wp\/v2\/types\/post"}],"author":[{"embeddable":true,"href":"http:\/\/souverainete-suisse.ch\/en\/wp-json\/wp\/v2\/users\/3"}],"replies":[{"embeddable":true,"href":"http:\/\/souverainete-suisse.ch\/en\/wp-json\/wp\/v2\/comments?post=1114"}],"version-history":[{"count":2,"href":"http:\/\/souverainete-suisse.ch\/en\/wp-json\/wp\/v2\/posts\/1114\/revisions"}],"predecessor-version":[{"id":1117,"href":"http:\/\/souverainete-suisse.ch\/en\/wp-json\/wp\/v2\/posts\/1114\/revisions\/1117"}],"wp:featuredmedia":[{"embeddable":true,"href":"http:\/\/souverainete-suisse.ch\/en\/wp-json\/wp\/v2\/media\/1115"}],"wp:attachment":[{"href":"http:\/\/souverainete-suisse.ch\/en\/wp-json\/wp\/v2\/media?parent=1114"}],"wp:term":[{"taxonomy":"category","embeddable":true,"href":"http:\/\/souverainete-suisse.ch\/en\/wp-json\/wp\/v2\/categories?post=1114"},{"taxonomy":"post_tag","embeddable":true,"href":"http:\/\/souverainete-suisse.ch\/en\/wp-json\/wp\/v2\/tags?post=1114"}],"curies":[{"name":"wp","href":"https:\/\/api.w.org\/{rel}","templated":true}]}}