{"id":1109,"date":"2026-04-26T21:39:32","date_gmt":"2026-04-26T19:39:32","guid":{"rendered":"https:\/\/souverainete-suisse.ch\/?p=1109"},"modified":"2026-04-26T21:39:32","modified_gmt":"2026-04-26T19:39:32","slug":"on-june-14th-were-getting-the-keys-to-our-house","status":"publish","type":"post","link":"http:\/\/souverainete-suisse.ch\/en\/2026\/04\/on-june-14th-were-getting-the-keys-to-our-house\/","title":{"rendered":"14 June: Let's take back the keys to our home"},"content":{"rendered":"<header aria-label=\"Article Header\">\n<h1 class=\"reader-article-header__title\" dir=\"ltr\"><span style=\"font-size: 16px;\">The time for half-measures and polite salon talk is over. As the people are called to the polls on <\/span><strong style=\"font-size: 16px;\">14 June 2026<\/strong><span style=\"font-size: 16px;\">, the issue goes beyond simple statistics: it is the very soul of Switzerland, its Christian roots and its model of freedom that are threatened with dissolution.<\/span><\/h1>\n<\/header>\n<div class=\"relative reader__grid\">\n<div data-scaffold-immersive-reader-content=\"\">\n<div class=\"reader-article-content reader-article-content--content-blocks\" dir=\"ltr\">\n<div class=\"reader-content-blocks-container\">\n<h3 id=\"ember51\" class=\"ember-view reader-text-block__heading-3\">1. Swiss identity facing cultural shock<\/h3>\n<p id=\"ember52\" class=\"ember-view reader-text-block__paragraph\">Switzerland is not an interchangeable free zone. Our nation is built on foundations of individual responsibility and solidarity which are in direct opposition to the expansion of communalism stemming from mass immigration.<\/p>\n<ul>\n<li><strong>Social fracture:<\/strong> By renouncing the requirement for true assimilation, we allow for an explosive cultural face-off.<\/li>\n<li><strong>Confessional peace<\/strong> The unity of the Confederation is weakened by the forgetting of our ancestral values.<\/li>\n<\/ul>\n<h3 id=\"ember54\" class=\"ember-view reader-text-block__heading-3\">2. The success of sovereignty: Proof by numbers<\/h3>\n<p id=\"ember55\" class=\"ember-view reader-text-block__paragraph\">Against the rhetoric of Euro-fanatics, the economic reality is damning: <strong>Independence creates wealth.<\/strong><\/p>\n<ul>\n<li><strong>Switzerland<\/strong> Nominal GDP per capita of over <strong>105 000 \u20ac<\/strong>.<\/li>\n<li><strong>Germany (EU):<\/strong> Ceiling light <strong>55 000 \u20ac<\/strong>.<\/li>\n<\/ul>\n<h3 id=\"ember57\" class=\"ember-view reader-text-block__heading-3\">3. 25 Years of Free Movement: The Assessment of a Disaster<\/h3>\n<div class=\"reader-image-block reader-image-block--full-width\">\n<figure class=\"reader-image-block__figure\">\n<div class=\"ivm-image-view-model    reader-image-block__img-container\">\n<div class=\"ivm-view-attr__img-wrapper\"><img decoding=\"async\" id=\"ember58\" class=\"ivm-view-attr__img--centered  reader-image-block__img evi-image lazy-image ember-view\" src=\"https:\/\/media.licdn.com\/dms\/image\/v2\/D4E12AQHCIHwdCkWtBg\/article-inline_image-shrink_1000_1488\/B4EZ2wOH68KEAQ-\/0\/1776777986716?e=1778716800&amp;v=beta&amp;t=qVJZhJjliBEROs2qpeqyl3y5-OSwbRJ6TJsmx-cZ2ng\" alt=\"Content of the article\" \/><\/div>\n<\/div><figcaption class=\"reader-image-block__figure-image-caption display-block full-width text-body-small-open t-sans text-align-center t-black--light\">Free movement: the balance sheet of a national disaster before June 14th<\/figcaption><\/figure>\n<\/div>\n<h3 id=\"ember59\" class=\"ember-view reader-text-block__heading-3\">Break the tax racket and the fear<\/h3>\n<p id=\"ember60\" class=\"ember-view reader-text-block__paragraph\">To mask this disaster, supporters of the status quo are multiplying \u00abeco\u00bb taxes and disguised levies. They wave the spectre of \u00abchaos\u00bb in the event of the initiative's victory, when they themselves are the arsonists of our national cohesion.<\/p>\n<h3 id=\"ember61\" class=\"ember-view reader-text-block__heading-3\">Conclusion: The Choice of a Destiny<\/h3>\n<p id=\"ember62\" class=\"ember-view reader-text-block__paragraph\">On 14 June, the vote isn't about petty local disputes or editorial pressure. It's about deciding whether Switzerland should remain Switzerland or become a soulless administrative zone.<\/p>\n<p id=\"ember63\" class=\"ember-view reader-text-block__paragraph\">Vote for the initiative <strong>\u00abNo to a Switzerland of 10 million!\u00bb<\/strong>, that is:<\/p>\n<ol>\n<li><strong>Refuse<\/strong> The impoverishment of the middle class.<\/li>\n<li><strong>Require<\/strong> that our social system protects our own people first.<\/li>\n<li><strong>Defend<\/strong> Our freedom in the face of European decline.<\/li>\n<\/ol>\n<p id=\"ember65\" class=\"ember-view reader-text-block__paragraph\"><strong>On June 14th, let's give Switzerland back its future. Let's save our homeland.<\/strong><\/p>\n<p id=\"ember66\" class=\"ember-view reader-text-block__paragraph\"><strong>Faced with the contempt of the elites, let the voice of real Switzerland be heard. Like, repost and spread this message everywhere: the future of our homeland depends on it!<\/strong><\/p>\n<p id=\"ember67\" class=\"ember-view reader-text-block__paragraph\"><strong>What the media keeps silent about, we analyse. What Bern negotiates, we dissect. <\/strong><a class=\"xwxVfcRwnBUeGipgoiZPeKPJMrvzgAVqE\" tabindex=\"0\" href=\"https:\/\/souverainete-suisse.ch\/en\/\" target=\"_self\" data-test-app-aware-link=\"\"><strong>https:\/\/souverainete-suisse.ch\/<\/strong><\/a><\/p>\n<p id=\"ember68\" class=\"ember-view reader-text-block__paragraph\"><strong>We are the Guardians of Independence. Join the Swiss Sovereignty Movement. Not tomorrow. Not later - now.<\/strong><\/p>\n<\/div>\n<\/div>\n<\/div>\n<\/div>","protected":false},"excerpt":{"rendered":"<p>L\u2019heure n\u2019est plus aux demi-mesures ni aux politesses de salon. Alors que le peuple est appel\u00e9 aux urnes le 14 juin 2026, l\u2019enjeu d\u00e9passe les simples statistiques : c\u2019est l\u2019\u00e2me m\u00eame de la Suisse, ses racines chr\u00e9tiennes et son mod\u00e8le de libert\u00e9 qui sont menac\u00e9s de dissolution. 1. L\u2019identit\u00e9 helv\u00e9tique face au choc culturel La [&hellip;]<\/p>\n","protected":false},"author":3,"featured_media":1108,"comment_status":"closed","ping_status":"closed","sticky":false,"template":"","format":"standard","meta":{"footnotes":""},"categories":[10],"tags":[],"class_list":["post-1109","post","type-post","status-publish","format-standard","has-post-thumbnail","hentry","category-referendums"],"yoast_head":"<!-- This site is optimized with the Yoast SEO plugin v26.9 - https:\/\/yoast.com\/product\/yoast-seo-wordpress\/ -->\n<title>\ud83c\udde8\ud83c\udded Le 14 juin : Reprenons les cl\u00e9s de notre maison - Mouvement Souverainet\u00e9 Suisse<\/title>\n<meta name=\"description\" content=\"Vote du 14 juin 2026 en Suisse : immigration, souverainet\u00e9 et \u00e9conomie. D\u00e9cryptage des enjeux autour de l\u2019initiative \u00ab Pas de Suisse \u00e0 10 millions \u00bb.\" \/>\n<meta name=\"robots\" content=\"index, follow, max-snippet:-1, max-image-preview:large, max-video-preview:-1\" \/>\n<link rel=\"canonical\" href=\"https:\/\/souverainete-suisse.ch\/en\/2026\/04\/on-june-14th-were-getting-the-keys-to-our-house\/\" \/>\n<meta property=\"og:locale\" content=\"en_GB\" \/>\n<meta property=\"og:type\" content=\"article\" \/>\n<meta property=\"og:title\" content=\"\ud83c\udde8\ud83c\udded Le 14 juin : Reprenons les cl\u00e9s de notre maison - Mouvement Souverainet\u00e9 Suisse\" \/>\n<meta property=\"og:description\" content=\"Vote du 14 juin 2026 en Suisse : immigration, souverainet\u00e9 et \u00e9conomie. D\u00e9cryptage des enjeux autour de l\u2019initiative \u00ab Pas de Suisse \u00e0 10 millions \u00bb.\" \/>\n<meta property=\"og:url\" content=\"https:\/\/souverainete-suisse.ch\/en\/2026\/04\/on-june-14th-were-getting-the-keys-to-our-house\/\" \/>\n<meta property=\"og:site_name\" content=\"Mouvement Souverainet\u00e9 Suisse\" \/>\n<meta property=\"article:published_time\" content=\"2026-04-26T19:39:32+00:00\" \/>\n<meta property=\"og:image\" content=\"https:\/\/souverainete-suisse.ch\/wp-content\/uploads\/2026\/04\/1776778356630.jpeg\" \/>\n\t<meta property=\"og:image:width\" content=\"1279\" \/>\n\t<meta property=\"og:image:height\" content=\"720\" \/>\n\t<meta property=\"og:image:type\" content=\"image\/jpeg\" \/>\n<meta name=\"author\" content=\"Philippe Renaud\" \/>\n<meta name=\"twitter:card\" content=\"summary_large_image\" \/>\n<meta name=\"twitter:label1\" content=\"Written by\" \/>\n\t<meta name=\"twitter:data1\" content=\"Philippe Renaud\" \/>\n\t<meta name=\"twitter:label2\" content=\"Estimated reading time\" \/>\n\t<meta name=\"twitter:data2\" content=\"3 minutes\" \/>\n<script type=\"application\/ld+json\" class=\"yoast-schema-graph\">{\"@context\":\"https:\/\/schema.org\",\"@graph\":[{\"@type\":\"Article\",\"@id\":\"https:\/\/souverainete-suisse.ch\/2026\/04\/%f0%9f%87%a8%f0%9f%87%ad-le-14-juin-reprenons-les-cles-de-notre-maison\/#article\",\"isPartOf\":{\"@id\":\"https:\/\/souverainete-suisse.ch\/2026\/04\/%f0%9f%87%a8%f0%9f%87%ad-le-14-juin-reprenons-les-cles-de-notre-maison\/\"},\"author\":{\"name\":\"Philippe Renaud\",\"@id\":\"https:\/\/souverainete-suisse.ch\/#\/schema\/person\/fd126a65533b168ad053321f54cad987\"},\"headline\":\"\ud83c\udde8\ud83c\udded Le 14 juin : Reprenons les cl\u00e9s de notre maison\",\"datePublished\":\"2026-04-26T19:39:32+00:00\",\"mainEntityOfPage\":{\"@id\":\"https:\/\/souverainete-suisse.ch\/2026\/04\/%f0%9f%87%a8%f0%9f%87%ad-le-14-juin-reprenons-les-cles-de-notre-maison\/\"},\"wordCount\":427,\"publisher\":{\"@id\":\"https:\/\/souverainete-suisse.ch\/#organization\"},\"image\":{\"@id\":\"https:\/\/souverainete-suisse.ch\/2026\/04\/%f0%9f%87%a8%f0%9f%87%ad-le-14-juin-reprenons-les-cles-de-notre-maison\/#primaryimage\"},\"thumbnailUrl\":\"https:\/\/souverainete-suisse.ch\/wp-content\/uploads\/2026\/04\/1776778356630.jpeg\",\"articleSection\":[\"R\u00e9f\u00e9rendums\"],\"inLanguage\":\"en-GB\"},{\"@type\":\"WebPage\",\"@id\":\"https:\/\/souverainete-suisse.ch\/2026\/04\/%f0%9f%87%a8%f0%9f%87%ad-le-14-juin-reprenons-les-cles-de-notre-maison\/\",\"url\":\"https:\/\/souverainete-suisse.ch\/2026\/04\/%f0%9f%87%a8%f0%9f%87%ad-le-14-juin-reprenons-les-cles-de-notre-maison\/\",\"name\":\"\ud83c\udde8\ud83c\udded Le 14 juin : Reprenons les cl\u00e9s de notre maison - Mouvement Souverainet\u00e9 Suisse\",\"isPartOf\":{\"@id\":\"https:\/\/souverainete-suisse.ch\/#website\"},\"primaryImageOfPage\":{\"@id\":\"https:\/\/souverainete-suisse.ch\/2026\/04\/%f0%9f%87%a8%f0%9f%87%ad-le-14-juin-reprenons-les-cles-de-notre-maison\/#primaryimage\"},\"image\":{\"@id\":\"https:\/\/souverainete-suisse.ch\/2026\/04\/%f0%9f%87%a8%f0%9f%87%ad-le-14-juin-reprenons-les-cles-de-notre-maison\/#primaryimage\"},\"thumbnailUrl\":\"https:\/\/souverainete-suisse.ch\/wp-content\/uploads\/2026\/04\/1776778356630.jpeg\",\"datePublished\":\"2026-04-26T19:39:32+00:00\",\"description\":\"Vote du 14 juin 2026 en Suisse : immigration, souverainet\u00e9 et \u00e9conomie. D\u00e9cryptage des enjeux autour de l\u2019initiative \u00ab Pas de Suisse \u00e0 10 millions \u00bb.\",\"breadcrumb\":{\"@id\":\"https:\/\/souverainete-suisse.ch\/2026\/04\/%f0%9f%87%a8%f0%9f%87%ad-le-14-juin-reprenons-les-cles-de-notre-maison\/#breadcrumb\"},\"inLanguage\":\"en-GB\",\"potentialAction\":[{\"@type\":\"ReadAction\",\"target\":[\"https:\/\/souverainete-suisse.ch\/2026\/04\/%f0%9f%87%a8%f0%9f%87%ad-le-14-juin-reprenons-les-cles-de-notre-maison\/\"]}]},{\"@type\":\"ImageObject\",\"inLanguage\":\"en-GB\",\"@id\":\"https:\/\/souverainete-suisse.ch\/2026\/04\/%f0%9f%87%a8%f0%9f%87%ad-le-14-juin-reprenons-les-cles-de-notre-maison\/#primaryimage\",\"url\":\"https:\/\/souverainete-suisse.ch\/wp-content\/uploads\/2026\/04\/1776778356630.jpeg\",\"contentUrl\":\"https:\/\/souverainete-suisse.ch\/wp-content\/uploads\/2026\/04\/1776778356630.jpeg\",\"width\":1279,\"height\":720},{\"@type\":\"BreadcrumbList\",\"@id\":\"https:\/\/souverainete-suisse.ch\/2026\/04\/%f0%9f%87%a8%f0%9f%87%ad-le-14-juin-reprenons-les-cles-de-notre-maison\/#breadcrumb\",\"itemListElement\":[{\"@type\":\"ListItem\",\"position\":1,\"name\":\"Accueil\",\"item\":\"https:\/\/souverainete-suisse.ch\/\"},{\"@type\":\"ListItem\",\"position\":2,\"name\":\"\ud83c\udde8\ud83c\udded Le 14 juin : Reprenons les cl\u00e9s de notre maison\"}]},{\"@type\":\"WebSite\",\"@id\":\"https:\/\/souverainete-suisse.ch\/#website\",\"url\":\"https:\/\/souverainete-suisse.ch\/\",\"name\":\"Mouvement Souverainet\u00e9 Suisse\",\"description\":\"\",\"publisher\":{\"@id\":\"https:\/\/souverainete-suisse.ch\/#organization\"},\"potentialAction\":[{\"@type\":\"SearchAction\",\"target\":{\"@type\":\"EntryPoint\",\"urlTemplate\":\"https:\/\/souverainete-suisse.ch\/?s={search_term_string}\"},\"query-input\":{\"@type\":\"PropertyValueSpecification\",\"valueRequired\":true,\"valueName\":\"search_term_string\"}}],\"inLanguage\":\"en-GB\"},{\"@type\":\"Organization\",\"@id\":\"https:\/\/souverainete-suisse.ch\/#organization\",\"name\":\"Mouvement Souverainet\u00e9 Suisse\",\"url\":\"https:\/\/souverainete-suisse.ch\/\",\"logo\":{\"@type\":\"ImageObject\",\"inLanguage\":\"en-GB\",\"@id\":\"https:\/\/souverainete-suisse.ch\/#\/schema\/logo\/image\/\",\"url\":\"https:\/\/souverainete-suisse.ch\/wp-content\/uploads\/2025\/11\/logo.png\",\"contentUrl\":\"https:\/\/souverainete-suisse.ch\/wp-content\/uploads\/2025\/11\/logo.png\",\"width\":2053,\"height\":1461,\"caption\":\"Mouvement Souverainet\u00e9 Suisse\"},\"image\":{\"@id\":\"https:\/\/souverainete-suisse.ch\/#\/schema\/logo\/image\/\"}},{\"@type\":\"Person\",\"@id\":\"https:\/\/souverainete-suisse.ch\/#\/schema\/person\/fd126a65533b168ad053321f54cad987\",\"name\":\"Philippe Renaud\",\"image\":{\"@type\":\"ImageObject\",\"inLanguage\":\"en-GB\",\"@id\":\"https:\/\/souverainete-suisse.ch\/#\/schema\/person\/image\/\",\"url\":\"https:\/\/secure.gravatar.com\/avatar\/ea457c55cfcfc8cbdb1077128f20033c33a8e982208b5ce9cc8eaeba2b6ff758?s=96&d=mm&r=g\",\"contentUrl\":\"https:\/\/secure.gravatar.com\/avatar\/ea457c55cfcfc8cbdb1077128f20033c33a8e982208b5ce9cc8eaeba2b6ff758?s=96&d=mm&r=g\",\"caption\":\"Philippe Renaud\"},\"url\":\"http:\/\/souverainete-suisse.ch\/en\/author\/philippe\/\"}]}<\/script>\n<!-- \/ Yoast SEO plugin. -->","yoast_head_json":{"title":"14 June: Let's take back the keys to our home - Swiss Sovereignty Movement","description":"Vote of 14 June 2026 in Switzerland: immigration, sovereignty and the economy. Analysis of the issues surrounding the \u00abNo to 10 Million Swiss\u00bb initiative.","robots":{"index":"index","follow":"follow","max-snippet":"max-snippet:-1","max-image-preview":"max-image-preview:large","max-video-preview":"max-video-preview:-1"},"canonical":"https:\/\/souverainete-suisse.ch\/en\/2026\/04\/on-june-14th-were-getting-the-keys-to-our-house\/","og_locale":"en_GB","og_type":"article","og_title":"\ud83c\udde8\ud83c\udded Le 14 juin : Reprenons les cl\u00e9s de notre maison - Mouvement Souverainet\u00e9 Suisse","og_description":"Vote du 14 juin 2026 en Suisse : immigration, souverainet\u00e9 et \u00e9conomie. D\u00e9cryptage des enjeux autour de l\u2019initiative \u00ab Pas de Suisse \u00e0 10 millions \u00bb.","og_url":"https:\/\/souverainete-suisse.ch\/en\/2026\/04\/on-june-14th-were-getting-the-keys-to-our-house\/","og_site_name":"Mouvement Souverainet\u00e9 Suisse","article_published_time":"2026-04-26T19:39:32+00:00","og_image":[{"width":1279,"height":720,"url":"https:\/\/souverainete-suisse.ch\/wp-content\/uploads\/2026\/04\/1776778356630.jpeg","type":"image\/jpeg"}],"author":"Philippe Renaud","twitter_card":"summary_large_image","twitter_misc":{"Written by":"Philippe Renaud","Estimated reading time":"3 minutes"},"schema":{"@context":"https:\/\/schema.org","@graph":[{"@type":"Article","@id":"https:\/\/souverainete-suisse.ch\/2026\/04\/%f0%9f%87%a8%f0%9f%87%ad-le-14-juin-reprenons-les-cles-de-notre-maison\/#article","isPartOf":{"@id":"https:\/\/souverainete-suisse.ch\/2026\/04\/%f0%9f%87%a8%f0%9f%87%ad-le-14-juin-reprenons-les-cles-de-notre-maison\/"},"author":{"name":"Philippe Renaud","@id":"https:\/\/souverainete-suisse.ch\/#\/schema\/person\/fd126a65533b168ad053321f54cad987"},"headline":"\ud83c\udde8\ud83c\udded Le 14 juin : Reprenons les cl\u00e9s de notre maison","datePublished":"2026-04-26T19:39:32+00:00","mainEntityOfPage":{"@id":"https:\/\/souverainete-suisse.ch\/2026\/04\/%f0%9f%87%a8%f0%9f%87%ad-le-14-juin-reprenons-les-cles-de-notre-maison\/"},"wordCount":427,"publisher":{"@id":"https:\/\/souverainete-suisse.ch\/#organization"},"image":{"@id":"https:\/\/souverainete-suisse.ch\/2026\/04\/%f0%9f%87%a8%f0%9f%87%ad-le-14-juin-reprenons-les-cles-de-notre-maison\/#primaryimage"},"thumbnailUrl":"https:\/\/souverainete-suisse.ch\/wp-content\/uploads\/2026\/04\/1776778356630.jpeg","articleSection":["R\u00e9f\u00e9rendums"],"inLanguage":"en-GB"},{"@type":"WebPage","@id":"https:\/\/souverainete-suisse.ch\/2026\/04\/%f0%9f%87%a8%f0%9f%87%ad-le-14-juin-reprenons-les-cles-de-notre-maison\/","url":"https:\/\/souverainete-suisse.ch\/2026\/04\/%f0%9f%87%a8%f0%9f%87%ad-le-14-juin-reprenons-les-cles-de-notre-maison\/","name":"14 June: Let's take back the keys to our home - Swiss Sovereignty Movement","isPartOf":{"@id":"https:\/\/souverainete-suisse.ch\/#website"},"primaryImageOfPage":{"@id":"https:\/\/souverainete-suisse.ch\/2026\/04\/%f0%9f%87%a8%f0%9f%87%ad-le-14-juin-reprenons-les-cles-de-notre-maison\/#primaryimage"},"image":{"@id":"https:\/\/souverainete-suisse.ch\/2026\/04\/%f0%9f%87%a8%f0%9f%87%ad-le-14-juin-reprenons-les-cles-de-notre-maison\/#primaryimage"},"thumbnailUrl":"https:\/\/souverainete-suisse.ch\/wp-content\/uploads\/2026\/04\/1776778356630.jpeg","datePublished":"2026-04-26T19:39:32+00:00","description":"Vote of 14 June 2026 in Switzerland: immigration, sovereignty and the economy. Analysis of the issues surrounding the \u00abNo to 10 Million Swiss\u00bb initiative.","breadcrumb":{"@id":"https:\/\/souverainete-suisse.ch\/2026\/04\/%f0%9f%87%a8%f0%9f%87%ad-le-14-juin-reprenons-les-cles-de-notre-maison\/#breadcrumb"},"inLanguage":"en-GB","potentialAction":[{"@type":"ReadAction","target":["https:\/\/souverainete-suisse.ch\/2026\/04\/%f0%9f%87%a8%f0%9f%87%ad-le-14-juin-reprenons-les-cles-de-notre-maison\/"]}]},{"@type":"ImageObject","inLanguage":"en-GB","@id":"https:\/\/souverainete-suisse.ch\/2026\/04\/%f0%9f%87%a8%f0%9f%87%ad-le-14-juin-reprenons-les-cles-de-notre-maison\/#primaryimage","url":"https:\/\/souverainete-suisse.ch\/wp-content\/uploads\/2026\/04\/1776778356630.jpeg","contentUrl":"https:\/\/souverainete-suisse.ch\/wp-content\/uploads\/2026\/04\/1776778356630.jpeg","width":1279,"height":720},{"@type":"BreadcrumbList","@id":"https:\/\/souverainete-suisse.ch\/2026\/04\/%f0%9f%87%a8%f0%9f%87%ad-le-14-juin-reprenons-les-cles-de-notre-maison\/#breadcrumb","itemListElement":[{"@type":"ListItem","position":1,"name":"Accueil","item":"https:\/\/souverainete-suisse.ch\/"},{"@type":"ListItem","position":2,"name":"\ud83c\udde8\ud83c\udded Le 14 juin : Reprenons les cl\u00e9s de notre maison"}]},{"@type":"WebSite","@id":"https:\/\/souverainete-suisse.ch\/#website","url":"https:\/\/souverainete-suisse.ch\/","name":"Swiss Sovereignty Movement","description":"","publisher":{"@id":"https:\/\/souverainete-suisse.ch\/#organization"},"potentialAction":[{"@type":"SearchAction","target":{"@type":"EntryPoint","urlTemplate":"https:\/\/souverainete-suisse.ch\/?s={search_term_string}"},"query-input":{"@type":"PropertyValueSpecification","valueRequired":true,"valueName":"search_term_string"}}],"inLanguage":"en-GB"},{"@type":"Organization","@id":"https:\/\/souverainete-suisse.ch\/#organization","name":"Swiss Sovereignty Movement","url":"https:\/\/souverainete-suisse.ch\/","logo":{"@type":"ImageObject","inLanguage":"en-GB","@id":"https:\/\/souverainete-suisse.ch\/#\/schema\/logo\/image\/","url":"https:\/\/souverainete-suisse.ch\/wp-content\/uploads\/2025\/11\/logo.png","contentUrl":"https:\/\/souverainete-suisse.ch\/wp-content\/uploads\/2025\/11\/logo.png","width":2053,"height":1461,"caption":"Mouvement Souverainet\u00e9 Suisse"},"image":{"@id":"https:\/\/souverainete-suisse.ch\/#\/schema\/logo\/image\/"}},{"@type":"Person","@id":"https:\/\/souverainete-suisse.ch\/#\/schema\/person\/fd126a65533b168ad053321f54cad987","name":"Philippe Renaud","image":{"@type":"ImageObject","inLanguage":"en-GB","@id":"https:\/\/souverainete-suisse.ch\/#\/schema\/person\/image\/","url":"https:\/\/secure.gravatar.com\/avatar\/ea457c55cfcfc8cbdb1077128f20033c33a8e982208b5ce9cc8eaeba2b6ff758?s=96&d=mm&r=g","contentUrl":"https:\/\/secure.gravatar.com\/avatar\/ea457c55cfcfc8cbdb1077128f20033c33a8e982208b5ce9cc8eaeba2b6ff758?s=96&d=mm&r=g","caption":"Philippe Renaud"},"url":"http:\/\/souverainete-suisse.ch\/en\/author\/philippe\/"}]}},"_links":{"self":[{"href":"http:\/\/souverainete-suisse.ch\/en\/wp-json\/wp\/v2\/posts\/1109","targetHints":{"allow":["GET"]}}],"collection":[{"href":"http:\/\/souverainete-suisse.ch\/en\/wp-json\/wp\/v2\/posts"}],"about":[{"href":"http:\/\/souverainete-suisse.ch\/en\/wp-json\/wp\/v2\/types\/post"}],"author":[{"embeddable":true,"href":"http:\/\/souverainete-suisse.ch\/en\/wp-json\/wp\/v2\/users\/3"}],"replies":[{"embeddable":true,"href":"http:\/\/souverainete-suisse.ch\/en\/wp-json\/wp\/v2\/comments?post=1109"}],"version-history":[{"count":1,"href":"http:\/\/souverainete-suisse.ch\/en\/wp-json\/wp\/v2\/posts\/1109\/revisions"}],"predecessor-version":[{"id":1110,"href":"http:\/\/souverainete-suisse.ch\/en\/wp-json\/wp\/v2\/posts\/1109\/revisions\/1110"}],"wp:featuredmedia":[{"embeddable":true,"href":"http:\/\/souverainete-suisse.ch\/en\/wp-json\/wp\/v2\/media\/1108"}],"wp:attachment":[{"href":"http:\/\/souverainete-suisse.ch\/en\/wp-json\/wp\/v2\/media?parent=1109"}],"wp:term":[{"taxonomy":"category","embeddable":true,"href":"http:\/\/souverainete-suisse.ch\/en\/wp-json\/wp\/v2\/categories?post=1109"},{"taxonomy":"post_tag","embeddable":true,"href":"http:\/\/souverainete-suisse.ch\/en\/wp-json\/wp\/v2\/tags?post=1109"}],"curies":[{"name":"wp","href":"https:\/\/api.w.org\/{rel}","templated":true}]}}