{"id":1102,"date":"2026-04-25T09:01:57","date_gmt":"2026-04-25T07:01:57","guid":{"rendered":"https:\/\/souverainete-suisse.ch\/?p=1102"},"modified":"2026-04-25T09:01:57","modified_gmt":"2026-04-25T07:01:57","slug":"ignazio-cassis-the-unbearable-lightness-of-the-gravedigger","status":"publish","type":"post","link":"http:\/\/souverainete-suisse.ch\/en\/2026\/04\/ignazio-cassis-the-unbearable-lightness-of-the-gravedigger\/","title":{"rendered":"\ud83c\udde8\ud83c\udded Ignazio Cassis: The Unbearable Lightness of the Gravedigger"},"content":{"rendered":"<header aria-label=\"Article Header\">\n<h1 class=\"reader-article-header__title\" dir=\"ltr\"><strong style=\"font-size: 16px;\">With his \u00absimple language,\u00bb the Federal Councillor clarifies nothing: he dismisses. By reducing the complexity of our sovereignty to a neighbourly courtesy, Ignazio Cassis exceeds his constitutional mandate. This is no longer diplomacy, it is a reckoning. The verdict must be political: a resignation, without the honours of a pension.<\/strong><\/h1>\n<\/header>\n<div class=\"relative reader__grid\">\n<div data-scaffold-immersive-reader-content=\"\">\n<div class=\"reader-article-content reader-article-content--content-blocks\" dir=\"ltr\">\n<div class=\"reader-content-blocks-container\">\n<p id=\"ember52\" class=\"ember-view reader-text-block__paragraph\">\u00abIt's really very simple!\u00bb In Geneva, before the assembly of the Federation of Swiss Enterprises, Ignazio Cassis swapped his statesman's suit for that of a travelling salesman for the submission. His response on Bilaterals III is an insult to Swiss intelligence. To tell the \u00abtruth\u00bb, according to him, would mean reducing a colossal legal and political edifice to a matter of mood: \u00abwe want to have a good relationship with our close neighbours.\u00bb.<\/p>\n<p id=\"ember53\" class=\"ember-view reader-text-block__paragraph\">Who could oppose a \u00abgood relationship\u00bb? Nobody. And that's where the crude and dangerous trap lies. Behind this fa\u00e7ade of oversimplification lies the methodical dismantling of what makes Switzerland tick: its ability to decide for itself.<\/p>\n<h3 id=\"ember54\" class=\"ember-view reader-text-block__heading-3\">Blackmail as the only compass<\/h3>\n<p id=\"ember55\" class=\"ember-view reader-text-block__paragraph\">Mr Cassis is selling us hot air to hide the storm. The <em>Common Understanding<\/em> 2023 leaves no room for doubt: point 11 opens the door to the integration of \u00aball future agreements\u00bb. For those unfamiliar with the Bernese lexicon, this means the European Union will never stop. After the Bilaterals III will come the institutionalisation of the 1972 free trade agreement, then the bringing into line of our financial centre by Brussels regulators.<\/p>\n<p id=\"ember56\" class=\"ember-view reader-text-block__paragraph\">At every step, the scenario is pre-written: Brussels brandishes the threat of isolation, and our federal councillors, with trembling hands, explain that we must give in \u00abto save the bilateral path\u00bb. This isn't negotiation, it's constant blackmail, to which Mr Cassis seems to take an almost mystical pleasure in subscribing.<\/p>\n<h3 id=\"ember57\" class=\"ember-view reader-text-block__heading-3\">Switzerland, a future protectorate?<\/h3>\n<p id=\"ember58\" class=\"ember-view reader-text-block__paragraph\">When does the \u00abgood relationship\u00bb end? Does it end when our army, already reduced to the bare minimum, is totally beholden to a European defence over which we have no control? Does it end when federalism and cantons are nothing more than folkloric relics in the face of the Commission's imperial directives?<\/p>\n<p id=\"ember59\" class=\"ember-view reader-text-block__paragraph\">Ignazio Cassis is acting beyond his mandate. The Constitution enjoins him to preserve the country's independence and security. By inviting the people to vote \u00abyes\u00bb in the name of simple politeness towards our neighbour, he betrays the spirit of our institutions. If he desires accession so much \u2013 because that is the logical conclusion of his \u00absimplicity\u00bb \u2013 let him have the courage to name it. But let him cease disguising vassalisation as regional harmony.<\/p>\n<h3 id=\"ember60\" class=\"ember-view reader-text-block__heading-3\">The time of departure<\/h3>\n<p id=\"ember61\" class=\"ember-view reader-text-block__paragraph\">A Federal Councillor who despises issues of sovereignty to the point of no longer managing anything but \u00abfeelings\u00bb of good neighbourliness no longer has a place in the Federal Palace.<\/p>\n<p id=\"ember62\" class=\"ember-view reader-text-block__paragraph\">The Swiss people are not children to be told stories to make them swallow a bitter potion. The truth, Mr Cassis, is that you are orchestrating Switzerland's impotence. For this betrayal, for this contempt for the constitutional substance of your office, there is only one way out: resignation. And in a country that respects itself, the grave-digger of the fatherland is not rewarded with a lifelong pension.<\/p>\n<p id=\"ember63\" class=\"ember-view reader-text-block__paragraph\">Mr Cassis, you wanted to speak \u00absimply\u00bb? Here's a simple truth for you: your term is over.<\/p>\n<p id=\"ember64\" class=\"ember-view reader-text-block__paragraph\"><strong><em>Did this analysis resonate with you? Like and repost to help us reach a wider audience.<\/em><\/strong><\/p>\n<p id=\"ember65\" class=\"ember-view reader-text-block__paragraph\"><strong>What the media keeps silent about, we analyse. What Bern negotiates, we dissect. <\/strong><a class=\"xwxVfcRwnBUeGipgoiZPeKPJMrvzgAVqE\" tabindex=\"0\" href=\"https:\/\/souverainete-suisse.ch\/en\/\" target=\"_self\" data-test-app-aware-link=\"\"><strong>https:\/\/souverainete-suisse.ch\/<\/strong><\/a><\/p>\n<p id=\"ember66\" class=\"ember-view reader-text-block__paragraph\"><strong>We are the Guardians of Independence. Join the Swiss Sovereignty Movement. Not tomorrow. Not later - now.<\/strong><\/p>\n<\/div>\n<\/div>\n<\/div>\n<\/div>","protected":false},"excerpt":{"rendered":"<p>Par sa \u00ab langue simple \u00bb, le conseiller f\u00e9d\u00e9ral ne clarifie rien : il liquide. En r\u00e9duisant la complexit\u00e9 de notre souverainet\u00e9 \u00e0 une amabilit\u00e9 de voisinage, Ignazio Cassis sort de son mandat constitutionnel. Ce n\u2019est plus de la diplomatie, c\u2019est une reddition de compte. La sentence doit \u00eatre politique : une d\u00e9mission, sans les [&hellip;]<\/p>\n","protected":false},"author":3,"featured_media":1103,"comment_status":"closed","ping_status":"closed","sticky":false,"template":"","format":"standard","meta":{"footnotes":""},"categories":[1],"tags":[],"class_list":["post-1102","post","type-post","status-publish","format-standard","has-post-thumbnail","hentry","category-non-classe"],"yoast_head":"<!-- This site is optimized with the Yoast SEO plugin v26.9 - https:\/\/yoast.com\/product\/yoast-seo-wordpress\/ -->\n<title>\ud83c\udde8\ud83c\udded Ignazio Cassis : l\u2019insoutenable l\u00e9g\u00e8ret\u00e9 du fossoyeur - Mouvement Souverainet\u00e9 Suisse<\/title>\n<meta name=\"description\" content=\"\ud83c\udde8\ud83c\uddedIgnazio Cassis et les Bilat\u00e9rales III : enjeux pour la souverainet\u00e9 suisse et les relations avec l\u2019UE.\" \/>\n<meta name=\"robots\" content=\"index, follow, max-snippet:-1, max-image-preview:large, max-video-preview:-1\" \/>\n<link rel=\"canonical\" href=\"https:\/\/souverainete-suisse.ch\/en\/2026\/04\/ignazio-cassis-the-unbearable-lightness-of-the-gravedigger\/\" \/>\n<meta property=\"og:locale\" content=\"en_GB\" \/>\n<meta property=\"og:type\" content=\"article\" \/>\n<meta property=\"og:title\" content=\"\ud83c\udde8\ud83c\udded Ignazio Cassis : l\u2019insoutenable l\u00e9g\u00e8ret\u00e9 du fossoyeur - Mouvement Souverainet\u00e9 Suisse\" \/>\n<meta property=\"og:description\" content=\"\ud83c\udde8\ud83c\uddedIgnazio Cassis et les Bilat\u00e9rales III : enjeux pour la souverainet\u00e9 suisse et les relations avec l\u2019UE.\" \/>\n<meta property=\"og:url\" content=\"https:\/\/souverainete-suisse.ch\/en\/2026\/04\/ignazio-cassis-the-unbearable-lightness-of-the-gravedigger\/\" \/>\n<meta property=\"og:site_name\" content=\"Mouvement Souverainet\u00e9 Suisse\" \/>\n<meta property=\"article:published_time\" content=\"2026-04-25T07:01:57+00:00\" \/>\n<meta property=\"og:image\" content=\"https:\/\/souverainete-suisse.ch\/wp-content\/uploads\/2026\/04\/1777012653261.jpeg\" \/>\n\t<meta property=\"og:image:width\" content=\"1280\" \/>\n\t<meta property=\"og:image:height\" content=\"720\" \/>\n\t<meta property=\"og:image:type\" content=\"image\/jpeg\" \/>\n<meta name=\"author\" content=\"Philippe Renaud\" \/>\n<meta name=\"twitter:card\" content=\"summary_large_image\" \/>\n<meta name=\"twitter:label1\" content=\"Written by\" \/>\n\t<meta name=\"twitter:data1\" content=\"Philippe Renaud\" \/>\n\t<meta name=\"twitter:label2\" content=\"Estimated reading time\" \/>\n\t<meta name=\"twitter:data2\" content=\"4 minutes\" \/>\n<script type=\"application\/ld+json\" class=\"yoast-schema-graph\">{\"@context\":\"https:\/\/schema.org\",\"@graph\":[{\"@type\":\"Article\",\"@id\":\"https:\/\/souverainete-suisse.ch\/2026\/04\/%f0%9f%87%a8%f0%9f%87%ad-ignazio-cassis-linsoutenable-legerete-du-fossoyeur\/#article\",\"isPartOf\":{\"@id\":\"https:\/\/souverainete-suisse.ch\/2026\/04\/%f0%9f%87%a8%f0%9f%87%ad-ignazio-cassis-linsoutenable-legerete-du-fossoyeur\/\"},\"author\":{\"name\":\"Philippe Renaud\",\"@id\":\"https:\/\/souverainete-suisse.ch\/#\/schema\/person\/fd126a65533b168ad053321f54cad987\"},\"headline\":\"\ud83c\udde8\ud83c\udded Ignazio Cassis : l\u2019insoutenable l\u00e9g\u00e8ret\u00e9 du fossoyeur\",\"datePublished\":\"2026-04-25T07:01:57+00:00\",\"mainEntityOfPage\":{\"@id\":\"https:\/\/souverainete-suisse.ch\/2026\/04\/%f0%9f%87%a8%f0%9f%87%ad-ignazio-cassis-linsoutenable-legerete-du-fossoyeur\/\"},\"wordCount\":693,\"publisher\":{\"@id\":\"https:\/\/souverainete-suisse.ch\/#organization\"},\"image\":{\"@id\":\"https:\/\/souverainete-suisse.ch\/2026\/04\/%f0%9f%87%a8%f0%9f%87%ad-ignazio-cassis-linsoutenable-legerete-du-fossoyeur\/#primaryimage\"},\"thumbnailUrl\":\"https:\/\/souverainete-suisse.ch\/wp-content\/uploads\/2026\/04\/1777012653261.jpeg\",\"articleSection\":[\"Non class\u00e9\"],\"inLanguage\":\"en-GB\"},{\"@type\":\"WebPage\",\"@id\":\"https:\/\/souverainete-suisse.ch\/2026\/04\/%f0%9f%87%a8%f0%9f%87%ad-ignazio-cassis-linsoutenable-legerete-du-fossoyeur\/\",\"url\":\"https:\/\/souverainete-suisse.ch\/2026\/04\/%f0%9f%87%a8%f0%9f%87%ad-ignazio-cassis-linsoutenable-legerete-du-fossoyeur\/\",\"name\":\"\ud83c\udde8\ud83c\udded Ignazio Cassis : l\u2019insoutenable l\u00e9g\u00e8ret\u00e9 du fossoyeur - Mouvement Souverainet\u00e9 Suisse\",\"isPartOf\":{\"@id\":\"https:\/\/souverainete-suisse.ch\/#website\"},\"primaryImageOfPage\":{\"@id\":\"https:\/\/souverainete-suisse.ch\/2026\/04\/%f0%9f%87%a8%f0%9f%87%ad-ignazio-cassis-linsoutenable-legerete-du-fossoyeur\/#primaryimage\"},\"image\":{\"@id\":\"https:\/\/souverainete-suisse.ch\/2026\/04\/%f0%9f%87%a8%f0%9f%87%ad-ignazio-cassis-linsoutenable-legerete-du-fossoyeur\/#primaryimage\"},\"thumbnailUrl\":\"https:\/\/souverainete-suisse.ch\/wp-content\/uploads\/2026\/04\/1777012653261.jpeg\",\"datePublished\":\"2026-04-25T07:01:57+00:00\",\"description\":\"\ud83c\udde8\ud83c\uddedIgnazio Cassis et les Bilat\u00e9rales III : enjeux pour la souverainet\u00e9 suisse et les relations avec l\u2019UE.\",\"breadcrumb\":{\"@id\":\"https:\/\/souverainete-suisse.ch\/2026\/04\/%f0%9f%87%a8%f0%9f%87%ad-ignazio-cassis-linsoutenable-legerete-du-fossoyeur\/#breadcrumb\"},\"inLanguage\":\"en-GB\",\"potentialAction\":[{\"@type\":\"ReadAction\",\"target\":[\"https:\/\/souverainete-suisse.ch\/2026\/04\/%f0%9f%87%a8%f0%9f%87%ad-ignazio-cassis-linsoutenable-legerete-du-fossoyeur\/\"]}]},{\"@type\":\"ImageObject\",\"inLanguage\":\"en-GB\",\"@id\":\"https:\/\/souverainete-suisse.ch\/2026\/04\/%f0%9f%87%a8%f0%9f%87%ad-ignazio-cassis-linsoutenable-legerete-du-fossoyeur\/#primaryimage\",\"url\":\"https:\/\/souverainete-suisse.ch\/wp-content\/uploads\/2026\/04\/1777012653261.jpeg\",\"contentUrl\":\"https:\/\/souverainete-suisse.ch\/wp-content\/uploads\/2026\/04\/1777012653261.jpeg\",\"width\":1280,\"height\":720,\"caption\":\"\ud83c\udde8\ud83c\uddedIgnazio Cassis et les Bilat\u00e9rales III : enjeux pour la souverainet\u00e9 suisse et les relations avec l\u2019UE.\"},{\"@type\":\"BreadcrumbList\",\"@id\":\"https:\/\/souverainete-suisse.ch\/2026\/04\/%f0%9f%87%a8%f0%9f%87%ad-ignazio-cassis-linsoutenable-legerete-du-fossoyeur\/#breadcrumb\",\"itemListElement\":[{\"@type\":\"ListItem\",\"position\":1,\"name\":\"Accueil\",\"item\":\"https:\/\/souverainete-suisse.ch\/\"},{\"@type\":\"ListItem\",\"position\":2,\"name\":\"\ud83c\udde8\ud83c\udded Ignazio Cassis : l\u2019insoutenable l\u00e9g\u00e8ret\u00e9 du fossoyeur\"}]},{\"@type\":\"WebSite\",\"@id\":\"https:\/\/souverainete-suisse.ch\/#website\",\"url\":\"https:\/\/souverainete-suisse.ch\/\",\"name\":\"Mouvement Souverainet\u00e9 Suisse\",\"description\":\"\",\"publisher\":{\"@id\":\"https:\/\/souverainete-suisse.ch\/#organization\"},\"potentialAction\":[{\"@type\":\"SearchAction\",\"target\":{\"@type\":\"EntryPoint\",\"urlTemplate\":\"https:\/\/souverainete-suisse.ch\/?s={search_term_string}\"},\"query-input\":{\"@type\":\"PropertyValueSpecification\",\"valueRequired\":true,\"valueName\":\"search_term_string\"}}],\"inLanguage\":\"en-GB\"},{\"@type\":\"Organization\",\"@id\":\"https:\/\/souverainete-suisse.ch\/#organization\",\"name\":\"Mouvement Souverainet\u00e9 Suisse\",\"url\":\"https:\/\/souverainete-suisse.ch\/\",\"logo\":{\"@type\":\"ImageObject\",\"inLanguage\":\"en-GB\",\"@id\":\"https:\/\/souverainete-suisse.ch\/#\/schema\/logo\/image\/\",\"url\":\"https:\/\/souverainete-suisse.ch\/wp-content\/uploads\/2025\/11\/logo.png\",\"contentUrl\":\"https:\/\/souverainete-suisse.ch\/wp-content\/uploads\/2025\/11\/logo.png\",\"width\":2053,\"height\":1461,\"caption\":\"Mouvement Souverainet\u00e9 Suisse\"},\"image\":{\"@id\":\"https:\/\/souverainete-suisse.ch\/#\/schema\/logo\/image\/\"}},{\"@type\":\"Person\",\"@id\":\"https:\/\/souverainete-suisse.ch\/#\/schema\/person\/fd126a65533b168ad053321f54cad987\",\"name\":\"Philippe Renaud\",\"image\":{\"@type\":\"ImageObject\",\"inLanguage\":\"en-GB\",\"@id\":\"https:\/\/souverainete-suisse.ch\/#\/schema\/person\/image\/\",\"url\":\"https:\/\/secure.gravatar.com\/avatar\/ea457c55cfcfc8cbdb1077128f20033c33a8e982208b5ce9cc8eaeba2b6ff758?s=96&d=mm&r=g\",\"contentUrl\":\"https:\/\/secure.gravatar.com\/avatar\/ea457c55cfcfc8cbdb1077128f20033c33a8e982208b5ce9cc8eaeba2b6ff758?s=96&d=mm&r=g\",\"caption\":\"Philippe Renaud\"},\"url\":\"http:\/\/souverainete-suisse.ch\/en\/author\/philippe\/\"}]}<\/script>\n<!-- \/ Yoast SEO plugin. -->","yoast_head_json":{"title":"\ud83c\udde8\ud83c\udded Ignazio Cassis: The unbearable lightness of the gravedigger - Swiss Sovereignty Movement","description":"Ignazio Cassis and the Bilaterals III: Stakes for Swiss Sovereignty and Relations with the EU.","robots":{"index":"index","follow":"follow","max-snippet":"max-snippet:-1","max-image-preview":"max-image-preview:large","max-video-preview":"max-video-preview:-1"},"canonical":"https:\/\/souverainete-suisse.ch\/en\/2026\/04\/ignazio-cassis-the-unbearable-lightness-of-the-gravedigger\/","og_locale":"en_GB","og_type":"article","og_title":"\ud83c\udde8\ud83c\udded Ignazio Cassis : l\u2019insoutenable l\u00e9g\u00e8ret\u00e9 du fossoyeur - Mouvement Souverainet\u00e9 Suisse","og_description":"\ud83c\udde8\ud83c\uddedIgnazio Cassis et les Bilat\u00e9rales III : enjeux pour la souverainet\u00e9 suisse et les relations avec l\u2019UE.","og_url":"https:\/\/souverainete-suisse.ch\/en\/2026\/04\/ignazio-cassis-the-unbearable-lightness-of-the-gravedigger\/","og_site_name":"Mouvement Souverainet\u00e9 Suisse","article_published_time":"2026-04-25T07:01:57+00:00","og_image":[{"width":1280,"height":720,"url":"https:\/\/souverainete-suisse.ch\/wp-content\/uploads\/2026\/04\/1777012653261.jpeg","type":"image\/jpeg"}],"author":"Philippe Renaud","twitter_card":"summary_large_image","twitter_misc":{"Written by":"Philippe Renaud","Estimated reading time":"4 minutes"},"schema":{"@context":"https:\/\/schema.org","@graph":[{"@type":"Article","@id":"https:\/\/souverainete-suisse.ch\/2026\/04\/%f0%9f%87%a8%f0%9f%87%ad-ignazio-cassis-linsoutenable-legerete-du-fossoyeur\/#article","isPartOf":{"@id":"https:\/\/souverainete-suisse.ch\/2026\/04\/%f0%9f%87%a8%f0%9f%87%ad-ignazio-cassis-linsoutenable-legerete-du-fossoyeur\/"},"author":{"name":"Philippe Renaud","@id":"https:\/\/souverainete-suisse.ch\/#\/schema\/person\/fd126a65533b168ad053321f54cad987"},"headline":"\ud83c\udde8\ud83c\udded Ignazio Cassis : l\u2019insoutenable l\u00e9g\u00e8ret\u00e9 du fossoyeur","datePublished":"2026-04-25T07:01:57+00:00","mainEntityOfPage":{"@id":"https:\/\/souverainete-suisse.ch\/2026\/04\/%f0%9f%87%a8%f0%9f%87%ad-ignazio-cassis-linsoutenable-legerete-du-fossoyeur\/"},"wordCount":693,"publisher":{"@id":"https:\/\/souverainete-suisse.ch\/#organization"},"image":{"@id":"https:\/\/souverainete-suisse.ch\/2026\/04\/%f0%9f%87%a8%f0%9f%87%ad-ignazio-cassis-linsoutenable-legerete-du-fossoyeur\/#primaryimage"},"thumbnailUrl":"https:\/\/souverainete-suisse.ch\/wp-content\/uploads\/2026\/04\/1777012653261.jpeg","articleSection":["Non class\u00e9"],"inLanguage":"en-GB"},{"@type":"WebPage","@id":"https:\/\/souverainete-suisse.ch\/2026\/04\/%f0%9f%87%a8%f0%9f%87%ad-ignazio-cassis-linsoutenable-legerete-du-fossoyeur\/","url":"https:\/\/souverainete-suisse.ch\/2026\/04\/%f0%9f%87%a8%f0%9f%87%ad-ignazio-cassis-linsoutenable-legerete-du-fossoyeur\/","name":"\ud83c\udde8\ud83c\udded Ignazio Cassis: The unbearable lightness of the gravedigger - Swiss Sovereignty Movement","isPartOf":{"@id":"https:\/\/souverainete-suisse.ch\/#website"},"primaryImageOfPage":{"@id":"https:\/\/souverainete-suisse.ch\/2026\/04\/%f0%9f%87%a8%f0%9f%87%ad-ignazio-cassis-linsoutenable-legerete-du-fossoyeur\/#primaryimage"},"image":{"@id":"https:\/\/souverainete-suisse.ch\/2026\/04\/%f0%9f%87%a8%f0%9f%87%ad-ignazio-cassis-linsoutenable-legerete-du-fossoyeur\/#primaryimage"},"thumbnailUrl":"https:\/\/souverainete-suisse.ch\/wp-content\/uploads\/2026\/04\/1777012653261.jpeg","datePublished":"2026-04-25T07:01:57+00:00","description":"Ignazio Cassis and the Bilaterals III: Stakes for Swiss Sovereignty and Relations with the EU.","breadcrumb":{"@id":"https:\/\/souverainete-suisse.ch\/2026\/04\/%f0%9f%87%a8%f0%9f%87%ad-ignazio-cassis-linsoutenable-legerete-du-fossoyeur\/#breadcrumb"},"inLanguage":"en-GB","potentialAction":[{"@type":"ReadAction","target":["https:\/\/souverainete-suisse.ch\/2026\/04\/%f0%9f%87%a8%f0%9f%87%ad-ignazio-cassis-linsoutenable-legerete-du-fossoyeur\/"]}]},{"@type":"ImageObject","inLanguage":"en-GB","@id":"https:\/\/souverainete-suisse.ch\/2026\/04\/%f0%9f%87%a8%f0%9f%87%ad-ignazio-cassis-linsoutenable-legerete-du-fossoyeur\/#primaryimage","url":"https:\/\/souverainete-suisse.ch\/wp-content\/uploads\/2026\/04\/1777012653261.jpeg","contentUrl":"https:\/\/souverainete-suisse.ch\/wp-content\/uploads\/2026\/04\/1777012653261.jpeg","width":1280,"height":720,"caption":"\ud83c\udde8\ud83c\uddedIgnazio Cassis et les Bilat\u00e9rales III : enjeux pour la souverainet\u00e9 suisse et les relations avec l\u2019UE."},{"@type":"BreadcrumbList","@id":"https:\/\/souverainete-suisse.ch\/2026\/04\/%f0%9f%87%a8%f0%9f%87%ad-ignazio-cassis-linsoutenable-legerete-du-fossoyeur\/#breadcrumb","itemListElement":[{"@type":"ListItem","position":1,"name":"Accueil","item":"https:\/\/souverainete-suisse.ch\/"},{"@type":"ListItem","position":2,"name":"\ud83c\udde8\ud83c\udded Ignazio Cassis : l\u2019insoutenable l\u00e9g\u00e8ret\u00e9 du fossoyeur"}]},{"@type":"WebSite","@id":"https:\/\/souverainete-suisse.ch\/#website","url":"https:\/\/souverainete-suisse.ch\/","name":"Swiss Sovereignty Movement","description":"","publisher":{"@id":"https:\/\/souverainete-suisse.ch\/#organization"},"potentialAction":[{"@type":"SearchAction","target":{"@type":"EntryPoint","urlTemplate":"https:\/\/souverainete-suisse.ch\/?s={search_term_string}"},"query-input":{"@type":"PropertyValueSpecification","valueRequired":true,"valueName":"search_term_string"}}],"inLanguage":"en-GB"},{"@type":"Organization","@id":"https:\/\/souverainete-suisse.ch\/#organization","name":"Swiss Sovereignty Movement","url":"https:\/\/souverainete-suisse.ch\/","logo":{"@type":"ImageObject","inLanguage":"en-GB","@id":"https:\/\/souverainete-suisse.ch\/#\/schema\/logo\/image\/","url":"https:\/\/souverainete-suisse.ch\/wp-content\/uploads\/2025\/11\/logo.png","contentUrl":"https:\/\/souverainete-suisse.ch\/wp-content\/uploads\/2025\/11\/logo.png","width":2053,"height":1461,"caption":"Mouvement Souverainet\u00e9 Suisse"},"image":{"@id":"https:\/\/souverainete-suisse.ch\/#\/schema\/logo\/image\/"}},{"@type":"Person","@id":"https:\/\/souverainete-suisse.ch\/#\/schema\/person\/fd126a65533b168ad053321f54cad987","name":"Philippe Renaud","image":{"@type":"ImageObject","inLanguage":"en-GB","@id":"https:\/\/souverainete-suisse.ch\/#\/schema\/person\/image\/","url":"https:\/\/secure.gravatar.com\/avatar\/ea457c55cfcfc8cbdb1077128f20033c33a8e982208b5ce9cc8eaeba2b6ff758?s=96&d=mm&r=g","contentUrl":"https:\/\/secure.gravatar.com\/avatar\/ea457c55cfcfc8cbdb1077128f20033c33a8e982208b5ce9cc8eaeba2b6ff758?s=96&d=mm&r=g","caption":"Philippe Renaud"},"url":"http:\/\/souverainete-suisse.ch\/en\/author\/philippe\/"}]}},"_links":{"self":[{"href":"http:\/\/souverainete-suisse.ch\/en\/wp-json\/wp\/v2\/posts\/1102","targetHints":{"allow":["GET"]}}],"collection":[{"href":"http:\/\/souverainete-suisse.ch\/en\/wp-json\/wp\/v2\/posts"}],"about":[{"href":"http:\/\/souverainete-suisse.ch\/en\/wp-json\/wp\/v2\/types\/post"}],"author":[{"embeddable":true,"href":"http:\/\/souverainete-suisse.ch\/en\/wp-json\/wp\/v2\/users\/3"}],"replies":[{"embeddable":true,"href":"http:\/\/souverainete-suisse.ch\/en\/wp-json\/wp\/v2\/comments?post=1102"}],"version-history":[{"count":3,"href":"http:\/\/souverainete-suisse.ch\/en\/wp-json\/wp\/v2\/posts\/1102\/revisions"}],"predecessor-version":[{"id":1106,"href":"http:\/\/souverainete-suisse.ch\/en\/wp-json\/wp\/v2\/posts\/1102\/revisions\/1106"}],"wp:featuredmedia":[{"embeddable":true,"href":"http:\/\/souverainete-suisse.ch\/en\/wp-json\/wp\/v2\/media\/1103"}],"wp:attachment":[{"href":"http:\/\/souverainete-suisse.ch\/en\/wp-json\/wp\/v2\/media?parent=1102"}],"wp:term":[{"taxonomy":"category","embeddable":true,"href":"http:\/\/souverainete-suisse.ch\/en\/wp-json\/wp\/v2\/categories?post=1102"},{"taxonomy":"post_tag","embeddable":true,"href":"http:\/\/souverainete-suisse.ch\/en\/wp-json\/wp\/v2\/tags?post=1102"}],"curies":[{"name":"wp","href":"https:\/\/api.w.org\/{rel}","templated":true}]}}