{"id":1084,"date":"2026-04-23T15:00:28","date_gmt":"2026-04-23T13:00:28","guid":{"rendered":"https:\/\/souverainete-suisse.ch\/?p=1084"},"modified":"2026-04-28T14:43:45","modified_gmt":"2026-04-28T12:43:45","slug":"1084","status":"publish","type":"post","link":"http:\/\/souverainete-suisse.ch\/en\/2026\/04\/1084\/","title":{"rendered":"\ud83c\udde8\ud83c\udded They break the silence: no to Swiss-EU agreements"},"content":{"rendered":"<header aria-label=\"Article Header\">\n<h1 class=\"reader-article-header__title\" dir=\"ltr\"><span data-scaffold-immersive-reader-title=\"\">Switzerland-EU Debate: Women on the ground denounce democratic drift and question the future of direct democracy in the face of decisions distant from the people.<\/span><\/h1>\n<p>24 April 2026<\/p>\n<\/header>\n<div class=\"relative reader__grid\">\n<div data-scaffold-immersive-reader-content=\"\">\n<div>\n<div class=\"reader-article-content reader-article-content--content-blocks\" dir=\"ltr\">\n<div class=\"reader-content-blocks-container\">\n<p id=\"ember51\" class=\"ember-view reader-text-block__paragraph\">What if the real turning point in the debate on the new Swiss-EU agreements doesn't come from the political parties or the lobbies... but from women who refuse to be silent? Behind a carefully maintained facade of consensus, a voice is rising \u2013 calm, determined, independent \u2013 and it's unsettling. Because it asks the only question that matters: what is left of our democracy if we give up its levers?<\/p>\n<p id=\"ember52\" class=\"ember-view reader-text-block__paragraph\">In a society where European debate is too often bogged down among experts, technocrats and economic interests, an unexpected movement is emerging. According to Aargauer Zeitung (18 April 2026), several women from various professional backgrounds \u2013 entrepreneurs, lawyers, elected officials \u2013 have decided to publicly oppose the new institutional agreements with the European Union.<\/p>\n<p id=\"ember53\" class=\"ember-view reader-text-block__paragraph\">Among them are: Sara H\u00fcrlimann, a health entrepreneur; Karin Faes (FDP\/PLR), active in construction; and Phyllis Scholl, a lawyer and mayor of Kilchberg. Their approach stands in stark contrast to the usual caricatures. They claim neither party affiliation nor ideological posturing. They claim a fundamental right: to understand, debate, and decide.<\/p>\n<p id=\"ember54\" class=\"ember-view reader-text-block__paragraph\">Their conclusion is crystal clear:<\/p>\n<blockquote id=\"ember55\" class=\"ember-view reader-text-block__blockquote\"><p>\u00abLook at the texts of the treaties. (...) It's not simply about pursuing a bilateral approach. These new treaties are a break.\u00bb (Aargauer Zeitung, 18 April 2026)<\/p><\/blockquote>\n<p id=\"ember56\" class=\"ember-view reader-text-block__paragraph\">A breakup. The word is strong, and it's acknowledged.<\/p>\n<h3 id=\"ember57\" class=\"ember-view reader-text-block__heading-3\">A widely shared, but silent, intuition<\/h3>\n<p id=\"ember58\" class=\"ember-view reader-text-block__paragraph\">What is striking about their testimony is not just their position \u2014 it is what it reveals:<\/p>\n<blockquote id=\"ember59\" class=\"ember-view reader-text-block__blockquote\"><p>\u00abI've noticed that many women instinctively reject new treaties, but they don't dare to say so.\u00bb<\/p><\/blockquote>\n<p id=\"ember60\" class=\"ember-view reader-text-block__paragraph\">Why this silence?<\/p>\n<p id=\"ember61\" class=\"ember-view reader-text-block__paragraph\">Because today, saying no is no longer neutral.<\/p>\n<p id=\"ember62\" class=\"ember-view reader-text-block__paragraph\">Because refusing these agreements means immediately being catalogued, disqualified, marginalised.<\/p>\n<blockquote id=\"ember63\" class=\"ember-view reader-text-block__blockquote\"><p>\u00abIt is more \u201csocially acceptable\u201d to be in favour of it. (...) And you are quickly labelled as a \u00bbloony' as soon as you say no.\u00bb<\/p><\/blockquote>\n<p id=\"ember64\" class=\"ember-view reader-text-block__paragraph\">The debate is thus biased from the outset: adherence is valued, doubt is suspect.<\/p>\n<h3 id=\"ember65\" class=\"ember-view reader-text-block__heading-3\">Behind the words: a question of power<\/h3>\n<p id=\"ember66\" class=\"ember-view reader-text-block__paragraph\">These women are not talking about legal technicalities. They are talking about democratic sovereignty.<\/p>\n<blockquote id=\"ember67\" class=\"ember-view reader-text-block__blockquote\"><p>\u00abOur mothers fought for the right to vote; we do not want to restrict it.\u00bb<\/p><\/blockquote>\n<p id=\"ember68\" class=\"ember-view reader-text-block__paragraph\">The parallel is striking. Where some see only mechanisms of harmonisation, they perceive a deeper dynamic: a progressive dilution of popular power.<\/p>\n<blockquote id=\"ember69\" class=\"ember-view reader-text-block__blockquote\"><p>\u00abThese are institutional links \u2013 and, ultimately, about power, or rather, powerlessness.\u00bb<\/p><\/blockquote>\n<p id=\"ember70\" class=\"ember-view reader-text-block__paragraph\">Because the heart of the problem is there.<\/p>\n<p id=\"ember71\" class=\"ember-view reader-text-block__paragraph\">In the European Union, citizens vote every four or five years. In Switzerland, they vote several times a year on concrete, specific, decisive issues.<\/p>\n<blockquote id=\"ember72\" class=\"ember-view reader-text-block__blockquote\"><p>\u00abLook: the populations of our neighbouring countries feel powerless. (\u2026) In Switzerland, we hold several referendums every year.\u00bb<\/p><\/blockquote>\n<p id=\"ember73\" class=\"ember-view reader-text-block__paragraph\">This unique model \u2013 envied, sometimes criticised \u2013 rests on an essential condition: mastery of the law.<\/p>\n<p id=\"ember74\" class=\"ember-view reader-text-block__paragraph\">Or, any automatic adoption of external standards mechanically weakens this control.<\/p>\n<h3 id=\"ember75\" class=\"ember-view reader-text-block__heading-3\">A critique born of experience, not ideology<\/h3>\n<p id=\"ember76\" class=\"ember-view reader-text-block__paragraph\">One of the most striking testimonies comes from an entrepreneur of Swedish origin:<\/p>\n<blockquote id=\"ember77\" class=\"ember-view reader-text-block__blockquote\"><p>\u00abI come from Sweden, and I observed there the effects of too much involvement beyond its borders.\u00bb<\/p><\/blockquote>\n<p id=\"ember78\" class=\"ember-view reader-text-block__paragraph\">This external perspective is valuable. It does not fantasise about Europe; it observes its concrete limitations.<\/p>\n<p id=\"ember79\" class=\"ember-view reader-text-block__paragraph\">These women are not rejecting cooperation. They are rejecting an integration that does not declare itself as such.<\/p>\n<h3 id=\"ember80\" class=\"ember-view reader-text-block__heading-3\">Independence and courage: the real fault lines<\/h3>\n<p id=\"ember81\" class=\"ember-view reader-text-block__paragraph\">Their initiative, baptised \u00abHerVoice\u00bb, aims to be independent.<\/p>\n<p id=\"ember82\" class=\"ember-view reader-text-block__paragraph\">Yes, they recognise affinities with certain critical circles \u2014 such as Autonomiesuisse or Kompass Europa \u2014 but they insist on their autonomy.<\/p>\n<blockquote id=\"ember83\" class=\"ember-view reader-text-block__blockquote\"><p>\u00abThese groups do not dictate our conduct or our topics.\u00bb<\/p><\/blockquote>\n<p id=\"ember84\" class=\"ember-view reader-text-block__paragraph\">Why this insistence?<\/p>\n<p id=\"ember85\" class=\"ember-view reader-text-block__paragraph\">Because the credibility of the debate rests on freedom of speech.<\/p>\n<p id=\"ember86\" class=\"ember-view reader-text-block__paragraph\">And because, deep down, the divide is no longer between left and right.<\/p>\n<p id=\"ember87\" class=\"ember-view reader-text-block__paragraph\">It's between conformity and courage.<\/p>\n<blockquote id=\"ember88\" class=\"ember-view reader-text-block__blockquote\"><p>\u00abIt takes more courage to say no to these agreements than to say yes.\u00bb<\/p><\/blockquote>\n<h3 id=\"ember89\" class=\"ember-view reader-text-block__heading-3\">Conclusion<\/h3>\n<p id=\"ember90\" class=\"ember-view reader-text-block__paragraph\">What is at stake today goes far beyond the content of a few treaties.<\/p>\n<p id=\"ember91\" class=\"ember-view reader-text-block__paragraph\">It is a silent battle for a people's ability to remain masters of their choices.<\/p>\n<p id=\"ember92\" class=\"ember-view reader-text-block__paragraph\"><strong>These women impose nothing. They are breaking through.<\/strong><\/p>\n<p id=\"ember93\" class=\"ember-view reader-text-block__paragraph\">They recall an obvious truth that many prefer to forget: democracy never disappears all at once \u2013 it erodes, article by article, norm by norm.<\/p>\n<p id=\"ember94\" class=\"ember-view reader-text-block__paragraph\">Their message is simple, almost disturbingly clear:<\/p>\n<p id=\"ember95\" class=\"ember-view reader-text-block__paragraph\">Read, understand... then decide.<\/p>\n<p id=\"ember96\" class=\"ember-view reader-text-block__paragraph\">For in the end, only one question remains:<\/p>\n<p id=\"ember97\" class=\"ember-view reader-text-block__paragraph\">Do we still want to be a people who vote \u2013 or a people who endure?<\/p>\n<p id=\"ember98\" class=\"ember-view reader-text-block__paragraph\"><strong><em>Did this analysis resonate with you? Like and share to help us reach a wider audience.<\/em><\/strong><\/p>\n<p id=\"ember99\" class=\"ember-view reader-text-block__paragraph\"><strong>What the media keeps silent about, we analyse. What Bern negotiates, we dissect. <\/strong><a class=\"WZNAxBjYtcrAkLiKxfbPGMNyvZcHkcQfTc\" tabindex=\"0\" href=\"https:\/\/souverainete-suisse.ch\/en\/\" target=\"_self\" data-test-app-aware-link=\"\"><strong>https:\/\/souverainete-suisse.ch\/<\/strong><\/a><\/p>\n<p id=\"ember100\" class=\"ember-view reader-text-block__paragraph\"><strong>We are the Guardians of Independence. Join the Swiss Sovereignty Movement. Not tomorrow. Not later - now.<\/strong><\/p>\n<\/div>\n<\/div>\n<\/div>\n<\/div>\n<\/div>","protected":false},"excerpt":{"rendered":"<p>D\u00e9bat Suisse\u2013UE : des femmes du terrain d\u00e9noncent une d\u00e9rive d\u00e9mocratique et questionnent l\u2019avenir de la d\u00e9mocratie directe face \u00e0 des d\u00e9cisions \u00e9loign\u00e9es du peuple. 24 avril 2026 Et si le v\u00e9ritable tournant du d\u00e9bat sur les nouveaux accords Suisse-UE ne venait ni des partis, ni des lobbys\u2026 mais de femmes qui refusent de se [&hellip;]<\/p>\n","protected":false},"author":3,"featured_media":1085,"comment_status":"closed","ping_status":"closed","sticky":false,"template":"","format":"standard","meta":{"footnotes":""},"categories":[1],"tags":[],"class_list":["post-1084","post","type-post","status-publish","format-standard","has-post-thumbnail","hentry","category-non-classe"],"yoast_head":"<!-- This site is optimized with the Yoast SEO plugin v26.9 - https:\/\/yoast.com\/product\/yoast-seo-wordpress\/ -->\n<title>\ud83c\udde8\ud83c\udded Elles brisent le silence : non aux accords Suisse-UE - Mouvement Souverainet\u00e9 Suisse<\/title>\n<meta name=\"description\" content=\"D\u00e9bat Suisse\u2013UE : des femmes du terrain d\u00e9noncent une d\u00e9rive d\u00e9mocratique et questionnent l\u2019avenir de la d\u00e9mocratie directe\" \/>\n<meta name=\"robots\" content=\"index, follow, max-snippet:-1, max-image-preview:large, max-video-preview:-1\" \/>\n<link rel=\"canonical\" href=\"https:\/\/souverainete-suisse.ch\/en\/2026\/04\/1084\/\" \/>\n<meta property=\"og:locale\" content=\"en_GB\" \/>\n<meta property=\"og:type\" content=\"article\" \/>\n<meta property=\"og:title\" content=\"\ud83c\udde8\ud83c\udded Elles brisent le silence : non aux accords Suisse-UE - Mouvement Souverainet\u00e9 Suisse\" \/>\n<meta property=\"og:description\" content=\"D\u00e9bat Suisse\u2013UE : des femmes du terrain d\u00e9noncent une d\u00e9rive d\u00e9mocratique et questionnent l\u2019avenir de la d\u00e9mocratie directe\" \/>\n<meta property=\"og:url\" content=\"https:\/\/souverainete-suisse.ch\/en\/2026\/04\/1084\/\" \/>\n<meta property=\"og:site_name\" content=\"Mouvement Souverainet\u00e9 Suisse\" \/>\n<meta property=\"article:published_time\" content=\"2026-04-23T13:00:28+00:00\" \/>\n<meta property=\"article:modified_time\" content=\"2026-04-28T12:43:45+00:00\" \/>\n<meta property=\"og:image\" content=\"https:\/\/souverainete-suisse.ch\/wp-content\/uploads\/2026\/04\/1776684979405.jpeg\" \/>\n\t<meta property=\"og:image:width\" content=\"964\" \/>\n\t<meta property=\"og:image:height\" content=\"542\" \/>\n\t<meta property=\"og:image:type\" content=\"image\/jpeg\" \/>\n<meta name=\"author\" content=\"Philippe Renaud\" \/>\n<meta name=\"twitter:card\" content=\"summary_large_image\" \/>\n<meta name=\"twitter:label1\" content=\"Written by\" \/>\n\t<meta name=\"twitter:data1\" content=\"Philippe Renaud\" \/>\n\t<meta name=\"twitter:label2\" content=\"Estimated reading time\" \/>\n\t<meta name=\"twitter:data2\" content=\"4 minutes\" \/>\n<script type=\"application\/ld+json\" class=\"yoast-schema-graph\">{\"@context\":\"https:\/\/schema.org\",\"@graph\":[{\"@type\":\"Article\",\"@id\":\"https:\/\/souverainete-suisse.ch\/2026\/04\/1084\/#article\",\"isPartOf\":{\"@id\":\"https:\/\/souverainete-suisse.ch\/2026\/04\/1084\/\"},\"author\":{\"name\":\"Philippe Renaud\",\"@id\":\"https:\/\/souverainete-suisse.ch\/#\/schema\/person\/fd126a65533b168ad053321f54cad987\"},\"headline\":\"\ud83c\udde8\ud83c\udded Elles brisent le silence : non aux accords Suisse-UE\",\"datePublished\":\"2026-04-23T13:00:28+00:00\",\"dateModified\":\"2026-04-28T12:43:45+00:00\",\"mainEntityOfPage\":{\"@id\":\"https:\/\/souverainete-suisse.ch\/2026\/04\/1084\/\"},\"wordCount\":921,\"publisher\":{\"@id\":\"https:\/\/souverainete-suisse.ch\/#organization\"},\"image\":{\"@id\":\"https:\/\/souverainete-suisse.ch\/2026\/04\/1084\/#primaryimage\"},\"thumbnailUrl\":\"https:\/\/souverainete-suisse.ch\/wp-content\/uploads\/2026\/04\/1776684979405.jpeg\",\"articleSection\":[\"Non class\u00e9\"],\"inLanguage\":\"en-GB\"},{\"@type\":\"WebPage\",\"@id\":\"https:\/\/souverainete-suisse.ch\/2026\/04\/1084\/\",\"url\":\"https:\/\/souverainete-suisse.ch\/2026\/04\/1084\/\",\"name\":\"\ud83c\udde8\ud83c\udded Elles brisent le silence : non aux accords Suisse-UE - Mouvement Souverainet\u00e9 Suisse\",\"isPartOf\":{\"@id\":\"https:\/\/souverainete-suisse.ch\/#website\"},\"primaryImageOfPage\":{\"@id\":\"https:\/\/souverainete-suisse.ch\/2026\/04\/1084\/#primaryimage\"},\"image\":{\"@id\":\"https:\/\/souverainete-suisse.ch\/2026\/04\/1084\/#primaryimage\"},\"thumbnailUrl\":\"https:\/\/souverainete-suisse.ch\/wp-content\/uploads\/2026\/04\/1776684979405.jpeg\",\"datePublished\":\"2026-04-23T13:00:28+00:00\",\"dateModified\":\"2026-04-28T12:43:45+00:00\",\"description\":\"D\u00e9bat Suisse\u2013UE : des femmes du terrain d\u00e9noncent une d\u00e9rive d\u00e9mocratique et questionnent l\u2019avenir de la d\u00e9mocratie directe\",\"breadcrumb\":{\"@id\":\"https:\/\/souverainete-suisse.ch\/2026\/04\/1084\/#breadcrumb\"},\"inLanguage\":\"en-GB\",\"potentialAction\":[{\"@type\":\"ReadAction\",\"target\":[\"https:\/\/souverainete-suisse.ch\/2026\/04\/1084\/\"]}]},{\"@type\":\"ImageObject\",\"inLanguage\":\"en-GB\",\"@id\":\"https:\/\/souverainete-suisse.ch\/2026\/04\/1084\/#primaryimage\",\"url\":\"https:\/\/souverainete-suisse.ch\/wp-content\/uploads\/2026\/04\/1776684979405.jpeg\",\"contentUrl\":\"https:\/\/souverainete-suisse.ch\/wp-content\/uploads\/2026\/04\/1776684979405.jpeg\",\"width\":964,\"height\":542},{\"@type\":\"BreadcrumbList\",\"@id\":\"https:\/\/souverainete-suisse.ch\/2026\/04\/1084\/#breadcrumb\",\"itemListElement\":[{\"@type\":\"ListItem\",\"position\":1,\"name\":\"Accueil\",\"item\":\"https:\/\/souverainete-suisse.ch\/\"},{\"@type\":\"ListItem\",\"position\":2,\"name\":\"\ud83c\udde8\ud83c\udded Elles brisent le silence : non aux accords Suisse-UE\"}]},{\"@type\":\"WebSite\",\"@id\":\"https:\/\/souverainete-suisse.ch\/#website\",\"url\":\"https:\/\/souverainete-suisse.ch\/\",\"name\":\"Mouvement Souverainet\u00e9 Suisse\",\"description\":\"\",\"publisher\":{\"@id\":\"https:\/\/souverainete-suisse.ch\/#organization\"},\"potentialAction\":[{\"@type\":\"SearchAction\",\"target\":{\"@type\":\"EntryPoint\",\"urlTemplate\":\"https:\/\/souverainete-suisse.ch\/?s={search_term_string}\"},\"query-input\":{\"@type\":\"PropertyValueSpecification\",\"valueRequired\":true,\"valueName\":\"search_term_string\"}}],\"inLanguage\":\"en-GB\"},{\"@type\":\"Organization\",\"@id\":\"https:\/\/souverainete-suisse.ch\/#organization\",\"name\":\"Mouvement Souverainet\u00e9 Suisse\",\"url\":\"https:\/\/souverainete-suisse.ch\/\",\"logo\":{\"@type\":\"ImageObject\",\"inLanguage\":\"en-GB\",\"@id\":\"https:\/\/souverainete-suisse.ch\/#\/schema\/logo\/image\/\",\"url\":\"https:\/\/souverainete-suisse.ch\/wp-content\/uploads\/2025\/11\/logo.png\",\"contentUrl\":\"https:\/\/souverainete-suisse.ch\/wp-content\/uploads\/2025\/11\/logo.png\",\"width\":2053,\"height\":1461,\"caption\":\"Mouvement Souverainet\u00e9 Suisse\"},\"image\":{\"@id\":\"https:\/\/souverainete-suisse.ch\/#\/schema\/logo\/image\/\"}},{\"@type\":\"Person\",\"@id\":\"https:\/\/souverainete-suisse.ch\/#\/schema\/person\/fd126a65533b168ad053321f54cad987\",\"name\":\"Philippe Renaud\",\"image\":{\"@type\":\"ImageObject\",\"inLanguage\":\"en-GB\",\"@id\":\"https:\/\/souverainete-suisse.ch\/#\/schema\/person\/image\/\",\"url\":\"https:\/\/secure.gravatar.com\/avatar\/ea457c55cfcfc8cbdb1077128f20033c33a8e982208b5ce9cc8eaeba2b6ff758?s=96&d=mm&r=g\",\"contentUrl\":\"https:\/\/secure.gravatar.com\/avatar\/ea457c55cfcfc8cbdb1077128f20033c33a8e982208b5ce9cc8eaeba2b6ff758?s=96&d=mm&r=g\",\"caption\":\"Philippe Renaud\"},\"url\":\"http:\/\/souverainete-suisse.ch\/en\/author\/philippe\/\"}]}<\/script>\n<!-- \/ Yoast SEO plugin. -->","yoast_head_json":{"title":"\ud83c\udde8\ud83c\udded They break the silence: no to Swiss-EU agreements - Swiss Sovereignty Movement","description":"Swiss\u2013EU Debate: Grassroots Women Denounce Democratic Drift and Question the Future of Direct Democracy","robots":{"index":"index","follow":"follow","max-snippet":"max-snippet:-1","max-image-preview":"max-image-preview:large","max-video-preview":"max-video-preview:-1"},"canonical":"https:\/\/souverainete-suisse.ch\/en\/2026\/04\/1084\/","og_locale":"en_GB","og_type":"article","og_title":"\ud83c\udde8\ud83c\udded Elles brisent le silence : non aux accords Suisse-UE - Mouvement Souverainet\u00e9 Suisse","og_description":"D\u00e9bat Suisse\u2013UE : des femmes du terrain d\u00e9noncent une d\u00e9rive d\u00e9mocratique et questionnent l\u2019avenir de la d\u00e9mocratie directe","og_url":"https:\/\/souverainete-suisse.ch\/en\/2026\/04\/1084\/","og_site_name":"Mouvement Souverainet\u00e9 Suisse","article_published_time":"2026-04-23T13:00:28+00:00","article_modified_time":"2026-04-28T12:43:45+00:00","og_image":[{"width":964,"height":542,"url":"https:\/\/souverainete-suisse.ch\/wp-content\/uploads\/2026\/04\/1776684979405.jpeg","type":"image\/jpeg"}],"author":"Philippe Renaud","twitter_card":"summary_large_image","twitter_misc":{"Written by":"Philippe Renaud","Estimated reading time":"4 minutes"},"schema":{"@context":"https:\/\/schema.org","@graph":[{"@type":"Article","@id":"https:\/\/souverainete-suisse.ch\/2026\/04\/1084\/#article","isPartOf":{"@id":"https:\/\/souverainete-suisse.ch\/2026\/04\/1084\/"},"author":{"name":"Philippe Renaud","@id":"https:\/\/souverainete-suisse.ch\/#\/schema\/person\/fd126a65533b168ad053321f54cad987"},"headline":"\ud83c\udde8\ud83c\udded Elles brisent le silence : non aux accords Suisse-UE","datePublished":"2026-04-23T13:00:28+00:00","dateModified":"2026-04-28T12:43:45+00:00","mainEntityOfPage":{"@id":"https:\/\/souverainete-suisse.ch\/2026\/04\/1084\/"},"wordCount":921,"publisher":{"@id":"https:\/\/souverainete-suisse.ch\/#organization"},"image":{"@id":"https:\/\/souverainete-suisse.ch\/2026\/04\/1084\/#primaryimage"},"thumbnailUrl":"https:\/\/souverainete-suisse.ch\/wp-content\/uploads\/2026\/04\/1776684979405.jpeg","articleSection":["Non class\u00e9"],"inLanguage":"en-GB"},{"@type":"WebPage","@id":"https:\/\/souverainete-suisse.ch\/2026\/04\/1084\/","url":"https:\/\/souverainete-suisse.ch\/2026\/04\/1084\/","name":"\ud83c\udde8\ud83c\udded They break the silence: no to Swiss-EU agreements - Swiss Sovereignty Movement","isPartOf":{"@id":"https:\/\/souverainete-suisse.ch\/#website"},"primaryImageOfPage":{"@id":"https:\/\/souverainete-suisse.ch\/2026\/04\/1084\/#primaryimage"},"image":{"@id":"https:\/\/souverainete-suisse.ch\/2026\/04\/1084\/#primaryimage"},"thumbnailUrl":"https:\/\/souverainete-suisse.ch\/wp-content\/uploads\/2026\/04\/1776684979405.jpeg","datePublished":"2026-04-23T13:00:28+00:00","dateModified":"2026-04-28T12:43:45+00:00","description":"Swiss\u2013EU Debate: Grassroots Women Denounce Democratic Drift and Question the Future of Direct Democracy","breadcrumb":{"@id":"https:\/\/souverainete-suisse.ch\/2026\/04\/1084\/#breadcrumb"},"inLanguage":"en-GB","potentialAction":[{"@type":"ReadAction","target":["https:\/\/souverainete-suisse.ch\/2026\/04\/1084\/"]}]},{"@type":"ImageObject","inLanguage":"en-GB","@id":"https:\/\/souverainete-suisse.ch\/2026\/04\/1084\/#primaryimage","url":"https:\/\/souverainete-suisse.ch\/wp-content\/uploads\/2026\/04\/1776684979405.jpeg","contentUrl":"https:\/\/souverainete-suisse.ch\/wp-content\/uploads\/2026\/04\/1776684979405.jpeg","width":964,"height":542},{"@type":"BreadcrumbList","@id":"https:\/\/souverainete-suisse.ch\/2026\/04\/1084\/#breadcrumb","itemListElement":[{"@type":"ListItem","position":1,"name":"Accueil","item":"https:\/\/souverainete-suisse.ch\/"},{"@type":"ListItem","position":2,"name":"\ud83c\udde8\ud83c\udded Elles brisent le silence : non aux accords Suisse-UE"}]},{"@type":"WebSite","@id":"https:\/\/souverainete-suisse.ch\/#website","url":"https:\/\/souverainete-suisse.ch\/","name":"Swiss Sovereignty Movement","description":"","publisher":{"@id":"https:\/\/souverainete-suisse.ch\/#organization"},"potentialAction":[{"@type":"SearchAction","target":{"@type":"EntryPoint","urlTemplate":"https:\/\/souverainete-suisse.ch\/?s={search_term_string}"},"query-input":{"@type":"PropertyValueSpecification","valueRequired":true,"valueName":"search_term_string"}}],"inLanguage":"en-GB"},{"@type":"Organization","@id":"https:\/\/souverainete-suisse.ch\/#organization","name":"Swiss Sovereignty Movement","url":"https:\/\/souverainete-suisse.ch\/","logo":{"@type":"ImageObject","inLanguage":"en-GB","@id":"https:\/\/souverainete-suisse.ch\/#\/schema\/logo\/image\/","url":"https:\/\/souverainete-suisse.ch\/wp-content\/uploads\/2025\/11\/logo.png","contentUrl":"https:\/\/souverainete-suisse.ch\/wp-content\/uploads\/2025\/11\/logo.png","width":2053,"height":1461,"caption":"Mouvement Souverainet\u00e9 Suisse"},"image":{"@id":"https:\/\/souverainete-suisse.ch\/#\/schema\/logo\/image\/"}},{"@type":"Person","@id":"https:\/\/souverainete-suisse.ch\/#\/schema\/person\/fd126a65533b168ad053321f54cad987","name":"Philippe Renaud","image":{"@type":"ImageObject","inLanguage":"en-GB","@id":"https:\/\/souverainete-suisse.ch\/#\/schema\/person\/image\/","url":"https:\/\/secure.gravatar.com\/avatar\/ea457c55cfcfc8cbdb1077128f20033c33a8e982208b5ce9cc8eaeba2b6ff758?s=96&d=mm&r=g","contentUrl":"https:\/\/secure.gravatar.com\/avatar\/ea457c55cfcfc8cbdb1077128f20033c33a8e982208b5ce9cc8eaeba2b6ff758?s=96&d=mm&r=g","caption":"Philippe Renaud"},"url":"http:\/\/souverainete-suisse.ch\/en\/author\/philippe\/"}]}},"_links":{"self":[{"href":"http:\/\/souverainete-suisse.ch\/en\/wp-json\/wp\/v2\/posts\/1084","targetHints":{"allow":["GET"]}}],"collection":[{"href":"http:\/\/souverainete-suisse.ch\/en\/wp-json\/wp\/v2\/posts"}],"about":[{"href":"http:\/\/souverainete-suisse.ch\/en\/wp-json\/wp\/v2\/types\/post"}],"author":[{"embeddable":true,"href":"http:\/\/souverainete-suisse.ch\/en\/wp-json\/wp\/v2\/users\/3"}],"replies":[{"embeddable":true,"href":"http:\/\/souverainete-suisse.ch\/en\/wp-json\/wp\/v2\/comments?post=1084"}],"version-history":[{"count":5,"href":"http:\/\/souverainete-suisse.ch\/en\/wp-json\/wp\/v2\/posts\/1084\/revisions"}],"predecessor-version":[{"id":1120,"href":"http:\/\/souverainete-suisse.ch\/en\/wp-json\/wp\/v2\/posts\/1084\/revisions\/1120"}],"wp:featuredmedia":[{"embeddable":true,"href":"http:\/\/souverainete-suisse.ch\/en\/wp-json\/wp\/v2\/media\/1085"}],"wp:attachment":[{"href":"http:\/\/souverainete-suisse.ch\/en\/wp-json\/wp\/v2\/media?parent=1084"}],"wp:term":[{"taxonomy":"category","embeddable":true,"href":"http:\/\/souverainete-suisse.ch\/en\/wp-json\/wp\/v2\/categories?post=1084"},{"taxonomy":"post_tag","embeddable":true,"href":"http:\/\/souverainete-suisse.ch\/en\/wp-json\/wp\/v2\/tags?post=1084"}],"curies":[{"name":"wp","href":"https:\/\/api.w.org\/{rel}","templated":true}]}}