{"id":1078,"date":"2026-04-23T13:33:39","date_gmt":"2026-04-23T11:33:39","guid":{"rendered":"https:\/\/souverainete-suisse.ch\/?p=1078"},"modified":"2026-04-28T14:44:30","modified_gmt":"2026-04-28T12:44:30","slug":"public-bank-or-court-of-inquisition-media-indecency-facing-switzerlands-survival","status":"publish","type":"post","link":"http:\/\/souverainete-suisse.ch\/en\/2026\/04\/public-bank-or-court-of-inquisition-media-indecency-facing-switzerlands-survival\/","title":{"rendered":"Public Bank or Inquisition Court? Media Indecency Versus Switzerland's Survival"},"content":{"rendered":"<p>\u00abThe end of Switzerland is no longer a scenario, it is a timeline.\u00bb Between the patronising tone of the media elites and the schizophrenic denial of the figures, the balance sheet of 25 years of free movement is a field of ruins. Behind Ariane Dayer's attacks on Nicolas Kolly lies a war against our heritage. On 14 June 2026, we will not be voting for a programme, but for the survival of our civilisation. Discover the analysis that the system wants to hide.<\/p>\n<p>&nbsp;<\/p>\n<p id=\"ember567\" class=\"ember-view reader-text-block__paragraph\">The spectacle offered by <strong>Ariane Dayer <\/strong>facing the national councillor <strong>Nicolas Kolly,<\/strong> on the show <em>Public Bank<\/em>, was not journalism, but an orchestrated media execution. By attempting to reduce the Fribourg elected official to his place of residence \u2013 the village of Essert and its 3,300 inhabitants \u2013 the \u00abjournalist\u00bb used a manipulation technique that was as crude as it was undignified: the *ad personam* attack to mask the absence of substantive arguments.<\/p>\n<h3 id=\"ember568\" class=\"ember-view reader-text-block__heading-3\">Contempt for the local as an editorial line<\/h3>\n<p id=\"ember569\" class=\"ember-view reader-text-block__paragraph\">To target Nicolas Kolly's living situation to discredit him regarding the initiative <strong>\u00abNo ten million Switzerland!\u00bb<\/strong> is an insult to direct democracy. Mrs Dayer seems to forget that Switzerland does not stop at television studios. By instrumentalising this village in Fribourg, she betrays her disdain for grassroots Switzerland, the one that is bearing the full brunt of the consequences of unchecked growth, while the intellectual elite philosophise in the cosy comfort of editorial offices generously subsidised by taxpayer money.<\/p>\n<p id=\"ember570\" class=\"ember-view reader-text-block__paragraph\">Nicolas Kolly is not defending his garden; he is defending the future of his country. Unlike his detractors, he faces raw reality head-on: that of a country reaching saturation point, its foundations cracking.<\/p>\n<h3 id=\"ember571\" class=\"ember-view reader-text-block__heading-3\">A spiritual and social heritage under threat<\/h3>\n<p id=\"ember572\" class=\"ember-view reader-text-block__paragraph\">Beyond the numbers, it is Switzerland's very soul that is at stake. Our country is not an interchangeable free trade zone; it is a nation built on <strong>Christian foundations<\/strong> who forged our concepts of liberty, individual responsibility and solidarity.<\/p>\n<p id=\"ember573\" class=\"ember-view reader-text-block__paragraph\"><strong>The expansion<\/strong> marked by communitarianism, stemming from a <strong>Muslim immigration <\/strong>and <strong>African<\/strong> whose social codes are diametrically opposed to this heritage, creating irreconcilable divisions and explosive social tensions. By refraining from demanding genuine assimilation to our ancestral values and customs, we allow a cultural face-off to take hold, which undermines confessional peace and fractures the unity of the Confederation. <strong>Switzerland cannot remain Switzerland if it forgets where it comes from.<\/strong><\/p>\n<h3 id=\"ember574\" class=\"ember-view reader-text-block__heading-3\">The Swiss model in the face of European decline<\/h3>\n<p id=\"ember575\" class=\"ember-view reader-text-block__paragraph\">Before diving into the figures of chaos, we must recall a truth that Euro-fanatics gloss over: sovereignty is the engine of our prosperity. In 2025, the <strong>Switzerland's nominal GDP per capita tops \u20ac105,000<\/strong>, while that of Germany, the EU's wheezing powerhouse, is stagnating at <strong>55 000 \u20ac<\/strong>. This 2 for 1 report is no coincidence; it's the ultimate proof that Swiss independence creates wealth, whereas European integration levels down and organises decline.<\/p>\n<p><img fetchpriority=\"high\" decoding=\"async\" class=\"alignnone wp-image-1080 size-large\" src=\"https:\/\/souverainete-suisse.ch\/wp-content\/uploads\/2026\/04\/Chaos2-1024x559.jpg\" alt=\"\" width=\"800\" height=\"437\" srcset=\"https:\/\/souverainete-suisse.ch\/wp-content\/uploads\/2026\/04\/Chaos2-1024x559.jpg 1024w, https:\/\/souverainete-suisse.ch\/wp-content\/uploads\/2026\/04\/Chaos2-300x164.jpg 300w, https:\/\/souverainete-suisse.ch\/wp-content\/uploads\/2026\/04\/Chaos2-768x419.jpg 768w, https:\/\/souverainete-suisse.ch\/wp-content\/uploads\/2026\/04\/Chaos2-1536x838.jpg 1536w, https:\/\/souverainete-suisse.ch\/wp-content\/uploads\/2026\/04\/Chaos2-2048x1117.jpg 2048w, https:\/\/souverainete-suisse.ch\/wp-content\/uploads\/2026\/04\/Chaos2-18x10.jpg 18w, https:\/\/souverainete-suisse.ch\/wp-content\/uploads\/2026\/04\/Chaos2-600x327.jpg 600w\" sizes=\"(max-width: 800px) 100vw, 800px\" \/><\/p>\n<h3 id=\"ember576\" class=\"ember-view reader-text-block__heading-3\">25 Years of Free Movement: The Reckoning For Chaos<\/h3>\n<p id=\"ember577\" class=\"ember-view reader-text-block__paragraph\">As the people are called to the polls on <strong>14 June 2026<\/strong>, it is time to confront the reality of the facts with media sophistry:<\/p>\n<ul>\n<li><strong>A demographic submersion<\/strong> With 100,000 arrivals annually, we import the equivalent of the city of Lucerne each year. Between transport gridlock, the concrete sprawl across our landscapes, and infrastructure at its breaking point, the Swiss quality of life is collapsing before our very eyes.<\/li>\n<li><strong>The myth of labour migration:<\/strong> Of these 100,000 entries, only 50,000 are assets. The remaining 50,000 are the result of a <strong>family reunification out of control<\/strong>, who saturates our public services without contributing to wealth creation. This is a shift from immigration for work to immigration for settlement.<\/li>\n<li><strong>Pauperisation and fiscal racketeering<\/strong> Caught between falling wages and unaffordable rents, the Swiss are being priced out of urban centres. To compensate for this downfall, the <strong>Europhiles are multiplying \u00abeco-friendly\u00bb taxes\u00bb<\/strong> and the disguised taxes, sacrificing the middle class on the altar of a failing European project.<\/li>\n<li><strong>The lie of unemployment:<\/strong> The official rate is a smokescreen. The real figure reaches <strong>17 %<\/strong> If we include seniors excluded from the job market and invisible job seekers. A harsh reality: 50% % of declared unemployed people are of foreign origin, proving that we are importing precariousness rather than skill.<\/li>\n<li><strong>The shipwreck of the social system<\/strong> The figures are a slap in the face: 75 % of welfare recipients do not possess the white cross passport. In Geneva, this deficit costs <strong>half a billion francs a year<\/strong>. The taxpayer should no longer have to be the banker for a suicidal policy that turns our system into an open tab for the entire world.<\/li>\n<li><strong>Imported insecurity and judicial bankruptcy<\/strong> Switzerland is no longer a haven of peace. With a prison population made up of <strong>79 % foreigners<\/strong>, our prisons are overflowing and our justice system is on the verge of collapse. This criminality, often stemming from transit networks or immigration that rejects our ways, is a reality that the left-wing media desperately try to obscure.<\/li>\n<\/ul>\n<p id=\"ember579\" class=\"ember-view reader-text-block__paragraph\">Today, supporters of free movement are playing the fireman, crying \u00abchaos\u00bb in the face of the popular initiative, perhaps a little too quickly forgetting <strong>who are the arsonists that have set fire to our national cohesion over the last 25 years<\/strong>. Their \u00abchaos\u00bb is merely a bogeyman designed to mask the disaster they themselves orchestrated.<\/p>\n<div class=\"reader-image-block reader-image-block--full-width\">\n<figure class=\"reader-image-block__figure\">\n<div class=\"ivm-image-view-model    reader-image-block__img-container\">\n<div class=\"ivm-view-attr__img-wrapper\"><img decoding=\"async\" id=\"ember580\" class=\"ivm-view-attr__img--centered  reader-image-block__img evi-image lazy-image ember-view\" src=\"https:\/\/media.licdn.com\/dms\/image\/v2\/D4E12AQHw4hTnyKHT7Q\/article-inline_image-shrink_1000_1488\/B4EZ2te9amGYAQ-\/0\/1776732067908?e=1778716800&amp;v=beta&amp;t=-IhqnZMinSjDfdnK2_ytAtF2Z03lnHlvpq55QnHYdFI\" alt=\"Content of the article\" \/><\/div>\n<\/div><figcaption class=\"reader-image-block__figure-image-caption display-block full-width text-body-small-open t-sans text-align-center t-black--light\">Their \u00abchaos\u00bb is just a scarecrow masking the disaster they've created. On June 14th, vote for real Switzerland.<\/figcaption><\/figure>\n<\/div>\n<h3 id=\"ember581\" class=\"ember-view reader-text-block__heading-3\">Conclusion: The choice of a destiny, not a decline<\/h3>\n<p id=\"ember582\" class=\"ember-view reader-text-block__paragraph\">Faced with this relentless indictment, the ad hominem attacks of a disconnected press are mere diversions. Ariane Dayer and the supporters of the status quo can try to discredit the defenders of the local area, they will not be able to erase the lived reality of the Swiss people. Every overcrowded train, every increased tax bill and every neighbourhood that changes its appearance is a reminder of the urgency.<\/p>\n<p id=\"ember583\" class=\"ember-view reader-text-block__paragraph\">Le <strong>14 June 2026<\/strong>, the Swiss people will not vote for or against a Fribourg village, nor to please the Lausanne editorial teams. They will vote to take back the keys to their house.<\/p>\n<p id=\"ember584\" class=\"ember-view reader-text-block__paragraph\">Take the initiative <strong>\u00abNo to a Switzerland of 10 million!\u00bb<\/strong>, it is refusing to become a soulless, interchangeable free zone. It is demanding that our social system once again become a bulwark for our own people, rather than a financial windfall distributed to whoever comes along. Switzerland belongs to those who love it, who respect it, and who are prepared to defend its Christian roots and its freedom against the shipwreck programmed by Euro-fanatics.<\/p>\n<h3 id=\"ember585\" class=\"ember-view reader-text-block__heading-3\">It is time to give Switzerland back its future. On June 14th, let's save our homeland.<\/h3>\n<h3 id=\"ember587\" class=\"ember-view reader-text-block__heading-3\">Faced with the contempt of the elites, let the voice of real Switzerland be heard. Like, repost and spread this message everywhere: the future of our homeland depends on it!<\/h3>","protected":false},"excerpt":{"rendered":"<p>\u00ab La fin de la Suisse n\u2019est plus un sc\u00e9nario, c\u2019est un calendrier. \u00bb Entre le m\u00e9pris affich\u00e9 des \u00e9lites m\u00e9diatiques et le d\u00e9ni schizophr\u00e8ne des chiffres, le bilan de 25 ans de libre circulation est un champ de ruines. Derri\u00e8re les attaques d&rsquo;Ariane Dayer contre Nicolas Kolly se cache une guerre contre notre h\u00e9ritage. [&hellip;]<\/p>\n","protected":false},"author":2,"featured_media":1079,"comment_status":"closed","ping_status":"closed","sticky":false,"template":"","format":"standard","meta":{"footnotes":""},"categories":[8,11],"tags":[],"class_list":["post-1078","post","type-post","status-publish","format-standard","has-post-thumbnail","hentry","category-politique-interieure","category-ue"],"yoast_head":"<!-- This site is optimized with the Yoast SEO plugin v26.9 - https:\/\/yoast.com\/product\/yoast-seo-wordpress\/ -->\n<title>\ud83c\udde8\ud83c\udded Banc Public ou Tribunal d&#039;Inquisition ? L&#039;ind\u00e9cence m\u00e9diatique face \u00e0 la survie de la Suisse - Mouvement Souverainet\u00e9 Suisse<\/title>\n<meta name=\"description\" content=\"Critique du traitement m\u00e9diatique de Nicolas Kolly dans Banc Public, d\u00e9nonciation du m\u00e9pris du terroir et plaidoyer pour l\u2019initiative \u00ab Pas de Suisse \u00e0 10 millions ! \u00bb avant la votation du 14 juin 2026\" \/>\n<meta name=\"robots\" content=\"index, follow, max-snippet:-1, max-image-preview:large, max-video-preview:-1\" \/>\n<link rel=\"canonical\" href=\"https:\/\/souverainete-suisse.ch\/en\/2026\/04\/public-bank-or-court-of-inquisition-media-indecency-facing-switzerlands-survival\/\" \/>\n<meta property=\"og:locale\" content=\"en_GB\" \/>\n<meta property=\"og:type\" content=\"article\" \/>\n<meta property=\"og:title\" content=\"\ud83c\udde8\ud83c\udded Banc Public ou Tribunal d&#039;Inquisition ? L&#039;ind\u00e9cence m\u00e9diatique face \u00e0 la survie de la Suisse - Mouvement Souverainet\u00e9 Suisse\" \/>\n<meta property=\"og:description\" content=\"Critique du traitement m\u00e9diatique de Nicolas Kolly dans Banc Public, d\u00e9nonciation du m\u00e9pris du terroir et plaidoyer pour l\u2019initiative \u00ab Pas de Suisse \u00e0 10 millions ! \u00bb avant la votation du 14 juin 2026\" \/>\n<meta property=\"og:url\" content=\"https:\/\/souverainete-suisse.ch\/en\/2026\/04\/public-bank-or-court-of-inquisition-media-indecency-facing-switzerlands-survival\/\" \/>\n<meta property=\"og:site_name\" content=\"Mouvement Souverainet\u00e9 Suisse\" \/>\n<meta property=\"article:published_time\" content=\"2026-04-23T11:33:39+00:00\" \/>\n<meta property=\"article:modified_time\" content=\"2026-04-28T12:44:30+00:00\" \/>\n<meta property=\"og:image\" content=\"https:\/\/souverainete-suisse.ch\/wp-content\/uploads\/2026\/04\/Kolly2.jpg\" \/>\n\t<meta property=\"og:image:width\" content=\"1602\" \/>\n\t<meta property=\"og:image:height\" content=\"900\" \/>\n\t<meta property=\"og:image:type\" content=\"image\/jpeg\" \/>\n<meta name=\"author\" content=\"ludom\" \/>\n<meta name=\"twitter:card\" content=\"summary_large_image\" \/>\n<meta name=\"twitter:label1\" content=\"Written by\" \/>\n\t<meta name=\"twitter:data1\" content=\"ludom\" \/>\n\t<meta name=\"twitter:label2\" content=\"Estimated reading time\" \/>\n\t<meta name=\"twitter:data2\" content=\"7 minutes\" \/>\n<script type=\"application\/ld+json\" class=\"yoast-schema-graph\">{\"@context\":\"https:\/\/schema.org\",\"@graph\":[{\"@type\":\"Article\",\"@id\":\"https:\/\/souverainete-suisse.ch\/2026\/04\/banc-public-ou-tribunal-dinquisition-lindecence-mediatique-face-a-la-survie-de-la-suisse\/#article\",\"isPartOf\":{\"@id\":\"https:\/\/souverainete-suisse.ch\/2026\/04\/banc-public-ou-tribunal-dinquisition-lindecence-mediatique-face-a-la-survie-de-la-suisse\/\"},\"author\":{\"name\":\"ludom\",\"@id\":\"https:\/\/souverainete-suisse.ch\/#\/schema\/person\/b25acb547faec24a94d7215216d68cbf\"},\"headline\":\"\ud83c\udde8\ud83c\udded Banc Public ou Tribunal d&rsquo;Inquisition ? L&rsquo;ind\u00e9cence m\u00e9diatique face \u00e0 la survie de la Suisse\",\"datePublished\":\"2026-04-23T11:33:39+00:00\",\"dateModified\":\"2026-04-28T12:44:30+00:00\",\"mainEntityOfPage\":{\"@id\":\"https:\/\/souverainete-suisse.ch\/2026\/04\/banc-public-ou-tribunal-dinquisition-lindecence-mediatique-face-a-la-survie-de-la-suisse\/\"},\"wordCount\":1272,\"publisher\":{\"@id\":\"https:\/\/souverainete-suisse.ch\/#organization\"},\"image\":{\"@id\":\"https:\/\/souverainete-suisse.ch\/2026\/04\/banc-public-ou-tribunal-dinquisition-lindecence-mediatique-face-a-la-survie-de-la-suisse\/#primaryimage\"},\"thumbnailUrl\":\"https:\/\/souverainete-suisse.ch\/wp-content\/uploads\/2026\/04\/Kolly2.jpg\",\"articleSection\":[\"Politique int\u00e9rieure\",\"UE\"],\"inLanguage\":\"en-GB\"},{\"@type\":\"WebPage\",\"@id\":\"https:\/\/souverainete-suisse.ch\/2026\/04\/banc-public-ou-tribunal-dinquisition-lindecence-mediatique-face-a-la-survie-de-la-suisse\/\",\"url\":\"https:\/\/souverainete-suisse.ch\/2026\/04\/banc-public-ou-tribunal-dinquisition-lindecence-mediatique-face-a-la-survie-de-la-suisse\/\",\"name\":\"\ud83c\udde8\ud83c\udded Banc Public ou Tribunal d'Inquisition ? L'ind\u00e9cence m\u00e9diatique face \u00e0 la survie de la Suisse - Mouvement Souverainet\u00e9 Suisse\",\"isPartOf\":{\"@id\":\"https:\/\/souverainete-suisse.ch\/#website\"},\"primaryImageOfPage\":{\"@id\":\"https:\/\/souverainete-suisse.ch\/2026\/04\/banc-public-ou-tribunal-dinquisition-lindecence-mediatique-face-a-la-survie-de-la-suisse\/#primaryimage\"},\"image\":{\"@id\":\"https:\/\/souverainete-suisse.ch\/2026\/04\/banc-public-ou-tribunal-dinquisition-lindecence-mediatique-face-a-la-survie-de-la-suisse\/#primaryimage\"},\"thumbnailUrl\":\"https:\/\/souverainete-suisse.ch\/wp-content\/uploads\/2026\/04\/Kolly2.jpg\",\"datePublished\":\"2026-04-23T11:33:39+00:00\",\"dateModified\":\"2026-04-28T12:44:30+00:00\",\"description\":\"Critique du traitement m\u00e9diatique de Nicolas Kolly dans Banc Public, d\u00e9nonciation du m\u00e9pris du terroir et plaidoyer pour l\u2019initiative \u00ab Pas de Suisse \u00e0 10 millions ! \u00bb avant la votation du 14 juin 2026\",\"breadcrumb\":{\"@id\":\"https:\/\/souverainete-suisse.ch\/2026\/04\/banc-public-ou-tribunal-dinquisition-lindecence-mediatique-face-a-la-survie-de-la-suisse\/#breadcrumb\"},\"inLanguage\":\"en-GB\",\"potentialAction\":[{\"@type\":\"ReadAction\",\"target\":[\"https:\/\/souverainete-suisse.ch\/2026\/04\/banc-public-ou-tribunal-dinquisition-lindecence-mediatique-face-a-la-survie-de-la-suisse\/\"]}]},{\"@type\":\"ImageObject\",\"inLanguage\":\"en-GB\",\"@id\":\"https:\/\/souverainete-suisse.ch\/2026\/04\/banc-public-ou-tribunal-dinquisition-lindecence-mediatique-face-a-la-survie-de-la-suisse\/#primaryimage\",\"url\":\"https:\/\/souverainete-suisse.ch\/wp-content\/uploads\/2026\/04\/Kolly2.jpg\",\"contentUrl\":\"https:\/\/souverainete-suisse.ch\/wp-content\/uploads\/2026\/04\/Kolly2.jpg\",\"width\":1602,\"height\":900,\"caption\":\"Screenshot\"},{\"@type\":\"BreadcrumbList\",\"@id\":\"https:\/\/souverainete-suisse.ch\/2026\/04\/banc-public-ou-tribunal-dinquisition-lindecence-mediatique-face-a-la-survie-de-la-suisse\/#breadcrumb\",\"itemListElement\":[{\"@type\":\"ListItem\",\"position\":1,\"name\":\"Accueil\",\"item\":\"https:\/\/souverainete-suisse.ch\/\"},{\"@type\":\"ListItem\",\"position\":2,\"name\":\"\ud83c\udde8\ud83c\udded Banc Public ou Tribunal d&#8217;Inquisition ? L&#8217;ind\u00e9cence m\u00e9diatique face \u00e0 la survie de la Suisse\"}]},{\"@type\":\"WebSite\",\"@id\":\"https:\/\/souverainete-suisse.ch\/#website\",\"url\":\"https:\/\/souverainete-suisse.ch\/\",\"name\":\"Mouvement Souverainet\u00e9 Suisse\",\"description\":\"\",\"publisher\":{\"@id\":\"https:\/\/souverainete-suisse.ch\/#organization\"},\"potentialAction\":[{\"@type\":\"SearchAction\",\"target\":{\"@type\":\"EntryPoint\",\"urlTemplate\":\"https:\/\/souverainete-suisse.ch\/?s={search_term_string}\"},\"query-input\":{\"@type\":\"PropertyValueSpecification\",\"valueRequired\":true,\"valueName\":\"search_term_string\"}}],\"inLanguage\":\"en-GB\"},{\"@type\":\"Organization\",\"@id\":\"https:\/\/souverainete-suisse.ch\/#organization\",\"name\":\"Mouvement Souverainet\u00e9 Suisse\",\"url\":\"https:\/\/souverainete-suisse.ch\/\",\"logo\":{\"@type\":\"ImageObject\",\"inLanguage\":\"en-GB\",\"@id\":\"https:\/\/souverainete-suisse.ch\/#\/schema\/logo\/image\/\",\"url\":\"https:\/\/souverainete-suisse.ch\/wp-content\/uploads\/2025\/11\/logo.png\",\"contentUrl\":\"https:\/\/souverainete-suisse.ch\/wp-content\/uploads\/2025\/11\/logo.png\",\"width\":2053,\"height\":1461,\"caption\":\"Mouvement Souverainet\u00e9 Suisse\"},\"image\":{\"@id\":\"https:\/\/souverainete-suisse.ch\/#\/schema\/logo\/image\/\"}},{\"@type\":\"Person\",\"@id\":\"https:\/\/souverainete-suisse.ch\/#\/schema\/person\/b25acb547faec24a94d7215216d68cbf\",\"name\":\"ludom\",\"image\":{\"@type\":\"ImageObject\",\"inLanguage\":\"en-GB\",\"@id\":\"https:\/\/souverainete-suisse.ch\/#\/schema\/person\/image\/\",\"url\":\"https:\/\/secure.gravatar.com\/avatar\/77b40fd8e49e537abcea7487b290688ce92143c3443b1d3f419149c67282ffb4?s=96&d=mm&r=g\",\"contentUrl\":\"https:\/\/secure.gravatar.com\/avatar\/77b40fd8e49e537abcea7487b290688ce92143c3443b1d3f419149c67282ffb4?s=96&d=mm&r=g\",\"caption\":\"ludom\"},\"url\":\"http:\/\/souverainete-suisse.ch\/en\/author\/ludom\/\"}]}<\/script>\n<!-- \/ Yoast SEO plugin. -->","yoast_head_json":{"title":"\ud83c\udde8\ud83c\udded Banc Public ou Tribunal d'Inquisition ? L'ind\u00e9cence m\u00e9diatique face \u00e0 la survie de la Suisse - Mouvement Souverainet\u00e9 Suisse","description":"Critique of the media coverage of Nicolas Kolly in Banc Public, denunciation of contempt for the local region and a plea for the \u00abNo to 10 million Swiss!\u00bb initiative before the vote on 14 June 2026","robots":{"index":"index","follow":"follow","max-snippet":"max-snippet:-1","max-image-preview":"max-image-preview:large","max-video-preview":"max-video-preview:-1"},"canonical":"https:\/\/souverainete-suisse.ch\/en\/2026\/04\/public-bank-or-court-of-inquisition-media-indecency-facing-switzerlands-survival\/","og_locale":"en_GB","og_type":"article","og_title":"\ud83c\udde8\ud83c\udded Banc Public ou Tribunal d'Inquisition ? L'ind\u00e9cence m\u00e9diatique face \u00e0 la survie de la Suisse - Mouvement Souverainet\u00e9 Suisse","og_description":"Critique du traitement m\u00e9diatique de Nicolas Kolly dans Banc Public, d\u00e9nonciation du m\u00e9pris du terroir et plaidoyer pour l\u2019initiative \u00ab Pas de Suisse \u00e0 10 millions ! \u00bb avant la votation du 14 juin 2026","og_url":"https:\/\/souverainete-suisse.ch\/en\/2026\/04\/public-bank-or-court-of-inquisition-media-indecency-facing-switzerlands-survival\/","og_site_name":"Mouvement Souverainet\u00e9 Suisse","article_published_time":"2026-04-23T11:33:39+00:00","article_modified_time":"2026-04-28T12:44:30+00:00","og_image":[{"width":1602,"height":900,"url":"https:\/\/souverainete-suisse.ch\/wp-content\/uploads\/2026\/04\/Kolly2.jpg","type":"image\/jpeg"}],"author":"ludom","twitter_card":"summary_large_image","twitter_misc":{"Written by":"ludom","Estimated reading time":"7 minutes"},"schema":{"@context":"https:\/\/schema.org","@graph":[{"@type":"Article","@id":"https:\/\/souverainete-suisse.ch\/2026\/04\/banc-public-ou-tribunal-dinquisition-lindecence-mediatique-face-a-la-survie-de-la-suisse\/#article","isPartOf":{"@id":"https:\/\/souverainete-suisse.ch\/2026\/04\/banc-public-ou-tribunal-dinquisition-lindecence-mediatique-face-a-la-survie-de-la-suisse\/"},"author":{"name":"ludom","@id":"https:\/\/souverainete-suisse.ch\/#\/schema\/person\/b25acb547faec24a94d7215216d68cbf"},"headline":"\ud83c\udde8\ud83c\udded Banc Public ou Tribunal d&rsquo;Inquisition ? L&rsquo;ind\u00e9cence m\u00e9diatique face \u00e0 la survie de la Suisse","datePublished":"2026-04-23T11:33:39+00:00","dateModified":"2026-04-28T12:44:30+00:00","mainEntityOfPage":{"@id":"https:\/\/souverainete-suisse.ch\/2026\/04\/banc-public-ou-tribunal-dinquisition-lindecence-mediatique-face-a-la-survie-de-la-suisse\/"},"wordCount":1272,"publisher":{"@id":"https:\/\/souverainete-suisse.ch\/#organization"},"image":{"@id":"https:\/\/souverainete-suisse.ch\/2026\/04\/banc-public-ou-tribunal-dinquisition-lindecence-mediatique-face-a-la-survie-de-la-suisse\/#primaryimage"},"thumbnailUrl":"https:\/\/souverainete-suisse.ch\/wp-content\/uploads\/2026\/04\/Kolly2.jpg","articleSection":["Politique int\u00e9rieure","UE"],"inLanguage":"en-GB"},{"@type":"WebPage","@id":"https:\/\/souverainete-suisse.ch\/2026\/04\/banc-public-ou-tribunal-dinquisition-lindecence-mediatique-face-a-la-survie-de-la-suisse\/","url":"https:\/\/souverainete-suisse.ch\/2026\/04\/banc-public-ou-tribunal-dinquisition-lindecence-mediatique-face-a-la-survie-de-la-suisse\/","name":"\ud83c\udde8\ud83c\udded Banc Public ou Tribunal d'Inquisition ? L'ind\u00e9cence m\u00e9diatique face \u00e0 la survie de la Suisse - Mouvement Souverainet\u00e9 Suisse","isPartOf":{"@id":"https:\/\/souverainete-suisse.ch\/#website"},"primaryImageOfPage":{"@id":"https:\/\/souverainete-suisse.ch\/2026\/04\/banc-public-ou-tribunal-dinquisition-lindecence-mediatique-face-a-la-survie-de-la-suisse\/#primaryimage"},"image":{"@id":"https:\/\/souverainete-suisse.ch\/2026\/04\/banc-public-ou-tribunal-dinquisition-lindecence-mediatique-face-a-la-survie-de-la-suisse\/#primaryimage"},"thumbnailUrl":"https:\/\/souverainete-suisse.ch\/wp-content\/uploads\/2026\/04\/Kolly2.jpg","datePublished":"2026-04-23T11:33:39+00:00","dateModified":"2026-04-28T12:44:30+00:00","description":"Critique of the media coverage of Nicolas Kolly in Banc Public, denunciation of contempt for the local region and a plea for the \u00abNo to 10 million Swiss!\u00bb initiative before the vote on 14 June 2026","breadcrumb":{"@id":"https:\/\/souverainete-suisse.ch\/2026\/04\/banc-public-ou-tribunal-dinquisition-lindecence-mediatique-face-a-la-survie-de-la-suisse\/#breadcrumb"},"inLanguage":"en-GB","potentialAction":[{"@type":"ReadAction","target":["https:\/\/souverainete-suisse.ch\/2026\/04\/banc-public-ou-tribunal-dinquisition-lindecence-mediatique-face-a-la-survie-de-la-suisse\/"]}]},{"@type":"ImageObject","inLanguage":"en-GB","@id":"https:\/\/souverainete-suisse.ch\/2026\/04\/banc-public-ou-tribunal-dinquisition-lindecence-mediatique-face-a-la-survie-de-la-suisse\/#primaryimage","url":"https:\/\/souverainete-suisse.ch\/wp-content\/uploads\/2026\/04\/Kolly2.jpg","contentUrl":"https:\/\/souverainete-suisse.ch\/wp-content\/uploads\/2026\/04\/Kolly2.jpg","width":1602,"height":900,"caption":"Screenshot"},{"@type":"BreadcrumbList","@id":"https:\/\/souverainete-suisse.ch\/2026\/04\/banc-public-ou-tribunal-dinquisition-lindecence-mediatique-face-a-la-survie-de-la-suisse\/#breadcrumb","itemListElement":[{"@type":"ListItem","position":1,"name":"Accueil","item":"https:\/\/souverainete-suisse.ch\/"},{"@type":"ListItem","position":2,"name":"\ud83c\udde8\ud83c\udded Banc Public ou Tribunal d&#8217;Inquisition ? L&#8217;ind\u00e9cence m\u00e9diatique face \u00e0 la survie de la Suisse"}]},{"@type":"WebSite","@id":"https:\/\/souverainete-suisse.ch\/#website","url":"https:\/\/souverainete-suisse.ch\/","name":"Swiss Sovereignty Movement","description":"","publisher":{"@id":"https:\/\/souverainete-suisse.ch\/#organization"},"potentialAction":[{"@type":"SearchAction","target":{"@type":"EntryPoint","urlTemplate":"https:\/\/souverainete-suisse.ch\/?s={search_term_string}"},"query-input":{"@type":"PropertyValueSpecification","valueRequired":true,"valueName":"search_term_string"}}],"inLanguage":"en-GB"},{"@type":"Organization","@id":"https:\/\/souverainete-suisse.ch\/#organization","name":"Swiss Sovereignty Movement","url":"https:\/\/souverainete-suisse.ch\/","logo":{"@type":"ImageObject","inLanguage":"en-GB","@id":"https:\/\/souverainete-suisse.ch\/#\/schema\/logo\/image\/","url":"https:\/\/souverainete-suisse.ch\/wp-content\/uploads\/2025\/11\/logo.png","contentUrl":"https:\/\/souverainete-suisse.ch\/wp-content\/uploads\/2025\/11\/logo.png","width":2053,"height":1461,"caption":"Mouvement Souverainet\u00e9 Suisse"},"image":{"@id":"https:\/\/souverainete-suisse.ch\/#\/schema\/logo\/image\/"}},{"@type":"Person","@id":"https:\/\/souverainete-suisse.ch\/#\/schema\/person\/b25acb547faec24a94d7215216d68cbf","name":"ludom","image":{"@type":"ImageObject","inLanguage":"en-GB","@id":"https:\/\/souverainete-suisse.ch\/#\/schema\/person\/image\/","url":"https:\/\/secure.gravatar.com\/avatar\/77b40fd8e49e537abcea7487b290688ce92143c3443b1d3f419149c67282ffb4?s=96&d=mm&r=g","contentUrl":"https:\/\/secure.gravatar.com\/avatar\/77b40fd8e49e537abcea7487b290688ce92143c3443b1d3f419149c67282ffb4?s=96&d=mm&r=g","caption":"ludom"},"url":"http:\/\/souverainete-suisse.ch\/en\/author\/ludom\/"}]}},"_links":{"self":[{"href":"http:\/\/souverainete-suisse.ch\/en\/wp-json\/wp\/v2\/posts\/1078","targetHints":{"allow":["GET"]}}],"collection":[{"href":"http:\/\/souverainete-suisse.ch\/en\/wp-json\/wp\/v2\/posts"}],"about":[{"href":"http:\/\/souverainete-suisse.ch\/en\/wp-json\/wp\/v2\/types\/post"}],"author":[{"embeddable":true,"href":"http:\/\/souverainete-suisse.ch\/en\/wp-json\/wp\/v2\/users\/2"}],"replies":[{"embeddable":true,"href":"http:\/\/souverainete-suisse.ch\/en\/wp-json\/wp\/v2\/comments?post=1078"}],"version-history":[{"count":2,"href":"http:\/\/souverainete-suisse.ch\/en\/wp-json\/wp\/v2\/posts\/1078\/revisions"}],"predecessor-version":[{"id":1125,"href":"http:\/\/souverainete-suisse.ch\/en\/wp-json\/wp\/v2\/posts\/1078\/revisions\/1125"}],"wp:featuredmedia":[{"embeddable":true,"href":"http:\/\/souverainete-suisse.ch\/en\/wp-json\/wp\/v2\/media\/1079"}],"wp:attachment":[{"href":"http:\/\/souverainete-suisse.ch\/en\/wp-json\/wp\/v2\/media?parent=1078"}],"wp:term":[{"taxonomy":"category","embeddable":true,"href":"http:\/\/souverainete-suisse.ch\/en\/wp-json\/wp\/v2\/categories?post=1078"},{"taxonomy":"post_tag","embeddable":true,"href":"http:\/\/souverainete-suisse.ch\/en\/wp-json\/wp\/v2\/tags?post=1078"}],"curies":[{"name":"wp","href":"https:\/\/api.w.org\/{rel}","templated":true}]}}