{"id":1074,"date":"2026-04-21T13:31:27","date_gmt":"2026-04-21T11:31:27","guid":{"rendered":"https:\/\/souverainete-suisse.ch\/?p=1074"},"modified":"2026-04-28T14:44:04","modified_gmt":"2026-04-28T12:44:04","slug":"ending-the-migratory-chaos-and-restoring-sovereignty-stephan-rietikers-lucid-diagnosis","status":"publish","type":"post","link":"http:\/\/souverainete-suisse.ch\/en\/2026\/04\/ending-the-migratory-chaos-and-restoring-sovereignty-stephan-rietikers-lucid-diagnosis\/","title":{"rendered":"\ud83c\udde8\ud83c\udded Ending migratory chaos and restoring sovereignty: Stephan Rietiker's lucid diagnosis"},"content":{"rendered":"<p>Between unkept promises and explosive reality, the migration issue presents itself as the breaking point for the Swiss model. In this interview, Pro Suisse gives voice to a widely felt unease: loss of control, pressure on infrastructure, and institutional drift. The \u00abNo to 10 Million Swiss\u00bb initiative on June 14th could well be the first nail in the coffin of the EU agreement for submission, which is nothing more than gradual accession through law and standards.<\/p>\n<p id=\"ember3463\" class=\"ember-view reader-text-block__paragraph\"><strong>Source :<\/strong> Interview with Stephan Rietiker in <em>24 Hours<\/em><\/p>\n<h3 id=\"ember3464\" class=\"ember-view reader-text-block__heading-3\">A finding that has become undeniable: uncontrolled migratory pressure<\/h3>\n<p id=\"ember3465\" class=\"ember-view reader-text-block__paragraph\">Stephan Rietiker's analysis is based on a fact that more and more Swiss people are experiencing concretely: <strong>Rapid population growth puts direct pressure on the country<\/strong>.<\/p>\n<p id=\"ember3466\" class=\"ember-view reader-text-block__paragraph\">Since 2000, Switzerland has gained nearly <strong>2 million inhabitants<\/strong>, an unprecedented evolution. But above all, a key element must be remembered:<\/p>\n<p id=\"ember3467\" class=\"ember-view reader-text-block__paragraph\">During debates on free movement, the Federal Council spoke of controlled flows of around <strong>8,000 net entries per year<\/strong>.<\/p>\n<p id=\"ember3468\" class=\"ember-view reader-text-block__paragraph\">\u2b95 <strong>The observed reality is quite different: around 75,000 net annual entries<\/strong> in recent years.<\/p>\n<p id=\"ember3469\" class=\"ember-view reader-text-block__paragraph\">This massive discrepancy is not a mere forecasting error:<\/p>\n<p id=\"ember3470\" class=\"ember-view reader-text-block__paragraph\">it's a <strong>major political breakdown of trust<\/strong>.<\/p>\n<p id=\"ember3471\" class=\"ember-view reader-text-block__paragraph\">Concrete consequences:<\/p>\n<ul>\n<li>Rent explosion<\/li>\n<li>Infrastructure saturation<\/li>\n<li>increased pressure on wages and public services<\/li>\n<\/ul>\n<p id=\"ember3473\" class=\"ember-view reader-text-block__paragraph\">\u00abChaos\u00bb used by Rietiker corresponds to a lived reality.<\/p>\n<h3 id=\"ember3474\" class=\"ember-view reader-text-block__heading-3\">Regaining control: a selective and sovereign immigration policy<\/h3>\n<p id=\"ember3475\" class=\"ember-view reader-text-block__paragraph\">The proposal is clear:<\/p>\n<blockquote id=\"ember3476\" class=\"ember-view reader-text-block__blockquote\"><p>\u00abTo welcome only those people we truly need.\u00bb<\/p><\/blockquote>\n<p id=\"ember3477\" class=\"ember-view reader-text-block__paragraph\">With a budget of around <strong>40,000 annual entries<\/strong>, Switzerland could:<\/p>\n<ul>\n<li>find a <strong>control of its growth<\/strong><\/li>\n<li>target high-calibre profiles<\/li>\n<li>reduce structural pressure<\/li>\n<\/ul>\n<p id=\"ember3479\" class=\"ember-view reader-text-block__paragraph\">It's not about closing Switzerland off, but about <strong>to put an end to uncontrolled and imposed immigration<\/strong>.<\/p>\n<p id=\"ember3480\" class=\"ember-view reader-text-block__paragraph\">The current free movement precisely prevents this steering.<\/p>\n<h3 id=\"ember3481\" class=\"ember-view reader-text-block__heading-3\">Cross-border workers: a pragmatic solution<\/h3>\n<p id=\"ember3482\" class=\"ember-view reader-text-block__paragraph\">Rietiker highlights an often overlooked point:<\/p>\n<blockquote id=\"ember3483\" class=\"ember-view reader-text-block__blockquote\"><p>\u00abCross-border workers are a lesser evil\u00bb<\/p><\/blockquote>\n<p id=\"ember3484\" class=\"ember-view reader-text-block__paragraph\">Indeed, cross-border workers:<\/p>\n<ul>\n<li>they do not saturate the housing<\/li>\n<li>use social services less<\/li>\n<li>contributing to the economy without settling permanently<\/li>\n<\/ul>\n<p id=\"ember3486\" class=\"ember-view reader-text-block__paragraph\">With about <strong>380,000 cross-border workers<\/strong>, Switzerland already has a flexibility tool.<\/p>\n<p id=\"ember3487\" class=\"ember-view reader-text-block__paragraph\">This distinction allows to <strong>To preserve the economy without worsening internal demographic pressure<\/strong>.<\/p>\n<h3 id=\"ember3488\" class=\"ember-view reader-text-block__heading-3\">Agreements with the EU: a drift towards loss of sovereignty<\/h3>\n<p id=\"ember3489\" class=\"ember-view reader-text-block__paragraph\">Rietiker rightly denounces the \u201cBilaterals III\u201d:<\/p>\n<blockquote id=\"ember3490\" class=\"ember-view reader-text-block__blockquote\"><p>\u00abA blatant lie\u00bb<\/p><\/blockquote>\n<p id=\"ember3491\" class=\"ember-view reader-text-block__paragraph\">These agreements involve:<\/p>\n<ul>\n<li>dynamic take-up of European law<\/li>\n<li>Increased role of the Court of Justice of the European Union<\/li>\n<li>weakening of the people's power<\/li>\n<\/ul>\n<p id=\"ember3493\" class=\"ember-view reader-text-block__paragraph\">\u2b95 We're moving from balanced agreements to a <strong>Progressive integration without membership voting<\/strong>.<\/p>\n<p id=\"ember3494\" class=\"ember-view reader-text-block__paragraph\">The initiative thus constitutes a <strong>essential democratic stopping point<\/strong>.<\/p>\n<h3 id=\"ember3495\" class=\"ember-view reader-text-block__heading-3\">The EU: a partner, but not a model<\/h3>\n<p id=\"ember3496\" class=\"ember-view reader-text-block__paragraph\">Rietiker calls into question the idea of automatic alignment:<\/p>\n<ul>\n<li>German economic stagnation<\/li>\n<li>energy instability<\/li>\n<li>growing bureaucracy<\/li>\n<\/ul>\n<p id=\"ember3498\" class=\"ember-view reader-text-block__paragraph\">The more one aligns oneself with this system, the greater the risk of\u2019<strong>to import one's fragilities<\/strong>.<\/p>\n<h3 id=\"ember3499\" class=\"ember-view reader-text-block__heading-3\">Neutrality: a strategic strength<\/h3>\n<blockquote id=\"ember3500\" class=\"ember-view reader-text-block__blockquote\"><p>\u00abNeutrality does not equal cowardice\u00bb<\/p><\/blockquote>\n<p id=\"ember3501\" class=\"ember-view reader-text-block__paragraph\">Swiss neutrality:<\/p>\n<ul>\n<li>strengthen international credibility<\/li>\n<li>facilitates global economic relations<\/li>\n<li>protect the country from bloc logic<\/li>\n<\/ul>\n<p id=\"ember3503\" class=\"ember-view reader-text-block__paragraph\">Diluting it would amount to weakening a historic pillar of Swiss prosperity.<\/p>\n<h3 id=\"ember3504\" class=\"ember-view reader-text-block__heading-3\">A coherent vision: sovereignty, stability, prosperity<\/h3>\n<p id=\"ember3505\" class=\"ember-view reader-text-block__paragraph\">The Pro Suisse project is structured around four axes:<\/p>\n<ul>\n<li>democratic control of immigration<\/li>\n<li>Infrastructure protection<\/li>\n<li>Legal independence<\/li>\n<li>declared neutrality<\/li>\n<\/ul>\n<p id=\"ember3507\" class=\"ember-view reader-text-block__paragraph\">The \u00abNo to 10 Million Swiss\u00bb initiative becomes a <strong>global strategic tool<\/strong>.<\/p>\n<h3 id=\"ember3508\" class=\"ember-view reader-text-block__heading-3\">Conclusion<\/h3>\n<p id=\"ember3509\" class=\"ember-view reader-text-block__paragraph\">The interview with Stephan Rietiker in <em>24 Hours<\/em> highlights a fundamental reality:<\/p>\n<p id=\"ember3510\" class=\"ember-view reader-text-block__paragraph\"><strong>The initial promises on immigration have not been met.<\/strong>.<\/p>\n<p id=\"ember3511\" class=\"ember-view reader-text-block__paragraph\">Between the <strong>8,000 entries announced<\/strong> and the <strong>75,000 observed<\/strong>, the gap is such that it justifies a complete overhaul of the system.<\/p>\n<p id=\"ember3512\" class=\"ember-view reader-text-block__paragraph\">Taking back control is no longer an ideological option, but a <strong>political necessity to restore Switzerland's trust, stability, and sovereignty<\/strong>.<\/p>\n<p id=\"ember3513\" class=\"ember-view reader-text-block__paragraph\">\n<p>&nbsp;<\/p>","protected":false},"excerpt":{"rendered":"<p>Entre promesses non tenues et r\u00e9alit\u00e9 explosive, la question migratoire s\u2019impose comme le point de rupture du mod\u00e8le suisse. Dans cet entretien, Pro Suisse met des mots sur un malaise largement ressenti : perte de contr\u00f4le, pression sur les infrastructures et d\u00e9rive institutionnelle. L\u2019initiative \u00abNon \u00e0 une Suisse \u00e0 10 millions\u00bb le 14 juin pourrait [&hellip;]<\/p>\n","protected":false},"author":2,"featured_media":1075,"comment_status":"closed","ping_status":"closed","sticky":false,"template":"","format":"standard","meta":{"footnotes":""},"categories":[8,11],"tags":[],"class_list":["post-1074","post","type-post","status-publish","format-standard","has-post-thumbnail","hentry","category-politique-interieure","category-ue"],"yoast_head":"<!-- This site is optimized with the Yoast SEO plugin v26.9 - https:\/\/yoast.com\/product\/yoast-seo-wordpress\/ -->\n<title>\ud83c\udde8\ud83c\udded Mettre fin au chaos migratoire et restaurer la souverainet\u00e9 : le diagnostic lucide de Stephan Rietiker - Mouvement Souverainet\u00e9 Suisse<\/title>\n<meta name=\"description\" content=\"Immigration en Suisse : entre promesses et r\u00e9alit\u00e9, l\u2019analyse de Stephan Rietiker met en lumi\u00e8re une pression d\u00e9mographique croissante et appelle \u00e0 reprendre le contr\u00f4le pour pr\u00e9server souverainet\u00e9 et stabilit\u00e9.\" \/>\n<meta name=\"robots\" content=\"index, follow, max-snippet:-1, max-image-preview:large, max-video-preview:-1\" \/>\n<link rel=\"canonical\" href=\"https:\/\/souverainete-suisse.ch\/en\/2026\/04\/ending-the-migratory-chaos-and-restoring-sovereignty-stephan-rietikers-lucid-diagnosis\/\" \/>\n<meta property=\"og:locale\" content=\"en_GB\" \/>\n<meta property=\"og:type\" content=\"article\" \/>\n<meta property=\"og:title\" content=\"\ud83c\udde8\ud83c\udded Mettre fin au chaos migratoire et restaurer la souverainet\u00e9 : le diagnostic lucide de Stephan Rietiker - Mouvement Souverainet\u00e9 Suisse\" \/>\n<meta property=\"og:description\" content=\"Immigration en Suisse : entre promesses et r\u00e9alit\u00e9, l\u2019analyse de Stephan Rietiker met en lumi\u00e8re une pression d\u00e9mographique croissante et appelle \u00e0 reprendre le contr\u00f4le pour pr\u00e9server souverainet\u00e9 et stabilit\u00e9.\" \/>\n<meta property=\"og:url\" content=\"https:\/\/souverainete-suisse.ch\/en\/2026\/04\/ending-the-migratory-chaos-and-restoring-sovereignty-stephan-rietikers-lucid-diagnosis\/\" \/>\n<meta property=\"og:site_name\" content=\"Mouvement Souverainet\u00e9 Suisse\" \/>\n<meta property=\"article:published_time\" content=\"2026-04-21T11:31:27+00:00\" \/>\n<meta property=\"article:modified_time\" content=\"2026-04-28T12:44:04+00:00\" \/>\n<meta property=\"og:image\" content=\"https:\/\/souverainete-suisse.ch\/wp-content\/uploads\/2026\/04\/Pro-Suisse.jpg\" \/>\n\t<meta property=\"og:image:width\" content=\"2560\" \/>\n\t<meta property=\"og:image:height\" content=\"1440\" \/>\n\t<meta property=\"og:image:type\" content=\"image\/jpeg\" \/>\n<meta name=\"author\" content=\"ludom\" \/>\n<meta name=\"twitter:card\" content=\"summary_large_image\" \/>\n<meta name=\"twitter:label1\" content=\"Written by\" \/>\n\t<meta name=\"twitter:data1\" content=\"ludom\" \/>\n\t<meta name=\"twitter:label2\" content=\"Estimated reading time\" \/>\n\t<meta name=\"twitter:data2\" content=\"4 minutes\" \/>\n<script type=\"application\/ld+json\" class=\"yoast-schema-graph\">{\"@context\":\"https:\/\/schema.org\",\"@graph\":[{\"@type\":\"Article\",\"@id\":\"https:\/\/souverainete-suisse.ch\/2026\/04\/mettre-fin-au-chaos-migratoire-et-restaurer-la-souverainete-le-diagnostic-lucide-de-stephan-rietiker\/#article\",\"isPartOf\":{\"@id\":\"https:\/\/souverainete-suisse.ch\/2026\/04\/mettre-fin-au-chaos-migratoire-et-restaurer-la-souverainete-le-diagnostic-lucide-de-stephan-rietiker\/\"},\"author\":{\"name\":\"ludom\",\"@id\":\"https:\/\/souverainete-suisse.ch\/#\/schema\/person\/b25acb547faec24a94d7215216d68cbf\"},\"headline\":\"\ud83c\udde8\ud83c\udded Mettre fin au chaos migratoire et restaurer la souverainet\u00e9 : le diagnostic lucide de Stephan Rietiker\",\"datePublished\":\"2026-04-21T11:31:27+00:00\",\"dateModified\":\"2026-04-28T12:44:04+00:00\",\"mainEntityOfPage\":{\"@id\":\"https:\/\/souverainete-suisse.ch\/2026\/04\/mettre-fin-au-chaos-migratoire-et-restaurer-la-souverainete-le-diagnostic-lucide-de-stephan-rietiker\/\"},\"wordCount\":714,\"publisher\":{\"@id\":\"https:\/\/souverainete-suisse.ch\/#organization\"},\"image\":{\"@id\":\"https:\/\/souverainete-suisse.ch\/2026\/04\/mettre-fin-au-chaos-migratoire-et-restaurer-la-souverainete-le-diagnostic-lucide-de-stephan-rietiker\/#primaryimage\"},\"thumbnailUrl\":\"https:\/\/souverainete-suisse.ch\/wp-content\/uploads\/2026\/04\/Pro-Suisse.jpg\",\"articleSection\":[\"Politique int\u00e9rieure\",\"UE\"],\"inLanguage\":\"en-GB\"},{\"@type\":\"WebPage\",\"@id\":\"https:\/\/souverainete-suisse.ch\/2026\/04\/mettre-fin-au-chaos-migratoire-et-restaurer-la-souverainete-le-diagnostic-lucide-de-stephan-rietiker\/\",\"url\":\"https:\/\/souverainete-suisse.ch\/2026\/04\/mettre-fin-au-chaos-migratoire-et-restaurer-la-souverainete-le-diagnostic-lucide-de-stephan-rietiker\/\",\"name\":\"\ud83c\udde8\ud83c\udded Mettre fin au chaos migratoire et restaurer la souverainet\u00e9 : le diagnostic lucide de Stephan Rietiker - Mouvement Souverainet\u00e9 Suisse\",\"isPartOf\":{\"@id\":\"https:\/\/souverainete-suisse.ch\/#website\"},\"primaryImageOfPage\":{\"@id\":\"https:\/\/souverainete-suisse.ch\/2026\/04\/mettre-fin-au-chaos-migratoire-et-restaurer-la-souverainete-le-diagnostic-lucide-de-stephan-rietiker\/#primaryimage\"},\"image\":{\"@id\":\"https:\/\/souverainete-suisse.ch\/2026\/04\/mettre-fin-au-chaos-migratoire-et-restaurer-la-souverainete-le-diagnostic-lucide-de-stephan-rietiker\/#primaryimage\"},\"thumbnailUrl\":\"https:\/\/souverainete-suisse.ch\/wp-content\/uploads\/2026\/04\/Pro-Suisse.jpg\",\"datePublished\":\"2026-04-21T11:31:27+00:00\",\"dateModified\":\"2026-04-28T12:44:04+00:00\",\"description\":\"Immigration en Suisse : entre promesses et r\u00e9alit\u00e9, l\u2019analyse de Stephan Rietiker met en lumi\u00e8re une pression d\u00e9mographique croissante et appelle \u00e0 reprendre le contr\u00f4le pour pr\u00e9server souverainet\u00e9 et stabilit\u00e9.\",\"breadcrumb\":{\"@id\":\"https:\/\/souverainete-suisse.ch\/2026\/04\/mettre-fin-au-chaos-migratoire-et-restaurer-la-souverainete-le-diagnostic-lucide-de-stephan-rietiker\/#breadcrumb\"},\"inLanguage\":\"en-GB\",\"potentialAction\":[{\"@type\":\"ReadAction\",\"target\":[\"https:\/\/souverainete-suisse.ch\/2026\/04\/mettre-fin-au-chaos-migratoire-et-restaurer-la-souverainete-le-diagnostic-lucide-de-stephan-rietiker\/\"]}]},{\"@type\":\"ImageObject\",\"inLanguage\":\"en-GB\",\"@id\":\"https:\/\/souverainete-suisse.ch\/2026\/04\/mettre-fin-au-chaos-migratoire-et-restaurer-la-souverainete-le-diagnostic-lucide-de-stephan-rietiker\/#primaryimage\",\"url\":\"https:\/\/souverainete-suisse.ch\/wp-content\/uploads\/2026\/04\/Pro-Suisse.jpg\",\"contentUrl\":\"https:\/\/souverainete-suisse.ch\/wp-content\/uploads\/2026\/04\/Pro-Suisse.jpg\",\"width\":2560,\"height\":1440},{\"@type\":\"BreadcrumbList\",\"@id\":\"https:\/\/souverainete-suisse.ch\/2026\/04\/mettre-fin-au-chaos-migratoire-et-restaurer-la-souverainete-le-diagnostic-lucide-de-stephan-rietiker\/#breadcrumb\",\"itemListElement\":[{\"@type\":\"ListItem\",\"position\":1,\"name\":\"Accueil\",\"item\":\"https:\/\/souverainete-suisse.ch\/\"},{\"@type\":\"ListItem\",\"position\":2,\"name\":\"\ud83c\udde8\ud83c\udded Mettre fin au chaos migratoire et restaurer la souverainet\u00e9 : le diagnostic lucide de Stephan Rietiker\"}]},{\"@type\":\"WebSite\",\"@id\":\"https:\/\/souverainete-suisse.ch\/#website\",\"url\":\"https:\/\/souverainete-suisse.ch\/\",\"name\":\"Mouvement Souverainet\u00e9 Suisse\",\"description\":\"\",\"publisher\":{\"@id\":\"https:\/\/souverainete-suisse.ch\/#organization\"},\"potentialAction\":[{\"@type\":\"SearchAction\",\"target\":{\"@type\":\"EntryPoint\",\"urlTemplate\":\"https:\/\/souverainete-suisse.ch\/?s={search_term_string}\"},\"query-input\":{\"@type\":\"PropertyValueSpecification\",\"valueRequired\":true,\"valueName\":\"search_term_string\"}}],\"inLanguage\":\"en-GB\"},{\"@type\":\"Organization\",\"@id\":\"https:\/\/souverainete-suisse.ch\/#organization\",\"name\":\"Mouvement Souverainet\u00e9 Suisse\",\"url\":\"https:\/\/souverainete-suisse.ch\/\",\"logo\":{\"@type\":\"ImageObject\",\"inLanguage\":\"en-GB\",\"@id\":\"https:\/\/souverainete-suisse.ch\/#\/schema\/logo\/image\/\",\"url\":\"https:\/\/souverainete-suisse.ch\/wp-content\/uploads\/2025\/11\/logo.png\",\"contentUrl\":\"https:\/\/souverainete-suisse.ch\/wp-content\/uploads\/2025\/11\/logo.png\",\"width\":2053,\"height\":1461,\"caption\":\"Mouvement Souverainet\u00e9 Suisse\"},\"image\":{\"@id\":\"https:\/\/souverainete-suisse.ch\/#\/schema\/logo\/image\/\"}},{\"@type\":\"Person\",\"@id\":\"https:\/\/souverainete-suisse.ch\/#\/schema\/person\/b25acb547faec24a94d7215216d68cbf\",\"name\":\"ludom\",\"image\":{\"@type\":\"ImageObject\",\"inLanguage\":\"en-GB\",\"@id\":\"https:\/\/souverainete-suisse.ch\/#\/schema\/person\/image\/\",\"url\":\"https:\/\/secure.gravatar.com\/avatar\/77b40fd8e49e537abcea7487b290688ce92143c3443b1d3f419149c67282ffb4?s=96&d=mm&r=g\",\"contentUrl\":\"https:\/\/secure.gravatar.com\/avatar\/77b40fd8e49e537abcea7487b290688ce92143c3443b1d3f419149c67282ffb4?s=96&d=mm&r=g\",\"caption\":\"ludom\"},\"url\":\"http:\/\/souverainete-suisse.ch\/en\/author\/ludom\/\"}]}<\/script>\n<!-- \/ Yoast SEO plugin. -->","yoast_head_json":{"title":"\ud83c\udde8\ud83c\udded Mettre fin au chaos migratoire et restaurer la souverainet\u00e9 : le diagnostic lucide de Stephan Rietiker - Mouvement Souverainet\u00e9 Suisse","description":"Immigration in Switzerland: between promises and reality, Stephan Rietiker's analysis highlights growing demographic pressure and calls for regaining control to preserve sovereignty and stability.","robots":{"index":"index","follow":"follow","max-snippet":"max-snippet:-1","max-image-preview":"max-image-preview:large","max-video-preview":"max-video-preview:-1"},"canonical":"https:\/\/souverainete-suisse.ch\/en\/2026\/04\/ending-the-migratory-chaos-and-restoring-sovereignty-stephan-rietikers-lucid-diagnosis\/","og_locale":"en_GB","og_type":"article","og_title":"\ud83c\udde8\ud83c\udded Mettre fin au chaos migratoire et restaurer la souverainet\u00e9 : le diagnostic lucide de Stephan Rietiker - Mouvement Souverainet\u00e9 Suisse","og_description":"Immigration en Suisse : entre promesses et r\u00e9alit\u00e9, l\u2019analyse de Stephan Rietiker met en lumi\u00e8re une pression d\u00e9mographique croissante et appelle \u00e0 reprendre le contr\u00f4le pour pr\u00e9server souverainet\u00e9 et stabilit\u00e9.","og_url":"https:\/\/souverainete-suisse.ch\/en\/2026\/04\/ending-the-migratory-chaos-and-restoring-sovereignty-stephan-rietikers-lucid-diagnosis\/","og_site_name":"Mouvement Souverainet\u00e9 Suisse","article_published_time":"2026-04-21T11:31:27+00:00","article_modified_time":"2026-04-28T12:44:04+00:00","og_image":[{"width":2560,"height":1440,"url":"https:\/\/souverainete-suisse.ch\/wp-content\/uploads\/2026\/04\/Pro-Suisse.jpg","type":"image\/jpeg"}],"author":"ludom","twitter_card":"summary_large_image","twitter_misc":{"Written by":"ludom","Estimated reading time":"4 minutes"},"schema":{"@context":"https:\/\/schema.org","@graph":[{"@type":"Article","@id":"https:\/\/souverainete-suisse.ch\/2026\/04\/mettre-fin-au-chaos-migratoire-et-restaurer-la-souverainete-le-diagnostic-lucide-de-stephan-rietiker\/#article","isPartOf":{"@id":"https:\/\/souverainete-suisse.ch\/2026\/04\/mettre-fin-au-chaos-migratoire-et-restaurer-la-souverainete-le-diagnostic-lucide-de-stephan-rietiker\/"},"author":{"name":"ludom","@id":"https:\/\/souverainete-suisse.ch\/#\/schema\/person\/b25acb547faec24a94d7215216d68cbf"},"headline":"\ud83c\udde8\ud83c\udded Mettre fin au chaos migratoire et restaurer la souverainet\u00e9 : le diagnostic lucide de Stephan Rietiker","datePublished":"2026-04-21T11:31:27+00:00","dateModified":"2026-04-28T12:44:04+00:00","mainEntityOfPage":{"@id":"https:\/\/souverainete-suisse.ch\/2026\/04\/mettre-fin-au-chaos-migratoire-et-restaurer-la-souverainete-le-diagnostic-lucide-de-stephan-rietiker\/"},"wordCount":714,"publisher":{"@id":"https:\/\/souverainete-suisse.ch\/#organization"},"image":{"@id":"https:\/\/souverainete-suisse.ch\/2026\/04\/mettre-fin-au-chaos-migratoire-et-restaurer-la-souverainete-le-diagnostic-lucide-de-stephan-rietiker\/#primaryimage"},"thumbnailUrl":"https:\/\/souverainete-suisse.ch\/wp-content\/uploads\/2026\/04\/Pro-Suisse.jpg","articleSection":["Politique int\u00e9rieure","UE"],"inLanguage":"en-GB"},{"@type":"WebPage","@id":"https:\/\/souverainete-suisse.ch\/2026\/04\/mettre-fin-au-chaos-migratoire-et-restaurer-la-souverainete-le-diagnostic-lucide-de-stephan-rietiker\/","url":"https:\/\/souverainete-suisse.ch\/2026\/04\/mettre-fin-au-chaos-migratoire-et-restaurer-la-souverainete-le-diagnostic-lucide-de-stephan-rietiker\/","name":"\ud83c\udde8\ud83c\udded Mettre fin au chaos migratoire et restaurer la souverainet\u00e9 : le diagnostic lucide de Stephan Rietiker - Mouvement Souverainet\u00e9 Suisse","isPartOf":{"@id":"https:\/\/souverainete-suisse.ch\/#website"},"primaryImageOfPage":{"@id":"https:\/\/souverainete-suisse.ch\/2026\/04\/mettre-fin-au-chaos-migratoire-et-restaurer-la-souverainete-le-diagnostic-lucide-de-stephan-rietiker\/#primaryimage"},"image":{"@id":"https:\/\/souverainete-suisse.ch\/2026\/04\/mettre-fin-au-chaos-migratoire-et-restaurer-la-souverainete-le-diagnostic-lucide-de-stephan-rietiker\/#primaryimage"},"thumbnailUrl":"https:\/\/souverainete-suisse.ch\/wp-content\/uploads\/2026\/04\/Pro-Suisse.jpg","datePublished":"2026-04-21T11:31:27+00:00","dateModified":"2026-04-28T12:44:04+00:00","description":"Immigration in Switzerland: between promises and reality, Stephan Rietiker's analysis highlights growing demographic pressure and calls for regaining control to preserve sovereignty and stability.","breadcrumb":{"@id":"https:\/\/souverainete-suisse.ch\/2026\/04\/mettre-fin-au-chaos-migratoire-et-restaurer-la-souverainete-le-diagnostic-lucide-de-stephan-rietiker\/#breadcrumb"},"inLanguage":"en-GB","potentialAction":[{"@type":"ReadAction","target":["https:\/\/souverainete-suisse.ch\/2026\/04\/mettre-fin-au-chaos-migratoire-et-restaurer-la-souverainete-le-diagnostic-lucide-de-stephan-rietiker\/"]}]},{"@type":"ImageObject","inLanguage":"en-GB","@id":"https:\/\/souverainete-suisse.ch\/2026\/04\/mettre-fin-au-chaos-migratoire-et-restaurer-la-souverainete-le-diagnostic-lucide-de-stephan-rietiker\/#primaryimage","url":"https:\/\/souverainete-suisse.ch\/wp-content\/uploads\/2026\/04\/Pro-Suisse.jpg","contentUrl":"https:\/\/souverainete-suisse.ch\/wp-content\/uploads\/2026\/04\/Pro-Suisse.jpg","width":2560,"height":1440},{"@type":"BreadcrumbList","@id":"https:\/\/souverainete-suisse.ch\/2026\/04\/mettre-fin-au-chaos-migratoire-et-restaurer-la-souverainete-le-diagnostic-lucide-de-stephan-rietiker\/#breadcrumb","itemListElement":[{"@type":"ListItem","position":1,"name":"Accueil","item":"https:\/\/souverainete-suisse.ch\/"},{"@type":"ListItem","position":2,"name":"\ud83c\udde8\ud83c\udded Mettre fin au chaos migratoire et restaurer la souverainet\u00e9 : le diagnostic lucide de Stephan Rietiker"}]},{"@type":"WebSite","@id":"https:\/\/souverainete-suisse.ch\/#website","url":"https:\/\/souverainete-suisse.ch\/","name":"Swiss Sovereignty Movement","description":"","publisher":{"@id":"https:\/\/souverainete-suisse.ch\/#organization"},"potentialAction":[{"@type":"SearchAction","target":{"@type":"EntryPoint","urlTemplate":"https:\/\/souverainete-suisse.ch\/?s={search_term_string}"},"query-input":{"@type":"PropertyValueSpecification","valueRequired":true,"valueName":"search_term_string"}}],"inLanguage":"en-GB"},{"@type":"Organization","@id":"https:\/\/souverainete-suisse.ch\/#organization","name":"Swiss Sovereignty Movement","url":"https:\/\/souverainete-suisse.ch\/","logo":{"@type":"ImageObject","inLanguage":"en-GB","@id":"https:\/\/souverainete-suisse.ch\/#\/schema\/logo\/image\/","url":"https:\/\/souverainete-suisse.ch\/wp-content\/uploads\/2025\/11\/logo.png","contentUrl":"https:\/\/souverainete-suisse.ch\/wp-content\/uploads\/2025\/11\/logo.png","width":2053,"height":1461,"caption":"Mouvement Souverainet\u00e9 Suisse"},"image":{"@id":"https:\/\/souverainete-suisse.ch\/#\/schema\/logo\/image\/"}},{"@type":"Person","@id":"https:\/\/souverainete-suisse.ch\/#\/schema\/person\/b25acb547faec24a94d7215216d68cbf","name":"ludom","image":{"@type":"ImageObject","inLanguage":"en-GB","@id":"https:\/\/souverainete-suisse.ch\/#\/schema\/person\/image\/","url":"https:\/\/secure.gravatar.com\/avatar\/77b40fd8e49e537abcea7487b290688ce92143c3443b1d3f419149c67282ffb4?s=96&d=mm&r=g","contentUrl":"https:\/\/secure.gravatar.com\/avatar\/77b40fd8e49e537abcea7487b290688ce92143c3443b1d3f419149c67282ffb4?s=96&d=mm&r=g","caption":"ludom"},"url":"http:\/\/souverainete-suisse.ch\/en\/author\/ludom\/"}]}},"_links":{"self":[{"href":"http:\/\/souverainete-suisse.ch\/en\/wp-json\/wp\/v2\/posts\/1074","targetHints":{"allow":["GET"]}}],"collection":[{"href":"http:\/\/souverainete-suisse.ch\/en\/wp-json\/wp\/v2\/posts"}],"about":[{"href":"http:\/\/souverainete-suisse.ch\/en\/wp-json\/wp\/v2\/types\/post"}],"author":[{"embeddable":true,"href":"http:\/\/souverainete-suisse.ch\/en\/wp-json\/wp\/v2\/users\/2"}],"replies":[{"embeddable":true,"href":"http:\/\/souverainete-suisse.ch\/en\/wp-json\/wp\/v2\/comments?post=1074"}],"version-history":[{"count":2,"href":"http:\/\/souverainete-suisse.ch\/en\/wp-json\/wp\/v2\/posts\/1074\/revisions"}],"predecessor-version":[{"id":1121,"href":"http:\/\/souverainete-suisse.ch\/en\/wp-json\/wp\/v2\/posts\/1074\/revisions\/1121"}],"wp:featuredmedia":[{"embeddable":true,"href":"http:\/\/souverainete-suisse.ch\/en\/wp-json\/wp\/v2\/media\/1075"}],"wp:attachment":[{"href":"http:\/\/souverainete-suisse.ch\/en\/wp-json\/wp\/v2\/media?parent=1074"}],"wp:term":[{"taxonomy":"category","embeddable":true,"href":"http:\/\/souverainete-suisse.ch\/en\/wp-json\/wp\/v2\/categories?post=1074"},{"taxonomy":"post_tag","embeddable":true,"href":"http:\/\/souverainete-suisse.ch\/en\/wp-json\/wp\/v2\/tags?post=1074"}],"curies":[{"name":"wp","href":"https:\/\/api.w.org\/{rel}","templated":true}]}}