{"id":1070,"date":"2026-04-21T13:29:03","date_gmt":"2026-04-21T11:29:03","guid":{"rendered":"https:\/\/souverainete-suisse.ch\/?p=1070"},"modified":"2026-04-28T14:44:24","modified_gmt":"2026-04-28T12:44:24","slug":"rudolf-minsch-the-disconnected-economy-faces-swiss-reality","status":"publish","type":"post","link":"http:\/\/souverainete-suisse.ch\/en\/2026\/04\/rudolf-minsch-the-disconnected-economy-faces-swiss-reality\/","title":{"rendered":"Rudolf Minsch: The disconnected economy facing Swiss reality"},"content":{"rendered":"<p>They talk of growth, of models, of abstract prosperity. But behind the reassuring charts and expert formulas, another reality is dawning: that of a country under pressure, where housing, infrastructure, and wages tell a very different story. When Economiesuisse transforms the economy into political discourse, it\u2019s time to dismantle the arguments, one by one.<\/p>\n<p id=\"ember2993\" class=\"ember-view reader-text-block__paragraph\">(Source: L'Agefi, 16 April 2026)<\/p>\n<p id=\"ember2994\" class=\"ember-view reader-text-block__paragraph\">Behind the technocratic veneer, Rudolf Minsch's discourse is less about economic analysis and more about a carefully crafted political narrative. Using abstract models, flattering averages, and simplified causality, he champions a vision where quantitative growth justifies everything \u2013 including the gradual erosion of Swiss equilibria. A point-by-point analysis.<\/p>\n<h3 id=\"ember2995\" class=\"ember-view reader-text-block__heading-3\">\u00abForeign workers do not replace local labour\u00bb: a theoretical assertion, contradicted by the facts<\/h3>\n<p id=\"ember2996\" class=\"ember-view reader-text-block__paragraph\">Minsch states that foreign workers are \u00abcomplementary\u00bb.<\/p>\n<p id=\"ember2997\" class=\"ember-view reader-text-block__paragraph\">\u2b95 <strong>Problem<\/strong> This vision is based on an ideal model of the labour market.<\/p>\n<p id=\"ember2998\" class=\"ember-view reader-text-block__paragraph\"><strong>Observable reality<\/strong><\/p>\n<ul>\n<li>In many sectors (construction, healthcare, services), wage pressure is documented.<\/li>\n<li>The widespread use of foreign labour <strong>increase the supply of labour<\/strong>, which, mechanically, <strong>slow the rise in real wages<\/strong>.<\/li>\n<li>Companies often favour more flexible or less costly profiles.<\/li>\n<\/ul>\n<p id=\"ember3000\" class=\"ember-view reader-text-block__paragraph\">Even standard economic theory (supply\/demand) indicates that a rapid increase in the supply of labour <strong>alter the market balance<\/strong>.<\/p>\n<h3 id=\"ember3001\" class=\"ember-view reader-text-block__heading-3\">2. \u00abGDP per head has been increasing since 2002\u00bb: a misleading indicator<\/h3>\n<p id=\"ember3002\" class=\"ember-view reader-text-block__paragraph\">Key quote (Agefi):<\/p>\n<blockquote id=\"ember3003\" class=\"ember-view reader-text-block__blockquote\"><p>\u00abThe GDP per capita has increased throughout the period since 2002.\u00bb<\/p><\/blockquote>\n<p id=\"ember3004\" class=\"ember-view reader-text-block__paragraph\">\u2b95 <strong>Yes, but:<\/strong><\/p>\n<ul>\n<li>This increase is <strong>low compared to total GDP growth<\/strong>.<\/li>\n<li>It is partly driven by specific sectors (pharma, finance).<\/li>\n<li>She <strong>mask the stagnation of median purchasing power<\/strong> in some regions.<\/li>\n<\/ul>\n<p id=\"ember3006\" class=\"ember-view reader-text-block__paragraph\">The crucial point recognised in the article itself:<\/p>\n<blockquote id=\"ember3007\" class=\"ember-view reader-text-block__blockquote\"><p>Swiss growth is \u00abmostly driven by population increases\u00bb.<\/p><\/blockquote>\n<p id=\"ember3008\" class=\"ember-view reader-text-block__paragraph\">In other words:<\/p>\n<p id=\"ember3009\" class=\"ember-view reader-text-block__paragraph\"><strong>Extensive growth (more inhabitants) \u2260 real individual prosperity.<\/strong><\/p>\n<h3 id=\"ember3010\" class=\"ember-view reader-text-block__heading-3\">3. Immigration and Housing: Reversal of Causality<\/h3>\n<p id=\"ember3011\" class=\"ember-view reader-text-block__paragraph\">Minsch states that the housing crisis is \u00abof our own making\u00bb (regulation, slow permits).<\/p>\n<p id=\"ember3012\" class=\"ember-view reader-text-block__paragraph\">\u2b95 <strong>Incomplete argument:<\/strong><\/p>\n<ul>\n<li>Switzerland hosted <strong>+75,000 people in 2023<\/strong>.<\/li>\n<li>Every arrival creates an immediate demand for accommodation.<\/li>\n<li>The offer, structurally rigid, <strong>cannot keep up with this pace<\/strong>.<\/li>\n<\/ul>\n<p id=\"ember3014\" class=\"ember-view reader-text-block__paragraph\">Logical result:<\/p>\n<p id=\"ember3015\" class=\"ember-view reader-text-block__paragraph\"><strong>Explosion of rents = demographic pressure + supply constraints.<\/strong><\/p>\n<h3 id=\"ember3017\" class=\"ember-view reader-text-block__heading-3\">Ignoring the request is tantamount to denying a fundamental economic law.<\/h3>\n<h3 id=\"ember3019\" class=\"ember-view reader-text-block__heading-3\">4. The \u00abchaos\u00bb scenario: fear rhetoric<\/h3>\n<p id=\"ember3020\" class=\"ember-view reader-text-block__paragraph\">Minsch evokes:<\/p>\n<ul>\n<li>\u00ab migratory and security chaos \u00bb<\/li>\n<li>End of bilateral talks<\/li>\n<li>the questioning of Schengen<\/li>\n<\/ul>\n<p id=\"ember3022\" class=\"ember-view reader-text-block__paragraph\">\u2b95 <strong>Problem:<\/strong><\/p>\n<ul>\n<li>These scenarios are based on <strong>Hypothetical political scenarios<\/strong>, no economic certainties.<\/li>\n<li>They are more a matter of <strong>Strategic communication<\/strong> That's analysis.<\/li>\n<\/ul>\n<p id=\"ember3024\" class=\"ember-view reader-text-block__paragraph\">Reminder:<\/p>\n<p id=\"ember3025\" class=\"ember-view reader-text-block__paragraph\">Switzerland has historically known how to renegotiate and adapt its agreements.<\/p>\n<p id=\"ember3026\" class=\"ember-view reader-text-block__paragraph\">Presenting any alternative as \u00abchaos\u00bb is a <strong>Overdramatisation<\/strong>.<\/p>\n<h3 id=\"ember3027\" class=\"ember-view reader-text-block__heading-3\">5. Economic Models (Ecoplan): Fragile Projections<\/h3>\n<p id=\"ember3028\" class=\"ember-view reader-text-block__paragraph\">Advanced figures:<\/p>\n<ul>\n<li>-4,9% de PIB (Ecoplan)<\/li>\n<li>-7.1% (BAK Economics)<\/li>\n<li>-2500 CHF per year per capita<\/li>\n<\/ul>\n<p id=\"ember3030\" class=\"ember-view reader-text-block__paragraph\">\u2b95 <strong>But Minsch himself acknowledges:<\/strong><\/p>\n<blockquote id=\"ember3031\" class=\"ember-view reader-text-block__blockquote\"><p>\u00abIt is impossible to know with certainty\u2026\u00bb<\/p><\/blockquote>\n<p id=\"ember3032\" class=\"ember-view reader-text-block__paragraph\">Major issues:<\/p>\n<ul>\n<li>Sensitivity assumptions (capital mobility, firm behaviour)<\/li>\n<li>Results highly dependent on the chosen model<\/li>\n<li>Significant divergences between studies (e.g. SwissEconomics: -0.9%)<\/li>\n<\/ul>\n<p id=\"ember3034\" class=\"ember-view reader-text-block__paragraph\"><strong>Conclusion:<\/strong><\/p>\n<p id=\"ember3035\" class=\"ember-view reader-text-block__paragraph\"><strong>These figures are not facts, but scenarios.<\/strong><\/p>\n<h3 id=\"ember3036\" class=\"ember-view reader-text-block__heading-3\">6. Essential foreign labour? A biased viewpoint<\/h3>\n<p id=\"ember3037\" class=\"ember-view reader-text-block__paragraph\">Minsch states:<\/p>\n<blockquote id=\"ember3038\" class=\"ember-view reader-text-block__blockquote\"><p>\u00abSwitzerland cannot provide enough workers.\u00bb<\/p><\/blockquote>\n<p id=\"ember3039\" class=\"ember-view reader-text-block__paragraph\">\u2b95 <strong>Counter-arguments:<\/strong><\/p>\n<ul>\n<li>Under-exploited potential<\/li>\n<li>Perverse effect<\/li>\n<\/ul>\n<p id=\"ember3041\" class=\"ember-view reader-text-block__paragraph\">An economy dependent on immigration becomes <strong>structurally unsound<\/strong>.<\/p>\n<h3 id=\"ember3042\" class=\"ember-view reader-text-block__heading-3\">7. Productivity: the blind spot<\/h3>\n<p id=\"ember3043\" class=\"ember-view reader-text-block__paragraph\">The article acknowledges:<\/p>\n<ul>\n<li>Swiss productivity slowing down relatively (OECD)<\/li>\n<li>concentration in a few sectors<\/li>\n<\/ul>\n<p id=\"ember3045\" class=\"ember-view reader-text-block__paragraph\">Paradox:<\/p>\n<p id=\"ember3046\" class=\"ember-view reader-text-block__paragraph\">Minsch defends a model that <strong>promotes population growth<\/strong><\/p>\n<p id=\"ember3047\" class=\"ember-view reader-text-block__paragraph\">while the real challenge is <strong>qualitative productivity<\/strong>.<\/p>\n<p id=\"ember3048\" class=\"ember-view reader-text-block__paragraph\"><strong>Risk:<\/strong><\/p>\n<ul>\n<li>dilution of the Swiss business model<\/li>\n<li>reliance on extensive growth<\/li>\n<\/ul>\n<h3 id=\"ember3050\" class=\"ember-view reader-text-block__heading-3\">Conclusion \u2014 Growth at all costs: a strategic dead end<\/h3>\n<p id=\"ember3051\" class=\"ember-view reader-text-block__paragraph\">Rudolf Minsch's speech is based on a simplistic equation:<\/p>\n<p id=\"ember3052\" class=\"ember-view reader-text-block__paragraph\"><strong>immigration = growth = prosperity.<\/strong><\/p>\n<p id=\"ember3053\" class=\"ember-view reader-text-block__paragraph\">But the facts show a more complex reality:<\/p>\n<ul>\n<li>pressure on infrastructure<\/li>\n<li>Stagnation of the standard of living<\/li>\n<li>growing economic dependence<\/li>\n<li>the destabilisation of social balances<\/li>\n<\/ul>\n<p id=\"ember3055\" class=\"ember-view reader-text-block__paragraph\">By dint of reasoning in aggregates and models, we forget the essential:<\/p>\n<p id=\"ember3056\" class=\"ember-view reader-text-block__paragraph\"><strong>An economy is not made to maximise curves, but to serve a population.<\/strong><\/p>\n<p id=\"ember3057\" class=\"ember-view reader-text-block__paragraph\">And on this point, the certainties displayed by Economiesuisse appear less like expertise... than like <strong>ideological line<\/strong>.<\/p>\n<p id=\"ember3058\" class=\"ember-view reader-text-block__paragraph\"><strong><em>Did this analysis make you think? Like this to help us reach a wider audience.<\/em><\/strong><\/p>","protected":false},"excerpt":{"rendered":"<p>Ils parlent de croissance, de mod\u00e8les, de prosp\u00e9rit\u00e9 abstraite. Mais derri\u00e8re les graphiques rassurants et les formules d\u2019experts, une autre r\u00e9alit\u00e9 s\u2019impose: celle d\u2019un pays sous pression, o\u00f9 logement, infrastructures et salaires racontent une histoire bien diff\u00e9rente. Quand Economiesuisse transforme l\u2019\u00e9conomie en discours politique, il est temps de d\u00e9monter les arguments, un par un. (source [&hellip;]<\/p>\n","protected":false},"author":2,"featured_media":1071,"comment_status":"closed","ping_status":"closed","sticky":false,"template":"","format":"standard","meta":{"footnotes":""},"categories":[8,11],"tags":[],"class_list":["post-1070","post","type-post","status-publish","format-standard","has-post-thumbnail","hentry","category-politique-interieure","category-ue"],"yoast_head":"<!-- This site is optimized with the Yoast SEO plugin v26.9 - https:\/\/yoast.com\/product\/yoast-seo-wordpress\/ -->\n<title>\ud83c\udde8\ud83c\udded Rudolf Minsch : l\u2019\u00e9conomie d\u00e9connect\u00e9e face \u00e0 la r\u00e9alit\u00e9 suisse - Mouvement Souverainet\u00e9 Suisse<\/title>\n<meta name=\"description\" content=\"Immigration et croissance en Suisse : d\u00e9cryptage critique du discours d\u2019Economiesuisse. PIB, salaires, logement et souverainet\u00e9 \u2014 une analyse qui questionne le mod\u00e8le actuel et ses limites.\" \/>\n<meta name=\"robots\" content=\"index, follow, max-snippet:-1, max-image-preview:large, max-video-preview:-1\" \/>\n<link rel=\"canonical\" href=\"https:\/\/souverainete-suisse.ch\/en\/2026\/04\/rudolf-minsch-the-disconnected-economy-faces-swiss-reality\/\" \/>\n<meta property=\"og:locale\" content=\"en_GB\" \/>\n<meta property=\"og:type\" content=\"article\" \/>\n<meta property=\"og:title\" content=\"\ud83c\udde8\ud83c\udded Rudolf Minsch : l\u2019\u00e9conomie d\u00e9connect\u00e9e face \u00e0 la r\u00e9alit\u00e9 suisse - Mouvement Souverainet\u00e9 Suisse\" \/>\n<meta property=\"og:description\" content=\"Immigration et croissance en Suisse : d\u00e9cryptage critique du discours d\u2019Economiesuisse. PIB, salaires, logement et souverainet\u00e9 \u2014 une analyse qui questionne le mod\u00e8le actuel et ses limites.\" \/>\n<meta property=\"og:url\" content=\"https:\/\/souverainete-suisse.ch\/en\/2026\/04\/rudolf-minsch-the-disconnected-economy-faces-swiss-reality\/\" \/>\n<meta property=\"og:site_name\" content=\"Mouvement Souverainet\u00e9 Suisse\" \/>\n<meta property=\"article:published_time\" content=\"2026-04-21T11:29:03+00:00\" \/>\n<meta property=\"article:modified_time\" content=\"2026-04-28T12:44:24+00:00\" \/>\n<meta property=\"og:image\" content=\"https:\/\/souverainete-suisse.ch\/wp-content\/uploads\/2026\/04\/minsch.jpg\" \/>\n\t<meta property=\"og:image:width\" content=\"1280\" \/>\n\t<meta property=\"og:image:height\" content=\"720\" \/>\n\t<meta property=\"og:image:type\" content=\"image\/jpeg\" \/>\n<meta name=\"author\" content=\"ludom\" \/>\n<meta name=\"twitter:card\" content=\"summary_large_image\" \/>\n<meta name=\"twitter:label1\" content=\"Written by\" \/>\n\t<meta name=\"twitter:data1\" content=\"ludom\" \/>\n\t<meta name=\"twitter:label2\" content=\"Estimated reading time\" \/>\n\t<meta name=\"twitter:data2\" content=\"4 minutes\" \/>\n<script type=\"application\/ld+json\" class=\"yoast-schema-graph\">{\"@context\":\"https:\/\/schema.org\",\"@graph\":[{\"@type\":\"Article\",\"@id\":\"https:\/\/souverainete-suisse.ch\/2026\/04\/rudolf-minsch-leconomie-deconnectee-face-a-la-realite-suisse\/#article\",\"isPartOf\":{\"@id\":\"https:\/\/souverainete-suisse.ch\/2026\/04\/rudolf-minsch-leconomie-deconnectee-face-a-la-realite-suisse\/\"},\"author\":{\"name\":\"ludom\",\"@id\":\"https:\/\/souverainete-suisse.ch\/#\/schema\/person\/b25acb547faec24a94d7215216d68cbf\"},\"headline\":\"\ud83c\udde8\ud83c\udded Rudolf Minsch : l\u2019\u00e9conomie d\u00e9connect\u00e9e face \u00e0 la r\u00e9alit\u00e9 suisse\",\"datePublished\":\"2026-04-21T11:29:03+00:00\",\"dateModified\":\"2026-04-28T12:44:24+00:00\",\"mainEntityOfPage\":{\"@id\":\"https:\/\/souverainete-suisse.ch\/2026\/04\/rudolf-minsch-leconomie-deconnectee-face-a-la-realite-suisse\/\"},\"wordCount\":797,\"publisher\":{\"@id\":\"https:\/\/souverainete-suisse.ch\/#organization\"},\"image\":{\"@id\":\"https:\/\/souverainete-suisse.ch\/2026\/04\/rudolf-minsch-leconomie-deconnectee-face-a-la-realite-suisse\/#primaryimage\"},\"thumbnailUrl\":\"https:\/\/souverainete-suisse.ch\/wp-content\/uploads\/2026\/04\/minsch.jpg\",\"articleSection\":[\"Politique int\u00e9rieure\",\"UE\"],\"inLanguage\":\"en-GB\"},{\"@type\":\"WebPage\",\"@id\":\"https:\/\/souverainete-suisse.ch\/2026\/04\/rudolf-minsch-leconomie-deconnectee-face-a-la-realite-suisse\/\",\"url\":\"https:\/\/souverainete-suisse.ch\/2026\/04\/rudolf-minsch-leconomie-deconnectee-face-a-la-realite-suisse\/\",\"name\":\"\ud83c\udde8\ud83c\udded Rudolf Minsch : l\u2019\u00e9conomie d\u00e9connect\u00e9e face \u00e0 la r\u00e9alit\u00e9 suisse - Mouvement Souverainet\u00e9 Suisse\",\"isPartOf\":{\"@id\":\"https:\/\/souverainete-suisse.ch\/#website\"},\"primaryImageOfPage\":{\"@id\":\"https:\/\/souverainete-suisse.ch\/2026\/04\/rudolf-minsch-leconomie-deconnectee-face-a-la-realite-suisse\/#primaryimage\"},\"image\":{\"@id\":\"https:\/\/souverainete-suisse.ch\/2026\/04\/rudolf-minsch-leconomie-deconnectee-face-a-la-realite-suisse\/#primaryimage\"},\"thumbnailUrl\":\"https:\/\/souverainete-suisse.ch\/wp-content\/uploads\/2026\/04\/minsch.jpg\",\"datePublished\":\"2026-04-21T11:29:03+00:00\",\"dateModified\":\"2026-04-28T12:44:24+00:00\",\"description\":\"Immigration et croissance en Suisse : d\u00e9cryptage critique du discours d\u2019Economiesuisse. PIB, salaires, logement et souverainet\u00e9 \u2014 une analyse qui questionne le mod\u00e8le actuel et ses limites.\",\"breadcrumb\":{\"@id\":\"https:\/\/souverainete-suisse.ch\/2026\/04\/rudolf-minsch-leconomie-deconnectee-face-a-la-realite-suisse\/#breadcrumb\"},\"inLanguage\":\"en-GB\",\"potentialAction\":[{\"@type\":\"ReadAction\",\"target\":[\"https:\/\/souverainete-suisse.ch\/2026\/04\/rudolf-minsch-leconomie-deconnectee-face-a-la-realite-suisse\/\"]}]},{\"@type\":\"ImageObject\",\"inLanguage\":\"en-GB\",\"@id\":\"https:\/\/souverainete-suisse.ch\/2026\/04\/rudolf-minsch-leconomie-deconnectee-face-a-la-realite-suisse\/#primaryimage\",\"url\":\"https:\/\/souverainete-suisse.ch\/wp-content\/uploads\/2026\/04\/minsch.jpg\",\"contentUrl\":\"https:\/\/souverainete-suisse.ch\/wp-content\/uploads\/2026\/04\/minsch.jpg\",\"width\":1280,\"height\":720},{\"@type\":\"BreadcrumbList\",\"@id\":\"https:\/\/souverainete-suisse.ch\/2026\/04\/rudolf-minsch-leconomie-deconnectee-face-a-la-realite-suisse\/#breadcrumb\",\"itemListElement\":[{\"@type\":\"ListItem\",\"position\":1,\"name\":\"Accueil\",\"item\":\"https:\/\/souverainete-suisse.ch\/\"},{\"@type\":\"ListItem\",\"position\":2,\"name\":\"\ud83c\udde8\ud83c\udded Rudolf Minsch : l\u2019\u00e9conomie d\u00e9connect\u00e9e face \u00e0 la r\u00e9alit\u00e9 suisse\"}]},{\"@type\":\"WebSite\",\"@id\":\"https:\/\/souverainete-suisse.ch\/#website\",\"url\":\"https:\/\/souverainete-suisse.ch\/\",\"name\":\"Mouvement Souverainet\u00e9 Suisse\",\"description\":\"\",\"publisher\":{\"@id\":\"https:\/\/souverainete-suisse.ch\/#organization\"},\"potentialAction\":[{\"@type\":\"SearchAction\",\"target\":{\"@type\":\"EntryPoint\",\"urlTemplate\":\"https:\/\/souverainete-suisse.ch\/?s={search_term_string}\"},\"query-input\":{\"@type\":\"PropertyValueSpecification\",\"valueRequired\":true,\"valueName\":\"search_term_string\"}}],\"inLanguage\":\"en-GB\"},{\"@type\":\"Organization\",\"@id\":\"https:\/\/souverainete-suisse.ch\/#organization\",\"name\":\"Mouvement Souverainet\u00e9 Suisse\",\"url\":\"https:\/\/souverainete-suisse.ch\/\",\"logo\":{\"@type\":\"ImageObject\",\"inLanguage\":\"en-GB\",\"@id\":\"https:\/\/souverainete-suisse.ch\/#\/schema\/logo\/image\/\",\"url\":\"https:\/\/souverainete-suisse.ch\/wp-content\/uploads\/2025\/11\/logo.png\",\"contentUrl\":\"https:\/\/souverainete-suisse.ch\/wp-content\/uploads\/2025\/11\/logo.png\",\"width\":2053,\"height\":1461,\"caption\":\"Mouvement Souverainet\u00e9 Suisse\"},\"image\":{\"@id\":\"https:\/\/souverainete-suisse.ch\/#\/schema\/logo\/image\/\"}},{\"@type\":\"Person\",\"@id\":\"https:\/\/souverainete-suisse.ch\/#\/schema\/person\/b25acb547faec24a94d7215216d68cbf\",\"name\":\"ludom\",\"image\":{\"@type\":\"ImageObject\",\"inLanguage\":\"en-GB\",\"@id\":\"https:\/\/souverainete-suisse.ch\/#\/schema\/person\/image\/\",\"url\":\"https:\/\/secure.gravatar.com\/avatar\/77b40fd8e49e537abcea7487b290688ce92143c3443b1d3f419149c67282ffb4?s=96&d=mm&r=g\",\"contentUrl\":\"https:\/\/secure.gravatar.com\/avatar\/77b40fd8e49e537abcea7487b290688ce92143c3443b1d3f419149c67282ffb4?s=96&d=mm&r=g\",\"caption\":\"ludom\"},\"url\":\"http:\/\/souverainete-suisse.ch\/en\/author\/ludom\/\"}]}<\/script>\n<!-- \/ Yoast SEO plugin. -->","yoast_head_json":{"title":"\ud83c\udde8\ud83c\udded Rudolf Minsch : l\u2019\u00e9conomie d\u00e9connect\u00e9e face \u00e0 la r\u00e9alit\u00e9 suisse - Mouvement Souverainet\u00e9 Suisse","description":"Immigration and growth in Switzerland: a critical deconstruction of the Economiesuisse discourse. GDP, wages, housing and sovereignty \u2014 an analysis that questions the current model and its limits.","robots":{"index":"index","follow":"follow","max-snippet":"max-snippet:-1","max-image-preview":"max-image-preview:large","max-video-preview":"max-video-preview:-1"},"canonical":"https:\/\/souverainete-suisse.ch\/en\/2026\/04\/rudolf-minsch-the-disconnected-economy-faces-swiss-reality\/","og_locale":"en_GB","og_type":"article","og_title":"\ud83c\udde8\ud83c\udded Rudolf Minsch : l\u2019\u00e9conomie d\u00e9connect\u00e9e face \u00e0 la r\u00e9alit\u00e9 suisse - Mouvement Souverainet\u00e9 Suisse","og_description":"Immigration et croissance en Suisse : d\u00e9cryptage critique du discours d\u2019Economiesuisse. PIB, salaires, logement et souverainet\u00e9 \u2014 une analyse qui questionne le mod\u00e8le actuel et ses limites.","og_url":"https:\/\/souverainete-suisse.ch\/en\/2026\/04\/rudolf-minsch-the-disconnected-economy-faces-swiss-reality\/","og_site_name":"Mouvement Souverainet\u00e9 Suisse","article_published_time":"2026-04-21T11:29:03+00:00","article_modified_time":"2026-04-28T12:44:24+00:00","og_image":[{"width":1280,"height":720,"url":"https:\/\/souverainete-suisse.ch\/wp-content\/uploads\/2026\/04\/minsch.jpg","type":"image\/jpeg"}],"author":"ludom","twitter_card":"summary_large_image","twitter_misc":{"Written by":"ludom","Estimated reading time":"4 minutes"},"schema":{"@context":"https:\/\/schema.org","@graph":[{"@type":"Article","@id":"https:\/\/souverainete-suisse.ch\/2026\/04\/rudolf-minsch-leconomie-deconnectee-face-a-la-realite-suisse\/#article","isPartOf":{"@id":"https:\/\/souverainete-suisse.ch\/2026\/04\/rudolf-minsch-leconomie-deconnectee-face-a-la-realite-suisse\/"},"author":{"name":"ludom","@id":"https:\/\/souverainete-suisse.ch\/#\/schema\/person\/b25acb547faec24a94d7215216d68cbf"},"headline":"\ud83c\udde8\ud83c\udded Rudolf Minsch : l\u2019\u00e9conomie d\u00e9connect\u00e9e face \u00e0 la r\u00e9alit\u00e9 suisse","datePublished":"2026-04-21T11:29:03+00:00","dateModified":"2026-04-28T12:44:24+00:00","mainEntityOfPage":{"@id":"https:\/\/souverainete-suisse.ch\/2026\/04\/rudolf-minsch-leconomie-deconnectee-face-a-la-realite-suisse\/"},"wordCount":797,"publisher":{"@id":"https:\/\/souverainete-suisse.ch\/#organization"},"image":{"@id":"https:\/\/souverainete-suisse.ch\/2026\/04\/rudolf-minsch-leconomie-deconnectee-face-a-la-realite-suisse\/#primaryimage"},"thumbnailUrl":"https:\/\/souverainete-suisse.ch\/wp-content\/uploads\/2026\/04\/minsch.jpg","articleSection":["Politique int\u00e9rieure","UE"],"inLanguage":"en-GB"},{"@type":"WebPage","@id":"https:\/\/souverainete-suisse.ch\/2026\/04\/rudolf-minsch-leconomie-deconnectee-face-a-la-realite-suisse\/","url":"https:\/\/souverainete-suisse.ch\/2026\/04\/rudolf-minsch-leconomie-deconnectee-face-a-la-realite-suisse\/","name":"\ud83c\udde8\ud83c\udded Rudolf Minsch : l\u2019\u00e9conomie d\u00e9connect\u00e9e face \u00e0 la r\u00e9alit\u00e9 suisse - Mouvement Souverainet\u00e9 Suisse","isPartOf":{"@id":"https:\/\/souverainete-suisse.ch\/#website"},"primaryImageOfPage":{"@id":"https:\/\/souverainete-suisse.ch\/2026\/04\/rudolf-minsch-leconomie-deconnectee-face-a-la-realite-suisse\/#primaryimage"},"image":{"@id":"https:\/\/souverainete-suisse.ch\/2026\/04\/rudolf-minsch-leconomie-deconnectee-face-a-la-realite-suisse\/#primaryimage"},"thumbnailUrl":"https:\/\/souverainete-suisse.ch\/wp-content\/uploads\/2026\/04\/minsch.jpg","datePublished":"2026-04-21T11:29:03+00:00","dateModified":"2026-04-28T12:44:24+00:00","description":"Immigration and growth in Switzerland: a critical deconstruction of the Economiesuisse discourse. GDP, wages, housing and sovereignty \u2014 an analysis that questions the current model and its limits.","breadcrumb":{"@id":"https:\/\/souverainete-suisse.ch\/2026\/04\/rudolf-minsch-leconomie-deconnectee-face-a-la-realite-suisse\/#breadcrumb"},"inLanguage":"en-GB","potentialAction":[{"@type":"ReadAction","target":["https:\/\/souverainete-suisse.ch\/2026\/04\/rudolf-minsch-leconomie-deconnectee-face-a-la-realite-suisse\/"]}]},{"@type":"ImageObject","inLanguage":"en-GB","@id":"https:\/\/souverainete-suisse.ch\/2026\/04\/rudolf-minsch-leconomie-deconnectee-face-a-la-realite-suisse\/#primaryimage","url":"https:\/\/souverainete-suisse.ch\/wp-content\/uploads\/2026\/04\/minsch.jpg","contentUrl":"https:\/\/souverainete-suisse.ch\/wp-content\/uploads\/2026\/04\/minsch.jpg","width":1280,"height":720},{"@type":"BreadcrumbList","@id":"https:\/\/souverainete-suisse.ch\/2026\/04\/rudolf-minsch-leconomie-deconnectee-face-a-la-realite-suisse\/#breadcrumb","itemListElement":[{"@type":"ListItem","position":1,"name":"Accueil","item":"https:\/\/souverainete-suisse.ch\/"},{"@type":"ListItem","position":2,"name":"\ud83c\udde8\ud83c\udded Rudolf Minsch : l\u2019\u00e9conomie d\u00e9connect\u00e9e face \u00e0 la r\u00e9alit\u00e9 suisse"}]},{"@type":"WebSite","@id":"https:\/\/souverainete-suisse.ch\/#website","url":"https:\/\/souverainete-suisse.ch\/","name":"Swiss Sovereignty Movement","description":"","publisher":{"@id":"https:\/\/souverainete-suisse.ch\/#organization"},"potentialAction":[{"@type":"SearchAction","target":{"@type":"EntryPoint","urlTemplate":"https:\/\/souverainete-suisse.ch\/?s={search_term_string}"},"query-input":{"@type":"PropertyValueSpecification","valueRequired":true,"valueName":"search_term_string"}}],"inLanguage":"en-GB"},{"@type":"Organization","@id":"https:\/\/souverainete-suisse.ch\/#organization","name":"Swiss Sovereignty Movement","url":"https:\/\/souverainete-suisse.ch\/","logo":{"@type":"ImageObject","inLanguage":"en-GB","@id":"https:\/\/souverainete-suisse.ch\/#\/schema\/logo\/image\/","url":"https:\/\/souverainete-suisse.ch\/wp-content\/uploads\/2025\/11\/logo.png","contentUrl":"https:\/\/souverainete-suisse.ch\/wp-content\/uploads\/2025\/11\/logo.png","width":2053,"height":1461,"caption":"Mouvement Souverainet\u00e9 Suisse"},"image":{"@id":"https:\/\/souverainete-suisse.ch\/#\/schema\/logo\/image\/"}},{"@type":"Person","@id":"https:\/\/souverainete-suisse.ch\/#\/schema\/person\/b25acb547faec24a94d7215216d68cbf","name":"ludom","image":{"@type":"ImageObject","inLanguage":"en-GB","@id":"https:\/\/souverainete-suisse.ch\/#\/schema\/person\/image\/","url":"https:\/\/secure.gravatar.com\/avatar\/77b40fd8e49e537abcea7487b290688ce92143c3443b1d3f419149c67282ffb4?s=96&d=mm&r=g","contentUrl":"https:\/\/secure.gravatar.com\/avatar\/77b40fd8e49e537abcea7487b290688ce92143c3443b1d3f419149c67282ffb4?s=96&d=mm&r=g","caption":"ludom"},"url":"http:\/\/souverainete-suisse.ch\/en\/author\/ludom\/"}]}},"_links":{"self":[{"href":"http:\/\/souverainete-suisse.ch\/en\/wp-json\/wp\/v2\/posts\/1070","targetHints":{"allow":["GET"]}}],"collection":[{"href":"http:\/\/souverainete-suisse.ch\/en\/wp-json\/wp\/v2\/posts"}],"about":[{"href":"http:\/\/souverainete-suisse.ch\/en\/wp-json\/wp\/v2\/types\/post"}],"author":[{"embeddable":true,"href":"http:\/\/souverainete-suisse.ch\/en\/wp-json\/wp\/v2\/users\/2"}],"replies":[{"embeddable":true,"href":"http:\/\/souverainete-suisse.ch\/en\/wp-json\/wp\/v2\/comments?post=1070"}],"version-history":[{"count":2,"href":"http:\/\/souverainete-suisse.ch\/en\/wp-json\/wp\/v2\/posts\/1070\/revisions"}],"predecessor-version":[{"id":1124,"href":"http:\/\/souverainete-suisse.ch\/en\/wp-json\/wp\/v2\/posts\/1070\/revisions\/1124"}],"wp:featuredmedia":[{"embeddable":true,"href":"http:\/\/souverainete-suisse.ch\/en\/wp-json\/wp\/v2\/media\/1071"}],"wp:attachment":[{"href":"http:\/\/souverainete-suisse.ch\/en\/wp-json\/wp\/v2\/media?parent=1070"}],"wp:term":[{"taxonomy":"category","embeddable":true,"href":"http:\/\/souverainete-suisse.ch\/en\/wp-json\/wp\/v2\/categories?post=1070"},{"taxonomy":"post_tag","embeddable":true,"href":"http:\/\/souverainete-suisse.ch\/en\/wp-json\/wp\/v2\/tags?post=1070"}],"curies":[{"name":"wp","href":"https:\/\/api.w.org\/{rel}","templated":true}]}}