{"id":1063,"date":"2026-04-21T13:24:36","date_gmt":"2026-04-21T11:24:36","guid":{"rendered":"https:\/\/souverainete-suisse.ch\/?p=1063"},"modified":"2026-04-28T14:44:12","modified_gmt":"2026-04-28T12:44:12","slug":"vote-on-14-june-2026-the-official-position-of-swiss-sovereignty-is-available","status":"publish","type":"post","link":"http:\/\/souverainete-suisse.ch\/en\/2026\/04\/vote-on-14-june-2026-the-official-position-of-swiss-sovereignty-is-available\/","title":{"rendered":"\ud83c\udde8\ud83c\udded Referendum of June 14, 2026: the official position of Swiss Sovereignty is available"},"content":{"rendered":"<p>Vote of 14 June 2026: the official position of Swiss Sovereignty is available<br \/>\nThe line is clear: 2 \u00d7 YES \ud83c\udde8\ud83c\udded<\/p>\n<p>\u2714\ufe0f YES to the \u00abNo to 10 Million Swiss\u00bb initiative\u00bb<br \/>\n\u2714\ufe0f YES to civil service reform<\/p>\n<p>Two objects, one goal:<br \/>\nregain control of our future, our demographics and our security.<\/p>\n<p>The full position statement is now available in PDF.<br \/>\nDownload it, read it, and share it widely.<\/p>\n<p>Share it on your networks, with your loved ones, in your groups: every voice counts.<\/p>\n<p>Without commitment, nothing changes. \ud83c\udde8\ud83c\udded<\/p>\n<p><a href=\"https:\/\/souverainete-suisse.ch\/wp-content\/uploads\/2026\/04\/MSS-Position-14-juin-2026.pdf\">MSS Position 14 June 2026<\/a><\/p>","protected":false},"excerpt":{"rendered":"<p>\ud83d\udce2 Votation du 14 juin 2026 : la position officielle de Souverainet\u00e9 Suisse est disponible La ligne est claire : 2 \u00d7 OUI \ud83c\udde8\ud83c\udded \u2714\ufe0f OUI \u00e0 l\u2019initiative \u00ab Pas de Suisse \u00e0 10 millions \u00bb \u2714\ufe0f OUI \u00e0 la r\u00e9forme du service civil Deux objets, un m\u00eame objectif : reprendre le contr\u00f4le de notre [&hellip;]<\/p>\n","protected":false},"author":2,"featured_media":1065,"comment_status":"closed","ping_status":"closed","sticky":false,"template":"","format":"standard","meta":{"footnotes":""},"categories":[8],"tags":[],"class_list":["post-1063","post","type-post","status-publish","format-standard","has-post-thumbnail","hentry","category-politique-interieure"],"yoast_head":"<!-- This site is optimized with the Yoast SEO plugin v26.9 - https:\/\/yoast.com\/product\/yoast-seo-wordpress\/ -->\n<title>\ud83c\udde8\ud83c\udded Votation du 14 juin 2026 : la position officielle de Souverainet\u00e9 Suisse est disponible - Mouvement Souverainet\u00e9 Suisse<\/title>\n<meta name=\"description\" content=\"Votation du 14 juin 2026 : Souverainet\u00e9 Suisse appelle \u00e0 2\u00d7 OUI \u00e0 l\u2019initiative \u00ab Pas de Suisse \u00e0 10 millions \u00bb et \u00e0 la r\u00e9forme du service civil. D\u00e9couvrez la prise de position officielle en PDF et partagez-la.\" \/>\n<meta name=\"robots\" content=\"index, follow, max-snippet:-1, max-image-preview:large, max-video-preview:-1\" \/>\n<link rel=\"canonical\" href=\"https:\/\/souverainete-suisse.ch\/en\/2026\/04\/vote-on-14-june-2026-the-official-position-of-swiss-sovereignty-is-available\/\" \/>\n<meta property=\"og:locale\" content=\"en_GB\" \/>\n<meta property=\"og:type\" content=\"article\" \/>\n<meta property=\"og:title\" content=\"\ud83c\udde8\ud83c\udded Votation du 14 juin 2026 : la position officielle de Souverainet\u00e9 Suisse est disponible - Mouvement Souverainet\u00e9 Suisse\" \/>\n<meta property=\"og:description\" content=\"Votation du 14 juin 2026 : Souverainet\u00e9 Suisse appelle \u00e0 2\u00d7 OUI \u00e0 l\u2019initiative \u00ab Pas de Suisse \u00e0 10 millions \u00bb et \u00e0 la r\u00e9forme du service civil. D\u00e9couvrez la prise de position officielle en PDF et partagez-la.\" \/>\n<meta property=\"og:url\" content=\"https:\/\/souverainete-suisse.ch\/en\/2026\/04\/vote-on-14-june-2026-the-official-position-of-swiss-sovereignty-is-available\/\" \/>\n<meta property=\"og:site_name\" content=\"Mouvement Souverainet\u00e9 Suisse\" \/>\n<meta property=\"article:published_time\" content=\"2026-04-21T11:24:36+00:00\" \/>\n<meta property=\"article:modified_time\" content=\"2026-04-28T12:44:12+00:00\" \/>\n<meta property=\"og:image\" content=\"https:\/\/souverainete-suisse.ch\/wp-content\/uploads\/2026\/04\/smic1.jpg\" \/>\n\t<meta property=\"og:image:width\" content=\"1536\" \/>\n\t<meta property=\"og:image:height\" content=\"1024\" \/>\n\t<meta property=\"og:image:type\" content=\"image\/jpeg\" \/>\n<meta name=\"author\" content=\"ludom\" \/>\n<meta name=\"twitter:card\" content=\"summary_large_image\" \/>\n<meta name=\"twitter:label1\" content=\"Written by\" \/>\n\t<meta name=\"twitter:data1\" content=\"ludom\" \/>\n\t<meta name=\"twitter:label2\" content=\"Estimated reading time\" \/>\n\t<meta name=\"twitter:data2\" content=\"1 minute\" \/>\n<script type=\"application\/ld+json\" class=\"yoast-schema-graph\">{\"@context\":\"https:\/\/schema.org\",\"@graph\":[{\"@type\":\"Article\",\"@id\":\"https:\/\/souverainete-suisse.ch\/2026\/04\/votation-du-14-juin-2026-la-position-officielle-de-souverainete-suisse-est-disponible\/#article\",\"isPartOf\":{\"@id\":\"https:\/\/souverainete-suisse.ch\/2026\/04\/votation-du-14-juin-2026-la-position-officielle-de-souverainete-suisse-est-disponible\/\"},\"author\":{\"name\":\"ludom\",\"@id\":\"https:\/\/souverainete-suisse.ch\/#\/schema\/person\/b25acb547faec24a94d7215216d68cbf\"},\"headline\":\"\ud83c\udde8\ud83c\udded Votation du 14 juin 2026 : la position officielle de Souverainet\u00e9 Suisse est disponible\",\"datePublished\":\"2026-04-21T11:24:36+00:00\",\"dateModified\":\"2026-04-28T12:44:12+00:00\",\"mainEntityOfPage\":{\"@id\":\"https:\/\/souverainete-suisse.ch\/2026\/04\/votation-du-14-juin-2026-la-position-officielle-de-souverainete-suisse-est-disponible\/\"},\"wordCount\":105,\"publisher\":{\"@id\":\"https:\/\/souverainete-suisse.ch\/#organization\"},\"image\":{\"@id\":\"https:\/\/souverainete-suisse.ch\/2026\/04\/votation-du-14-juin-2026-la-position-officielle-de-souverainete-suisse-est-disponible\/#primaryimage\"},\"thumbnailUrl\":\"https:\/\/souverainete-suisse.ch\/wp-content\/uploads\/2026\/04\/smic1.jpg\",\"articleSection\":[\"Politique int\u00e9rieure\"],\"inLanguage\":\"en-GB\"},{\"@type\":\"WebPage\",\"@id\":\"https:\/\/souverainete-suisse.ch\/2026\/04\/votation-du-14-juin-2026-la-position-officielle-de-souverainete-suisse-est-disponible\/\",\"url\":\"https:\/\/souverainete-suisse.ch\/2026\/04\/votation-du-14-juin-2026-la-position-officielle-de-souverainete-suisse-est-disponible\/\",\"name\":\"\ud83c\udde8\ud83c\udded Votation du 14 juin 2026 : la position officielle de Souverainet\u00e9 Suisse est disponible - Mouvement Souverainet\u00e9 Suisse\",\"isPartOf\":{\"@id\":\"https:\/\/souverainete-suisse.ch\/#website\"},\"primaryImageOfPage\":{\"@id\":\"https:\/\/souverainete-suisse.ch\/2026\/04\/votation-du-14-juin-2026-la-position-officielle-de-souverainete-suisse-est-disponible\/#primaryimage\"},\"image\":{\"@id\":\"https:\/\/souverainete-suisse.ch\/2026\/04\/votation-du-14-juin-2026-la-position-officielle-de-souverainete-suisse-est-disponible\/#primaryimage\"},\"thumbnailUrl\":\"https:\/\/souverainete-suisse.ch\/wp-content\/uploads\/2026\/04\/smic1.jpg\",\"datePublished\":\"2026-04-21T11:24:36+00:00\",\"dateModified\":\"2026-04-28T12:44:12+00:00\",\"description\":\"Votation du 14 juin 2026 : Souverainet\u00e9 Suisse appelle \u00e0 2\u00d7 OUI \u00e0 l\u2019initiative \u00ab Pas de Suisse \u00e0 10 millions \u00bb et \u00e0 la r\u00e9forme du service civil. D\u00e9couvrez la prise de position officielle en PDF et partagez-la.\",\"breadcrumb\":{\"@id\":\"https:\/\/souverainete-suisse.ch\/2026\/04\/votation-du-14-juin-2026-la-position-officielle-de-souverainete-suisse-est-disponible\/#breadcrumb\"},\"inLanguage\":\"en-GB\",\"potentialAction\":[{\"@type\":\"ReadAction\",\"target\":[\"https:\/\/souverainete-suisse.ch\/2026\/04\/votation-du-14-juin-2026-la-position-officielle-de-souverainete-suisse-est-disponible\/\"]}]},{\"@type\":\"ImageObject\",\"inLanguage\":\"en-GB\",\"@id\":\"https:\/\/souverainete-suisse.ch\/2026\/04\/votation-du-14-juin-2026-la-position-officielle-de-souverainete-suisse-est-disponible\/#primaryimage\",\"url\":\"https:\/\/souverainete-suisse.ch\/wp-content\/uploads\/2026\/04\/smic1.jpg\",\"contentUrl\":\"https:\/\/souverainete-suisse.ch\/wp-content\/uploads\/2026\/04\/smic1.jpg\",\"width\":1536,\"height\":1024},{\"@type\":\"BreadcrumbList\",\"@id\":\"https:\/\/souverainete-suisse.ch\/2026\/04\/votation-du-14-juin-2026-la-position-officielle-de-souverainete-suisse-est-disponible\/#breadcrumb\",\"itemListElement\":[{\"@type\":\"ListItem\",\"position\":1,\"name\":\"Accueil\",\"item\":\"https:\/\/souverainete-suisse.ch\/\"},{\"@type\":\"ListItem\",\"position\":2,\"name\":\"\ud83c\udde8\ud83c\udded Votation du 14 juin 2026 : la position officielle de Souverainet\u00e9 Suisse est disponible\"}]},{\"@type\":\"WebSite\",\"@id\":\"https:\/\/souverainete-suisse.ch\/#website\",\"url\":\"https:\/\/souverainete-suisse.ch\/\",\"name\":\"Mouvement Souverainet\u00e9 Suisse\",\"description\":\"\",\"publisher\":{\"@id\":\"https:\/\/souverainete-suisse.ch\/#organization\"},\"potentialAction\":[{\"@type\":\"SearchAction\",\"target\":{\"@type\":\"EntryPoint\",\"urlTemplate\":\"https:\/\/souverainete-suisse.ch\/?s={search_term_string}\"},\"query-input\":{\"@type\":\"PropertyValueSpecification\",\"valueRequired\":true,\"valueName\":\"search_term_string\"}}],\"inLanguage\":\"en-GB\"},{\"@type\":\"Organization\",\"@id\":\"https:\/\/souverainete-suisse.ch\/#organization\",\"name\":\"Mouvement Souverainet\u00e9 Suisse\",\"url\":\"https:\/\/souverainete-suisse.ch\/\",\"logo\":{\"@type\":\"ImageObject\",\"inLanguage\":\"en-GB\",\"@id\":\"https:\/\/souverainete-suisse.ch\/#\/schema\/logo\/image\/\",\"url\":\"https:\/\/souverainete-suisse.ch\/wp-content\/uploads\/2025\/11\/logo.png\",\"contentUrl\":\"https:\/\/souverainete-suisse.ch\/wp-content\/uploads\/2025\/11\/logo.png\",\"width\":2053,\"height\":1461,\"caption\":\"Mouvement Souverainet\u00e9 Suisse\"},\"image\":{\"@id\":\"https:\/\/souverainete-suisse.ch\/#\/schema\/logo\/image\/\"}},{\"@type\":\"Person\",\"@id\":\"https:\/\/souverainete-suisse.ch\/#\/schema\/person\/b25acb547faec24a94d7215216d68cbf\",\"name\":\"ludom\",\"image\":{\"@type\":\"ImageObject\",\"inLanguage\":\"en-GB\",\"@id\":\"https:\/\/souverainete-suisse.ch\/#\/schema\/person\/image\/\",\"url\":\"https:\/\/secure.gravatar.com\/avatar\/77b40fd8e49e537abcea7487b290688ce92143c3443b1d3f419149c67282ffb4?s=96&d=mm&r=g\",\"contentUrl\":\"https:\/\/secure.gravatar.com\/avatar\/77b40fd8e49e537abcea7487b290688ce92143c3443b1d3f419149c67282ffb4?s=96&d=mm&r=g\",\"caption\":\"ludom\"},\"url\":\"http:\/\/souverainete-suisse.ch\/en\/author\/ludom\/\"}]}<\/script>\n<!-- \/ Yoast SEO plugin. -->","yoast_head_json":{"title":"\ud83c\udde8\ud83c\udded Votation du 14 juin 2026 : la position officielle de Souverainet\u00e9 Suisse est disponible - Mouvement Souverainet\u00e9 Suisse","description":"Vote on 14 June 2026: Swiss Sovereignty calls for 2x YES to the \u00abNo to 10 Million Swiss\u00bb initiative and the reform of civil service. Discover the official position statement in PDF and share it.","robots":{"index":"index","follow":"follow","max-snippet":"max-snippet:-1","max-image-preview":"max-image-preview:large","max-video-preview":"max-video-preview:-1"},"canonical":"https:\/\/souverainete-suisse.ch\/en\/2026\/04\/vote-on-14-june-2026-the-official-position-of-swiss-sovereignty-is-available\/","og_locale":"en_GB","og_type":"article","og_title":"\ud83c\udde8\ud83c\udded Votation du 14 juin 2026 : la position officielle de Souverainet\u00e9 Suisse est disponible - Mouvement Souverainet\u00e9 Suisse","og_description":"Votation du 14 juin 2026 : Souverainet\u00e9 Suisse appelle \u00e0 2\u00d7 OUI \u00e0 l\u2019initiative \u00ab Pas de Suisse \u00e0 10 millions \u00bb et \u00e0 la r\u00e9forme du service civil. D\u00e9couvrez la prise de position officielle en PDF et partagez-la.","og_url":"https:\/\/souverainete-suisse.ch\/en\/2026\/04\/vote-on-14-june-2026-the-official-position-of-swiss-sovereignty-is-available\/","og_site_name":"Mouvement Souverainet\u00e9 Suisse","article_published_time":"2026-04-21T11:24:36+00:00","article_modified_time":"2026-04-28T12:44:12+00:00","og_image":[{"width":1536,"height":1024,"url":"https:\/\/souverainete-suisse.ch\/wp-content\/uploads\/2026\/04\/smic1.jpg","type":"image\/jpeg"}],"author":"ludom","twitter_card":"summary_large_image","twitter_misc":{"Written by":"ludom","Estimated reading time":"1 minute"},"schema":{"@context":"https:\/\/schema.org","@graph":[{"@type":"Article","@id":"https:\/\/souverainete-suisse.ch\/2026\/04\/votation-du-14-juin-2026-la-position-officielle-de-souverainete-suisse-est-disponible\/#article","isPartOf":{"@id":"https:\/\/souverainete-suisse.ch\/2026\/04\/votation-du-14-juin-2026-la-position-officielle-de-souverainete-suisse-est-disponible\/"},"author":{"name":"ludom","@id":"https:\/\/souverainete-suisse.ch\/#\/schema\/person\/b25acb547faec24a94d7215216d68cbf"},"headline":"\ud83c\udde8\ud83c\udded Votation du 14 juin 2026 : la position officielle de Souverainet\u00e9 Suisse est disponible","datePublished":"2026-04-21T11:24:36+00:00","dateModified":"2026-04-28T12:44:12+00:00","mainEntityOfPage":{"@id":"https:\/\/souverainete-suisse.ch\/2026\/04\/votation-du-14-juin-2026-la-position-officielle-de-souverainete-suisse-est-disponible\/"},"wordCount":105,"publisher":{"@id":"https:\/\/souverainete-suisse.ch\/#organization"},"image":{"@id":"https:\/\/souverainete-suisse.ch\/2026\/04\/votation-du-14-juin-2026-la-position-officielle-de-souverainete-suisse-est-disponible\/#primaryimage"},"thumbnailUrl":"https:\/\/souverainete-suisse.ch\/wp-content\/uploads\/2026\/04\/smic1.jpg","articleSection":["Politique int\u00e9rieure"],"inLanguage":"en-GB"},{"@type":"WebPage","@id":"https:\/\/souverainete-suisse.ch\/2026\/04\/votation-du-14-juin-2026-la-position-officielle-de-souverainete-suisse-est-disponible\/","url":"https:\/\/souverainete-suisse.ch\/2026\/04\/votation-du-14-juin-2026-la-position-officielle-de-souverainete-suisse-est-disponible\/","name":"\ud83c\udde8\ud83c\udded Votation du 14 juin 2026 : la position officielle de Souverainet\u00e9 Suisse est disponible - Mouvement Souverainet\u00e9 Suisse","isPartOf":{"@id":"https:\/\/souverainete-suisse.ch\/#website"},"primaryImageOfPage":{"@id":"https:\/\/souverainete-suisse.ch\/2026\/04\/votation-du-14-juin-2026-la-position-officielle-de-souverainete-suisse-est-disponible\/#primaryimage"},"image":{"@id":"https:\/\/souverainete-suisse.ch\/2026\/04\/votation-du-14-juin-2026-la-position-officielle-de-souverainete-suisse-est-disponible\/#primaryimage"},"thumbnailUrl":"https:\/\/souverainete-suisse.ch\/wp-content\/uploads\/2026\/04\/smic1.jpg","datePublished":"2026-04-21T11:24:36+00:00","dateModified":"2026-04-28T12:44:12+00:00","description":"Vote on 14 June 2026: Swiss Sovereignty calls for 2x YES to the \u00abNo to 10 Million Swiss\u00bb initiative and the reform of civil service. Discover the official position statement in PDF and share it.","breadcrumb":{"@id":"https:\/\/souverainete-suisse.ch\/2026\/04\/votation-du-14-juin-2026-la-position-officielle-de-souverainete-suisse-est-disponible\/#breadcrumb"},"inLanguage":"en-GB","potentialAction":[{"@type":"ReadAction","target":["https:\/\/souverainete-suisse.ch\/2026\/04\/votation-du-14-juin-2026-la-position-officielle-de-souverainete-suisse-est-disponible\/"]}]},{"@type":"ImageObject","inLanguage":"en-GB","@id":"https:\/\/souverainete-suisse.ch\/2026\/04\/votation-du-14-juin-2026-la-position-officielle-de-souverainete-suisse-est-disponible\/#primaryimage","url":"https:\/\/souverainete-suisse.ch\/wp-content\/uploads\/2026\/04\/smic1.jpg","contentUrl":"https:\/\/souverainete-suisse.ch\/wp-content\/uploads\/2026\/04\/smic1.jpg","width":1536,"height":1024},{"@type":"BreadcrumbList","@id":"https:\/\/souverainete-suisse.ch\/2026\/04\/votation-du-14-juin-2026-la-position-officielle-de-souverainete-suisse-est-disponible\/#breadcrumb","itemListElement":[{"@type":"ListItem","position":1,"name":"Accueil","item":"https:\/\/souverainete-suisse.ch\/"},{"@type":"ListItem","position":2,"name":"\ud83c\udde8\ud83c\udded Votation du 14 juin 2026 : la position officielle de Souverainet\u00e9 Suisse est disponible"}]},{"@type":"WebSite","@id":"https:\/\/souverainete-suisse.ch\/#website","url":"https:\/\/souverainete-suisse.ch\/","name":"Swiss Sovereignty Movement","description":"","publisher":{"@id":"https:\/\/souverainete-suisse.ch\/#organization"},"potentialAction":[{"@type":"SearchAction","target":{"@type":"EntryPoint","urlTemplate":"https:\/\/souverainete-suisse.ch\/?s={search_term_string}"},"query-input":{"@type":"PropertyValueSpecification","valueRequired":true,"valueName":"search_term_string"}}],"inLanguage":"en-GB"},{"@type":"Organization","@id":"https:\/\/souverainete-suisse.ch\/#organization","name":"Swiss Sovereignty Movement","url":"https:\/\/souverainete-suisse.ch\/","logo":{"@type":"ImageObject","inLanguage":"en-GB","@id":"https:\/\/souverainete-suisse.ch\/#\/schema\/logo\/image\/","url":"https:\/\/souverainete-suisse.ch\/wp-content\/uploads\/2025\/11\/logo.png","contentUrl":"https:\/\/souverainete-suisse.ch\/wp-content\/uploads\/2025\/11\/logo.png","width":2053,"height":1461,"caption":"Mouvement Souverainet\u00e9 Suisse"},"image":{"@id":"https:\/\/souverainete-suisse.ch\/#\/schema\/logo\/image\/"}},{"@type":"Person","@id":"https:\/\/souverainete-suisse.ch\/#\/schema\/person\/b25acb547faec24a94d7215216d68cbf","name":"ludom","image":{"@type":"ImageObject","inLanguage":"en-GB","@id":"https:\/\/souverainete-suisse.ch\/#\/schema\/person\/image\/","url":"https:\/\/secure.gravatar.com\/avatar\/77b40fd8e49e537abcea7487b290688ce92143c3443b1d3f419149c67282ffb4?s=96&d=mm&r=g","contentUrl":"https:\/\/secure.gravatar.com\/avatar\/77b40fd8e49e537abcea7487b290688ce92143c3443b1d3f419149c67282ffb4?s=96&d=mm&r=g","caption":"ludom"},"url":"http:\/\/souverainete-suisse.ch\/en\/author\/ludom\/"}]}},"_links":{"self":[{"href":"http:\/\/souverainete-suisse.ch\/en\/wp-json\/wp\/v2\/posts\/1063","targetHints":{"allow":["GET"]}}],"collection":[{"href":"http:\/\/souverainete-suisse.ch\/en\/wp-json\/wp\/v2\/posts"}],"about":[{"href":"http:\/\/souverainete-suisse.ch\/en\/wp-json\/wp\/v2\/types\/post"}],"author":[{"embeddable":true,"href":"http:\/\/souverainete-suisse.ch\/en\/wp-json\/wp\/v2\/users\/2"}],"replies":[{"embeddable":true,"href":"http:\/\/souverainete-suisse.ch\/en\/wp-json\/wp\/v2\/comments?post=1063"}],"version-history":[{"count":2,"href":"http:\/\/souverainete-suisse.ch\/en\/wp-json\/wp\/v2\/posts\/1063\/revisions"}],"predecessor-version":[{"id":1122,"href":"http:\/\/souverainete-suisse.ch\/en\/wp-json\/wp\/v2\/posts\/1063\/revisions\/1122"}],"wp:featuredmedia":[{"embeddable":true,"href":"http:\/\/souverainete-suisse.ch\/en\/wp-json\/wp\/v2\/media\/1065"}],"wp:attachment":[{"href":"http:\/\/souverainete-suisse.ch\/en\/wp-json\/wp\/v2\/media?parent=1063"}],"wp:term":[{"taxonomy":"category","embeddable":true,"href":"http:\/\/souverainete-suisse.ch\/en\/wp-json\/wp\/v2\/categories?post=1063"},{"taxonomy":"post_tag","embeddable":true,"href":"http:\/\/souverainete-suisse.ch\/en\/wp-json\/wp\/v2\/tags?post=1063"}],"curies":[{"name":"wp","href":"https:\/\/api.w.org\/{rel}","templated":true}]}}