{"id":1058,"date":"2026-04-17T14:53:37","date_gmt":"2026-04-17T12:53:37","guid":{"rendered":"https:\/\/souverainete-suisse.ch\/?p=1058"},"modified":"2026-04-17T14:53:37","modified_gmt":"2026-04-17T12:53:37","slug":"to-manufacture-fear-for-propaganda-purposes","status":"publish","type":"post","link":"http:\/\/souverainete-suisse.ch\/en\/2026\/04\/to-manufacture-fear-for-propaganda-purposes\/","title":{"rendered":"FER: the fear factory in the service of propaganda"},"content":{"rendered":"<p>When an organisation meant to defend the economy slides into fear-mongering, it's no longer a debate \u2013 it's an attempt at influence. With dark visuals, simplistic slogans, and doomsday scenarios, the FER abandons reasoned argument for manipulation. Behind these shocking images lies a clear strategy: to bypass critical thinking and steer public opinion. But by treating citizens as an audience to be convinced rather than respected, the federation is jeopardising its own credibility.<\/p>\n<p>&nbsp;<\/p>\n<p id=\"ember1531\" class=\"ember-view reader-text-block__paragraph\"><strong>The Federation of Romande Businesses<\/strong> (FER) is no longer engaging in economic representation. It's engaging in propaganda. And not the most subtle kind: a crude, anxiety-inducing, almost caricatural staging that reduces a complex democratic debate to primal fears carefully put on display.<\/p>\n<p id=\"ember1532\" class=\"ember-view reader-text-block__paragraph\">Brandishing images of \u00absoulless neighbourhoods\u00bb and conjuring the spectre of a \u00abSwitzerland without children\u00bb is not an argument. <strong>This is a psychological manipulation technique worthy of the worst marketing recipes: create anxiety, simplify to the extreme, then direct the reaction.<\/strong> We are no longer in analysis, but in sales. Like laundry detergent salesmen promising a cleaner world with hollow slogans and shocking imagery.<\/p>\n<p id=\"ember1533\" class=\"ember-view reader-text-block__paragraph\">What is worrying is not just the message. <strong>It is the contempt he reveals for the intelligence of the citizens<\/strong>. To believe that a people accustomed to direct democracy can be guided by such obvious strings smacks of arrogance.<\/p>\n<p id=\"ember1534\" class=\"ember-view reader-text-block__paragraph\">By trying to influence at all costs, the FER damages what it claims to defend. <strong>It discredits economic discourse, weakens public debate and exposes the companies it represents to a legitimate backlash.<\/strong> Many of them deserve better than dystopian, unsubtle, unrigorous, unscrupulous communication.<\/p>\n<p id=\"ember1535\" class=\"ember-view reader-text-block__paragraph\">An organisation that is supposed to embody the seriousness and responsibility of the Romand economic fabric is here transforming into a slogan-generating machine. And this, yes, is <strong>a real disgrace for Genevan businesses finding themselves associated with this spectacle.<\/strong><\/p>","protected":false},"excerpt":{"rendered":"<p>Quand une organisation cens\u00e9e d\u00e9fendre l\u2019\u00e9conomie bascule dans la mise en sc\u00e8ne de la peur, ce n\u2019est plus un d\u00e9bat \u2014 c\u2019est une tentative d\u2019influence. Avec des visuels sombres, des slogans simplistes et des sc\u00e9narios catastrophes, la FER abandonne l\u2019argumentation pour la manipulation. Derri\u00e8re ces images choc, une strat\u00e9gie claire : court-circuiter la r\u00e9flexion et [&hellip;]<\/p>\n","protected":false},"author":2,"featured_media":1059,"comment_status":"closed","ping_status":"closed","sticky":false,"template":"","format":"standard","meta":{"footnotes":""},"categories":[8,11],"tags":[],"class_list":["post-1058","post","type-post","status-publish","format-standard","has-post-thumbnail","hentry","category-politique-interieure","category-ue"],"yoast_head":"<!-- This site is optimized with the Yoast SEO plugin v26.9 - https:\/\/yoast.com\/product\/yoast-seo-wordpress\/ -->\n<title>FER : la fabrique de la peur au service de la propagande - Mouvement Souverainet\u00e9 Suisse<\/title>\n<meta name=\"description\" content=\"FER : une communication jug\u00e9e propagandiste et anxiog\u00e8ne, accus\u00e9e de manipuler le d\u00e9bat d\u00e9mocratique avec des slogans simplistes, au risque de d\u00e9cr\u00e9dibiliser la parole \u00e9conomique et d\u2019affaiblir la confiance des citoyens.\" \/>\n<meta name=\"robots\" content=\"index, follow, max-snippet:-1, max-image-preview:large, max-video-preview:-1\" \/>\n<link rel=\"canonical\" href=\"https:\/\/souverainete-suisse.ch\/en\/2026\/04\/to-manufacture-fear-for-propaganda-purposes\/\" \/>\n<meta property=\"og:locale\" content=\"en_GB\" \/>\n<meta property=\"og:type\" content=\"article\" \/>\n<meta property=\"og:title\" content=\"FER : la fabrique de la peur au service de la propagande - Mouvement Souverainet\u00e9 Suisse\" \/>\n<meta property=\"og:description\" content=\"FER : une communication jug\u00e9e propagandiste et anxiog\u00e8ne, accus\u00e9e de manipuler le d\u00e9bat d\u00e9mocratique avec des slogans simplistes, au risque de d\u00e9cr\u00e9dibiliser la parole \u00e9conomique et d\u2019affaiblir la confiance des citoyens.\" \/>\n<meta property=\"og:url\" content=\"https:\/\/souverainete-suisse.ch\/en\/2026\/04\/to-manufacture-fear-for-propaganda-purposes\/\" \/>\n<meta property=\"og:site_name\" content=\"Mouvement Souverainet\u00e9 Suisse\" \/>\n<meta property=\"article:published_time\" content=\"2026-04-17T12:53:37+00:00\" \/>\n<meta property=\"og:image\" content=\"https:\/\/souverainete-suisse.ch\/wp-content\/uploads\/2026\/04\/Suissesansenfants.jpg\" \/>\n\t<meta property=\"og:image:width\" content=\"1536\" \/>\n\t<meta property=\"og:image:height\" content=\"1024\" \/>\n\t<meta property=\"og:image:type\" content=\"image\/jpeg\" \/>\n<meta name=\"author\" content=\"ludom\" \/>\n<meta name=\"twitter:card\" content=\"summary_large_image\" \/>\n<meta name=\"twitter:label1\" content=\"Written by\" \/>\n\t<meta name=\"twitter:data1\" content=\"ludom\" \/>\n\t<meta name=\"twitter:label2\" content=\"Estimated reading time\" \/>\n\t<meta name=\"twitter:data2\" content=\"2 minutes\" \/>\n<script type=\"application\/ld+json\" class=\"yoast-schema-graph\">{\"@context\":\"https:\/\/schema.org\",\"@graph\":[{\"@type\":\"Article\",\"@id\":\"https:\/\/souverainete-suisse.ch\/2026\/04\/fer-la-fabrique-de-la-peur-au-service-de-la-propagande\/#article\",\"isPartOf\":{\"@id\":\"https:\/\/souverainete-suisse.ch\/2026\/04\/fer-la-fabrique-de-la-peur-au-service-de-la-propagande\/\"},\"author\":{\"name\":\"ludom\",\"@id\":\"https:\/\/souverainete-suisse.ch\/#\/schema\/person\/b25acb547faec24a94d7215216d68cbf\"},\"headline\":\"FER : la fabrique de la peur au service de la propagande\",\"datePublished\":\"2026-04-17T12:53:37+00:00\",\"mainEntityOfPage\":{\"@id\":\"https:\/\/souverainete-suisse.ch\/2026\/04\/fer-la-fabrique-de-la-peur-au-service-de-la-propagande\/\"},\"wordCount\":392,\"publisher\":{\"@id\":\"https:\/\/souverainete-suisse.ch\/#organization\"},\"image\":{\"@id\":\"https:\/\/souverainete-suisse.ch\/2026\/04\/fer-la-fabrique-de-la-peur-au-service-de-la-propagande\/#primaryimage\"},\"thumbnailUrl\":\"https:\/\/souverainete-suisse.ch\/wp-content\/uploads\/2026\/04\/Suissesansenfants.jpg\",\"articleSection\":[\"Politique int\u00e9rieure\",\"UE\"],\"inLanguage\":\"en-GB\"},{\"@type\":\"WebPage\",\"@id\":\"https:\/\/souverainete-suisse.ch\/2026\/04\/fer-la-fabrique-de-la-peur-au-service-de-la-propagande\/\",\"url\":\"https:\/\/souverainete-suisse.ch\/2026\/04\/fer-la-fabrique-de-la-peur-au-service-de-la-propagande\/\",\"name\":\"FER : la fabrique de la peur au service de la propagande - Mouvement Souverainet\u00e9 Suisse\",\"isPartOf\":{\"@id\":\"https:\/\/souverainete-suisse.ch\/#website\"},\"primaryImageOfPage\":{\"@id\":\"https:\/\/souverainete-suisse.ch\/2026\/04\/fer-la-fabrique-de-la-peur-au-service-de-la-propagande\/#primaryimage\"},\"image\":{\"@id\":\"https:\/\/souverainete-suisse.ch\/2026\/04\/fer-la-fabrique-de-la-peur-au-service-de-la-propagande\/#primaryimage\"},\"thumbnailUrl\":\"https:\/\/souverainete-suisse.ch\/wp-content\/uploads\/2026\/04\/Suissesansenfants.jpg\",\"datePublished\":\"2026-04-17T12:53:37+00:00\",\"description\":\"FER : une communication jug\u00e9e propagandiste et anxiog\u00e8ne, accus\u00e9e de manipuler le d\u00e9bat d\u00e9mocratique avec des slogans simplistes, au risque de d\u00e9cr\u00e9dibiliser la parole \u00e9conomique et d\u2019affaiblir la confiance des citoyens.\",\"breadcrumb\":{\"@id\":\"https:\/\/souverainete-suisse.ch\/2026\/04\/fer-la-fabrique-de-la-peur-au-service-de-la-propagande\/#breadcrumb\"},\"inLanguage\":\"en-GB\",\"potentialAction\":[{\"@type\":\"ReadAction\",\"target\":[\"https:\/\/souverainete-suisse.ch\/2026\/04\/fer-la-fabrique-de-la-peur-au-service-de-la-propagande\/\"]}]},{\"@type\":\"ImageObject\",\"inLanguage\":\"en-GB\",\"@id\":\"https:\/\/souverainete-suisse.ch\/2026\/04\/fer-la-fabrique-de-la-peur-au-service-de-la-propagande\/#primaryimage\",\"url\":\"https:\/\/souverainete-suisse.ch\/wp-content\/uploads\/2026\/04\/Suissesansenfants.jpg\",\"contentUrl\":\"https:\/\/souverainete-suisse.ch\/wp-content\/uploads\/2026\/04\/Suissesansenfants.jpg\",\"width\":1536,\"height\":1024},{\"@type\":\"BreadcrumbList\",\"@id\":\"https:\/\/souverainete-suisse.ch\/2026\/04\/fer-la-fabrique-de-la-peur-au-service-de-la-propagande\/#breadcrumb\",\"itemListElement\":[{\"@type\":\"ListItem\",\"position\":1,\"name\":\"Accueil\",\"item\":\"https:\/\/souverainete-suisse.ch\/\"},{\"@type\":\"ListItem\",\"position\":2,\"name\":\"FER : la fabrique de la peur au service de la propagande\"}]},{\"@type\":\"WebSite\",\"@id\":\"https:\/\/souverainete-suisse.ch\/#website\",\"url\":\"https:\/\/souverainete-suisse.ch\/\",\"name\":\"Mouvement Souverainet\u00e9 Suisse\",\"description\":\"\",\"publisher\":{\"@id\":\"https:\/\/souverainete-suisse.ch\/#organization\"},\"potentialAction\":[{\"@type\":\"SearchAction\",\"target\":{\"@type\":\"EntryPoint\",\"urlTemplate\":\"https:\/\/souverainete-suisse.ch\/?s={search_term_string}\"},\"query-input\":{\"@type\":\"PropertyValueSpecification\",\"valueRequired\":true,\"valueName\":\"search_term_string\"}}],\"inLanguage\":\"en-GB\"},{\"@type\":\"Organization\",\"@id\":\"https:\/\/souverainete-suisse.ch\/#organization\",\"name\":\"Mouvement Souverainet\u00e9 Suisse\",\"url\":\"https:\/\/souverainete-suisse.ch\/\",\"logo\":{\"@type\":\"ImageObject\",\"inLanguage\":\"en-GB\",\"@id\":\"https:\/\/souverainete-suisse.ch\/#\/schema\/logo\/image\/\",\"url\":\"https:\/\/souverainete-suisse.ch\/wp-content\/uploads\/2025\/11\/logo.png\",\"contentUrl\":\"https:\/\/souverainete-suisse.ch\/wp-content\/uploads\/2025\/11\/logo.png\",\"width\":2053,\"height\":1461,\"caption\":\"Mouvement Souverainet\u00e9 Suisse\"},\"image\":{\"@id\":\"https:\/\/souverainete-suisse.ch\/#\/schema\/logo\/image\/\"}},{\"@type\":\"Person\",\"@id\":\"https:\/\/souverainete-suisse.ch\/#\/schema\/person\/b25acb547faec24a94d7215216d68cbf\",\"name\":\"ludom\",\"image\":{\"@type\":\"ImageObject\",\"inLanguage\":\"en-GB\",\"@id\":\"https:\/\/souverainete-suisse.ch\/#\/schema\/person\/image\/\",\"url\":\"https:\/\/secure.gravatar.com\/avatar\/77b40fd8e49e537abcea7487b290688ce92143c3443b1d3f419149c67282ffb4?s=96&d=mm&r=g\",\"contentUrl\":\"https:\/\/secure.gravatar.com\/avatar\/77b40fd8e49e537abcea7487b290688ce92143c3443b1d3f419149c67282ffb4?s=96&d=mm&r=g\",\"caption\":\"ludom\"},\"url\":\"http:\/\/souverainete-suisse.ch\/en\/author\/ludom\/\"}]}<\/script>\n<!-- \/ Yoast SEO plugin. -->","yoast_head_json":{"title":"FER: the factory of fear in the service of propaganda - Swiss Sovereignty Movement","description":"FER: communication deemed propagandistic and anxiety-inducing, accused of manipulating democratic debate with simplistic slogans, at risk of discrediting economic discourse and weakening citizens' trust.","robots":{"index":"index","follow":"follow","max-snippet":"max-snippet:-1","max-image-preview":"max-image-preview:large","max-video-preview":"max-video-preview:-1"},"canonical":"https:\/\/souverainete-suisse.ch\/en\/2026\/04\/to-manufacture-fear-for-propaganda-purposes\/","og_locale":"en_GB","og_type":"article","og_title":"FER : la fabrique de la peur au service de la propagande - Mouvement Souverainet\u00e9 Suisse","og_description":"FER : une communication jug\u00e9e propagandiste et anxiog\u00e8ne, accus\u00e9e de manipuler le d\u00e9bat d\u00e9mocratique avec des slogans simplistes, au risque de d\u00e9cr\u00e9dibiliser la parole \u00e9conomique et d\u2019affaiblir la confiance des citoyens.","og_url":"https:\/\/souverainete-suisse.ch\/en\/2026\/04\/to-manufacture-fear-for-propaganda-purposes\/","og_site_name":"Mouvement Souverainet\u00e9 Suisse","article_published_time":"2026-04-17T12:53:37+00:00","og_image":[{"width":1536,"height":1024,"url":"https:\/\/souverainete-suisse.ch\/wp-content\/uploads\/2026\/04\/Suissesansenfants.jpg","type":"image\/jpeg"}],"author":"ludom","twitter_card":"summary_large_image","twitter_misc":{"Written by":"ludom","Estimated reading time":"2 minutes"},"schema":{"@context":"https:\/\/schema.org","@graph":[{"@type":"Article","@id":"https:\/\/souverainete-suisse.ch\/2026\/04\/fer-la-fabrique-de-la-peur-au-service-de-la-propagande\/#article","isPartOf":{"@id":"https:\/\/souverainete-suisse.ch\/2026\/04\/fer-la-fabrique-de-la-peur-au-service-de-la-propagande\/"},"author":{"name":"ludom","@id":"https:\/\/souverainete-suisse.ch\/#\/schema\/person\/b25acb547faec24a94d7215216d68cbf"},"headline":"FER : la fabrique de la peur au service de la propagande","datePublished":"2026-04-17T12:53:37+00:00","mainEntityOfPage":{"@id":"https:\/\/souverainete-suisse.ch\/2026\/04\/fer-la-fabrique-de-la-peur-au-service-de-la-propagande\/"},"wordCount":392,"publisher":{"@id":"https:\/\/souverainete-suisse.ch\/#organization"},"image":{"@id":"https:\/\/souverainete-suisse.ch\/2026\/04\/fer-la-fabrique-de-la-peur-au-service-de-la-propagande\/#primaryimage"},"thumbnailUrl":"https:\/\/souverainete-suisse.ch\/wp-content\/uploads\/2026\/04\/Suissesansenfants.jpg","articleSection":["Politique int\u00e9rieure","UE"],"inLanguage":"en-GB"},{"@type":"WebPage","@id":"https:\/\/souverainete-suisse.ch\/2026\/04\/fer-la-fabrique-de-la-peur-au-service-de-la-propagande\/","url":"https:\/\/souverainete-suisse.ch\/2026\/04\/fer-la-fabrique-de-la-peur-au-service-de-la-propagande\/","name":"FER: the factory of fear in the service of propaganda - Swiss Sovereignty Movement","isPartOf":{"@id":"https:\/\/souverainete-suisse.ch\/#website"},"primaryImageOfPage":{"@id":"https:\/\/souverainete-suisse.ch\/2026\/04\/fer-la-fabrique-de-la-peur-au-service-de-la-propagande\/#primaryimage"},"image":{"@id":"https:\/\/souverainete-suisse.ch\/2026\/04\/fer-la-fabrique-de-la-peur-au-service-de-la-propagande\/#primaryimage"},"thumbnailUrl":"https:\/\/souverainete-suisse.ch\/wp-content\/uploads\/2026\/04\/Suissesansenfants.jpg","datePublished":"2026-04-17T12:53:37+00:00","description":"FER: communication deemed propagandistic and anxiety-inducing, accused of manipulating democratic debate with simplistic slogans, at risk of discrediting economic discourse and weakening citizens' trust.","breadcrumb":{"@id":"https:\/\/souverainete-suisse.ch\/2026\/04\/fer-la-fabrique-de-la-peur-au-service-de-la-propagande\/#breadcrumb"},"inLanguage":"en-GB","potentialAction":[{"@type":"ReadAction","target":["https:\/\/souverainete-suisse.ch\/2026\/04\/fer-la-fabrique-de-la-peur-au-service-de-la-propagande\/"]}]},{"@type":"ImageObject","inLanguage":"en-GB","@id":"https:\/\/souverainete-suisse.ch\/2026\/04\/fer-la-fabrique-de-la-peur-au-service-de-la-propagande\/#primaryimage","url":"https:\/\/souverainete-suisse.ch\/wp-content\/uploads\/2026\/04\/Suissesansenfants.jpg","contentUrl":"https:\/\/souverainete-suisse.ch\/wp-content\/uploads\/2026\/04\/Suissesansenfants.jpg","width":1536,"height":1024},{"@type":"BreadcrumbList","@id":"https:\/\/souverainete-suisse.ch\/2026\/04\/fer-la-fabrique-de-la-peur-au-service-de-la-propagande\/#breadcrumb","itemListElement":[{"@type":"ListItem","position":1,"name":"Accueil","item":"https:\/\/souverainete-suisse.ch\/"},{"@type":"ListItem","position":2,"name":"FER : la fabrique de la peur au service de la propagande"}]},{"@type":"WebSite","@id":"https:\/\/souverainete-suisse.ch\/#website","url":"https:\/\/souverainete-suisse.ch\/","name":"Swiss Sovereignty Movement","description":"","publisher":{"@id":"https:\/\/souverainete-suisse.ch\/#organization"},"potentialAction":[{"@type":"SearchAction","target":{"@type":"EntryPoint","urlTemplate":"https:\/\/souverainete-suisse.ch\/?s={search_term_string}"},"query-input":{"@type":"PropertyValueSpecification","valueRequired":true,"valueName":"search_term_string"}}],"inLanguage":"en-GB"},{"@type":"Organization","@id":"https:\/\/souverainete-suisse.ch\/#organization","name":"Swiss Sovereignty Movement","url":"https:\/\/souverainete-suisse.ch\/","logo":{"@type":"ImageObject","inLanguage":"en-GB","@id":"https:\/\/souverainete-suisse.ch\/#\/schema\/logo\/image\/","url":"https:\/\/souverainete-suisse.ch\/wp-content\/uploads\/2025\/11\/logo.png","contentUrl":"https:\/\/souverainete-suisse.ch\/wp-content\/uploads\/2025\/11\/logo.png","width":2053,"height":1461,"caption":"Mouvement Souverainet\u00e9 Suisse"},"image":{"@id":"https:\/\/souverainete-suisse.ch\/#\/schema\/logo\/image\/"}},{"@type":"Person","@id":"https:\/\/souverainete-suisse.ch\/#\/schema\/person\/b25acb547faec24a94d7215216d68cbf","name":"ludom","image":{"@type":"ImageObject","inLanguage":"en-GB","@id":"https:\/\/souverainete-suisse.ch\/#\/schema\/person\/image\/","url":"https:\/\/secure.gravatar.com\/avatar\/77b40fd8e49e537abcea7487b290688ce92143c3443b1d3f419149c67282ffb4?s=96&d=mm&r=g","contentUrl":"https:\/\/secure.gravatar.com\/avatar\/77b40fd8e49e537abcea7487b290688ce92143c3443b1d3f419149c67282ffb4?s=96&d=mm&r=g","caption":"ludom"},"url":"http:\/\/souverainete-suisse.ch\/en\/author\/ludom\/"}]}},"_links":{"self":[{"href":"http:\/\/souverainete-suisse.ch\/en\/wp-json\/wp\/v2\/posts\/1058","targetHints":{"allow":["GET"]}}],"collection":[{"href":"http:\/\/souverainete-suisse.ch\/en\/wp-json\/wp\/v2\/posts"}],"about":[{"href":"http:\/\/souverainete-suisse.ch\/en\/wp-json\/wp\/v2\/types\/post"}],"author":[{"embeddable":true,"href":"http:\/\/souverainete-suisse.ch\/en\/wp-json\/wp\/v2\/users\/2"}],"replies":[{"embeddable":true,"href":"http:\/\/souverainete-suisse.ch\/en\/wp-json\/wp\/v2\/comments?post=1058"}],"version-history":[{"count":1,"href":"http:\/\/souverainete-suisse.ch\/en\/wp-json\/wp\/v2\/posts\/1058\/revisions"}],"predecessor-version":[{"id":1060,"href":"http:\/\/souverainete-suisse.ch\/en\/wp-json\/wp\/v2\/posts\/1058\/revisions\/1060"}],"wp:featuredmedia":[{"embeddable":true,"href":"http:\/\/souverainete-suisse.ch\/en\/wp-json\/wp\/v2\/media\/1059"}],"wp:attachment":[{"href":"http:\/\/souverainete-suisse.ch\/en\/wp-json\/wp\/v2\/media?parent=1058"}],"wp:term":[{"taxonomy":"category","embeddable":true,"href":"http:\/\/souverainete-suisse.ch\/en\/wp-json\/wp\/v2\/categories?post=1058"},{"taxonomy":"post_tag","embeddable":true,"href":"http:\/\/souverainete-suisse.ch\/en\/wp-json\/wp\/v2\/tags?post=1058"}],"curies":[{"name":"wp","href":"https:\/\/api.w.org\/{rel}","templated":true}]}}