{"id":1052,"date":"2026-04-17T14:46:39","date_gmt":"2026-04-17T12:46:39","guid":{"rendered":"https:\/\/souverainete-suisse.ch\/?p=1052"},"modified":"2026-04-17T14:46:39","modified_gmt":"2026-04-17T12:46:39","slug":"switzerland-simon-michels-untruths-scrutinised","status":"publish","type":"post","link":"http:\/\/souverainete-suisse.ch\/en\/2026\/04\/switzerland-simon-michels-untruths-scrutinised\/","title":{"rendered":"Switzerland-EU: Simon Michel's untruths scrutinised"},"content":{"rendered":"<p>Under the guise of economic pragmatism, some politicians are today attempting to portray a profound transformation of our system as insignificant. Behind reassuring words and promises of stability lies a very different reality: a gradual, silent legal integration that bypasses democratic debate. The recent example of Simon Michel's statements is the perfect illustration of this \u2013 and deserves to be examined without filter.<\/p>\n<p>&nbsp;<\/p>\n<p id=\"ember1010\" class=\"ember-view reader-text-block__paragraph\"><em>The Misty Cleaver, 7 April 2026<\/em><\/p>\n<p id=\"ember1011\" class=\"ember-view reader-text-block__paragraph\">In the debate on Swiss\u2013EU relations, some speeches aim less to inform than to reassure. This is the case with the statements by Simon Michel, FDP National Councillor and member of the extended committee of economiesuisse.<\/p>\n<p id=\"ember1012\" class=\"ember-view reader-text-block__paragraph\">Presented as educational, his assertions nevertheless do not stand up to rigorous legal and economic analysis. Point-by-point demonstration.<\/p>\n<h3 id=\"ember1013\" class=\"ember-view reader-text-block__heading-3\">1. \u00abOnly Swiss law applies\u00bb: a misleading presentation<\/h3>\n<p id=\"ember1014\" class=\"ember-view reader-text-block__paragraph\">Simon Michel states that the agreements would merely transpose international commitments into Swiss law, which would remain sovereign.<\/p>\n<p id=\"ember1015\" class=\"ember-view reader-text-block__paragraph\">This reading is incomplete.<\/p>\n<p id=\"ember1016\" class=\"ember-view reader-text-block__paragraph\">The mechanisms under discussion rely precisely on a <strong>Dynamic repercussion of EU law<\/strong> in the areas covered. This implies:<\/p>\n<ul>\n<li>a continuous adaptation of Swiss law to European developments<\/li>\n<li>without Switzerland's participation in the EU's legislative process<\/li>\n<li>with limited and potentially penalised refusal margins<\/li>\n<\/ul>\n<p id=\"ember1018\" class=\"ember-view reader-text-block__paragraph\">Swiss law thus becomes an instrument of enforcement, rather than an autonomous source of decision.<\/p>\n<h3 id=\"ember1019\" class=\"ember-view reader-text-block__heading-3\">2. \u00abEU regulations don't apply to us\u00bb: legally incorrect<\/h3>\n<p id=\"ember1020\" class=\"ember-view reader-text-block__paragraph\">Stating that European regulations do not apply to Switzerland is to ignore how bilateral agreements function.<\/p>\n<p id=\"ember1021\" class=\"ember-view reader-text-block__paragraph\">In practice:<\/p>\n<ul>\n<li>sectoral agreements incorporate entire sections of European standards<\/li>\n<li>these standards produce binding effects, whether they are directly applicable or transposed<\/li>\n<\/ul>\n<p id=\"ember1023\" class=\"ember-view reader-text-block__paragraph\">Above all, the case law of the Federal Tribunal is clear: in its 2015 ruling, it confirmed the primacy of the Agreement on the Free Movement of Persons over domestic law in the event of conflict.<\/p>\n<p id=\"ember1024\" class=\"ember-view reader-text-block__paragraph\">In other words, even when \u201ctranslated\u201d, Swiss law defers to the international agreement.<\/p>\n<h3 id=\"ember1025\" class=\"ember-view reader-text-block__heading-3\">3. \u00abLocal SMEs are not affected\u00bb: a reasoning detached from reality<\/h3>\n<p id=\"ember1026\" class=\"ember-view reader-text-block__paragraph\">Simon Michel claims that only exporting companies would be subject to European standards.<\/p>\n<p id=\"ember1027\" class=\"ember-view reader-text-block__paragraph\">This distinction is artificial.<\/p>\n<p id=\"ember1028\" class=\"ember-view reader-text-block__paragraph\">In an interconnected economy like that of Switzerland:<\/p>\n<ul>\n<li>The production lines are integrated<\/li>\n<li>the standards are rolled out to all suppliers<\/li>\n<li>Local businesses must align themselves to remain in the economic circuits<\/li>\n<\/ul>\n<p id=\"ember1030\" class=\"ember-view reader-text-block__paragraph\">An SME that doesn't comply with dominant standards is simply sidelined, even if it doesn't sell directly to the EU.<\/p>\n<h3 id=\"ember1031\" class=\"ember-view reader-text-block__heading-3\">4. \u00abEU standards only apply to exports\u00bb: economically unsustainable<\/h3>\n<p id=\"ember1032\" class=\"ember-view reader-text-block__paragraph\">The idea of two coexisting normative systems - one for the Swiss market and one for exports - is not practical for industrial use.<\/p>\n<p id=\"ember1033\" class=\"ember-view reader-text-block__paragraph\">Maintaining dual production lines is:<\/p>\n<ul>\n<li>costly<\/li>\n<li>complex<\/li>\n<li>Ineffective<\/li>\n<\/ul>\n<p id=\"ember1035\" class=\"ember-view reader-text-block__paragraph\">Companies are therefore adopting standardisation, often aligned with European standards, which are becoming the de facto benchmark.<\/p>\n<p id=\"ember1036\" class=\"ember-view reader-text-block__paragraph\">Even products intended for third-party markets (USA, Asia) are often designed according to these standards for optimisation reasons.<\/p>\n<h3 id=\"ember1037\" class=\"ember-view reader-text-block__heading-3\">5. \u00abLimited scope\u00bb: a minimisation of the stakes<\/h3>\n<p id=\"ember1038\" class=\"ember-view reader-text-block__paragraph\">Simon Michel suggests that the scope of the agreements would be limited.<\/p>\n<p id=\"ember1039\" class=\"ember-view reader-text-block__paragraph\">However, the mechanisms envisioned include:<\/p>\n<ul>\n<li>the resumption of existing rules<\/li>\n<li>but also from all future derived law, as far as it is linked to the agreements<\/li>\n<\/ul>\n<p id=\"ember1041\" class=\"ember-view reader-text-block__paragraph\">This potentially opens up a wide scope for:<\/p>\n<ul>\n<li>the agri-food industry<\/li>\n<li>energy<\/li>\n<li>transport<\/li>\n<li>health<\/li>\n<li>other strategic sectors<\/li>\n<\/ul>\n<p id=\"ember1043\" class=\"ember-view reader-text-block__paragraph\">This is not a static framework, but an evolving system.<\/p>\n<h3 id=\"ember1044\" class=\"ember-view reader-text-block__heading-3\">6. The Democratic Blind Spot<\/h3>\n<p id=\"ember1045\" class=\"ember-view reader-text-block__paragraph\">The heart of the matter remains elusive.<\/p>\n<p id=\"ember1046\" class=\"ember-view reader-text-block__paragraph\">The dynamic review of the law implies:<\/p>\n<ul>\n<li>an elaboration of standards outside the Swiss democratic framework<\/li>\n<li>a constrained capacity for adaptation<\/li>\n<li>structural pressure in case of refusal<\/li>\n<\/ul>\n<p id=\"ember1048\" class=\"ember-view reader-text-block__paragraph\">This alters the institutional balance by reducing direct control over the rule-making process.<\/p>\n<h3 id=\"ember1049\" class=\"ember-view reader-text-block__heading-3\">Conclusion \u2014 Behind the reassuring discourse, a structuring reality<\/h3>\n<p id=\"ember1050\" class=\"ember-view reader-text-block__paragraph\">Simon Michel's remarks are part of a strategy to normalise a process that goes far beyond a simple technical agreement.<\/p>\n<p id=\"ember1051\" class=\"ember-view reader-text-block__paragraph\">The established facts show otherwise:<\/p>\n<ul>\n<li>a progressive legal integration<\/li>\n<li>a wide dissemination of European standards<\/li>\n<li>A structural impact on the economy and institutions<\/li>\n<\/ul>\n<p id=\"ember1053\" class=\"ember-view reader-text-block__paragraph\">The debate deserves better than simplification.<\/p>\n<p id=\"ember1054\" class=\"ember-view reader-text-block__paragraph\">He demands a clear presentation of the mechanisms at play, so that everyone fully understands the scope of the choices that will be put before the people.<\/p>","protected":false},"excerpt":{"rendered":"<p>Sous couvert de pragmatisme \u00e9conomique, certains responsables politiques tentent aujourd\u2019hui de faire passer pour anodine une transformation profonde de notre syst\u00e8me. Derri\u00e8re les mots rassurants et les promesses de stabilit\u00e9 se cache une r\u00e9alit\u00e9 bien diff\u00e9rente : une int\u00e9gration juridique progressive, silencieuse, qui \u00e9chappe au d\u00e9bat d\u00e9mocratique. L\u2019exemple r\u00e9cent des prises de position de Simon [&hellip;]<\/p>\n","protected":false},"author":2,"featured_media":1053,"comment_status":"closed","ping_status":"closed","sticky":false,"template":"","format":"standard","meta":{"footnotes":""},"categories":[8,11],"tags":[],"class_list":["post-1052","post","type-post","status-publish","format-standard","has-post-thumbnail","hentry","category-politique-interieure","category-ue"],"yoast_head":"<!-- This site is optimized with the Yoast SEO plugin v26.9 - https:\/\/yoast.com\/product\/yoast-seo-wordpress\/ -->\n<title>Suisse-UE : les contre-v\u00e9rit\u00e9s de Simon Michel pass\u00e9es au crible - Mouvement Souverainet\u00e9 Suisse<\/title>\n<meta name=\"description\" content=\"Accords Suisse\u2013UE : les affirmations d\u2019economiesuisse et de Simon Michel minimisent la reprise dynamique du droit europ\u00e9en, son impact sur les PME et ses implications d\u00e9mocratiques, r\u00e9v\u00e9lant une int\u00e9gration juridique progressive souvent sous-estim\u00e9e dans le d\u00e9bat public.\" \/>\n<meta name=\"robots\" content=\"index, follow, max-snippet:-1, max-image-preview:large, max-video-preview:-1\" \/>\n<link rel=\"canonical\" href=\"https:\/\/souverainete-suisse.ch\/en\/2026\/04\/switzerland-simon-michels-untruths-scrutinised\/\" \/>\n<meta property=\"og:locale\" content=\"en_GB\" \/>\n<meta property=\"og:type\" content=\"article\" \/>\n<meta property=\"og:title\" content=\"Suisse-UE : les contre-v\u00e9rit\u00e9s de Simon Michel pass\u00e9es au crible - Mouvement Souverainet\u00e9 Suisse\" \/>\n<meta property=\"og:description\" content=\"Accords Suisse\u2013UE : les affirmations d\u2019economiesuisse et de Simon Michel minimisent la reprise dynamique du droit europ\u00e9en, son impact sur les PME et ses implications d\u00e9mocratiques, r\u00e9v\u00e9lant une int\u00e9gration juridique progressive souvent sous-estim\u00e9e dans le d\u00e9bat public.\" \/>\n<meta property=\"og:url\" content=\"https:\/\/souverainete-suisse.ch\/en\/2026\/04\/switzerland-simon-michels-untruths-scrutinised\/\" \/>\n<meta property=\"og:site_name\" content=\"Mouvement Souverainet\u00e9 Suisse\" \/>\n<meta property=\"article:published_time\" content=\"2026-04-17T12:46:39+00:00\" \/>\n<meta property=\"og:image\" content=\"https:\/\/souverainete-suisse.ch\/wp-content\/uploads\/2026\/04\/Simon.jpg\" \/>\n\t<meta property=\"og:image:width\" content=\"1536\" \/>\n\t<meta property=\"og:image:height\" content=\"1024\" \/>\n\t<meta property=\"og:image:type\" content=\"image\/jpeg\" \/>\n<meta name=\"author\" content=\"ludom\" \/>\n<meta name=\"twitter:card\" content=\"summary_large_image\" \/>\n<meta name=\"twitter:label1\" content=\"Written by\" \/>\n\t<meta name=\"twitter:data1\" content=\"ludom\" \/>\n\t<meta name=\"twitter:label2\" content=\"Estimated reading time\" \/>\n\t<meta name=\"twitter:data2\" content=\"4 minutes\" \/>\n<script type=\"application\/ld+json\" class=\"yoast-schema-graph\">{\"@context\":\"https:\/\/schema.org\",\"@graph\":[{\"@type\":\"Article\",\"@id\":\"https:\/\/souverainete-suisse.ch\/2026\/04\/suisse-ue-les-contre-verites-de-simon-michel-passees-au-crible\/#article\",\"isPartOf\":{\"@id\":\"https:\/\/souverainete-suisse.ch\/2026\/04\/suisse-ue-les-contre-verites-de-simon-michel-passees-au-crible\/\"},\"author\":{\"name\":\"ludom\",\"@id\":\"https:\/\/souverainete-suisse.ch\/#\/schema\/person\/b25acb547faec24a94d7215216d68cbf\"},\"headline\":\"Suisse-UE : les contre-v\u00e9rit\u00e9s de Simon Michel pass\u00e9es au crible\",\"datePublished\":\"2026-04-17T12:46:39+00:00\",\"mainEntityOfPage\":{\"@id\":\"https:\/\/souverainete-suisse.ch\/2026\/04\/suisse-ue-les-contre-verites-de-simon-michel-passees-au-crible\/\"},\"wordCount\":806,\"publisher\":{\"@id\":\"https:\/\/souverainete-suisse.ch\/#organization\"},\"image\":{\"@id\":\"https:\/\/souverainete-suisse.ch\/2026\/04\/suisse-ue-les-contre-verites-de-simon-michel-passees-au-crible\/#primaryimage\"},\"thumbnailUrl\":\"https:\/\/souverainete-suisse.ch\/wp-content\/uploads\/2026\/04\/Simon.jpg\",\"articleSection\":[\"Politique int\u00e9rieure\",\"UE\"],\"inLanguage\":\"en-GB\"},{\"@type\":\"WebPage\",\"@id\":\"https:\/\/souverainete-suisse.ch\/2026\/04\/suisse-ue-les-contre-verites-de-simon-michel-passees-au-crible\/\",\"url\":\"https:\/\/souverainete-suisse.ch\/2026\/04\/suisse-ue-les-contre-verites-de-simon-michel-passees-au-crible\/\",\"name\":\"Suisse-UE : les contre-v\u00e9rit\u00e9s de Simon Michel pass\u00e9es au crible - Mouvement Souverainet\u00e9 Suisse\",\"isPartOf\":{\"@id\":\"https:\/\/souverainete-suisse.ch\/#website\"},\"primaryImageOfPage\":{\"@id\":\"https:\/\/souverainete-suisse.ch\/2026\/04\/suisse-ue-les-contre-verites-de-simon-michel-passees-au-crible\/#primaryimage\"},\"image\":{\"@id\":\"https:\/\/souverainete-suisse.ch\/2026\/04\/suisse-ue-les-contre-verites-de-simon-michel-passees-au-crible\/#primaryimage\"},\"thumbnailUrl\":\"https:\/\/souverainete-suisse.ch\/wp-content\/uploads\/2026\/04\/Simon.jpg\",\"datePublished\":\"2026-04-17T12:46:39+00:00\",\"description\":\"Accords Suisse\u2013UE : les affirmations d\u2019economiesuisse et de Simon Michel minimisent la reprise dynamique du droit europ\u00e9en, son impact sur les PME et ses implications d\u00e9mocratiques, r\u00e9v\u00e9lant une int\u00e9gration juridique progressive souvent sous-estim\u00e9e dans le d\u00e9bat public.\",\"breadcrumb\":{\"@id\":\"https:\/\/souverainete-suisse.ch\/2026\/04\/suisse-ue-les-contre-verites-de-simon-michel-passees-au-crible\/#breadcrumb\"},\"inLanguage\":\"en-GB\",\"potentialAction\":[{\"@type\":\"ReadAction\",\"target\":[\"https:\/\/souverainete-suisse.ch\/2026\/04\/suisse-ue-les-contre-verites-de-simon-michel-passees-au-crible\/\"]}]},{\"@type\":\"ImageObject\",\"inLanguage\":\"en-GB\",\"@id\":\"https:\/\/souverainete-suisse.ch\/2026\/04\/suisse-ue-les-contre-verites-de-simon-michel-passees-au-crible\/#primaryimage\",\"url\":\"https:\/\/souverainete-suisse.ch\/wp-content\/uploads\/2026\/04\/Simon.jpg\",\"contentUrl\":\"https:\/\/souverainete-suisse.ch\/wp-content\/uploads\/2026\/04\/Simon.jpg\",\"width\":1536,\"height\":1024},{\"@type\":\"BreadcrumbList\",\"@id\":\"https:\/\/souverainete-suisse.ch\/2026\/04\/suisse-ue-les-contre-verites-de-simon-michel-passees-au-crible\/#breadcrumb\",\"itemListElement\":[{\"@type\":\"ListItem\",\"position\":1,\"name\":\"Accueil\",\"item\":\"https:\/\/souverainete-suisse.ch\/\"},{\"@type\":\"ListItem\",\"position\":2,\"name\":\"Suisse-UE : les contre-v\u00e9rit\u00e9s de Simon Michel pass\u00e9es au crible\"}]},{\"@type\":\"WebSite\",\"@id\":\"https:\/\/souverainete-suisse.ch\/#website\",\"url\":\"https:\/\/souverainete-suisse.ch\/\",\"name\":\"Mouvement Souverainet\u00e9 Suisse\",\"description\":\"\",\"publisher\":{\"@id\":\"https:\/\/souverainete-suisse.ch\/#organization\"},\"potentialAction\":[{\"@type\":\"SearchAction\",\"target\":{\"@type\":\"EntryPoint\",\"urlTemplate\":\"https:\/\/souverainete-suisse.ch\/?s={search_term_string}\"},\"query-input\":{\"@type\":\"PropertyValueSpecification\",\"valueRequired\":true,\"valueName\":\"search_term_string\"}}],\"inLanguage\":\"en-GB\"},{\"@type\":\"Organization\",\"@id\":\"https:\/\/souverainete-suisse.ch\/#organization\",\"name\":\"Mouvement Souverainet\u00e9 Suisse\",\"url\":\"https:\/\/souverainete-suisse.ch\/\",\"logo\":{\"@type\":\"ImageObject\",\"inLanguage\":\"en-GB\",\"@id\":\"https:\/\/souverainete-suisse.ch\/#\/schema\/logo\/image\/\",\"url\":\"https:\/\/souverainete-suisse.ch\/wp-content\/uploads\/2025\/11\/logo.png\",\"contentUrl\":\"https:\/\/souverainete-suisse.ch\/wp-content\/uploads\/2025\/11\/logo.png\",\"width\":2053,\"height\":1461,\"caption\":\"Mouvement Souverainet\u00e9 Suisse\"},\"image\":{\"@id\":\"https:\/\/souverainete-suisse.ch\/#\/schema\/logo\/image\/\"}},{\"@type\":\"Person\",\"@id\":\"https:\/\/souverainete-suisse.ch\/#\/schema\/person\/b25acb547faec24a94d7215216d68cbf\",\"name\":\"ludom\",\"image\":{\"@type\":\"ImageObject\",\"inLanguage\":\"en-GB\",\"@id\":\"https:\/\/souverainete-suisse.ch\/#\/schema\/person\/image\/\",\"url\":\"https:\/\/secure.gravatar.com\/avatar\/77b40fd8e49e537abcea7487b290688ce92143c3443b1d3f419149c67282ffb4?s=96&d=mm&r=g\",\"contentUrl\":\"https:\/\/secure.gravatar.com\/avatar\/77b40fd8e49e537abcea7487b290688ce92143c3443b1d3f419149c67282ffb4?s=96&d=mm&r=g\",\"caption\":\"ludom\"},\"url\":\"http:\/\/souverainete-suisse.ch\/en\/author\/ludom\/\"}]}<\/script>\n<!-- \/ Yoast SEO plugin. -->","yoast_head_json":{"title":"Switzerland-EU: Simon Michel's falsehoods put under the microscope - Swiss Sovereignty Movement","description":"Swiss-EU Agreements: the claims by economiesuisse and Simon Michel downplay the dynamic uptake of European law, its impact on SMEs and its democratic implications, revealing a progressive legal integration often underestimated in public debate.","robots":{"index":"index","follow":"follow","max-snippet":"max-snippet:-1","max-image-preview":"max-image-preview:large","max-video-preview":"max-video-preview:-1"},"canonical":"https:\/\/souverainete-suisse.ch\/en\/2026\/04\/switzerland-simon-michels-untruths-scrutinised\/","og_locale":"en_GB","og_type":"article","og_title":"Suisse-UE : les contre-v\u00e9rit\u00e9s de Simon Michel pass\u00e9es au crible - Mouvement Souverainet\u00e9 Suisse","og_description":"Accords Suisse\u2013UE : les affirmations d\u2019economiesuisse et de Simon Michel minimisent la reprise dynamique du droit europ\u00e9en, son impact sur les PME et ses implications d\u00e9mocratiques, r\u00e9v\u00e9lant une int\u00e9gration juridique progressive souvent sous-estim\u00e9e dans le d\u00e9bat public.","og_url":"https:\/\/souverainete-suisse.ch\/en\/2026\/04\/switzerland-simon-michels-untruths-scrutinised\/","og_site_name":"Mouvement Souverainet\u00e9 Suisse","article_published_time":"2026-04-17T12:46:39+00:00","og_image":[{"width":1536,"height":1024,"url":"https:\/\/souverainete-suisse.ch\/wp-content\/uploads\/2026\/04\/Simon.jpg","type":"image\/jpeg"}],"author":"ludom","twitter_card":"summary_large_image","twitter_misc":{"Written by":"ludom","Estimated reading time":"4 minutes"},"schema":{"@context":"https:\/\/schema.org","@graph":[{"@type":"Article","@id":"https:\/\/souverainete-suisse.ch\/2026\/04\/suisse-ue-les-contre-verites-de-simon-michel-passees-au-crible\/#article","isPartOf":{"@id":"https:\/\/souverainete-suisse.ch\/2026\/04\/suisse-ue-les-contre-verites-de-simon-michel-passees-au-crible\/"},"author":{"name":"ludom","@id":"https:\/\/souverainete-suisse.ch\/#\/schema\/person\/b25acb547faec24a94d7215216d68cbf"},"headline":"Suisse-UE : les contre-v\u00e9rit\u00e9s de Simon Michel pass\u00e9es au crible","datePublished":"2026-04-17T12:46:39+00:00","mainEntityOfPage":{"@id":"https:\/\/souverainete-suisse.ch\/2026\/04\/suisse-ue-les-contre-verites-de-simon-michel-passees-au-crible\/"},"wordCount":806,"publisher":{"@id":"https:\/\/souverainete-suisse.ch\/#organization"},"image":{"@id":"https:\/\/souverainete-suisse.ch\/2026\/04\/suisse-ue-les-contre-verites-de-simon-michel-passees-au-crible\/#primaryimage"},"thumbnailUrl":"https:\/\/souverainete-suisse.ch\/wp-content\/uploads\/2026\/04\/Simon.jpg","articleSection":["Politique int\u00e9rieure","UE"],"inLanguage":"en-GB"},{"@type":"WebPage","@id":"https:\/\/souverainete-suisse.ch\/2026\/04\/suisse-ue-les-contre-verites-de-simon-michel-passees-au-crible\/","url":"https:\/\/souverainete-suisse.ch\/2026\/04\/suisse-ue-les-contre-verites-de-simon-michel-passees-au-crible\/","name":"Switzerland-EU: Simon Michel's falsehoods put under the microscope - Swiss Sovereignty Movement","isPartOf":{"@id":"https:\/\/souverainete-suisse.ch\/#website"},"primaryImageOfPage":{"@id":"https:\/\/souverainete-suisse.ch\/2026\/04\/suisse-ue-les-contre-verites-de-simon-michel-passees-au-crible\/#primaryimage"},"image":{"@id":"https:\/\/souverainete-suisse.ch\/2026\/04\/suisse-ue-les-contre-verites-de-simon-michel-passees-au-crible\/#primaryimage"},"thumbnailUrl":"https:\/\/souverainete-suisse.ch\/wp-content\/uploads\/2026\/04\/Simon.jpg","datePublished":"2026-04-17T12:46:39+00:00","description":"Swiss-EU Agreements: the claims by economiesuisse and Simon Michel downplay the dynamic uptake of European law, its impact on SMEs and its democratic implications, revealing a progressive legal integration often underestimated in public debate.","breadcrumb":{"@id":"https:\/\/souverainete-suisse.ch\/2026\/04\/suisse-ue-les-contre-verites-de-simon-michel-passees-au-crible\/#breadcrumb"},"inLanguage":"en-GB","potentialAction":[{"@type":"ReadAction","target":["https:\/\/souverainete-suisse.ch\/2026\/04\/suisse-ue-les-contre-verites-de-simon-michel-passees-au-crible\/"]}]},{"@type":"ImageObject","inLanguage":"en-GB","@id":"https:\/\/souverainete-suisse.ch\/2026\/04\/suisse-ue-les-contre-verites-de-simon-michel-passees-au-crible\/#primaryimage","url":"https:\/\/souverainete-suisse.ch\/wp-content\/uploads\/2026\/04\/Simon.jpg","contentUrl":"https:\/\/souverainete-suisse.ch\/wp-content\/uploads\/2026\/04\/Simon.jpg","width":1536,"height":1024},{"@type":"BreadcrumbList","@id":"https:\/\/souverainete-suisse.ch\/2026\/04\/suisse-ue-les-contre-verites-de-simon-michel-passees-au-crible\/#breadcrumb","itemListElement":[{"@type":"ListItem","position":1,"name":"Accueil","item":"https:\/\/souverainete-suisse.ch\/"},{"@type":"ListItem","position":2,"name":"Suisse-UE : les contre-v\u00e9rit\u00e9s de Simon Michel pass\u00e9es au crible"}]},{"@type":"WebSite","@id":"https:\/\/souverainete-suisse.ch\/#website","url":"https:\/\/souverainete-suisse.ch\/","name":"Swiss Sovereignty Movement","description":"","publisher":{"@id":"https:\/\/souverainete-suisse.ch\/#organization"},"potentialAction":[{"@type":"SearchAction","target":{"@type":"EntryPoint","urlTemplate":"https:\/\/souverainete-suisse.ch\/?s={search_term_string}"},"query-input":{"@type":"PropertyValueSpecification","valueRequired":true,"valueName":"search_term_string"}}],"inLanguage":"en-GB"},{"@type":"Organization","@id":"https:\/\/souverainete-suisse.ch\/#organization","name":"Swiss Sovereignty Movement","url":"https:\/\/souverainete-suisse.ch\/","logo":{"@type":"ImageObject","inLanguage":"en-GB","@id":"https:\/\/souverainete-suisse.ch\/#\/schema\/logo\/image\/","url":"https:\/\/souverainete-suisse.ch\/wp-content\/uploads\/2025\/11\/logo.png","contentUrl":"https:\/\/souverainete-suisse.ch\/wp-content\/uploads\/2025\/11\/logo.png","width":2053,"height":1461,"caption":"Mouvement Souverainet\u00e9 Suisse"},"image":{"@id":"https:\/\/souverainete-suisse.ch\/#\/schema\/logo\/image\/"}},{"@type":"Person","@id":"https:\/\/souverainete-suisse.ch\/#\/schema\/person\/b25acb547faec24a94d7215216d68cbf","name":"ludom","image":{"@type":"ImageObject","inLanguage":"en-GB","@id":"https:\/\/souverainete-suisse.ch\/#\/schema\/person\/image\/","url":"https:\/\/secure.gravatar.com\/avatar\/77b40fd8e49e537abcea7487b290688ce92143c3443b1d3f419149c67282ffb4?s=96&d=mm&r=g","contentUrl":"https:\/\/secure.gravatar.com\/avatar\/77b40fd8e49e537abcea7487b290688ce92143c3443b1d3f419149c67282ffb4?s=96&d=mm&r=g","caption":"ludom"},"url":"http:\/\/souverainete-suisse.ch\/en\/author\/ludom\/"}]}},"_links":{"self":[{"href":"http:\/\/souverainete-suisse.ch\/en\/wp-json\/wp\/v2\/posts\/1052","targetHints":{"allow":["GET"]}}],"collection":[{"href":"http:\/\/souverainete-suisse.ch\/en\/wp-json\/wp\/v2\/posts"}],"about":[{"href":"http:\/\/souverainete-suisse.ch\/en\/wp-json\/wp\/v2\/types\/post"}],"author":[{"embeddable":true,"href":"http:\/\/souverainete-suisse.ch\/en\/wp-json\/wp\/v2\/users\/2"}],"replies":[{"embeddable":true,"href":"http:\/\/souverainete-suisse.ch\/en\/wp-json\/wp\/v2\/comments?post=1052"}],"version-history":[{"count":1,"href":"http:\/\/souverainete-suisse.ch\/en\/wp-json\/wp\/v2\/posts\/1052\/revisions"}],"predecessor-version":[{"id":1054,"href":"http:\/\/souverainete-suisse.ch\/en\/wp-json\/wp\/v2\/posts\/1052\/revisions\/1054"}],"wp:featuredmedia":[{"embeddable":true,"href":"http:\/\/souverainete-suisse.ch\/en\/wp-json\/wp\/v2\/media\/1053"}],"wp:attachment":[{"href":"http:\/\/souverainete-suisse.ch\/en\/wp-json\/wp\/v2\/media?parent=1052"}],"wp:term":[{"taxonomy":"category","embeddable":true,"href":"http:\/\/souverainete-suisse.ch\/en\/wp-json\/wp\/v2\/categories?post=1052"},{"taxonomy":"post_tag","embeddable":true,"href":"http:\/\/souverainete-suisse.ch\/en\/wp-json\/wp\/v2\/tags?post=1052"}],"curies":[{"name":"wp","href":"https:\/\/api.w.org\/{rel}","templated":true}]}}