{"id":1046,"date":"2026-04-17T14:41:25","date_gmt":"2026-04-17T12:41:25","guid":{"rendered":"https:\/\/souverainete-suisse.ch\/?p=1046"},"modified":"2026-04-17T14:41:25","modified_gmt":"2026-04-17T12:41:25","slug":"switzerland-eu-when-official-information-becomes-a-biased-narrative","status":"publish","type":"post","link":"http:\/\/souverainete-suisse.ch\/en\/2026\/04\/switzerland-eu-when-official-information-becomes-a-biased-narrative\/","title":{"rendered":"Switzerland\u2013EU: when official information becomes a biased narrative"},"content":{"rendered":"<p>They talk about transparency, but silence the essentials. The Federal Council invokes the country's interests, while carefully avoiding uncomfortable questions. Behind well-produced videos and reassuring speeches, another reality emerges: that of a package of agreements presented to the people without all the cards being on the table. What if, this time, the real issue wasn't what you're being shown... but what the Federal Council chooses not to say?<\/p>\n<p id=\"ember518\" class=\"ember-view reader-text-block__paragraph\">The article published by the Neue Z\u00fcrcher Zeitung on 10 April 2026 highlights a central problem in the debate on Swiss\u2013EU agreements: the increasingly blurred line between institutional information and political communication.<\/p>\n<h3 id=\"ember519\" class=\"ember-view reader-text-block__heading-3\">A one-way official communication<\/h3>\n<p id=\"ember520\" class=\"ember-view reader-text-block__paragraph\">According to the NZZ, the Swiss Federal Council's explanatory videos present the agreements from an almost exclusively positive perspective, focusing on consensus ideas \u2013 security, prosperity, scientific cooperation \u2013 while carefully avoiding areas of friction.<\/p>\n<p id=\"ember521\" class=\"ember-view reader-text-block__paragraph\">This observation raises a fundamental democratic question:<\/p>\n<p id=\"ember522\" class=\"ember-view reader-text-block__paragraph\">Can we still speak of \u2019explanation\u00ab when structural drawbacks are absent?<\/p>\n<p id=\"ember523\" class=\"ember-view reader-text-block__paragraph\">As the article implicitly recalls, in a direct democracy like Switzerland, information must be <strong>complete, loyal and intelligible<\/strong>. Here, communication seems to be more about narrative framing than a balanced exposition.<\/p>\n<h3 id=\"ember524\" class=\"ember-view reader-text-block__heading-3\">The risky gamble of underestimating citizens<\/h3>\n<p id=\"ember525\" class=\"ember-view reader-text-block__paragraph\">A key passage points out that the government could \u00abunderestimate the public's intelligence\u00bb. This remark is far from trivial.<\/p>\n<p id=\"ember526\" class=\"ember-view reader-text-block__paragraph\">Switzerland is based on an implicit but essential principle:<\/p>\n<p id=\"ember527\" class=\"ember-view reader-text-block__paragraph\"><strong>The citizen is sovereign because they are informed.<\/strong><\/p>\n<p id=\"ember528\" class=\"ember-view reader-text-block__paragraph\">This aligns with a logic already expressed by the Swiss Federal Tribunal:<\/p>\n<blockquote id=\"ember529\" class=\"ember-view reader-text-block__blockquote\"><p>\u00abThe free formation of the people's will presupposes faithful and complete information.\u00bb<\/p><\/blockquote>\n<p id=\"ember530\" class=\"ember-view reader-text-block__paragraph\">If this condition is no longer met, the entire voting mechanism is undermined.<\/p>\n<h3 id=\"ember531\" class=\"ember-view reader-text-block__heading-3\">The deliberately avoided blind spots<\/h3>\n<p id=\"ember532\" class=\"ember-view reader-text-block__paragraph\">The article points out several major omissions:<\/p>\n<ul>\n<li><strong>Dynamic adoption of European law<\/strong> a technical but crucial notion, involving an almost automatic adoption of EU law<\/li>\n<li><strong>Role of the Court of Justice of the European Union (CJEU)<\/strong> in the interpretation of agreements<\/li>\n<li><strong>Origins of tensions in research<\/strong> notably Switzerland's exclusion from the Horizon Europe programme following the failure of the framework agreement<\/li>\n<\/ul>\n<p id=\"ember534\" class=\"ember-view reader-text-block__paragraph\">These matters are not secondary. They affect legal and political sovereignty directly.<\/p>\n<p id=\"ember535\" class=\"ember-view reader-text-block__paragraph\">As the German jurist Carl Schmitt already emphasised:<\/p>\n<blockquote id=\"ember536\" class=\"ember-view reader-text-block__blockquote\"><p>\u00abSovereign is the one who decides on the state of exception.\u00bb<\/p><\/blockquote>\n<p id=\"ember537\" class=\"ember-view reader-text-block__paragraph\">Or, in a system where an external instance (like the CJEU) becomes the ultimate arbiter, the question of whether <strong>who really decides<\/strong> becomes central.<\/p>\n<h3 id=\"ember538\" class=\"ember-view reader-text-block__heading-3\">A perceived asymmetry by the population<\/h3>\n<p id=\"ember539\" class=\"ember-view reader-text-block__paragraph\">The article notes a particularly interesting point:<\/p>\n<p id=\"ember540\" class=\"ember-view reader-text-block__paragraph\">Even if citizens don't grasp all the technical details, they intuitively perceive an imbalance.<\/p>\n<p id=\"ember541\" class=\"ember-view reader-text-block__paragraph\">This intuition is based on several realities:<\/p>\n<ul>\n<li>The EU acts as an integrated political and legal bloc<\/li>\n<li>Switzerland negotiates alone, without equivalent leverage<\/li>\n<li>Sanctions (such as on research) show an asymmetrical balance of power<\/li>\n<\/ul>\n<p id=\"ember543\" class=\"ember-view reader-text-block__paragraph\">This aligns with an observation by Jean Monnet:<\/p>\n<blockquote id=\"ember544\" class=\"ember-view reader-text-block__blockquote\"><p>\u00abEurope will be forged in crises.\u00bb<\/p><\/blockquote>\n<p id=\"ember545\" class=\"ember-view reader-text-block__paragraph\">In other words, pressure is an integral part of the integration process \u2013 which the article indirectly suggests.<\/p>\n<h3 id=\"ember546\" class=\"ember-view reader-text-block__heading-3\">A counterproductive communication strategy<\/h3>\n<p id=\"ember547\" class=\"ember-view reader-text-block__paragraph\">In seeking to smooth over the debate, the Federal Council is taking a major political risk:<\/p>\n<p id=\"ember548\" class=\"ember-view reader-text-block__paragraph\">\u2b95 <strong>to reinforce distrust rather than reduce it<\/strong><\/p>\n<p id=\"ember549\" class=\"ember-view reader-text-block__paragraph\">The article also highlights that this approach could paradoxically serve the opponents, notably the Swiss People's Party (SVP), by providing them with an ideal breeding ground: that of doubt and lack of transparency.<\/p>\n<p id=\"ember550\" class=\"ember-view reader-text-block__paragraph\">In a country where citizens vote regularly, any impression of information being withheld acts as a catalyst for mistrust.<\/p>\n<h3 id=\"ember551\" class=\"ember-view reader-text-block__heading-3\">Conclusion \u2014 A democracy cannot protect itself with omissions<\/h3>\n<p id=\"ember552\" class=\"ember-view reader-text-block__paragraph\">What this article reveals, beyond the specific case of the Swiss\u2013EU agreements, is something more profound:<\/p>\n<p id=\"ember553\" class=\"ember-view reader-text-block__paragraph\">\u2b95 <strong>A direct democracy can only function if the state accepts presenting what is troubling, too.<\/strong><\/p>\n<p id=\"ember554\" class=\"ember-view reader-text-block__paragraph\">Seeking to persuade by oversimplifying or obscuring sensitive issues is not a neutral strategy \u2013 it\u2019s an institutional risk.<\/p>\n<p id=\"ember555\" class=\"ember-view reader-text-block__paragraph\">Because in Switzerland, the people are not an audience to be wooed.<\/p>\n<p id=\"ember556\" class=\"ember-view reader-text-block__paragraph\">He is a ruler to be respected.<\/p>\n<p id=\"ember557\" class=\"ember-view reader-text-block__paragraph\">And an ill-informed sovereign does not decide freely.<\/p>","protected":false},"excerpt":{"rendered":"<p>Ils parlent de transparence, mais taisent l\u2019essentiel. Le Conseil f\u00e9d\u00e9ral invoque l\u2019int\u00e9r\u00eat du pays, tout en \u00e9vitant soigneusement les questions qui d\u00e9rangent. Derri\u00e8re des vid\u00e9os bien produites et des discours rassurants, une autre r\u00e9alit\u00e9 se dessine : celle d\u2019un paquet d\u2019accords pr\u00e9sent\u00e9 au peuple sans que toutes les cartes soient pos\u00e9es sur la table. Et [&hellip;]<\/p>\n","protected":false},"author":2,"featured_media":1047,"comment_status":"closed","ping_status":"closed","sticky":false,"template":"","format":"standard","meta":{"footnotes":""},"categories":[8,11],"tags":[],"class_list":["post-1046","post","type-post","status-publish","format-standard","has-post-thumbnail","hentry","category-politique-interieure","category-ue"],"yoast_head":"<!-- This site is optimized with the Yoast SEO plugin v26.9 - https:\/\/yoast.com\/product\/yoast-seo-wordpress\/ -->\n<title>Suisse\u2013UE : quand l\u2019information officielle devient un r\u00e9cit orient\u00e9 - Mouvement Souverainet\u00e9 Suisse<\/title>\n<meta name=\"description\" content=\"Accords Suisse\u2013UE : la communication du Conseil f\u00e9d\u00e9ral est-elle biais\u00e9e ? Selon la NZZ, les vid\u00e9os officielles occultent des enjeux cl\u00e9s comme la reprise du droit europ\u00e9en, le r\u00f4le de la CJUE et les rapports de force, soulevant un risque pour la transparence et la d\u00e9mocratie directe.\" \/>\n<meta name=\"robots\" content=\"index, follow, max-snippet:-1, max-image-preview:large, max-video-preview:-1\" \/>\n<link rel=\"canonical\" href=\"https:\/\/souverainete-suisse.ch\/en\/2026\/04\/switzerland-eu-when-official-information-becomes-a-biased-narrative\/\" \/>\n<meta property=\"og:locale\" content=\"en_GB\" \/>\n<meta property=\"og:type\" content=\"article\" \/>\n<meta property=\"og:title\" content=\"Suisse\u2013UE : quand l\u2019information officielle devient un r\u00e9cit orient\u00e9 - Mouvement Souverainet\u00e9 Suisse\" \/>\n<meta property=\"og:description\" content=\"Accords Suisse\u2013UE : la communication du Conseil f\u00e9d\u00e9ral est-elle biais\u00e9e ? Selon la NZZ, les vid\u00e9os officielles occultent des enjeux cl\u00e9s comme la reprise du droit europ\u00e9en, le r\u00f4le de la CJUE et les rapports de force, soulevant un risque pour la transparence et la d\u00e9mocratie directe.\" \/>\n<meta property=\"og:url\" content=\"https:\/\/souverainete-suisse.ch\/en\/2026\/04\/switzerland-eu-when-official-information-becomes-a-biased-narrative\/\" \/>\n<meta property=\"og:site_name\" content=\"Mouvement Souverainet\u00e9 Suisse\" \/>\n<meta property=\"article:published_time\" content=\"2026-04-17T12:41:25+00:00\" \/>\n<meta property=\"og:image\" content=\"https:\/\/souverainete-suisse.ch\/wp-content\/uploads\/2026\/04\/CF.jpg\" \/>\n\t<meta property=\"og:image:width\" content=\"1536\" \/>\n\t<meta property=\"og:image:height\" content=\"1024\" \/>\n\t<meta property=\"og:image:type\" content=\"image\/jpeg\" \/>\n<meta name=\"author\" content=\"ludom\" \/>\n<meta name=\"twitter:card\" content=\"summary_large_image\" \/>\n<meta name=\"twitter:label1\" content=\"Written by\" \/>\n\t<meta name=\"twitter:data1\" content=\"ludom\" \/>\n\t<meta name=\"twitter:label2\" content=\"Estimated reading time\" \/>\n\t<meta name=\"twitter:data2\" content=\"4 minutes\" \/>\n<script type=\"application\/ld+json\" class=\"yoast-schema-graph\">{\"@context\":\"https:\/\/schema.org\",\"@graph\":[{\"@type\":\"Article\",\"@id\":\"https:\/\/souverainete-suisse.ch\/2026\/04\/suisse-ue-quand-linformation-officielle-devient-un-recit-oriente\/#article\",\"isPartOf\":{\"@id\":\"https:\/\/souverainete-suisse.ch\/2026\/04\/suisse-ue-quand-linformation-officielle-devient-un-recit-oriente\/\"},\"author\":{\"name\":\"ludom\",\"@id\":\"https:\/\/souverainete-suisse.ch\/#\/schema\/person\/b25acb547faec24a94d7215216d68cbf\"},\"headline\":\"Suisse\u2013UE : quand l\u2019information officielle devient un r\u00e9cit orient\u00e9\",\"datePublished\":\"2026-04-17T12:41:25+00:00\",\"mainEntityOfPage\":{\"@id\":\"https:\/\/souverainete-suisse.ch\/2026\/04\/suisse-ue-quand-linformation-officielle-devient-un-recit-oriente\/\"},\"wordCount\":797,\"publisher\":{\"@id\":\"https:\/\/souverainete-suisse.ch\/#organization\"},\"image\":{\"@id\":\"https:\/\/souverainete-suisse.ch\/2026\/04\/suisse-ue-quand-linformation-officielle-devient-un-recit-oriente\/#primaryimage\"},\"thumbnailUrl\":\"https:\/\/souverainete-suisse.ch\/wp-content\/uploads\/2026\/04\/CF.jpg\",\"articleSection\":[\"Politique int\u00e9rieure\",\"UE\"],\"inLanguage\":\"en-GB\"},{\"@type\":\"WebPage\",\"@id\":\"https:\/\/souverainete-suisse.ch\/2026\/04\/suisse-ue-quand-linformation-officielle-devient-un-recit-oriente\/\",\"url\":\"https:\/\/souverainete-suisse.ch\/2026\/04\/suisse-ue-quand-linformation-officielle-devient-un-recit-oriente\/\",\"name\":\"Suisse\u2013UE : quand l\u2019information officielle devient un r\u00e9cit orient\u00e9 - Mouvement Souverainet\u00e9 Suisse\",\"isPartOf\":{\"@id\":\"https:\/\/souverainete-suisse.ch\/#website\"},\"primaryImageOfPage\":{\"@id\":\"https:\/\/souverainete-suisse.ch\/2026\/04\/suisse-ue-quand-linformation-officielle-devient-un-recit-oriente\/#primaryimage\"},\"image\":{\"@id\":\"https:\/\/souverainete-suisse.ch\/2026\/04\/suisse-ue-quand-linformation-officielle-devient-un-recit-oriente\/#primaryimage\"},\"thumbnailUrl\":\"https:\/\/souverainete-suisse.ch\/wp-content\/uploads\/2026\/04\/CF.jpg\",\"datePublished\":\"2026-04-17T12:41:25+00:00\",\"description\":\"Accords Suisse\u2013UE : la communication du Conseil f\u00e9d\u00e9ral est-elle biais\u00e9e ? Selon la NZZ, les vid\u00e9os officielles occultent des enjeux cl\u00e9s comme la reprise du droit europ\u00e9en, le r\u00f4le de la CJUE et les rapports de force, soulevant un risque pour la transparence et la d\u00e9mocratie directe.\",\"breadcrumb\":{\"@id\":\"https:\/\/souverainete-suisse.ch\/2026\/04\/suisse-ue-quand-linformation-officielle-devient-un-recit-oriente\/#breadcrumb\"},\"inLanguage\":\"en-GB\",\"potentialAction\":[{\"@type\":\"ReadAction\",\"target\":[\"https:\/\/souverainete-suisse.ch\/2026\/04\/suisse-ue-quand-linformation-officielle-devient-un-recit-oriente\/\"]}]},{\"@type\":\"ImageObject\",\"inLanguage\":\"en-GB\",\"@id\":\"https:\/\/souverainete-suisse.ch\/2026\/04\/suisse-ue-quand-linformation-officielle-devient-un-recit-oriente\/#primaryimage\",\"url\":\"https:\/\/souverainete-suisse.ch\/wp-content\/uploads\/2026\/04\/CF.jpg\",\"contentUrl\":\"https:\/\/souverainete-suisse.ch\/wp-content\/uploads\/2026\/04\/CF.jpg\",\"width\":1536,\"height\":1024},{\"@type\":\"BreadcrumbList\",\"@id\":\"https:\/\/souverainete-suisse.ch\/2026\/04\/suisse-ue-quand-linformation-officielle-devient-un-recit-oriente\/#breadcrumb\",\"itemListElement\":[{\"@type\":\"ListItem\",\"position\":1,\"name\":\"Accueil\",\"item\":\"https:\/\/souverainete-suisse.ch\/\"},{\"@type\":\"ListItem\",\"position\":2,\"name\":\"Suisse\u2013UE : quand l\u2019information officielle devient un r\u00e9cit orient\u00e9\"}]},{\"@type\":\"WebSite\",\"@id\":\"https:\/\/souverainete-suisse.ch\/#website\",\"url\":\"https:\/\/souverainete-suisse.ch\/\",\"name\":\"Mouvement Souverainet\u00e9 Suisse\",\"description\":\"\",\"publisher\":{\"@id\":\"https:\/\/souverainete-suisse.ch\/#organization\"},\"potentialAction\":[{\"@type\":\"SearchAction\",\"target\":{\"@type\":\"EntryPoint\",\"urlTemplate\":\"https:\/\/souverainete-suisse.ch\/?s={search_term_string}\"},\"query-input\":{\"@type\":\"PropertyValueSpecification\",\"valueRequired\":true,\"valueName\":\"search_term_string\"}}],\"inLanguage\":\"en-GB\"},{\"@type\":\"Organization\",\"@id\":\"https:\/\/souverainete-suisse.ch\/#organization\",\"name\":\"Mouvement Souverainet\u00e9 Suisse\",\"url\":\"https:\/\/souverainete-suisse.ch\/\",\"logo\":{\"@type\":\"ImageObject\",\"inLanguage\":\"en-GB\",\"@id\":\"https:\/\/souverainete-suisse.ch\/#\/schema\/logo\/image\/\",\"url\":\"https:\/\/souverainete-suisse.ch\/wp-content\/uploads\/2025\/11\/logo.png\",\"contentUrl\":\"https:\/\/souverainete-suisse.ch\/wp-content\/uploads\/2025\/11\/logo.png\",\"width\":2053,\"height\":1461,\"caption\":\"Mouvement Souverainet\u00e9 Suisse\"},\"image\":{\"@id\":\"https:\/\/souverainete-suisse.ch\/#\/schema\/logo\/image\/\"}},{\"@type\":\"Person\",\"@id\":\"https:\/\/souverainete-suisse.ch\/#\/schema\/person\/b25acb547faec24a94d7215216d68cbf\",\"name\":\"ludom\",\"image\":{\"@type\":\"ImageObject\",\"inLanguage\":\"en-GB\",\"@id\":\"https:\/\/souverainete-suisse.ch\/#\/schema\/person\/image\/\",\"url\":\"https:\/\/secure.gravatar.com\/avatar\/77b40fd8e49e537abcea7487b290688ce92143c3443b1d3f419149c67282ffb4?s=96&d=mm&r=g\",\"contentUrl\":\"https:\/\/secure.gravatar.com\/avatar\/77b40fd8e49e537abcea7487b290688ce92143c3443b1d3f419149c67282ffb4?s=96&d=mm&r=g\",\"caption\":\"ludom\"},\"url\":\"http:\/\/souverainete-suisse.ch\/en\/author\/ludom\/\"}]}<\/script>\n<!-- \/ Yoast SEO plugin. -->","yoast_head_json":{"title":"Switzerland\u2013EU: When Official Information Becomes a Biased Narrative - Swiss Sovereignty Movement","description":"Swiss-EU Agreements: Is the Federal Council's Communication Biased? According to the NZZ, official videos conceal key issues such as the incorporation of EU law, the role of the ECJ, and power dynamics, raising a risk to transparency and direct democracy.","robots":{"index":"index","follow":"follow","max-snippet":"max-snippet:-1","max-image-preview":"max-image-preview:large","max-video-preview":"max-video-preview:-1"},"canonical":"https:\/\/souverainete-suisse.ch\/en\/2026\/04\/switzerland-eu-when-official-information-becomes-a-biased-narrative\/","og_locale":"en_GB","og_type":"article","og_title":"Suisse\u2013UE : quand l\u2019information officielle devient un r\u00e9cit orient\u00e9 - Mouvement Souverainet\u00e9 Suisse","og_description":"Accords Suisse\u2013UE : la communication du Conseil f\u00e9d\u00e9ral est-elle biais\u00e9e ? Selon la NZZ, les vid\u00e9os officielles occultent des enjeux cl\u00e9s comme la reprise du droit europ\u00e9en, le r\u00f4le de la CJUE et les rapports de force, soulevant un risque pour la transparence et la d\u00e9mocratie directe.","og_url":"https:\/\/souverainete-suisse.ch\/en\/2026\/04\/switzerland-eu-when-official-information-becomes-a-biased-narrative\/","og_site_name":"Mouvement Souverainet\u00e9 Suisse","article_published_time":"2026-04-17T12:41:25+00:00","og_image":[{"width":1536,"height":1024,"url":"https:\/\/souverainete-suisse.ch\/wp-content\/uploads\/2026\/04\/CF.jpg","type":"image\/jpeg"}],"author":"ludom","twitter_card":"summary_large_image","twitter_misc":{"Written by":"ludom","Estimated reading time":"4 minutes"},"schema":{"@context":"https:\/\/schema.org","@graph":[{"@type":"Article","@id":"https:\/\/souverainete-suisse.ch\/2026\/04\/suisse-ue-quand-linformation-officielle-devient-un-recit-oriente\/#article","isPartOf":{"@id":"https:\/\/souverainete-suisse.ch\/2026\/04\/suisse-ue-quand-linformation-officielle-devient-un-recit-oriente\/"},"author":{"name":"ludom","@id":"https:\/\/souverainete-suisse.ch\/#\/schema\/person\/b25acb547faec24a94d7215216d68cbf"},"headline":"Suisse\u2013UE : quand l\u2019information officielle devient un r\u00e9cit orient\u00e9","datePublished":"2026-04-17T12:41:25+00:00","mainEntityOfPage":{"@id":"https:\/\/souverainete-suisse.ch\/2026\/04\/suisse-ue-quand-linformation-officielle-devient-un-recit-oriente\/"},"wordCount":797,"publisher":{"@id":"https:\/\/souverainete-suisse.ch\/#organization"},"image":{"@id":"https:\/\/souverainete-suisse.ch\/2026\/04\/suisse-ue-quand-linformation-officielle-devient-un-recit-oriente\/#primaryimage"},"thumbnailUrl":"https:\/\/souverainete-suisse.ch\/wp-content\/uploads\/2026\/04\/CF.jpg","articleSection":["Politique int\u00e9rieure","UE"],"inLanguage":"en-GB"},{"@type":"WebPage","@id":"https:\/\/souverainete-suisse.ch\/2026\/04\/suisse-ue-quand-linformation-officielle-devient-un-recit-oriente\/","url":"https:\/\/souverainete-suisse.ch\/2026\/04\/suisse-ue-quand-linformation-officielle-devient-un-recit-oriente\/","name":"Switzerland\u2013EU: When Official Information Becomes a Biased Narrative - Swiss Sovereignty Movement","isPartOf":{"@id":"https:\/\/souverainete-suisse.ch\/#website"},"primaryImageOfPage":{"@id":"https:\/\/souverainete-suisse.ch\/2026\/04\/suisse-ue-quand-linformation-officielle-devient-un-recit-oriente\/#primaryimage"},"image":{"@id":"https:\/\/souverainete-suisse.ch\/2026\/04\/suisse-ue-quand-linformation-officielle-devient-un-recit-oriente\/#primaryimage"},"thumbnailUrl":"https:\/\/souverainete-suisse.ch\/wp-content\/uploads\/2026\/04\/CF.jpg","datePublished":"2026-04-17T12:41:25+00:00","description":"Swiss-EU Agreements: Is the Federal Council's Communication Biased? According to the NZZ, official videos conceal key issues such as the incorporation of EU law, the role of the ECJ, and power dynamics, raising a risk to transparency and direct democracy.","breadcrumb":{"@id":"https:\/\/souverainete-suisse.ch\/2026\/04\/suisse-ue-quand-linformation-officielle-devient-un-recit-oriente\/#breadcrumb"},"inLanguage":"en-GB","potentialAction":[{"@type":"ReadAction","target":["https:\/\/souverainete-suisse.ch\/2026\/04\/suisse-ue-quand-linformation-officielle-devient-un-recit-oriente\/"]}]},{"@type":"ImageObject","inLanguage":"en-GB","@id":"https:\/\/souverainete-suisse.ch\/2026\/04\/suisse-ue-quand-linformation-officielle-devient-un-recit-oriente\/#primaryimage","url":"https:\/\/souverainete-suisse.ch\/wp-content\/uploads\/2026\/04\/CF.jpg","contentUrl":"https:\/\/souverainete-suisse.ch\/wp-content\/uploads\/2026\/04\/CF.jpg","width":1536,"height":1024},{"@type":"BreadcrumbList","@id":"https:\/\/souverainete-suisse.ch\/2026\/04\/suisse-ue-quand-linformation-officielle-devient-un-recit-oriente\/#breadcrumb","itemListElement":[{"@type":"ListItem","position":1,"name":"Accueil","item":"https:\/\/souverainete-suisse.ch\/"},{"@type":"ListItem","position":2,"name":"Suisse\u2013UE : quand l\u2019information officielle devient un r\u00e9cit orient\u00e9"}]},{"@type":"WebSite","@id":"https:\/\/souverainete-suisse.ch\/#website","url":"https:\/\/souverainete-suisse.ch\/","name":"Swiss Sovereignty Movement","description":"","publisher":{"@id":"https:\/\/souverainete-suisse.ch\/#organization"},"potentialAction":[{"@type":"SearchAction","target":{"@type":"EntryPoint","urlTemplate":"https:\/\/souverainete-suisse.ch\/?s={search_term_string}"},"query-input":{"@type":"PropertyValueSpecification","valueRequired":true,"valueName":"search_term_string"}}],"inLanguage":"en-GB"},{"@type":"Organization","@id":"https:\/\/souverainete-suisse.ch\/#organization","name":"Swiss Sovereignty Movement","url":"https:\/\/souverainete-suisse.ch\/","logo":{"@type":"ImageObject","inLanguage":"en-GB","@id":"https:\/\/souverainete-suisse.ch\/#\/schema\/logo\/image\/","url":"https:\/\/souverainete-suisse.ch\/wp-content\/uploads\/2025\/11\/logo.png","contentUrl":"https:\/\/souverainete-suisse.ch\/wp-content\/uploads\/2025\/11\/logo.png","width":2053,"height":1461,"caption":"Mouvement Souverainet\u00e9 Suisse"},"image":{"@id":"https:\/\/souverainete-suisse.ch\/#\/schema\/logo\/image\/"}},{"@type":"Person","@id":"https:\/\/souverainete-suisse.ch\/#\/schema\/person\/b25acb547faec24a94d7215216d68cbf","name":"ludom","image":{"@type":"ImageObject","inLanguage":"en-GB","@id":"https:\/\/souverainete-suisse.ch\/#\/schema\/person\/image\/","url":"https:\/\/secure.gravatar.com\/avatar\/77b40fd8e49e537abcea7487b290688ce92143c3443b1d3f419149c67282ffb4?s=96&d=mm&r=g","contentUrl":"https:\/\/secure.gravatar.com\/avatar\/77b40fd8e49e537abcea7487b290688ce92143c3443b1d3f419149c67282ffb4?s=96&d=mm&r=g","caption":"ludom"},"url":"http:\/\/souverainete-suisse.ch\/en\/author\/ludom\/"}]}},"_links":{"self":[{"href":"http:\/\/souverainete-suisse.ch\/en\/wp-json\/wp\/v2\/posts\/1046","targetHints":{"allow":["GET"]}}],"collection":[{"href":"http:\/\/souverainete-suisse.ch\/en\/wp-json\/wp\/v2\/posts"}],"about":[{"href":"http:\/\/souverainete-suisse.ch\/en\/wp-json\/wp\/v2\/types\/post"}],"author":[{"embeddable":true,"href":"http:\/\/souverainete-suisse.ch\/en\/wp-json\/wp\/v2\/users\/2"}],"replies":[{"embeddable":true,"href":"http:\/\/souverainete-suisse.ch\/en\/wp-json\/wp\/v2\/comments?post=1046"}],"version-history":[{"count":1,"href":"http:\/\/souverainete-suisse.ch\/en\/wp-json\/wp\/v2\/posts\/1046\/revisions"}],"predecessor-version":[{"id":1048,"href":"http:\/\/souverainete-suisse.ch\/en\/wp-json\/wp\/v2\/posts\/1046\/revisions\/1048"}],"wp:featuredmedia":[{"embeddable":true,"href":"http:\/\/souverainete-suisse.ch\/en\/wp-json\/wp\/v2\/media\/1047"}],"wp:attachment":[{"href":"http:\/\/souverainete-suisse.ch\/en\/wp-json\/wp\/v2\/media?parent=1046"}],"wp:term":[{"taxonomy":"category","embeddable":true,"href":"http:\/\/souverainete-suisse.ch\/en\/wp-json\/wp\/v2\/categories?post=1046"},{"taxonomy":"post_tag","embeddable":true,"href":"http:\/\/souverainete-suisse.ch\/en\/wp-json\/wp\/v2\/tags?post=1046"}],"curies":[{"name":"wp","href":"https:\/\/api.w.org\/{rel}","templated":true}]}}