{"id":1043,"date":"2026-04-17T14:38:57","date_gmt":"2026-04-17T12:38:57","guid":{"rendered":"https:\/\/souverainete-suisse.ch\/?p=1043"},"modified":"2026-04-17T14:38:57","modified_gmt":"2026-04-17T12:38:57","slug":"smiles-in-shop-windows-sovereignty-on-sale-the-true-price-of-the-small-european-menu","status":"publish","type":"post","link":"http:\/\/souverainete-suisse.ch\/en\/2026\/04\/smiles-in-shop-windows-sovereignty-on-sale-the-true-price-of-the-small-european-menu\/","title":{"rendered":"Smiles in shop windows, sovereignty on sale: the true price of Europe's \u201csmall menu\u201d"},"content":{"rendered":"<p>Behind the smiles and the well-oiled slogans, the recipe is always the same: less sovereignty, more dependence. They sell you a \u00ablow price\u00bb today, but the real bill is paid in lost purchasing power, imposed standards, and decisions that escape the people.<\/p>\n<p>The stall is appealing, the speech reassuring, but the menu is biased: a one-sided compromise, unreciprocated openness, and misinformation as an accompaniment.<\/p>\n<p>By repeatedly serving up \u00absubmission\u00bb piping hot, some hope that citizens will no longer see what's really on their plate. But in Switzerland, the taste of what's real always prevails over the taste of compromise.<\/p>","protected":false},"excerpt":{"rendered":"<p>Derri\u00e8re le sourire et les slogans bien huil\u00e9s, la recette est toujours la m\u00eame : moins de souverainet\u00e9, plus de d\u00e9pendance. On vous vend un \u00ab petit prix \u00bb aujourd\u2019hui, mais la facture r\u00e9elle \u2014 elle \u2014 se paie en perte de pouvoir d\u2019achat, en normes impos\u00e9es et en d\u00e9cisions qui \u00e9chappent au peuple. Le [&hellip;]<\/p>\n","protected":false},"author":2,"featured_media":1044,"comment_status":"closed","ping_status":"closed","sticky":false,"template":"","format":"standard","meta":{"footnotes":""},"categories":[8,11],"tags":[],"class_list":["post-1043","post","type-post","status-publish","format-standard","has-post-thumbnail","hentry","category-politique-interieure","category-ue"],"yoast_head":"<!-- This site is optimized with the Yoast SEO plugin v26.9 - https:\/\/yoast.com\/product\/yoast-seo-wordpress\/ -->\n<title>Sourires en vitrine, souverainet\u00e9 en solde : le vrai prix du \u201cpetit menu\u201d europ\u00e9en - Mouvement Souverainet\u00e9 Suisse<\/title>\n<meta name=\"description\" content=\"Souverainet\u00e9 suisse, accords UE, d\u00e9pendance \u00e9conomique : derri\u00e8re les slogans rassurants, un mod\u00e8le qui affaiblit le pouvoir d\u2019achat, impose des normes et \u00e9loigne les d\u00e9cisions du peuple.\" \/>\n<meta name=\"robots\" content=\"index, follow, max-snippet:-1, max-image-preview:large, max-video-preview:-1\" \/>\n<link rel=\"canonical\" href=\"https:\/\/souverainete-suisse.ch\/en\/2026\/04\/smiles-in-shop-windows-sovereignty-on-sale-the-true-price-of-the-small-european-menu\/\" \/>\n<meta property=\"og:locale\" content=\"en_GB\" \/>\n<meta property=\"og:type\" content=\"article\" \/>\n<meta property=\"og:title\" content=\"Sourires en vitrine, souverainet\u00e9 en solde : le vrai prix du \u201cpetit menu\u201d europ\u00e9en - Mouvement Souverainet\u00e9 Suisse\" \/>\n<meta property=\"og:description\" content=\"Souverainet\u00e9 suisse, accords UE, d\u00e9pendance \u00e9conomique : derri\u00e8re les slogans rassurants, un mod\u00e8le qui affaiblit le pouvoir d\u2019achat, impose des normes et \u00e9loigne les d\u00e9cisions du peuple.\" \/>\n<meta property=\"og:url\" content=\"https:\/\/souverainete-suisse.ch\/en\/2026\/04\/smiles-in-shop-windows-sovereignty-on-sale-the-true-price-of-the-small-european-menu\/\" \/>\n<meta property=\"og:site_name\" content=\"Mouvement Souverainet\u00e9 Suisse\" \/>\n<meta property=\"article:published_time\" content=\"2026-04-17T12:38:57+00:00\" \/>\n<meta property=\"og:image\" content=\"https:\/\/souverainete-suisse.ch\/wp-content\/uploads\/2026\/04\/economiesuisse2.jpg\" \/>\n\t<meta property=\"og:image:width\" content=\"1536\" \/>\n\t<meta property=\"og:image:height\" content=\"1024\" \/>\n\t<meta property=\"og:image:type\" content=\"image\/jpeg\" \/>\n<meta name=\"author\" content=\"ludom\" \/>\n<meta name=\"twitter:card\" content=\"summary_large_image\" \/>\n<meta name=\"twitter:label1\" content=\"Written by\" \/>\n\t<meta name=\"twitter:data1\" content=\"ludom\" \/>\n\t<meta name=\"twitter:label2\" content=\"Estimated reading time\" \/>\n\t<meta name=\"twitter:data2\" content=\"1 minute\" \/>\n<script type=\"application\/ld+json\" class=\"yoast-schema-graph\">{\"@context\":\"https:\/\/schema.org\",\"@graph\":[{\"@type\":\"Article\",\"@id\":\"https:\/\/souverainete-suisse.ch\/2026\/04\/sourires-en-vitrine-souverainete-en-solde-le-vrai-prix-du-petit-menu-europeen\/#article\",\"isPartOf\":{\"@id\":\"https:\/\/souverainete-suisse.ch\/2026\/04\/sourires-en-vitrine-souverainete-en-solde-le-vrai-prix-du-petit-menu-europeen\/\"},\"author\":{\"name\":\"ludom\",\"@id\":\"https:\/\/souverainete-suisse.ch\/#\/schema\/person\/b25acb547faec24a94d7215216d68cbf\"},\"headline\":\"Sourires en vitrine, souverainet\u00e9 en solde : le vrai prix du \u201cpetit menu\u201d europ\u00e9en\",\"datePublished\":\"2026-04-17T12:38:57+00:00\",\"mainEntityOfPage\":{\"@id\":\"https:\/\/souverainete-suisse.ch\/2026\/04\/sourires-en-vitrine-souverainete-en-solde-le-vrai-prix-du-petit-menu-europeen\/\"},\"wordCount\":141,\"publisher\":{\"@id\":\"https:\/\/souverainete-suisse.ch\/#organization\"},\"image\":{\"@id\":\"https:\/\/souverainete-suisse.ch\/2026\/04\/sourires-en-vitrine-souverainete-en-solde-le-vrai-prix-du-petit-menu-europeen\/#primaryimage\"},\"thumbnailUrl\":\"https:\/\/souverainete-suisse.ch\/wp-content\/uploads\/2026\/04\/economiesuisse2.jpg\",\"articleSection\":[\"Politique int\u00e9rieure\",\"UE\"],\"inLanguage\":\"en-GB\"},{\"@type\":\"WebPage\",\"@id\":\"https:\/\/souverainete-suisse.ch\/2026\/04\/sourires-en-vitrine-souverainete-en-solde-le-vrai-prix-du-petit-menu-europeen\/\",\"url\":\"https:\/\/souverainete-suisse.ch\/2026\/04\/sourires-en-vitrine-souverainete-en-solde-le-vrai-prix-du-petit-menu-europeen\/\",\"name\":\"Sourires en vitrine, souverainet\u00e9 en solde : le vrai prix du \u201cpetit menu\u201d europ\u00e9en - Mouvement Souverainet\u00e9 Suisse\",\"isPartOf\":{\"@id\":\"https:\/\/souverainete-suisse.ch\/#website\"},\"primaryImageOfPage\":{\"@id\":\"https:\/\/souverainete-suisse.ch\/2026\/04\/sourires-en-vitrine-souverainete-en-solde-le-vrai-prix-du-petit-menu-europeen\/#primaryimage\"},\"image\":{\"@id\":\"https:\/\/souverainete-suisse.ch\/2026\/04\/sourires-en-vitrine-souverainete-en-solde-le-vrai-prix-du-petit-menu-europeen\/#primaryimage\"},\"thumbnailUrl\":\"https:\/\/souverainete-suisse.ch\/wp-content\/uploads\/2026\/04\/economiesuisse2.jpg\",\"datePublished\":\"2026-04-17T12:38:57+00:00\",\"description\":\"Souverainet\u00e9 suisse, accords UE, d\u00e9pendance \u00e9conomique : derri\u00e8re les slogans rassurants, un mod\u00e8le qui affaiblit le pouvoir d\u2019achat, impose des normes et \u00e9loigne les d\u00e9cisions du peuple.\",\"breadcrumb\":{\"@id\":\"https:\/\/souverainete-suisse.ch\/2026\/04\/sourires-en-vitrine-souverainete-en-solde-le-vrai-prix-du-petit-menu-europeen\/#breadcrumb\"},\"inLanguage\":\"en-GB\",\"potentialAction\":[{\"@type\":\"ReadAction\",\"target\":[\"https:\/\/souverainete-suisse.ch\/2026\/04\/sourires-en-vitrine-souverainete-en-solde-le-vrai-prix-du-petit-menu-europeen\/\"]}]},{\"@type\":\"ImageObject\",\"inLanguage\":\"en-GB\",\"@id\":\"https:\/\/souverainete-suisse.ch\/2026\/04\/sourires-en-vitrine-souverainete-en-solde-le-vrai-prix-du-petit-menu-europeen\/#primaryimage\",\"url\":\"https:\/\/souverainete-suisse.ch\/wp-content\/uploads\/2026\/04\/economiesuisse2.jpg\",\"contentUrl\":\"https:\/\/souverainete-suisse.ch\/wp-content\/uploads\/2026\/04\/economiesuisse2.jpg\",\"width\":1536,\"height\":1024},{\"@type\":\"BreadcrumbList\",\"@id\":\"https:\/\/souverainete-suisse.ch\/2026\/04\/sourires-en-vitrine-souverainete-en-solde-le-vrai-prix-du-petit-menu-europeen\/#breadcrumb\",\"itemListElement\":[{\"@type\":\"ListItem\",\"position\":1,\"name\":\"Accueil\",\"item\":\"https:\/\/souverainete-suisse.ch\/\"},{\"@type\":\"ListItem\",\"position\":2,\"name\":\"Sourires en vitrine, souverainet\u00e9 en solde : le vrai prix du \u201cpetit menu\u201d europ\u00e9en\"}]},{\"@type\":\"WebSite\",\"@id\":\"https:\/\/souverainete-suisse.ch\/#website\",\"url\":\"https:\/\/souverainete-suisse.ch\/\",\"name\":\"Mouvement Souverainet\u00e9 Suisse\",\"description\":\"\",\"publisher\":{\"@id\":\"https:\/\/souverainete-suisse.ch\/#organization\"},\"potentialAction\":[{\"@type\":\"SearchAction\",\"target\":{\"@type\":\"EntryPoint\",\"urlTemplate\":\"https:\/\/souverainete-suisse.ch\/?s={search_term_string}\"},\"query-input\":{\"@type\":\"PropertyValueSpecification\",\"valueRequired\":true,\"valueName\":\"search_term_string\"}}],\"inLanguage\":\"en-GB\"},{\"@type\":\"Organization\",\"@id\":\"https:\/\/souverainete-suisse.ch\/#organization\",\"name\":\"Mouvement Souverainet\u00e9 Suisse\",\"url\":\"https:\/\/souverainete-suisse.ch\/\",\"logo\":{\"@type\":\"ImageObject\",\"inLanguage\":\"en-GB\",\"@id\":\"https:\/\/souverainete-suisse.ch\/#\/schema\/logo\/image\/\",\"url\":\"https:\/\/souverainete-suisse.ch\/wp-content\/uploads\/2025\/11\/logo.png\",\"contentUrl\":\"https:\/\/souverainete-suisse.ch\/wp-content\/uploads\/2025\/11\/logo.png\",\"width\":2053,\"height\":1461,\"caption\":\"Mouvement Souverainet\u00e9 Suisse\"},\"image\":{\"@id\":\"https:\/\/souverainete-suisse.ch\/#\/schema\/logo\/image\/\"}},{\"@type\":\"Person\",\"@id\":\"https:\/\/souverainete-suisse.ch\/#\/schema\/person\/b25acb547faec24a94d7215216d68cbf\",\"name\":\"ludom\",\"image\":{\"@type\":\"ImageObject\",\"inLanguage\":\"en-GB\",\"@id\":\"https:\/\/souverainete-suisse.ch\/#\/schema\/person\/image\/\",\"url\":\"https:\/\/secure.gravatar.com\/avatar\/77b40fd8e49e537abcea7487b290688ce92143c3443b1d3f419149c67282ffb4?s=96&d=mm&r=g\",\"contentUrl\":\"https:\/\/secure.gravatar.com\/avatar\/77b40fd8e49e537abcea7487b290688ce92143c3443b1d3f419149c67282ffb4?s=96&d=mm&r=g\",\"caption\":\"ludom\"},\"url\":\"http:\/\/souverainete-suisse.ch\/en\/author\/ludom\/\"}]}<\/script>\n<!-- \/ Yoast SEO plugin. -->","yoast_head_json":{"title":"Smiles in shop windows, sovereignty on sale: the real price of the European \u201csmall menu\u201d - Swiss Sovereignty Movement","description":"Swiss sovereignty, EU agreements, economic dependence: behind the reassuring slogans, a model that weakens purchasing power, imposes standards and removes decisions from the people.","robots":{"index":"index","follow":"follow","max-snippet":"max-snippet:-1","max-image-preview":"max-image-preview:large","max-video-preview":"max-video-preview:-1"},"canonical":"https:\/\/souverainete-suisse.ch\/en\/2026\/04\/smiles-in-shop-windows-sovereignty-on-sale-the-true-price-of-the-small-european-menu\/","og_locale":"en_GB","og_type":"article","og_title":"Sourires en vitrine, souverainet\u00e9 en solde : le vrai prix du \u201cpetit menu\u201d europ\u00e9en - Mouvement Souverainet\u00e9 Suisse","og_description":"Souverainet\u00e9 suisse, accords UE, d\u00e9pendance \u00e9conomique : derri\u00e8re les slogans rassurants, un mod\u00e8le qui affaiblit le pouvoir d\u2019achat, impose des normes et \u00e9loigne les d\u00e9cisions du peuple.","og_url":"https:\/\/souverainete-suisse.ch\/en\/2026\/04\/smiles-in-shop-windows-sovereignty-on-sale-the-true-price-of-the-small-european-menu\/","og_site_name":"Mouvement Souverainet\u00e9 Suisse","article_published_time":"2026-04-17T12:38:57+00:00","og_image":[{"width":1536,"height":1024,"url":"https:\/\/souverainete-suisse.ch\/wp-content\/uploads\/2026\/04\/economiesuisse2.jpg","type":"image\/jpeg"}],"author":"ludom","twitter_card":"summary_large_image","twitter_misc":{"Written by":"ludom","Estimated reading time":"1 minute"},"schema":{"@context":"https:\/\/schema.org","@graph":[{"@type":"Article","@id":"https:\/\/souverainete-suisse.ch\/2026\/04\/sourires-en-vitrine-souverainete-en-solde-le-vrai-prix-du-petit-menu-europeen\/#article","isPartOf":{"@id":"https:\/\/souverainete-suisse.ch\/2026\/04\/sourires-en-vitrine-souverainete-en-solde-le-vrai-prix-du-petit-menu-europeen\/"},"author":{"name":"ludom","@id":"https:\/\/souverainete-suisse.ch\/#\/schema\/person\/b25acb547faec24a94d7215216d68cbf"},"headline":"Sourires en vitrine, souverainet\u00e9 en solde : le vrai prix du \u201cpetit menu\u201d europ\u00e9en","datePublished":"2026-04-17T12:38:57+00:00","mainEntityOfPage":{"@id":"https:\/\/souverainete-suisse.ch\/2026\/04\/sourires-en-vitrine-souverainete-en-solde-le-vrai-prix-du-petit-menu-europeen\/"},"wordCount":141,"publisher":{"@id":"https:\/\/souverainete-suisse.ch\/#organization"},"image":{"@id":"https:\/\/souverainete-suisse.ch\/2026\/04\/sourires-en-vitrine-souverainete-en-solde-le-vrai-prix-du-petit-menu-europeen\/#primaryimage"},"thumbnailUrl":"https:\/\/souverainete-suisse.ch\/wp-content\/uploads\/2026\/04\/economiesuisse2.jpg","articleSection":["Politique int\u00e9rieure","UE"],"inLanguage":"en-GB"},{"@type":"WebPage","@id":"https:\/\/souverainete-suisse.ch\/2026\/04\/sourires-en-vitrine-souverainete-en-solde-le-vrai-prix-du-petit-menu-europeen\/","url":"https:\/\/souverainete-suisse.ch\/2026\/04\/sourires-en-vitrine-souverainete-en-solde-le-vrai-prix-du-petit-menu-europeen\/","name":"Smiles in shop windows, sovereignty on sale: the real price of the European \u201csmall menu\u201d - Swiss Sovereignty Movement","isPartOf":{"@id":"https:\/\/souverainete-suisse.ch\/#website"},"primaryImageOfPage":{"@id":"https:\/\/souverainete-suisse.ch\/2026\/04\/sourires-en-vitrine-souverainete-en-solde-le-vrai-prix-du-petit-menu-europeen\/#primaryimage"},"image":{"@id":"https:\/\/souverainete-suisse.ch\/2026\/04\/sourires-en-vitrine-souverainete-en-solde-le-vrai-prix-du-petit-menu-europeen\/#primaryimage"},"thumbnailUrl":"https:\/\/souverainete-suisse.ch\/wp-content\/uploads\/2026\/04\/economiesuisse2.jpg","datePublished":"2026-04-17T12:38:57+00:00","description":"Swiss sovereignty, EU agreements, economic dependence: behind the reassuring slogans, a model that weakens purchasing power, imposes standards and removes decisions from the people.","breadcrumb":{"@id":"https:\/\/souverainete-suisse.ch\/2026\/04\/sourires-en-vitrine-souverainete-en-solde-le-vrai-prix-du-petit-menu-europeen\/#breadcrumb"},"inLanguage":"en-GB","potentialAction":[{"@type":"ReadAction","target":["https:\/\/souverainete-suisse.ch\/2026\/04\/sourires-en-vitrine-souverainete-en-solde-le-vrai-prix-du-petit-menu-europeen\/"]}]},{"@type":"ImageObject","inLanguage":"en-GB","@id":"https:\/\/souverainete-suisse.ch\/2026\/04\/sourires-en-vitrine-souverainete-en-solde-le-vrai-prix-du-petit-menu-europeen\/#primaryimage","url":"https:\/\/souverainete-suisse.ch\/wp-content\/uploads\/2026\/04\/economiesuisse2.jpg","contentUrl":"https:\/\/souverainete-suisse.ch\/wp-content\/uploads\/2026\/04\/economiesuisse2.jpg","width":1536,"height":1024},{"@type":"BreadcrumbList","@id":"https:\/\/souverainete-suisse.ch\/2026\/04\/sourires-en-vitrine-souverainete-en-solde-le-vrai-prix-du-petit-menu-europeen\/#breadcrumb","itemListElement":[{"@type":"ListItem","position":1,"name":"Accueil","item":"https:\/\/souverainete-suisse.ch\/"},{"@type":"ListItem","position":2,"name":"Sourires en vitrine, souverainet\u00e9 en solde : le vrai prix du \u201cpetit menu\u201d europ\u00e9en"}]},{"@type":"WebSite","@id":"https:\/\/souverainete-suisse.ch\/#website","url":"https:\/\/souverainete-suisse.ch\/","name":"Swiss Sovereignty Movement","description":"","publisher":{"@id":"https:\/\/souverainete-suisse.ch\/#organization"},"potentialAction":[{"@type":"SearchAction","target":{"@type":"EntryPoint","urlTemplate":"https:\/\/souverainete-suisse.ch\/?s={search_term_string}"},"query-input":{"@type":"PropertyValueSpecification","valueRequired":true,"valueName":"search_term_string"}}],"inLanguage":"en-GB"},{"@type":"Organization","@id":"https:\/\/souverainete-suisse.ch\/#organization","name":"Swiss Sovereignty Movement","url":"https:\/\/souverainete-suisse.ch\/","logo":{"@type":"ImageObject","inLanguage":"en-GB","@id":"https:\/\/souverainete-suisse.ch\/#\/schema\/logo\/image\/","url":"https:\/\/souverainete-suisse.ch\/wp-content\/uploads\/2025\/11\/logo.png","contentUrl":"https:\/\/souverainete-suisse.ch\/wp-content\/uploads\/2025\/11\/logo.png","width":2053,"height":1461,"caption":"Mouvement Souverainet\u00e9 Suisse"},"image":{"@id":"https:\/\/souverainete-suisse.ch\/#\/schema\/logo\/image\/"}},{"@type":"Person","@id":"https:\/\/souverainete-suisse.ch\/#\/schema\/person\/b25acb547faec24a94d7215216d68cbf","name":"ludom","image":{"@type":"ImageObject","inLanguage":"en-GB","@id":"https:\/\/souverainete-suisse.ch\/#\/schema\/person\/image\/","url":"https:\/\/secure.gravatar.com\/avatar\/77b40fd8e49e537abcea7487b290688ce92143c3443b1d3f419149c67282ffb4?s=96&d=mm&r=g","contentUrl":"https:\/\/secure.gravatar.com\/avatar\/77b40fd8e49e537abcea7487b290688ce92143c3443b1d3f419149c67282ffb4?s=96&d=mm&r=g","caption":"ludom"},"url":"http:\/\/souverainete-suisse.ch\/en\/author\/ludom\/"}]}},"_links":{"self":[{"href":"http:\/\/souverainete-suisse.ch\/en\/wp-json\/wp\/v2\/posts\/1043","targetHints":{"allow":["GET"]}}],"collection":[{"href":"http:\/\/souverainete-suisse.ch\/en\/wp-json\/wp\/v2\/posts"}],"about":[{"href":"http:\/\/souverainete-suisse.ch\/en\/wp-json\/wp\/v2\/types\/post"}],"author":[{"embeddable":true,"href":"http:\/\/souverainete-suisse.ch\/en\/wp-json\/wp\/v2\/users\/2"}],"replies":[{"embeddable":true,"href":"http:\/\/souverainete-suisse.ch\/en\/wp-json\/wp\/v2\/comments?post=1043"}],"version-history":[{"count":1,"href":"http:\/\/souverainete-suisse.ch\/en\/wp-json\/wp\/v2\/posts\/1043\/revisions"}],"predecessor-version":[{"id":1045,"href":"http:\/\/souverainete-suisse.ch\/en\/wp-json\/wp\/v2\/posts\/1043\/revisions\/1045"}],"wp:featuredmedia":[{"embeddable":true,"href":"http:\/\/souverainete-suisse.ch\/en\/wp-json\/wp\/v2\/media\/1044"}],"wp:attachment":[{"href":"http:\/\/souverainete-suisse.ch\/en\/wp-json\/wp\/v2\/media?parent=1043"}],"wp:term":[{"taxonomy":"category","embeddable":true,"href":"http:\/\/souverainete-suisse.ch\/en\/wp-json\/wp\/v2\/categories?post=1043"},{"taxonomy":"post_tag","embeddable":true,"href":"http:\/\/souverainete-suisse.ch\/en\/wp-json\/wp\/v2\/tags?post=1043"}],"curies":[{"name":"wp","href":"https:\/\/api.w.org\/{rel}","templated":true}]}}