{"id":902,"date":"2026-02-19T09:58:47","date_gmt":"2026-02-19T08:58:47","guid":{"rendered":"https:\/\/souverainete-suisse.ch\/?p=902"},"modified":"2026-02-19T13:48:38","modified_gmt":"2026-02-19T12:48:38","slug":"schweiz-eu-das-helvetische-partizipative-modell-auf-bewahrung","status":"publish","type":"post","link":"http:\/\/souverainete-suisse.ch\/de\/2026\/02\/schweiz-eu-das-helvetische-partizipative-modell-auf-bewahrung\/","title":{"rendered":"Schweiz-EU: Das partizipative Modell der Schweiz auf Eis gelegt?"},"content":{"rendered":"<p><em>W\u00e4hrend sich die Debatte \u00fcber die Integrationsabkommen Schweiz-EU zuspitzt, st\u00f6rt eine Stimme aus der h\u00f6chsten europ\u00e4ischen Industrieebene den herrschenden Konsens. In einem Interview mit der Weltwoche (15. Februar 2026) warnte Wolfgang Reitzle - ein erfahrener Manager und Kenner der wirtschaftlichen und rechtlichen Strukturen der EU - vor einer Entwicklung, die weit \u00fcber die blo\u00dfe kommerzielle Zusammenarbeit hinausgehen w\u00fcrde.<\/em><\/p>\n<p><em>Seine Aussage bezieht sich nicht auf den Marktzugang, sondern auf etwas Grundlegenderes: die Vereinbarkeit des Rechtssystems der EU mit dem auf der direkten Demokratie basierenden institutionellen Modell der Schweiz.<\/em><\/p>\n<p>&nbsp;<\/p>\n<p id=\"ember1157\" class=\"ember-view reader-text-block__paragraph\"><strong>Quelle:<\/strong> Die Weltwoche, 15. Februar 2026<\/p>\n<p id=\"ember1158\" class=\"ember-view reader-text-block__paragraph\">(\u00dcbersetzung eines Interviews mit Wolfgang Reitzle)<\/p>\n<p id=\"ember1159\" class=\"ember-view reader-text-block__paragraph\">Ein hochrangiger deutscher Manager, der in der Schweiz lebt, schl\u00e4gt Alarm.<\/p>\n<p id=\"ember1160\" class=\"ember-view reader-text-block__paragraph\">Und seine \u00c4u\u00dferungen stammen weder von einem marginalen Oppositionellen noch von einem politischen Aktivisten.<\/p>\n<p id=\"ember1161\" class=\"ember-view reader-text-block__paragraph\">Wolfgang Reitzle - ehemaliger Vorstandsvorsitzender von LafargeHolcim, Mitglied des Aufsichtsrats der Deutschen Telekom und derzeitiger Aufsichtsratsvorsitzender der Continental AG - ist mit den industriellen und institutionellen Abl\u00e4ufen in Europa bestens vertraut.<\/p>\n<p id=\"ember1162\" class=\"ember-view reader-text-block__paragraph\">Sein Befund zu den Integrationsabkommen 2024 zwischen der Schweiz und der EU ist klar:<\/p>\n<p id=\"ember1163\" class=\"ember-view reader-text-block__paragraph\">das Risiko ist nicht kommerziell. Es ist ein systemisches Risiko.<\/p>\n<h3 id=\"ember1164\" class=\"ember-view reader-text-block__heading-3\">1. Eine falsche Handelsdebatte<\/h3>\n<p id=\"ember1165\" class=\"ember-view reader-text-block__paragraph\">Seiner Meinung nach k\u00f6nnte die Schweiz durchaus abschlie\u00dfen <strong>gezielte sektorale Vereinbarungen<\/strong> mit der Europ\u00e4ischen Union.<\/p>\n<p id=\"ember1166\" class=\"ember-view reader-text-block__paragraph\">Die eigentliche Frage w\u00e4re anderswo:<\/p>\n<blockquote id=\"ember1167\" class=\"ember-view reader-text-block__blockquote\"><p>Warum sollte die gesamte Schweizer Bev\u00f6lkerung dem Rechtssystem der EU unterworfen werden?<\/p><\/blockquote>\n<p id=\"ember1168\" class=\"ember-view reader-text-block__paragraph\">Die Schweiz ist nicht Mitglied der Union.<\/p>\n<p id=\"ember1169\" class=\"ember-view reader-text-block__paragraph\">Sie w\u00e4hlt weder die Kommission, noch das Europ\u00e4ische Parlament oder die Richter des Gerichtshofs.<\/p>\n<p id=\"ember1170\" class=\"ember-view reader-text-block__paragraph\">Die neuen Mechanismen sehen jedoch eine dynamische Rechtsangleichung mit einer zentralen Rolle des Gerichtshofs der Europ\u00e4ischen Union im Streitfall vor.<\/p>\n<p id=\"ember1171\" class=\"ember-view reader-text-block__paragraph\">Wir sprechen hier nicht mehr von Marktzugang.<\/p>\n<p id=\"ember1172\" class=\"ember-view reader-text-block__paragraph\">Wir sprechen von einer normativen Hierarchie.<\/p>\n<h3 id=\"ember1173\" class=\"ember-view reader-text-block__heading-3\">2. Die institutionelle Frage: Direkte Demokratie vs. externes Primat<\/h3>\n<p id=\"ember1174\" class=\"ember-view reader-text-block__paragraph\">Reitzle formuliert eine folgenschwere Kritik:<\/p>\n<blockquote id=\"ember1175\" class=\"ember-view reader-text-block__blockquote\"><p>Der Gerichtshof entscheidet nicht nur in Rechtsfragen; er fungiert auch als Durchf\u00fchrungsorgan der Kommission.<\/p><\/blockquote>\n<p id=\"ember1176\" class=\"ember-view reader-text-block__paragraph\">Ob man diese Einsch\u00e4tzung teilt oder nicht, eine Tatsache dr\u00e4ngt sich auf:<\/p>\n<ul>\n<li>In der Schweiz erm\u00f6glicht die Volkssouver\u00e4nit\u00e4t sowohl die Initiative als auch das Referendum.<\/li>\n<li>In der EU hat das Recht Vorrang vor den nationalen Verfassungen.<\/li>\n<li>Die Entscheidungen des EuGH sind bindend und endg\u00fcltig.<\/li>\n<\/ul>\n<p id=\"ember1178\" class=\"ember-view reader-text-block__paragraph\">Die Spannung ist offensichtlich.<\/p>\n<p id=\"ember1179\" class=\"ember-view reader-text-block__paragraph\">Kann ein partizipatives Modell, das auf direkter Demokratie beruht, beibehalten werden, wenn im Konfliktfall der letzte Schiedsspruch den Schweizer Institutionen entzogen wird?<\/p>\n<h3 id=\"ember1180\" class=\"ember-view reader-text-block__heading-3\">3. B\u00fcrokratie und Wettbewerbsf\u00e4higkeit: eine zu wenig dokumentierte Debatte<\/h3>\n<p id=\"ember1181\" class=\"ember-view reader-text-block__paragraph\">Der andere vorgebrachte Kritikpunkt betrifft die B\u00fcrokratisierung.<\/p>\n<p id=\"ember1182\" class=\"ember-view reader-text-block__paragraph\">Einige n\u00fctzliche Zahlen zur Kontextualisierung :<\/p>\n<ul>\n<li>Im Jahr 2025 f\u00fchrte die Europ\u00e4ische Kommission mehr als 1400 Rechtsakte ein (Rekord seit 2010).<\/li>\n<li>Deutsche Unternehmen beklagen eine zunehmende Regulierungs\u00fcberlastung.<\/li>\n<li>Der Anteil der KMU an der Schweizer Wirtschaft (\u00fcber 99 % der Unternehmen) macht das Land besonders anf\u00e4llig f\u00fcr eine normative Inflation.<\/li>\n<\/ul>\n<p id=\"ember1184\" class=\"ember-view reader-text-block__paragraph\">Die Wettbewerbsf\u00e4higkeit der Schweiz beruht auf :<\/p>\n<ul>\n<li>Rechtssicherheit,<\/li>\n<li>die Schnelligkeit der Entscheidungsfindung,<\/li>\n<li>Steuerstabilit\u00e4t,<\/li>\n<li>und eine relativ schlanke Verwaltung.<\/li>\n<\/ul>\n<p id=\"ember1186\" class=\"ember-view reader-text-block__paragraph\">Jeder automatische Import von externem Recht wirft mechanisch die Frage nach den Kosten der Einhaltung auf.<\/p>\n<h3 id=\"ember1187\" class=\"ember-view reader-text-block__heading-3\">4. Der Kern des Problems: Unabh\u00e4ngigkeit bei der Entscheidungsfindung<\/h3>\n<p id=\"ember1188\" class=\"ember-view reader-text-block__paragraph\">Die Debatte ist nicht emotional. Sie ist institutionell.<\/p>\n<p id=\"ember1189\" class=\"ember-view reader-text-block__paragraph\">Die Schweiz ist :<\/p>\n<ul>\n<li>ein Bundesstaat,<\/li>\n<li>eine halbdirekte Demokratie,<\/li>\n<li>ein System, das auf Subsidiarit\u00e4t und internen Kompromissen beruht.<\/li>\n<\/ul>\n<p id=\"ember1191\" class=\"ember-view reader-text-block__paragraph\">Die EU ist :<\/p>\n<ul>\n<li>ein supranationales Konstrukt,<\/li>\n<li>die auf dem Vorrang des europ\u00e4ischen Rechts beruht,<\/li>\n<li>strukturiert um eine m\u00e4chtige Exekutive (Kommission).<\/li>\n<\/ul>\n<p id=\"ember1193\" class=\"ember-view reader-text-block__paragraph\">Diese beiden Logiken k\u00f6nnen zusammenarbeiten.<\/p>\n<p id=\"ember1194\" class=\"ember-view reader-text-block__paragraph\">Aber k\u00f6nnen sie verschmelzen, ohne eine der beiden zu ver\u00e4ndern?<\/p>\n<p id=\"ember1195\" class=\"ember-view reader-text-block__paragraph\">Reitzle spricht von einem \u00abSystem der \u00fcberm\u00e4\u00dfigen B\u00fcrokratisierung\u00bb, das langfristig die Unabh\u00e4ngigkeit der Schweiz schw\u00e4chen kann.<\/p>\n<p id=\"ember1196\" class=\"ember-view reader-text-block__paragraph\">\u00dcber den Ton kann man streiten.<\/p>\n<p id=\"ember1197\" class=\"ember-view reader-text-block__paragraph\">Aber die Frage verdient es, ernsthaft gestellt zu werden.<\/p>\n<h3 id=\"ember1198\" class=\"ember-view reader-text-block__heading-3\">Was die Debatte wirklich untersuchen sollte<\/h3>\n<p id=\"ember1199\" class=\"ember-view reader-text-block__paragraph\">\u2714\ufe0f Welche Branchen erfordern wirklich eine dynamische Ausrichtung?<\/p>\n<p id=\"ember1200\" class=\"ember-view reader-text-block__paragraph\">\u2714\ufe0f Gibt es rein kommerzielle Alternativen?<\/p>\n<p id=\"ember1201\" class=\"ember-view reader-text-block__paragraph\">\u2714\ufe0f Wie w\u00fcrde sich das auf zuk\u00fcnftige Volksinitiativen auswirken?<\/p>\n<p id=\"ember1202\" class=\"ember-view reader-text-block__paragraph\">\u2714\ufe0f Welche institutionellen Leitplanken sind wirklich bindend?<\/p>\n<p id=\"ember1203\" class=\"ember-view reader-text-block__paragraph\">\u2714\ufe0f Wurde das Kosten-Nutzen-Verh\u00e4ltnis objektiv quantifiziert?<\/p>\n<h3 id=\"ember1205\" class=\"ember-view reader-text-block__heading-3\">Schlussfolgerung: Die Wahl eines Zivilisationsmodells<\/h3>\n<p id=\"ember1206\" class=\"ember-view reader-text-block__paragraph\">Im Grunde geht es nicht nur um die Wirtschaft.<\/p>\n<p id=\"ember1207\" class=\"ember-view reader-text-block__paragraph\">Es geht um das Schweizer Modell selbst:<\/p>\n<p id=\"ember1208\" class=\"ember-view reader-text-block__paragraph\">Ein Land, in dem die B\u00fcrger die politischen Eliten korrigieren k\u00f6nnen.<\/p>\n<p id=\"ember1209\" class=\"ember-view reader-text-block__paragraph\">Ein Land, in dem die Legitimit\u00e4t von der Volksabstimmung kommt.<\/p>\n<p id=\"ember1210\" class=\"ember-view reader-text-block__paragraph\">Ein Land, das seinen letzten Schiedsrichter nie an ein externes Gericht delegiert hat.<\/p>\n<p id=\"ember1211\" class=\"ember-view reader-text-block__paragraph\">Die Frage ist nicht:<\/p>\n<p id=\"ember1212\" class=\"ember-view reader-text-block__paragraph\">\u00abF\u00fcr oder gegen Europa sein\u00bb.\u00bb<\/p>\n<p id=\"ember1213\" class=\"ember-view reader-text-block__paragraph\">Die Frage ist:<\/p>\n<p id=\"ember1214\" class=\"ember-view reader-text-block__paragraph\"><strong>Will die Schweiz der Architekt ihrer eigenen Regeln bleiben - oder zur lokalen Verwalterin einer externen Rechtsordnung werden?<\/strong><\/p>\n<p id=\"ember1215\" class=\"ember-view reader-text-block__paragraph\">Die Debatte ist er\u00f6ffnet.<\/p>\n<p id=\"ember1216\" class=\"ember-view reader-text-block__paragraph\">Sie muss aber endlich ohne Tabus gef\u00fchrt werden.<\/p>\n<p id=\"ember1218\" class=\"ember-view reader-text-block__paragraph\"><strong>\ud83c\udde8\ud83c\uddedCe Was die Medien verschweigen, analysieren wir. Was Bern verhandelt, nehmen wir auseinander. Besuchen Sie jetzt unser Hauptquartier auf Telegram: <\/strong><a class=\"KXeSskFxPcHcYGqDNljHNerDvqxGdzBnZf\" tabindex=\"0\" href=\"https:\/\/t.me\/schweizersouveranitat\" target=\"_self\" data-test-app-aware-link=\"\"><strong>https:\/\/t.me\/schweizersouveranitat<\/strong><\/a><\/p>","protected":false},"excerpt":{"rendered":"<p>Alors que le d\u00e9bat sur les accords d\u2019int\u00e9gration Suisse\u2013UE s\u2019intensifie, une voix issue du plus haut niveau industriel europ\u00e9en vient troubler le consensus ambiant. Dans un entretien accord\u00e9 \u00e0 Die Weltwoche (15 f\u00e9vrier 2026), Wolfgang Reitzle \u2014 dirigeant exp\u00e9riment\u00e9, fin connaisseur des structures \u00e9conomiques et juridiques de l\u2019Union \u2014 met en garde contre une \u00e9volution [&hellip;]<\/p>\n","protected":false},"author":2,"featured_media":903,"comment_status":"closed","ping_status":"closed","sticky":false,"template":"","format":"standard","meta":{"footnotes":""},"categories":[8,11],"tags":[],"class_list":["post-902","post","type-post","status-publish","format-standard","has-post-thumbnail","hentry","category-politique-interieure","category-ue"],"yoast_head":"<!-- This site is optimized with the Yoast SEO plugin v26.9 - https:\/\/yoast.com\/product\/yoast-seo-wordpress\/ -->\n<title>Suisse\u2013UE : le mod\u00e8le participatif helv\u00e9tique en sursis? - Mouvement Souverainet\u00e9 Suisse<\/title>\n<meta name=\"description\" content=\"Accords Suisse-UE 2024 : Wolfgang Reitzle (Die Weltwoche, 15.02.2026) alerte sur un risque syst\u00e9mique. Alignement dynamique du droit, r\u00f4le de la CJUE, primaut\u00e9 normative, bureaucratie et impact sur la d\u00e9mocratie directe et les PME. Analyse institutionnelle et enjeux pour la souverainet\u00e9 suisse\" \/>\n<meta name=\"robots\" content=\"index, follow, max-snippet:-1, max-image-preview:large, max-video-preview:-1\" \/>\n<link rel=\"canonical\" href=\"https:\/\/souverainete-suisse.ch\/de\/2026\/02\/schweiz-eu-das-helvetische-partizipative-modell-auf-bewahrung\/\" \/>\n<meta property=\"og:locale\" content=\"de_DE\" \/>\n<meta property=\"og:type\" content=\"article\" \/>\n<meta property=\"og:title\" content=\"Suisse\u2013UE : le mod\u00e8le participatif helv\u00e9tique en sursis? - Mouvement Souverainet\u00e9 Suisse\" \/>\n<meta property=\"og:description\" content=\"Accords Suisse-UE 2024 : Wolfgang Reitzle (Die Weltwoche, 15.02.2026) alerte sur un risque syst\u00e9mique. Alignement dynamique du droit, r\u00f4le de la CJUE, primaut\u00e9 normative, bureaucratie et impact sur la d\u00e9mocratie directe et les PME. Analyse institutionnelle et enjeux pour la souverainet\u00e9 suisse\" \/>\n<meta property=\"og:url\" content=\"https:\/\/souverainete-suisse.ch\/de\/2026\/02\/schweiz-eu-das-helvetische-partizipative-modell-auf-bewahrung\/\" \/>\n<meta property=\"og:site_name\" content=\"Mouvement Souverainet\u00e9 Suisse\" \/>\n<meta property=\"article:published_time\" content=\"2026-02-19T08:58:47+00:00\" \/>\n<meta property=\"article:modified_time\" content=\"2026-02-19T12:48:38+00:00\" \/>\n<meta property=\"og:image\" content=\"https:\/\/souverainete-suisse.ch\/wp-content\/uploads\/2026\/02\/wolfgang.jpg\" \/>\n\t<meta property=\"og:image:width\" content=\"900\" \/>\n\t<meta property=\"og:image:height\" content=\"600\" \/>\n\t<meta property=\"og:image:type\" content=\"image\/jpeg\" \/>\n<meta name=\"author\" content=\"ludom\" \/>\n<meta name=\"twitter:card\" content=\"summary_large_image\" \/>\n<meta name=\"twitter:label1\" content=\"Verfasst von\" \/>\n\t<meta name=\"twitter:data1\" content=\"ludom\" \/>\n\t<meta name=\"twitter:label2\" content=\"Gesch\u00e4tzte Lesezeit\" \/>\n\t<meta name=\"twitter:data2\" content=\"4\u00a0Minuten\" \/>\n<script type=\"application\/ld+json\" class=\"yoast-schema-graph\">{\"@context\":\"https:\/\/schema.org\",\"@graph\":[{\"@type\":\"Article\",\"@id\":\"https:\/\/souverainete-suisse.ch\/2026\/02\/suisse-ue-le-modele-participatif-helvetique-en-sursis\/#article\",\"isPartOf\":{\"@id\":\"https:\/\/souverainete-suisse.ch\/2026\/02\/suisse-ue-le-modele-participatif-helvetique-en-sursis\/\"},\"author\":{\"name\":\"ludom\",\"@id\":\"https:\/\/souverainete-suisse.ch\/#\/schema\/person\/b25acb547faec24a94d7215216d68cbf\"},\"headline\":\"Suisse\u2013UE : le mod\u00e8le participatif helv\u00e9tique en sursis?\",\"datePublished\":\"2026-02-19T08:58:47+00:00\",\"dateModified\":\"2026-02-19T12:48:38+00:00\",\"mainEntityOfPage\":{\"@id\":\"https:\/\/souverainete-suisse.ch\/2026\/02\/suisse-ue-le-modele-participatif-helvetique-en-sursis\/\"},\"wordCount\":876,\"publisher\":{\"@id\":\"https:\/\/souverainete-suisse.ch\/#organization\"},\"image\":{\"@id\":\"https:\/\/souverainete-suisse.ch\/2026\/02\/suisse-ue-le-modele-participatif-helvetique-en-sursis\/#primaryimage\"},\"thumbnailUrl\":\"https:\/\/souverainete-suisse.ch\/wp-content\/uploads\/2026\/02\/wolfgang.jpg\",\"articleSection\":[\"Politique int\u00e9rieure\",\"UE\"],\"inLanguage\":\"de\"},{\"@type\":\"WebPage\",\"@id\":\"https:\/\/souverainete-suisse.ch\/2026\/02\/suisse-ue-le-modele-participatif-helvetique-en-sursis\/\",\"url\":\"https:\/\/souverainete-suisse.ch\/2026\/02\/suisse-ue-le-modele-participatif-helvetique-en-sursis\/\",\"name\":\"Suisse\u2013UE : le mod\u00e8le participatif helv\u00e9tique en sursis? - Mouvement Souverainet\u00e9 Suisse\",\"isPartOf\":{\"@id\":\"https:\/\/souverainete-suisse.ch\/#website\"},\"primaryImageOfPage\":{\"@id\":\"https:\/\/souverainete-suisse.ch\/2026\/02\/suisse-ue-le-modele-participatif-helvetique-en-sursis\/#primaryimage\"},\"image\":{\"@id\":\"https:\/\/souverainete-suisse.ch\/2026\/02\/suisse-ue-le-modele-participatif-helvetique-en-sursis\/#primaryimage\"},\"thumbnailUrl\":\"https:\/\/souverainete-suisse.ch\/wp-content\/uploads\/2026\/02\/wolfgang.jpg\",\"datePublished\":\"2026-02-19T08:58:47+00:00\",\"dateModified\":\"2026-02-19T12:48:38+00:00\",\"description\":\"Accords Suisse-UE 2024 : Wolfgang Reitzle (Die Weltwoche, 15.02.2026) alerte sur un risque syst\u00e9mique. Alignement dynamique du droit, r\u00f4le de la CJUE, primaut\u00e9 normative, bureaucratie et impact sur la d\u00e9mocratie directe et les PME. Analyse institutionnelle et enjeux pour la souverainet\u00e9 suisse\",\"breadcrumb\":{\"@id\":\"https:\/\/souverainete-suisse.ch\/2026\/02\/suisse-ue-le-modele-participatif-helvetique-en-sursis\/#breadcrumb\"},\"inLanguage\":\"de\",\"potentialAction\":[{\"@type\":\"ReadAction\",\"target\":[\"https:\/\/souverainete-suisse.ch\/2026\/02\/suisse-ue-le-modele-participatif-helvetique-en-sursis\/\"]}]},{\"@type\":\"ImageObject\",\"inLanguage\":\"de\",\"@id\":\"https:\/\/souverainete-suisse.ch\/2026\/02\/suisse-ue-le-modele-participatif-helvetique-en-sursis\/#primaryimage\",\"url\":\"https:\/\/souverainete-suisse.ch\/wp-content\/uploads\/2026\/02\/wolfgang.jpg\",\"contentUrl\":\"https:\/\/souverainete-suisse.ch\/wp-content\/uploads\/2026\/02\/wolfgang.jpg\",\"width\":900,\"height\":600},{\"@type\":\"BreadcrumbList\",\"@id\":\"https:\/\/souverainete-suisse.ch\/2026\/02\/suisse-ue-le-modele-participatif-helvetique-en-sursis\/#breadcrumb\",\"itemListElement\":[{\"@type\":\"ListItem\",\"position\":1,\"name\":\"Accueil\",\"item\":\"https:\/\/souverainete-suisse.ch\/\"},{\"@type\":\"ListItem\",\"position\":2,\"name\":\"Suisse\u2013UE : le mod\u00e8le participatif helv\u00e9tique en sursis?\"}]},{\"@type\":\"WebSite\",\"@id\":\"https:\/\/souverainete-suisse.ch\/#website\",\"url\":\"https:\/\/souverainete-suisse.ch\/\",\"name\":\"Mouvement Souverainet\u00e9 Suisse\",\"description\":\"\",\"publisher\":{\"@id\":\"https:\/\/souverainete-suisse.ch\/#organization\"},\"potentialAction\":[{\"@type\":\"SearchAction\",\"target\":{\"@type\":\"EntryPoint\",\"urlTemplate\":\"https:\/\/souverainete-suisse.ch\/?s={search_term_string}\"},\"query-input\":{\"@type\":\"PropertyValueSpecification\",\"valueRequired\":true,\"valueName\":\"search_term_string\"}}],\"inLanguage\":\"de\"},{\"@type\":\"Organization\",\"@id\":\"https:\/\/souverainete-suisse.ch\/#organization\",\"name\":\"Mouvement Souverainet\u00e9 Suisse\",\"url\":\"https:\/\/souverainete-suisse.ch\/\",\"logo\":{\"@type\":\"ImageObject\",\"inLanguage\":\"de\",\"@id\":\"https:\/\/souverainete-suisse.ch\/#\/schema\/logo\/image\/\",\"url\":\"https:\/\/souverainete-suisse.ch\/wp-content\/uploads\/2025\/11\/logo.png\",\"contentUrl\":\"https:\/\/souverainete-suisse.ch\/wp-content\/uploads\/2025\/11\/logo.png\",\"width\":2053,\"height\":1461,\"caption\":\"Mouvement Souverainet\u00e9 Suisse\"},\"image\":{\"@id\":\"https:\/\/souverainete-suisse.ch\/#\/schema\/logo\/image\/\"}},{\"@type\":\"Person\",\"@id\":\"https:\/\/souverainete-suisse.ch\/#\/schema\/person\/b25acb547faec24a94d7215216d68cbf\",\"name\":\"ludom\",\"image\":{\"@type\":\"ImageObject\",\"inLanguage\":\"de\",\"@id\":\"https:\/\/souverainete-suisse.ch\/#\/schema\/person\/image\/\",\"url\":\"https:\/\/secure.gravatar.com\/avatar\/77b40fd8e49e537abcea7487b290688ce92143c3443b1d3f419149c67282ffb4?s=96&d=mm&r=g\",\"contentUrl\":\"https:\/\/secure.gravatar.com\/avatar\/77b40fd8e49e537abcea7487b290688ce92143c3443b1d3f419149c67282ffb4?s=96&d=mm&r=g\",\"caption\":\"ludom\"},\"url\":\"http:\/\/souverainete-suisse.ch\/de\/author\/ludom\/\"}]}<\/script>\n<!-- \/ Yoast SEO plugin. -->","yoast_head_json":{"title":"Schweiz-EU: Das partizipative Modell der Schweiz auf Bew\u00e4hrung? - Bewegung Souver\u00e4ne Schweiz","description":"Abkommen Schweiz-EU 2024: Wolfgang Reitzle (Die Weltwoche, 15.02.2026) warnt vor einem systemischen Risiko. Dynamische Rechtsangleichung, Rolle des EuGH, normativer Vorrang, B\u00fcrokratie und Auswirkungen auf die direkte Demokratie und die KMU. Institutionelle Analyse und Herausforderungen f\u00fcr die Schweizer Souver\u00e4nit\u00e4t","robots":{"index":"index","follow":"follow","max-snippet":"max-snippet:-1","max-image-preview":"max-image-preview:large","max-video-preview":"max-video-preview:-1"},"canonical":"https:\/\/souverainete-suisse.ch\/de\/2026\/02\/schweiz-eu-das-helvetische-partizipative-modell-auf-bewahrung\/","og_locale":"de_DE","og_type":"article","og_title":"Suisse\u2013UE : le mod\u00e8le participatif helv\u00e9tique en sursis? - Mouvement Souverainet\u00e9 Suisse","og_description":"Accords Suisse-UE 2024 : Wolfgang Reitzle (Die Weltwoche, 15.02.2026) alerte sur un risque syst\u00e9mique. Alignement dynamique du droit, r\u00f4le de la CJUE, primaut\u00e9 normative, bureaucratie et impact sur la d\u00e9mocratie directe et les PME. Analyse institutionnelle et enjeux pour la souverainet\u00e9 suisse","og_url":"https:\/\/souverainete-suisse.ch\/de\/2026\/02\/schweiz-eu-das-helvetische-partizipative-modell-auf-bewahrung\/","og_site_name":"Mouvement Souverainet\u00e9 Suisse","article_published_time":"2026-02-19T08:58:47+00:00","article_modified_time":"2026-02-19T12:48:38+00:00","og_image":[{"width":900,"height":600,"url":"https:\/\/souverainete-suisse.ch\/wp-content\/uploads\/2026\/02\/wolfgang.jpg","type":"image\/jpeg"}],"author":"ludom","twitter_card":"summary_large_image","twitter_misc":{"Verfasst von":"ludom","Gesch\u00e4tzte Lesezeit":"4\u00a0Minuten"},"schema":{"@context":"https:\/\/schema.org","@graph":[{"@type":"Article","@id":"https:\/\/souverainete-suisse.ch\/2026\/02\/suisse-ue-le-modele-participatif-helvetique-en-sursis\/#article","isPartOf":{"@id":"https:\/\/souverainete-suisse.ch\/2026\/02\/suisse-ue-le-modele-participatif-helvetique-en-sursis\/"},"author":{"name":"ludom","@id":"https:\/\/souverainete-suisse.ch\/#\/schema\/person\/b25acb547faec24a94d7215216d68cbf"},"headline":"Suisse\u2013UE : le mod\u00e8le participatif helv\u00e9tique en sursis?","datePublished":"2026-02-19T08:58:47+00:00","dateModified":"2026-02-19T12:48:38+00:00","mainEntityOfPage":{"@id":"https:\/\/souverainete-suisse.ch\/2026\/02\/suisse-ue-le-modele-participatif-helvetique-en-sursis\/"},"wordCount":876,"publisher":{"@id":"https:\/\/souverainete-suisse.ch\/#organization"},"image":{"@id":"https:\/\/souverainete-suisse.ch\/2026\/02\/suisse-ue-le-modele-participatif-helvetique-en-sursis\/#primaryimage"},"thumbnailUrl":"https:\/\/souverainete-suisse.ch\/wp-content\/uploads\/2026\/02\/wolfgang.jpg","articleSection":["Politique int\u00e9rieure","UE"],"inLanguage":"de"},{"@type":"WebPage","@id":"https:\/\/souverainete-suisse.ch\/2026\/02\/suisse-ue-le-modele-participatif-helvetique-en-sursis\/","url":"https:\/\/souverainete-suisse.ch\/2026\/02\/suisse-ue-le-modele-participatif-helvetique-en-sursis\/","name":"Schweiz-EU: Das partizipative Modell der Schweiz auf Bew\u00e4hrung? - Bewegung Souver\u00e4ne Schweiz","isPartOf":{"@id":"https:\/\/souverainete-suisse.ch\/#website"},"primaryImageOfPage":{"@id":"https:\/\/souverainete-suisse.ch\/2026\/02\/suisse-ue-le-modele-participatif-helvetique-en-sursis\/#primaryimage"},"image":{"@id":"https:\/\/souverainete-suisse.ch\/2026\/02\/suisse-ue-le-modele-participatif-helvetique-en-sursis\/#primaryimage"},"thumbnailUrl":"https:\/\/souverainete-suisse.ch\/wp-content\/uploads\/2026\/02\/wolfgang.jpg","datePublished":"2026-02-19T08:58:47+00:00","dateModified":"2026-02-19T12:48:38+00:00","description":"Abkommen Schweiz-EU 2024: Wolfgang Reitzle (Die Weltwoche, 15.02.2026) warnt vor einem systemischen Risiko. Dynamische Rechtsangleichung, Rolle des EuGH, normativer Vorrang, B\u00fcrokratie und Auswirkungen auf die direkte Demokratie und die KMU. Institutionelle Analyse und Herausforderungen f\u00fcr die Schweizer Souver\u00e4nit\u00e4t","breadcrumb":{"@id":"https:\/\/souverainete-suisse.ch\/2026\/02\/suisse-ue-le-modele-participatif-helvetique-en-sursis\/#breadcrumb"},"inLanguage":"de","potentialAction":[{"@type":"ReadAction","target":["https:\/\/souverainete-suisse.ch\/2026\/02\/suisse-ue-le-modele-participatif-helvetique-en-sursis\/"]}]},{"@type":"ImageObject","inLanguage":"de","@id":"https:\/\/souverainete-suisse.ch\/2026\/02\/suisse-ue-le-modele-participatif-helvetique-en-sursis\/#primaryimage","url":"https:\/\/souverainete-suisse.ch\/wp-content\/uploads\/2026\/02\/wolfgang.jpg","contentUrl":"https:\/\/souverainete-suisse.ch\/wp-content\/uploads\/2026\/02\/wolfgang.jpg","width":900,"height":600},{"@type":"BreadcrumbList","@id":"https:\/\/souverainete-suisse.ch\/2026\/02\/suisse-ue-le-modele-participatif-helvetique-en-sursis\/#breadcrumb","itemListElement":[{"@type":"ListItem","position":1,"name":"Accueil","item":"https:\/\/souverainete-suisse.ch\/"},{"@type":"ListItem","position":2,"name":"Suisse\u2013UE : le mod\u00e8le participatif helv\u00e9tique en sursis?"}]},{"@type":"WebSite","@id":"https:\/\/souverainete-suisse.ch\/#website","url":"https:\/\/souverainete-suisse.ch\/","name":"Bewegung Souver\u00e4ne Schweiz","description":"","publisher":{"@id":"https:\/\/souverainete-suisse.ch\/#organization"},"potentialAction":[{"@type":"SearchAction","target":{"@type":"EntryPoint","urlTemplate":"https:\/\/souverainete-suisse.ch\/?s={search_term_string}"},"query-input":{"@type":"PropertyValueSpecification","valueRequired":true,"valueName":"search_term_string"}}],"inLanguage":"de"},{"@type":"Organization","@id":"https:\/\/souverainete-suisse.ch\/#organization","name":"Bewegung Souver\u00e4ne Schweiz","url":"https:\/\/souverainete-suisse.ch\/","logo":{"@type":"ImageObject","inLanguage":"de","@id":"https:\/\/souverainete-suisse.ch\/#\/schema\/logo\/image\/","url":"https:\/\/souverainete-suisse.ch\/wp-content\/uploads\/2025\/11\/logo.png","contentUrl":"https:\/\/souverainete-suisse.ch\/wp-content\/uploads\/2025\/11\/logo.png","width":2053,"height":1461,"caption":"Mouvement Souverainet\u00e9 Suisse"},"image":{"@id":"https:\/\/souverainete-suisse.ch\/#\/schema\/logo\/image\/"}},{"@type":"Person","@id":"https:\/\/souverainete-suisse.ch\/#\/schema\/person\/b25acb547faec24a94d7215216d68cbf","name":"ludom","image":{"@type":"ImageObject","inLanguage":"de","@id":"https:\/\/souverainete-suisse.ch\/#\/schema\/person\/image\/","url":"https:\/\/secure.gravatar.com\/avatar\/77b40fd8e49e537abcea7487b290688ce92143c3443b1d3f419149c67282ffb4?s=96&d=mm&r=g","contentUrl":"https:\/\/secure.gravatar.com\/avatar\/77b40fd8e49e537abcea7487b290688ce92143c3443b1d3f419149c67282ffb4?s=96&d=mm&r=g","caption":"ludom"},"url":"http:\/\/souverainete-suisse.ch\/de\/author\/ludom\/"}]}},"_links":{"self":[{"href":"http:\/\/souverainete-suisse.ch\/de\/wp-json\/wp\/v2\/posts\/902","targetHints":{"allow":["GET"]}}],"collection":[{"href":"http:\/\/souverainete-suisse.ch\/de\/wp-json\/wp\/v2\/posts"}],"about":[{"href":"http:\/\/souverainete-suisse.ch\/de\/wp-json\/wp\/v2\/types\/post"}],"author":[{"embeddable":true,"href":"http:\/\/souverainete-suisse.ch\/de\/wp-json\/wp\/v2\/users\/2"}],"replies":[{"embeddable":true,"href":"http:\/\/souverainete-suisse.ch\/de\/wp-json\/wp\/v2\/comments?post=902"}],"version-history":[{"count":3,"href":"http:\/\/souverainete-suisse.ch\/de\/wp-json\/wp\/v2\/posts\/902\/revisions"}],"predecessor-version":[{"id":906,"href":"http:\/\/souverainete-suisse.ch\/de\/wp-json\/wp\/v2\/posts\/902\/revisions\/906"}],"wp:featuredmedia":[{"embeddable":true,"href":"http:\/\/souverainete-suisse.ch\/de\/wp-json\/wp\/v2\/media\/903"}],"wp:attachment":[{"href":"http:\/\/souverainete-suisse.ch\/de\/wp-json\/wp\/v2\/media?parent=902"}],"wp:term":[{"taxonomy":"category","embeddable":true,"href":"http:\/\/souverainete-suisse.ch\/de\/wp-json\/wp\/v2\/categories?post=902"},{"taxonomy":"post_tag","embeddable":true,"href":"http:\/\/souverainete-suisse.ch\/de\/wp-json\/wp\/v2\/tags?post=902"}],"curies":[{"name":"wp","href":"https:\/\/api.w.org\/{rel}","templated":true}]}}