{"id":895,"date":"2026-02-18T16:24:51","date_gmt":"2026-02-18T15:24:51","guid":{"rendered":"https:\/\/souverainete-suisse.ch\/?p=895"},"modified":"2026-02-18T16:24:51","modified_gmt":"2026-02-18T15:24:51","slug":"rahmenabkommen-eu-schweiz-eine-als-pragmatismus-getarnte-wirtschaftliche-kapitulation","status":"publish","type":"post","link":"http:\/\/souverainete-suisse.ch\/de\/2026\/02\/rahmenabkommen-eu-schweiz-eine-als-pragmatismus-getarnte-wirtschaftliche-kapitulation\/","title":{"rendered":"Rahmenabkommen zwischen der EU und der Schweiz: eine als Pragmatismus getarnte wirtschaftliche Kapitulation"},"content":{"rendered":"<p><em>Wir werden aufgefordert, unsere rechtliche Souver\u00e4nit\u00e4t f\u00fcr einen wirtschaftlichen Gewinn aufzugeben, der ... nicht vorhanden ist.<\/em><br \/>\n<em>Unter dem beruhigenden Etikett \u2019bilaterale Abkommen\u00ab bietet die EU der Schweiz eine einseitige Anpassung an ihre Normen an, obwohl wir j\u00e4hrlich ein Handelsdefizit von 25 Milliarden Euro mit Br\u00fcssel haben. Mit anderen Worten: Wir sind Kunden - und werden dennoch aufgefordert, uns zu unterwerfen. Schlimmer noch: Selbst die Bef\u00fcrworter des Abkommens geben zu, dass die wirtschaftlichen Auswirkungen marginal w\u00e4ren, praktisch gleich null. Eine Frage dr\u00e4ngt sich also auf: Warum so viel nachgeben... f\u00fcr so wenig?<\/em><\/p>\n<p id=\"ember5688\" class=\"ember-view reader-text-block__paragraph\">Es wird weiterhin als \u00abbilaterale Abkommen\u00bb bezeichnet.<\/p>\n<p id=\"ember5689\" class=\"ember-view reader-text-block__paragraph\">Das ist eine politische L\u00fcge.<\/p>\n<p id=\"ember5690\" class=\"ember-view reader-text-block__paragraph\">Das Rahmenabkommen zwischen der EU und der Schweiz ist weder bilateral, noch ausgewogen, noch f\u00fcr beide Seiten von Vorteil.<\/p>\n<p id=\"ember5691\" class=\"ember-view reader-text-block__paragraph\">Es ist ein <strong>Vereinbarung \u00fcber den Beitritt durch Standards<\/strong>, Die Regierung hat eine schrittweise rechtliche Unterwerfung vorgenommen, die als technische Zusammenarbeit getarnt wurde, um die demokratische Debatte zu entwaffnen.<\/p>\n<p id=\"ember5692\" class=\"ember-view reader-text-block__paragraph\">Hinter den beruhigenden Worten - <em>Stabilit\u00e4t<\/em>, <em>Rechtssicherheit<\/em>, <em>Marktzugang<\/em> - verbirgt sich eine kalte Realit\u00e4t : <strong>die Schweiz gibt viel, ohne etwas zu bekommen<\/strong>.<\/p>\n<h3 id=\"ember5693\" class=\"ember-view reader-text-block__heading-3\">1. Eine Wahrheit, die niemand anschauen will: Die Schweiz ist EU-Kunde<\/h3>\n<p id=\"ember5694\" class=\"ember-view reader-text-block__paragraph\">Die Zahlen sind eindeutig.<\/p>\n<p id=\"ember5695\" class=\"ember-view reader-text-block__paragraph\">\u2b95 <strong>J\u00e4hrliches Handelsdefizit mit der EU: ~25 Mrd. CHF<\/strong><\/p>\n<p id=\"ember5696\" class=\"ember-view reader-text-block__paragraph\">\u2b95 <strong>\u00dcber zehn Jahre: ~250 Milliarden CHF nach Br\u00fcssel transferiert<\/strong><\/p>\n<p id=\"ember5697\" class=\"ember-view reader-text-block__paragraph\">Das bedeutet eine einfache Sache: <strong>die EU ein vitales Interesse daran hat, an die Schweiz zu verkaufen<\/strong>.<\/p>\n<p id=\"ember5698\" class=\"ember-view reader-text-block__paragraph\">Wir sind ein solventer, stabiler, offener Markt - nicht umgekehrt.<\/p>\n<p id=\"ember5699\" class=\"ember-view reader-text-block__paragraph\">In jeder rationalen Verhandlung, <strong>der Kunde hat den Hebel<\/strong>.<\/p>\n<p id=\"ember5700\" class=\"ember-view reader-text-block__paragraph\">Hier verh\u00e4lt sich die Schweiz jedoch wie ein Bittsteller, der bereit ist, seine rechtliche Autonomie aufzugeben, um den Zugang zu behalten... den sie bereits sehr teuer bezahlt.<\/p>\n<h3 id=\"ember5701\" class=\"ember-view reader-text-block__heading-3\">2. Die Fata Morgana der Exporte: Selbst Bef\u00fcrworter geben die Bedeutungslosigkeit zu<\/h3>\n<p id=\"ember5702\" class=\"ember-view reader-text-block__paragraph\">Selbst die Bef\u00fcrworter des Abkommens r\u00e4umen die Schw\u00e4che des wirtschaftlichen Arguments ein.<\/p>\n<p id=\"ember5703\" class=\"ember-view reader-text-block__paragraph\">Laut <strong>economiesuisse<\/strong>, Das Rahmenabkommen w\u00fcrde eine Steigerung der Schweizer Exporte in die EU von :<\/p>\n<p id=\"ember5704\" class=\"ember-view reader-text-block__paragraph\">\u2b95 <strong>500 Millionen CHF pro Jahr<\/strong><\/p>\n<p id=\"ember5705\" class=\"ember-view reader-text-block__paragraph\">Bezogen auf unsere derzeitigen Exporte in die EU bedeutet dies :<\/p>\n<p id=\"ember5706\" class=\"ember-view reader-text-block__paragraph\">\u2b95 <strong>etwa +0,3%<\/strong><\/p>\n<p id=\"ember5707\" class=\"ember-view reader-text-block__paragraph\">Anders formuliert: <strong>statistisch vernachl\u00e4ssigbar<\/strong>.<\/p>\n<p id=\"ember5708\" class=\"ember-view reader-text-block__paragraph\">Ein makro\u00f6konomisches Hintergrundrauschen, das als Vorwand f\u00fcr einen gr\u00f6\u00dferen Strukturwandel unserer Rechtsordnung benutzt wird.<\/p>\n<p id=\"ember5709\" class=\"ember-view reader-text-block__paragraph\">Die Souver\u00e4nit\u00e4t des Rechts abtreten, um <strong>0,3% hypothetische Exporte<\/strong> ist kein Pragmatismus.<\/p>\n<p id=\"ember5710\" class=\"ember-view reader-text-block__paragraph\">Dies ist ein Fehler in der Regierungsf\u00fchrung.<\/p>\n<h3 id=\"ember5711\" class=\"ember-view reader-text-block__heading-3\">3. Nichts Bilaterales: Einer richtet sich aus, der andere entscheidet<\/h3>\n<p id=\"ember5712\" class=\"ember-view reader-text-block__paragraph\">Die Rahmenvereinbarung f\u00fchrt :<\/p>\n<ul>\n<li>l\u2019<strong>dynamische Ausrichtung<\/strong> zum europ\u00e4ischen Recht<\/li>\n<li>l\u2019<strong>Letztg\u00fcltige Auslegung durch den EU-Gerichtshof<\/strong><\/li>\n<li>der <strong>automatische Sanktionen<\/strong> im Falle einer schweizerischen Divergenz<\/li>\n<\/ul>\n<p id=\"ember5714\" class=\"ember-view reader-text-block__paragraph\">Die EU beh\u00e4lt ihr souver\u00e4nes Recht, Gesetze zu erlassen.<\/p>\n<p id=\"ember5715\" class=\"ember-view reader-text-block__paragraph\">Die Schweiz hingegen wird <strong>Taker-Norm<\/strong>, Die Kommission hat das Recht, die Entscheidung des Rates zu \u00e4ndern, ohne Mitbestimmungsrecht.<\/p>\n<p id=\"ember5716\" class=\"ember-view reader-text-block__paragraph\">Dies als \u00abbilateral\u00bb zu bezeichnen, ist eine semantische Manipulation.<\/p>\n<blockquote id=\"ember5717\" class=\"ember-view reader-text-block__blockquote\"><p>\u00ab Wenn nur eine Partei die Regeln schreibt, ist das keine Partnerschaft. Es ist eine Unterordnung\u00bb.\u00bb<\/p><\/blockquote>\n<h3 id=\"ember5718\" class=\"ember-view reader-text-block__heading-3\">4. Keine wirtschaftlichen Vorteile, aber massive politische Kosten<\/h3>\n<p id=\"ember5719\" class=\"ember-view reader-text-block__paragraph\">Was das Rahmenabkommen <strong>bringt nicht<\/strong> :<\/p>\n<ul>\n<li>kein signifikanter neuer Marktzugang<\/li>\n<li>kein Exportboom<\/li>\n<li>kein Schutz von KMU<\/li>\n<li>keine messbare wirtschaftliche Sicherheit<\/li>\n<\/ul>\n<p id=\"ember5721\" class=\"ember-view reader-text-block__paragraph\">Was er <strong>setzt durch<\/strong> :<\/p>\n<ul>\n<li>eine dauerhafte \u00dcbertragung von Souver\u00e4nit\u00e4t<\/li>\n<li>eine demokratische Unsicherheit (das Recht wird bei uns nicht mehr entschieden)<\/li>\n<li>eine irreversible strukturelle Abh\u00e4ngigkeit<\/li>\n<\/ul>\n<p id=\"ember5723\" class=\"ember-view reader-text-block__paragraph\">Wirtschaftlich nutzlos.<\/p>\n<p id=\"ember5724\" class=\"ember-view reader-text-block__paragraph\">Politisch gef\u00e4hrlich.<\/p>\n<h3 id=\"ember5725\" class=\"ember-view reader-text-block__heading-3\">Fazit: Das ist keine Einigung, das ist ein Verzicht<\/h3>\n<p id=\"ember5726\" class=\"ember-view reader-text-block__paragraph\">Ein Land, das anzeigt <strong>250 Milliarden Handelsdefizit in zehn Jahren<\/strong> hat keinen Grund, sich hinzuknien.<\/p>\n<p id=\"ember5727\" class=\"ember-view reader-text-block__paragraph\">Ein wohlhabendes Land tauscht seine rechtliche Autonomie nicht gegen <strong>0,3% Phantasieexporte<\/strong>.<\/p>\n<p id=\"ember5728\" class=\"ember-view reader-text-block__paragraph\">Ein souver\u00e4nes Land delegiert sein Recht nicht, um sich den Regulierungsfrieden zu erkaufen.<\/p>\n<p id=\"ember5729\" class=\"ember-view reader-text-block__paragraph\">Das Rahmenabkommen zwischen der EU und der Schweiz ist keine wirtschaftliche Notwendigkeit.<\/p>\n<p id=\"ember5730\" class=\"ember-view reader-text-block__paragraph\">Es ist ein <strong>ideologische Entscheidung<\/strong>, Die Regierung des Vereinigten K\u00f6nigreichs hat eine Reihe von Ma\u00dfnahmen ergriffen, die den materiellen Interessen des Landes zuwiderlaufen.<\/p>\n<p id=\"ember5731\" class=\"ember-view reader-text-block__paragraph\">Die Schweiz muss sich nicht angleichen.<\/p>\n<p id=\"ember5732\" class=\"ember-view reader-text-block__paragraph\">Sie braucht <strong>einander respektieren<\/strong>.<\/p>\n<p id=\"ember5733\" class=\"ember-view reader-text-block__paragraph\"><strong>\ud83c\udde8\ud83c\udded Ohne Finanzierung gibt es keinen Widerstand. Unterst\u00fctzen Sie Schweizer Souver\u00e4nit\u00e4t jetzt : <\/strong><a class=\"dvaKskWXEZwsWlxeXUiKkOExWeTVfOhyT\" tabindex=\"0\" href=\"https:\/\/souverainete-suisse.ch\/de\/eine-spende-machen\/\" target=\"_self\" data-test-app-aware-link=\"\"><strong>https:\/\/souverainete-suisse.ch\/faire-un-don\/<\/strong><\/a><\/p>\n<p id=\"ember5734\" class=\"ember-view reader-text-block__paragraph\"><strong>Was die Medien verschweigen, analysieren wir. Was Bern verhandelt, nehmen wir auseinander. Besuchen Sie jetzt unser Hauptquartier auf Telegram:<\/strong> <a class=\"dvaKskWXEZwsWlxeXUiKkOExWeTVfOhyT\" tabindex=\"0\" href=\"https:\/\/t.me\/schweizersouveranitat\" target=\"_self\" data-test-app-aware-link=\"\"><strong>https:\/\/t.me\/schweizersouveranitat<\/strong><\/a><\/p>\n<p>&nbsp;<\/p>","protected":false},"excerpt":{"rendered":"<p>On nous demande d\u2019abandonner notre souverainet\u00e9 juridique pour un gain \u00e9conomique\u2026 inexistant. Sous l\u2019\u00e9tiquette rassurante d\u2019\u00ab accords bilat\u00e9raux \u00bb, l\u2019UE propose \u00e0 la Suisse un alignement unilat\u00e9ral sur ses normes, alors m\u00eame que nous accusons 25 milliards de d\u00e9ficit commercial par an avec Bruxelles. Autrement dit : nous sommes clients \u2014 et pourtant somm\u00e9s de [&hellip;]<\/p>\n","protected":false},"author":2,"featured_media":897,"comment_status":"closed","ping_status":"closed","sticky":false,"template":"","format":"standard","meta":{"footnotes":""},"categories":[8,11],"tags":[],"class_list":["post-895","post","type-post","status-publish","format-standard","has-post-thumbnail","hentry","category-politique-interieure","category-ue"],"yoast_head":"<!-- This site is optimized with the Yoast SEO plugin v26.9 - https:\/\/yoast.com\/product\/yoast-seo-wordpress\/ -->\n<title>Accord cadre UE\u2013Suisse : une capitulation \u00e9conomique d\u00e9guis\u00e9e en pragmatisme - Mouvement Souverainet\u00e9 Suisse<\/title>\n<meta name=\"description\" content=\"Accord UE\u2013Suisse : derri\u00e8re le mot \u00ab bilat\u00e9ral \u00bb se cache un alignement juridique unilat\u00e9ral. D\u00e9ficit commercial de 25 milliards CHF\/an, gain estim\u00e9 \u00e0 +0,3% d\u2019exportations : un co\u00fbt politique majeur pour un b\u00e9n\u00e9fice \u00e9conomique marginal. Analyse souverainiste et enjeux d\u00e9mocratiques\" \/>\n<meta name=\"robots\" content=\"index, follow, max-snippet:-1, max-image-preview:large, max-video-preview:-1\" \/>\n<link rel=\"canonical\" href=\"https:\/\/souverainete-suisse.ch\/de\/2026\/02\/rahmenabkommen-eu-schweiz-eine-als-pragmatismus-getarnte-wirtschaftliche-kapitulation\/\" \/>\n<meta property=\"og:locale\" content=\"de_DE\" \/>\n<meta property=\"og:type\" content=\"article\" \/>\n<meta property=\"og:title\" content=\"Accord cadre UE\u2013Suisse : une capitulation \u00e9conomique d\u00e9guis\u00e9e en pragmatisme - Mouvement Souverainet\u00e9 Suisse\" \/>\n<meta property=\"og:description\" content=\"Accord UE\u2013Suisse : derri\u00e8re le mot \u00ab bilat\u00e9ral \u00bb se cache un alignement juridique unilat\u00e9ral. D\u00e9ficit commercial de 25 milliards CHF\/an, gain estim\u00e9 \u00e0 +0,3% d\u2019exportations : un co\u00fbt politique majeur pour un b\u00e9n\u00e9fice \u00e9conomique marginal. Analyse souverainiste et enjeux d\u00e9mocratiques\" \/>\n<meta property=\"og:url\" content=\"https:\/\/souverainete-suisse.ch\/de\/2026\/02\/rahmenabkommen-eu-schweiz-eine-als-pragmatismus-getarnte-wirtschaftliche-kapitulation\/\" \/>\n<meta property=\"og:site_name\" content=\"Mouvement Souverainet\u00e9 Suisse\" \/>\n<meta property=\"article:published_time\" content=\"2026-02-18T15:24:51+00:00\" \/>\n<meta property=\"og:image\" content=\"https:\/\/souverainete-suisse.ch\/wp-content\/uploads\/2026\/02\/UE.jpeg\" \/>\n\t<meta property=\"og:image:width\" content=\"1280\" \/>\n\t<meta property=\"og:image:height\" content=\"720\" \/>\n\t<meta property=\"og:image:type\" content=\"image\/jpeg\" \/>\n<meta name=\"author\" content=\"ludom\" \/>\n<meta name=\"twitter:card\" content=\"summary_large_image\" \/>\n<meta name=\"twitter:label1\" content=\"Verfasst von\" \/>\n\t<meta name=\"twitter:data1\" content=\"ludom\" \/>\n\t<meta name=\"twitter:label2\" content=\"Gesch\u00e4tzte Lesezeit\" \/>\n\t<meta name=\"twitter:data2\" content=\"4\u00a0Minuten\" \/>\n<script type=\"application\/ld+json\" class=\"yoast-schema-graph\">{\"@context\":\"https:\/\/schema.org\",\"@graph\":[{\"@type\":\"Article\",\"@id\":\"https:\/\/souverainete-suisse.ch\/2026\/02\/accord-cadre-ue-suisse-une-capitulation-economique-deguisee-en-pragmatisme\/#article\",\"isPartOf\":{\"@id\":\"https:\/\/souverainete-suisse.ch\/2026\/02\/accord-cadre-ue-suisse-une-capitulation-economique-deguisee-en-pragmatisme\/\"},\"author\":{\"name\":\"ludom\",\"@id\":\"https:\/\/souverainete-suisse.ch\/#\/schema\/person\/b25acb547faec24a94d7215216d68cbf\"},\"headline\":\"Accord cadre UE\u2013Suisse : une capitulation \u00e9conomique d\u00e9guis\u00e9e en pragmatisme\",\"datePublished\":\"2026-02-18T15:24:51+00:00\",\"mainEntityOfPage\":{\"@id\":\"https:\/\/souverainete-suisse.ch\/2026\/02\/accord-cadre-ue-suisse-une-capitulation-economique-deguisee-en-pragmatisme\/\"},\"wordCount\":714,\"publisher\":{\"@id\":\"https:\/\/souverainete-suisse.ch\/#organization\"},\"image\":{\"@id\":\"https:\/\/souverainete-suisse.ch\/2026\/02\/accord-cadre-ue-suisse-une-capitulation-economique-deguisee-en-pragmatisme\/#primaryimage\"},\"thumbnailUrl\":\"https:\/\/souverainete-suisse.ch\/wp-content\/uploads\/2026\/02\/UE.jpeg\",\"articleSection\":[\"Politique int\u00e9rieure\",\"UE\"],\"inLanguage\":\"de\"},{\"@type\":\"WebPage\",\"@id\":\"https:\/\/souverainete-suisse.ch\/2026\/02\/accord-cadre-ue-suisse-une-capitulation-economique-deguisee-en-pragmatisme\/\",\"url\":\"https:\/\/souverainete-suisse.ch\/2026\/02\/accord-cadre-ue-suisse-une-capitulation-economique-deguisee-en-pragmatisme\/\",\"name\":\"Accord cadre UE\u2013Suisse : une capitulation \u00e9conomique d\u00e9guis\u00e9e en pragmatisme - Mouvement Souverainet\u00e9 Suisse\",\"isPartOf\":{\"@id\":\"https:\/\/souverainete-suisse.ch\/#website\"},\"primaryImageOfPage\":{\"@id\":\"https:\/\/souverainete-suisse.ch\/2026\/02\/accord-cadre-ue-suisse-une-capitulation-economique-deguisee-en-pragmatisme\/#primaryimage\"},\"image\":{\"@id\":\"https:\/\/souverainete-suisse.ch\/2026\/02\/accord-cadre-ue-suisse-une-capitulation-economique-deguisee-en-pragmatisme\/#primaryimage\"},\"thumbnailUrl\":\"https:\/\/souverainete-suisse.ch\/wp-content\/uploads\/2026\/02\/UE.jpeg\",\"datePublished\":\"2026-02-18T15:24:51+00:00\",\"description\":\"Accord UE\u2013Suisse : derri\u00e8re le mot \u00ab bilat\u00e9ral \u00bb se cache un alignement juridique unilat\u00e9ral. D\u00e9ficit commercial de 25 milliards CHF\/an, gain estim\u00e9 \u00e0 +0,3% d\u2019exportations : un co\u00fbt politique majeur pour un b\u00e9n\u00e9fice \u00e9conomique marginal. Analyse souverainiste et enjeux d\u00e9mocratiques\",\"breadcrumb\":{\"@id\":\"https:\/\/souverainete-suisse.ch\/2026\/02\/accord-cadre-ue-suisse-une-capitulation-economique-deguisee-en-pragmatisme\/#breadcrumb\"},\"inLanguage\":\"de\",\"potentialAction\":[{\"@type\":\"ReadAction\",\"target\":[\"https:\/\/souverainete-suisse.ch\/2026\/02\/accord-cadre-ue-suisse-une-capitulation-economique-deguisee-en-pragmatisme\/\"]}]},{\"@type\":\"ImageObject\",\"inLanguage\":\"de\",\"@id\":\"https:\/\/souverainete-suisse.ch\/2026\/02\/accord-cadre-ue-suisse-une-capitulation-economique-deguisee-en-pragmatisme\/#primaryimage\",\"url\":\"https:\/\/souverainete-suisse.ch\/wp-content\/uploads\/2026\/02\/UE.jpeg\",\"contentUrl\":\"https:\/\/souverainete-suisse.ch\/wp-content\/uploads\/2026\/02\/UE.jpeg\",\"width\":1280,\"height\":720},{\"@type\":\"BreadcrumbList\",\"@id\":\"https:\/\/souverainete-suisse.ch\/2026\/02\/accord-cadre-ue-suisse-une-capitulation-economique-deguisee-en-pragmatisme\/#breadcrumb\",\"itemListElement\":[{\"@type\":\"ListItem\",\"position\":1,\"name\":\"Accueil\",\"item\":\"https:\/\/souverainete-suisse.ch\/\"},{\"@type\":\"ListItem\",\"position\":2,\"name\":\"Accord cadre UE\u2013Suisse : une capitulation \u00e9conomique d\u00e9guis\u00e9e en pragmatisme\"}]},{\"@type\":\"WebSite\",\"@id\":\"https:\/\/souverainete-suisse.ch\/#website\",\"url\":\"https:\/\/souverainete-suisse.ch\/\",\"name\":\"Mouvement Souverainet\u00e9 Suisse\",\"description\":\"\",\"publisher\":{\"@id\":\"https:\/\/souverainete-suisse.ch\/#organization\"},\"potentialAction\":[{\"@type\":\"SearchAction\",\"target\":{\"@type\":\"EntryPoint\",\"urlTemplate\":\"https:\/\/souverainete-suisse.ch\/?s={search_term_string}\"},\"query-input\":{\"@type\":\"PropertyValueSpecification\",\"valueRequired\":true,\"valueName\":\"search_term_string\"}}],\"inLanguage\":\"de\"},{\"@type\":\"Organization\",\"@id\":\"https:\/\/souverainete-suisse.ch\/#organization\",\"name\":\"Mouvement Souverainet\u00e9 Suisse\",\"url\":\"https:\/\/souverainete-suisse.ch\/\",\"logo\":{\"@type\":\"ImageObject\",\"inLanguage\":\"de\",\"@id\":\"https:\/\/souverainete-suisse.ch\/#\/schema\/logo\/image\/\",\"url\":\"https:\/\/souverainete-suisse.ch\/wp-content\/uploads\/2025\/11\/logo.png\",\"contentUrl\":\"https:\/\/souverainete-suisse.ch\/wp-content\/uploads\/2025\/11\/logo.png\",\"width\":2053,\"height\":1461,\"caption\":\"Mouvement Souverainet\u00e9 Suisse\"},\"image\":{\"@id\":\"https:\/\/souverainete-suisse.ch\/#\/schema\/logo\/image\/\"}},{\"@type\":\"Person\",\"@id\":\"https:\/\/souverainete-suisse.ch\/#\/schema\/person\/b25acb547faec24a94d7215216d68cbf\",\"name\":\"ludom\",\"image\":{\"@type\":\"ImageObject\",\"inLanguage\":\"de\",\"@id\":\"https:\/\/souverainete-suisse.ch\/#\/schema\/person\/image\/\",\"url\":\"https:\/\/secure.gravatar.com\/avatar\/77b40fd8e49e537abcea7487b290688ce92143c3443b1d3f419149c67282ffb4?s=96&d=mm&r=g\",\"contentUrl\":\"https:\/\/secure.gravatar.com\/avatar\/77b40fd8e49e537abcea7487b290688ce92143c3443b1d3f419149c67282ffb4?s=96&d=mm&r=g\",\"caption\":\"ludom\"},\"url\":\"http:\/\/souverainete-suisse.ch\/de\/author\/ludom\/\"}]}<\/script>\n<!-- \/ Yoast SEO plugin. -->","yoast_head_json":{"title":"Rahmenabkommen EU-Schweiz: Eine als Pragmatismus getarnte wirtschaftliche Kapitulation - Bewegung Souver\u00e4ne Schweiz","description":"Abkommen zwischen der EU und der Schweiz: Hinter dem Wort \u00abbilateral\u00bb verbirgt sich eine einseitige Rechtsangleichung. Handelsdefizit von 25 Milliarden CHF\/Jahr, gesch\u00e4tzter Exportgewinn von +0,3%: gro\u00dfe politische Kosten f\u00fcr einen marginalen wirtschaftlichen Nutzen. Souver\u00e4nistische Analyse und demokratische Herausforderungen","robots":{"index":"index","follow":"follow","max-snippet":"max-snippet:-1","max-image-preview":"max-image-preview:large","max-video-preview":"max-video-preview:-1"},"canonical":"https:\/\/souverainete-suisse.ch\/de\/2026\/02\/rahmenabkommen-eu-schweiz-eine-als-pragmatismus-getarnte-wirtschaftliche-kapitulation\/","og_locale":"de_DE","og_type":"article","og_title":"Accord cadre UE\u2013Suisse : une capitulation \u00e9conomique d\u00e9guis\u00e9e en pragmatisme - Mouvement Souverainet\u00e9 Suisse","og_description":"Accord UE\u2013Suisse : derri\u00e8re le mot \u00ab bilat\u00e9ral \u00bb se cache un alignement juridique unilat\u00e9ral. D\u00e9ficit commercial de 25 milliards CHF\/an, gain estim\u00e9 \u00e0 +0,3% d\u2019exportations : un co\u00fbt politique majeur pour un b\u00e9n\u00e9fice \u00e9conomique marginal. Analyse souverainiste et enjeux d\u00e9mocratiques","og_url":"https:\/\/souverainete-suisse.ch\/de\/2026\/02\/rahmenabkommen-eu-schweiz-eine-als-pragmatismus-getarnte-wirtschaftliche-kapitulation\/","og_site_name":"Mouvement Souverainet\u00e9 Suisse","article_published_time":"2026-02-18T15:24:51+00:00","og_image":[{"width":1280,"height":720,"url":"https:\/\/souverainete-suisse.ch\/wp-content\/uploads\/2026\/02\/UE.jpeg","type":"image\/jpeg"}],"author":"ludom","twitter_card":"summary_large_image","twitter_misc":{"Verfasst von":"ludom","Gesch\u00e4tzte Lesezeit":"4\u00a0Minuten"},"schema":{"@context":"https:\/\/schema.org","@graph":[{"@type":"Article","@id":"https:\/\/souverainete-suisse.ch\/2026\/02\/accord-cadre-ue-suisse-une-capitulation-economique-deguisee-en-pragmatisme\/#article","isPartOf":{"@id":"https:\/\/souverainete-suisse.ch\/2026\/02\/accord-cadre-ue-suisse-une-capitulation-economique-deguisee-en-pragmatisme\/"},"author":{"name":"ludom","@id":"https:\/\/souverainete-suisse.ch\/#\/schema\/person\/b25acb547faec24a94d7215216d68cbf"},"headline":"Accord cadre UE\u2013Suisse : une capitulation \u00e9conomique d\u00e9guis\u00e9e en pragmatisme","datePublished":"2026-02-18T15:24:51+00:00","mainEntityOfPage":{"@id":"https:\/\/souverainete-suisse.ch\/2026\/02\/accord-cadre-ue-suisse-une-capitulation-economique-deguisee-en-pragmatisme\/"},"wordCount":714,"publisher":{"@id":"https:\/\/souverainete-suisse.ch\/#organization"},"image":{"@id":"https:\/\/souverainete-suisse.ch\/2026\/02\/accord-cadre-ue-suisse-une-capitulation-economique-deguisee-en-pragmatisme\/#primaryimage"},"thumbnailUrl":"https:\/\/souverainete-suisse.ch\/wp-content\/uploads\/2026\/02\/UE.jpeg","articleSection":["Politique int\u00e9rieure","UE"],"inLanguage":"de"},{"@type":"WebPage","@id":"https:\/\/souverainete-suisse.ch\/2026\/02\/accord-cadre-ue-suisse-une-capitulation-economique-deguisee-en-pragmatisme\/","url":"https:\/\/souverainete-suisse.ch\/2026\/02\/accord-cadre-ue-suisse-une-capitulation-economique-deguisee-en-pragmatisme\/","name":"Rahmenabkommen EU-Schweiz: Eine als Pragmatismus getarnte wirtschaftliche Kapitulation - Bewegung Souver\u00e4ne Schweiz","isPartOf":{"@id":"https:\/\/souverainete-suisse.ch\/#website"},"primaryImageOfPage":{"@id":"https:\/\/souverainete-suisse.ch\/2026\/02\/accord-cadre-ue-suisse-une-capitulation-economique-deguisee-en-pragmatisme\/#primaryimage"},"image":{"@id":"https:\/\/souverainete-suisse.ch\/2026\/02\/accord-cadre-ue-suisse-une-capitulation-economique-deguisee-en-pragmatisme\/#primaryimage"},"thumbnailUrl":"https:\/\/souverainete-suisse.ch\/wp-content\/uploads\/2026\/02\/UE.jpeg","datePublished":"2026-02-18T15:24:51+00:00","description":"Abkommen zwischen der EU und der Schweiz: Hinter dem Wort \u00abbilateral\u00bb verbirgt sich eine einseitige Rechtsangleichung. Handelsdefizit von 25 Milliarden CHF\/Jahr, gesch\u00e4tzter Exportgewinn von +0,3%: gro\u00dfe politische Kosten f\u00fcr einen marginalen wirtschaftlichen Nutzen. Souver\u00e4nistische Analyse und demokratische Herausforderungen","breadcrumb":{"@id":"https:\/\/souverainete-suisse.ch\/2026\/02\/accord-cadre-ue-suisse-une-capitulation-economique-deguisee-en-pragmatisme\/#breadcrumb"},"inLanguage":"de","potentialAction":[{"@type":"ReadAction","target":["https:\/\/souverainete-suisse.ch\/2026\/02\/accord-cadre-ue-suisse-une-capitulation-economique-deguisee-en-pragmatisme\/"]}]},{"@type":"ImageObject","inLanguage":"de","@id":"https:\/\/souverainete-suisse.ch\/2026\/02\/accord-cadre-ue-suisse-une-capitulation-economique-deguisee-en-pragmatisme\/#primaryimage","url":"https:\/\/souverainete-suisse.ch\/wp-content\/uploads\/2026\/02\/UE.jpeg","contentUrl":"https:\/\/souverainete-suisse.ch\/wp-content\/uploads\/2026\/02\/UE.jpeg","width":1280,"height":720},{"@type":"BreadcrumbList","@id":"https:\/\/souverainete-suisse.ch\/2026\/02\/accord-cadre-ue-suisse-une-capitulation-economique-deguisee-en-pragmatisme\/#breadcrumb","itemListElement":[{"@type":"ListItem","position":1,"name":"Accueil","item":"https:\/\/souverainete-suisse.ch\/"},{"@type":"ListItem","position":2,"name":"Accord cadre UE\u2013Suisse : une capitulation \u00e9conomique d\u00e9guis\u00e9e en pragmatisme"}]},{"@type":"WebSite","@id":"https:\/\/souverainete-suisse.ch\/#website","url":"https:\/\/souverainete-suisse.ch\/","name":"Bewegung Souver\u00e4ne Schweiz","description":"","publisher":{"@id":"https:\/\/souverainete-suisse.ch\/#organization"},"potentialAction":[{"@type":"SearchAction","target":{"@type":"EntryPoint","urlTemplate":"https:\/\/souverainete-suisse.ch\/?s={search_term_string}"},"query-input":{"@type":"PropertyValueSpecification","valueRequired":true,"valueName":"search_term_string"}}],"inLanguage":"de"},{"@type":"Organization","@id":"https:\/\/souverainete-suisse.ch\/#organization","name":"Bewegung Souver\u00e4ne Schweiz","url":"https:\/\/souverainete-suisse.ch\/","logo":{"@type":"ImageObject","inLanguage":"de","@id":"https:\/\/souverainete-suisse.ch\/#\/schema\/logo\/image\/","url":"https:\/\/souverainete-suisse.ch\/wp-content\/uploads\/2025\/11\/logo.png","contentUrl":"https:\/\/souverainete-suisse.ch\/wp-content\/uploads\/2025\/11\/logo.png","width":2053,"height":1461,"caption":"Mouvement Souverainet\u00e9 Suisse"},"image":{"@id":"https:\/\/souverainete-suisse.ch\/#\/schema\/logo\/image\/"}},{"@type":"Person","@id":"https:\/\/souverainete-suisse.ch\/#\/schema\/person\/b25acb547faec24a94d7215216d68cbf","name":"ludom","image":{"@type":"ImageObject","inLanguage":"de","@id":"https:\/\/souverainete-suisse.ch\/#\/schema\/person\/image\/","url":"https:\/\/secure.gravatar.com\/avatar\/77b40fd8e49e537abcea7487b290688ce92143c3443b1d3f419149c67282ffb4?s=96&d=mm&r=g","contentUrl":"https:\/\/secure.gravatar.com\/avatar\/77b40fd8e49e537abcea7487b290688ce92143c3443b1d3f419149c67282ffb4?s=96&d=mm&r=g","caption":"ludom"},"url":"http:\/\/souverainete-suisse.ch\/de\/author\/ludom\/"}]}},"_links":{"self":[{"href":"http:\/\/souverainete-suisse.ch\/de\/wp-json\/wp\/v2\/posts\/895","targetHints":{"allow":["GET"]}}],"collection":[{"href":"http:\/\/souverainete-suisse.ch\/de\/wp-json\/wp\/v2\/posts"}],"about":[{"href":"http:\/\/souverainete-suisse.ch\/de\/wp-json\/wp\/v2\/types\/post"}],"author":[{"embeddable":true,"href":"http:\/\/souverainete-suisse.ch\/de\/wp-json\/wp\/v2\/users\/2"}],"replies":[{"embeddable":true,"href":"http:\/\/souverainete-suisse.ch\/de\/wp-json\/wp\/v2\/comments?post=895"}],"version-history":[{"count":1,"href":"http:\/\/souverainete-suisse.ch\/de\/wp-json\/wp\/v2\/posts\/895\/revisions"}],"predecessor-version":[{"id":898,"href":"http:\/\/souverainete-suisse.ch\/de\/wp-json\/wp\/v2\/posts\/895\/revisions\/898"}],"wp:featuredmedia":[{"embeddable":true,"href":"http:\/\/souverainete-suisse.ch\/de\/wp-json\/wp\/v2\/media\/897"}],"wp:attachment":[{"href":"http:\/\/souverainete-suisse.ch\/de\/wp-json\/wp\/v2\/media?parent=895"}],"wp:term":[{"taxonomy":"category","embeddable":true,"href":"http:\/\/souverainete-suisse.ch\/de\/wp-json\/wp\/v2\/categories?post=895"},{"taxonomy":"post_tag","embeddable":true,"href":"http:\/\/souverainete-suisse.ch\/de\/wp-json\/wp\/v2\/tags?post=895"}],"curies":[{"name":"wp","href":"https:\/\/api.w.org\/{rel}","templated":true}]}}