{"id":880,"date":"2026-02-15T23:01:29","date_gmt":"2026-02-15T22:01:29","guid":{"rendered":"https:\/\/souverainete-suisse.ch\/?p=880"},"modified":"2026-02-15T23:01:29","modified_gmt":"2026-02-15T22:01:29","slug":"man-hat-die-weitergabe-der-berufe-verboten-man-hat-die-handwerker-und-fachleute-isoliert","status":"publish","type":"post","link":"http:\/\/souverainete-suisse.ch\/de\/2026\/02\/man-hat-die-weitergabe-der-berufe-verboten-man-hat-die-handwerker-und-fachleute-isoliert\/","title":{"rendered":"Man hat die Weitergabe von Berufen verboten. Man hat Handwerker und Berufst\u00e4tige isoliert"},"content":{"rendered":"<p><em>Es wird von Leistung, Anpassung und Modernit\u00e4t gesprochen.<\/em><br \/>\n<em>Dennoch ist vor Ort etwas bei der Arbeit gr\u00fcndlich aus dem Lot geraten.<\/em><br \/>\n<em>Dieses Unbehagen ist nicht individuell. Es ist strukturell bedingt. Und sie verdient es, dass man ihr Aufmerksamkeit schenkt.<\/em><\/p>\n<p id=\"ember3605\" class=\"ember-view reader-text-block__paragraph\">Es wird viel \u00fcber Leistung, Wachstum und Anpassung gesprochen.<\/p>\n<p id=\"ember3606\" class=\"ember-view reader-text-block__paragraph\">Doch vor Ort taucht eine Feststellung \u00fcberall auf - bei Handwerkern, Selbstst\u00e4ndigen und qualifizierten Angestellten:<\/p>\n<p id=\"ember3607\" class=\"ember-view reader-text-block__paragraph\">\u2b95 <strong>die Arbeit ersch\u00f6pft, fragmentiert und isoliert.<\/strong><\/p>\n<p id=\"ember3608\" class=\"ember-view reader-text-block__paragraph\">Mehr Standards.<\/p>\n<p id=\"ember3609\" class=\"ember-view reader-text-block__paragraph\">Mehr Verwaltungsarbeit.<\/p>\n<p id=\"ember3610\" class=\"ember-view reader-text-block__paragraph\">Keine Vermittler mehr.<\/p>\n<p id=\"ember3611\" class=\"ember-view reader-text-block__paragraph\">Weniger Zeit f\u00fcr den Beruf.<\/p>\n<p id=\"ember3612\" class=\"ember-view reader-text-block__paragraph\">Weniger \u00dcbertragung.<\/p>\n<p id=\"ember3613\" class=\"ember-view reader-text-block__paragraph\">Weniger Sinn.<\/p>\n<p id=\"ember3614\" class=\"ember-view reader-text-block__paragraph\">Und dieses Unbehagen ist nicht marginal. Es ist strukturell.<\/p>\n<h3 id=\"ember3615\" class=\"ember-view reader-text-block__heading-3\">Was unbemerkt verschwunden ist<\/h3>\n<p id=\"ember3616\" class=\"ember-view reader-text-block__paragraph\">Lange Zeit beruhten Berufe nicht nur auf Vertr\u00e4gen oder Statuten, sondern auf <strong>echte Berufsgemeinschaften<\/strong>.<\/p>\n<p id=\"ember3617\" class=\"ember-view reader-text-block__paragraph\">Strukturen, die :<\/p>\n<ul>\n<li>bildeten die Neuank\u00f6mmlinge und Lehrlinge aus<\/li>\n<li>regulierten den Zugang zum Beruf,<\/li>\n<li>sch\u00fctzten die Qualit\u00e4t der Arbeit,<\/li>\n<li>den unlauteren Wettbewerb einschr\u00e4nkten,<\/li>\n<li>organisierten die Weitergabe \u00fcber mehrere Generationen hinweg.<\/li>\n<\/ul>\n<p id=\"ember3619\" class=\"ember-view reader-text-block__paragraph\">Es war nicht perfekt.<\/p>\n<p id=\"ember3620\" class=\"ember-view reader-text-block__paragraph\">Aber es bot eine <strong>Stabilit\u00e4t<\/strong>, eine <strong>Koh\u00e4renz<\/strong>, und eine <strong>W\u00fcrde<\/strong> nach der heute viele suchen, ohne sie zu finden.<\/p>\n<h3 id=\"ember3621\" class=\"ember-view reader-text-block__heading-3\">Das aktuelle Paradoxon<\/h3>\n<p id=\"ember3622\" class=\"ember-view reader-text-block__paragraph\">Wir haben noch nie so viel individuelle \u201cFreiheit\u201d auf dem Papier gehabt.<\/p>\n<p id=\"ember3623\" class=\"ember-view reader-text-block__paragraph\">Und doch :<\/p>\n<ul>\n<li>jeder steht dem Markt allein gegen\u00fcber,<\/li>\n<li>jeder handelt mit Verlust,<\/li>\n<li>jeder unterliegt Regeln, die er nicht geschrieben hat.<\/li>\n<\/ul>\n<p id=\"ember3625\" class=\"ember-view reader-text-block__paragraph\">Ergebnis :<\/p>\n<p id=\"ember3626\" class=\"ember-view reader-text-block__paragraph\">zersplitterte Berufe,<\/p>\n<p id=\"ember3627\" class=\"ember-view reader-text-block__paragraph\">austauschbare Fachkr\u00e4fte,<\/p>\n<p id=\"ember3628\" class=\"ember-view reader-text-block__paragraph\">und eine schwindende Qualit\u00e4t.<\/p>\n<h3 id=\"ember3629\" class=\"ember-view reader-text-block__heading-3\">Eine Frage, die unumg\u00e4nglich geworden ist<\/h3>\n<p id=\"ember3630\" class=\"ember-view reader-text-block__paragraph\">Und wenn das Problem nicht die Arbeit selbst ist...<\/p>\n<p id=\"ember3631\" class=\"ember-view reader-text-block__paragraph\">sondern das allm\u00e4hliche Verschwinden der organisierten Berufe?<\/p>\n<p id=\"ember3632\" class=\"ember-view reader-text-block__paragraph\">Wenn die Zukunft in <strong>moderne Formen der beruflichen Selbstregulierung<\/strong>,<\/p>\n<p id=\"ember3633\" class=\"ember-view reader-text-block__paragraph\">der <strong>Berufsgemeinschaften, die in der Lage sind, auszubilden, zu sch\u00fctzen und weiterzugeben<\/strong>,<\/p>\n<p id=\"ember3634\" class=\"ember-view reader-text-block__paragraph\">statt durch st\u00e4ndigen Wettbewerb?<\/p>\n<h3 id=\"ember3635\" class=\"ember-view reader-text-block__heading-3\">Dieses Modell hat es in anderen Formen und zu anderen Zeiten gegeben.<\/h3>\n<p id=\"ember3636\" class=\"ember-view reader-text-block__paragraph\">Er wurde im Namen der \u00abModernit\u00e4t\u00bb beiseite geschoben.<\/p>\n<p id=\"ember3637\" class=\"ember-view reader-text-block__paragraph\">Damals nannte man ihn den <strong>Korporatismus<\/strong>.<\/p>\n<h3 id=\"ember3638\" class=\"ember-view reader-text-block__heading-3\">Die Debatte er\u00f6ffnen, ohne Karikaturen<\/h3>\n<p id=\"ember3639\" class=\"ember-view reader-text-block__paragraph\">Dabei geht es weder um Nostalgie noch um R\u00fcckzug.<\/p>\n<p id=\"ember3640\" class=\"ember-view reader-text-block__paragraph\">Sondern von einer einfachen und sehr aktuellen Frage:<\/p>\n<p id=\"ember3641\" class=\"ember-view reader-text-block__paragraph\">\u2b95 <strong>Wie kann man der Arbeit wieder Sinn, Qualit\u00e4t und W\u00fcrde verleihen?<\/strong><\/p>\n<p id=\"ember3642\" class=\"ember-view reader-text-block__paragraph\">Die Debatte verdient es, ruhig und ernsthaft gef\u00fchrt zu werden.<\/p>\n<p id=\"ember3643\" class=\"ember-view reader-text-block__paragraph\">Weil das Unbehagen am Arbeitsplatz keine Modeerscheinung ist.<\/p>\n<p id=\"ember3644\" class=\"ember-view reader-text-block__paragraph\">Es ist ein Signal.<\/p>\n<p id=\"ember3645\" class=\"ember-view reader-text-block__paragraph\"><strong>Was denken Sie dar\u00fcber?<\/strong><\/p>\n<p id=\"ember3647\" class=\"ember-view reader-text-block__paragraph\"><strong>Reflexion, die im Rahmen der Arbeit von \ud83c\udde8\ud83c\udded Schweizer Souver\u00e4nit\u00e4t entwickelt wurde.<\/strong><\/p>\n<p id=\"ember3648\" class=\"ember-view reader-text-block__paragraph\"><em>Die Schweizerinnen und Schweizer vereinen. Unsere Freiheiten verteidigen. Unsere Souver\u00e4nit\u00e4t zur\u00fcckerobern.<\/em><\/p>\n<p>&nbsp;<\/p>","protected":false},"excerpt":{"rendered":"<p>On parle de performance, d\u2019adaptation et de modernit\u00e9. Pourtant, sur le terrain, quelque chose s\u2019est profond\u00e9ment d\u00e9r\u00e9gl\u00e9 dans le travail. Ce malaise n\u2019est pas individuel. Il est structurel. Et il m\u00e9rite qu\u2019on s\u2019y arr\u00eate. On parle beaucoup de performance, de croissance, d\u2019adaptation. Pourtant, sur le terrain, un constat revient partout \u2014 chez les artisans, les [&hellip;]<\/p>\n","protected":false},"author":2,"featured_media":881,"comment_status":"closed","ping_status":"closed","sticky":false,"template":"","format":"standard","meta":{"footnotes":""},"categories":[8],"tags":[],"class_list":["post-880","post","type-post","status-publish","format-standard","has-post-thumbnail","hentry","category-politique-interieure"],"yoast_head":"<!-- This site is optimized with the Yoast SEO plugin v26.9 - https:\/\/yoast.com\/product\/yoast-seo-wordpress\/ -->\n<title>On a interdit la transmission des m\u00e9tiers. On a isol\u00e9 les artisans et professionnels - Mouvement Souverainet\u00e9 Suisse<\/title>\n<meta name=\"description\" content=\"Malaise du travail en Suisse : surcharge administrative, isolement des professionnels, perte de sens et affaiblissement de la transmission. Et si la disparition des communaut\u00e9s de m\u00e9tiers expliquait l\u2019\u00e9puisement actuel ? R\u00e9flexion sur auto-r\u00e9gulation, dignit\u00e9 professionnelle et souverainet\u00e9 \u00e9conomique\" \/>\n<meta name=\"robots\" content=\"index, follow, max-snippet:-1, max-image-preview:large, max-video-preview:-1\" \/>\n<link rel=\"canonical\" href=\"https:\/\/souverainete-suisse.ch\/de\/2026\/02\/man-hat-die-weitergabe-der-berufe-verboten-man-hat-die-handwerker-und-fachleute-isoliert\/\" \/>\n<meta property=\"og:locale\" content=\"de_DE\" \/>\n<meta property=\"og:type\" content=\"article\" \/>\n<meta property=\"og:title\" content=\"On a interdit la transmission des m\u00e9tiers. On a isol\u00e9 les artisans et professionnels - Mouvement Souverainet\u00e9 Suisse\" \/>\n<meta property=\"og:description\" content=\"Malaise du travail en Suisse : surcharge administrative, isolement des professionnels, perte de sens et affaiblissement de la transmission. Et si la disparition des communaut\u00e9s de m\u00e9tiers expliquait l\u2019\u00e9puisement actuel ? R\u00e9flexion sur auto-r\u00e9gulation, dignit\u00e9 professionnelle et souverainet\u00e9 \u00e9conomique\" \/>\n<meta property=\"og:url\" content=\"https:\/\/souverainete-suisse.ch\/de\/2026\/02\/man-hat-die-weitergabe-der-berufe-verboten-man-hat-die-handwerker-und-fachleute-isoliert\/\" \/>\n<meta property=\"og:site_name\" content=\"Mouvement Souverainet\u00e9 Suisse\" \/>\n<meta property=\"article:published_time\" content=\"2026-02-15T22:01:29+00:00\" \/>\n<meta property=\"og:image\" content=\"https:\/\/souverainete-suisse.ch\/wp-content\/uploads\/2026\/02\/charpentier.jpg\" \/>\n\t<meta property=\"og:image:width\" content=\"899\" \/>\n\t<meta property=\"og:image:height\" content=\"600\" \/>\n\t<meta property=\"og:image:type\" content=\"image\/jpeg\" \/>\n<meta name=\"author\" content=\"ludom\" \/>\n<meta name=\"twitter:card\" content=\"summary_large_image\" \/>\n<meta name=\"twitter:label1\" content=\"Verfasst von\" \/>\n\t<meta name=\"twitter:data1\" content=\"ludom\" \/>\n\t<meta name=\"twitter:label2\" content=\"Gesch\u00e4tzte Lesezeit\" \/>\n\t<meta name=\"twitter:data2\" content=\"3\u00a0Minuten\" \/>\n<script type=\"application\/ld+json\" class=\"yoast-schema-graph\">{\"@context\":\"https:\/\/schema.org\",\"@graph\":[{\"@type\":\"Article\",\"@id\":\"https:\/\/souverainete-suisse.ch\/2026\/02\/on-a-interdit-la-transmission-des-metiers-on-a-isole-les-artisans-et-professionnels\/#article\",\"isPartOf\":{\"@id\":\"https:\/\/souverainete-suisse.ch\/2026\/02\/on-a-interdit-la-transmission-des-metiers-on-a-isole-les-artisans-et-professionnels\/\"},\"author\":{\"name\":\"ludom\",\"@id\":\"https:\/\/souverainete-suisse.ch\/#\/schema\/person\/b25acb547faec24a94d7215216d68cbf\"},\"headline\":\"On a interdit la transmission des m\u00e9tiers. On a isol\u00e9 les artisans et professionnels\",\"datePublished\":\"2026-02-15T22:01:29+00:00\",\"mainEntityOfPage\":{\"@id\":\"https:\/\/souverainete-suisse.ch\/2026\/02\/on-a-interdit-la-transmission-des-metiers-on-a-isole-les-artisans-et-professionnels\/\"},\"wordCount\":452,\"publisher\":{\"@id\":\"https:\/\/souverainete-suisse.ch\/#organization\"},\"image\":{\"@id\":\"https:\/\/souverainete-suisse.ch\/2026\/02\/on-a-interdit-la-transmission-des-metiers-on-a-isole-les-artisans-et-professionnels\/#primaryimage\"},\"thumbnailUrl\":\"https:\/\/souverainete-suisse.ch\/wp-content\/uploads\/2026\/02\/charpentier.jpg\",\"articleSection\":[\"Politique int\u00e9rieure\"],\"inLanguage\":\"de\"},{\"@type\":\"WebPage\",\"@id\":\"https:\/\/souverainete-suisse.ch\/2026\/02\/on-a-interdit-la-transmission-des-metiers-on-a-isole-les-artisans-et-professionnels\/\",\"url\":\"https:\/\/souverainete-suisse.ch\/2026\/02\/on-a-interdit-la-transmission-des-metiers-on-a-isole-les-artisans-et-professionnels\/\",\"name\":\"On a interdit la transmission des m\u00e9tiers. On a isol\u00e9 les artisans et professionnels - Mouvement Souverainet\u00e9 Suisse\",\"isPartOf\":{\"@id\":\"https:\/\/souverainete-suisse.ch\/#website\"},\"primaryImageOfPage\":{\"@id\":\"https:\/\/souverainete-suisse.ch\/2026\/02\/on-a-interdit-la-transmission-des-metiers-on-a-isole-les-artisans-et-professionnels\/#primaryimage\"},\"image\":{\"@id\":\"https:\/\/souverainete-suisse.ch\/2026\/02\/on-a-interdit-la-transmission-des-metiers-on-a-isole-les-artisans-et-professionnels\/#primaryimage\"},\"thumbnailUrl\":\"https:\/\/souverainete-suisse.ch\/wp-content\/uploads\/2026\/02\/charpentier.jpg\",\"datePublished\":\"2026-02-15T22:01:29+00:00\",\"description\":\"Malaise du travail en Suisse : surcharge administrative, isolement des professionnels, perte de sens et affaiblissement de la transmission. Et si la disparition des communaut\u00e9s de m\u00e9tiers expliquait l\u2019\u00e9puisement actuel ? R\u00e9flexion sur auto-r\u00e9gulation, dignit\u00e9 professionnelle et souverainet\u00e9 \u00e9conomique\",\"breadcrumb\":{\"@id\":\"https:\/\/souverainete-suisse.ch\/2026\/02\/on-a-interdit-la-transmission-des-metiers-on-a-isole-les-artisans-et-professionnels\/#breadcrumb\"},\"inLanguage\":\"de\",\"potentialAction\":[{\"@type\":\"ReadAction\",\"target\":[\"https:\/\/souverainete-suisse.ch\/2026\/02\/on-a-interdit-la-transmission-des-metiers-on-a-isole-les-artisans-et-professionnels\/\"]}]},{\"@type\":\"ImageObject\",\"inLanguage\":\"de\",\"@id\":\"https:\/\/souverainete-suisse.ch\/2026\/02\/on-a-interdit-la-transmission-des-metiers-on-a-isole-les-artisans-et-professionnels\/#primaryimage\",\"url\":\"https:\/\/souverainete-suisse.ch\/wp-content\/uploads\/2026\/02\/charpentier.jpg\",\"contentUrl\":\"https:\/\/souverainete-suisse.ch\/wp-content\/uploads\/2026\/02\/charpentier.jpg\",\"width\":899,\"height\":600},{\"@type\":\"BreadcrumbList\",\"@id\":\"https:\/\/souverainete-suisse.ch\/2026\/02\/on-a-interdit-la-transmission-des-metiers-on-a-isole-les-artisans-et-professionnels\/#breadcrumb\",\"itemListElement\":[{\"@type\":\"ListItem\",\"position\":1,\"name\":\"Accueil\",\"item\":\"https:\/\/souverainete-suisse.ch\/\"},{\"@type\":\"ListItem\",\"position\":2,\"name\":\"On a interdit la transmission des m\u00e9tiers. On a isol\u00e9 les artisans et professionnels\"}]},{\"@type\":\"WebSite\",\"@id\":\"https:\/\/souverainete-suisse.ch\/#website\",\"url\":\"https:\/\/souverainete-suisse.ch\/\",\"name\":\"Mouvement Souverainet\u00e9 Suisse\",\"description\":\"\",\"publisher\":{\"@id\":\"https:\/\/souverainete-suisse.ch\/#organization\"},\"potentialAction\":[{\"@type\":\"SearchAction\",\"target\":{\"@type\":\"EntryPoint\",\"urlTemplate\":\"https:\/\/souverainete-suisse.ch\/?s={search_term_string}\"},\"query-input\":{\"@type\":\"PropertyValueSpecification\",\"valueRequired\":true,\"valueName\":\"search_term_string\"}}],\"inLanguage\":\"de\"},{\"@type\":\"Organization\",\"@id\":\"https:\/\/souverainete-suisse.ch\/#organization\",\"name\":\"Mouvement Souverainet\u00e9 Suisse\",\"url\":\"https:\/\/souverainete-suisse.ch\/\",\"logo\":{\"@type\":\"ImageObject\",\"inLanguage\":\"de\",\"@id\":\"https:\/\/souverainete-suisse.ch\/#\/schema\/logo\/image\/\",\"url\":\"https:\/\/souverainete-suisse.ch\/wp-content\/uploads\/2025\/11\/logo.png\",\"contentUrl\":\"https:\/\/souverainete-suisse.ch\/wp-content\/uploads\/2025\/11\/logo.png\",\"width\":2053,\"height\":1461,\"caption\":\"Mouvement Souverainet\u00e9 Suisse\"},\"image\":{\"@id\":\"https:\/\/souverainete-suisse.ch\/#\/schema\/logo\/image\/\"}},{\"@type\":\"Person\",\"@id\":\"https:\/\/souverainete-suisse.ch\/#\/schema\/person\/b25acb547faec24a94d7215216d68cbf\",\"name\":\"ludom\",\"image\":{\"@type\":\"ImageObject\",\"inLanguage\":\"de\",\"@id\":\"https:\/\/souverainete-suisse.ch\/#\/schema\/person\/image\/\",\"url\":\"https:\/\/secure.gravatar.com\/avatar\/77b40fd8e49e537abcea7487b290688ce92143c3443b1d3f419149c67282ffb4?s=96&d=mm&r=g\",\"contentUrl\":\"https:\/\/secure.gravatar.com\/avatar\/77b40fd8e49e537abcea7487b290688ce92143c3443b1d3f419149c67282ffb4?s=96&d=mm&r=g\",\"caption\":\"ludom\"},\"url\":\"http:\/\/souverainete-suisse.ch\/de\/author\/ludom\/\"}]}<\/script>\n<!-- \/ Yoast SEO plugin. -->","yoast_head_json":{"title":"Man hat die Weitergabe von Berufen verboten. Man hat die Handwerker und Fachleute isoliert - Bewegung Souver\u00e4ne Schweiz","description":"Malaise der Arbeit in der Schweiz: administrative \u00dcberlastung, Isolation der Berufsleute, Sinnverlust und Schw\u00e4chung der Vermittlung. Was, wenn das Verschwinden der Berufsgemeinschaften die heutige Ersch\u00f6pfung erkl\u00e4rt? Reflexion \u00fcber Selbstregulierung, Berufsw\u00fcrde und wirtschaftliche Souver\u00e4nit\u00e4t","robots":{"index":"index","follow":"follow","max-snippet":"max-snippet:-1","max-image-preview":"max-image-preview:large","max-video-preview":"max-video-preview:-1"},"canonical":"https:\/\/souverainete-suisse.ch\/de\/2026\/02\/man-hat-die-weitergabe-der-berufe-verboten-man-hat-die-handwerker-und-fachleute-isoliert\/","og_locale":"de_DE","og_type":"article","og_title":"On a interdit la transmission des m\u00e9tiers. On a isol\u00e9 les artisans et professionnels - Mouvement Souverainet\u00e9 Suisse","og_description":"Malaise du travail en Suisse : surcharge administrative, isolement des professionnels, perte de sens et affaiblissement de la transmission. Et si la disparition des communaut\u00e9s de m\u00e9tiers expliquait l\u2019\u00e9puisement actuel ? R\u00e9flexion sur auto-r\u00e9gulation, dignit\u00e9 professionnelle et souverainet\u00e9 \u00e9conomique","og_url":"https:\/\/souverainete-suisse.ch\/de\/2026\/02\/man-hat-die-weitergabe-der-berufe-verboten-man-hat-die-handwerker-und-fachleute-isoliert\/","og_site_name":"Mouvement Souverainet\u00e9 Suisse","article_published_time":"2026-02-15T22:01:29+00:00","og_image":[{"width":899,"height":600,"url":"https:\/\/souverainete-suisse.ch\/wp-content\/uploads\/2026\/02\/charpentier.jpg","type":"image\/jpeg"}],"author":"ludom","twitter_card":"summary_large_image","twitter_misc":{"Verfasst von":"ludom","Gesch\u00e4tzte Lesezeit":"3\u00a0Minuten"},"schema":{"@context":"https:\/\/schema.org","@graph":[{"@type":"Article","@id":"https:\/\/souverainete-suisse.ch\/2026\/02\/on-a-interdit-la-transmission-des-metiers-on-a-isole-les-artisans-et-professionnels\/#article","isPartOf":{"@id":"https:\/\/souverainete-suisse.ch\/2026\/02\/on-a-interdit-la-transmission-des-metiers-on-a-isole-les-artisans-et-professionnels\/"},"author":{"name":"ludom","@id":"https:\/\/souverainete-suisse.ch\/#\/schema\/person\/b25acb547faec24a94d7215216d68cbf"},"headline":"On a interdit la transmission des m\u00e9tiers. On a isol\u00e9 les artisans et professionnels","datePublished":"2026-02-15T22:01:29+00:00","mainEntityOfPage":{"@id":"https:\/\/souverainete-suisse.ch\/2026\/02\/on-a-interdit-la-transmission-des-metiers-on-a-isole-les-artisans-et-professionnels\/"},"wordCount":452,"publisher":{"@id":"https:\/\/souverainete-suisse.ch\/#organization"},"image":{"@id":"https:\/\/souverainete-suisse.ch\/2026\/02\/on-a-interdit-la-transmission-des-metiers-on-a-isole-les-artisans-et-professionnels\/#primaryimage"},"thumbnailUrl":"https:\/\/souverainete-suisse.ch\/wp-content\/uploads\/2026\/02\/charpentier.jpg","articleSection":["Politique int\u00e9rieure"],"inLanguage":"de"},{"@type":"WebPage","@id":"https:\/\/souverainete-suisse.ch\/2026\/02\/on-a-interdit-la-transmission-des-metiers-on-a-isole-les-artisans-et-professionnels\/","url":"https:\/\/souverainete-suisse.ch\/2026\/02\/on-a-interdit-la-transmission-des-metiers-on-a-isole-les-artisans-et-professionnels\/","name":"Man hat die Weitergabe von Berufen verboten. Man hat die Handwerker und Fachleute isoliert - Bewegung Souver\u00e4ne Schweiz","isPartOf":{"@id":"https:\/\/souverainete-suisse.ch\/#website"},"primaryImageOfPage":{"@id":"https:\/\/souverainete-suisse.ch\/2026\/02\/on-a-interdit-la-transmission-des-metiers-on-a-isole-les-artisans-et-professionnels\/#primaryimage"},"image":{"@id":"https:\/\/souverainete-suisse.ch\/2026\/02\/on-a-interdit-la-transmission-des-metiers-on-a-isole-les-artisans-et-professionnels\/#primaryimage"},"thumbnailUrl":"https:\/\/souverainete-suisse.ch\/wp-content\/uploads\/2026\/02\/charpentier.jpg","datePublished":"2026-02-15T22:01:29+00:00","description":"Malaise der Arbeit in der Schweiz: administrative \u00dcberlastung, Isolation der Berufsleute, Sinnverlust und Schw\u00e4chung der Vermittlung. Was, wenn das Verschwinden der Berufsgemeinschaften die heutige Ersch\u00f6pfung erkl\u00e4rt? Reflexion \u00fcber Selbstregulierung, Berufsw\u00fcrde und wirtschaftliche Souver\u00e4nit\u00e4t","breadcrumb":{"@id":"https:\/\/souverainete-suisse.ch\/2026\/02\/on-a-interdit-la-transmission-des-metiers-on-a-isole-les-artisans-et-professionnels\/#breadcrumb"},"inLanguage":"de","potentialAction":[{"@type":"ReadAction","target":["https:\/\/souverainete-suisse.ch\/2026\/02\/on-a-interdit-la-transmission-des-metiers-on-a-isole-les-artisans-et-professionnels\/"]}]},{"@type":"ImageObject","inLanguage":"de","@id":"https:\/\/souverainete-suisse.ch\/2026\/02\/on-a-interdit-la-transmission-des-metiers-on-a-isole-les-artisans-et-professionnels\/#primaryimage","url":"https:\/\/souverainete-suisse.ch\/wp-content\/uploads\/2026\/02\/charpentier.jpg","contentUrl":"https:\/\/souverainete-suisse.ch\/wp-content\/uploads\/2026\/02\/charpentier.jpg","width":899,"height":600},{"@type":"BreadcrumbList","@id":"https:\/\/souverainete-suisse.ch\/2026\/02\/on-a-interdit-la-transmission-des-metiers-on-a-isole-les-artisans-et-professionnels\/#breadcrumb","itemListElement":[{"@type":"ListItem","position":1,"name":"Accueil","item":"https:\/\/souverainete-suisse.ch\/"},{"@type":"ListItem","position":2,"name":"On a interdit la transmission des m\u00e9tiers. On a isol\u00e9 les artisans et professionnels"}]},{"@type":"WebSite","@id":"https:\/\/souverainete-suisse.ch\/#website","url":"https:\/\/souverainete-suisse.ch\/","name":"Bewegung Souver\u00e4ne Schweiz","description":"","publisher":{"@id":"https:\/\/souverainete-suisse.ch\/#organization"},"potentialAction":[{"@type":"SearchAction","target":{"@type":"EntryPoint","urlTemplate":"https:\/\/souverainete-suisse.ch\/?s={search_term_string}"},"query-input":{"@type":"PropertyValueSpecification","valueRequired":true,"valueName":"search_term_string"}}],"inLanguage":"de"},{"@type":"Organization","@id":"https:\/\/souverainete-suisse.ch\/#organization","name":"Bewegung Souver\u00e4ne Schweiz","url":"https:\/\/souverainete-suisse.ch\/","logo":{"@type":"ImageObject","inLanguage":"de","@id":"https:\/\/souverainete-suisse.ch\/#\/schema\/logo\/image\/","url":"https:\/\/souverainete-suisse.ch\/wp-content\/uploads\/2025\/11\/logo.png","contentUrl":"https:\/\/souverainete-suisse.ch\/wp-content\/uploads\/2025\/11\/logo.png","width":2053,"height":1461,"caption":"Mouvement Souverainet\u00e9 Suisse"},"image":{"@id":"https:\/\/souverainete-suisse.ch\/#\/schema\/logo\/image\/"}},{"@type":"Person","@id":"https:\/\/souverainete-suisse.ch\/#\/schema\/person\/b25acb547faec24a94d7215216d68cbf","name":"ludom","image":{"@type":"ImageObject","inLanguage":"de","@id":"https:\/\/souverainete-suisse.ch\/#\/schema\/person\/image\/","url":"https:\/\/secure.gravatar.com\/avatar\/77b40fd8e49e537abcea7487b290688ce92143c3443b1d3f419149c67282ffb4?s=96&d=mm&r=g","contentUrl":"https:\/\/secure.gravatar.com\/avatar\/77b40fd8e49e537abcea7487b290688ce92143c3443b1d3f419149c67282ffb4?s=96&d=mm&r=g","caption":"ludom"},"url":"http:\/\/souverainete-suisse.ch\/de\/author\/ludom\/"}]}},"_links":{"self":[{"href":"http:\/\/souverainete-suisse.ch\/de\/wp-json\/wp\/v2\/posts\/880","targetHints":{"allow":["GET"]}}],"collection":[{"href":"http:\/\/souverainete-suisse.ch\/de\/wp-json\/wp\/v2\/posts"}],"about":[{"href":"http:\/\/souverainete-suisse.ch\/de\/wp-json\/wp\/v2\/types\/post"}],"author":[{"embeddable":true,"href":"http:\/\/souverainete-suisse.ch\/de\/wp-json\/wp\/v2\/users\/2"}],"replies":[{"embeddable":true,"href":"http:\/\/souverainete-suisse.ch\/de\/wp-json\/wp\/v2\/comments?post=880"}],"version-history":[{"count":1,"href":"http:\/\/souverainete-suisse.ch\/de\/wp-json\/wp\/v2\/posts\/880\/revisions"}],"predecessor-version":[{"id":882,"href":"http:\/\/souverainete-suisse.ch\/de\/wp-json\/wp\/v2\/posts\/880\/revisions\/882"}],"wp:featuredmedia":[{"embeddable":true,"href":"http:\/\/souverainete-suisse.ch\/de\/wp-json\/wp\/v2\/media\/881"}],"wp:attachment":[{"href":"http:\/\/souverainete-suisse.ch\/de\/wp-json\/wp\/v2\/media?parent=880"}],"wp:term":[{"taxonomy":"category","embeddable":true,"href":"http:\/\/souverainete-suisse.ch\/de\/wp-json\/wp\/v2\/categories?post=880"},{"taxonomy":"post_tag","embeddable":true,"href":"http:\/\/souverainete-suisse.ch\/de\/wp-json\/wp\/v2\/tags?post=880"}],"curies":[{"name":"wp","href":"https:\/\/api.w.org\/{rel}","templated":true}]}}