{"id":877,"date":"2026-02-15T22:55:04","date_gmt":"2026-02-15T21:55:04","guid":{"rendered":"https:\/\/souverainete-suisse.ch\/?p=877"},"modified":"2026-02-15T22:55:04","modified_gmt":"2026-02-15T21:55:04","slug":"wenn-die-schweiz-beginnt-diejenigen-zu-kopieren-die-untergehen","status":"publish","type":"post","link":"http:\/\/souverainete-suisse.ch\/de\/2026\/02\/wenn-die-schweiz-beginnt-diejenigen-zu-kopieren-die-untergehen\/","title":{"rendered":"Wenn die Schweiz beginnt, diejenigen zu kopieren, die zur\u00fcckgehen"},"content":{"rendered":"<p><em>Die Schweiz ist nie durch Zufall reich geworden. Sie ist es geworden, weil sie ein seltenes Gleichgewicht zwischen Offenheit und Kontrolle, Flexibilit\u00e4t und Sicherheit bewahrt hat. Heute wird unter dem Deckmantel des \u00abLohnschutzes\u00bb genau dieses Fundament geschw\u00e4cht. Hinter einer technischen Ma\u00dfnahme zu Entlassungen verbirgt sich eine viel tiefgreifendere Ver\u00e4nderung unseres Modells. Wenn wir nicht klar sehen, was gerade gespielt wird, entdecken wir vielleicht zu sp\u00e4t, dass das, was unsere St\u00e4rke ausmachte, langsam verw\u00e4ssert wurde.<\/em><\/p>\n<p>&nbsp;<\/p>\n<p id=\"ember2036\" class=\"ember-view reader-text-block__paragraph\">Der Bundesrat hat soeben eine neue Ma\u00dfnahme verabschiedet, die im Rahmen des Schweiz-EU-Pakets bestimmte Entlassungen erschwert. Diese Entscheidung, die als \u00abunerl\u00e4sslich\u00bb angepriesen, vom SGB unter Pierre-Yves Maillard begr\u00fcsst und vom Schweizerischen Arbeitgeberverband angefochten wird, ist nicht unbedeutend. Sie offenbart eine stille Transformation des helvetischen Modells.<\/p>\n<p id=\"ember2037\" class=\"ember-view reader-text-block__paragraph\">Die Schweiz hat ihren Erfolg nie auf Starrheit aufgebaut. Sie hat ihn auf drei S\u00e4ulen aufgebaut: Flexibilit\u00e4t des Arbeitsmarktes, Rechtssicherheit und politische Kontrolle der Migrationsstr\u00f6me.<\/p>\n<p id=\"ember2038\" class=\"ember-view reader-text-block__paragraph\">Diese Gleichgewichte sind heute jedoch gef\u00e4hrdet.<\/p>\n<h3 id=\"ember2039\" class=\"ember-view reader-text-block__heading-3\">1. Masseneinwanderung: Die Variable, die niemand zu benennen wagt<\/h3>\n<p id=\"ember2040\" class=\"ember-view reader-text-block__paragraph\">Seit den Abkommen der Bilateralen Abkommen I und der Bilateralen Abkommen II ist die Bev\u00f6lkerung der Schweiz von etwa 7,2 Millionen (2002) auf heute \u00fcber 9 Millionen angestiegen. \u00dcber 80% des Bev\u00f6lkerungswachstums sind auf die Zuwanderung zur\u00fcckzuf\u00fchren.<\/p>\n<p id=\"ember2041\" class=\"ember-view reader-text-block__paragraph\">Das neue \u00abRahmenabkommen\u00bb, das in \u00abBilaterale III\u00bb umbenannt wurde, vertieft die dynamische Integration in das EU-Recht noch weiter. Mit anderen Worten: weniger nationaler Spielraum, um unsere Regeln an unsere Realit\u00e4t anzupassen.<\/p>\n<p id=\"ember2042\" class=\"ember-view reader-text-block__paragraph\">Wenn das Arbeitsangebot strukturell steigt, erh\u00f6ht sich der Druck auf die L\u00f6hne. Anstatt die Ursache - den Verlust der Migrationskontrolle - zu bek\u00e4mpfen, werden administrative Ma\u00dfnahmen aufeinander gestapelt.<\/p>\n<h3 id=\"ember2043\" class=\"ember-view reader-text-block__heading-3\">2. Mindestlohn und Versteifung: Symptom eines Ungleichgewichts<\/h3>\n<p id=\"ember2044\" class=\"ember-view reader-text-block__paragraph\">K\u00fcndigungen komplizierter zu machen, ist nicht neutral. In Unternehmen mit mehr als 50 Besch\u00e4ftigten (2% der Wirtschaftsstruktur) kann die Strafe bis zu zehn Monatsgeh\u00e4lter betragen.<\/p>\n<p id=\"ember2045\" class=\"ember-view reader-text-block__paragraph\">Diese Art von Regelungen ist typisch f\u00fcr schwindende Wohlfahrtsstaaten wie Frankreich, wo die strukturelle Arbeitslosigkeit seit Jahrzehnten \u00fcber 7% liegt. Die Schweiz hingegen hielt die Arbeitslosigkeit dank vertraglicher Flexibilit\u00e4t lange Zeit bei rund 2-3%.<\/p>\n<p id=\"ember2046\" class=\"ember-view reader-text-block__paragraph\">Eine Versch\u00e4rfung des Arbeitsmarktes bedeutet, dass das Risiko auf die Unternehmen verlagert wird. Die KMU sind jedoch das R\u00fcckgrat unseres Wohlstands.<\/p>\n<h3 id=\"ember2047\" class=\"ember-view reader-text-block__heading-3\">3. Die Illusion des \u201cSchutzes\u201d<\/h3>\n<p id=\"ember2048\" class=\"ember-view reader-text-block__paragraph\">Die Ma\u00dfnahme wird als Lohngarantie gegen\u00fcber den europ\u00e4ischen Entsendeunternehmen dargestellt. In Wirklichkeit ver\u00e4ndert sie das interne Gleichgewicht des Schweizer Rechts.<\/p>\n<p id=\"ember2049\" class=\"ember-view reader-text-block__paragraph\">Marco Taddei (UPS) spricht von einem \u00abbestenfalls bipartiten\u00bb Prozess. Die Arbeitgeber sehen darin keine einvernehmliche L\u00f6sung, sondern ein politisches Zugest\u00e4ndnis, um ein gr\u00f6\u00dferes Paket durchzusetzen.<\/p>\n<p id=\"ember2050\" class=\"ember-view reader-text-block__paragraph\">Wenn der Bund beginnt, korporatistische Logiken zu importieren, entfernt er sich von seiner liberalen DNA.<\/p>\n<h3 id=\"ember2051\" class=\"ember-view reader-text-block__heading-3\">4. Geldentwertung und Kaufkraft<\/h3>\n<p id=\"ember2052\" class=\"ember-view reader-text-block__paragraph\">Der monet\u00e4re Kontext kann nicht ignoriert werden. Seit 1971 hat das Ende der Goldbindung des Dollars zu einer beispiellosen globalen Geldmengenausweitung gef\u00fchrt. Die globale Geldmenge ist explodiert; die Schulden ebenfalls.<\/p>\n<p id=\"ember2053\" class=\"ember-view reader-text-block__paragraph\">Auch wenn der Franken st\u00e4rker als die meisten W\u00e4hrungen bleibt, erodiert seine reale Kaufkraft gegen\u00fcber materiellen Verm\u00f6genswerten auf lange Sicht.<\/p>\n<p id=\"ember2054\" class=\"ember-view reader-text-block__paragraph\">Wenn die Inflation steigt und das Bev\u00f6lkerungswachstum sich beschleunigt, nimmt der soziale Druck mechanisch zu. Die Antwort der Wahl: mehr F\u00fchrung, mehr Standards.<\/p>\n<h3 id=\"ember2055\" class=\"ember-view reader-text-block__heading-3\">5. Aufschlussreiche politische Symbolik<\/h3>\n<p id=\"ember2056\" class=\"ember-view reader-text-block__paragraph\">Dass diese Ma\u00dfnahme mit der enthusiastischen Zustimmung eines Sozialisten wie Pierre-Yves Maillard abgesegnet wurde, ist emblematisch. Die gleichen politischen Kr\u00e4fte, die f\u00fcr eine extensive Zuwanderung eintreten, schlagen dann vor, den Arbeitsmarkt zu versteifen, um die Auswirkungen der Zuwanderung abzufedern.<\/p>\n<p id=\"ember2057\" class=\"ember-view reader-text-block__paragraph\">Es ist ein paradoxer Kreis: die Grenzen weit \u00f6ffnen und dann die Wirtschaft in ein Korsett zw\u00e4ngen, um die entstandenen Spannungen in den Griff zu bekommen.<\/p>\n<h2 id=\"ember2058\" class=\"ember-view reader-text-block__heading-2\">Das Risiko<\/h2>\n<p id=\"ember2059\" class=\"ember-view reader-text-block__paragraph\">Das Schweizer Modell beruht auf :<\/p>\n<ul>\n<li>Eine gesteuerte Einwanderung<\/li>\n<li>Ein flexibler Arbeitsmarkt<\/li>\n<li>Hohe Rechtssicherheit<\/li>\n<li>Eine glaubw\u00fcrdige W\u00e4hrung<\/li>\n<li>Eine Budgetverantwortung<\/li>\n<\/ul>\n<p id=\"ember2061\" class=\"ember-view reader-text-block__paragraph\">Wenn diese Elemente gleichzeitig umkippen, h\u00f6rt die Schweiz auf, ein Einzelfall zu sein, und wird zu einem europ\u00e4ischen Standardland - mit denselben strukturellen Blockaden.<\/p>\n<h2 id=\"ember2062\" class=\"ember-view reader-text-block__heading-2\">\ud83c\udde8\ud83c\uddedConclusion<\/h2>\n<p id=\"ember2063\" class=\"ember-view reader-text-block__paragraph\">Der Erfolg der Schweiz ist nicht per Dekret garantiert. Er beruht auf einem subtilen Gleichgewicht zwischen Offenheit und Souver\u00e4nit\u00e4t, Schutz und Freiheit.<\/p>\n<p id=\"ember2064\" class=\"ember-view reader-text-block__paragraph\">Den Arbeitsmarkt zu versch\u00e4rfen, um einen Verlust der Migrationskontrolle auszugleichen, ist keine L\u00f6sung. Es ist ein Eingest\u00e4ndnis.<\/p>\n<p id=\"ember2065\" class=\"ember-view reader-text-block__paragraph\">Die Schweiz ist nie dadurch gediehen, dass sie krisengesch\u00fcttelte Modelle kopiert hat. Sie ist gediehen, weil sie es anders gemacht hat.<\/p>","protected":false},"excerpt":{"rendered":"<p>La Suisse n\u2019a jamais \u00e9t\u00e9 riche par hasard. Elle l\u2019est devenue parce qu\u2019elle a su pr\u00e9server un \u00e9quilibre rare entre ouverture et contr\u00f4le, flexibilit\u00e9 et s\u00e9curit\u00e9. Aujourd\u2019hui, sous couvert de \u00ab protection salariale \u00bb, c\u2019est ce socle m\u00eame que l\u2019on fragilise. Derri\u00e8re une mesure technique sur les licenciements se cache une transformation beaucoup plus profonde [&hellip;]<\/p>\n","protected":false},"author":2,"featured_media":878,"comment_status":"closed","ping_status":"closed","sticky":false,"template":"","format":"standard","meta":{"footnotes":""},"categories":[8,11],"tags":[],"class_list":["post-877","post","type-post","status-publish","format-standard","has-post-thumbnail","hentry","category-politique-interieure","category-ue"],"yoast_head":"<!-- This site is optimized with the Yoast SEO plugin v26.9 - https:\/\/yoast.com\/product\/yoast-seo-wordpress\/ -->\n<title>Quand la Suisse commence \u00e0 copier ceux qui d\u00e9clinent - Mouvement Souverainet\u00e9 Suisse<\/title>\n<meta name=\"description\" content=\"\u00e9forme des licenciements, Bilat\u00e9rales III et pression migratoire : la Suisse risque de rigidifier son march\u00e9 du travail au d\u00e9triment de sa flexibilit\u00e9, de ses PME et de son mod\u00e8le unique. Analyse des enjeux \u00e9conomiques, juridiques et mon\u00e9taires derri\u00e8re la transformation silencieuse du cadre helv\u00e9tique.\" \/>\n<meta name=\"robots\" content=\"index, follow, max-snippet:-1, max-image-preview:large, max-video-preview:-1\" \/>\n<link rel=\"canonical\" href=\"https:\/\/souverainete-suisse.ch\/de\/2026\/02\/wenn-die-schweiz-beginnt-diejenigen-zu-kopieren-die-untergehen\/\" \/>\n<meta property=\"og:locale\" content=\"de_DE\" \/>\n<meta property=\"og:type\" content=\"article\" \/>\n<meta property=\"og:title\" content=\"Quand la Suisse commence \u00e0 copier ceux qui d\u00e9clinent - Mouvement Souverainet\u00e9 Suisse\" \/>\n<meta property=\"og:description\" content=\"\u00e9forme des licenciements, Bilat\u00e9rales III et pression migratoire : la Suisse risque de rigidifier son march\u00e9 du travail au d\u00e9triment de sa flexibilit\u00e9, de ses PME et de son mod\u00e8le unique. Analyse des enjeux \u00e9conomiques, juridiques et mon\u00e9taires derri\u00e8re la transformation silencieuse du cadre helv\u00e9tique.\" \/>\n<meta property=\"og:url\" content=\"https:\/\/souverainete-suisse.ch\/de\/2026\/02\/wenn-die-schweiz-beginnt-diejenigen-zu-kopieren-die-untergehen\/\" \/>\n<meta property=\"og:site_name\" content=\"Mouvement Souverainet\u00e9 Suisse\" \/>\n<meta property=\"article:published_time\" content=\"2026-02-15T21:55:04+00:00\" \/>\n<meta property=\"og:image\" content=\"https:\/\/souverainete-suisse.ch\/wp-content\/uploads\/2026\/02\/Maillard.jpeg\" \/>\n\t<meta property=\"og:image:width\" content=\"2048\" \/>\n\t<meta property=\"og:image:height\" content=\"1365\" \/>\n\t<meta property=\"og:image:type\" content=\"image\/jpeg\" \/>\n<meta name=\"author\" content=\"ludom\" \/>\n<meta name=\"twitter:card\" content=\"summary_large_image\" \/>\n<meta name=\"twitter:label1\" content=\"Verfasst von\" \/>\n\t<meta name=\"twitter:data1\" content=\"ludom\" \/>\n\t<meta name=\"twitter:label2\" content=\"Gesch\u00e4tzte Lesezeit\" \/>\n\t<meta name=\"twitter:data2\" content=\"4\u00a0Minuten\" \/>\n<script type=\"application\/ld+json\" class=\"yoast-schema-graph\">{\"@context\":\"https:\/\/schema.org\",\"@graph\":[{\"@type\":\"Article\",\"@id\":\"https:\/\/souverainete-suisse.ch\/2026\/02\/quand-la-suisse-commence-a-copier-ceux-qui-declinent\/#article\",\"isPartOf\":{\"@id\":\"https:\/\/souverainete-suisse.ch\/2026\/02\/quand-la-suisse-commence-a-copier-ceux-qui-declinent\/\"},\"author\":{\"name\":\"ludom\",\"@id\":\"https:\/\/souverainete-suisse.ch\/#\/schema\/person\/b25acb547faec24a94d7215216d68cbf\"},\"headline\":\"Quand la Suisse commence \u00e0 copier ceux qui d\u00e9clinent\",\"datePublished\":\"2026-02-15T21:55:04+00:00\",\"mainEntityOfPage\":{\"@id\":\"https:\/\/souverainete-suisse.ch\/2026\/02\/quand-la-suisse-commence-a-copier-ceux-qui-declinent\/\"},\"wordCount\":817,\"publisher\":{\"@id\":\"https:\/\/souverainete-suisse.ch\/#organization\"},\"image\":{\"@id\":\"https:\/\/souverainete-suisse.ch\/2026\/02\/quand-la-suisse-commence-a-copier-ceux-qui-declinent\/#primaryimage\"},\"thumbnailUrl\":\"https:\/\/souverainete-suisse.ch\/wp-content\/uploads\/2026\/02\/Maillard.jpeg\",\"articleSection\":[\"Politique int\u00e9rieure\",\"UE\"],\"inLanguage\":\"de\"},{\"@type\":\"WebPage\",\"@id\":\"https:\/\/souverainete-suisse.ch\/2026\/02\/quand-la-suisse-commence-a-copier-ceux-qui-declinent\/\",\"url\":\"https:\/\/souverainete-suisse.ch\/2026\/02\/quand-la-suisse-commence-a-copier-ceux-qui-declinent\/\",\"name\":\"Quand la Suisse commence \u00e0 copier ceux qui d\u00e9clinent - Mouvement Souverainet\u00e9 Suisse\",\"isPartOf\":{\"@id\":\"https:\/\/souverainete-suisse.ch\/#website\"},\"primaryImageOfPage\":{\"@id\":\"https:\/\/souverainete-suisse.ch\/2026\/02\/quand-la-suisse-commence-a-copier-ceux-qui-declinent\/#primaryimage\"},\"image\":{\"@id\":\"https:\/\/souverainete-suisse.ch\/2026\/02\/quand-la-suisse-commence-a-copier-ceux-qui-declinent\/#primaryimage\"},\"thumbnailUrl\":\"https:\/\/souverainete-suisse.ch\/wp-content\/uploads\/2026\/02\/Maillard.jpeg\",\"datePublished\":\"2026-02-15T21:55:04+00:00\",\"description\":\"\u00e9forme des licenciements, Bilat\u00e9rales III et pression migratoire : la Suisse risque de rigidifier son march\u00e9 du travail au d\u00e9triment de sa flexibilit\u00e9, de ses PME et de son mod\u00e8le unique. Analyse des enjeux \u00e9conomiques, juridiques et mon\u00e9taires derri\u00e8re la transformation silencieuse du cadre helv\u00e9tique.\",\"breadcrumb\":{\"@id\":\"https:\/\/souverainete-suisse.ch\/2026\/02\/quand-la-suisse-commence-a-copier-ceux-qui-declinent\/#breadcrumb\"},\"inLanguage\":\"de\",\"potentialAction\":[{\"@type\":\"ReadAction\",\"target\":[\"https:\/\/souverainete-suisse.ch\/2026\/02\/quand-la-suisse-commence-a-copier-ceux-qui-declinent\/\"]}]},{\"@type\":\"ImageObject\",\"inLanguage\":\"de\",\"@id\":\"https:\/\/souverainete-suisse.ch\/2026\/02\/quand-la-suisse-commence-a-copier-ceux-qui-declinent\/#primaryimage\",\"url\":\"https:\/\/souverainete-suisse.ch\/wp-content\/uploads\/2026\/02\/Maillard.jpeg\",\"contentUrl\":\"https:\/\/souverainete-suisse.ch\/wp-content\/uploads\/2026\/02\/Maillard.jpeg\",\"width\":2048,\"height\":1365},{\"@type\":\"BreadcrumbList\",\"@id\":\"https:\/\/souverainete-suisse.ch\/2026\/02\/quand-la-suisse-commence-a-copier-ceux-qui-declinent\/#breadcrumb\",\"itemListElement\":[{\"@type\":\"ListItem\",\"position\":1,\"name\":\"Accueil\",\"item\":\"https:\/\/souverainete-suisse.ch\/\"},{\"@type\":\"ListItem\",\"position\":2,\"name\":\"Quand la Suisse commence \u00e0 copier ceux qui d\u00e9clinent\"}]},{\"@type\":\"WebSite\",\"@id\":\"https:\/\/souverainete-suisse.ch\/#website\",\"url\":\"https:\/\/souverainete-suisse.ch\/\",\"name\":\"Mouvement Souverainet\u00e9 Suisse\",\"description\":\"\",\"publisher\":{\"@id\":\"https:\/\/souverainete-suisse.ch\/#organization\"},\"potentialAction\":[{\"@type\":\"SearchAction\",\"target\":{\"@type\":\"EntryPoint\",\"urlTemplate\":\"https:\/\/souverainete-suisse.ch\/?s={search_term_string}\"},\"query-input\":{\"@type\":\"PropertyValueSpecification\",\"valueRequired\":true,\"valueName\":\"search_term_string\"}}],\"inLanguage\":\"de\"},{\"@type\":\"Organization\",\"@id\":\"https:\/\/souverainete-suisse.ch\/#organization\",\"name\":\"Mouvement Souverainet\u00e9 Suisse\",\"url\":\"https:\/\/souverainete-suisse.ch\/\",\"logo\":{\"@type\":\"ImageObject\",\"inLanguage\":\"de\",\"@id\":\"https:\/\/souverainete-suisse.ch\/#\/schema\/logo\/image\/\",\"url\":\"https:\/\/souverainete-suisse.ch\/wp-content\/uploads\/2025\/11\/logo.png\",\"contentUrl\":\"https:\/\/souverainete-suisse.ch\/wp-content\/uploads\/2025\/11\/logo.png\",\"width\":2053,\"height\":1461,\"caption\":\"Mouvement Souverainet\u00e9 Suisse\"},\"image\":{\"@id\":\"https:\/\/souverainete-suisse.ch\/#\/schema\/logo\/image\/\"}},{\"@type\":\"Person\",\"@id\":\"https:\/\/souverainete-suisse.ch\/#\/schema\/person\/b25acb547faec24a94d7215216d68cbf\",\"name\":\"ludom\",\"image\":{\"@type\":\"ImageObject\",\"inLanguage\":\"de\",\"@id\":\"https:\/\/souverainete-suisse.ch\/#\/schema\/person\/image\/\",\"url\":\"https:\/\/secure.gravatar.com\/avatar\/77b40fd8e49e537abcea7487b290688ce92143c3443b1d3f419149c67282ffb4?s=96&d=mm&r=g\",\"contentUrl\":\"https:\/\/secure.gravatar.com\/avatar\/77b40fd8e49e537abcea7487b290688ce92143c3443b1d3f419149c67282ffb4?s=96&d=mm&r=g\",\"caption\":\"ludom\"},\"url\":\"http:\/\/souverainete-suisse.ch\/de\/author\/ludom\/\"}]}<\/script>\n<!-- \/ Yoast SEO plugin. -->","yoast_head_json":{"title":"Wenn die Schweiz beginnt, diejenigen zu kopieren, die zur\u00fcckgehen - Bewegung Souver\u00e4ne Schweiz","description":"\u00fcndigungsreform, Bilaterale III und Migrationsdruck: Die Schweiz l\u00e4uft Gefahr, ihren Arbeitsmarkt auf Kosten ihrer Flexibilit\u00e4t, ihrer KMU und ihres einzigartigen Modells zu versteifen. Analyse der wirtschaftlichen, rechtlichen und monet\u00e4ren Herausforderungen hinter der stillen Transformation des helvetischen Rahmens.","robots":{"index":"index","follow":"follow","max-snippet":"max-snippet:-1","max-image-preview":"max-image-preview:large","max-video-preview":"max-video-preview:-1"},"canonical":"https:\/\/souverainete-suisse.ch\/de\/2026\/02\/wenn-die-schweiz-beginnt-diejenigen-zu-kopieren-die-untergehen\/","og_locale":"de_DE","og_type":"article","og_title":"Quand la Suisse commence \u00e0 copier ceux qui d\u00e9clinent - Mouvement Souverainet\u00e9 Suisse","og_description":"\u00e9forme des licenciements, Bilat\u00e9rales III et pression migratoire : la Suisse risque de rigidifier son march\u00e9 du travail au d\u00e9triment de sa flexibilit\u00e9, de ses PME et de son mod\u00e8le unique. Analyse des enjeux \u00e9conomiques, juridiques et mon\u00e9taires derri\u00e8re la transformation silencieuse du cadre helv\u00e9tique.","og_url":"https:\/\/souverainete-suisse.ch\/de\/2026\/02\/wenn-die-schweiz-beginnt-diejenigen-zu-kopieren-die-untergehen\/","og_site_name":"Mouvement Souverainet\u00e9 Suisse","article_published_time":"2026-02-15T21:55:04+00:00","og_image":[{"width":2048,"height":1365,"url":"https:\/\/souverainete-suisse.ch\/wp-content\/uploads\/2026\/02\/Maillard.jpeg","type":"image\/jpeg"}],"author":"ludom","twitter_card":"summary_large_image","twitter_misc":{"Verfasst von":"ludom","Gesch\u00e4tzte Lesezeit":"4\u00a0Minuten"},"schema":{"@context":"https:\/\/schema.org","@graph":[{"@type":"Article","@id":"https:\/\/souverainete-suisse.ch\/2026\/02\/quand-la-suisse-commence-a-copier-ceux-qui-declinent\/#article","isPartOf":{"@id":"https:\/\/souverainete-suisse.ch\/2026\/02\/quand-la-suisse-commence-a-copier-ceux-qui-declinent\/"},"author":{"name":"ludom","@id":"https:\/\/souverainete-suisse.ch\/#\/schema\/person\/b25acb547faec24a94d7215216d68cbf"},"headline":"Quand la Suisse commence \u00e0 copier ceux qui d\u00e9clinent","datePublished":"2026-02-15T21:55:04+00:00","mainEntityOfPage":{"@id":"https:\/\/souverainete-suisse.ch\/2026\/02\/quand-la-suisse-commence-a-copier-ceux-qui-declinent\/"},"wordCount":817,"publisher":{"@id":"https:\/\/souverainete-suisse.ch\/#organization"},"image":{"@id":"https:\/\/souverainete-suisse.ch\/2026\/02\/quand-la-suisse-commence-a-copier-ceux-qui-declinent\/#primaryimage"},"thumbnailUrl":"https:\/\/souverainete-suisse.ch\/wp-content\/uploads\/2026\/02\/Maillard.jpeg","articleSection":["Politique int\u00e9rieure","UE"],"inLanguage":"de"},{"@type":"WebPage","@id":"https:\/\/souverainete-suisse.ch\/2026\/02\/quand-la-suisse-commence-a-copier-ceux-qui-declinent\/","url":"https:\/\/souverainete-suisse.ch\/2026\/02\/quand-la-suisse-commence-a-copier-ceux-qui-declinent\/","name":"Wenn die Schweiz beginnt, diejenigen zu kopieren, die zur\u00fcckgehen - Bewegung Souver\u00e4ne Schweiz","isPartOf":{"@id":"https:\/\/souverainete-suisse.ch\/#website"},"primaryImageOfPage":{"@id":"https:\/\/souverainete-suisse.ch\/2026\/02\/quand-la-suisse-commence-a-copier-ceux-qui-declinent\/#primaryimage"},"image":{"@id":"https:\/\/souverainete-suisse.ch\/2026\/02\/quand-la-suisse-commence-a-copier-ceux-qui-declinent\/#primaryimage"},"thumbnailUrl":"https:\/\/souverainete-suisse.ch\/wp-content\/uploads\/2026\/02\/Maillard.jpeg","datePublished":"2026-02-15T21:55:04+00:00","description":"\u00fcndigungsreform, Bilaterale III und Migrationsdruck: Die Schweiz l\u00e4uft Gefahr, ihren Arbeitsmarkt auf Kosten ihrer Flexibilit\u00e4t, ihrer KMU und ihres einzigartigen Modells zu versteifen. Analyse der wirtschaftlichen, rechtlichen und monet\u00e4ren Herausforderungen hinter der stillen Transformation des helvetischen Rahmens.","breadcrumb":{"@id":"https:\/\/souverainete-suisse.ch\/2026\/02\/quand-la-suisse-commence-a-copier-ceux-qui-declinent\/#breadcrumb"},"inLanguage":"de","potentialAction":[{"@type":"ReadAction","target":["https:\/\/souverainete-suisse.ch\/2026\/02\/quand-la-suisse-commence-a-copier-ceux-qui-declinent\/"]}]},{"@type":"ImageObject","inLanguage":"de","@id":"https:\/\/souverainete-suisse.ch\/2026\/02\/quand-la-suisse-commence-a-copier-ceux-qui-declinent\/#primaryimage","url":"https:\/\/souverainete-suisse.ch\/wp-content\/uploads\/2026\/02\/Maillard.jpeg","contentUrl":"https:\/\/souverainete-suisse.ch\/wp-content\/uploads\/2026\/02\/Maillard.jpeg","width":2048,"height":1365},{"@type":"BreadcrumbList","@id":"https:\/\/souverainete-suisse.ch\/2026\/02\/quand-la-suisse-commence-a-copier-ceux-qui-declinent\/#breadcrumb","itemListElement":[{"@type":"ListItem","position":1,"name":"Accueil","item":"https:\/\/souverainete-suisse.ch\/"},{"@type":"ListItem","position":2,"name":"Quand la Suisse commence \u00e0 copier ceux qui d\u00e9clinent"}]},{"@type":"WebSite","@id":"https:\/\/souverainete-suisse.ch\/#website","url":"https:\/\/souverainete-suisse.ch\/","name":"Bewegung Souver\u00e4ne Schweiz","description":"","publisher":{"@id":"https:\/\/souverainete-suisse.ch\/#organization"},"potentialAction":[{"@type":"SearchAction","target":{"@type":"EntryPoint","urlTemplate":"https:\/\/souverainete-suisse.ch\/?s={search_term_string}"},"query-input":{"@type":"PropertyValueSpecification","valueRequired":true,"valueName":"search_term_string"}}],"inLanguage":"de"},{"@type":"Organization","@id":"https:\/\/souverainete-suisse.ch\/#organization","name":"Bewegung Souver\u00e4ne Schweiz","url":"https:\/\/souverainete-suisse.ch\/","logo":{"@type":"ImageObject","inLanguage":"de","@id":"https:\/\/souverainete-suisse.ch\/#\/schema\/logo\/image\/","url":"https:\/\/souverainete-suisse.ch\/wp-content\/uploads\/2025\/11\/logo.png","contentUrl":"https:\/\/souverainete-suisse.ch\/wp-content\/uploads\/2025\/11\/logo.png","width":2053,"height":1461,"caption":"Mouvement Souverainet\u00e9 Suisse"},"image":{"@id":"https:\/\/souverainete-suisse.ch\/#\/schema\/logo\/image\/"}},{"@type":"Person","@id":"https:\/\/souverainete-suisse.ch\/#\/schema\/person\/b25acb547faec24a94d7215216d68cbf","name":"ludom","image":{"@type":"ImageObject","inLanguage":"de","@id":"https:\/\/souverainete-suisse.ch\/#\/schema\/person\/image\/","url":"https:\/\/secure.gravatar.com\/avatar\/77b40fd8e49e537abcea7487b290688ce92143c3443b1d3f419149c67282ffb4?s=96&d=mm&r=g","contentUrl":"https:\/\/secure.gravatar.com\/avatar\/77b40fd8e49e537abcea7487b290688ce92143c3443b1d3f419149c67282ffb4?s=96&d=mm&r=g","caption":"ludom"},"url":"http:\/\/souverainete-suisse.ch\/de\/author\/ludom\/"}]}},"_links":{"self":[{"href":"http:\/\/souverainete-suisse.ch\/de\/wp-json\/wp\/v2\/posts\/877","targetHints":{"allow":["GET"]}}],"collection":[{"href":"http:\/\/souverainete-suisse.ch\/de\/wp-json\/wp\/v2\/posts"}],"about":[{"href":"http:\/\/souverainete-suisse.ch\/de\/wp-json\/wp\/v2\/types\/post"}],"author":[{"embeddable":true,"href":"http:\/\/souverainete-suisse.ch\/de\/wp-json\/wp\/v2\/users\/2"}],"replies":[{"embeddable":true,"href":"http:\/\/souverainete-suisse.ch\/de\/wp-json\/wp\/v2\/comments?post=877"}],"version-history":[{"count":1,"href":"http:\/\/souverainete-suisse.ch\/de\/wp-json\/wp\/v2\/posts\/877\/revisions"}],"predecessor-version":[{"id":879,"href":"http:\/\/souverainete-suisse.ch\/de\/wp-json\/wp\/v2\/posts\/877\/revisions\/879"}],"wp:featuredmedia":[{"embeddable":true,"href":"http:\/\/souverainete-suisse.ch\/de\/wp-json\/wp\/v2\/media\/878"}],"wp:attachment":[{"href":"http:\/\/souverainete-suisse.ch\/de\/wp-json\/wp\/v2\/media?parent=877"}],"wp:term":[{"taxonomy":"category","embeddable":true,"href":"http:\/\/souverainete-suisse.ch\/de\/wp-json\/wp\/v2\/categories?post=877"},{"taxonomy":"post_tag","embeddable":true,"href":"http:\/\/souverainete-suisse.ch\/de\/wp-json\/wp\/v2\/tags?post=877"}],"curies":[{"name":"wp","href":"https:\/\/api.w.org\/{rel}","templated":true}]}}