{"id":1114,"date":"2026-04-28T14:41:55","date_gmt":"2026-04-28T12:41:55","guid":{"rendered":"https:\/\/souverainete-suisse.ch\/?p=1114"},"modified":"2026-04-28T14:42:51","modified_gmt":"2026-04-28T12:42:51","slug":"1114","status":"publish","type":"post","link":"http:\/\/souverainete-suisse.ch\/de\/2026\/04\/1114\/","title":{"rendered":"\ud83c\udde8\ud83c\udded Bern, das brutale Erwachen: Wenn der Rechtsstaat vor Big Pharma zur\u00fcckweicht"},"content":{"rendered":"<header aria-label=\"Artikel\u00fcberschrift\">\n<h1 class=\"reader-article-header__title\" dir=\"ltr\"><span data-scaffold-immersive-reader-title=\"\">\ud83c\udde8\ud83c\udded Bern, das brutale Erwachen: Wenn der Rechtsstaat vor Big Pharma zur\u00fcckweicht<\/span><\/h1>\n<\/header>\n<div class=\"relative reader__grid\">\n<div class=\"reader-author-info__container\">\n<div class=\"display-flex align-items-center justify-space-between\">\n<div class=\"reader-author-info__inner-container\">\n<div id=\"ember31\" class=\"artdeco-entity-lockup artdeco-entity-lockup--size-3 ember-view\">\n<div id=\"ember32\" class=\"artdeco-entity-lockup__image artdeco-entity-lockup__image--type-circle ember-view\">\n<div class=\"feed-shared-avatar-image b0\"><img decoding=\"async\" id=\"ember34\" class=\"avatar undefined EntityPhoto-circle-4 evi-image ember-view\" src=\"https:\/\/media.licdn.com\/dms\/image\/v2\/D4E03AQFFmL2iKSXiJQ\/profile-displayphoto-shrink_100_100\/profile-displayphoto-shrink_100_100\/0\/1710866307034?e=1778716800&amp;v=beta&amp;t=LwBYTJiAt1Px1lwRkpNCeQbLdBYyCnW8ozoXtMG2b70\" alt=\"Ludovic Malot\" \/><\/div>\n<\/div>\n<div id=\"ember35\" class=\"reader-author-info__content artdeco-entity-lockup__content ember-view\">\n<div id=\"ember36\" class=\"reader-author-info__author-lockup--flex artdeco-entity-lockup__title ember-view\"><\/div>\n<\/div>\n<\/div>\n<\/div>\n<\/div>\n<div class=\"mt4\">L\u2019opacit\u00e9 n\u2019est plus une strat\u00e9gie de crise, c\u2019est devenu un mode de gouvernance. Ce qui vient d\u2019\u00eatre r\u00e9v\u00e9l\u00e9 \u00e0 Berne par l\u2019ABF et le conseiller national R\u00e9my Wyssmann n\u2019est pas une simple maladresse administrative. C\u2019est une trahison institutionnelle. Sous couvert d\u2019urgence sanitaire, la Conf\u00e9d\u00e9ration a transform\u00e9 le Palais f\u00e9d\u00e9ral en annexe commerciale de l\u2019industrie pharmaceutique, signant des ch\u00e8ques en blanc avec l\u2019argent de ceux qu\u2019elle pr\u00e9tendait prot\u00e9ger.<\/div>\n<\/div>\n<div data-scaffold-immersive-reader-content=\"\">\n<div class=\"reader-article-content reader-article-content--content-blocks\" dir=\"ltr\">\n<div class=\"reader-content-blocks-container\">\n<h3 id=\"ember52\" class=\"ember-view reader-text-block__heading-3\">Un hold-up juridique sur le dos du contribuable<\/h3>\n<p id=\"ember53\" class=\"ember-view reader-text-block__paragraph\">Les faits sont l\u00e0, grav\u00e9s dans des contrats que l&rsquo;on a tent\u00e9 de cacher jusqu&rsquo;au bout :<\/p>\n<ul>\n<li><strong>Transfert total des risques :<\/strong> L\u2019\u00c9tat a accept\u00e9 de porter seul le chapeau en cas d\u2019effets secondaires. On privatise les profits mirobolants de Moderna et Pfizer, mais on socialise les risques. Si vous tombez malade, vous payez ; si le vaccin \u00e9choue, vous payez encore.<\/li>\n<li><strong>D\u00e9tournement de fonds et n\u00e9gligence :<\/strong> On parle de milliards de francs \u00e9vapor\u00e9s dans des clauses l\u00e9onines. Ce n&rsquo;est plus de la gestion de sant\u00e9 publique, c&rsquo;est de la gestion de fortune pour multinationales.<\/li>\n<li><strong>M\u00e9pris de la souverainet\u00e9 :<\/strong> Le Parlement a \u00e9t\u00e9 mis devant le fait accompli, court-circuit\u00e9 par des accords qui contournent les principes fondamentaux de notre droit.<\/li>\n<\/ul>\n<hr class=\"reader-divider-block__horizontal-rule\" \/>\n<h3 id=\"ember55\" class=\"ember-view reader-text-block__heading-3\">Le triangle de Berne : La Conf\u00e9d\u00e9ration, Gavi et l&rsquo;Empire du Vaccin<\/h3>\n<p id=\"ember56\" class=\"ember-view reader-text-block__paragraph\">Au c\u0153ur de cette architecture trouble se trouve <strong>Gavi, l\u2019Alliance du Vaccin<\/strong>. Bas\u00e9e \u00e0 Gen\u00e8ve, cette organisation internationale b\u00e9n\u00e9ficie d&rsquo;un statut quasi diplomatique en Suisse, lui offrant une immunit\u00e9 et des privil\u00e8ges fiscaux exorbitants.<\/p>\n<p id=\"ember57\" class=\"ember-view reader-text-block__paragraph\">Le lien entre la Conf\u00e9d\u00e9ration et Gavi est le n\u0153ud gordien de ce scandale :<\/p>\n<ol>\n<li><strong>Le Hub de l&rsquo;Influence :<\/strong> La Suisse n&rsquo;est pas seulement l&rsquo;h\u00f4te de Gavi, elle en est le bras financier et politique. En finan\u00e7ant massivement cette structure \u00ab\u00a0partenaire\u00a0\u00bb, Berne a d\u00e9l\u00e9gu\u00e9 sa strat\u00e9gie vaccinale \u00e0 une entit\u00e9 hybride o\u00f9 les int\u00e9r\u00eats priv\u00e9s (notamment la Fondation Gates) dictent l&rsquo;agenda public.<\/li>\n<li><strong>L&rsquo;Externalisation de la Responsabilit\u00e9 :<\/strong> Gavi sert de paravent. En passant par ces structures multilat\u00e9rales, la Conf\u00e9d\u00e9ration dilue la responsabilit\u00e9 politique. On signe \u00e0 Gen\u00e8ve des accords que l&rsquo;on applique \u00e0 Berne, sans que le citoyen ne puisse jamais demander de comptes \u00e0 ces d\u00e9cideurs de l&rsquo;ombre.<\/li>\n<li><strong>L&rsquo;Incompatibilit\u00e9 d&rsquo;Int\u00e9r\u00eats :<\/strong> Comment un \u00c9tat peut-il r\u00e9guler objectivement des produits de sant\u00e9 quand il est lui-m\u00eame le principal promoteur et financeur d&rsquo;une plateforme (Gavi) dont le but unique est l&rsquo;\u00e9coulement massif de ces m\u00eames produits ?<\/li>\n<\/ol>\n<h3 id=\"ember59\" class=\"ember-view reader-text-block__heading-3\">Pour un audit de la honte<\/h3>\n<p id=\"ember60\" class=\"ember-view reader-text-block__paragraph\">L&rsquo;heure n&rsquo;est plus aux excuses feutr\u00e9es sous les dorures du Conseil f\u00e9d\u00e9ral. Les initiatives d\u00e9pos\u00e9es doivent exiger :<\/p>\n<ul>\n<li><strong>La lev\u00e9e imm\u00e9diate du secret<\/strong> sur l&rsquo;int\u00e9gralit\u00e9 des \u00e9changes entre l&rsquo;OFSP et les lobbyistes de Gavi.<\/li>\n<li><strong>La responsabilit\u00e9 personnelle des cadres<\/strong> : Pourquoi un fonctionnaire aurait-il le droit de dilapider des milliards sans jamais rendre de comptes sur ses \u00e9checs ?<\/li>\n<li><strong>La fin de l&rsquo;immunit\u00e9 de complaisance<\/strong> pour les organisations internationales qui interf\u00e8rent avec la politique sanitaire nationale.<\/li>\n<\/ul>\n<p id=\"ember62\" class=\"ember-view reader-text-block__paragraph\">La Suisse se targue d&rsquo;\u00eatre une d\u00e9mocratie directe. Aujourd&rsquo;hui, elle ressemble \u00e0 une filiale dont le conseil d&rsquo;administration a oubli\u00e9 qu&rsquo;il avait des comptes \u00e0 rendre \u00e0 ses actionnaires : <strong>le peuple.<\/strong> Le scandale est public, la r\u00e9ponse doit \u00eatre implacable.<\/p>\n<p id=\"ember63\" class=\"ember-view reader-text-block__paragraph\"><strong><em>Hat diese Analyse Ihr Interesse geweckt? Liken und erneut posten Sie, um uns zu helfen, ein breiteres Publikum zu erreichen.<\/em><\/strong><\/p>\n<p id=\"ember64\" class=\"ember-view reader-text-block__paragraph\"><strong>Was die Medien verschweigen, analysieren wir. Was Bern verhandelt, zerlegen wir. <\/strong><a class=\"xwxVfcRwnBUeGipgoiZPeKPJMrvzgAVqE\" tabindex=\"0\" href=\"https:\/\/souverainete-suisse.ch\/de\/\" target=\"_self\" data-test-app-aware-link=\"\"><strong>https:\/\/souverainete-suisse.ch\/<\/strong><\/a><\/p>\n<p id=\"ember65\" class=\"ember-view reader-text-block__paragraph\"><strong>Wir sind die H\u00fcter der Unabh\u00e4ngigkeit. Treten Sie der Bewegung Souver\u00e4ne Schweiz bei. Nicht morgen. Nicht sp\u00e4ter - Jetzt.<\/strong><\/p>\n<\/div>\n<\/div>\n<\/div>\n<\/div>","protected":false},"excerpt":{"rendered":"<p>\ud83c\udde8\ud83c\udded Berne, le r\u00e9veil brutal : quand l\u2019\u00c9tat de droit s\u2019efface devant Big Pharma L\u2019opacit\u00e9 n\u2019est plus une strat\u00e9gie de crise, c\u2019est devenu un mode de gouvernance. Ce qui vient d\u2019\u00eatre r\u00e9v\u00e9l\u00e9 \u00e0 Berne par l\u2019ABF et le conseiller national R\u00e9my Wyssmann n\u2019est pas une simple maladresse administrative. C\u2019est une trahison institutionnelle. Sous couvert d\u2019urgence [&hellip;]<\/p>\n","protected":false},"author":3,"featured_media":1115,"comment_status":"closed","ping_status":"closed","sticky":false,"template":"","format":"standard","meta":{"footnotes":""},"categories":[8,36],"tags":[],"class_list":["post-1114","post","type-post","status-publish","format-standard","has-post-thumbnail","hentry","category-politique-interieure","category-sante"],"yoast_head":"<!-- This site is optimized with the Yoast SEO plugin v26.9 - https:\/\/yoast.com\/product\/yoast-seo-wordpress\/ -->\n<title>\ud83c\udde8\ud83c\udded Berne, le r\u00e9veil brutal : quand l\u2019\u00c9tat de droit s\u2019efface devant Big Pharma - Mouvement Souverainet\u00e9 Suisse<\/title>\n<meta name=\"description\" content=\"Berne sous tension : contrats opaques, risques transf\u00e9r\u00e9s et influence de Big Pharma. Une enqu\u00eate choc sur la gestion vaccinale suisse.\" \/>\n<meta name=\"robots\" content=\"index, follow, max-snippet:-1, max-image-preview:large, max-video-preview:-1\" \/>\n<link rel=\"canonical\" href=\"https:\/\/souverainete-suisse.ch\/de\/2026\/04\/1114\/\" \/>\n<meta property=\"og:locale\" content=\"de_DE\" \/>\n<meta property=\"og:type\" content=\"article\" \/>\n<meta property=\"og:title\" content=\"\ud83c\udde8\ud83c\udded Berne, le r\u00e9veil brutal : quand l\u2019\u00c9tat de droit s\u2019efface devant Big Pharma - Mouvement Souverainet\u00e9 Suisse\" \/>\n<meta property=\"og:description\" content=\"Berne sous tension : contrats opaques, risques transf\u00e9r\u00e9s et influence de Big Pharma. Une enqu\u00eate choc sur la gestion vaccinale suisse.\" \/>\n<meta property=\"og:url\" content=\"https:\/\/souverainete-suisse.ch\/de\/2026\/04\/1114\/\" \/>\n<meta property=\"og:site_name\" content=\"Mouvement Souverainet\u00e9 Suisse\" \/>\n<meta property=\"article:published_time\" content=\"2026-04-28T12:41:55+00:00\" \/>\n<meta property=\"article:modified_time\" content=\"2026-04-28T12:42:51+00:00\" \/>\n<meta property=\"og:image\" content=\"https:\/\/souverainete-suisse.ch\/wp-content\/uploads\/2026\/04\/1777275003824.jpeg\" \/>\n\t<meta property=\"og:image:width\" content=\"1280\" \/>\n\t<meta property=\"og:image:height\" content=\"720\" \/>\n\t<meta property=\"og:image:type\" content=\"image\/jpeg\" \/>\n<meta name=\"author\" content=\"Philippe Renaud\" \/>\n<meta name=\"twitter:card\" content=\"summary_large_image\" \/>\n<meta name=\"twitter:label1\" content=\"Verfasst von\" \/>\n\t<meta name=\"twitter:data1\" content=\"Philippe Renaud\" \/>\n\t<meta name=\"twitter:label2\" content=\"Gesch\u00e4tzte Lesezeit\" \/>\n\t<meta name=\"twitter:data2\" content=\"4\u00a0Minuten\" \/>\n<script type=\"application\/ld+json\" class=\"yoast-schema-graph\">{\"@context\":\"https:\/\/schema.org\",\"@graph\":[{\"@type\":\"Article\",\"@id\":\"https:\/\/souverainete-suisse.ch\/2026\/04\/1114\/#article\",\"isPartOf\":{\"@id\":\"https:\/\/souverainete-suisse.ch\/2026\/04\/1114\/\"},\"author\":{\"name\":\"Philippe Renaud\",\"@id\":\"https:\/\/souverainete-suisse.ch\/#\/schema\/person\/fd126a65533b168ad053321f54cad987\"},\"headline\":\"\ud83c\udde8\ud83c\udded Berne, le r\u00e9veil brutal : quand l\u2019\u00c9tat de droit s\u2019efface devant Big Pharma\",\"datePublished\":\"2026-04-28T12:41:55+00:00\",\"dateModified\":\"2026-04-28T12:42:51+00:00\",\"mainEntityOfPage\":{\"@id\":\"https:\/\/souverainete-suisse.ch\/2026\/04\/1114\/\"},\"wordCount\":673,\"publisher\":{\"@id\":\"https:\/\/souverainete-suisse.ch\/#organization\"},\"image\":{\"@id\":\"https:\/\/souverainete-suisse.ch\/2026\/04\/1114\/#primaryimage\"},\"thumbnailUrl\":\"https:\/\/souverainete-suisse.ch\/wp-content\/uploads\/2026\/04\/1777275003824.jpeg\",\"articleSection\":[\"Politique int\u00e9rieure\",\"Sant\u00e9\"],\"inLanguage\":\"de\"},{\"@type\":\"WebPage\",\"@id\":\"https:\/\/souverainete-suisse.ch\/2026\/04\/1114\/\",\"url\":\"https:\/\/souverainete-suisse.ch\/2026\/04\/1114\/\",\"name\":\"\ud83c\udde8\ud83c\udded Berne, le r\u00e9veil brutal : quand l\u2019\u00c9tat de droit s\u2019efface devant Big Pharma - Mouvement Souverainet\u00e9 Suisse\",\"isPartOf\":{\"@id\":\"https:\/\/souverainete-suisse.ch\/#website\"},\"primaryImageOfPage\":{\"@id\":\"https:\/\/souverainete-suisse.ch\/2026\/04\/1114\/#primaryimage\"},\"image\":{\"@id\":\"https:\/\/souverainete-suisse.ch\/2026\/04\/1114\/#primaryimage\"},\"thumbnailUrl\":\"https:\/\/souverainete-suisse.ch\/wp-content\/uploads\/2026\/04\/1777275003824.jpeg\",\"datePublished\":\"2026-04-28T12:41:55+00:00\",\"dateModified\":\"2026-04-28T12:42:51+00:00\",\"description\":\"Berne sous tension : contrats opaques, risques transf\u00e9r\u00e9s et influence de Big Pharma. Une enqu\u00eate choc sur la gestion vaccinale suisse.\",\"breadcrumb\":{\"@id\":\"https:\/\/souverainete-suisse.ch\/2026\/04\/1114\/#breadcrumb\"},\"inLanguage\":\"de\",\"potentialAction\":[{\"@type\":\"ReadAction\",\"target\":[\"https:\/\/souverainete-suisse.ch\/2026\/04\/1114\/\"]}]},{\"@type\":\"ImageObject\",\"inLanguage\":\"de\",\"@id\":\"https:\/\/souverainete-suisse.ch\/2026\/04\/1114\/#primaryimage\",\"url\":\"https:\/\/souverainete-suisse.ch\/wp-content\/uploads\/2026\/04\/1777275003824.jpeg\",\"contentUrl\":\"https:\/\/souverainete-suisse.ch\/wp-content\/uploads\/2026\/04\/1777275003824.jpeg\",\"width\":1280,\"height\":720,\"caption\":\"\ud83c\udde8\ud83c\udded Berne sous tension : contrats opaques, risques transf\u00e9r\u00e9s et influence de Big Pharma. Une enqu\u00eate choc sur la gestion vaccinale suisse.\"},{\"@type\":\"BreadcrumbList\",\"@id\":\"https:\/\/souverainete-suisse.ch\/2026\/04\/1114\/#breadcrumb\",\"itemListElement\":[{\"@type\":\"ListItem\",\"position\":1,\"name\":\"Accueil\",\"item\":\"https:\/\/souverainete-suisse.ch\/\"},{\"@type\":\"ListItem\",\"position\":2,\"name\":\"\ud83c\udde8\ud83c\udded Berne, le r\u00e9veil brutal : quand l\u2019\u00c9tat de droit s\u2019efface devant Big Pharma\"}]},{\"@type\":\"WebSite\",\"@id\":\"https:\/\/souverainete-suisse.ch\/#website\",\"url\":\"https:\/\/souverainete-suisse.ch\/\",\"name\":\"Mouvement Souverainet\u00e9 Suisse\",\"description\":\"\",\"publisher\":{\"@id\":\"https:\/\/souverainete-suisse.ch\/#organization\"},\"potentialAction\":[{\"@type\":\"SearchAction\",\"target\":{\"@type\":\"EntryPoint\",\"urlTemplate\":\"https:\/\/souverainete-suisse.ch\/?s={search_term_string}\"},\"query-input\":{\"@type\":\"PropertyValueSpecification\",\"valueRequired\":true,\"valueName\":\"search_term_string\"}}],\"inLanguage\":\"de\"},{\"@type\":\"Organization\",\"@id\":\"https:\/\/souverainete-suisse.ch\/#organization\",\"name\":\"Mouvement Souverainet\u00e9 Suisse\",\"url\":\"https:\/\/souverainete-suisse.ch\/\",\"logo\":{\"@type\":\"ImageObject\",\"inLanguage\":\"de\",\"@id\":\"https:\/\/souverainete-suisse.ch\/#\/schema\/logo\/image\/\",\"url\":\"https:\/\/souverainete-suisse.ch\/wp-content\/uploads\/2025\/11\/logo.png\",\"contentUrl\":\"https:\/\/souverainete-suisse.ch\/wp-content\/uploads\/2025\/11\/logo.png\",\"width\":2053,\"height\":1461,\"caption\":\"Mouvement Souverainet\u00e9 Suisse\"},\"image\":{\"@id\":\"https:\/\/souverainete-suisse.ch\/#\/schema\/logo\/image\/\"}},{\"@type\":\"Person\",\"@id\":\"https:\/\/souverainete-suisse.ch\/#\/schema\/person\/fd126a65533b168ad053321f54cad987\",\"name\":\"Philippe Renaud\",\"image\":{\"@type\":\"ImageObject\",\"inLanguage\":\"de\",\"@id\":\"https:\/\/souverainete-suisse.ch\/#\/schema\/person\/image\/\",\"url\":\"https:\/\/secure.gravatar.com\/avatar\/ea457c55cfcfc8cbdb1077128f20033c33a8e982208b5ce9cc8eaeba2b6ff758?s=96&d=mm&r=g\",\"contentUrl\":\"https:\/\/secure.gravatar.com\/avatar\/ea457c55cfcfc8cbdb1077128f20033c33a8e982208b5ce9cc8eaeba2b6ff758?s=96&d=mm&r=g\",\"caption\":\"Philippe Renaud\"},\"url\":\"http:\/\/souverainete-suisse.ch\/de\/author\/philippe\/\"}]}<\/script>\n<!-- \/ Yoast SEO plugin. -->","yoast_head_json":{"title":"\ud83c\udde8\ud83c\udded Berne, le r\u00e9veil brutal : quand l\u2019\u00c9tat de droit s\u2019efface devant Big Pharma - Mouvement Souverainet\u00e9 Suisse","description":"Berne sous tension : contrats opaques, risques transf\u00e9r\u00e9s et influence de Big Pharma. Une enqu\u00eate choc sur la gestion vaccinale suisse.","robots":{"index":"index","follow":"follow","max-snippet":"max-snippet:-1","max-image-preview":"max-image-preview:large","max-video-preview":"max-video-preview:-1"},"canonical":"https:\/\/souverainete-suisse.ch\/de\/2026\/04\/1114\/","og_locale":"de_DE","og_type":"article","og_title":"\ud83c\udde8\ud83c\udded Berne, le r\u00e9veil brutal : quand l\u2019\u00c9tat de droit s\u2019efface devant Big Pharma - Mouvement Souverainet\u00e9 Suisse","og_description":"Berne sous tension : contrats opaques, risques transf\u00e9r\u00e9s et influence de Big Pharma. Une enqu\u00eate choc sur la gestion vaccinale suisse.","og_url":"https:\/\/souverainete-suisse.ch\/de\/2026\/04\/1114\/","og_site_name":"Mouvement Souverainet\u00e9 Suisse","article_published_time":"2026-04-28T12:41:55+00:00","article_modified_time":"2026-04-28T12:42:51+00:00","og_image":[{"width":1280,"height":720,"url":"https:\/\/souverainete-suisse.ch\/wp-content\/uploads\/2026\/04\/1777275003824.jpeg","type":"image\/jpeg"}],"author":"Philippe Renaud","twitter_card":"summary_large_image","twitter_misc":{"Verfasst von":"Philippe Renaud","Gesch\u00e4tzte Lesezeit":"4\u00a0Minuten"},"schema":{"@context":"https:\/\/schema.org","@graph":[{"@type":"Article","@id":"https:\/\/souverainete-suisse.ch\/2026\/04\/1114\/#article","isPartOf":{"@id":"https:\/\/souverainete-suisse.ch\/2026\/04\/1114\/"},"author":{"name":"Philippe Renaud","@id":"https:\/\/souverainete-suisse.ch\/#\/schema\/person\/fd126a65533b168ad053321f54cad987"},"headline":"\ud83c\udde8\ud83c\udded Berne, le r\u00e9veil brutal : quand l\u2019\u00c9tat de droit s\u2019efface devant Big Pharma","datePublished":"2026-04-28T12:41:55+00:00","dateModified":"2026-04-28T12:42:51+00:00","mainEntityOfPage":{"@id":"https:\/\/souverainete-suisse.ch\/2026\/04\/1114\/"},"wordCount":673,"publisher":{"@id":"https:\/\/souverainete-suisse.ch\/#organization"},"image":{"@id":"https:\/\/souverainete-suisse.ch\/2026\/04\/1114\/#primaryimage"},"thumbnailUrl":"https:\/\/souverainete-suisse.ch\/wp-content\/uploads\/2026\/04\/1777275003824.jpeg","articleSection":["Politique int\u00e9rieure","Sant\u00e9"],"inLanguage":"de"},{"@type":"WebPage","@id":"https:\/\/souverainete-suisse.ch\/2026\/04\/1114\/","url":"https:\/\/souverainete-suisse.ch\/2026\/04\/1114\/","name":"\ud83c\udde8\ud83c\udded Berne, le r\u00e9veil brutal : quand l\u2019\u00c9tat de droit s\u2019efface devant Big Pharma - Mouvement Souverainet\u00e9 Suisse","isPartOf":{"@id":"https:\/\/souverainete-suisse.ch\/#website"},"primaryImageOfPage":{"@id":"https:\/\/souverainete-suisse.ch\/2026\/04\/1114\/#primaryimage"},"image":{"@id":"https:\/\/souverainete-suisse.ch\/2026\/04\/1114\/#primaryimage"},"thumbnailUrl":"https:\/\/souverainete-suisse.ch\/wp-content\/uploads\/2026\/04\/1777275003824.jpeg","datePublished":"2026-04-28T12:41:55+00:00","dateModified":"2026-04-28T12:42:51+00:00","description":"Berne sous tension : contrats opaques, risques transf\u00e9r\u00e9s et influence de Big Pharma. Une enqu\u00eate choc sur la gestion vaccinale suisse.","breadcrumb":{"@id":"https:\/\/souverainete-suisse.ch\/2026\/04\/1114\/#breadcrumb"},"inLanguage":"de","potentialAction":[{"@type":"ReadAction","target":["https:\/\/souverainete-suisse.ch\/2026\/04\/1114\/"]}]},{"@type":"ImageObject","inLanguage":"de","@id":"https:\/\/souverainete-suisse.ch\/2026\/04\/1114\/#primaryimage","url":"https:\/\/souverainete-suisse.ch\/wp-content\/uploads\/2026\/04\/1777275003824.jpeg","contentUrl":"https:\/\/souverainete-suisse.ch\/wp-content\/uploads\/2026\/04\/1777275003824.jpeg","width":1280,"height":720,"caption":"\ud83c\udde8\ud83c\udded Berne sous tension : contrats opaques, risques transf\u00e9r\u00e9s et influence de Big Pharma. Une enqu\u00eate choc sur la gestion vaccinale suisse."},{"@type":"BreadcrumbList","@id":"https:\/\/souverainete-suisse.ch\/2026\/04\/1114\/#breadcrumb","itemListElement":[{"@type":"ListItem","position":1,"name":"Accueil","item":"https:\/\/souverainete-suisse.ch\/"},{"@type":"ListItem","position":2,"name":"\ud83c\udde8\ud83c\udded Berne, le r\u00e9veil brutal : quand l\u2019\u00c9tat de droit s\u2019efface devant Big Pharma"}]},{"@type":"WebSite","@id":"https:\/\/souverainete-suisse.ch\/#website","url":"https:\/\/souverainete-suisse.ch\/","name":"Bewegung Souver\u00e4ne Schweiz","description":"","publisher":{"@id":"https:\/\/souverainete-suisse.ch\/#organization"},"potentialAction":[{"@type":"SearchAction","target":{"@type":"EntryPoint","urlTemplate":"https:\/\/souverainete-suisse.ch\/?s={search_term_string}"},"query-input":{"@type":"PropertyValueSpecification","valueRequired":true,"valueName":"search_term_string"}}],"inLanguage":"de"},{"@type":"Organization","@id":"https:\/\/souverainete-suisse.ch\/#organization","name":"Bewegung Souver\u00e4ne Schweiz","url":"https:\/\/souverainete-suisse.ch\/","logo":{"@type":"ImageObject","inLanguage":"de","@id":"https:\/\/souverainete-suisse.ch\/#\/schema\/logo\/image\/","url":"https:\/\/souverainete-suisse.ch\/wp-content\/uploads\/2025\/11\/logo.png","contentUrl":"https:\/\/souverainete-suisse.ch\/wp-content\/uploads\/2025\/11\/logo.png","width":2053,"height":1461,"caption":"Mouvement Souverainet\u00e9 Suisse"},"image":{"@id":"https:\/\/souverainete-suisse.ch\/#\/schema\/logo\/image\/"}},{"@type":"Person","@id":"https:\/\/souverainete-suisse.ch\/#\/schema\/person\/fd126a65533b168ad053321f54cad987","name":"Philippe Renaud","image":{"@type":"ImageObject","inLanguage":"de","@id":"https:\/\/souverainete-suisse.ch\/#\/schema\/person\/image\/","url":"https:\/\/secure.gravatar.com\/avatar\/ea457c55cfcfc8cbdb1077128f20033c33a8e982208b5ce9cc8eaeba2b6ff758?s=96&d=mm&r=g","contentUrl":"https:\/\/secure.gravatar.com\/avatar\/ea457c55cfcfc8cbdb1077128f20033c33a8e982208b5ce9cc8eaeba2b6ff758?s=96&d=mm&r=g","caption":"Philippe Renaud"},"url":"http:\/\/souverainete-suisse.ch\/de\/author\/philippe\/"}]}},"_links":{"self":[{"href":"http:\/\/souverainete-suisse.ch\/de\/wp-json\/wp\/v2\/posts\/1114","targetHints":{"allow":["GET"]}}],"collection":[{"href":"http:\/\/souverainete-suisse.ch\/de\/wp-json\/wp\/v2\/posts"}],"about":[{"href":"http:\/\/souverainete-suisse.ch\/de\/wp-json\/wp\/v2\/types\/post"}],"author":[{"embeddable":true,"href":"http:\/\/souverainete-suisse.ch\/de\/wp-json\/wp\/v2\/users\/3"}],"replies":[{"embeddable":true,"href":"http:\/\/souverainete-suisse.ch\/de\/wp-json\/wp\/v2\/comments?post=1114"}],"version-history":[{"count":2,"href":"http:\/\/souverainete-suisse.ch\/de\/wp-json\/wp\/v2\/posts\/1114\/revisions"}],"predecessor-version":[{"id":1117,"href":"http:\/\/souverainete-suisse.ch\/de\/wp-json\/wp\/v2\/posts\/1114\/revisions\/1117"}],"wp:featuredmedia":[{"embeddable":true,"href":"http:\/\/souverainete-suisse.ch\/de\/wp-json\/wp\/v2\/media\/1115"}],"wp:attachment":[{"href":"http:\/\/souverainete-suisse.ch\/de\/wp-json\/wp\/v2\/media?parent=1114"}],"wp:term":[{"taxonomy":"category","embeddable":true,"href":"http:\/\/souverainete-suisse.ch\/de\/wp-json\/wp\/v2\/categories?post=1114"},{"taxonomy":"post_tag","embeddable":true,"href":"http:\/\/souverainete-suisse.ch\/de\/wp-json\/wp\/v2\/tags?post=1114"}],"curies":[{"name":"wp","href":"https:\/\/api.w.org\/{rel}","templated":true}]}}