{"id":1109,"date":"2026-04-26T21:39:32","date_gmt":"2026-04-26T19:39:32","guid":{"rendered":"https:\/\/souverainete-suisse.ch\/?p=1109"},"modified":"2026-04-26T21:39:32","modified_gmt":"2026-04-26T19:39:32","slug":"am-14-juni-ubernehmen-wir-die-schlussel-fur-unser-haus","status":"publish","type":"post","link":"http:\/\/souverainete-suisse.ch\/de\/2026\/04\/am-14-juni-ubernehmen-wir-die-schlussel-fur-unser-haus\/","title":{"rendered":"14. Juni: Holen wir uns unser Haus zur\u00fcck"},"content":{"rendered":"<header aria-label=\"Artikel\u00fcberschrift\">\n<h1 class=\"reader-article-header__title\" dir=\"ltr\"><span style=\"font-size: 16px;\">Die Zeit der halben Ma\u00dfnahmen und h\u00f6flichen Nettigkeiten ist vorbei. Da das Volk zu den Wahlurnen gerufen wird am <\/span><strong style=\"font-size: 16px;\">14. Juni 2026<\/strong><span style=\"font-size: 16px;\">, die Eins\u00e4tze gehen \u00fcber einfache Statistiken hinaus: Es ist die Seele der Schweiz selbst, ihre christlichen Wurzeln und ihr Freiheitsmodell, die von einer Aufl\u00f6sung bedroht sind.<\/span><\/h1>\n<\/header>\n<div class=\"relative reader__grid\">\n<div data-scaffold-immersive-reader-content=\"\">\n<div class=\"reader-article-content reader-article-content--content-blocks\" dir=\"ltr\">\n<div class=\"reader-content-blocks-container\">\n<h3 id=\"ember51\" class=\"ember-view reader-text-block__heading-3\">1. Schweizer Identit\u00e4t angesichts des Kulturschocks<\/h3>\n<p id=\"ember52\" class=\"ember-view reader-text-block__paragraph\">Die Schweiz ist keine vertauschbare Freihandelszone. Unsere Nation ruht auf S\u00e4ulen der Eigenverantwortung und des Zusammenhaltes, die der Ausbreitung eines Kommunitarismus, der aus massiver Zuwanderung resultiert, frontal entgegenstehen.<\/p>\n<ul>\n<li><strong>Soziale Spaltung<\/strong> Indem wir auf die Forderung nach echter Assimilation verzichten, lassen wir ein explosives kulturelles Aufeinandertreffen zu.<\/li>\n<li><strong>Glaubensfrieden<\/strong> Der Zusammenhalt der Eidgenossenschaft ist durch das Vergessen unserer Ahnenwerte geschw\u00e4cht.<\/li>\n<\/ul>\n<h3 id=\"ember54\" class=\"ember-view reader-text-block__heading-3\">2. Der Erfolg der Souver\u00e4nit\u00e4t: Der Beweis durch Zahlen<\/h3>\n<p id=\"ember55\" class=\"ember-view reader-text-block__paragraph\">Gegen die Rhetorik der Euro-Fanatiker spricht die wirtschaftliche Realit\u00e4t eine klare Sprache: <strong>Unabh\u00e4ngigkeit schafft Reichtum.<\/strong><\/p>\n<ul>\n<li><strong>Schweiz:<\/strong> Nominales BIP pro Kopf von mehr als <strong>105 000 \u20ac<\/strong>.<\/li>\n<li><strong>Deutschland (EU):<\/strong> Deckenleuchte <strong>55 000 \u20ac<\/strong>.<\/li>\n<\/ul>\n<h3 id=\"ember57\" class=\"ember-view reader-text-block__heading-3\">3. 25 Jahre Freiz\u00fcgigkeit: Die Bilanz eines Desasters<\/h3>\n<div class=\"reader-image-block reader-image-block--full-width\">\n<figure class=\"reader-image-block__figure\">\n<div class=\"ivm-image-view-model    reader-image-block__img-container\">\n<div class=\"ivm-view-attr__img-wrapper\"><img decoding=\"async\" id=\"ember58\" class=\"ivm-view-attr__img--centered  reader-image-block__img evi-image lazy-image ember-view\" src=\"https:\/\/media.licdn.com\/dms\/image\/v2\/D4E12AQHCIHwdCkWtBg\/article-inline_image-shrink_1000_1488\/B4EZ2wOH68KEAQ-\/0\/1776777986716?e=1778716800&amp;v=beta&amp;t=qVJZhJjliBEROs2qpeqyl3y5-OSwbRJ6TJsmx-cZ2ng\" alt=\"Inhalt des Artikels\" \/><\/div>\n<\/div><figcaption class=\"reader-image-block__figure-image-caption display-block full-width text-body-small-open t-sans text-align-center t-black--light\">Freiz\u00fcgigkeit: Die Bilanz eines nationalen Desasters vor dem 14. Juni<\/figcaption><\/figure>\n<\/div>\n<h3 id=\"ember59\" class=\"ember-view reader-text-block__heading-3\">Die Steuererpressung und die Angst brechen<\/h3>\n<p id=\"ember60\" class=\"ember-view reader-text-block__paragraph\">Um dieses Debakel zu vertuschen, vervielfachen die Anh\u00e4nger des Status quo die \u00ab\u00f6kologischen\u00bb Steuern und versteckten Abgaben. Sie sch\u00fcren die Angst vor dem \u00abChaos\u00bb im Falle eines Sieges der Initiative, w\u00e4hrend sie selbst die Brandstifter unseres nationalen Zusammenhalts sind.<\/p>\n<h3 id=\"ember61\" class=\"ember-view reader-text-block__heading-3\">Schlussfolgerung: Die Wahl eines Schicksals<\/h3>\n<p id=\"ember62\" class=\"ember-view reader-text-block__paragraph\">Am 14. Juni geht es nicht um Kleinstadtquerelen oder redaktionellen Druck. Es geht darum zu entscheiden, ob die Schweiz die Schweiz bleiben oder zu einer seelenlosen Verwaltungszone werden soll.<\/p>\n<p id=\"ember63\" class=\"ember-view reader-text-block__paragraph\">F\u00fcr die Initiative stimmen <strong>\u00abKeine 10-Millionen-Schweiz!\u00bb<\/strong>, das ist :<\/p>\n<ol>\n<li><strong>Ablehnen<\/strong> die Verarmung der Mittelschicht.<\/li>\n<li><strong>Verlangen<\/strong> dass unser Sozialsystem zuerst die Unseren sch\u00fctzt.<\/li>\n<li><strong>Verteidigen<\/strong> unsere Freiheit angesichts des europ\u00e4ischen Niedergangs.<\/li>\n<\/ol>\n<p id=\"ember65\" class=\"ember-view reader-text-block__paragraph\"><strong>Am 14. Juni geben wir der Schweiz ihre Zukunft zur\u00fcck. Retten wir unser Vaterland.<\/strong><\/p>\n<p id=\"ember66\" class=\"ember-view reader-text-block__paragraph\"><strong>Angesichts der Verachtung der Eliten lassen wir die Stimme des wirklichen Schweizer Volkes erklingen. Liken, reposten und verbreiten Sie diese Botschaft \u00fcberall: Die Zukunft unserer Heimat h\u00e4ngt davon ab!<\/strong><\/p>\n<p id=\"ember67\" class=\"ember-view reader-text-block__paragraph\"><strong>Was die Medien verschweigen, analysieren wir. Was Bern verhandelt, zerlegen wir. <\/strong><a class=\"xwxVfcRwnBUeGipgoiZPeKPJMrvzgAVqE\" tabindex=\"0\" href=\"https:\/\/souverainete-suisse.ch\/de\/\" target=\"_self\" data-test-app-aware-link=\"\"><strong>https:\/\/souverainete-suisse.ch\/<\/strong><\/a><\/p>\n<p id=\"ember68\" class=\"ember-view reader-text-block__paragraph\"><strong>Wir sind die H\u00fcter der Unabh\u00e4ngigkeit. Treten Sie der Bewegung Souver\u00e4ne Schweiz bei. Nicht morgen. Nicht sp\u00e4ter - Jetzt.<\/strong><\/p>\n<\/div>\n<\/div>\n<\/div>\n<\/div>","protected":false},"excerpt":{"rendered":"<p>L\u2019heure n\u2019est plus aux demi-mesures ni aux politesses de salon. Alors que le peuple est appel\u00e9 aux urnes le 14 juin 2026, l\u2019enjeu d\u00e9passe les simples statistiques : c\u2019est l\u2019\u00e2me m\u00eame de la Suisse, ses racines chr\u00e9tiennes et son mod\u00e8le de libert\u00e9 qui sont menac\u00e9s de dissolution. 1. L\u2019identit\u00e9 helv\u00e9tique face au choc culturel La [&hellip;]<\/p>\n","protected":false},"author":3,"featured_media":1108,"comment_status":"closed","ping_status":"closed","sticky":false,"template":"","format":"standard","meta":{"footnotes":""},"categories":[10],"tags":[],"class_list":["post-1109","post","type-post","status-publish","format-standard","has-post-thumbnail","hentry","category-referendums"],"yoast_head":"<!-- This site is optimized with the Yoast SEO plugin v26.9 - https:\/\/yoast.com\/product\/yoast-seo-wordpress\/ -->\n<title>\ud83c\udde8\ud83c\udded Le 14 juin : Reprenons les cl\u00e9s de notre maison - Mouvement Souverainet\u00e9 Suisse<\/title>\n<meta name=\"description\" content=\"Vote du 14 juin 2026 en Suisse : immigration, souverainet\u00e9 et \u00e9conomie. D\u00e9cryptage des enjeux autour de l\u2019initiative \u00ab Pas de Suisse \u00e0 10 millions \u00bb.\" \/>\n<meta name=\"robots\" content=\"index, follow, max-snippet:-1, max-image-preview:large, max-video-preview:-1\" \/>\n<link rel=\"canonical\" href=\"https:\/\/souverainete-suisse.ch\/de\/2026\/04\/am-14-juni-ubernehmen-wir-die-schlussel-fur-unser-haus\/\" \/>\n<meta property=\"og:locale\" content=\"de_DE\" \/>\n<meta property=\"og:type\" content=\"article\" \/>\n<meta property=\"og:title\" content=\"\ud83c\udde8\ud83c\udded Le 14 juin : Reprenons les cl\u00e9s de notre maison - Mouvement Souverainet\u00e9 Suisse\" \/>\n<meta property=\"og:description\" content=\"Vote du 14 juin 2026 en Suisse : immigration, souverainet\u00e9 et \u00e9conomie. D\u00e9cryptage des enjeux autour de l\u2019initiative \u00ab Pas de Suisse \u00e0 10 millions \u00bb.\" \/>\n<meta property=\"og:url\" content=\"https:\/\/souverainete-suisse.ch\/de\/2026\/04\/am-14-juni-ubernehmen-wir-die-schlussel-fur-unser-haus\/\" \/>\n<meta property=\"og:site_name\" content=\"Mouvement Souverainet\u00e9 Suisse\" \/>\n<meta property=\"article:published_time\" content=\"2026-04-26T19:39:32+00:00\" \/>\n<meta property=\"og:image\" content=\"https:\/\/souverainete-suisse.ch\/wp-content\/uploads\/2026\/04\/1776778356630.jpeg\" \/>\n\t<meta property=\"og:image:width\" content=\"1279\" \/>\n\t<meta property=\"og:image:height\" content=\"720\" \/>\n\t<meta property=\"og:image:type\" content=\"image\/jpeg\" \/>\n<meta name=\"author\" content=\"Philippe Renaud\" \/>\n<meta name=\"twitter:card\" content=\"summary_large_image\" \/>\n<meta name=\"twitter:label1\" content=\"Verfasst von\" \/>\n\t<meta name=\"twitter:data1\" content=\"Philippe Renaud\" \/>\n\t<meta name=\"twitter:label2\" content=\"Gesch\u00e4tzte Lesezeit\" \/>\n\t<meta name=\"twitter:data2\" content=\"3\u00a0Minuten\" \/>\n<script type=\"application\/ld+json\" class=\"yoast-schema-graph\">{\"@context\":\"https:\/\/schema.org\",\"@graph\":[{\"@type\":\"Article\",\"@id\":\"https:\/\/souverainete-suisse.ch\/2026\/04\/%f0%9f%87%a8%f0%9f%87%ad-le-14-juin-reprenons-les-cles-de-notre-maison\/#article\",\"isPartOf\":{\"@id\":\"https:\/\/souverainete-suisse.ch\/2026\/04\/%f0%9f%87%a8%f0%9f%87%ad-le-14-juin-reprenons-les-cles-de-notre-maison\/\"},\"author\":{\"name\":\"Philippe Renaud\",\"@id\":\"https:\/\/souverainete-suisse.ch\/#\/schema\/person\/fd126a65533b168ad053321f54cad987\"},\"headline\":\"\ud83c\udde8\ud83c\udded Le 14 juin : Reprenons les cl\u00e9s de notre maison\",\"datePublished\":\"2026-04-26T19:39:32+00:00\",\"mainEntityOfPage\":{\"@id\":\"https:\/\/souverainete-suisse.ch\/2026\/04\/%f0%9f%87%a8%f0%9f%87%ad-le-14-juin-reprenons-les-cles-de-notre-maison\/\"},\"wordCount\":427,\"publisher\":{\"@id\":\"https:\/\/souverainete-suisse.ch\/#organization\"},\"image\":{\"@id\":\"https:\/\/souverainete-suisse.ch\/2026\/04\/%f0%9f%87%a8%f0%9f%87%ad-le-14-juin-reprenons-les-cles-de-notre-maison\/#primaryimage\"},\"thumbnailUrl\":\"https:\/\/souverainete-suisse.ch\/wp-content\/uploads\/2026\/04\/1776778356630.jpeg\",\"articleSection\":[\"R\u00e9f\u00e9rendums\"],\"inLanguage\":\"de\"},{\"@type\":\"WebPage\",\"@id\":\"https:\/\/souverainete-suisse.ch\/2026\/04\/%f0%9f%87%a8%f0%9f%87%ad-le-14-juin-reprenons-les-cles-de-notre-maison\/\",\"url\":\"https:\/\/souverainete-suisse.ch\/2026\/04\/%f0%9f%87%a8%f0%9f%87%ad-le-14-juin-reprenons-les-cles-de-notre-maison\/\",\"name\":\"\ud83c\udde8\ud83c\udded Le 14 juin : Reprenons les cl\u00e9s de notre maison - Mouvement Souverainet\u00e9 Suisse\",\"isPartOf\":{\"@id\":\"https:\/\/souverainete-suisse.ch\/#website\"},\"primaryImageOfPage\":{\"@id\":\"https:\/\/souverainete-suisse.ch\/2026\/04\/%f0%9f%87%a8%f0%9f%87%ad-le-14-juin-reprenons-les-cles-de-notre-maison\/#primaryimage\"},\"image\":{\"@id\":\"https:\/\/souverainete-suisse.ch\/2026\/04\/%f0%9f%87%a8%f0%9f%87%ad-le-14-juin-reprenons-les-cles-de-notre-maison\/#primaryimage\"},\"thumbnailUrl\":\"https:\/\/souverainete-suisse.ch\/wp-content\/uploads\/2026\/04\/1776778356630.jpeg\",\"datePublished\":\"2026-04-26T19:39:32+00:00\",\"description\":\"Vote du 14 juin 2026 en Suisse : immigration, souverainet\u00e9 et \u00e9conomie. D\u00e9cryptage des enjeux autour de l\u2019initiative \u00ab Pas de Suisse \u00e0 10 millions \u00bb.\",\"breadcrumb\":{\"@id\":\"https:\/\/souverainete-suisse.ch\/2026\/04\/%f0%9f%87%a8%f0%9f%87%ad-le-14-juin-reprenons-les-cles-de-notre-maison\/#breadcrumb\"},\"inLanguage\":\"de\",\"potentialAction\":[{\"@type\":\"ReadAction\",\"target\":[\"https:\/\/souverainete-suisse.ch\/2026\/04\/%f0%9f%87%a8%f0%9f%87%ad-le-14-juin-reprenons-les-cles-de-notre-maison\/\"]}]},{\"@type\":\"ImageObject\",\"inLanguage\":\"de\",\"@id\":\"https:\/\/souverainete-suisse.ch\/2026\/04\/%f0%9f%87%a8%f0%9f%87%ad-le-14-juin-reprenons-les-cles-de-notre-maison\/#primaryimage\",\"url\":\"https:\/\/souverainete-suisse.ch\/wp-content\/uploads\/2026\/04\/1776778356630.jpeg\",\"contentUrl\":\"https:\/\/souverainete-suisse.ch\/wp-content\/uploads\/2026\/04\/1776778356630.jpeg\",\"width\":1279,\"height\":720},{\"@type\":\"BreadcrumbList\",\"@id\":\"https:\/\/souverainete-suisse.ch\/2026\/04\/%f0%9f%87%a8%f0%9f%87%ad-le-14-juin-reprenons-les-cles-de-notre-maison\/#breadcrumb\",\"itemListElement\":[{\"@type\":\"ListItem\",\"position\":1,\"name\":\"Accueil\",\"item\":\"https:\/\/souverainete-suisse.ch\/\"},{\"@type\":\"ListItem\",\"position\":2,\"name\":\"\ud83c\udde8\ud83c\udded Le 14 juin : Reprenons les cl\u00e9s de notre maison\"}]},{\"@type\":\"WebSite\",\"@id\":\"https:\/\/souverainete-suisse.ch\/#website\",\"url\":\"https:\/\/souverainete-suisse.ch\/\",\"name\":\"Mouvement Souverainet\u00e9 Suisse\",\"description\":\"\",\"publisher\":{\"@id\":\"https:\/\/souverainete-suisse.ch\/#organization\"},\"potentialAction\":[{\"@type\":\"SearchAction\",\"target\":{\"@type\":\"EntryPoint\",\"urlTemplate\":\"https:\/\/souverainete-suisse.ch\/?s={search_term_string}\"},\"query-input\":{\"@type\":\"PropertyValueSpecification\",\"valueRequired\":true,\"valueName\":\"search_term_string\"}}],\"inLanguage\":\"de\"},{\"@type\":\"Organization\",\"@id\":\"https:\/\/souverainete-suisse.ch\/#organization\",\"name\":\"Mouvement Souverainet\u00e9 Suisse\",\"url\":\"https:\/\/souverainete-suisse.ch\/\",\"logo\":{\"@type\":\"ImageObject\",\"inLanguage\":\"de\",\"@id\":\"https:\/\/souverainete-suisse.ch\/#\/schema\/logo\/image\/\",\"url\":\"https:\/\/souverainete-suisse.ch\/wp-content\/uploads\/2025\/11\/logo.png\",\"contentUrl\":\"https:\/\/souverainete-suisse.ch\/wp-content\/uploads\/2025\/11\/logo.png\",\"width\":2053,\"height\":1461,\"caption\":\"Mouvement Souverainet\u00e9 Suisse\"},\"image\":{\"@id\":\"https:\/\/souverainete-suisse.ch\/#\/schema\/logo\/image\/\"}},{\"@type\":\"Person\",\"@id\":\"https:\/\/souverainete-suisse.ch\/#\/schema\/person\/fd126a65533b168ad053321f54cad987\",\"name\":\"Philippe Renaud\",\"image\":{\"@type\":\"ImageObject\",\"inLanguage\":\"de\",\"@id\":\"https:\/\/souverainete-suisse.ch\/#\/schema\/person\/image\/\",\"url\":\"https:\/\/secure.gravatar.com\/avatar\/ea457c55cfcfc8cbdb1077128f20033c33a8e982208b5ce9cc8eaeba2b6ff758?s=96&d=mm&r=g\",\"contentUrl\":\"https:\/\/secure.gravatar.com\/avatar\/ea457c55cfcfc8cbdb1077128f20033c33a8e982208b5ce9cc8eaeba2b6ff758?s=96&d=mm&r=g\",\"caption\":\"Philippe Renaud\"},\"url\":\"http:\/\/souverainete-suisse.ch\/de\/author\/philippe\/\"}]}<\/script>\n<!-- \/ Yoast SEO plugin. -->","yoast_head_json":{"title":"\ud83c\udde8\ud83c\udded 14. Juni: Nehmen wir die Schl\u00fcssel unseres Hauses zur\u00fcck - Bewegung Souver\u00e4nit\u00e4t Schweiz","description":"Abstimmung vom 14. Juni 2026 in der Schweiz: Einwanderung, Souver\u00e4nit\u00e4t und Wirtschaft. Analyse der Herausforderungen rund um die Initiative \u00abKeine Schweiz mit 10 Millionen\u00bb.","robots":{"index":"index","follow":"follow","max-snippet":"max-snippet:-1","max-image-preview":"max-image-preview:large","max-video-preview":"max-video-preview:-1"},"canonical":"https:\/\/souverainete-suisse.ch\/de\/2026\/04\/am-14-juni-ubernehmen-wir-die-schlussel-fur-unser-haus\/","og_locale":"de_DE","og_type":"article","og_title":"\ud83c\udde8\ud83c\udded Le 14 juin : Reprenons les cl\u00e9s de notre maison - Mouvement Souverainet\u00e9 Suisse","og_description":"Vote du 14 juin 2026 en Suisse : immigration, souverainet\u00e9 et \u00e9conomie. D\u00e9cryptage des enjeux autour de l\u2019initiative \u00ab Pas de Suisse \u00e0 10 millions \u00bb.","og_url":"https:\/\/souverainete-suisse.ch\/de\/2026\/04\/am-14-juni-ubernehmen-wir-die-schlussel-fur-unser-haus\/","og_site_name":"Mouvement Souverainet\u00e9 Suisse","article_published_time":"2026-04-26T19:39:32+00:00","og_image":[{"width":1279,"height":720,"url":"https:\/\/souverainete-suisse.ch\/wp-content\/uploads\/2026\/04\/1776778356630.jpeg","type":"image\/jpeg"}],"author":"Philippe Renaud","twitter_card":"summary_large_image","twitter_misc":{"Verfasst von":"Philippe Renaud","Gesch\u00e4tzte Lesezeit":"3\u00a0Minuten"},"schema":{"@context":"https:\/\/schema.org","@graph":[{"@type":"Article","@id":"https:\/\/souverainete-suisse.ch\/2026\/04\/%f0%9f%87%a8%f0%9f%87%ad-le-14-juin-reprenons-les-cles-de-notre-maison\/#article","isPartOf":{"@id":"https:\/\/souverainete-suisse.ch\/2026\/04\/%f0%9f%87%a8%f0%9f%87%ad-le-14-juin-reprenons-les-cles-de-notre-maison\/"},"author":{"name":"Philippe Renaud","@id":"https:\/\/souverainete-suisse.ch\/#\/schema\/person\/fd126a65533b168ad053321f54cad987"},"headline":"\ud83c\udde8\ud83c\udded Le 14 juin : Reprenons les cl\u00e9s de notre maison","datePublished":"2026-04-26T19:39:32+00:00","mainEntityOfPage":{"@id":"https:\/\/souverainete-suisse.ch\/2026\/04\/%f0%9f%87%a8%f0%9f%87%ad-le-14-juin-reprenons-les-cles-de-notre-maison\/"},"wordCount":427,"publisher":{"@id":"https:\/\/souverainete-suisse.ch\/#organization"},"image":{"@id":"https:\/\/souverainete-suisse.ch\/2026\/04\/%f0%9f%87%a8%f0%9f%87%ad-le-14-juin-reprenons-les-cles-de-notre-maison\/#primaryimage"},"thumbnailUrl":"https:\/\/souverainete-suisse.ch\/wp-content\/uploads\/2026\/04\/1776778356630.jpeg","articleSection":["R\u00e9f\u00e9rendums"],"inLanguage":"de"},{"@type":"WebPage","@id":"https:\/\/souverainete-suisse.ch\/2026\/04\/%f0%9f%87%a8%f0%9f%87%ad-le-14-juin-reprenons-les-cles-de-notre-maison\/","url":"https:\/\/souverainete-suisse.ch\/2026\/04\/%f0%9f%87%a8%f0%9f%87%ad-le-14-juin-reprenons-les-cles-de-notre-maison\/","name":"\ud83c\udde8\ud83c\udded 14. Juni: Nehmen wir die Schl\u00fcssel unseres Hauses zur\u00fcck - Bewegung Souver\u00e4nit\u00e4t Schweiz","isPartOf":{"@id":"https:\/\/souverainete-suisse.ch\/#website"},"primaryImageOfPage":{"@id":"https:\/\/souverainete-suisse.ch\/2026\/04\/%f0%9f%87%a8%f0%9f%87%ad-le-14-juin-reprenons-les-cles-de-notre-maison\/#primaryimage"},"image":{"@id":"https:\/\/souverainete-suisse.ch\/2026\/04\/%f0%9f%87%a8%f0%9f%87%ad-le-14-juin-reprenons-les-cles-de-notre-maison\/#primaryimage"},"thumbnailUrl":"https:\/\/souverainete-suisse.ch\/wp-content\/uploads\/2026\/04\/1776778356630.jpeg","datePublished":"2026-04-26T19:39:32+00:00","description":"Abstimmung vom 14. Juni 2026 in der Schweiz: Einwanderung, Souver\u00e4nit\u00e4t und Wirtschaft. Analyse der Herausforderungen rund um die Initiative \u00abKeine Schweiz mit 10 Millionen\u00bb.","breadcrumb":{"@id":"https:\/\/souverainete-suisse.ch\/2026\/04\/%f0%9f%87%a8%f0%9f%87%ad-le-14-juin-reprenons-les-cles-de-notre-maison\/#breadcrumb"},"inLanguage":"de","potentialAction":[{"@type":"ReadAction","target":["https:\/\/souverainete-suisse.ch\/2026\/04\/%f0%9f%87%a8%f0%9f%87%ad-le-14-juin-reprenons-les-cles-de-notre-maison\/"]}]},{"@type":"ImageObject","inLanguage":"de","@id":"https:\/\/souverainete-suisse.ch\/2026\/04\/%f0%9f%87%a8%f0%9f%87%ad-le-14-juin-reprenons-les-cles-de-notre-maison\/#primaryimage","url":"https:\/\/souverainete-suisse.ch\/wp-content\/uploads\/2026\/04\/1776778356630.jpeg","contentUrl":"https:\/\/souverainete-suisse.ch\/wp-content\/uploads\/2026\/04\/1776778356630.jpeg","width":1279,"height":720},{"@type":"BreadcrumbList","@id":"https:\/\/souverainete-suisse.ch\/2026\/04\/%f0%9f%87%a8%f0%9f%87%ad-le-14-juin-reprenons-les-cles-de-notre-maison\/#breadcrumb","itemListElement":[{"@type":"ListItem","position":1,"name":"Accueil","item":"https:\/\/souverainete-suisse.ch\/"},{"@type":"ListItem","position":2,"name":"\ud83c\udde8\ud83c\udded Le 14 juin : Reprenons les cl\u00e9s de notre maison"}]},{"@type":"WebSite","@id":"https:\/\/souverainete-suisse.ch\/#website","url":"https:\/\/souverainete-suisse.ch\/","name":"Bewegung Souver\u00e4ne Schweiz","description":"","publisher":{"@id":"https:\/\/souverainete-suisse.ch\/#organization"},"potentialAction":[{"@type":"SearchAction","target":{"@type":"EntryPoint","urlTemplate":"https:\/\/souverainete-suisse.ch\/?s={search_term_string}"},"query-input":{"@type":"PropertyValueSpecification","valueRequired":true,"valueName":"search_term_string"}}],"inLanguage":"de"},{"@type":"Organization","@id":"https:\/\/souverainete-suisse.ch\/#organization","name":"Bewegung Souver\u00e4ne Schweiz","url":"https:\/\/souverainete-suisse.ch\/","logo":{"@type":"ImageObject","inLanguage":"de","@id":"https:\/\/souverainete-suisse.ch\/#\/schema\/logo\/image\/","url":"https:\/\/souverainete-suisse.ch\/wp-content\/uploads\/2025\/11\/logo.png","contentUrl":"https:\/\/souverainete-suisse.ch\/wp-content\/uploads\/2025\/11\/logo.png","width":2053,"height":1461,"caption":"Mouvement Souverainet\u00e9 Suisse"},"image":{"@id":"https:\/\/souverainete-suisse.ch\/#\/schema\/logo\/image\/"}},{"@type":"Person","@id":"https:\/\/souverainete-suisse.ch\/#\/schema\/person\/fd126a65533b168ad053321f54cad987","name":"Philippe Renaud","image":{"@type":"ImageObject","inLanguage":"de","@id":"https:\/\/souverainete-suisse.ch\/#\/schema\/person\/image\/","url":"https:\/\/secure.gravatar.com\/avatar\/ea457c55cfcfc8cbdb1077128f20033c33a8e982208b5ce9cc8eaeba2b6ff758?s=96&d=mm&r=g","contentUrl":"https:\/\/secure.gravatar.com\/avatar\/ea457c55cfcfc8cbdb1077128f20033c33a8e982208b5ce9cc8eaeba2b6ff758?s=96&d=mm&r=g","caption":"Philippe Renaud"},"url":"http:\/\/souverainete-suisse.ch\/de\/author\/philippe\/"}]}},"_links":{"self":[{"href":"http:\/\/souverainete-suisse.ch\/de\/wp-json\/wp\/v2\/posts\/1109","targetHints":{"allow":["GET"]}}],"collection":[{"href":"http:\/\/souverainete-suisse.ch\/de\/wp-json\/wp\/v2\/posts"}],"about":[{"href":"http:\/\/souverainete-suisse.ch\/de\/wp-json\/wp\/v2\/types\/post"}],"author":[{"embeddable":true,"href":"http:\/\/souverainete-suisse.ch\/de\/wp-json\/wp\/v2\/users\/3"}],"replies":[{"embeddable":true,"href":"http:\/\/souverainete-suisse.ch\/de\/wp-json\/wp\/v2\/comments?post=1109"}],"version-history":[{"count":1,"href":"http:\/\/souverainete-suisse.ch\/de\/wp-json\/wp\/v2\/posts\/1109\/revisions"}],"predecessor-version":[{"id":1110,"href":"http:\/\/souverainete-suisse.ch\/de\/wp-json\/wp\/v2\/posts\/1109\/revisions\/1110"}],"wp:featuredmedia":[{"embeddable":true,"href":"http:\/\/souverainete-suisse.ch\/de\/wp-json\/wp\/v2\/media\/1108"}],"wp:attachment":[{"href":"http:\/\/souverainete-suisse.ch\/de\/wp-json\/wp\/v2\/media?parent=1109"}],"wp:term":[{"taxonomy":"category","embeddable":true,"href":"http:\/\/souverainete-suisse.ch\/de\/wp-json\/wp\/v2\/categories?post=1109"},{"taxonomy":"post_tag","embeddable":true,"href":"http:\/\/souverainete-suisse.ch\/de\/wp-json\/wp\/v2\/tags?post=1109"}],"curies":[{"name":"wp","href":"https:\/\/api.w.org\/{rel}","templated":true}]}}