{"id":1102,"date":"2026-04-25T09:01:57","date_gmt":"2026-04-25T07:01:57","guid":{"rendered":"https:\/\/souverainete-suisse.ch\/?p=1102"},"modified":"2026-04-25T09:01:57","modified_gmt":"2026-04-25T07:01:57","slug":"%f0%9f%87%a8%f0%9f%87%ad-ignazio-cassis-unhaltbare-leichtfertigkeit-des-totengrabers","status":"publish","type":"post","link":"http:\/\/souverainete-suisse.ch\/de\/2026\/04\/%f0%9f%87%a8%f0%9f%87%ad-ignazio-cassis-unhaltbare-leichtfertigkeit-des-totengrabers\/","title":{"rendered":"\ud83c\udde8\ud83c\udded Ignazio Cassis: Die unertr\u00e4gliche Leichtigkeit des Totengr\u00e4bers"},"content":{"rendered":"<header aria-label=\"Artikel\u00fcberschrift\">\n<h1 class=\"reader-article-header__title\" dir=\"ltr\"><strong style=\"font-size: 16px;\">Mit seiner \u00abeinfachen Sprache\u00bb kl\u00e4rt der Bundesrat nichts auf: er liquidiert. Indem er die Komplexit\u00e4t unserer Souver\u00e4nit\u00e4t auf eine Nachbarschaftsh\u00f6flichkeit reduziert, verl\u00e4sst Ignazio Cassis sein verfassungsm\u00e4\u00dfiges Mandat. Das ist keine Diplomatie mehr, das ist eine Abrechnung. Das Urteil muss politisch sein: ein R\u00fccktritt, ohne die Ehren des Ruhestands.<\/strong><\/h1>\n<\/header>\n<div class=\"relative reader__grid\">\n<div data-scaffold-immersive-reader-content=\"\">\n<div class=\"reader-article-content reader-article-content--content-blocks\" dir=\"ltr\">\n<div class=\"reader-content-blocks-container\">\n<p id=\"ember52\" class=\"ember-view reader-text-block__paragraph\">\u00abDas ist wirklich ganz einfach!\u00bb. In Genf tauschte Ignazio Cassis vor dem versammelten Publikum des Verbandes der Westschweizer Wirtschaftsverb\u00e4nde seinen Anzug als Staatsgarant gegen den eines Handelsreisenden f\u00fcr die Unterwerfung. Seine Antwort zu den Bilateralen III ist eine Beleidigung der helvetischen Intelligenz. Die \u00abWahrheit\u00bb zu sagen, k\u00e4me seiner Meinung nach darauf hinaus, ein kolossales juristisches und politisches Gebilde auf eine Frage der Laune zu reduzieren: \u00abWir wollen eine gute Beziehung zu unseren nahen Nachbarn haben\u00bb.<\/p>\n<p id=\"ember53\" class=\"ember-view reader-text-block__paragraph\">Wer k\u00f6nnte sich gegen eine \u00abgute Beziehung\u00bb aussprechen? Niemand. Und da liegt die Falle, plump und gef\u00e4hrlich. Hinter dieser vordergr\u00fcndigen Simplifizierung verbirgt sich die methodische Zerschlagung dessen, was die Schweiz ausmacht: ihre F\u00e4higkeit, selbst zu entscheiden.<\/p>\n<h3 id=\"ember54\" class=\"ember-view reader-text-block__heading-3\">Erpressung als einzigem Kompass<\/h3>\n<p id=\"ember55\" class=\"ember-view reader-text-block__paragraph\">Herr Cassis verkauft uns Wind, um das Gewitter zu \u00fcbert\u00f6nen. Der <em>Allgemeines Verst\u00e4ndnis<\/em> de 2023 l\u00e4sst keinen Raum f\u00fcr Zweifel: Punkt 11 \u00f6ffnet die T\u00fcr zur Integration von \u00aballen zuk\u00fcnftigen Abkommen\u00bb. \u00dcbersetzung f\u00fcr diejenigen, die nicht \u00fcber das Berner Lexikon verf\u00fcgen: Die Europ\u00e4ische Union wird niemals aufh\u00f6ren. Nach den Bilateralen III wird die Institutionalisierung des Freihandelsabkommens von 1972 folgen, dann die Unterwerfung unseres Finanzplatzes durch die Br\u00fcsseler Regulierungsbeh\u00f6rden.<\/p>\n<p id=\"ember56\" class=\"ember-view reader-text-block__paragraph\">Bei jedem Schritt ist das Drehbuch geschrieben: Br\u00fcssel droht mit Isolation, und unsere Bundesr\u00e4te erkl\u00e4ren uns mit zittriger Hand, dass wir nachgeben m\u00fcssen, \u00abum den bilateralen Weg zu retten\u00bb. Das ist keine Verhandlung, das ist Erpressung auf Dauer, der Herr Cassis fast mystisch erlegen zu sein scheint.<\/p>\n<h3 id=\"ember57\" class=\"ember-view reader-text-block__heading-3\">Die Schweiz, zuk\u00fcnftiges Protektorat?<\/h3>\n<p id=\"ember58\" class=\"ember-view reader-text-block__paragraph\">Wo endet die \u00abgute Beziehung\u00bb? Endet sie, wenn unsere Armee, die bereits auf ein Minimum reduziert ist, vollst\u00e4ndig einer europ\u00e4ischen Verteidigung unterworfen sein wird, die wir nicht kontrollieren k\u00f6nnen? Endet sie, wenn F\u00f6deralismus und Kantone angesichts der imperialen Direktiven der Kommission nur noch folkloristische \u00dcberbleibsel sein werden?<\/p>\n<p id=\"ember59\" class=\"ember-view reader-text-block__paragraph\">Ignazio Cassis handelt au\u00dferhalb seines Mandats. Die Verfassung verpflichtet ihn, die Unabh\u00e4ngigkeit und Sicherheit des Landes zu wahren. Indem er das Volk auffordert, im Namen der einfachen H\u00f6flichkeit gegen\u00fcber dem Nachbarn mit \u00abJa\u00bb zu stimmen, verr\u00e4t er den Geist unserer Institutionen. Wenn er die Beitrittswilligkeit w\u00fcnscht \u2013 denn das ist die logische Schlussfolgerung seiner \u00abEinfachheit\u00bb \u2013, dann m\u00f6ge er den Mut haben, sie zu benennen. Aber er m\u00f6ge aufh\u00f6ren, die Vasallentreue als regionale Harmonie zu tarnen.<\/p>\n<h3 id=\"ember60\" class=\"ember-view reader-text-block__heading-3\">Die Abfahrtszeit<\/h3>\n<p id=\"ember61\" class=\"ember-view reader-text-block__paragraph\">Ein Bundesrat, der die Souver\u00e4nit\u00e4tsfragen derart verachtet, dass er nur noch nachbarschaftliche \u00abGef\u00fchle\u00bb pflegt, hat im Bundeshaus nichts mehr zu suchen.<\/p>\n<p id=\"ember62\" class=\"ember-view reader-text-block__paragraph\">Das Schweizer Volk ist kein Kind, dem man Geschichten erz\u00e4hlt, um ihm einen bitteren Trank zu verabreichen. Die Wahrheit, Herr Cassis, ist, dass Sie die Ohnmacht der Schweiz organisieren. F\u00fcr diesen Verrat, f\u00fcr diese Verachtung der Verfassungsgrundlagen Ihres Amtes gibt es nur einen Ausweg: den R\u00fccktritt. Und in einem Land, das sich selbst respektiert, belohnt man den Totengr\u00e4ber des Vaterlandes nicht mit einer lebenslangen Rente.<\/p>\n<p id=\"ember63\" class=\"ember-view reader-text-block__paragraph\">Monsieur Cassis, wollten Sie \u00abeinfach\u00bb reden? Hier ist eine ganz einfache Wahrheit: Ihre Amtszeit ist abgelaufen.<\/p>\n<p id=\"ember64\" class=\"ember-view reader-text-block__paragraph\"><strong><em>Hat diese Analyse Ihr Interesse geweckt? Liken und erneut posten Sie, um uns zu helfen, ein breiteres Publikum zu erreichen.<\/em><\/strong><\/p>\n<p id=\"ember65\" class=\"ember-view reader-text-block__paragraph\"><strong>Was die Medien verschweigen, analysieren wir. Was Bern verhandelt, zerlegen wir. <\/strong><a class=\"xwxVfcRwnBUeGipgoiZPeKPJMrvzgAVqE\" tabindex=\"0\" href=\"https:\/\/souverainete-suisse.ch\/de\/\" target=\"_self\" data-test-app-aware-link=\"\"><strong>https:\/\/souverainete-suisse.ch\/<\/strong><\/a><\/p>\n<p id=\"ember66\" class=\"ember-view reader-text-block__paragraph\"><strong>Wir sind die H\u00fcter der Unabh\u00e4ngigkeit. Treten Sie der Bewegung Souver\u00e4ne Schweiz bei. Nicht morgen. Nicht sp\u00e4ter - Jetzt.<\/strong><\/p>\n<\/div>\n<\/div>\n<\/div>\n<\/div>","protected":false},"excerpt":{"rendered":"<p>Par sa \u00ab langue simple \u00bb, le conseiller f\u00e9d\u00e9ral ne clarifie rien : il liquide. En r\u00e9duisant la complexit\u00e9 de notre souverainet\u00e9 \u00e0 une amabilit\u00e9 de voisinage, Ignazio Cassis sort de son mandat constitutionnel. Ce n\u2019est plus de la diplomatie, c\u2019est une reddition de compte. La sentence doit \u00eatre politique : une d\u00e9mission, sans les [&hellip;]<\/p>\n","protected":false},"author":3,"featured_media":1103,"comment_status":"closed","ping_status":"closed","sticky":false,"template":"","format":"standard","meta":{"footnotes":""},"categories":[1],"tags":[],"class_list":["post-1102","post","type-post","status-publish","format-standard","has-post-thumbnail","hentry","category-non-classe"],"yoast_head":"<!-- This site is optimized with the Yoast SEO plugin v26.9 - https:\/\/yoast.com\/product\/yoast-seo-wordpress\/ -->\n<title>\ud83c\udde8\ud83c\udded Ignazio Cassis : l\u2019insoutenable l\u00e9g\u00e8ret\u00e9 du fossoyeur - Mouvement Souverainet\u00e9 Suisse<\/title>\n<meta name=\"description\" content=\"\ud83c\udde8\ud83c\uddedIgnazio Cassis et les Bilat\u00e9rales III : enjeux pour la souverainet\u00e9 suisse et les relations avec l\u2019UE.\" \/>\n<meta name=\"robots\" content=\"index, follow, max-snippet:-1, max-image-preview:large, max-video-preview:-1\" \/>\n<link rel=\"canonical\" href=\"https:\/\/souverainete-suisse.ch\/de\/2026\/04\/\ud83c\udde8\ud83c\udded-ignazio-cassis-unhaltbare-leichtfertigkeit-des-totengrabers\/\" \/>\n<meta property=\"og:locale\" content=\"de_DE\" \/>\n<meta property=\"og:type\" content=\"article\" \/>\n<meta property=\"og:title\" content=\"\ud83c\udde8\ud83c\udded Ignazio Cassis : l\u2019insoutenable l\u00e9g\u00e8ret\u00e9 du fossoyeur - Mouvement Souverainet\u00e9 Suisse\" \/>\n<meta property=\"og:description\" content=\"\ud83c\udde8\ud83c\uddedIgnazio Cassis et les Bilat\u00e9rales III : enjeux pour la souverainet\u00e9 suisse et les relations avec l\u2019UE.\" \/>\n<meta property=\"og:url\" content=\"https:\/\/souverainete-suisse.ch\/de\/2026\/04\/\ud83c\udde8\ud83c\udded-ignazio-cassis-unhaltbare-leichtfertigkeit-des-totengrabers\/\" \/>\n<meta property=\"og:site_name\" content=\"Mouvement Souverainet\u00e9 Suisse\" \/>\n<meta property=\"article:published_time\" content=\"2026-04-25T07:01:57+00:00\" \/>\n<meta property=\"og:image\" content=\"https:\/\/souverainete-suisse.ch\/wp-content\/uploads\/2026\/04\/1777012653261.jpeg\" \/>\n\t<meta property=\"og:image:width\" content=\"1280\" \/>\n\t<meta property=\"og:image:height\" content=\"720\" \/>\n\t<meta property=\"og:image:type\" content=\"image\/jpeg\" \/>\n<meta name=\"author\" content=\"Philippe Renaud\" \/>\n<meta name=\"twitter:card\" content=\"summary_large_image\" \/>\n<meta name=\"twitter:label1\" content=\"Verfasst von\" \/>\n\t<meta name=\"twitter:data1\" content=\"Philippe Renaud\" \/>\n\t<meta name=\"twitter:label2\" content=\"Gesch\u00e4tzte Lesezeit\" \/>\n\t<meta name=\"twitter:data2\" content=\"4\u00a0Minuten\" \/>\n<script type=\"application\/ld+json\" class=\"yoast-schema-graph\">{\"@context\":\"https:\/\/schema.org\",\"@graph\":[{\"@type\":\"Article\",\"@id\":\"https:\/\/souverainete-suisse.ch\/2026\/04\/%f0%9f%87%a8%f0%9f%87%ad-ignazio-cassis-linsoutenable-legerete-du-fossoyeur\/#article\",\"isPartOf\":{\"@id\":\"https:\/\/souverainete-suisse.ch\/2026\/04\/%f0%9f%87%a8%f0%9f%87%ad-ignazio-cassis-linsoutenable-legerete-du-fossoyeur\/\"},\"author\":{\"name\":\"Philippe Renaud\",\"@id\":\"https:\/\/souverainete-suisse.ch\/#\/schema\/person\/fd126a65533b168ad053321f54cad987\"},\"headline\":\"\ud83c\udde8\ud83c\udded Ignazio Cassis : l\u2019insoutenable l\u00e9g\u00e8ret\u00e9 du fossoyeur\",\"datePublished\":\"2026-04-25T07:01:57+00:00\",\"mainEntityOfPage\":{\"@id\":\"https:\/\/souverainete-suisse.ch\/2026\/04\/%f0%9f%87%a8%f0%9f%87%ad-ignazio-cassis-linsoutenable-legerete-du-fossoyeur\/\"},\"wordCount\":693,\"publisher\":{\"@id\":\"https:\/\/souverainete-suisse.ch\/#organization\"},\"image\":{\"@id\":\"https:\/\/souverainete-suisse.ch\/2026\/04\/%f0%9f%87%a8%f0%9f%87%ad-ignazio-cassis-linsoutenable-legerete-du-fossoyeur\/#primaryimage\"},\"thumbnailUrl\":\"https:\/\/souverainete-suisse.ch\/wp-content\/uploads\/2026\/04\/1777012653261.jpeg\",\"articleSection\":[\"Non class\u00e9\"],\"inLanguage\":\"de\"},{\"@type\":\"WebPage\",\"@id\":\"https:\/\/souverainete-suisse.ch\/2026\/04\/%f0%9f%87%a8%f0%9f%87%ad-ignazio-cassis-linsoutenable-legerete-du-fossoyeur\/\",\"url\":\"https:\/\/souverainete-suisse.ch\/2026\/04\/%f0%9f%87%a8%f0%9f%87%ad-ignazio-cassis-linsoutenable-legerete-du-fossoyeur\/\",\"name\":\"\ud83c\udde8\ud83c\udded Ignazio Cassis : l\u2019insoutenable l\u00e9g\u00e8ret\u00e9 du fossoyeur - Mouvement Souverainet\u00e9 Suisse\",\"isPartOf\":{\"@id\":\"https:\/\/souverainete-suisse.ch\/#website\"},\"primaryImageOfPage\":{\"@id\":\"https:\/\/souverainete-suisse.ch\/2026\/04\/%f0%9f%87%a8%f0%9f%87%ad-ignazio-cassis-linsoutenable-legerete-du-fossoyeur\/#primaryimage\"},\"image\":{\"@id\":\"https:\/\/souverainete-suisse.ch\/2026\/04\/%f0%9f%87%a8%f0%9f%87%ad-ignazio-cassis-linsoutenable-legerete-du-fossoyeur\/#primaryimage\"},\"thumbnailUrl\":\"https:\/\/souverainete-suisse.ch\/wp-content\/uploads\/2026\/04\/1777012653261.jpeg\",\"datePublished\":\"2026-04-25T07:01:57+00:00\",\"description\":\"\ud83c\udde8\ud83c\uddedIgnazio Cassis et les Bilat\u00e9rales III : enjeux pour la souverainet\u00e9 suisse et les relations avec l\u2019UE.\",\"breadcrumb\":{\"@id\":\"https:\/\/souverainete-suisse.ch\/2026\/04\/%f0%9f%87%a8%f0%9f%87%ad-ignazio-cassis-linsoutenable-legerete-du-fossoyeur\/#breadcrumb\"},\"inLanguage\":\"de\",\"potentialAction\":[{\"@type\":\"ReadAction\",\"target\":[\"https:\/\/souverainete-suisse.ch\/2026\/04\/%f0%9f%87%a8%f0%9f%87%ad-ignazio-cassis-linsoutenable-legerete-du-fossoyeur\/\"]}]},{\"@type\":\"ImageObject\",\"inLanguage\":\"de\",\"@id\":\"https:\/\/souverainete-suisse.ch\/2026\/04\/%f0%9f%87%a8%f0%9f%87%ad-ignazio-cassis-linsoutenable-legerete-du-fossoyeur\/#primaryimage\",\"url\":\"https:\/\/souverainete-suisse.ch\/wp-content\/uploads\/2026\/04\/1777012653261.jpeg\",\"contentUrl\":\"https:\/\/souverainete-suisse.ch\/wp-content\/uploads\/2026\/04\/1777012653261.jpeg\",\"width\":1280,\"height\":720,\"caption\":\"\ud83c\udde8\ud83c\uddedIgnazio Cassis et les Bilat\u00e9rales III : enjeux pour la souverainet\u00e9 suisse et les relations avec l\u2019UE.\"},{\"@type\":\"BreadcrumbList\",\"@id\":\"https:\/\/souverainete-suisse.ch\/2026\/04\/%f0%9f%87%a8%f0%9f%87%ad-ignazio-cassis-linsoutenable-legerete-du-fossoyeur\/#breadcrumb\",\"itemListElement\":[{\"@type\":\"ListItem\",\"position\":1,\"name\":\"Accueil\",\"item\":\"https:\/\/souverainete-suisse.ch\/\"},{\"@type\":\"ListItem\",\"position\":2,\"name\":\"\ud83c\udde8\ud83c\udded Ignazio Cassis : l\u2019insoutenable l\u00e9g\u00e8ret\u00e9 du fossoyeur\"}]},{\"@type\":\"WebSite\",\"@id\":\"https:\/\/souverainete-suisse.ch\/#website\",\"url\":\"https:\/\/souverainete-suisse.ch\/\",\"name\":\"Mouvement Souverainet\u00e9 Suisse\",\"description\":\"\",\"publisher\":{\"@id\":\"https:\/\/souverainete-suisse.ch\/#organization\"},\"potentialAction\":[{\"@type\":\"SearchAction\",\"target\":{\"@type\":\"EntryPoint\",\"urlTemplate\":\"https:\/\/souverainete-suisse.ch\/?s={search_term_string}\"},\"query-input\":{\"@type\":\"PropertyValueSpecification\",\"valueRequired\":true,\"valueName\":\"search_term_string\"}}],\"inLanguage\":\"de\"},{\"@type\":\"Organization\",\"@id\":\"https:\/\/souverainete-suisse.ch\/#organization\",\"name\":\"Mouvement Souverainet\u00e9 Suisse\",\"url\":\"https:\/\/souverainete-suisse.ch\/\",\"logo\":{\"@type\":\"ImageObject\",\"inLanguage\":\"de\",\"@id\":\"https:\/\/souverainete-suisse.ch\/#\/schema\/logo\/image\/\",\"url\":\"https:\/\/souverainete-suisse.ch\/wp-content\/uploads\/2025\/11\/logo.png\",\"contentUrl\":\"https:\/\/souverainete-suisse.ch\/wp-content\/uploads\/2025\/11\/logo.png\",\"width\":2053,\"height\":1461,\"caption\":\"Mouvement Souverainet\u00e9 Suisse\"},\"image\":{\"@id\":\"https:\/\/souverainete-suisse.ch\/#\/schema\/logo\/image\/\"}},{\"@type\":\"Person\",\"@id\":\"https:\/\/souverainete-suisse.ch\/#\/schema\/person\/fd126a65533b168ad053321f54cad987\",\"name\":\"Philippe Renaud\",\"image\":{\"@type\":\"ImageObject\",\"inLanguage\":\"de\",\"@id\":\"https:\/\/souverainete-suisse.ch\/#\/schema\/person\/image\/\",\"url\":\"https:\/\/secure.gravatar.com\/avatar\/ea457c55cfcfc8cbdb1077128f20033c33a8e982208b5ce9cc8eaeba2b6ff758?s=96&d=mm&r=g\",\"contentUrl\":\"https:\/\/secure.gravatar.com\/avatar\/ea457c55cfcfc8cbdb1077128f20033c33a8e982208b5ce9cc8eaeba2b6ff758?s=96&d=mm&r=g\",\"caption\":\"Philippe Renaud\"},\"url\":\"http:\/\/souverainete-suisse.ch\/de\/author\/philippe\/\"}]}<\/script>\n<!-- \/ Yoast SEO plugin. -->","yoast_head_json":{"title":"\ud83c\udde8\ud83c\udded Ignazio Cassis: Die unertr\u00e4gliche Leichtigkeit des Totengr\u00e4bers - Bewegung f\u00fcr ein unabh\u00e4ngiges und neutrales Helvetien","description":"\ud83c\udde8\ud83c\uddedIgnazio Cassis und die bilateralen Vertr\u00e4ge III: Herausforderungen f\u00fcr die Schweizer Souver\u00e4nit\u00e4t und die Beziehungen zur EU.","robots":{"index":"index","follow":"follow","max-snippet":"max-snippet:-1","max-image-preview":"max-image-preview:large","max-video-preview":"max-video-preview:-1"},"canonical":"https:\/\/souverainete-suisse.ch\/de\/2026\/04\/\ud83c\udde8\ud83c\udded-ignazio-cassis-unhaltbare-leichtfertigkeit-des-totengrabers\/","og_locale":"de_DE","og_type":"article","og_title":"\ud83c\udde8\ud83c\udded Ignazio Cassis : l\u2019insoutenable l\u00e9g\u00e8ret\u00e9 du fossoyeur - Mouvement Souverainet\u00e9 Suisse","og_description":"\ud83c\udde8\ud83c\uddedIgnazio Cassis et les Bilat\u00e9rales III : enjeux pour la souverainet\u00e9 suisse et les relations avec l\u2019UE.","og_url":"https:\/\/souverainete-suisse.ch\/de\/2026\/04\/\ud83c\udde8\ud83c\udded-ignazio-cassis-unhaltbare-leichtfertigkeit-des-totengrabers\/","og_site_name":"Mouvement Souverainet\u00e9 Suisse","article_published_time":"2026-04-25T07:01:57+00:00","og_image":[{"width":1280,"height":720,"url":"https:\/\/souverainete-suisse.ch\/wp-content\/uploads\/2026\/04\/1777012653261.jpeg","type":"image\/jpeg"}],"author":"Philippe Renaud","twitter_card":"summary_large_image","twitter_misc":{"Verfasst von":"Philippe Renaud","Gesch\u00e4tzte Lesezeit":"4\u00a0Minuten"},"schema":{"@context":"https:\/\/schema.org","@graph":[{"@type":"Article","@id":"https:\/\/souverainete-suisse.ch\/2026\/04\/%f0%9f%87%a8%f0%9f%87%ad-ignazio-cassis-linsoutenable-legerete-du-fossoyeur\/#article","isPartOf":{"@id":"https:\/\/souverainete-suisse.ch\/2026\/04\/%f0%9f%87%a8%f0%9f%87%ad-ignazio-cassis-linsoutenable-legerete-du-fossoyeur\/"},"author":{"name":"Philippe Renaud","@id":"https:\/\/souverainete-suisse.ch\/#\/schema\/person\/fd126a65533b168ad053321f54cad987"},"headline":"\ud83c\udde8\ud83c\udded Ignazio Cassis : l\u2019insoutenable l\u00e9g\u00e8ret\u00e9 du fossoyeur","datePublished":"2026-04-25T07:01:57+00:00","mainEntityOfPage":{"@id":"https:\/\/souverainete-suisse.ch\/2026\/04\/%f0%9f%87%a8%f0%9f%87%ad-ignazio-cassis-linsoutenable-legerete-du-fossoyeur\/"},"wordCount":693,"publisher":{"@id":"https:\/\/souverainete-suisse.ch\/#organization"},"image":{"@id":"https:\/\/souverainete-suisse.ch\/2026\/04\/%f0%9f%87%a8%f0%9f%87%ad-ignazio-cassis-linsoutenable-legerete-du-fossoyeur\/#primaryimage"},"thumbnailUrl":"https:\/\/souverainete-suisse.ch\/wp-content\/uploads\/2026\/04\/1777012653261.jpeg","articleSection":["Non class\u00e9"],"inLanguage":"de"},{"@type":"WebPage","@id":"https:\/\/souverainete-suisse.ch\/2026\/04\/%f0%9f%87%a8%f0%9f%87%ad-ignazio-cassis-linsoutenable-legerete-du-fossoyeur\/","url":"https:\/\/souverainete-suisse.ch\/2026\/04\/%f0%9f%87%a8%f0%9f%87%ad-ignazio-cassis-linsoutenable-legerete-du-fossoyeur\/","name":"\ud83c\udde8\ud83c\udded Ignazio Cassis: Die unertr\u00e4gliche Leichtigkeit des Totengr\u00e4bers - Bewegung f\u00fcr ein unabh\u00e4ngiges und neutrales Helvetien","isPartOf":{"@id":"https:\/\/souverainete-suisse.ch\/#website"},"primaryImageOfPage":{"@id":"https:\/\/souverainete-suisse.ch\/2026\/04\/%f0%9f%87%a8%f0%9f%87%ad-ignazio-cassis-linsoutenable-legerete-du-fossoyeur\/#primaryimage"},"image":{"@id":"https:\/\/souverainete-suisse.ch\/2026\/04\/%f0%9f%87%a8%f0%9f%87%ad-ignazio-cassis-linsoutenable-legerete-du-fossoyeur\/#primaryimage"},"thumbnailUrl":"https:\/\/souverainete-suisse.ch\/wp-content\/uploads\/2026\/04\/1777012653261.jpeg","datePublished":"2026-04-25T07:01:57+00:00","description":"\ud83c\udde8\ud83c\uddedIgnazio Cassis und die bilateralen Vertr\u00e4ge III: Herausforderungen f\u00fcr die Schweizer Souver\u00e4nit\u00e4t und die Beziehungen zur EU.","breadcrumb":{"@id":"https:\/\/souverainete-suisse.ch\/2026\/04\/%f0%9f%87%a8%f0%9f%87%ad-ignazio-cassis-linsoutenable-legerete-du-fossoyeur\/#breadcrumb"},"inLanguage":"de","potentialAction":[{"@type":"ReadAction","target":["https:\/\/souverainete-suisse.ch\/2026\/04\/%f0%9f%87%a8%f0%9f%87%ad-ignazio-cassis-linsoutenable-legerete-du-fossoyeur\/"]}]},{"@type":"ImageObject","inLanguage":"de","@id":"https:\/\/souverainete-suisse.ch\/2026\/04\/%f0%9f%87%a8%f0%9f%87%ad-ignazio-cassis-linsoutenable-legerete-du-fossoyeur\/#primaryimage","url":"https:\/\/souverainete-suisse.ch\/wp-content\/uploads\/2026\/04\/1777012653261.jpeg","contentUrl":"https:\/\/souverainete-suisse.ch\/wp-content\/uploads\/2026\/04\/1777012653261.jpeg","width":1280,"height":720,"caption":"\ud83c\udde8\ud83c\uddedIgnazio Cassis et les Bilat\u00e9rales III : enjeux pour la souverainet\u00e9 suisse et les relations avec l\u2019UE."},{"@type":"BreadcrumbList","@id":"https:\/\/souverainete-suisse.ch\/2026\/04\/%f0%9f%87%a8%f0%9f%87%ad-ignazio-cassis-linsoutenable-legerete-du-fossoyeur\/#breadcrumb","itemListElement":[{"@type":"ListItem","position":1,"name":"Accueil","item":"https:\/\/souverainete-suisse.ch\/"},{"@type":"ListItem","position":2,"name":"\ud83c\udde8\ud83c\udded Ignazio Cassis : l\u2019insoutenable l\u00e9g\u00e8ret\u00e9 du fossoyeur"}]},{"@type":"WebSite","@id":"https:\/\/souverainete-suisse.ch\/#website","url":"https:\/\/souverainete-suisse.ch\/","name":"Bewegung Souver\u00e4ne Schweiz","description":"","publisher":{"@id":"https:\/\/souverainete-suisse.ch\/#organization"},"potentialAction":[{"@type":"SearchAction","target":{"@type":"EntryPoint","urlTemplate":"https:\/\/souverainete-suisse.ch\/?s={search_term_string}"},"query-input":{"@type":"PropertyValueSpecification","valueRequired":true,"valueName":"search_term_string"}}],"inLanguage":"de"},{"@type":"Organization","@id":"https:\/\/souverainete-suisse.ch\/#organization","name":"Bewegung Souver\u00e4ne Schweiz","url":"https:\/\/souverainete-suisse.ch\/","logo":{"@type":"ImageObject","inLanguage":"de","@id":"https:\/\/souverainete-suisse.ch\/#\/schema\/logo\/image\/","url":"https:\/\/souverainete-suisse.ch\/wp-content\/uploads\/2025\/11\/logo.png","contentUrl":"https:\/\/souverainete-suisse.ch\/wp-content\/uploads\/2025\/11\/logo.png","width":2053,"height":1461,"caption":"Mouvement Souverainet\u00e9 Suisse"},"image":{"@id":"https:\/\/souverainete-suisse.ch\/#\/schema\/logo\/image\/"}},{"@type":"Person","@id":"https:\/\/souverainete-suisse.ch\/#\/schema\/person\/fd126a65533b168ad053321f54cad987","name":"Philippe Renaud","image":{"@type":"ImageObject","inLanguage":"de","@id":"https:\/\/souverainete-suisse.ch\/#\/schema\/person\/image\/","url":"https:\/\/secure.gravatar.com\/avatar\/ea457c55cfcfc8cbdb1077128f20033c33a8e982208b5ce9cc8eaeba2b6ff758?s=96&d=mm&r=g","contentUrl":"https:\/\/secure.gravatar.com\/avatar\/ea457c55cfcfc8cbdb1077128f20033c33a8e982208b5ce9cc8eaeba2b6ff758?s=96&d=mm&r=g","caption":"Philippe Renaud"},"url":"http:\/\/souverainete-suisse.ch\/de\/author\/philippe\/"}]}},"_links":{"self":[{"href":"http:\/\/souverainete-suisse.ch\/de\/wp-json\/wp\/v2\/posts\/1102","targetHints":{"allow":["GET"]}}],"collection":[{"href":"http:\/\/souverainete-suisse.ch\/de\/wp-json\/wp\/v2\/posts"}],"about":[{"href":"http:\/\/souverainete-suisse.ch\/de\/wp-json\/wp\/v2\/types\/post"}],"author":[{"embeddable":true,"href":"http:\/\/souverainete-suisse.ch\/de\/wp-json\/wp\/v2\/users\/3"}],"replies":[{"embeddable":true,"href":"http:\/\/souverainete-suisse.ch\/de\/wp-json\/wp\/v2\/comments?post=1102"}],"version-history":[{"count":3,"href":"http:\/\/souverainete-suisse.ch\/de\/wp-json\/wp\/v2\/posts\/1102\/revisions"}],"predecessor-version":[{"id":1106,"href":"http:\/\/souverainete-suisse.ch\/de\/wp-json\/wp\/v2\/posts\/1102\/revisions\/1106"}],"wp:featuredmedia":[{"embeddable":true,"href":"http:\/\/souverainete-suisse.ch\/de\/wp-json\/wp\/v2\/media\/1103"}],"wp:attachment":[{"href":"http:\/\/souverainete-suisse.ch\/de\/wp-json\/wp\/v2\/media?parent=1102"}],"wp:term":[{"taxonomy":"category","embeddable":true,"href":"http:\/\/souverainete-suisse.ch\/de\/wp-json\/wp\/v2\/categories?post=1102"},{"taxonomy":"post_tag","embeddable":true,"href":"http:\/\/souverainete-suisse.ch\/de\/wp-json\/wp\/v2\/tags?post=1102"}],"curies":[{"name":"wp","href":"https:\/\/api.w.org\/{rel}","templated":true}]}}