{"id":1096,"date":"2026-04-24T17:03:39","date_gmt":"2026-04-24T15:03:39","guid":{"rendered":"https:\/\/souverainete-suisse.ch\/?p=1096"},"modified":"2026-04-24T17:04:39","modified_gmt":"2026-04-24T15:04:39","slug":"der-kleine-telegrafist-aus-brussel-portrat-einer-loyalitat","status":"publish","type":"post","link":"http:\/\/souverainete-suisse.ch\/de\/2026\/04\/der-kleine-telegrafist-aus-brussel-portrat-einer-loyalitat\/","title":{"rendered":"Der kleine Telegrafist aus Br\u00fcssel: Portr\u00e4t einer Treue"},"content":{"rendered":"<p>Portr\u00e4tkritik von Ignacio Cassis: Schweizer Diplomatie, Beziehungen zur EU und Debatte \u00fcber Souver\u00e4nit\u00e4t, Neutralit\u00e4t und nationale Unabh\u00e4ngigkeit.<\/p>\n<p><strong>Der kleine Telegrafist von Br\u00fcssel: Portr\u00e4t einer Treue<\/strong><\/p>\n<p>Er bellt nicht, er nickt. In den ged\u00e4mpften Salons des Bundesberns hallen die Schritte von Ignacio Cassis wider wie das Klirren einer Medaille an einer gut polierten Kette. F\u00fcr den Chef der Schweizer Diplomatie scheint die Souver\u00e4nit\u00e4t ein sperriges Konzept geworden zu sein, eine alte Reliquie, die er eilig auf dem Altar des Euro-Fanatismus opfert.<\/p>\n<p><strong>Die G\u00fcrteltasche der Unterwerfung<\/strong><br \/>\nWo das Volk einen L\u00f6wen erwartet hatte, der die Schweizer Ausnahme verteidigen sollte, fand es einen Scho\u00dfh\u00fcndchen, der stets bereit war, vor den EU-Kommissaren M\u00e4nnchen zu machen. Die Haltung ist bekannt:<\/p>\n<p>Das biegsame R\u00fcckgrat: Bereit, \u00abausl\u00e4ndische Richter\u00bb ohne zu z\u00f6gern zu akzeptieren.<\/p>\n<p>Das tiefe Ohr: Immer bereit, die Dekrete Br\u00fcssels zu h\u00f6ren, niemals jedoch das Murren der Kantone.<\/p>\n<p>Die erhobene Pfote: Um die Anf\u00e4nge der institutionellen Unterwerfung bedingungslos zu unterzeichnen.<\/p>\n<p><strong>Der Preis des Verrats<\/strong><br \/>\nMan nennt das die \u00abPaketl\u00f6sung\u00bb, aber f\u00fcr viele ist es das Geschenkpaket unserer Unabh\u00e4ngigkeit, das einer am Boden liegenden Technokratie \u00fcberreicht wird. Indem er die Neutralit\u00e4t missachtet und unser rechtliches Schicksal an eine supranationale Einheit bindet, verhandelt Ignacio Cassis nicht; er dankt ab.<\/p>\n<p>\u00abDie Schweiz sucht nicht mehr ihren Weg, sie sucht die Leine, die sie am besten an das europ\u00e4ische Projekt binden wird.\u00bb<\/p>\n<p>Hinter dem diplomatischen L\u00e4cheln verbirgt sich die Trag\u00f6die einer freiwilligen Unterwerfung. Weil er es den M\u00e4chtigen recht machen will, vergisst der Bundesrat, dass sein einziger Herr der Schweizer B\u00fcrger sein sollte und nicht der B\u00fcrokrat der EU.<br \/>\nIgnacio Cassis: der treue Gef\u00e4hrte der nationalen Aufl\u00f6sung.<\/p>\n<p>Liken und reposten Sie, um uns zu helfen, ein breiteres Publikum zu erreichen.<br \/>\nWas die Medien verschweigen, analysieren wir. Was Bern verhandelt, zerlegen wir.<\/p>","protected":false},"excerpt":{"rendered":"<p>\ud83c\udde8\ud83c\uddedPortrait critique d\u2019Ignacio Cassis : diplomatie suisse, relations avec l\u2019UE et d\u00e9bat sur la souverainet\u00e9, la neutralit\u00e9 et l\u2019ind\u00e9pendance nationale. Le petit t\u00e9l\u00e9graphiste de Bruxelles : Portrait d\u2019une all\u00e9geance Il ne jappe pas, il acquiesce. Dans les salons feutr\u00e9s de la Berne f\u00e9d\u00e9rale, l\u2019\u00e9cho des pas d\u2019Ignacio Cassis r\u00e9sonne comme le tintement d\u2019une m\u00e9daille sur [&hellip;]<\/p>\n","protected":false},"author":3,"featured_media":1097,"comment_status":"closed","ping_status":"closed","sticky":false,"template":"","format":"standard","meta":{"footnotes":""},"categories":[1],"tags":[],"class_list":["post-1096","post","type-post","status-publish","format-standard","has-post-thumbnail","hentry","category-non-classe"],"yoast_head":"<!-- This site is optimized with the Yoast SEO plugin v26.9 - https:\/\/yoast.com\/product\/yoast-seo-wordpress\/ -->\n<title>\ud83c\udde8\ud83c\uddedLe petit t\u00e9l\u00e9graphiste de Bruxelles : Portrait d\u2019une all\u00e9geance - Mouvement Souverainet\u00e9 Suisse<\/title>\n<meta name=\"description\" content=\"Portrait critique d\u2019Ignacio Cassis : diplomatie suisse, relations avec l\u2019UE et d\u00e9bat sur la souverainet\u00e9, la neutralit\u00e9 et l\u2019ind\u00e9pendance nationale.\" \/>\n<meta name=\"robots\" content=\"index, follow, max-snippet:-1, max-image-preview:large, max-video-preview:-1\" \/>\n<link rel=\"canonical\" href=\"https:\/\/souverainete-suisse.ch\/de\/2026\/04\/der-kleine-telegrafist-aus-brussel-portrat-einer-loyalitat\/\" \/>\n<meta property=\"og:locale\" content=\"de_DE\" \/>\n<meta property=\"og:type\" content=\"article\" \/>\n<meta property=\"og:title\" content=\"\ud83c\udde8\ud83c\uddedLe petit t\u00e9l\u00e9graphiste de Bruxelles : Portrait d\u2019une all\u00e9geance - Mouvement Souverainet\u00e9 Suisse\" \/>\n<meta property=\"og:description\" content=\"Portrait critique d\u2019Ignacio Cassis : diplomatie suisse, relations avec l\u2019UE et d\u00e9bat sur la souverainet\u00e9, la neutralit\u00e9 et l\u2019ind\u00e9pendance nationale.\" \/>\n<meta property=\"og:url\" content=\"https:\/\/souverainete-suisse.ch\/de\/2026\/04\/der-kleine-telegrafist-aus-brussel-portrat-einer-loyalitat\/\" \/>\n<meta property=\"og:site_name\" content=\"Mouvement Souverainet\u00e9 Suisse\" \/>\n<meta property=\"article:published_time\" content=\"2026-04-24T15:03:39+00:00\" \/>\n<meta property=\"article:modified_time\" content=\"2026-04-24T15:04:39+00:00\" \/>\n<meta property=\"og:image\" content=\"https:\/\/souverainete-suisse.ch\/wp-content\/uploads\/2026\/04\/1777011213994.jpeg\" \/>\n\t<meta property=\"og:image:width\" content=\"800\" \/>\n\t<meta property=\"og:image:height\" content=\"533\" \/>\n\t<meta property=\"og:image:type\" content=\"image\/jpeg\" \/>\n<meta name=\"author\" content=\"Philippe Renaud\" \/>\n<meta name=\"twitter:card\" content=\"summary_large_image\" \/>\n<meta name=\"twitter:label1\" content=\"Verfasst von\" \/>\n\t<meta name=\"twitter:data1\" content=\"Philippe Renaud\" \/>\n\t<meta name=\"twitter:label2\" content=\"Gesch\u00e4tzte Lesezeit\" \/>\n\t<meta name=\"twitter:data2\" content=\"2\u00a0Minuten\" \/>\n<script type=\"application\/ld+json\" class=\"yoast-schema-graph\">{\"@context\":\"https:\/\/schema.org\",\"@graph\":[{\"@type\":\"Article\",\"@id\":\"https:\/\/souverainete-suisse.ch\/2026\/04\/%f0%9f%87%a8%f0%9f%87%adle-petit-telegraphiste-de-bruxelles-portrait-dune-allegeance\/#article\",\"isPartOf\":{\"@id\":\"https:\/\/souverainete-suisse.ch\/2026\/04\/%f0%9f%87%a8%f0%9f%87%adle-petit-telegraphiste-de-bruxelles-portrait-dune-allegeance\/\"},\"author\":{\"name\":\"Philippe Renaud\",\"@id\":\"https:\/\/souverainete-suisse.ch\/#\/schema\/person\/fd126a65533b168ad053321f54cad987\"},\"headline\":\"\ud83c\udde8\ud83c\uddedLe petit t\u00e9l\u00e9graphiste de Bruxelles : Portrait d\u2019une all\u00e9geance\",\"datePublished\":\"2026-04-24T15:03:39+00:00\",\"dateModified\":\"2026-04-24T15:04:39+00:00\",\"mainEntityOfPage\":{\"@id\":\"https:\/\/souverainete-suisse.ch\/2026\/04\/%f0%9f%87%a8%f0%9f%87%adle-petit-telegraphiste-de-bruxelles-portrait-dune-allegeance\/\"},\"wordCount\":353,\"publisher\":{\"@id\":\"https:\/\/souverainete-suisse.ch\/#organization\"},\"image\":{\"@id\":\"https:\/\/souverainete-suisse.ch\/2026\/04\/%f0%9f%87%a8%f0%9f%87%adle-petit-telegraphiste-de-bruxelles-portrait-dune-allegeance\/#primaryimage\"},\"thumbnailUrl\":\"https:\/\/souverainete-suisse.ch\/wp-content\/uploads\/2026\/04\/1777011213994.jpeg\",\"articleSection\":[\"Non class\u00e9\"],\"inLanguage\":\"de\"},{\"@type\":\"WebPage\",\"@id\":\"https:\/\/souverainete-suisse.ch\/2026\/04\/%f0%9f%87%a8%f0%9f%87%adle-petit-telegraphiste-de-bruxelles-portrait-dune-allegeance\/\",\"url\":\"https:\/\/souverainete-suisse.ch\/2026\/04\/%f0%9f%87%a8%f0%9f%87%adle-petit-telegraphiste-de-bruxelles-portrait-dune-allegeance\/\",\"name\":\"\ud83c\udde8\ud83c\uddedLe petit t\u00e9l\u00e9graphiste de Bruxelles : Portrait d\u2019une all\u00e9geance - Mouvement Souverainet\u00e9 Suisse\",\"isPartOf\":{\"@id\":\"https:\/\/souverainete-suisse.ch\/#website\"},\"primaryImageOfPage\":{\"@id\":\"https:\/\/souverainete-suisse.ch\/2026\/04\/%f0%9f%87%a8%f0%9f%87%adle-petit-telegraphiste-de-bruxelles-portrait-dune-allegeance\/#primaryimage\"},\"image\":{\"@id\":\"https:\/\/souverainete-suisse.ch\/2026\/04\/%f0%9f%87%a8%f0%9f%87%adle-petit-telegraphiste-de-bruxelles-portrait-dune-allegeance\/#primaryimage\"},\"thumbnailUrl\":\"https:\/\/souverainete-suisse.ch\/wp-content\/uploads\/2026\/04\/1777011213994.jpeg\",\"datePublished\":\"2026-04-24T15:03:39+00:00\",\"dateModified\":\"2026-04-24T15:04:39+00:00\",\"description\":\"Portrait critique d\u2019Ignacio Cassis : diplomatie suisse, relations avec l\u2019UE et d\u00e9bat sur la souverainet\u00e9, la neutralit\u00e9 et l\u2019ind\u00e9pendance nationale.\",\"breadcrumb\":{\"@id\":\"https:\/\/souverainete-suisse.ch\/2026\/04\/%f0%9f%87%a8%f0%9f%87%adle-petit-telegraphiste-de-bruxelles-portrait-dune-allegeance\/#breadcrumb\"},\"inLanguage\":\"de\",\"potentialAction\":[{\"@type\":\"ReadAction\",\"target\":[\"https:\/\/souverainete-suisse.ch\/2026\/04\/%f0%9f%87%a8%f0%9f%87%adle-petit-telegraphiste-de-bruxelles-portrait-dune-allegeance\/\"]}]},{\"@type\":\"ImageObject\",\"inLanguage\":\"de\",\"@id\":\"https:\/\/souverainete-suisse.ch\/2026\/04\/%f0%9f%87%a8%f0%9f%87%adle-petit-telegraphiste-de-bruxelles-portrait-dune-allegeance\/#primaryimage\",\"url\":\"https:\/\/souverainete-suisse.ch\/wp-content\/uploads\/2026\/04\/1777011213994.jpeg\",\"contentUrl\":\"https:\/\/souverainete-suisse.ch\/wp-content\/uploads\/2026\/04\/1777011213994.jpeg\",\"width\":800,\"height\":533,\"caption\":\"Le Petit T\u00e9l\u00e9graphiste de Bruxelles : Portrait d\u2019une All\u00e9geance\"},{\"@type\":\"BreadcrumbList\",\"@id\":\"https:\/\/souverainete-suisse.ch\/2026\/04\/%f0%9f%87%a8%f0%9f%87%adle-petit-telegraphiste-de-bruxelles-portrait-dune-allegeance\/#breadcrumb\",\"itemListElement\":[{\"@type\":\"ListItem\",\"position\":1,\"name\":\"Accueil\",\"item\":\"https:\/\/souverainete-suisse.ch\/\"},{\"@type\":\"ListItem\",\"position\":2,\"name\":\"\ud83c\udde8\ud83c\uddedLe petit t\u00e9l\u00e9graphiste de Bruxelles : Portrait d\u2019une all\u00e9geance\"}]},{\"@type\":\"WebSite\",\"@id\":\"https:\/\/souverainete-suisse.ch\/#website\",\"url\":\"https:\/\/souverainete-suisse.ch\/\",\"name\":\"Mouvement Souverainet\u00e9 Suisse\",\"description\":\"\",\"publisher\":{\"@id\":\"https:\/\/souverainete-suisse.ch\/#organization\"},\"potentialAction\":[{\"@type\":\"SearchAction\",\"target\":{\"@type\":\"EntryPoint\",\"urlTemplate\":\"https:\/\/souverainete-suisse.ch\/?s={search_term_string}\"},\"query-input\":{\"@type\":\"PropertyValueSpecification\",\"valueRequired\":true,\"valueName\":\"search_term_string\"}}],\"inLanguage\":\"de\"},{\"@type\":\"Organization\",\"@id\":\"https:\/\/souverainete-suisse.ch\/#organization\",\"name\":\"Mouvement Souverainet\u00e9 Suisse\",\"url\":\"https:\/\/souverainete-suisse.ch\/\",\"logo\":{\"@type\":\"ImageObject\",\"inLanguage\":\"de\",\"@id\":\"https:\/\/souverainete-suisse.ch\/#\/schema\/logo\/image\/\",\"url\":\"https:\/\/souverainete-suisse.ch\/wp-content\/uploads\/2025\/11\/logo.png\",\"contentUrl\":\"https:\/\/souverainete-suisse.ch\/wp-content\/uploads\/2025\/11\/logo.png\",\"width\":2053,\"height\":1461,\"caption\":\"Mouvement Souverainet\u00e9 Suisse\"},\"image\":{\"@id\":\"https:\/\/souverainete-suisse.ch\/#\/schema\/logo\/image\/\"}},{\"@type\":\"Person\",\"@id\":\"https:\/\/souverainete-suisse.ch\/#\/schema\/person\/fd126a65533b168ad053321f54cad987\",\"name\":\"Philippe Renaud\",\"image\":{\"@type\":\"ImageObject\",\"inLanguage\":\"de\",\"@id\":\"https:\/\/souverainete-suisse.ch\/#\/schema\/person\/image\/\",\"url\":\"https:\/\/secure.gravatar.com\/avatar\/ea457c55cfcfc8cbdb1077128f20033c33a8e982208b5ce9cc8eaeba2b6ff758?s=96&d=mm&r=g\",\"contentUrl\":\"https:\/\/secure.gravatar.com\/avatar\/ea457c55cfcfc8cbdb1077128f20033c33a8e982208b5ce9cc8eaeba2b6ff758?s=96&d=mm&r=g\",\"caption\":\"Philippe Renaud\"},\"url\":\"http:\/\/souverainete-suisse.ch\/de\/author\/philippe\/\"}]}<\/script>\n<!-- \/ Yoast SEO plugin. -->","yoast_head_json":{"title":"\ud83c\udde8\ud83c\uddedDer kleine Telegrafist aus Br\u00fcssel: Portr\u00e4t einer Treue - Schweizer Demokraten","description":"Portr\u00e4tkritik von Ignacio Cassis: Schweizer Diplomatie, Beziehungen zur EU und Debatte \u00fcber Souver\u00e4nit\u00e4t, Neutralit\u00e4t und nationale Unabh\u00e4ngigkeit.","robots":{"index":"index","follow":"follow","max-snippet":"max-snippet:-1","max-image-preview":"max-image-preview:large","max-video-preview":"max-video-preview:-1"},"canonical":"https:\/\/souverainete-suisse.ch\/de\/2026\/04\/der-kleine-telegrafist-aus-brussel-portrat-einer-loyalitat\/","og_locale":"de_DE","og_type":"article","og_title":"\ud83c\udde8\ud83c\uddedLe petit t\u00e9l\u00e9graphiste de Bruxelles : Portrait d\u2019une all\u00e9geance - Mouvement Souverainet\u00e9 Suisse","og_description":"Portrait critique d\u2019Ignacio Cassis : diplomatie suisse, relations avec l\u2019UE et d\u00e9bat sur la souverainet\u00e9, la neutralit\u00e9 et l\u2019ind\u00e9pendance nationale.","og_url":"https:\/\/souverainete-suisse.ch\/de\/2026\/04\/der-kleine-telegrafist-aus-brussel-portrat-einer-loyalitat\/","og_site_name":"Mouvement Souverainet\u00e9 Suisse","article_published_time":"2026-04-24T15:03:39+00:00","article_modified_time":"2026-04-24T15:04:39+00:00","og_image":[{"width":800,"height":533,"url":"https:\/\/souverainete-suisse.ch\/wp-content\/uploads\/2026\/04\/1777011213994.jpeg","type":"image\/jpeg"}],"author":"Philippe Renaud","twitter_card":"summary_large_image","twitter_misc":{"Verfasst von":"Philippe Renaud","Gesch\u00e4tzte Lesezeit":"2\u00a0Minuten"},"schema":{"@context":"https:\/\/schema.org","@graph":[{"@type":"Article","@id":"https:\/\/souverainete-suisse.ch\/2026\/04\/%f0%9f%87%a8%f0%9f%87%adle-petit-telegraphiste-de-bruxelles-portrait-dune-allegeance\/#article","isPartOf":{"@id":"https:\/\/souverainete-suisse.ch\/2026\/04\/%f0%9f%87%a8%f0%9f%87%adle-petit-telegraphiste-de-bruxelles-portrait-dune-allegeance\/"},"author":{"name":"Philippe Renaud","@id":"https:\/\/souverainete-suisse.ch\/#\/schema\/person\/fd126a65533b168ad053321f54cad987"},"headline":"\ud83c\udde8\ud83c\uddedLe petit t\u00e9l\u00e9graphiste de Bruxelles : Portrait d\u2019une all\u00e9geance","datePublished":"2026-04-24T15:03:39+00:00","dateModified":"2026-04-24T15:04:39+00:00","mainEntityOfPage":{"@id":"https:\/\/souverainete-suisse.ch\/2026\/04\/%f0%9f%87%a8%f0%9f%87%adle-petit-telegraphiste-de-bruxelles-portrait-dune-allegeance\/"},"wordCount":353,"publisher":{"@id":"https:\/\/souverainete-suisse.ch\/#organization"},"image":{"@id":"https:\/\/souverainete-suisse.ch\/2026\/04\/%f0%9f%87%a8%f0%9f%87%adle-petit-telegraphiste-de-bruxelles-portrait-dune-allegeance\/#primaryimage"},"thumbnailUrl":"https:\/\/souverainete-suisse.ch\/wp-content\/uploads\/2026\/04\/1777011213994.jpeg","articleSection":["Non class\u00e9"],"inLanguage":"de"},{"@type":"WebPage","@id":"https:\/\/souverainete-suisse.ch\/2026\/04\/%f0%9f%87%a8%f0%9f%87%adle-petit-telegraphiste-de-bruxelles-portrait-dune-allegeance\/","url":"https:\/\/souverainete-suisse.ch\/2026\/04\/%f0%9f%87%a8%f0%9f%87%adle-petit-telegraphiste-de-bruxelles-portrait-dune-allegeance\/","name":"\ud83c\udde8\ud83c\uddedDer kleine Telegrafist aus Br\u00fcssel: Portr\u00e4t einer Treue - Schweizer Demokraten","isPartOf":{"@id":"https:\/\/souverainete-suisse.ch\/#website"},"primaryImageOfPage":{"@id":"https:\/\/souverainete-suisse.ch\/2026\/04\/%f0%9f%87%a8%f0%9f%87%adle-petit-telegraphiste-de-bruxelles-portrait-dune-allegeance\/#primaryimage"},"image":{"@id":"https:\/\/souverainete-suisse.ch\/2026\/04\/%f0%9f%87%a8%f0%9f%87%adle-petit-telegraphiste-de-bruxelles-portrait-dune-allegeance\/#primaryimage"},"thumbnailUrl":"https:\/\/souverainete-suisse.ch\/wp-content\/uploads\/2026\/04\/1777011213994.jpeg","datePublished":"2026-04-24T15:03:39+00:00","dateModified":"2026-04-24T15:04:39+00:00","description":"Portr\u00e4tkritik von Ignacio Cassis: Schweizer Diplomatie, Beziehungen zur EU und Debatte \u00fcber Souver\u00e4nit\u00e4t, Neutralit\u00e4t und nationale Unabh\u00e4ngigkeit.","breadcrumb":{"@id":"https:\/\/souverainete-suisse.ch\/2026\/04\/%f0%9f%87%a8%f0%9f%87%adle-petit-telegraphiste-de-bruxelles-portrait-dune-allegeance\/#breadcrumb"},"inLanguage":"de","potentialAction":[{"@type":"ReadAction","target":["https:\/\/souverainete-suisse.ch\/2026\/04\/%f0%9f%87%a8%f0%9f%87%adle-petit-telegraphiste-de-bruxelles-portrait-dune-allegeance\/"]}]},{"@type":"ImageObject","inLanguage":"de","@id":"https:\/\/souverainete-suisse.ch\/2026\/04\/%f0%9f%87%a8%f0%9f%87%adle-petit-telegraphiste-de-bruxelles-portrait-dune-allegeance\/#primaryimage","url":"https:\/\/souverainete-suisse.ch\/wp-content\/uploads\/2026\/04\/1777011213994.jpeg","contentUrl":"https:\/\/souverainete-suisse.ch\/wp-content\/uploads\/2026\/04\/1777011213994.jpeg","width":800,"height":533,"caption":"Le Petit T\u00e9l\u00e9graphiste de Bruxelles : Portrait d\u2019une All\u00e9geance"},{"@type":"BreadcrumbList","@id":"https:\/\/souverainete-suisse.ch\/2026\/04\/%f0%9f%87%a8%f0%9f%87%adle-petit-telegraphiste-de-bruxelles-portrait-dune-allegeance\/#breadcrumb","itemListElement":[{"@type":"ListItem","position":1,"name":"Accueil","item":"https:\/\/souverainete-suisse.ch\/"},{"@type":"ListItem","position":2,"name":"\ud83c\udde8\ud83c\uddedLe petit t\u00e9l\u00e9graphiste de Bruxelles : Portrait d\u2019une all\u00e9geance"}]},{"@type":"WebSite","@id":"https:\/\/souverainete-suisse.ch\/#website","url":"https:\/\/souverainete-suisse.ch\/","name":"Bewegung Souver\u00e4ne Schweiz","description":"","publisher":{"@id":"https:\/\/souverainete-suisse.ch\/#organization"},"potentialAction":[{"@type":"SearchAction","target":{"@type":"EntryPoint","urlTemplate":"https:\/\/souverainete-suisse.ch\/?s={search_term_string}"},"query-input":{"@type":"PropertyValueSpecification","valueRequired":true,"valueName":"search_term_string"}}],"inLanguage":"de"},{"@type":"Organization","@id":"https:\/\/souverainete-suisse.ch\/#organization","name":"Bewegung Souver\u00e4ne Schweiz","url":"https:\/\/souverainete-suisse.ch\/","logo":{"@type":"ImageObject","inLanguage":"de","@id":"https:\/\/souverainete-suisse.ch\/#\/schema\/logo\/image\/","url":"https:\/\/souverainete-suisse.ch\/wp-content\/uploads\/2025\/11\/logo.png","contentUrl":"https:\/\/souverainete-suisse.ch\/wp-content\/uploads\/2025\/11\/logo.png","width":2053,"height":1461,"caption":"Mouvement Souverainet\u00e9 Suisse"},"image":{"@id":"https:\/\/souverainete-suisse.ch\/#\/schema\/logo\/image\/"}},{"@type":"Person","@id":"https:\/\/souverainete-suisse.ch\/#\/schema\/person\/fd126a65533b168ad053321f54cad987","name":"Philippe Renaud","image":{"@type":"ImageObject","inLanguage":"de","@id":"https:\/\/souverainete-suisse.ch\/#\/schema\/person\/image\/","url":"https:\/\/secure.gravatar.com\/avatar\/ea457c55cfcfc8cbdb1077128f20033c33a8e982208b5ce9cc8eaeba2b6ff758?s=96&d=mm&r=g","contentUrl":"https:\/\/secure.gravatar.com\/avatar\/ea457c55cfcfc8cbdb1077128f20033c33a8e982208b5ce9cc8eaeba2b6ff758?s=96&d=mm&r=g","caption":"Philippe Renaud"},"url":"http:\/\/souverainete-suisse.ch\/de\/author\/philippe\/"}]}},"_links":{"self":[{"href":"http:\/\/souverainete-suisse.ch\/de\/wp-json\/wp\/v2\/posts\/1096","targetHints":{"allow":["GET"]}}],"collection":[{"href":"http:\/\/souverainete-suisse.ch\/de\/wp-json\/wp\/v2\/posts"}],"about":[{"href":"http:\/\/souverainete-suisse.ch\/de\/wp-json\/wp\/v2\/types\/post"}],"author":[{"embeddable":true,"href":"http:\/\/souverainete-suisse.ch\/de\/wp-json\/wp\/v2\/users\/3"}],"replies":[{"embeddable":true,"href":"http:\/\/souverainete-suisse.ch\/de\/wp-json\/wp\/v2\/comments?post=1096"}],"version-history":[{"count":4,"href":"http:\/\/souverainete-suisse.ch\/de\/wp-json\/wp\/v2\/posts\/1096\/revisions"}],"predecessor-version":[{"id":1101,"href":"http:\/\/souverainete-suisse.ch\/de\/wp-json\/wp\/v2\/posts\/1096\/revisions\/1101"}],"wp:featuredmedia":[{"embeddable":true,"href":"http:\/\/souverainete-suisse.ch\/de\/wp-json\/wp\/v2\/media\/1097"}],"wp:attachment":[{"href":"http:\/\/souverainete-suisse.ch\/de\/wp-json\/wp\/v2\/media?parent=1096"}],"wp:term":[{"taxonomy":"category","embeddable":true,"href":"http:\/\/souverainete-suisse.ch\/de\/wp-json\/wp\/v2\/categories?post=1096"},{"taxonomy":"post_tag","embeddable":true,"href":"http:\/\/souverainete-suisse.ch\/de\/wp-json\/wp\/v2\/tags?post=1096"}],"curies":[{"name":"wp","href":"https:\/\/api.w.org\/{rel}","templated":true}]}}