{"id":1090,"date":"2026-04-24T15:39:06","date_gmt":"2026-04-24T13:39:06","guid":{"rendered":"https:\/\/souverainete-suisse.ch\/?p=1090"},"modified":"2026-04-28T14:43:36","modified_gmt":"2026-04-28T12:43:36","slug":"strategische-notiz-zur-ruckeroberung-der-souveranitat-der-eidgenossenschaft","status":"publish","type":"post","link":"http:\/\/souverainete-suisse.ch\/de\/2026\/04\/strategische-notiz-zur-ruckeroberung-der-souveranitat-der-eidgenossenschaft\/","title":{"rendered":"Strategische Notiz: Die Souver\u00e4nit\u00e4t der Eidgenossenschaft zur\u00fcckgewinnen"},"content":{"rendered":"<p><img fetchpriority=\"high\" decoding=\"async\" class=\"alignnone size-medium wp-image-1091\" src=\"https:\/\/souverainete-suisse.ch\/wp-content\/uploads\/2026\/04\/Ludovic-NB-255x300.jpg\" alt=\"\" width=\"255\" height=\"300\" srcset=\"https:\/\/souverainete-suisse.ch\/wp-content\/uploads\/2026\/04\/Ludovic-NB-255x300.jpg 255w, https:\/\/souverainete-suisse.ch\/wp-content\/uploads\/2026\/04\/Ludovic-NB-10x12.jpg 10w, https:\/\/souverainete-suisse.ch\/wp-content\/uploads\/2026\/04\/Ludovic-NB.jpg 450w\" sizes=\"(max-width: 255px) 100vw, 255px\" \/><\/p>\n<p><em>Von Ludovic Malot, Unternehmer und \u00d6konom<\/em><\/p>\n<p><strong>Pr\u00e4sident Schweizer Souver\u00e4nit\u00e4tsverein<\/strong><\/p>\n<p><strong>\u00a0<\/strong><em>April 2026<\/em><\/p>\n<p>&nbsp;<\/p>\n<p><strong>Betreff:<\/strong> Notfallplan zum Schutz des Verm\u00f6gens des Schweizer Volkes und seiner W\u00e4hrungsunabh\u00e4ngigkeit.<\/p>\n<p><strong>Referenz:<\/strong> Lehre von der realen Stabilit\u00e4t und das Erbe von Ferdinand Lips.<\/p>\n<p>&nbsp;<\/p>\n<p><strong>I. DIE FESTSTELLUNG: EINE SOUVER\u00c4NIT\u00c4T UNTER IMPERIALER VORMUNDSCHAFT<\/strong><\/p>\n<p>Die Schweiz durchlebt eine stille Schicksalskrise. Hinter der Fassade technischer Steuerung ist die Schweizerische Nationalbank (SNB) in ein Modell systemischer Abh\u00e4ngigkeit vom Dollarblock gerutscht. Wie vorhergesagt wurde <strong>Ferdinand Lips<\/strong> in <em>Gold Wars<\/em> :<\/p>\n<p>\u00abEine Nation, die ihr Gold aufgibt, gibt ihre Freiheit auf. Gold ist nicht einfach nur ein gelbes Metall; es ist der einzige Mechanismus, der die Missbr\u00e4uche von Regierungen und Zentralbanken begrenzen kann.\u00bb<\/p>\n<p><strong>Die S\u00e4ulen der nationalen Erosion:<\/strong><\/p>\n<ol>\n<li><strong>Die L\u00fcge des starken Geldes:<\/strong> Der Franken hat verloren <strong>94,9 % seines Wertes<\/strong> seit 1971 im Angesicht von Gold. Die \u00abStabilit\u00e4t\u00bb ist nur eine oberfl\u00e4chliche Fassade, die eine massive langfristige Entwertung der Kaufkraft verdeckt.<\/li>\n<li><strong>Die Versklavung durch die Bilanz:<\/strong> Mit mehr als <strong>360 Milliarden CHF<\/strong> Der Schweizerische Nationalbank (SNB), der US-Verm\u00f6genswerten ausgesetzt ist, finanziert das Defizit eines fremden Staates und unterwirft das Verm\u00f6gen des Volkes extraterritorialem Recht und den Interessen der Wall Street.<\/li>\n<li><strong>Die Illusion der Neutralit\u00e4t:<\/strong> Man kann sich nicht als neutral bezeichnen, wenn die Bilanz der Zentralbank als gefangener Gl\u00e4ubiger der weltweit gr\u00f6\u00dften Zwangsherrschaft fungiert.<\/li>\n<\/ol>\n<p><strong>II. GELDPOLITISCHER RAHMEN: REFORM DER GELDSCH\u00d6PFUNG UND REALE VERANKERUNG<\/strong><\/p>\n<p>Das aktuelle System erlaubt es Privatbanken, zu schaffen <strong>90 % des Geldes<\/strong> ex nihilo, eine Hypothekenschuld von mehr als <strong>100 Milliarden CHF<\/strong> die die jungen Generationen erstickt.<\/p>\n<ul>\n<li><strong>Verstaatlichung der monet\u00e4ren Debatte:<\/strong> Begrenzung der privaten Geldsch\u00f6pfung durch Mindestreservepflichten zur Eind\u00e4mmung der Verm\u00f6gensinflation (Immobilien).<\/li>\n<li><strong>Verbot negativer Zinss\u00e4tze:<\/strong> Das Sparguthaben in der Verfassung sakralisieren. Die negativen Zinsen sind eine Enteignung der helvetischen Vorsicht zugunsten des Bankensystems.<\/li>\n<li><strong>Goldverkaufspr\u00fcfung<\/strong> Rechenschaft verlangen \u00fcber die <strong>1 300 Tonnen<\/strong> verfallen zwischen 2000 und 2008.<\/li>\n<\/ul>\n<p>\u00ab Gold ist die M\u00fcnze der K\u00f6nige, Silber die der Gentlemen, aber Schulden sind die M\u00fcnze der Sklaven. \u00bb <strong>Ferdinand Lips<\/strong><\/p>\n<p><strong>III. GEOPOLITISCHE ACHSE: DE-DOLLARISIERUNG UND RECHNUNGSNUTRALIT\u00c4T<\/strong><\/p>\n<p>Die Neutralit\u00e4t darf kein Schlagwort mehr sein, sondern muss wieder zu einer Realit\u00e4t werden, die in der Bilanz des Nationalverm\u00f6gens verankert ist.<\/p>\n<ul>\n<li><strong>Vollst\u00e4ndige R\u00fcckf\u00fchrung von Gold:<\/strong> Die 1.040 Tonnen Reserven m\u00fcssen auf Schweizer Boden gelagert und physisch gepr\u00fcft werden. Ein in London oder Ottawa gelagerter Verm\u00f6genswert ist eine pf\u00e4ndbare Forderung, keine Versicherung.<\/li>\n<li><strong>Schutz vor Extraterritorialit\u00e4t<\/strong> Die Anwendung ausl\u00e4ndischer Gesetze (FATCA, Cloud Act) auf Schweizer Territorium verbieten. Daten und Verm\u00f6gen von B\u00fcrgern sollen nur dem Recht der Eidgenossenschaft unterliegen.<\/li>\n<li><strong>Brief an das Reich:<\/strong> Erinnern Sie die ausl\u00e4ndischen M\u00e4chte daran, dass die Gr\u00f6\u00dfe eines Landes nicht durch die Vasallisierung seiner Verb\u00fcndeten aufgebaut wird. Die Schweiz muss das \u00abDollarsystem\u00bb verlassen, um ihre Autonomie zu sch\u00fctzen.<\/li>\n<\/ul>\n<p><strong style=\"font-family: -apple-system, BlinkMacSystemFont, 'Segoe UI', Roboto, 'Helvetica Neue', Arial, 'Noto Sans', sans-serif, 'Apple Color Emoji', 'Segoe UI Emoji', 'Segoe UI Symbol', 'Noto Color Emoji';\">IV. VERM\u00d6GENSAX: SCHUTZ DER INDIVIDUELLEN FREIHEIT<\/strong><\/p>\n<p>Die Offensive gegen die Privatsph\u00e4re ist die Vorstufe zu einer von nicht gew\u00e4hlten Gremien (OECD) organisierten Tyrannei-Besteuerung.<\/p>\n<ul>\n<li><strong>Der semantische K\u00f6der des \u00abBargelds\u00bb:<\/strong> Obwohl die Initiative vom 8. M\u00e4rz abgelehnt wurde, ist der Gegenvorschlag des Bundesrates ein gef\u00e4hrliches Man\u00f6ver. Durch die Verwendung des Begriffs \u00abBargeld\u00bb und die \u00dcbertragung der ausschlie\u00dflichen Zust\u00e4ndigkeit f\u00fcr dessen Verwaltung an die SNB entzieht der Staat das Bargeld der Kontrolle des Volkes.<\/li>\n<li><strong>Widerstand gegen vollst\u00e4ndige R\u00fcckverfolgbarkeit<\/strong> Die automatische Informationsweitergabe \u00fcber Grundbesitz und Verm\u00f6gen ablehnen. Ein Verm\u00f6gen, das f\u00fcr eine transnationale Beh\u00f6rde v\u00f6llig transparent ist, ist ein bereits beschlagnahmbares Verm\u00f6gen.<\/li>\n<li><strong>Garantie f\u00fcr physisches Bargeld<\/strong> Die Konf\u00f6deration muss darauf bestehen, dass Bargeld ein Mittel der Freiheit bleibt <strong>getrennt und schwer fassbar<\/strong>, und nicht ein einfaches, von einer unkontrollierten Zentralbank programmierbares \u00abdigitales Bargeld\u00bb.<\/li>\n<\/ul>\n<p><strong>V. <\/strong><strong style=\"font-family: -apple-system, BlinkMacSystemFont, 'Segoe UI', Roboto, 'Helvetica Neue', Arial, 'Noto Sans', sans-serif, 'Apple Color Emoji', 'Segoe UI Emoji', 'Segoe UI Symbol', 'Noto Color Emoji';\">Gouvernanz: Die SNB wieder unter Kontrolle bringen<\/strong><\/p>\n<p>Die SNB ist mit einer Bilanzsumme von \u00fcber 110 % des BIP zu einem \u00abStaat im Staate\u00bb geworden. Ihre Unabh\u00e4ngigkeit darf nicht bedeuten, dass sie dem Souver\u00e4n keinerlei Rechenschaft schuldet.<\/p>\n<p>\u00ab Wenn die Schweizer Parlamentarier die Lehren der Geldgeschichte gelesen und verstanden h\u00e4tten, h\u00e4tten sie niemals zugelassen, dass unser Gold zum Tiefstpreis verkauft wird, um ausl\u00e4ndische Papierversprechen zu kaufen. \u00bb <strong>Ferdinand Lips<\/strong><\/p>\n<p><strong>\u00a0<\/strong><strong>Institutioneller Aktionsplan:<\/strong><\/p>\n<ol>\n<li><strong>Parlamentarische Kontrollkommission<\/strong> Ende des Blankoschecks. Die Strategie zur Verm\u00f6gensallokation muss von den Vertretern des Volkes und der Kantone diskutiert und genehmigt werden.<\/li>\n<li><strong>Gr\u00fcndung des Schweizer Staatsfonds (FSH):<\/strong> Die Devisenreserven vom geldpolitischen Mandat trennen, um sie in tats\u00e4chliche Unabh\u00e4ngigkeit (Energie, Metalle, strategische Infrastrukturen) zu investieren.<\/li>\n<li><strong>Reales-Haltungs-Mandat<\/strong> Die SNB muss gesetzlich verpflichtet sein, die Kaufkraft des Frankens gegen\u00fcber Gold zu sch\u00fctzen und sich nicht an den Abwertungspolitiken der EZB oder der Fed zu orientieren.<\/li>\n<\/ol>\n<p><strong>FAZIT: DIE R\u00dcCKKEHR ZUR REALIT\u00c4T<\/strong><\/p>\n<p>Die Schweiz wird nur dann souver\u00e4n sein, wenn sie ihre W\u00e4hrung, ihr Gold und ihre Gesetze kontrolliert. Die Zeit der technokratischen Gefolgschaft und der diskreten Vasallentreue muss ein Ende haben. Wie Lips lehrte, kann Stabilit\u00e4t nicht in Leitartikeln verordnet werden, sie wird durch Disziplin und Achtung des Privateigentums aufgebaut.<\/p>\n<p><strong>\u00a0<\/strong><strong>F\u00fcr das Wohl des Volkes, f\u00fcr die Freiheit der Kantone: Restaurieren wir die Souver\u00e4nit\u00e4t der Eidgenossenschaft.<\/strong><\/p>\n<p>&nbsp;<\/p>\n<p><strong>Lassen Sie unsere Souver\u00e4nit\u00e4t nicht in Stille untergehen<\/strong><\/p>\n<p>Hat diese Analyse Ihre Gewissheiten ersch\u00fcttert? Das liegt daran, dass sie aufdeckt, was die subventionierten Medien verschweigen und was Bern hinter den Kulissen verhandelt. <strong>Wissen ist die erste Waffe des Widerstands.<\/strong><\/p>\n<p><strong>\u00a0<\/strong><strong>Ihre sofortige Handlung:<\/strong><\/p>\n<ul>\n<li><strong>Verbreiten Sie diese Nachricht.<\/strong> Liken, teilen, wiederver\u00f6ffentlichen. Brecht das Monopol der offiziellen Informationen.<\/li>\n<li><strong>Erweckt das Bewusstsein:<\/strong> Jeder Einbruch ist ein Riss in der Mauer des monet\u00e4ren Nachfolgeverhaltens.<\/li>\n<\/ul>\n<p><strong>Wir sind keine blo\u00dfen Beobachter. Wir sind die H\u00fcter der Unabh\u00e4ngigkeit.<\/strong><\/p>\n<p>Die Eidgenossenschaft geh\u00f6rt weder den Technokraten der SNB noch den Experten der OECD: Sie geh\u00f6rt dem Volk und den Kantonen. Schlie\u00dfen Sie sich an <strong>Bewegung Souver\u00e4ne Schweiz<\/strong>. Die Geschichte wiederholt sich nicht. Jetzt ist nicht die Zeit zu z\u00f6gern, sondern zu handeln.<\/p>\n<p>\u271a <strong>Schlie\u00dfen Sie sich der Bewegung an:<\/strong> <a href=\"https:\/\/souverainete-suisse.ch\/de\/mitglied-werden\/\">https:\/\/souverainete-suisse.ch\/devenir-membre\/<\/a><\/p>\n<p>\u271a <strong>Vertiefen Sie den Kampf:<\/strong> <a href=\"https:\/\/souverainete-suisse.ch\/de\/\">https:\/\/souverainete-suisse.ch\/<\/a><\/p>\n<p><strong>Nicht morgen. Nicht sp\u00e4ter. JETZT. <\/strong><strong>\ud83c\udde8\ud83c\udded<\/strong><\/p>","protected":false},"excerpt":{"rendered":"<p>Par Ludovic Malot, entrepreneur &amp; \u00e9conomiste Pr\u00e9sident Association Souverainet\u00e9 Suisse \u00a0Avril 2026 &nbsp; Objet : Plan d&rsquo;urgence pour la protection de la fortune du Peuple suisse et de son ind\u00e9pendance mon\u00e9taire. R\u00e9f\u00e9rence : Doctrine de stabilit\u00e9 r\u00e9elle et h\u00e9ritage de Ferdinand Lips. &nbsp; I. LE CONSTAT : UNE SOUVERAINET\u00c9 SOUS TUTELLE IMP\u00c9RIALE La Suisse traverse [&hellip;]<\/p>\n","protected":false},"author":2,"featured_media":1092,"comment_status":"closed","ping_status":"closed","sticky":false,"template":"","format":"standard","meta":{"footnotes":""},"categories":[8,9,11],"tags":[],"class_list":["post-1090","post","type-post","status-publish","format-standard","has-post-thumbnail","hentry","category-politique-interieure","category-politique-internationale","category-ue"],"yoast_head":"<!-- This site is optimized with the Yoast SEO plugin v26.9 - https:\/\/yoast.com\/product\/yoast-seo-wordpress\/ -->\n<title>\ud83c\udde8\ud83c\udded Note strat\u00e9gique : reconqu\u00e9rir la souverainet\u00e9 de la conf\u00e9d\u00e9ration - Mouvement Souverainet\u00e9 Suisse<\/title>\n<meta name=\"description\" content=\"Plan d\u2019urgence pour restaurer la souverainet\u00e9 mon\u00e9taire suisse : critique du r\u00f4le de la BNS, d\u00e9pendance au dollar, \u00e9rosion du franc, et propositions concr\u00e8tes inspir\u00e9es de Ferdinand Lips pour prot\u00e9ger l\u2019or, l\u2019\u00e9pargne et la libert\u00e9 \u00e9conomique.\" \/>\n<meta name=\"robots\" content=\"index, follow, max-snippet:-1, max-image-preview:large, max-video-preview:-1\" \/>\n<link rel=\"canonical\" href=\"https:\/\/souverainete-suisse.ch\/de\/2026\/04\/strategische-notiz-zur-ruckeroberung-der-souveranitat-der-eidgenossenschaft\/\" \/>\n<meta property=\"og:locale\" content=\"de_DE\" \/>\n<meta property=\"og:type\" content=\"article\" \/>\n<meta property=\"og:title\" content=\"\ud83c\udde8\ud83c\udded Note strat\u00e9gique : reconqu\u00e9rir la souverainet\u00e9 de la conf\u00e9d\u00e9ration - Mouvement Souverainet\u00e9 Suisse\" \/>\n<meta property=\"og:description\" content=\"Plan d\u2019urgence pour restaurer la souverainet\u00e9 mon\u00e9taire suisse : critique du r\u00f4le de la BNS, d\u00e9pendance au dollar, \u00e9rosion du franc, et propositions concr\u00e8tes inspir\u00e9es de Ferdinand Lips pour prot\u00e9ger l\u2019or, l\u2019\u00e9pargne et la libert\u00e9 \u00e9conomique.\" \/>\n<meta property=\"og:url\" content=\"https:\/\/souverainete-suisse.ch\/de\/2026\/04\/strategische-notiz-zur-ruckeroberung-der-souveranitat-der-eidgenossenschaft\/\" \/>\n<meta property=\"og:site_name\" content=\"Mouvement Souverainet\u00e9 Suisse\" \/>\n<meta property=\"article:published_time\" content=\"2026-04-24T13:39:06+00:00\" \/>\n<meta property=\"article:modified_time\" content=\"2026-04-28T12:43:36+00:00\" \/>\n<meta property=\"og:image\" content=\"https:\/\/souverainete-suisse.ch\/wp-content\/uploads\/2026\/04\/BNS.jpg\" \/>\n\t<meta property=\"og:image:width\" content=\"1024\" \/>\n\t<meta property=\"og:image:height\" content=\"683\" \/>\n\t<meta property=\"og:image:type\" content=\"image\/jpeg\" \/>\n<meta name=\"author\" content=\"ludom\" \/>\n<meta name=\"twitter:card\" content=\"summary_large_image\" \/>\n<meta name=\"twitter:label1\" content=\"Verfasst von\" \/>\n\t<meta name=\"twitter:data1\" content=\"ludom\" \/>\n\t<meta name=\"twitter:label2\" content=\"Gesch\u00e4tzte Lesezeit\" \/>\n\t<meta name=\"twitter:data2\" content=\"6\u00a0Minuten\" \/>\n<script type=\"application\/ld+json\" class=\"yoast-schema-graph\">{\"@context\":\"https:\/\/schema.org\",\"@graph\":[{\"@type\":\"Article\",\"@id\":\"https:\/\/souverainete-suisse.ch\/2026\/04\/note-strategique-reconquerir-la-souverainete-de-la-confederation\/#article\",\"isPartOf\":{\"@id\":\"https:\/\/souverainete-suisse.ch\/2026\/04\/note-strategique-reconquerir-la-souverainete-de-la-confederation\/\"},\"author\":{\"name\":\"ludom\",\"@id\":\"https:\/\/souverainete-suisse.ch\/#\/schema\/person\/b25acb547faec24a94d7215216d68cbf\"},\"headline\":\"\ud83c\udde8\ud83c\udded Note strat\u00e9gique : reconqu\u00e9rir la souverainet\u00e9 de la conf\u00e9d\u00e9ration\",\"datePublished\":\"2026-04-24T13:39:06+00:00\",\"dateModified\":\"2026-04-28T12:43:36+00:00\",\"mainEntityOfPage\":{\"@id\":\"https:\/\/souverainete-suisse.ch\/2026\/04\/note-strategique-reconquerir-la-souverainete-de-la-confederation\/\"},\"wordCount\":1156,\"publisher\":{\"@id\":\"https:\/\/souverainete-suisse.ch\/#organization\"},\"image\":{\"@id\":\"https:\/\/souverainete-suisse.ch\/2026\/04\/note-strategique-reconquerir-la-souverainete-de-la-confederation\/#primaryimage\"},\"thumbnailUrl\":\"https:\/\/souverainete-suisse.ch\/wp-content\/uploads\/2026\/04\/BNS.jpg\",\"articleSection\":[\"Politique int\u00e9rieure\",\"Politique internationale\",\"UE\"],\"inLanguage\":\"de\"},{\"@type\":\"WebPage\",\"@id\":\"https:\/\/souverainete-suisse.ch\/2026\/04\/note-strategique-reconquerir-la-souverainete-de-la-confederation\/\",\"url\":\"https:\/\/souverainete-suisse.ch\/2026\/04\/note-strategique-reconquerir-la-souverainete-de-la-confederation\/\",\"name\":\"\ud83c\udde8\ud83c\udded Note strat\u00e9gique : reconqu\u00e9rir la souverainet\u00e9 de la conf\u00e9d\u00e9ration - Mouvement Souverainet\u00e9 Suisse\",\"isPartOf\":{\"@id\":\"https:\/\/souverainete-suisse.ch\/#website\"},\"primaryImageOfPage\":{\"@id\":\"https:\/\/souverainete-suisse.ch\/2026\/04\/note-strategique-reconquerir-la-souverainete-de-la-confederation\/#primaryimage\"},\"image\":{\"@id\":\"https:\/\/souverainete-suisse.ch\/2026\/04\/note-strategique-reconquerir-la-souverainete-de-la-confederation\/#primaryimage\"},\"thumbnailUrl\":\"https:\/\/souverainete-suisse.ch\/wp-content\/uploads\/2026\/04\/BNS.jpg\",\"datePublished\":\"2026-04-24T13:39:06+00:00\",\"dateModified\":\"2026-04-28T12:43:36+00:00\",\"description\":\"Plan d\u2019urgence pour restaurer la souverainet\u00e9 mon\u00e9taire suisse : critique du r\u00f4le de la BNS, d\u00e9pendance au dollar, \u00e9rosion du franc, et propositions concr\u00e8tes inspir\u00e9es de Ferdinand Lips pour prot\u00e9ger l\u2019or, l\u2019\u00e9pargne et la libert\u00e9 \u00e9conomique.\",\"breadcrumb\":{\"@id\":\"https:\/\/souverainete-suisse.ch\/2026\/04\/note-strategique-reconquerir-la-souverainete-de-la-confederation\/#breadcrumb\"},\"inLanguage\":\"de\",\"potentialAction\":[{\"@type\":\"ReadAction\",\"target\":[\"https:\/\/souverainete-suisse.ch\/2026\/04\/note-strategique-reconquerir-la-souverainete-de-la-confederation\/\"]}]},{\"@type\":\"ImageObject\",\"inLanguage\":\"de\",\"@id\":\"https:\/\/souverainete-suisse.ch\/2026\/04\/note-strategique-reconquerir-la-souverainete-de-la-confederation\/#primaryimage\",\"url\":\"https:\/\/souverainete-suisse.ch\/wp-content\/uploads\/2026\/04\/BNS.jpg\",\"contentUrl\":\"https:\/\/souverainete-suisse.ch\/wp-content\/uploads\/2026\/04\/BNS.jpg\",\"width\":1024,\"height\":683},{\"@type\":\"BreadcrumbList\",\"@id\":\"https:\/\/souverainete-suisse.ch\/2026\/04\/note-strategique-reconquerir-la-souverainete-de-la-confederation\/#breadcrumb\",\"itemListElement\":[{\"@type\":\"ListItem\",\"position\":1,\"name\":\"Accueil\",\"item\":\"https:\/\/souverainete-suisse.ch\/\"},{\"@type\":\"ListItem\",\"position\":2,\"name\":\"\ud83c\udde8\ud83c\udded Note strat\u00e9gique : reconqu\u00e9rir la souverainet\u00e9 de la conf\u00e9d\u00e9ration\"}]},{\"@type\":\"WebSite\",\"@id\":\"https:\/\/souverainete-suisse.ch\/#website\",\"url\":\"https:\/\/souverainete-suisse.ch\/\",\"name\":\"Mouvement Souverainet\u00e9 Suisse\",\"description\":\"\",\"publisher\":{\"@id\":\"https:\/\/souverainete-suisse.ch\/#organization\"},\"potentialAction\":[{\"@type\":\"SearchAction\",\"target\":{\"@type\":\"EntryPoint\",\"urlTemplate\":\"https:\/\/souverainete-suisse.ch\/?s={search_term_string}\"},\"query-input\":{\"@type\":\"PropertyValueSpecification\",\"valueRequired\":true,\"valueName\":\"search_term_string\"}}],\"inLanguage\":\"de\"},{\"@type\":\"Organization\",\"@id\":\"https:\/\/souverainete-suisse.ch\/#organization\",\"name\":\"Mouvement Souverainet\u00e9 Suisse\",\"url\":\"https:\/\/souverainete-suisse.ch\/\",\"logo\":{\"@type\":\"ImageObject\",\"inLanguage\":\"de\",\"@id\":\"https:\/\/souverainete-suisse.ch\/#\/schema\/logo\/image\/\",\"url\":\"https:\/\/souverainete-suisse.ch\/wp-content\/uploads\/2025\/11\/logo.png\",\"contentUrl\":\"https:\/\/souverainete-suisse.ch\/wp-content\/uploads\/2025\/11\/logo.png\",\"width\":2053,\"height\":1461,\"caption\":\"Mouvement Souverainet\u00e9 Suisse\"},\"image\":{\"@id\":\"https:\/\/souverainete-suisse.ch\/#\/schema\/logo\/image\/\"}},{\"@type\":\"Person\",\"@id\":\"https:\/\/souverainete-suisse.ch\/#\/schema\/person\/b25acb547faec24a94d7215216d68cbf\",\"name\":\"ludom\",\"image\":{\"@type\":\"ImageObject\",\"inLanguage\":\"de\",\"@id\":\"https:\/\/souverainete-suisse.ch\/#\/schema\/person\/image\/\",\"url\":\"https:\/\/secure.gravatar.com\/avatar\/77b40fd8e49e537abcea7487b290688ce92143c3443b1d3f419149c67282ffb4?s=96&d=mm&r=g\",\"contentUrl\":\"https:\/\/secure.gravatar.com\/avatar\/77b40fd8e49e537abcea7487b290688ce92143c3443b1d3f419149c67282ffb4?s=96&d=mm&r=g\",\"caption\":\"ludom\"},\"url\":\"http:\/\/souverainete-suisse.ch\/de\/author\/ludom\/\"}]}<\/script>\n<!-- \/ Yoast SEO plugin. -->","yoast_head_json":{"title":"\ud83c\udde8\ud83c\udded Strategisches Memo: Die Souver\u00e4nit\u00e4t der Eidgenossenschaft zur\u00fcckgewinnen - Schweizer Souver\u00e4nit\u00e4tsbewegung","description":"Notfallplan zur Wiederherstellung der schweizerischen W\u00e4hrungssouver\u00e4nit\u00e4t: Kritik an der Rolle der SNB, Dollarabh\u00e4ngigkeit, Erosion des Frankens und konkrete Vorschl\u00e4ge nach Ferdinand Lips zum Schutz von Gold, Ersparnissen und wirtschaftlicher Freiheit.","robots":{"index":"index","follow":"follow","max-snippet":"max-snippet:-1","max-image-preview":"max-image-preview:large","max-video-preview":"max-video-preview:-1"},"canonical":"https:\/\/souverainete-suisse.ch\/de\/2026\/04\/strategische-notiz-zur-ruckeroberung-der-souveranitat-der-eidgenossenschaft\/","og_locale":"de_DE","og_type":"article","og_title":"\ud83c\udde8\ud83c\udded Note strat\u00e9gique : reconqu\u00e9rir la souverainet\u00e9 de la conf\u00e9d\u00e9ration - Mouvement Souverainet\u00e9 Suisse","og_description":"Plan d\u2019urgence pour restaurer la souverainet\u00e9 mon\u00e9taire suisse : critique du r\u00f4le de la BNS, d\u00e9pendance au dollar, \u00e9rosion du franc, et propositions concr\u00e8tes inspir\u00e9es de Ferdinand Lips pour prot\u00e9ger l\u2019or, l\u2019\u00e9pargne et la libert\u00e9 \u00e9conomique.","og_url":"https:\/\/souverainete-suisse.ch\/de\/2026\/04\/strategische-notiz-zur-ruckeroberung-der-souveranitat-der-eidgenossenschaft\/","og_site_name":"Mouvement Souverainet\u00e9 Suisse","article_published_time":"2026-04-24T13:39:06+00:00","article_modified_time":"2026-04-28T12:43:36+00:00","og_image":[{"width":1024,"height":683,"url":"https:\/\/souverainete-suisse.ch\/wp-content\/uploads\/2026\/04\/BNS.jpg","type":"image\/jpeg"}],"author":"ludom","twitter_card":"summary_large_image","twitter_misc":{"Verfasst von":"ludom","Gesch\u00e4tzte Lesezeit":"6\u00a0Minuten"},"schema":{"@context":"https:\/\/schema.org","@graph":[{"@type":"Article","@id":"https:\/\/souverainete-suisse.ch\/2026\/04\/note-strategique-reconquerir-la-souverainete-de-la-confederation\/#article","isPartOf":{"@id":"https:\/\/souverainete-suisse.ch\/2026\/04\/note-strategique-reconquerir-la-souverainete-de-la-confederation\/"},"author":{"name":"ludom","@id":"https:\/\/souverainete-suisse.ch\/#\/schema\/person\/b25acb547faec24a94d7215216d68cbf"},"headline":"\ud83c\udde8\ud83c\udded Note strat\u00e9gique : reconqu\u00e9rir la souverainet\u00e9 de la conf\u00e9d\u00e9ration","datePublished":"2026-04-24T13:39:06+00:00","dateModified":"2026-04-28T12:43:36+00:00","mainEntityOfPage":{"@id":"https:\/\/souverainete-suisse.ch\/2026\/04\/note-strategique-reconquerir-la-souverainete-de-la-confederation\/"},"wordCount":1156,"publisher":{"@id":"https:\/\/souverainete-suisse.ch\/#organization"},"image":{"@id":"https:\/\/souverainete-suisse.ch\/2026\/04\/note-strategique-reconquerir-la-souverainete-de-la-confederation\/#primaryimage"},"thumbnailUrl":"https:\/\/souverainete-suisse.ch\/wp-content\/uploads\/2026\/04\/BNS.jpg","articleSection":["Politique int\u00e9rieure","Politique internationale","UE"],"inLanguage":"de"},{"@type":"WebPage","@id":"https:\/\/souverainete-suisse.ch\/2026\/04\/note-strategique-reconquerir-la-souverainete-de-la-confederation\/","url":"https:\/\/souverainete-suisse.ch\/2026\/04\/note-strategique-reconquerir-la-souverainete-de-la-confederation\/","name":"\ud83c\udde8\ud83c\udded Strategisches Memo: Die Souver\u00e4nit\u00e4t der Eidgenossenschaft zur\u00fcckgewinnen - Schweizer Souver\u00e4nit\u00e4tsbewegung","isPartOf":{"@id":"https:\/\/souverainete-suisse.ch\/#website"},"primaryImageOfPage":{"@id":"https:\/\/souverainete-suisse.ch\/2026\/04\/note-strategique-reconquerir-la-souverainete-de-la-confederation\/#primaryimage"},"image":{"@id":"https:\/\/souverainete-suisse.ch\/2026\/04\/note-strategique-reconquerir-la-souverainete-de-la-confederation\/#primaryimage"},"thumbnailUrl":"https:\/\/souverainete-suisse.ch\/wp-content\/uploads\/2026\/04\/BNS.jpg","datePublished":"2026-04-24T13:39:06+00:00","dateModified":"2026-04-28T12:43:36+00:00","description":"Notfallplan zur Wiederherstellung der schweizerischen W\u00e4hrungssouver\u00e4nit\u00e4t: Kritik an der Rolle der SNB, Dollarabh\u00e4ngigkeit, Erosion des Frankens und konkrete Vorschl\u00e4ge nach Ferdinand Lips zum Schutz von Gold, Ersparnissen und wirtschaftlicher Freiheit.","breadcrumb":{"@id":"https:\/\/souverainete-suisse.ch\/2026\/04\/note-strategique-reconquerir-la-souverainete-de-la-confederation\/#breadcrumb"},"inLanguage":"de","potentialAction":[{"@type":"ReadAction","target":["https:\/\/souverainete-suisse.ch\/2026\/04\/note-strategique-reconquerir-la-souverainete-de-la-confederation\/"]}]},{"@type":"ImageObject","inLanguage":"de","@id":"https:\/\/souverainete-suisse.ch\/2026\/04\/note-strategique-reconquerir-la-souverainete-de-la-confederation\/#primaryimage","url":"https:\/\/souverainete-suisse.ch\/wp-content\/uploads\/2026\/04\/BNS.jpg","contentUrl":"https:\/\/souverainete-suisse.ch\/wp-content\/uploads\/2026\/04\/BNS.jpg","width":1024,"height":683},{"@type":"BreadcrumbList","@id":"https:\/\/souverainete-suisse.ch\/2026\/04\/note-strategique-reconquerir-la-souverainete-de-la-confederation\/#breadcrumb","itemListElement":[{"@type":"ListItem","position":1,"name":"Accueil","item":"https:\/\/souverainete-suisse.ch\/"},{"@type":"ListItem","position":2,"name":"\ud83c\udde8\ud83c\udded Note strat\u00e9gique : reconqu\u00e9rir la souverainet\u00e9 de la conf\u00e9d\u00e9ration"}]},{"@type":"WebSite","@id":"https:\/\/souverainete-suisse.ch\/#website","url":"https:\/\/souverainete-suisse.ch\/","name":"Bewegung Souver\u00e4ne Schweiz","description":"","publisher":{"@id":"https:\/\/souverainete-suisse.ch\/#organization"},"potentialAction":[{"@type":"SearchAction","target":{"@type":"EntryPoint","urlTemplate":"https:\/\/souverainete-suisse.ch\/?s={search_term_string}"},"query-input":{"@type":"PropertyValueSpecification","valueRequired":true,"valueName":"search_term_string"}}],"inLanguage":"de"},{"@type":"Organization","@id":"https:\/\/souverainete-suisse.ch\/#organization","name":"Bewegung Souver\u00e4ne Schweiz","url":"https:\/\/souverainete-suisse.ch\/","logo":{"@type":"ImageObject","inLanguage":"de","@id":"https:\/\/souverainete-suisse.ch\/#\/schema\/logo\/image\/","url":"https:\/\/souverainete-suisse.ch\/wp-content\/uploads\/2025\/11\/logo.png","contentUrl":"https:\/\/souverainete-suisse.ch\/wp-content\/uploads\/2025\/11\/logo.png","width":2053,"height":1461,"caption":"Mouvement Souverainet\u00e9 Suisse"},"image":{"@id":"https:\/\/souverainete-suisse.ch\/#\/schema\/logo\/image\/"}},{"@type":"Person","@id":"https:\/\/souverainete-suisse.ch\/#\/schema\/person\/b25acb547faec24a94d7215216d68cbf","name":"ludom","image":{"@type":"ImageObject","inLanguage":"de","@id":"https:\/\/souverainete-suisse.ch\/#\/schema\/person\/image\/","url":"https:\/\/secure.gravatar.com\/avatar\/77b40fd8e49e537abcea7487b290688ce92143c3443b1d3f419149c67282ffb4?s=96&d=mm&r=g","contentUrl":"https:\/\/secure.gravatar.com\/avatar\/77b40fd8e49e537abcea7487b290688ce92143c3443b1d3f419149c67282ffb4?s=96&d=mm&r=g","caption":"ludom"},"url":"http:\/\/souverainete-suisse.ch\/de\/author\/ludom\/"}]}},"_links":{"self":[{"href":"http:\/\/souverainete-suisse.ch\/de\/wp-json\/wp\/v2\/posts\/1090","targetHints":{"allow":["GET"]}}],"collection":[{"href":"http:\/\/souverainete-suisse.ch\/de\/wp-json\/wp\/v2\/posts"}],"about":[{"href":"http:\/\/souverainete-suisse.ch\/de\/wp-json\/wp\/v2\/types\/post"}],"author":[{"embeddable":true,"href":"http:\/\/souverainete-suisse.ch\/de\/wp-json\/wp\/v2\/users\/2"}],"replies":[{"embeddable":true,"href":"http:\/\/souverainete-suisse.ch\/de\/wp-json\/wp\/v2\/comments?post=1090"}],"version-history":[{"count":2,"href":"http:\/\/souverainete-suisse.ch\/de\/wp-json\/wp\/v2\/posts\/1090\/revisions"}],"predecessor-version":[{"id":1119,"href":"http:\/\/souverainete-suisse.ch\/de\/wp-json\/wp\/v2\/posts\/1090\/revisions\/1119"}],"wp:featuredmedia":[{"embeddable":true,"href":"http:\/\/souverainete-suisse.ch\/de\/wp-json\/wp\/v2\/media\/1092"}],"wp:attachment":[{"href":"http:\/\/souverainete-suisse.ch\/de\/wp-json\/wp\/v2\/media?parent=1090"}],"wp:term":[{"taxonomy":"category","embeddable":true,"href":"http:\/\/souverainete-suisse.ch\/de\/wp-json\/wp\/v2\/categories?post=1090"},{"taxonomy":"post_tag","embeddable":true,"href":"http:\/\/souverainete-suisse.ch\/de\/wp-json\/wp\/v2\/tags?post=1090"}],"curies":[{"name":"wp","href":"https:\/\/api.w.org\/{rel}","templated":true}]}}