{"id":1084,"date":"2026-04-23T15:00:28","date_gmt":"2026-04-23T13:00:28","guid":{"rendered":"https:\/\/souverainete-suisse.ch\/?p=1084"},"modified":"2026-04-28T14:43:45","modified_gmt":"2026-04-28T12:43:45","slug":"1084","status":"publish","type":"post","link":"http:\/\/souverainete-suisse.ch\/de\/2026\/04\/1084\/","title":{"rendered":"\ud83c\udde8\ud83c\udded Sie brechen das Schweigen: Nein zu den Schweiz-EU-Abkommen"},"content":{"rendered":"<header aria-label=\"Artikel\u00fcberschrift\">\n<h1 class=\"reader-article-header__title\" dir=\"ltr\"><span data-scaffold-immersive-reader-title=\"\">Schweiz-EU-Debatte: Frauen aus der Praxis prangern demokratische Abweichungen an und stellen die Zukunft der direkten Demokratie angesichts von Entscheidungen, die weit vom Volk entfernt sind, in Frage.<\/span><\/h1>\n<p>24. April 2026<\/p>\n<\/header>\n<div class=\"relative reader__grid\">\n<div data-scaffold-immersive-reader-content=\"\">\n<div>\n<div class=\"reader-article-content reader-article-content--content-blocks\" dir=\"ltr\">\n<div class=\"reader-content-blocks-container\">\n<p id=\"ember51\" class=\"ember-view reader-text-block__paragraph\">Und wenn die eigentliche Wende in der Debatte \u00fcber die neuen Schweizer-EU-Abkommen weder von den Parteien noch von den Lobbys k\u00e4me\u2026 sondern von Frauen, die sich weigern, zu schweigen? Hinter der sorgsam gepflegten Fassade des Konsenses erhebt sich eine Stimme \u2013 ruhig, entschlossen, unabh\u00e4ngig \u2013, und sie st\u00f6rt. Denn sie stellt die einzige Frage, die z\u00e4hlt: Was bleibt von unserer Demokratie, wenn wir die Hebel dazu aufgeben?<\/p>\n<p id=\"ember52\" class=\"ember-view reader-text-block__paragraph\">In einer Gesellschaft, in der die europ\u00e4ische Debatte zu oft zwischen Experten, Technokraten und wirtschaftlichen Interessen eingesperrt ist, bahnt sich eine unerwartete Bewegung an. Laut der Aargauer Zeitung (18. April 2026) haben sich mehrere Frauen aus unterschiedlichen beruflichen Hintergr\u00fcnden \u2013 Unternehmerinnen, Juristinnen, gew\u00e4hlte Vertreterinnen \u2013 entschieden, sich \u00f6ffentlich gegen die neuen institutionellen Abkommen mit der Europ\u00e4ischen Union zu engagieren.<\/p>\n<p id=\"ember53\" class=\"ember-view reader-text-block__paragraph\">Darunter: Sara H\u00fcrlimann, Unternehmerin im Gesundheitswesen; Karin Faes (FDP), t\u00e4tig im Bauwesen; oder Phyllis Scholl, Anw\u00e4ltin und Stadtpr\u00e4sidentin von Kilchberg. Ihr Ansatz unterscheidet sich von den \u00fcblichen Karikaturen. Sie beanspruchen weder eine parteipolitische Kennzeichnung noch eine ideologische Haltung. Sie beanspruchen ein Grundrecht: zu verstehen, zu diskutieren und zu entscheiden.<\/p>\n<p id=\"ember54\" class=\"ember-view reader-text-block__paragraph\">Ihre Schlussfolgerung ist eindeutig:<\/p>\n<blockquote id=\"ember55\" class=\"ember-view reader-text-block__blockquote\"><p>\u00abSchauen Sie sich die Vertragstexte an. (\u2026) Es geht nicht nur darum, einen bilateralen Ansatz zu verfolgen. Diese neuen Vertr\u00e4ge sind ein Bruch.\u00bb (Aargauer Zeitung, 18. April 2026)<\/p><\/blockquote>\n<p id=\"ember56\" class=\"ember-view reader-text-block__paragraph\">Ein Bruch. Das Wort ist stark und es wird angenommen.<\/p>\n<h3 id=\"ember57\" class=\"ember-view reader-text-block__heading-3\">Eine weit verbreitete, aber stumme Intuition<\/h3>\n<p id=\"ember58\" class=\"ember-view reader-text-block__paragraph\">Was an ihren Aussagen bemerkenswert ist, ist nicht nur ihre Position \u2013 es ist das, was sie offenbart:<\/p>\n<blockquote id=\"ember59\" class=\"ember-view reader-text-block__blockquote\"><p>\u00abMir ist aufgefallen, dass viele Frauen neue Vertr\u00e4ge instinktiv ablehnten, es aber nicht zu sagen wagten.\u00bb<\/p><\/blockquote>\n<p id=\"ember60\" class=\"ember-view reader-text-block__paragraph\">Warum diese Stille?<\/p>\n<p id=\"ember61\" class=\"ember-view reader-text-block__paragraph\">Denn heute ist ein Nein nicht mehr neutral.<\/p>\n<p id=\"ember62\" class=\"ember-view reader-text-block__paragraph\">Denn wenn man diese Abkommen ablehnt, wird man sofort abgestempelt, disqualifiziert, ausgegrenzt.<\/p>\n<blockquote id=\"ember63\" class=\"ember-view reader-text-block__blockquote\"><p>\u00ab Es ist eher \u201cgesellschaftlich akzeptiert\u201d, daf\u00fcr zu sein. (\u2026) Und man wird schnell als SVP-Mitglied abgestempelt, sobald man Nein sagt. \u00bb<\/p><\/blockquote>\n<p id=\"ember64\" class=\"ember-view reader-text-block__paragraph\">Die Debatte ist somit von Anfang an verzerrt: Zustimmung wird gesch\u00e4tzt, Zweifel sind verd\u00e4chtig.<\/p>\n<h3 id=\"ember65\" class=\"ember-view reader-text-block__heading-3\">Hinter den Worten: Eine Frage der Macht<\/h3>\n<p id=\"ember66\" class=\"ember-view reader-text-block__paragraph\">Diese Frauen sprechen nicht von juristischer Technik. Sie sprechen von demokratischer Souver\u00e4nit\u00e4t.<\/p>\n<blockquote id=\"ember67\" class=\"ember-view reader-text-block__blockquote\"><p>\u00ab Unsere M\u00fctter k\u00e4mpften f\u00fcr das Wahlrecht; wir wollen es nicht einschr\u00e4nken. \u00bb<\/p><\/blockquote>\n<p id=\"ember68\" class=\"ember-view reader-text-block__paragraph\">Die Parallele ist frappierend. Wo andere nur Harmonisierungsmechanismen sehen, erkennen sie eine tiefere Dynamik: eine schrittweise Aufl\u00f6sung der Volksmacht.<\/p>\n<blockquote id=\"ember69\" class=\"ember-view reader-text-block__blockquote\"><p>\u00abEs geht um institutionelle Bindungen \u2013 und letztlich um Macht, oder vielmehr um Ohnmacht.\u00bb<\/p><\/blockquote>\n<p id=\"ember70\" class=\"ember-view reader-text-block__paragraph\">Denn das ist der Kern des Problems.<\/p>\n<p id=\"ember71\" class=\"ember-view reader-text-block__paragraph\">In der Europ\u00e4ischen Union stimmen die B\u00fcrger alle vier oder f\u00fcnf Jahre ab. In der Schweiz stimmen sie mehrmals im Jahr \u00fcber konkrete, pr\u00e4zise, entscheidende Themen ab.<\/p>\n<blockquote id=\"ember72\" class=\"ember-view reader-text-block__blockquote\"><p>\u00ab Sehen Sie: Die Bev\u00f6lkerungen unserer Nachbarl\u00e4nder f\u00fchlen sich machtlos. (\u2026) In der Schweiz f\u00fchren wir jedes Jahr mehrere Referenden durch. \u00bb<\/p><\/blockquote>\n<p id=\"ember73\" class=\"ember-view reader-text-block__paragraph\">Dieses einzigartige Modell \u2013 beneidet und manchmal kritisiert \u2013 beruht auf einer wesentlichen Bedingung: der Beherrschung des Rechts.<\/p>\n<p id=\"ember74\" class=\"ember-view reader-text-block__paragraph\">Oder jede automatische \u00dcbernahme externer Normen schw\u00e4cht diese Kontrolle mechanisch.<\/p>\n<h3 id=\"ember75\" class=\"ember-view reader-text-block__heading-3\">Eine Kritik aus Erfahrung, nicht aus Ideologie<\/h3>\n<p id=\"ember76\" class=\"ember-view reader-text-block__paragraph\">Einer der beeindruckendsten Erfahrungsberichte stammt von einer Unternehmerin schwedischer Herkunft:<\/p>\n<blockquote id=\"ember77\" class=\"ember-view reader-text-block__blockquote\"><p>\u00abIch komme aus Schweden und habe dort die Auswirkungen eines zu gro\u00dfen Engagements \u00fcber die Grenzen hinaus festgestellt.\u00bb<\/p><\/blockquote>\n<p id=\"ember78\" class=\"ember-view reader-text-block__paragraph\">Dieser externe Blick ist wertvoll. Er fantasiert nicht \u00fcber Europa \u2013 er beobachtet seine konkreten Grenzen.<\/p>\n<p id=\"ember79\" class=\"ember-view reader-text-block__paragraph\">Diese Frauen lehnen Kooperation nicht ab. Sie lehnen eine Integration ab, die ihren Namen nicht nennt.<\/p>\n<h3 id=\"ember80\" class=\"ember-view reader-text-block__heading-3\">Unabh\u00e4ngigkeit und Mut: die wahren Bruchlinien<\/h3>\n<p id=\"ember81\" class=\"ember-view reader-text-block__paragraph\">Ihre Initiative mit dem Namen \u00abHerVoice\u00bb soll unabh\u00e4ngig sein.<\/p>\n<p id=\"ember82\" class=\"ember-view reader-text-block__paragraph\">Ja, sie erkennen Affinit\u00e4ten zu bestimmten kritischen Kreisen an \u2013 wie Autonomiesuisse oder Kompass Europa \u2013, aber sie legen Wert auf ihre Autonomie.<\/p>\n<blockquote id=\"ember83\" class=\"ember-view reader-text-block__blockquote\"><p>\u00ab Diese Gruppen diktieren uns weder unser Verhalten noch unsere Themen. \u00bb<\/p><\/blockquote>\n<p id=\"ember84\" class=\"ember-view reader-text-block__paragraph\">Warum diese Hartn\u00e4ckigkeit?<\/p>\n<p id=\"ember85\" class=\"ember-view reader-text-block__paragraph\">Weil die Glaubw\u00fcrdigkeit der Debatte von der Meinungsfreiheit abh\u00e4ngt.<\/p>\n<p id=\"ember86\" class=\"ember-view reader-text-block__paragraph\">Und weil im Grunde die Spaltung nicht mehr zwischen links und rechts verl\u00e4uft.<\/p>\n<p id=\"ember87\" class=\"ember-view reader-text-block__paragraph\">Er steht zwischen Konformismus und Mut.<\/p>\n<blockquote id=\"ember88\" class=\"ember-view reader-text-block__blockquote\"><p>\u00abEs erfordert mehr Mut, diese Abkommen abzulehnen, als sie anzunehmen.\u00bb<\/p><\/blockquote>\n<h3 id=\"ember89\" class=\"ember-view reader-text-block__heading-3\">Schlussfolgerung<\/h3>\n<p id=\"ember90\" class=\"ember-view reader-text-block__paragraph\">Was heute auf dem Spiel steht, geht weit \u00fcber den Inhalt einiger Abkommen hinaus.<\/p>\n<p id=\"ember91\" class=\"ember-view reader-text-block__paragraph\">Es ist ein stiller Kampf um die F\u00e4higkeit eines Volkes, die Kontrolle \u00fcber seine Entscheidungen zu behalten.<\/p>\n<p id=\"ember92\" class=\"ember-view reader-text-block__paragraph\"><strong>Diese Frauen zwingen nichts auf. Sie schlagen eine Bresche.<\/strong><\/p>\n<p id=\"ember93\" class=\"ember-view reader-text-block__paragraph\">Sie erinnern an eine Selbstverst\u00e4ndlichkeit, die viele lieber vergessen: Demokratie verschwindet nicht abrupt \u2013 sie zerbr\u00f6ckelt, Artikel f\u00fcr Artikel, Norm f\u00fcr Norm.<\/p>\n<p id=\"ember94\" class=\"ember-view reader-text-block__paragraph\">Ihre Botschaft ist einfach, fast beunruhigend in ihrer Klarheit:<\/p>\n<p id=\"ember95\" class=\"ember-view reader-text-block__paragraph\">lesen, verstehen\u2026 dann entscheiden.<\/p>\n<p id=\"ember96\" class=\"ember-view reader-text-block__paragraph\">Denn am Ende bleibt nur eine Frage:<\/p>\n<p id=\"ember97\" class=\"ember-view reader-text-block__paragraph\">Wollen wir noch ein Volk sein, das w\u00e4hlt \u2013 oder ein Volk, das sich f\u00fcgt?<\/p>\n<p id=\"ember98\" class=\"ember-view reader-text-block__paragraph\"><strong><em>Hat diese Analyse Sie angesprochen? Liken und Reposten Sie, um uns zu helfen, ein gr\u00f6\u00dferes Publikum zu erreichen.<\/em><\/strong><\/p>\n<p id=\"ember99\" class=\"ember-view reader-text-block__paragraph\"><strong>Was die Medien verschweigen, analysieren wir. Was Bern verhandelt, zerlegen wir. <\/strong><a class=\"WZNAxBjYtcrAkLiKxfbPGMNyvZcHkcQfTc\" tabindex=\"0\" href=\"https:\/\/souverainete-suisse.ch\/de\/\" target=\"_self\" data-test-app-aware-link=\"\"><strong>https:\/\/souverainete-suisse.ch\/<\/strong><\/a><\/p>\n<p id=\"ember100\" class=\"ember-view reader-text-block__paragraph\"><strong>Wir sind die H\u00fcter der Unabh\u00e4ngigkeit. Treten Sie der Bewegung Souver\u00e4ne Schweiz bei. Nicht morgen. Nicht sp\u00e4ter - Jetzt.<\/strong><\/p>\n<\/div>\n<\/div>\n<\/div>\n<\/div>\n<\/div>","protected":false},"excerpt":{"rendered":"<p>D\u00e9bat Suisse\u2013UE : des femmes du terrain d\u00e9noncent une d\u00e9rive d\u00e9mocratique et questionnent l\u2019avenir de la d\u00e9mocratie directe face \u00e0 des d\u00e9cisions \u00e9loign\u00e9es du peuple. 24 avril 2026 Et si le v\u00e9ritable tournant du d\u00e9bat sur les nouveaux accords Suisse-UE ne venait ni des partis, ni des lobbys\u2026 mais de femmes qui refusent de se [&hellip;]<\/p>\n","protected":false},"author":3,"featured_media":1085,"comment_status":"closed","ping_status":"closed","sticky":false,"template":"","format":"standard","meta":{"footnotes":""},"categories":[1],"tags":[],"class_list":["post-1084","post","type-post","status-publish","format-standard","has-post-thumbnail","hentry","category-non-classe"],"yoast_head":"<!-- This site is optimized with the Yoast SEO plugin v26.9 - https:\/\/yoast.com\/product\/yoast-seo-wordpress\/ -->\n<title>\ud83c\udde8\ud83c\udded Elles brisent le silence : non aux accords Suisse-UE - Mouvement Souverainet\u00e9 Suisse<\/title>\n<meta name=\"description\" content=\"D\u00e9bat Suisse\u2013UE : des femmes du terrain d\u00e9noncent une d\u00e9rive d\u00e9mocratique et questionnent l\u2019avenir de la d\u00e9mocratie directe\" \/>\n<meta name=\"robots\" content=\"index, follow, max-snippet:-1, max-image-preview:large, max-video-preview:-1\" \/>\n<link rel=\"canonical\" href=\"https:\/\/souverainete-suisse.ch\/de\/2026\/04\/1084\/\" \/>\n<meta property=\"og:locale\" content=\"de_DE\" \/>\n<meta property=\"og:type\" content=\"article\" \/>\n<meta property=\"og:title\" content=\"\ud83c\udde8\ud83c\udded Elles brisent le silence : non aux accords Suisse-UE - Mouvement Souverainet\u00e9 Suisse\" \/>\n<meta property=\"og:description\" content=\"D\u00e9bat Suisse\u2013UE : des femmes du terrain d\u00e9noncent une d\u00e9rive d\u00e9mocratique et questionnent l\u2019avenir de la d\u00e9mocratie directe\" \/>\n<meta property=\"og:url\" content=\"https:\/\/souverainete-suisse.ch\/de\/2026\/04\/1084\/\" \/>\n<meta property=\"og:site_name\" content=\"Mouvement Souverainet\u00e9 Suisse\" \/>\n<meta property=\"article:published_time\" content=\"2026-04-23T13:00:28+00:00\" \/>\n<meta property=\"article:modified_time\" content=\"2026-04-28T12:43:45+00:00\" \/>\n<meta property=\"og:image\" content=\"https:\/\/souverainete-suisse.ch\/wp-content\/uploads\/2026\/04\/1776684979405.jpeg\" \/>\n\t<meta property=\"og:image:width\" content=\"964\" \/>\n\t<meta property=\"og:image:height\" content=\"542\" \/>\n\t<meta property=\"og:image:type\" content=\"image\/jpeg\" \/>\n<meta name=\"author\" content=\"Philippe Renaud\" \/>\n<meta name=\"twitter:card\" content=\"summary_large_image\" \/>\n<meta name=\"twitter:label1\" content=\"Verfasst von\" \/>\n\t<meta name=\"twitter:data1\" content=\"Philippe Renaud\" \/>\n\t<meta name=\"twitter:label2\" content=\"Gesch\u00e4tzte Lesezeit\" \/>\n\t<meta name=\"twitter:data2\" content=\"4\u00a0Minuten\" \/>\n<script type=\"application\/ld+json\" class=\"yoast-schema-graph\">{\"@context\":\"https:\/\/schema.org\",\"@graph\":[{\"@type\":\"Article\",\"@id\":\"https:\/\/souverainete-suisse.ch\/2026\/04\/1084\/#article\",\"isPartOf\":{\"@id\":\"https:\/\/souverainete-suisse.ch\/2026\/04\/1084\/\"},\"author\":{\"name\":\"Philippe Renaud\",\"@id\":\"https:\/\/souverainete-suisse.ch\/#\/schema\/person\/fd126a65533b168ad053321f54cad987\"},\"headline\":\"\ud83c\udde8\ud83c\udded Elles brisent le silence : non aux accords Suisse-UE\",\"datePublished\":\"2026-04-23T13:00:28+00:00\",\"dateModified\":\"2026-04-28T12:43:45+00:00\",\"mainEntityOfPage\":{\"@id\":\"https:\/\/souverainete-suisse.ch\/2026\/04\/1084\/\"},\"wordCount\":921,\"publisher\":{\"@id\":\"https:\/\/souverainete-suisse.ch\/#organization\"},\"image\":{\"@id\":\"https:\/\/souverainete-suisse.ch\/2026\/04\/1084\/#primaryimage\"},\"thumbnailUrl\":\"https:\/\/souverainete-suisse.ch\/wp-content\/uploads\/2026\/04\/1776684979405.jpeg\",\"articleSection\":[\"Non class\u00e9\"],\"inLanguage\":\"de\"},{\"@type\":\"WebPage\",\"@id\":\"https:\/\/souverainete-suisse.ch\/2026\/04\/1084\/\",\"url\":\"https:\/\/souverainete-suisse.ch\/2026\/04\/1084\/\",\"name\":\"\ud83c\udde8\ud83c\udded Elles brisent le silence : non aux accords Suisse-UE - Mouvement Souverainet\u00e9 Suisse\",\"isPartOf\":{\"@id\":\"https:\/\/souverainete-suisse.ch\/#website\"},\"primaryImageOfPage\":{\"@id\":\"https:\/\/souverainete-suisse.ch\/2026\/04\/1084\/#primaryimage\"},\"image\":{\"@id\":\"https:\/\/souverainete-suisse.ch\/2026\/04\/1084\/#primaryimage\"},\"thumbnailUrl\":\"https:\/\/souverainete-suisse.ch\/wp-content\/uploads\/2026\/04\/1776684979405.jpeg\",\"datePublished\":\"2026-04-23T13:00:28+00:00\",\"dateModified\":\"2026-04-28T12:43:45+00:00\",\"description\":\"D\u00e9bat Suisse\u2013UE : des femmes du terrain d\u00e9noncent une d\u00e9rive d\u00e9mocratique et questionnent l\u2019avenir de la d\u00e9mocratie directe\",\"breadcrumb\":{\"@id\":\"https:\/\/souverainete-suisse.ch\/2026\/04\/1084\/#breadcrumb\"},\"inLanguage\":\"de\",\"potentialAction\":[{\"@type\":\"ReadAction\",\"target\":[\"https:\/\/souverainete-suisse.ch\/2026\/04\/1084\/\"]}]},{\"@type\":\"ImageObject\",\"inLanguage\":\"de\",\"@id\":\"https:\/\/souverainete-suisse.ch\/2026\/04\/1084\/#primaryimage\",\"url\":\"https:\/\/souverainete-suisse.ch\/wp-content\/uploads\/2026\/04\/1776684979405.jpeg\",\"contentUrl\":\"https:\/\/souverainete-suisse.ch\/wp-content\/uploads\/2026\/04\/1776684979405.jpeg\",\"width\":964,\"height\":542},{\"@type\":\"BreadcrumbList\",\"@id\":\"https:\/\/souverainete-suisse.ch\/2026\/04\/1084\/#breadcrumb\",\"itemListElement\":[{\"@type\":\"ListItem\",\"position\":1,\"name\":\"Accueil\",\"item\":\"https:\/\/souverainete-suisse.ch\/\"},{\"@type\":\"ListItem\",\"position\":2,\"name\":\"\ud83c\udde8\ud83c\udded Elles brisent le silence : non aux accords Suisse-UE\"}]},{\"@type\":\"WebSite\",\"@id\":\"https:\/\/souverainete-suisse.ch\/#website\",\"url\":\"https:\/\/souverainete-suisse.ch\/\",\"name\":\"Mouvement Souverainet\u00e9 Suisse\",\"description\":\"\",\"publisher\":{\"@id\":\"https:\/\/souverainete-suisse.ch\/#organization\"},\"potentialAction\":[{\"@type\":\"SearchAction\",\"target\":{\"@type\":\"EntryPoint\",\"urlTemplate\":\"https:\/\/souverainete-suisse.ch\/?s={search_term_string}\"},\"query-input\":{\"@type\":\"PropertyValueSpecification\",\"valueRequired\":true,\"valueName\":\"search_term_string\"}}],\"inLanguage\":\"de\"},{\"@type\":\"Organization\",\"@id\":\"https:\/\/souverainete-suisse.ch\/#organization\",\"name\":\"Mouvement Souverainet\u00e9 Suisse\",\"url\":\"https:\/\/souverainete-suisse.ch\/\",\"logo\":{\"@type\":\"ImageObject\",\"inLanguage\":\"de\",\"@id\":\"https:\/\/souverainete-suisse.ch\/#\/schema\/logo\/image\/\",\"url\":\"https:\/\/souverainete-suisse.ch\/wp-content\/uploads\/2025\/11\/logo.png\",\"contentUrl\":\"https:\/\/souverainete-suisse.ch\/wp-content\/uploads\/2025\/11\/logo.png\",\"width\":2053,\"height\":1461,\"caption\":\"Mouvement Souverainet\u00e9 Suisse\"},\"image\":{\"@id\":\"https:\/\/souverainete-suisse.ch\/#\/schema\/logo\/image\/\"}},{\"@type\":\"Person\",\"@id\":\"https:\/\/souverainete-suisse.ch\/#\/schema\/person\/fd126a65533b168ad053321f54cad987\",\"name\":\"Philippe Renaud\",\"image\":{\"@type\":\"ImageObject\",\"inLanguage\":\"de\",\"@id\":\"https:\/\/souverainete-suisse.ch\/#\/schema\/person\/image\/\",\"url\":\"https:\/\/secure.gravatar.com\/avatar\/ea457c55cfcfc8cbdb1077128f20033c33a8e982208b5ce9cc8eaeba2b6ff758?s=96&d=mm&r=g\",\"contentUrl\":\"https:\/\/secure.gravatar.com\/avatar\/ea457c55cfcfc8cbdb1077128f20033c33a8e982208b5ce9cc8eaeba2b6ff758?s=96&d=mm&r=g\",\"caption\":\"Philippe Renaud\"},\"url\":\"http:\/\/souverainete-suisse.ch\/de\/author\/philippe\/\"}]}<\/script>\n<!-- \/ Yoast SEO plugin. -->","yoast_head_json":{"title":"\ud83c\udde8\ud83c\udded Sie brechen das Schweigen: Nein zu den Schweizer-EU-Abkommen - Bewegung Souver\u00e4nit\u00e4t Schweiz","description":"Debatte Schweiz\u2013EU: Frauen aus der Praxis prangern eine demokratische Abweichung an und stellen die Zukunft der direkten Demokratie in Frage","robots":{"index":"index","follow":"follow","max-snippet":"max-snippet:-1","max-image-preview":"max-image-preview:large","max-video-preview":"max-video-preview:-1"},"canonical":"https:\/\/souverainete-suisse.ch\/de\/2026\/04\/1084\/","og_locale":"de_DE","og_type":"article","og_title":"\ud83c\udde8\ud83c\udded Elles brisent le silence : non aux accords Suisse-UE - Mouvement Souverainet\u00e9 Suisse","og_description":"D\u00e9bat Suisse\u2013UE : des femmes du terrain d\u00e9noncent une d\u00e9rive d\u00e9mocratique et questionnent l\u2019avenir de la d\u00e9mocratie directe","og_url":"https:\/\/souverainete-suisse.ch\/de\/2026\/04\/1084\/","og_site_name":"Mouvement Souverainet\u00e9 Suisse","article_published_time":"2026-04-23T13:00:28+00:00","article_modified_time":"2026-04-28T12:43:45+00:00","og_image":[{"width":964,"height":542,"url":"https:\/\/souverainete-suisse.ch\/wp-content\/uploads\/2026\/04\/1776684979405.jpeg","type":"image\/jpeg"}],"author":"Philippe Renaud","twitter_card":"summary_large_image","twitter_misc":{"Verfasst von":"Philippe Renaud","Gesch\u00e4tzte Lesezeit":"4\u00a0Minuten"},"schema":{"@context":"https:\/\/schema.org","@graph":[{"@type":"Article","@id":"https:\/\/souverainete-suisse.ch\/2026\/04\/1084\/#article","isPartOf":{"@id":"https:\/\/souverainete-suisse.ch\/2026\/04\/1084\/"},"author":{"name":"Philippe Renaud","@id":"https:\/\/souverainete-suisse.ch\/#\/schema\/person\/fd126a65533b168ad053321f54cad987"},"headline":"\ud83c\udde8\ud83c\udded Elles brisent le silence : non aux accords Suisse-UE","datePublished":"2026-04-23T13:00:28+00:00","dateModified":"2026-04-28T12:43:45+00:00","mainEntityOfPage":{"@id":"https:\/\/souverainete-suisse.ch\/2026\/04\/1084\/"},"wordCount":921,"publisher":{"@id":"https:\/\/souverainete-suisse.ch\/#organization"},"image":{"@id":"https:\/\/souverainete-suisse.ch\/2026\/04\/1084\/#primaryimage"},"thumbnailUrl":"https:\/\/souverainete-suisse.ch\/wp-content\/uploads\/2026\/04\/1776684979405.jpeg","articleSection":["Non class\u00e9"],"inLanguage":"de"},{"@type":"WebPage","@id":"https:\/\/souverainete-suisse.ch\/2026\/04\/1084\/","url":"https:\/\/souverainete-suisse.ch\/2026\/04\/1084\/","name":"\ud83c\udde8\ud83c\udded Sie brechen das Schweigen: Nein zu den Schweizer-EU-Abkommen - Bewegung Souver\u00e4nit\u00e4t Schweiz","isPartOf":{"@id":"https:\/\/souverainete-suisse.ch\/#website"},"primaryImageOfPage":{"@id":"https:\/\/souverainete-suisse.ch\/2026\/04\/1084\/#primaryimage"},"image":{"@id":"https:\/\/souverainete-suisse.ch\/2026\/04\/1084\/#primaryimage"},"thumbnailUrl":"https:\/\/souverainete-suisse.ch\/wp-content\/uploads\/2026\/04\/1776684979405.jpeg","datePublished":"2026-04-23T13:00:28+00:00","dateModified":"2026-04-28T12:43:45+00:00","description":"Debatte Schweiz\u2013EU: Frauen aus der Praxis prangern eine demokratische Abweichung an und stellen die Zukunft der direkten Demokratie in Frage","breadcrumb":{"@id":"https:\/\/souverainete-suisse.ch\/2026\/04\/1084\/#breadcrumb"},"inLanguage":"de","potentialAction":[{"@type":"ReadAction","target":["https:\/\/souverainete-suisse.ch\/2026\/04\/1084\/"]}]},{"@type":"ImageObject","inLanguage":"de","@id":"https:\/\/souverainete-suisse.ch\/2026\/04\/1084\/#primaryimage","url":"https:\/\/souverainete-suisse.ch\/wp-content\/uploads\/2026\/04\/1776684979405.jpeg","contentUrl":"https:\/\/souverainete-suisse.ch\/wp-content\/uploads\/2026\/04\/1776684979405.jpeg","width":964,"height":542},{"@type":"BreadcrumbList","@id":"https:\/\/souverainete-suisse.ch\/2026\/04\/1084\/#breadcrumb","itemListElement":[{"@type":"ListItem","position":1,"name":"Accueil","item":"https:\/\/souverainete-suisse.ch\/"},{"@type":"ListItem","position":2,"name":"\ud83c\udde8\ud83c\udded Elles brisent le silence : non aux accords Suisse-UE"}]},{"@type":"WebSite","@id":"https:\/\/souverainete-suisse.ch\/#website","url":"https:\/\/souverainete-suisse.ch\/","name":"Bewegung Souver\u00e4ne Schweiz","description":"","publisher":{"@id":"https:\/\/souverainete-suisse.ch\/#organization"},"potentialAction":[{"@type":"SearchAction","target":{"@type":"EntryPoint","urlTemplate":"https:\/\/souverainete-suisse.ch\/?s={search_term_string}"},"query-input":{"@type":"PropertyValueSpecification","valueRequired":true,"valueName":"search_term_string"}}],"inLanguage":"de"},{"@type":"Organization","@id":"https:\/\/souverainete-suisse.ch\/#organization","name":"Bewegung Souver\u00e4ne Schweiz","url":"https:\/\/souverainete-suisse.ch\/","logo":{"@type":"ImageObject","inLanguage":"de","@id":"https:\/\/souverainete-suisse.ch\/#\/schema\/logo\/image\/","url":"https:\/\/souverainete-suisse.ch\/wp-content\/uploads\/2025\/11\/logo.png","contentUrl":"https:\/\/souverainete-suisse.ch\/wp-content\/uploads\/2025\/11\/logo.png","width":2053,"height":1461,"caption":"Mouvement Souverainet\u00e9 Suisse"},"image":{"@id":"https:\/\/souverainete-suisse.ch\/#\/schema\/logo\/image\/"}},{"@type":"Person","@id":"https:\/\/souverainete-suisse.ch\/#\/schema\/person\/fd126a65533b168ad053321f54cad987","name":"Philippe Renaud","image":{"@type":"ImageObject","inLanguage":"de","@id":"https:\/\/souverainete-suisse.ch\/#\/schema\/person\/image\/","url":"https:\/\/secure.gravatar.com\/avatar\/ea457c55cfcfc8cbdb1077128f20033c33a8e982208b5ce9cc8eaeba2b6ff758?s=96&d=mm&r=g","contentUrl":"https:\/\/secure.gravatar.com\/avatar\/ea457c55cfcfc8cbdb1077128f20033c33a8e982208b5ce9cc8eaeba2b6ff758?s=96&d=mm&r=g","caption":"Philippe Renaud"},"url":"http:\/\/souverainete-suisse.ch\/de\/author\/philippe\/"}]}},"_links":{"self":[{"href":"http:\/\/souverainete-suisse.ch\/de\/wp-json\/wp\/v2\/posts\/1084","targetHints":{"allow":["GET"]}}],"collection":[{"href":"http:\/\/souverainete-suisse.ch\/de\/wp-json\/wp\/v2\/posts"}],"about":[{"href":"http:\/\/souverainete-suisse.ch\/de\/wp-json\/wp\/v2\/types\/post"}],"author":[{"embeddable":true,"href":"http:\/\/souverainete-suisse.ch\/de\/wp-json\/wp\/v2\/users\/3"}],"replies":[{"embeddable":true,"href":"http:\/\/souverainete-suisse.ch\/de\/wp-json\/wp\/v2\/comments?post=1084"}],"version-history":[{"count":5,"href":"http:\/\/souverainete-suisse.ch\/de\/wp-json\/wp\/v2\/posts\/1084\/revisions"}],"predecessor-version":[{"id":1120,"href":"http:\/\/souverainete-suisse.ch\/de\/wp-json\/wp\/v2\/posts\/1084\/revisions\/1120"}],"wp:featuredmedia":[{"embeddable":true,"href":"http:\/\/souverainete-suisse.ch\/de\/wp-json\/wp\/v2\/media\/1085"}],"wp:attachment":[{"href":"http:\/\/souverainete-suisse.ch\/de\/wp-json\/wp\/v2\/media?parent=1084"}],"wp:term":[{"taxonomy":"category","embeddable":true,"href":"http:\/\/souverainete-suisse.ch\/de\/wp-json\/wp\/v2\/categories?post=1084"},{"taxonomy":"post_tag","embeddable":true,"href":"http:\/\/souverainete-suisse.ch\/de\/wp-json\/wp\/v2\/tags?post=1084"}],"curies":[{"name":"wp","href":"https:\/\/api.w.org\/{rel}","templated":true}]}}