{"id":1078,"date":"2026-04-23T13:33:39","date_gmt":"2026-04-23T11:33:39","guid":{"rendered":"https:\/\/souverainete-suisse.ch\/?p=1078"},"modified":"2026-04-28T14:44:30","modified_gmt":"2026-04-28T12:44:30","slug":"offentliche-bank-oder-inquisition-mediale-unanstandigkeit-angesichts-des-uberlebens-der-schweiz","status":"publish","type":"post","link":"http:\/\/souverainete-suisse.ch\/de\/2026\/04\/offentliche-bank-oder-inquisition-mediale-unanstandigkeit-angesichts-des-uberlebens-der-schweiz\/","title":{"rendered":"\ud83c\udde8\ud83c\udded Volksbank oder Inquisition? Die mediale Unanst\u00e4ndigkeit angesichts des \u00dcberlebens der Schweiz"},"content":{"rendered":"<p>\u00ab Das Ende der Schweiz ist kein Szenario mehr, es ist ein Zeitplan. \u00bb Zwischen der offen gezeigten Verachtung der Medieneliten und der schizophrenen Verleugnung der Zahlen ist die Bilanz von 25 Jahren Personenfreiz\u00fcgigkeit ein Tr\u00fcmmerfeld. Hinter den Angriffen von Ariane Dayer gegen Nicolas Kolly verbirgt sich ein Krieg gegen unser Erbe. Am 14. Juni 2026 stimmen wir nicht \u00fcber eine Sendung ab, sondern \u00fcber das \u00dcberleben unserer Zivilisation. Entdecken Sie die Analyse, die das System vertuschen will.<\/p>\n<p>&nbsp;<\/p>\n<p id=\"ember567\" class=\"ember-view reader-text-block__paragraph\">Die Vorstellung, die geboten wird von <strong>Ariane Dayer <\/strong>vor dem Nationalrat <strong>Nicolas Kolly,<\/strong> in der Sendung <em>\u00d6ffentliche Bank<\/em>, war kein Journalismus, sondern eine inszenierte mediale Hinrichtung. Indem sie versuchte, den Freiburger Abgeordneten auf seinen Wohnort \u2013 das Dorf Essert mit seinen 3.300 Einwohnern \u2013 zu reduzieren, bediente sich die \u00abJournalistin\u00bb einer ebenso groben wie unw\u00fcrdigen Manipulationstechnik: des Angriffs ad personam, um die Abwesenheit von Sachargumenten zu verschleiern.<\/p>\n<h3 id=\"ember568\" class=\"ember-view reader-text-block__heading-3\">Die Verachtung des Terroirs als redaktionelle Linie<\/h3>\n<p id=\"ember569\" class=\"ember-view reader-text-block__paragraph\">Nicolas Kollys Lebensumfeld ins Visier nehmen, um ihn bei der Initiative zu diskreditieren <strong>\u00abKeine 10-Millionen-Schweiz!\u00bb<\/strong> ist eine Beleidigung der direkten Demokratie. Frau Dayer scheint zu vergessen, dass die Schweiz nicht auf Fernsehbildschirme beschr\u00e4nkt ist. Indem sie dieses Freiburger Dorf instrumentalisiert, verr\u00e4t sie ihre Verachtung f\u00fcr die Schweiz der Wurzeln, die die Folgen eines au\u00dfer Kontrolle geratenen Wachstums am eigenen Leib sp\u00fcrt, w\u00e4hrend die intellektuelle Elite im gem\u00fctlichen Komfort von Redaktionen philosophiert, die gro\u00dfz\u00fcgig mit Steuergeldern subventioniert werden.<\/p>\n<p id=\"ember570\" class=\"ember-view reader-text-block__paragraph\">Nicolas Kolly verteidigt nicht seinen Garten; er verteidigt die Zukunft des Vaterlandes. Im Gegensatz zu seinen Kritikern blickt er der rohen Realit\u00e4t ins Auge: die eines Landes, das ges\u00e4ttigt ist und dessen Fundamente Risse bekommen.<\/p>\n<h3 id=\"ember571\" class=\"ember-view reader-text-block__heading-3\">Ein bedrohtes spirituelles und soziales Erbe<\/h3>\n<p id=\"ember572\" class=\"ember-view reader-text-block__paragraph\">Jenseits der Zahlen steht die Schweiz selber, ihre Seele, auf dem Spiel. Unser Land ist keine austauschbare Freihandelszone; es ist eine Nation, die auf <strong>christliche Grundlagen<\/strong> die unsere Konzepte von Freiheit, individueller Verantwortung und Solidarit\u00e4t gepr\u00e4gt haben.<\/p>\n<p id=\"ember573\" class=\"ember-view reader-text-block__paragraph\"><strong>Die Expansion<\/strong> einer ausgepr\u00e4gten Gemeinsinnmentalit\u00e4t, stammend aus einer <strong>muslimische Einwanderung <\/strong>und <strong>afrikanisch<\/strong> deren gesellschaftliche Codes diesem Erbe frontal entgegenstehen, unheilbare Br\u00fcche und explosive soziale Spannungen schaffen. Indem wir darauf verzichten, eine echte Assimilation an unsere angestammten Werte und Sitten zu fordern, lassen wir ein kulturelles Nebeneinander zu, das den konfessionellen Frieden schw\u00e4cht und die Einheit der Eidgenossenschaft spaltet. <strong>Die Schweiz kann nicht die Schweiz bleiben, wenn sie vergisst, woher sie kommt.<\/strong><\/p>\n<h3 id=\"ember574\" class=\"ember-view reader-text-block__heading-3\">Das Schweizer Modell angesichts des europ\u00e4ischen Niedergangs<\/h3>\n<p id=\"ember575\" class=\"ember-view reader-text-block__paragraph\">Bevor wir uns in die Zahlen des Chaos st\u00fcrzen, m\u00fcssen wir eine Wahrheit in Erinnerung rufen, die die Euro-Fanatiker verschweigen: Souver\u00e4nit\u00e4t ist der Motor unseres Wohlstands. Im Jahr 2025 wird der <strong>Das nominale BIP pro Kopf der Schweiz erreicht \u00fcber 105.000 \u20ac<\/strong>, w\u00e4hrend dasjenige Deutschlands, des au\u00dfer Atem geratenen Motors der EU, bei [max] stagniert <strong>55 000 \u20ac<\/strong>. Dieser Bericht von 2 zu 1 ist kein Zufall; er ist der Beweis daf\u00fcr, dass schweizerische Unabh\u00e4ngigkeit Wohlstand schafft, w\u00e4hrend die europ\u00e4ische Integration nach unten nivelliert und den Niedergang organisiert.<\/p>\n<p><img fetchpriority=\"high\" decoding=\"async\" class=\"alignnone wp-image-1080 size-large\" src=\"https:\/\/souverainete-suisse.ch\/wp-content\/uploads\/2026\/04\/Chaos2-1024x559.jpg\" alt=\"\" width=\"800\" height=\"437\" srcset=\"https:\/\/souverainete-suisse.ch\/wp-content\/uploads\/2026\/04\/Chaos2-1024x559.jpg 1024w, https:\/\/souverainete-suisse.ch\/wp-content\/uploads\/2026\/04\/Chaos2-300x164.jpg 300w, https:\/\/souverainete-suisse.ch\/wp-content\/uploads\/2026\/04\/Chaos2-768x419.jpg 768w, https:\/\/souverainete-suisse.ch\/wp-content\/uploads\/2026\/04\/Chaos2-1536x838.jpg 1536w, https:\/\/souverainete-suisse.ch\/wp-content\/uploads\/2026\/04\/Chaos2-2048x1117.jpg 2048w, https:\/\/souverainete-suisse.ch\/wp-content\/uploads\/2026\/04\/Chaos2-18x10.jpg 18w, https:\/\/souverainete-suisse.ch\/wp-content\/uploads\/2026\/04\/Chaos2-600x327.jpg 600w\" sizes=\"(max-width: 800px) 100vw, 800px\" \/><\/p>\n<h3 id=\"ember576\" class=\"ember-view reader-text-block__heading-3\">25 Jahre Freiz\u00fcgigkeit: Die Bilanz des Chaos<\/h3>\n<p id=\"ember577\" class=\"ember-view reader-text-block__paragraph\">W\u00e4hrend das Volk zu den Wahlen aufgerufen wird am <strong>14. Juni 2026<\/strong>, ist es an der Zeit, die Fakten den medialen Sophistereien entgegenzustellen:<\/p>\n<ul>\n<li><strong>Eine demografische \u00dcberflutung<\/strong> Mit 100.000 Zuz\u00fcgen pro Jahr importieren wir jedes Jahr die Einwohnerzahl der Stadt Luzern. Unter Transportengp\u00e4ssen, der Betonierung unserer Landschaften und maroden Infrastrukturen bricht die schweizerische Lebensqualit\u00e4t vor unseren Augen zusammen.<\/li>\n<li><strong>Der Mythos der Arbeitsmigration:<\/strong> Von diesen 100.000 Eintr\u00e4gen sind nur 50.000 Verm\u00f6genswerte. Die verbleibenden 50.000 sind das Ergebnis eines <strong>Familienzusammenf\u00fchrung au\u00dfer Kontrolle<\/strong>, die unsere \u00f6ffentlichen Dienste \u00fcberlastet, ohne zur Wertsch\u00f6pfung beizutragen. Dies ist der \u00dcbergang von einer Arbeitsmigration zu einer Siedlungsmigration.<\/li>\n<li><strong>Verarmung und Steuerraub<\/strong> Zwischen sinkenden L\u00f6hnen und unerschwinglichen Mieten zerrieben, werden die Schweizer aus den Stadtzentren verdr\u00e4ngt. Um diesen Niedergang zu kompensieren, die <strong>Euro-Fanatiker vervielfachen \u00ab\u00f6kologische\u00bb Steuern\u00bb<\/strong> und die versteckten Steuern, die die Mittelschicht auf dem Altar eines gescheiterten europ\u00e4ischen Projekts opfern.<\/li>\n<li><strong>Die L\u00fcge der Arbeitslosigkeit<\/strong> Der offizielle Zinssatz ist eine T\u00e4uschung. Die tats\u00e4chliche Zahl erreicht <strong>17 %<\/strong> wenn man die vom Arbeitsmarkt ausgeschlossenen Senioren und die unsichtbaren Arbeitsuchenden mit einbezieht. Ern\u00fcchternde Feststellung: 50 % der gemeldeten Arbeitslosen sind ausl\u00e4ndischer Herkunft, was beweist, dass wir eher Prekarit\u00e4t als Kompetenz importieren.<\/li>\n<li><strong>Der Untergang des Sozialsystems<\/strong> Die Zahlen sind eine Ohrfeige: 75 % der Sozialhilfeempf\u00e4nger besitzen den roten Pass nicht. In Genf kostet diese Kluft einen <strong>eine halbe Milliarde Franken pro Jahr<\/strong>. Der Steuerzahler muss nicht l\u00e4nger der Banker einer selbstm\u00f6rderischen Politik sein, die unser System in ein offenes Geldkonto f\u00fcr die ganze Welt verwandelt.<\/li>\n<li><strong>Importierte Unsicherheit und Insolvenz<\/strong> Die Schweiz ist kein friedlicher Hafen mehr. Mit einer Gef\u00e4ngnispopulation, die aus <strong>79 % Fremden<\/strong>, unsere Gef\u00e4ngnisse sind \u00fcberf\u00fcllt und unser Justizsystem steht am Rande des Zusammenbruchs. Diese Kriminalit\u00e4t, die oft aus Durchgangsnetzwerken oder aus einer Einwanderung stammt, die unsere Codes ablehnt, ist eine Realit\u00e4t, die die Linken Medien verzweifelt zu verbergen versuchen.<\/li>\n<\/ul>\n<p id=\"ember579\" class=\"ember-view reader-text-block__paragraph\">Die Bef\u00fcrworter der freien Bewegung spielen heute Feuerwehrleute und rufen angesichts der Volksinitiative nach \u00abChaos\u00bb, vergessen dabei aber allzu schnell <strong>Wer sind die Brandstifter, die seit 25 Jahren unser nationales Zusammengeh\u00f6rigkeitsgef\u00fchl in Brand setzen<\/strong>. Ihr \u00abChaos\u00bb ist nur eine Vogelscheuche, um das von ihnen selbst orchestrierte Desaster zu verschleiern.<\/p>\n<div class=\"reader-image-block reader-image-block--full-width\">\n<figure class=\"reader-image-block__figure\">\n<div class=\"ivm-image-view-model    reader-image-block__img-container\">\n<div class=\"ivm-view-attr__img-wrapper\"><img decoding=\"async\" id=\"ember580\" class=\"ivm-view-attr__img--centered  reader-image-block__img evi-image lazy-image ember-view\" src=\"https:\/\/media.licdn.com\/dms\/image\/v2\/D4E12AQHw4hTnyKHT7Q\/article-inline_image-shrink_1000_1488\/B4EZ2te9amGYAQ-\/0\/1776732067908?e=1778716800&amp;v=beta&amp;t=-IhqnZMinSjDfdnK2_ytAtF2Z03lnHlvpq55QnHYdFI\" alt=\"Inhalt des Artikels\" \/><\/div>\n<\/div><figcaption class=\"reader-image-block__figure-image-caption display-block full-width text-body-small-open t-sans text-align-center t-black--light\">Ihr \u00abChaos\u00bb ist nur eine Vogelscheuche, die die Katastrophe verdeckt, die sie geschaffen haben. Am 14. Juni stimmen Sie f\u00fcr die wirkliche Schweiz.<\/figcaption><\/figure>\n<\/div>\n<h3 id=\"ember581\" class=\"ember-view reader-text-block__heading-3\">Schlussfolgerung: Die Wahl eines Schicksals, nicht eines Niedergangs<\/h3>\n<p id=\"ember582\" class=\"ember-view reader-text-block__paragraph\">Angesichts dieser unerbittlichen Anklage sind die pers\u00f6nlichen Angriffe einer abgehobenen Presse nur Ablenkungsman\u00f6ver. Ariane Dayer und die Bef\u00fcrworter des Status quo m\u00f6gen versuchen, die Verteidiger unserer Heimat zu diskreditieren, sie werden die von den Schweizern erlebte Realit\u00e4t nicht ausl\u00f6schen k\u00f6nnen. Jeder \u00fcberf\u00fcllte Zug, jede h\u00f6here Steuerrechnung und jedes sich ver\u00e4ndernde Quartier erinnert an die Dringlichkeit.<\/p>\n<p id=\"ember583\" class=\"ember-view reader-text-block__paragraph\">Die <strong>14. Juni 2026<\/strong>, wird das Schweizer Volk nicht \u00fcber ein Freiburger Dorf abstimmen, weder um den Redaktionen in Lausanne zu gefallen. Es wird abstimmen, um die Schl\u00fcssel zu seinem Haus zur\u00fcckzubekommen.<\/p>\n<p id=\"ember584\" class=\"ember-view reader-text-block__paragraph\">Die Initiative ergreifen <strong>\u00abKeine 10-Millionen-Schweiz!\u00bb<\/strong>, Das ist eine Weigerung, ein austauschbarer und seelenloser Freihandelszone zu werden. Es ist eine Forderung, dass unser soziales System wieder ein Bollwerk f\u00fcr unsere eigenen Leute wird und nicht ein finanzieller Reichtum, der an den erstbesten verteilt wird. Die Schweiz geh\u00f6rt denen, die sie lieben, die sie respektieren und die bereit sind, ihre christlichen Wurzeln und ihre Freiheit gegen den von den Euro-Fanatikern geplanten Untergang zu verteidigen.<\/p>\n<h3 id=\"ember585\" class=\"ember-view reader-text-block__heading-3\">Es ist Zeit, der Schweiz ihre Zukunft zur\u00fcckzugeben. Am 14. Juni, retten wir unser Vaterland.<\/h3>\n<h3 id=\"ember587\" class=\"ember-view reader-text-block__heading-3\">Angesichts der Verachtung der Eliten lassen wir die Stimme des wirklichen Schweizer Volkes erklingen. Liken, reposten und verbreiten Sie diese Botschaft \u00fcberall: Die Zukunft unserer Heimat h\u00e4ngt davon ab!<\/h3>","protected":false},"excerpt":{"rendered":"<p>\u00ab La fin de la Suisse n\u2019est plus un sc\u00e9nario, c\u2019est un calendrier. \u00bb Entre le m\u00e9pris affich\u00e9 des \u00e9lites m\u00e9diatiques et le d\u00e9ni schizophr\u00e8ne des chiffres, le bilan de 25 ans de libre circulation est un champ de ruines. Derri\u00e8re les attaques d&rsquo;Ariane Dayer contre Nicolas Kolly se cache une guerre contre notre h\u00e9ritage. [&hellip;]<\/p>\n","protected":false},"author":2,"featured_media":1079,"comment_status":"closed","ping_status":"closed","sticky":false,"template":"","format":"standard","meta":{"footnotes":""},"categories":[8,11],"tags":[],"class_list":["post-1078","post","type-post","status-publish","format-standard","has-post-thumbnail","hentry","category-politique-interieure","category-ue"],"yoast_head":"<!-- This site is optimized with the Yoast SEO plugin v26.9 - https:\/\/yoast.com\/product\/yoast-seo-wordpress\/ -->\n<title>\ud83c\udde8\ud83c\udded Banc Public ou Tribunal d&#039;Inquisition ? L&#039;ind\u00e9cence m\u00e9diatique face \u00e0 la survie de la Suisse - Mouvement Souverainet\u00e9 Suisse<\/title>\n<meta name=\"description\" content=\"Critique du traitement m\u00e9diatique de Nicolas Kolly dans Banc Public, d\u00e9nonciation du m\u00e9pris du terroir et plaidoyer pour l\u2019initiative \u00ab Pas de Suisse \u00e0 10 millions ! \u00bb avant la votation du 14 juin 2026\" \/>\n<meta name=\"robots\" content=\"index, follow, max-snippet:-1, max-image-preview:large, max-video-preview:-1\" \/>\n<link rel=\"canonical\" href=\"https:\/\/souverainete-suisse.ch\/de\/2026\/04\/offentliche-bank-oder-inquisition-mediale-unanstandigkeit-angesichts-des-uberlebens-der-schweiz\/\" \/>\n<meta property=\"og:locale\" content=\"de_DE\" \/>\n<meta property=\"og:type\" content=\"article\" \/>\n<meta property=\"og:title\" content=\"\ud83c\udde8\ud83c\udded Banc Public ou Tribunal d&#039;Inquisition ? L&#039;ind\u00e9cence m\u00e9diatique face \u00e0 la survie de la Suisse - Mouvement Souverainet\u00e9 Suisse\" \/>\n<meta property=\"og:description\" content=\"Critique du traitement m\u00e9diatique de Nicolas Kolly dans Banc Public, d\u00e9nonciation du m\u00e9pris du terroir et plaidoyer pour l\u2019initiative \u00ab Pas de Suisse \u00e0 10 millions ! \u00bb avant la votation du 14 juin 2026\" \/>\n<meta property=\"og:url\" content=\"https:\/\/souverainete-suisse.ch\/de\/2026\/04\/offentliche-bank-oder-inquisition-mediale-unanstandigkeit-angesichts-des-uberlebens-der-schweiz\/\" \/>\n<meta property=\"og:site_name\" content=\"Mouvement Souverainet\u00e9 Suisse\" \/>\n<meta property=\"article:published_time\" content=\"2026-04-23T11:33:39+00:00\" \/>\n<meta property=\"article:modified_time\" content=\"2026-04-28T12:44:30+00:00\" \/>\n<meta property=\"og:image\" content=\"https:\/\/souverainete-suisse.ch\/wp-content\/uploads\/2026\/04\/Kolly2.jpg\" \/>\n\t<meta property=\"og:image:width\" content=\"1602\" \/>\n\t<meta property=\"og:image:height\" content=\"900\" \/>\n\t<meta property=\"og:image:type\" content=\"image\/jpeg\" \/>\n<meta name=\"author\" content=\"ludom\" \/>\n<meta name=\"twitter:card\" content=\"summary_large_image\" \/>\n<meta name=\"twitter:label1\" content=\"Verfasst von\" \/>\n\t<meta name=\"twitter:data1\" content=\"ludom\" \/>\n\t<meta name=\"twitter:label2\" content=\"Gesch\u00e4tzte Lesezeit\" \/>\n\t<meta name=\"twitter:data2\" content=\"7\u00a0Minuten\" \/>\n<script type=\"application\/ld+json\" class=\"yoast-schema-graph\">{\"@context\":\"https:\/\/schema.org\",\"@graph\":[{\"@type\":\"Article\",\"@id\":\"https:\/\/souverainete-suisse.ch\/2026\/04\/banc-public-ou-tribunal-dinquisition-lindecence-mediatique-face-a-la-survie-de-la-suisse\/#article\",\"isPartOf\":{\"@id\":\"https:\/\/souverainete-suisse.ch\/2026\/04\/banc-public-ou-tribunal-dinquisition-lindecence-mediatique-face-a-la-survie-de-la-suisse\/\"},\"author\":{\"name\":\"ludom\",\"@id\":\"https:\/\/souverainete-suisse.ch\/#\/schema\/person\/b25acb547faec24a94d7215216d68cbf\"},\"headline\":\"\ud83c\udde8\ud83c\udded Banc Public ou Tribunal d&rsquo;Inquisition ? L&rsquo;ind\u00e9cence m\u00e9diatique face \u00e0 la survie de la Suisse\",\"datePublished\":\"2026-04-23T11:33:39+00:00\",\"dateModified\":\"2026-04-28T12:44:30+00:00\",\"mainEntityOfPage\":{\"@id\":\"https:\/\/souverainete-suisse.ch\/2026\/04\/banc-public-ou-tribunal-dinquisition-lindecence-mediatique-face-a-la-survie-de-la-suisse\/\"},\"wordCount\":1272,\"publisher\":{\"@id\":\"https:\/\/souverainete-suisse.ch\/#organization\"},\"image\":{\"@id\":\"https:\/\/souverainete-suisse.ch\/2026\/04\/banc-public-ou-tribunal-dinquisition-lindecence-mediatique-face-a-la-survie-de-la-suisse\/#primaryimage\"},\"thumbnailUrl\":\"https:\/\/souverainete-suisse.ch\/wp-content\/uploads\/2026\/04\/Kolly2.jpg\",\"articleSection\":[\"Politique int\u00e9rieure\",\"UE\"],\"inLanguage\":\"de\"},{\"@type\":\"WebPage\",\"@id\":\"https:\/\/souverainete-suisse.ch\/2026\/04\/banc-public-ou-tribunal-dinquisition-lindecence-mediatique-face-a-la-survie-de-la-suisse\/\",\"url\":\"https:\/\/souverainete-suisse.ch\/2026\/04\/banc-public-ou-tribunal-dinquisition-lindecence-mediatique-face-a-la-survie-de-la-suisse\/\",\"name\":\"\ud83c\udde8\ud83c\udded Banc Public ou Tribunal d'Inquisition ? L'ind\u00e9cence m\u00e9diatique face \u00e0 la survie de la Suisse - Mouvement Souverainet\u00e9 Suisse\",\"isPartOf\":{\"@id\":\"https:\/\/souverainete-suisse.ch\/#website\"},\"primaryImageOfPage\":{\"@id\":\"https:\/\/souverainete-suisse.ch\/2026\/04\/banc-public-ou-tribunal-dinquisition-lindecence-mediatique-face-a-la-survie-de-la-suisse\/#primaryimage\"},\"image\":{\"@id\":\"https:\/\/souverainete-suisse.ch\/2026\/04\/banc-public-ou-tribunal-dinquisition-lindecence-mediatique-face-a-la-survie-de-la-suisse\/#primaryimage\"},\"thumbnailUrl\":\"https:\/\/souverainete-suisse.ch\/wp-content\/uploads\/2026\/04\/Kolly2.jpg\",\"datePublished\":\"2026-04-23T11:33:39+00:00\",\"dateModified\":\"2026-04-28T12:44:30+00:00\",\"description\":\"Critique du traitement m\u00e9diatique de Nicolas Kolly dans Banc Public, d\u00e9nonciation du m\u00e9pris du terroir et plaidoyer pour l\u2019initiative \u00ab Pas de Suisse \u00e0 10 millions ! \u00bb avant la votation du 14 juin 2026\",\"breadcrumb\":{\"@id\":\"https:\/\/souverainete-suisse.ch\/2026\/04\/banc-public-ou-tribunal-dinquisition-lindecence-mediatique-face-a-la-survie-de-la-suisse\/#breadcrumb\"},\"inLanguage\":\"de\",\"potentialAction\":[{\"@type\":\"ReadAction\",\"target\":[\"https:\/\/souverainete-suisse.ch\/2026\/04\/banc-public-ou-tribunal-dinquisition-lindecence-mediatique-face-a-la-survie-de-la-suisse\/\"]}]},{\"@type\":\"ImageObject\",\"inLanguage\":\"de\",\"@id\":\"https:\/\/souverainete-suisse.ch\/2026\/04\/banc-public-ou-tribunal-dinquisition-lindecence-mediatique-face-a-la-survie-de-la-suisse\/#primaryimage\",\"url\":\"https:\/\/souverainete-suisse.ch\/wp-content\/uploads\/2026\/04\/Kolly2.jpg\",\"contentUrl\":\"https:\/\/souverainete-suisse.ch\/wp-content\/uploads\/2026\/04\/Kolly2.jpg\",\"width\":1602,\"height\":900,\"caption\":\"Screenshot\"},{\"@type\":\"BreadcrumbList\",\"@id\":\"https:\/\/souverainete-suisse.ch\/2026\/04\/banc-public-ou-tribunal-dinquisition-lindecence-mediatique-face-a-la-survie-de-la-suisse\/#breadcrumb\",\"itemListElement\":[{\"@type\":\"ListItem\",\"position\":1,\"name\":\"Accueil\",\"item\":\"https:\/\/souverainete-suisse.ch\/\"},{\"@type\":\"ListItem\",\"position\":2,\"name\":\"\ud83c\udde8\ud83c\udded Banc Public ou Tribunal d&#8217;Inquisition ? L&#8217;ind\u00e9cence m\u00e9diatique face \u00e0 la survie de la Suisse\"}]},{\"@type\":\"WebSite\",\"@id\":\"https:\/\/souverainete-suisse.ch\/#website\",\"url\":\"https:\/\/souverainete-suisse.ch\/\",\"name\":\"Mouvement Souverainet\u00e9 Suisse\",\"description\":\"\",\"publisher\":{\"@id\":\"https:\/\/souverainete-suisse.ch\/#organization\"},\"potentialAction\":[{\"@type\":\"SearchAction\",\"target\":{\"@type\":\"EntryPoint\",\"urlTemplate\":\"https:\/\/souverainete-suisse.ch\/?s={search_term_string}\"},\"query-input\":{\"@type\":\"PropertyValueSpecification\",\"valueRequired\":true,\"valueName\":\"search_term_string\"}}],\"inLanguage\":\"de\"},{\"@type\":\"Organization\",\"@id\":\"https:\/\/souverainete-suisse.ch\/#organization\",\"name\":\"Mouvement Souverainet\u00e9 Suisse\",\"url\":\"https:\/\/souverainete-suisse.ch\/\",\"logo\":{\"@type\":\"ImageObject\",\"inLanguage\":\"de\",\"@id\":\"https:\/\/souverainete-suisse.ch\/#\/schema\/logo\/image\/\",\"url\":\"https:\/\/souverainete-suisse.ch\/wp-content\/uploads\/2025\/11\/logo.png\",\"contentUrl\":\"https:\/\/souverainete-suisse.ch\/wp-content\/uploads\/2025\/11\/logo.png\",\"width\":2053,\"height\":1461,\"caption\":\"Mouvement Souverainet\u00e9 Suisse\"},\"image\":{\"@id\":\"https:\/\/souverainete-suisse.ch\/#\/schema\/logo\/image\/\"}},{\"@type\":\"Person\",\"@id\":\"https:\/\/souverainete-suisse.ch\/#\/schema\/person\/b25acb547faec24a94d7215216d68cbf\",\"name\":\"ludom\",\"image\":{\"@type\":\"ImageObject\",\"inLanguage\":\"de\",\"@id\":\"https:\/\/souverainete-suisse.ch\/#\/schema\/person\/image\/\",\"url\":\"https:\/\/secure.gravatar.com\/avatar\/77b40fd8e49e537abcea7487b290688ce92143c3443b1d3f419149c67282ffb4?s=96&d=mm&r=g\",\"contentUrl\":\"https:\/\/secure.gravatar.com\/avatar\/77b40fd8e49e537abcea7487b290688ce92143c3443b1d3f419149c67282ffb4?s=96&d=mm&r=g\",\"caption\":\"ludom\"},\"url\":\"http:\/\/souverainete-suisse.ch\/de\/author\/ludom\/\"}]}<\/script>\n<!-- \/ Yoast SEO plugin. -->","yoast_head_json":{"title":"\ud83c\udde8\ud83c\udded Banc Public ou Tribunal d'Inquisition ? L'ind\u00e9cence m\u00e9diatique face \u00e0 la survie de la Suisse - Mouvement Souverainet\u00e9 Suisse","description":"Kritik an der medialen Behandlung von Nicolas Kolly in Banc Public, Anprangerung der Verachtung f\u00fcr das \u00abTerroir\u00bb und ein Pl\u00e4doyer f\u00fcr die Initiative \u201eKeine Schweiz f\u00fcr 10 Millionen!\u201c vor der Abstimmung am 14. Juni 2026","robots":{"index":"index","follow":"follow","max-snippet":"max-snippet:-1","max-image-preview":"max-image-preview:large","max-video-preview":"max-video-preview:-1"},"canonical":"https:\/\/souverainete-suisse.ch\/de\/2026\/04\/offentliche-bank-oder-inquisition-mediale-unanstandigkeit-angesichts-des-uberlebens-der-schweiz\/","og_locale":"de_DE","og_type":"article","og_title":"\ud83c\udde8\ud83c\udded Banc Public ou Tribunal d'Inquisition ? L'ind\u00e9cence m\u00e9diatique face \u00e0 la survie de la Suisse - Mouvement Souverainet\u00e9 Suisse","og_description":"Critique du traitement m\u00e9diatique de Nicolas Kolly dans Banc Public, d\u00e9nonciation du m\u00e9pris du terroir et plaidoyer pour l\u2019initiative \u00ab Pas de Suisse \u00e0 10 millions ! \u00bb avant la votation du 14 juin 2026","og_url":"https:\/\/souverainete-suisse.ch\/de\/2026\/04\/offentliche-bank-oder-inquisition-mediale-unanstandigkeit-angesichts-des-uberlebens-der-schweiz\/","og_site_name":"Mouvement Souverainet\u00e9 Suisse","article_published_time":"2026-04-23T11:33:39+00:00","article_modified_time":"2026-04-28T12:44:30+00:00","og_image":[{"width":1602,"height":900,"url":"https:\/\/souverainete-suisse.ch\/wp-content\/uploads\/2026\/04\/Kolly2.jpg","type":"image\/jpeg"}],"author":"ludom","twitter_card":"summary_large_image","twitter_misc":{"Verfasst von":"ludom","Gesch\u00e4tzte Lesezeit":"7\u00a0Minuten"},"schema":{"@context":"https:\/\/schema.org","@graph":[{"@type":"Article","@id":"https:\/\/souverainete-suisse.ch\/2026\/04\/banc-public-ou-tribunal-dinquisition-lindecence-mediatique-face-a-la-survie-de-la-suisse\/#article","isPartOf":{"@id":"https:\/\/souverainete-suisse.ch\/2026\/04\/banc-public-ou-tribunal-dinquisition-lindecence-mediatique-face-a-la-survie-de-la-suisse\/"},"author":{"name":"ludom","@id":"https:\/\/souverainete-suisse.ch\/#\/schema\/person\/b25acb547faec24a94d7215216d68cbf"},"headline":"\ud83c\udde8\ud83c\udded Banc Public ou Tribunal d&rsquo;Inquisition ? L&rsquo;ind\u00e9cence m\u00e9diatique face \u00e0 la survie de la Suisse","datePublished":"2026-04-23T11:33:39+00:00","dateModified":"2026-04-28T12:44:30+00:00","mainEntityOfPage":{"@id":"https:\/\/souverainete-suisse.ch\/2026\/04\/banc-public-ou-tribunal-dinquisition-lindecence-mediatique-face-a-la-survie-de-la-suisse\/"},"wordCount":1272,"publisher":{"@id":"https:\/\/souverainete-suisse.ch\/#organization"},"image":{"@id":"https:\/\/souverainete-suisse.ch\/2026\/04\/banc-public-ou-tribunal-dinquisition-lindecence-mediatique-face-a-la-survie-de-la-suisse\/#primaryimage"},"thumbnailUrl":"https:\/\/souverainete-suisse.ch\/wp-content\/uploads\/2026\/04\/Kolly2.jpg","articleSection":["Politique int\u00e9rieure","UE"],"inLanguage":"de"},{"@type":"WebPage","@id":"https:\/\/souverainete-suisse.ch\/2026\/04\/banc-public-ou-tribunal-dinquisition-lindecence-mediatique-face-a-la-survie-de-la-suisse\/","url":"https:\/\/souverainete-suisse.ch\/2026\/04\/banc-public-ou-tribunal-dinquisition-lindecence-mediatique-face-a-la-survie-de-la-suisse\/","name":"\ud83c\udde8\ud83c\udded Banc Public ou Tribunal d'Inquisition ? L'ind\u00e9cence m\u00e9diatique face \u00e0 la survie de la Suisse - Mouvement Souverainet\u00e9 Suisse","isPartOf":{"@id":"https:\/\/souverainete-suisse.ch\/#website"},"primaryImageOfPage":{"@id":"https:\/\/souverainete-suisse.ch\/2026\/04\/banc-public-ou-tribunal-dinquisition-lindecence-mediatique-face-a-la-survie-de-la-suisse\/#primaryimage"},"image":{"@id":"https:\/\/souverainete-suisse.ch\/2026\/04\/banc-public-ou-tribunal-dinquisition-lindecence-mediatique-face-a-la-survie-de-la-suisse\/#primaryimage"},"thumbnailUrl":"https:\/\/souverainete-suisse.ch\/wp-content\/uploads\/2026\/04\/Kolly2.jpg","datePublished":"2026-04-23T11:33:39+00:00","dateModified":"2026-04-28T12:44:30+00:00","description":"Kritik an der medialen Behandlung von Nicolas Kolly in Banc Public, Anprangerung der Verachtung f\u00fcr das \u00abTerroir\u00bb und ein Pl\u00e4doyer f\u00fcr die Initiative \u201eKeine Schweiz f\u00fcr 10 Millionen!\u201c vor der Abstimmung am 14. Juni 2026","breadcrumb":{"@id":"https:\/\/souverainete-suisse.ch\/2026\/04\/banc-public-ou-tribunal-dinquisition-lindecence-mediatique-face-a-la-survie-de-la-suisse\/#breadcrumb"},"inLanguage":"de","potentialAction":[{"@type":"ReadAction","target":["https:\/\/souverainete-suisse.ch\/2026\/04\/banc-public-ou-tribunal-dinquisition-lindecence-mediatique-face-a-la-survie-de-la-suisse\/"]}]},{"@type":"ImageObject","inLanguage":"de","@id":"https:\/\/souverainete-suisse.ch\/2026\/04\/banc-public-ou-tribunal-dinquisition-lindecence-mediatique-face-a-la-survie-de-la-suisse\/#primaryimage","url":"https:\/\/souverainete-suisse.ch\/wp-content\/uploads\/2026\/04\/Kolly2.jpg","contentUrl":"https:\/\/souverainete-suisse.ch\/wp-content\/uploads\/2026\/04\/Kolly2.jpg","width":1602,"height":900,"caption":"Screenshot"},{"@type":"BreadcrumbList","@id":"https:\/\/souverainete-suisse.ch\/2026\/04\/banc-public-ou-tribunal-dinquisition-lindecence-mediatique-face-a-la-survie-de-la-suisse\/#breadcrumb","itemListElement":[{"@type":"ListItem","position":1,"name":"Accueil","item":"https:\/\/souverainete-suisse.ch\/"},{"@type":"ListItem","position":2,"name":"\ud83c\udde8\ud83c\udded Banc Public ou Tribunal d&#8217;Inquisition ? L&#8217;ind\u00e9cence m\u00e9diatique face \u00e0 la survie de la Suisse"}]},{"@type":"WebSite","@id":"https:\/\/souverainete-suisse.ch\/#website","url":"https:\/\/souverainete-suisse.ch\/","name":"Bewegung Souver\u00e4ne Schweiz","description":"","publisher":{"@id":"https:\/\/souverainete-suisse.ch\/#organization"},"potentialAction":[{"@type":"SearchAction","target":{"@type":"EntryPoint","urlTemplate":"https:\/\/souverainete-suisse.ch\/?s={search_term_string}"},"query-input":{"@type":"PropertyValueSpecification","valueRequired":true,"valueName":"search_term_string"}}],"inLanguage":"de"},{"@type":"Organization","@id":"https:\/\/souverainete-suisse.ch\/#organization","name":"Bewegung Souver\u00e4ne Schweiz","url":"https:\/\/souverainete-suisse.ch\/","logo":{"@type":"ImageObject","inLanguage":"de","@id":"https:\/\/souverainete-suisse.ch\/#\/schema\/logo\/image\/","url":"https:\/\/souverainete-suisse.ch\/wp-content\/uploads\/2025\/11\/logo.png","contentUrl":"https:\/\/souverainete-suisse.ch\/wp-content\/uploads\/2025\/11\/logo.png","width":2053,"height":1461,"caption":"Mouvement Souverainet\u00e9 Suisse"},"image":{"@id":"https:\/\/souverainete-suisse.ch\/#\/schema\/logo\/image\/"}},{"@type":"Person","@id":"https:\/\/souverainete-suisse.ch\/#\/schema\/person\/b25acb547faec24a94d7215216d68cbf","name":"ludom","image":{"@type":"ImageObject","inLanguage":"de","@id":"https:\/\/souverainete-suisse.ch\/#\/schema\/person\/image\/","url":"https:\/\/secure.gravatar.com\/avatar\/77b40fd8e49e537abcea7487b290688ce92143c3443b1d3f419149c67282ffb4?s=96&d=mm&r=g","contentUrl":"https:\/\/secure.gravatar.com\/avatar\/77b40fd8e49e537abcea7487b290688ce92143c3443b1d3f419149c67282ffb4?s=96&d=mm&r=g","caption":"ludom"},"url":"http:\/\/souverainete-suisse.ch\/de\/author\/ludom\/"}]}},"_links":{"self":[{"href":"http:\/\/souverainete-suisse.ch\/de\/wp-json\/wp\/v2\/posts\/1078","targetHints":{"allow":["GET"]}}],"collection":[{"href":"http:\/\/souverainete-suisse.ch\/de\/wp-json\/wp\/v2\/posts"}],"about":[{"href":"http:\/\/souverainete-suisse.ch\/de\/wp-json\/wp\/v2\/types\/post"}],"author":[{"embeddable":true,"href":"http:\/\/souverainete-suisse.ch\/de\/wp-json\/wp\/v2\/users\/2"}],"replies":[{"embeddable":true,"href":"http:\/\/souverainete-suisse.ch\/de\/wp-json\/wp\/v2\/comments?post=1078"}],"version-history":[{"count":2,"href":"http:\/\/souverainete-suisse.ch\/de\/wp-json\/wp\/v2\/posts\/1078\/revisions"}],"predecessor-version":[{"id":1125,"href":"http:\/\/souverainete-suisse.ch\/de\/wp-json\/wp\/v2\/posts\/1078\/revisions\/1125"}],"wp:featuredmedia":[{"embeddable":true,"href":"http:\/\/souverainete-suisse.ch\/de\/wp-json\/wp\/v2\/media\/1079"}],"wp:attachment":[{"href":"http:\/\/souverainete-suisse.ch\/de\/wp-json\/wp\/v2\/media?parent=1078"}],"wp:term":[{"taxonomy":"category","embeddable":true,"href":"http:\/\/souverainete-suisse.ch\/de\/wp-json\/wp\/v2\/categories?post=1078"},{"taxonomy":"post_tag","embeddable":true,"href":"http:\/\/souverainete-suisse.ch\/de\/wp-json\/wp\/v2\/tags?post=1078"}],"curies":[{"name":"wp","href":"https:\/\/api.w.org\/{rel}","templated":true}]}}